{"id":51661,"date":"2024-09-10T12:37:32","date_gmt":"2024-09-10T12:37:32","guid":{"rendered":"https:\/\/laredlarioja.com.ar\/sitio\/?p=51661"},"modified":"2024-09-11T21:20:37","modified_gmt":"2024-09-11T21:20:37","slug":"prorrogan-por-seis-anos-el-adicional-jubilatorio-provincial","status":"publish","type":"post","link":"https:\/\/laredlarioja.com.ar\/sitio\/prorrogan-por-seis-anos-el-adicional-jubilatorio-provincial\/","title":{"rendered":"Prorrogan el adicional jubilatorio provincial y hay 2.474 personas en condiciones de jubilarse"},"content":{"rendered":"<p>El jueves pasado, la C\u00e1mara de Diputados de La Rioja prorrog\u00f3 por un a\u00f1o la vigencia de la Ley N\u00b0 10.291, creada en agosto de 2020, y que establece el Adicional Jubilatorio Provincial. Este adicional es equivalente al beneficio otorgado por el Decreto N\u00b0 880\/07, conocido com\u00fanmente como \u00abQuincenita\u00bb, y est\u00e1 destinado a los empleados p\u00fablicos de las tres funciones del Estado: Legislativo, Ejecutivo y Judicial, as\u00ed como a los empleados de todos los departamentos de la Provincia.<\/p>\n<p>Sandra Vanni, titular de Gesti\u00f3n Previsional del Gobierno de La Rioja, expres\u00f3, <strong>en La Red<\/strong>,\u00a0 que esta medida <strong>\u00abrepresenta un alivio y una continuidad en los derechos de los trabajadores del Estado que se jubilan\u00bb<\/strong>, y destac\u00f3 la importancia de mantener este beneficio como parte de las pol\u00edticas de bienestar social. <strong>\u00abEs una gran noticia para aquellos empleados de la administraci\u00f3n p\u00fablica que se encontraban preocupados por la caducidad del adicional\u00bb<\/strong>, afirm\u00f3 Vanni.<\/p>\n<p>La funcionaria explic\u00f3 que el proyecto fue enviado por el Ejecutivo provincial a la Legislatura porque \u00ab<strong>el gobernador tom\u00f3 esta decisi\u00f3n pensando en garantizar el acompa\u00f1amiento de los empleados p\u00fablicos en su etapa jubilatoria, permitiendo que puedan mantener un nivel de ingresos digno despu\u00e9s de toda una vida de trabajo\u00bb.<\/strong><\/p>\n<p>En relaci\u00f3n con la pr\u00f3rroga, Vanni precis\u00f3 que el plazo ser\u00e1 de seis a\u00f1os, equivalente a 72 meses. <strong>\u00abEsto significa que tanto aquellos que inicien su tr\u00e1mite jubilatorio como los que ya se han acogido al beneficio continuar\u00e1n percibi\u00e9ndolo por el mismo periodo<\/strong>, lo que otorga previsibilidad y seguridad a los beneficiarios\u00bb, destac\u00f3. Para quienes ya se acogieron al adicional, el plazo comenzar\u00e1 a contarse desde el momento de su jubilaci\u00f3n.<\/p>\n<p>Adem\u00e1s, Vanni detall\u00f3 que, hasta el momento, <strong>\u00abhay 2.474 personas que cumplen con los requisitos necesarios, que incluyen la edad y los a\u00f1os de aportes establecidos por la Ley N\u00b0 24.241\u00bb<\/strong>, que regula la jubilaci\u00f3n ordinaria. \u00abEste adicional se aplicar\u00e1 a todos los empleados que hayan estado percibiendo la &#8216;Quincenita&#8217; como personal activo del Estado\u00bb, aclar\u00f3 la funcionaria.<\/p>\n<p>En cuanto a los beneficiarios, Vanni record\u00f3 que este adicional abarca a \u00ablos empleados de la Administraci\u00f3n P\u00fablica Central, la Legislatura y la Funci\u00f3n Judicial, siempre que no pertenezcan a reg\u00edmenes especiales, como los magistrados y funcionarios judiciales. Tambi\u00e9n alcanza a los empleados municipales y de los consejos deliberantes de cada departamento\u00bb.<\/p>\n<p>Vanni resalt\u00f3 la relevancia de la financiaci\u00f3n del adicional, que ser\u00e1 cubierta \u00edntegramente por el Tesoro Provincial. \u00abEsta medida asegura que los jubilados de la administraci\u00f3n p\u00fablica contin\u00faen recibiendo este complemento, lo cual es crucial en un contexto econ\u00f3mico dif\u00edcil\u00bb, se\u00f1al\u00f3.<\/p>\n","protected":false},"excerpt":{"rendered":"<p>El jueves pasado, la C\u00e1mara de Diputados de La Rioja prorrog\u00f3 por un a\u00f1o la vigencia de la<\/p>\n","protected":false},"author":8,"featured_media":51662,"comment_status":"closed","ping_status":"open","sticky":false,"template":"","format":"standard","meta":{"footnotes":""},"categories":[94],"tags":[84],"class_list":["post-51661","post","type-post","status-publish","format-standard","has-post-thumbnail","hentry","category-locales","tag-secundaria"],"yoast_head":"<!-- This site is optimized with the Yoast SEO plugin v27.4 - https:\/\/yoast.com\/product\/yoast-seo-wordpress\/ -->\n<title>Prorrogan el adicional jubilatorio provincial y hay 2.474 personas en condiciones de jubilarse - LA RED 88.3 LA RIOJA<\/title>\n<meta name=\"robots\" content=\"index, follow, max-snippet:-1, max-image-preview:large, max-video-preview:-1\" \/>\n<link rel=\"canonical\" href=\"https:\/\/laredlarioja.com.ar\/sitio\/prorrogan-por-seis-anos-el-adicional-jubilatorio-provincial\/\" \/>\n<meta property=\"og:locale\" content=\"es_ES\" \/>\n<meta property=\"og:type\" content=\"article\" \/>\n<meta property=\"og:title\" content=\"Prorrogan el adicional jubilatorio provincial y hay 2.474 personas en condiciones de jubilarse - LA RED 88.3 LA RIOJA\" \/>\n<meta property=\"og:description\" content=\"El jueves pasado, la C\u00e1mara de Diputados de La Rioja prorrog\u00f3 por un a\u00f1o la vigencia de la\" \/>\n<meta property=\"og:url\" content=\"https:\/\/laredlarioja.com.ar\/sitio\/prorrogan-por-seis-anos-el-adicional-jubilatorio-provincial\/\" \/>\n<meta property=\"og:site_name\" content=\"LA RED 88.3 LA RIOJA\" \/>\n<meta property=\"article:publisher\" content=\"https:\/\/www.facebook.com\/lared.larioja\" \/>\n<meta property=\"article:published_time\" content=\"2024-09-10T12:37:32+00:00\" \/>\n<meta property=\"article:modified_time\" content=\"2024-09-11T21:20:37+00:00\" \/>\n<meta property=\"og:image\" content=\"https:\/\/laredlarioja.com.ar\/sitio\/wp-content\/uploads\/2024\/09\/67219_1479911158-1200x545_c.jpg\" \/>\n\t<meta property=\"og:image:width\" content=\"1200\" \/>\n\t<meta property=\"og:image:height\" content=\"545\" \/>\n\t<meta property=\"og:image:type\" content=\"image\/jpeg\" \/>\n<meta name=\"author\" content=\"Mart\u00edn Ruarte\" \/>\n<meta name=\"twitter:card\" content=\"summary_large_image\" \/>\n<meta name=\"twitter:creator\" content=\"@laredlarioja1\" \/>\n<meta name=\"twitter:site\" content=\"@laredlarioja1\" \/>\n<meta name=\"twitter:label1\" content=\"Escrito por\" \/>\n\t<meta name=\"twitter:data1\" content=\"Mart\u00edn Ruarte\" \/>\n\t<meta name=\"twitter:label2\" content=\"Tiempo de lectura\" \/>\n\t<meta name=\"twitter:data2\" content=\"2 minutos\" \/>\n<script type=\"application\/ld+json\" class=\"yoast-schema-graph\">{\"@context\":\"https:\\\/\\\/schema.org\",\"@graph\":[{\"@type\":\"Article\",\"@id\":\"https:\\\/\\\/laredlarioja.com.ar\\\/sitio\\\/prorrogan-por-seis-anos-el-adicional-jubilatorio-provincial\\\/#article\",\"isPartOf\":{\"@id\":\"https:\\\/\\\/laredlarioja.com.ar\\\/sitio\\\/prorrogan-por-seis-anos-el-adicional-jubilatorio-provincial\\\/\"},\"author\":{\"name\":\"Mart\u00edn Ruarte\",\"@id\":\"https:\\\/\\\/laredlarioja.com.ar\\\/sitio\\\/#\\\/schema\\\/person\\\/3b1600cc7f8fd3617dc50f96d3503489\"},\"headline\":\"Prorrogan el adicional jubilatorio provincial y hay 2.474 personas en condiciones de jubilarse\",\"datePublished\":\"2024-09-10T12:37:32+00:00\",\"dateModified\":\"2024-09-11T21:20:37+00:00\",\"mainEntityOfPage\":{\"@id\":\"https:\\\/\\\/laredlarioja.com.ar\\\/sitio\\\/prorrogan-por-seis-anos-el-adicional-jubilatorio-provincial\\\/\"},\"wordCount\":463,\"publisher\":{\"@id\":\"https:\\\/\\\/laredlarioja.com.ar\\\/sitio\\\/#organization\"},\"image\":{\"@id\":\"https:\\\/\\\/laredlarioja.com.ar\\\/sitio\\\/prorrogan-por-seis-anos-el-adicional-jubilatorio-provincial\\\/#primaryimage\"},\"thumbnailUrl\":\"https:\\\/\\\/laredlarioja.com.ar\\\/sitio\\\/wp-content\\\/uploads\\\/2024\\\/09\\\/67219_1479911158-1200x545_c.jpg\",\"keywords\":[\"Secundaria\"],\"articleSection\":[\"Locales\"],\"inLanguage\":\"es\"},{\"@type\":\"WebPage\",\"@id\":\"https:\\\/\\\/laredlarioja.com.ar\\\/sitio\\\/prorrogan-por-seis-anos-el-adicional-jubilatorio-provincial\\\/\",\"url\":\"https:\\\/\\\/laredlarioja.com.ar\\\/sitio\\\/prorrogan-por-seis-anos-el-adicional-jubilatorio-provincial\\\/\",\"name\":\"Prorrogan el adicional jubilatorio provincial y hay 2.474 personas en condiciones de jubilarse - LA RED 88.3 LA RIOJA\",\"isPartOf\":{\"@id\":\"https:\\\/\\\/laredlarioja.com.ar\\\/sitio\\\/#website\"},\"primaryImageOfPage\":{\"@id\":\"https:\\\/\\\/laredlarioja.com.ar\\\/sitio\\\/prorrogan-por-seis-anos-el-adicional-jubilatorio-provincial\\\/#primaryimage\"},\"image\":{\"@id\":\"https:\\\/\\\/laredlarioja.com.ar\\\/sitio\\\/prorrogan-por-seis-anos-el-adicional-jubilatorio-provincial\\\/#primaryimage\"},\"thumbnailUrl\":\"https:\\\/\\\/laredlarioja.com.ar\\\/sitio\\\/wp-content\\\/uploads\\\/2024\\\/09\\\/67219_1479911158-1200x545_c.jpg\",\"datePublished\":\"2024-09-10T12:37:32+00:00\",\"dateModified\":\"2024-09-11T21:20:37+00:00\",\"breadcrumb\":{\"@id\":\"https:\\\/\\\/laredlarioja.com.ar\\\/sitio\\\/prorrogan-por-seis-anos-el-adicional-jubilatorio-provincial\\\/#breadcrumb\"},\"inLanguage\":\"es\",\"potentialAction\":[{\"@type\":\"ReadAction\",\"target\":[\"https:\\\/\\\/laredlarioja.com.ar\\\/sitio\\\/prorrogan-por-seis-anos-el-adicional-jubilatorio-provincial\\\/\"]}]},{\"@type\":\"ImageObject\",\"inLanguage\":\"es\",\"@id\":\"https:\\\/\\\/laredlarioja.com.ar\\\/sitio\\\/prorrogan-por-seis-anos-el-adicional-jubilatorio-provincial\\\/#primaryimage\",\"url\":\"https:\\\/\\\/laredlarioja.com.ar\\\/sitio\\\/wp-content\\\/uploads\\\/2024\\\/09\\\/67219_1479911158-1200x545_c.jpg\",\"contentUrl\":\"https:\\\/\\\/laredlarioja.com.ar\\\/sitio\\\/wp-content\\\/uploads\\\/2024\\\/09\\\/67219_1479911158-1200x545_c.jpg\",\"width\":1200,\"height\":545},{\"@type\":\"BreadcrumbList\",\"@id\":\"https:\\\/\\\/laredlarioja.com.ar\\\/sitio\\\/prorrogan-por-seis-anos-el-adicional-jubilatorio-provincial\\\/#breadcrumb\",\"itemListElement\":[{\"@type\":\"ListItem\",\"position\":1,\"name\":\"Portada\",\"item\":\"https:\\\/\\\/laredlarioja.com.ar\\\/sitio\\\/\"},{\"@type\":\"ListItem\",\"position\":2,\"name\":\"Prorrogan el adicional jubilatorio provincial y hay 2.474 personas en condiciones de jubilarse\"}]},{\"@type\":\"WebSite\",\"@id\":\"https:\\\/\\\/laredlarioja.com.ar\\\/sitio\\\/#website\",\"url\":\"https:\\\/\\\/laredlarioja.com.ar\\\/sitio\\\/\",\"name\":\"LA RED 88.3 LA RIOJA\",\"description\":\"Sitio de Noticias\",\"publisher\":{\"@id\":\"https:\\\/\\\/laredlarioja.com.ar\\\/sitio\\\/#organization\"},\"potentialAction\":[{\"@type\":\"SearchAction\",\"target\":{\"@type\":\"EntryPoint\",\"urlTemplate\":\"https:\\\/\\\/laredlarioja.com.ar\\\/sitio\\\/?s={search_term_string}\"},\"query-input\":{\"@type\":\"PropertyValueSpecification\",\"valueRequired\":true,\"valueName\":\"search_term_string\"}}],\"inLanguage\":\"es\"},{\"@type\":\"Organization\",\"@id\":\"https:\\\/\\\/laredlarioja.com.ar\\\/sitio\\\/#organization\",\"name\":\"LA RED 88.3 LA RIOJA\",\"url\":\"https:\\\/\\\/laredlarioja.com.ar\\\/sitio\\\/\",\"logo\":{\"@type\":\"ImageObject\",\"inLanguage\":\"es\",\"@id\":\"https:\\\/\\\/laredlarioja.com.ar\\\/sitio\\\/#\\\/schema\\\/logo\\\/image\\\/\",\"url\":\"https:\\\/\\\/laredlarioja.com.ar\\\/sitio\\\/wp-content\\\/uploads\\\/2025\\\/05\\\/LOGO-LA-RED.png\",\"contentUrl\":\"https:\\\/\\\/laredlarioja.com.ar\\\/sitio\\\/wp-content\\\/uploads\\\/2025\\\/05\\\/LOGO-LA-RED.png\",\"width\":193,\"height\":340,\"caption\":\"LA RED 88.3 LA RIOJA\"},\"image\":{\"@id\":\"https:\\\/\\\/laredlarioja.com.ar\\\/sitio\\\/#\\\/schema\\\/logo\\\/image\\\/\"},\"sameAs\":[\"https:\\\/\\\/www.facebook.com\\\/lared.larioja\",\"https:\\\/\\\/x.com\\\/laredlarioja1\",\"https:\\\/\\\/www.instagram.com\\\/lared_larioja\\\/\"]},{\"@type\":\"Person\",\"@id\":\"https:\\\/\\\/laredlarioja.com.ar\\\/sitio\\\/#\\\/schema\\\/person\\\/3b1600cc7f8fd3617dc50f96d3503489\",\"name\":\"Mart\u00edn Ruarte\",\"url\":\"https:\\\/\\\/laredlarioja.com.ar\\\/sitio\\\/author\\\/mruarte\\\/\"}]}<\/script>\n<!-- \/ Yoast SEO plugin. -->","yoast_head_json":{"title":"Prorrogan el adicional jubilatorio provincial y hay 2.474 personas en condiciones de jubilarse - LA RED 88.3 LA RIOJA","robots":{"index":"index","follow":"follow","max-snippet":"max-snippet:-1","max-image-preview":"max-image-preview:large","max-video-preview":"max-video-preview:-1"},"canonical":"https:\/\/laredlarioja.com.ar\/sitio\/prorrogan-por-seis-anos-el-adicional-jubilatorio-provincial\/","og_locale":"es_ES","og_type":"article","og_title":"Prorrogan el adicional jubilatorio provincial y hay 2.474 personas en condiciones de jubilarse - LA RED 88.3 LA RIOJA","og_description":"El jueves pasado, la C\u00e1mara de Diputados de La Rioja prorrog\u00f3 por un a\u00f1o la vigencia de la","og_url":"https:\/\/laredlarioja.com.ar\/sitio\/prorrogan-por-seis-anos-el-adicional-jubilatorio-provincial\/","og_site_name":"LA RED 88.3 LA RIOJA","article_publisher":"https:\/\/www.facebook.com\/lared.larioja","article_published_time":"2024-09-10T12:37:32+00:00","article_modified_time":"2024-09-11T21:20:37+00:00","og_image":[{"width":1200,"height":545,"url":"https:\/\/laredlarioja.com.ar\/sitio\/wp-content\/uploads\/2024\/09\/67219_1479911158-1200x545_c.jpg","type":"image\/jpeg"}],"author":"Mart\u00edn Ruarte","twitter_card":"summary_large_image","twitter_creator":"@laredlarioja1","twitter_site":"@laredlarioja1","twitter_misc":{"Escrito por":"Mart\u00edn Ruarte","Tiempo de lectura":"2 minutos"},"schema":{"@context":"https:\/\/schema.org","@graph":[{"@type":"Article","@id":"https:\/\/laredlarioja.com.ar\/sitio\/prorrogan-por-seis-anos-el-adicional-jubilatorio-provincial\/#article","isPartOf":{"@id":"https:\/\/laredlarioja.com.ar\/sitio\/prorrogan-por-seis-anos-el-adicional-jubilatorio-provincial\/"},"author":{"name":"Mart\u00edn Ruarte","@id":"https:\/\/laredlarioja.com.ar\/sitio\/#\/schema\/person\/3b1600cc7f8fd3617dc50f96d3503489"},"headline":"Prorrogan el adicional jubilatorio provincial y hay 2.474 personas en condiciones de jubilarse","datePublished":"2024-09-10T12:37:32+00:00","dateModified":"2024-09-11T21:20:37+00:00","mainEntityOfPage":{"@id":"https:\/\/laredlarioja.com.ar\/sitio\/prorrogan-por-seis-anos-el-adicional-jubilatorio-provincial\/"},"wordCount":463,"publisher":{"@id":"https:\/\/laredlarioja.com.ar\/sitio\/#organization"},"image":{"@id":"https:\/\/laredlarioja.com.ar\/sitio\/prorrogan-por-seis-anos-el-adicional-jubilatorio-provincial\/#primaryimage"},"thumbnailUrl":"https:\/\/laredlarioja.com.ar\/sitio\/wp-content\/uploads\/2024\/09\/67219_1479911158-1200x545_c.jpg","keywords":["Secundaria"],"articleSection":["Locales"],"inLanguage":"es"},{"@type":"WebPage","@id":"https:\/\/laredlarioja.com.ar\/sitio\/prorrogan-por-seis-anos-el-adicional-jubilatorio-provincial\/","url":"https:\/\/laredlarioja.com.ar\/sitio\/prorrogan-por-seis-anos-el-adicional-jubilatorio-provincial\/","name":"Prorrogan el adicional jubilatorio provincial y hay 2.474 personas en condiciones de jubilarse - LA RED 88.3 LA RIOJA","isPartOf":{"@id":"https:\/\/laredlarioja.com.ar\/sitio\/#website"},"primaryImageOfPage":{"@id":"https:\/\/laredlarioja.com.ar\/sitio\/prorrogan-por-seis-anos-el-adicional-jubilatorio-provincial\/#primaryimage"},"image":{"@id":"https:\/\/laredlarioja.com.ar\/sitio\/prorrogan-por-seis-anos-el-adicional-jubilatorio-provincial\/#primaryimage"},"thumbnailUrl":"https:\/\/laredlarioja.com.ar\/sitio\/wp-content\/uploads\/2024\/09\/67219_1479911158-1200x545_c.jpg","datePublished":"2024-09-10T12:37:32+00:00","dateModified":"2024-09-11T21:20:37+00:00","breadcrumb":{"@id":"https:\/\/laredlarioja.com.ar\/sitio\/prorrogan-por-seis-anos-el-adicional-jubilatorio-provincial\/#breadcrumb"},"inLanguage":"es","potentialAction":[{"@type":"ReadAction","target":["https:\/\/laredlarioja.com.ar\/sitio\/prorrogan-por-seis-anos-el-adicional-jubilatorio-provincial\/"]}]},{"@type":"ImageObject","inLanguage":"es","@id":"https:\/\/laredlarioja.com.ar\/sitio\/prorrogan-por-seis-anos-el-adicional-jubilatorio-provincial\/#primaryimage","url":"https:\/\/laredlarioja.com.ar\/sitio\/wp-content\/uploads\/2024\/09\/67219_1479911158-1200x545_c.jpg","contentUrl":"https:\/\/laredlarioja.com.ar\/sitio\/wp-content\/uploads\/2024\/09\/67219_1479911158-1200x545_c.jpg","width":1200,"height":545},{"@type":"BreadcrumbList","@id":"https:\/\/laredlarioja.com.ar\/sitio\/prorrogan-por-seis-anos-el-adicional-jubilatorio-provincial\/#breadcrumb","itemListElement":[{"@type":"ListItem","position":1,"name":"Portada","item":"https:\/\/laredlarioja.com.ar\/sitio\/"},{"@type":"ListItem","position":2,"name":"Prorrogan el adicional jubilatorio provincial y hay 2.474 personas en condiciones de jubilarse"}]},{"@type":"WebSite","@id":"https:\/\/laredlarioja.com.ar\/sitio\/#website","url":"https:\/\/laredlarioja.com.ar\/sitio\/","name":"LA RED 88.3 LA RIOJA","description":"Sitio de Noticias","publisher":{"@id":"https:\/\/laredlarioja.com.ar\/sitio\/#organization"},"potentialAction":[{"@type":"SearchAction","target":{"@type":"EntryPoint","urlTemplate":"https:\/\/laredlarioja.com.ar\/sitio\/?s={search_term_string}"},"query-input":{"@type":"PropertyValueSpecification","valueRequired":true,"valueName":"search_term_string"}}],"inLanguage":"es"},{"@type":"Organization","@id":"https:\/\/laredlarioja.com.ar\/sitio\/#organization","name":"LA RED 88.3 LA RIOJA","url":"https:\/\/laredlarioja.com.ar\/sitio\/","logo":{"@type":"ImageObject","inLanguage":"es","@id":"https:\/\/laredlarioja.com.ar\/sitio\/#\/schema\/logo\/image\/","url":"https:\/\/laredlarioja.com.ar\/sitio\/wp-content\/uploads\/2025\/05\/LOGO-LA-RED.png","contentUrl":"https:\/\/laredlarioja.com.ar\/sitio\/wp-content\/uploads\/2025\/05\/LOGO-LA-RED.png","width":193,"height":340,"caption":"LA RED 88.3 LA RIOJA"},"image":{"@id":"https:\/\/laredlarioja.com.ar\/sitio\/#\/schema\/logo\/image\/"},"sameAs":["https:\/\/www.facebook.com\/lared.larioja","https:\/\/x.com\/laredlarioja1","https:\/\/www.instagram.com\/lared_larioja\/"]},{"@type":"Person","@id":"https:\/\/laredlarioja.com.ar\/sitio\/#\/schema\/person\/3b1600cc7f8fd3617dc50f96d3503489","name":"Mart\u00edn Ruarte","url":"https:\/\/laredlarioja.com.ar\/sitio\/author\/mruarte\/"}]}},"featured_image_urls":{"full":["https:\/\/laredlarioja.com.ar\/sitio\/wp-content\/uploads\/2024\/09\/67219_1479911158-1200x545_c.jpg",1200,545,false],"thumbnail":["https:\/\/laredlarioja.com.ar\/sitio\/wp-content\/uploads\/2024\/09\/67219_1479911158-1200x545_c-150x150.jpg",150,150,true],"medium":["https:\/\/laredlarioja.com.ar\/sitio\/wp-content\/uploads\/2024\/09\/67219_1479911158-1200x545_c-300x136.jpg",300,136,true],"medium_large":["https:\/\/laredlarioja.com.ar\/sitio\/wp-content\/uploads\/2024\/09\/67219_1479911158-1200x545_c-768x349.jpg",640,291,true],"large":["https:\/\/laredlarioja.com.ar\/sitio\/wp-content\/uploads\/2024\/09\/67219_1479911158-1200x545_c-1024x465.jpg",640,291,true],"1536x1536":["https:\/\/laredlarioja.com.ar\/sitio\/wp-content\/uploads\/2024\/09\/67219_1479911158-1200x545_c.jpg",1200,545,false],"2048x2048":["https:\/\/laredlarioja.com.ar\/sitio\/wp-content\/uploads\/2024\/09\/67219_1479911158-1200x545_c.jpg",1200,545,false],"cvmm-medium":["https:\/\/laredlarioja.com.ar\/sitio\/wp-content\/uploads\/2024\/09\/67219_1479911158-1200x545_c-300x300.jpg",300,300,true],"cvmm-medium-plus":["https:\/\/laredlarioja.com.ar\/sitio\/wp-content\/uploads\/2024\/09\/67219_1479911158-1200x545_c-305x207.jpg",305,207,true],"cvmm-portrait":["https:\/\/laredlarioja.com.ar\/sitio\/wp-content\/uploads\/2024\/09\/67219_1479911158-1200x545_c-400x545.jpg",400,545,true],"cvmm-medium-square":["https:\/\/laredlarioja.com.ar\/sitio\/wp-content\/uploads\/2024\/09\/67219_1479911158-1200x545_c-600x545.jpg",600,545,true],"cvmm-large":["https:\/\/laredlarioja.com.ar\/sitio\/wp-content\/uploads\/2024\/09\/67219_1479911158-1200x545_c-1024x545.jpg",1024,545,true],"cvmm-small":["https:\/\/laredlarioja.com.ar\/sitio\/wp-content\/uploads\/2024\/09\/67219_1479911158-1200x545_c-130x95.jpg",130,95,true],"morenews-large":["https:\/\/laredlarioja.com.ar\/sitio\/wp-content\/uploads\/2024\/09\/67219_1479911158-1200x545_c-825x545.jpg",825,545,true],"morenews-medium":["https:\/\/laredlarioja.com.ar\/sitio\/wp-content\/uploads\/2024\/09\/67219_1479911158-1200x545_c-590x410.jpg",590,410,true]},"author_info":{"display_name":"Mart\u00edn Ruarte","author_link":"https:\/\/laredlarioja.com.ar\/sitio\/author\/mruarte\/"},"category_info":"<a href=\"https:\/\/laredlarioja.com.ar\/sitio\/categorias\/locales\/\" rel=\"category tag\">Locales<\/a>","tag_info":"Locales","comment_count":"0","blog_post_layout_featured_media_urls":{"thumbnail":["https:\/\/laredlarioja.com.ar\/sitio\/wp-content\/uploads\/2024\/09\/67219_1479911158-1200x545_c-150x150.jpg",150,150,true],"full":["https:\/\/laredlarioja.com.ar\/sitio\/wp-content\/uploads\/2024\/09\/67219_1479911158-1200x545_c.jpg",1200,545,false]},"categories_names":{"94":{"name":"Locales","link":"https:\/\/laredlarioja.com.ar\/sitio\/categorias\/locales\/"}},"tags_names":{"84":{"name":"Secundaria","link":"https:\/\/laredlarioja.com.ar\/sitio\/etiquetas\/secundaria\/"}},"comments_number":"0","wpmagazine_modules_lite_featured_media_urls":{"thumbnail":["https:\/\/laredlarioja.com.ar\/sitio\/wp-content\/uploads\/2024\/09\/67219_1479911158-1200x545_c-150x150.jpg",150,150,true],"cvmm-medium":["https:\/\/laredlarioja.com.ar\/sitio\/wp-content\/uploads\/2024\/09\/67219_1479911158-1200x545_c-300x300.jpg",300,300,true],"cvmm-medium-plus":["https:\/\/laredlarioja.com.ar\/sitio\/wp-content\/uploads\/2024\/09\/67219_1479911158-1200x545_c-305x207.jpg",305,207,true],"cvmm-portrait":["https:\/\/laredlarioja.com.ar\/sitio\/wp-content\/uploads\/2024\/09\/67219_1479911158-1200x545_c-400x545.jpg",400,545,true],"cvmm-medium-square":["https:\/\/laredlarioja.com.ar\/sitio\/wp-content\/uploads\/2024\/09\/67219_1479911158-1200x545_c-600x545.jpg",600,545,true],"cvmm-large":["https:\/\/laredlarioja.com.ar\/sitio\/wp-content\/uploads\/2024\/09\/67219_1479911158-1200x545_c-1024x545.jpg",1024,545,true],"cvmm-small":["https:\/\/laredlarioja.com.ar\/sitio\/wp-content\/uploads\/2024\/09\/67219_1479911158-1200x545_c-130x95.jpg",130,95,true],"full":["https:\/\/laredlarioja.com.ar\/sitio\/wp-content\/uploads\/2024\/09\/67219_1479911158-1200x545_c.jpg",1200,545,false]},"_links":{"self":[{"href":"https:\/\/laredlarioja.com.ar\/sitio\/wp-json\/wp\/v2\/posts\/51661","targetHints":{"allow":["GET"]}}],"collection":[{"href":"https:\/\/laredlarioja.com.ar\/sitio\/wp-json\/wp\/v2\/posts"}],"about":[{"href":"https:\/\/laredlarioja.com.ar\/sitio\/wp-json\/wp\/v2\/types\/post"}],"author":[{"embeddable":true,"href":"https:\/\/laredlarioja.com.ar\/sitio\/wp-json\/wp\/v2\/users\/8"}],"replies":[{"embeddable":true,"href":"https:\/\/laredlarioja.com.ar\/sitio\/wp-json\/wp\/v2\/comments?post=51661"}],"version-history":[{"count":4,"href":"https:\/\/laredlarioja.com.ar\/sitio\/wp-json\/wp\/v2\/posts\/51661\/revisions"}],"predecessor-version":[{"id":51667,"href":"https:\/\/laredlarioja.com.ar\/sitio\/wp-json\/wp\/v2\/posts\/51661\/revisions\/51667"}],"wp:featuredmedia":[{"embeddable":true,"href":"https:\/\/laredlarioja.com.ar\/sitio\/wp-json\/wp\/v2\/media\/51662"}],"wp:attachment":[{"href":"https:\/\/laredlarioja.com.ar\/sitio\/wp-json\/wp\/v2\/media?parent=51661"}],"wp:term":[{"taxonomy":"category","embeddable":true,"href":"https:\/\/laredlarioja.com.ar\/sitio\/wp-json\/wp\/v2\/categories?post=51661"},{"taxonomy":"post_tag","embeddable":true,"href":"https:\/\/laredlarioja.com.ar\/sitio\/wp-json\/wp\/v2\/tags?post=51661"}],"curies":[{"name":"wp","href":"https:\/\/api.w.org\/{rel}","templated":true}]}}