{"id":52450,"date":"2024-09-25T21:44:40","date_gmt":"2024-09-25T21:44:40","guid":{"rendered":"https:\/\/laredlarioja.com.ar\/sitio\/?p=52450"},"modified":"2024-09-27T11:49:20","modified_gmt":"2024-09-27T11:49:20","slug":"se-reactivo-el-incendio-en-la-zona-del-cerro-del-velazco","status":"publish","type":"post","link":"https:\/\/laredlarioja.com.ar\/sitio\/se-reactivo-el-incendio-en-la-zona-del-cerro-del-velazco\/","title":{"rendered":"Se reactiv\u00f3 el incendio en la zona del Cerro del Velasco"},"content":{"rendered":"<p>El incendio forestal m\u00e1s grande de La Rioja se volvi\u00f3 a reactivar este mi\u00e9rcoles. Cabe destacar que el mismo incendio hace un mes se cobr\u00f3 la vida de un piloto Chaque\u00f1o \u00abRoly\u00bb Rasmussen que trabajaba para combatir el desastre.<\/p>\n<p>Si bien a\u00fan no hay informaci\u00f3n oficial desde la zona sur oyentes alertaron sobre la reactivaci\u00f3n del foco del incendio que hace unas semanas estaba contenido. Es preciso resaltar que en el \u00faltimo informe el Cerro El Velasco\u00a0 acumul\u00f3 m\u00e1s de 21.000 hect\u00e1reas quemadas (equivale a una superficie de 3 ciudades de La Rioja).<\/p>\n<p>Seg\u00fan un informe que realiz\u00f3 hace un mes\u00a0 el Comit\u00e9 de Emergencia de La Rioja, el incendio que se afronta la capital\u00a0 \u00abes uno de los mayores incendios en todo el territorio nacional y es tambi\u00e9n el que presenta mayor dificultad t\u00e9cnica para poder trabajar, por las condiciones propias de la monta\u00f1a y las condiciones meteorol\u00f3gicas\u00bb.<\/p>\n<p>En cuanto al despliegue operativo, se estiman disparos desde el avi\u00f3n y helic\u00f3pteros de m\u00e1s de 30 mil litros de agua en puntos t\u00e9cnicos del incendio, que al momento se encuentra activo hacia el suroeste. El \u00faltimo incendio registrado en esa zona data del a\u00f1o 2011 y 2016 con la ca\u00edda de un rayo en punto medio del extremo norte.<\/p>\n<p>&nbsp;<\/p>\n","protected":false},"excerpt":{"rendered":"<p>El incendio forestal m\u00e1s grande de La Rioja se volvi\u00f3 a reactivar este mi\u00e9rcoles. Cabe destacar que el<\/p>\n","protected":false},"author":7,"featured_media":49995,"comment_status":"closed","ping_status":"open","sticky":false,"template":"","format":"standard","meta":{"footnotes":""},"categories":[94],"tags":[],"class_list":["post-52450","post","type-post","status-publish","format-standard","has-post-thumbnail","hentry","category-locales"],"yoast_head":"<!-- This site is optimized with the Yoast SEO plugin v27.4 - https:\/\/yoast.com\/product\/yoast-seo-wordpress\/ -->\n<title>Se reactiv\u00f3 el incendio en la zona del Cerro del Velasco - LA RED 88.3 LA RIOJA<\/title>\n<meta name=\"robots\" content=\"index, follow, max-snippet:-1, max-image-preview:large, max-video-preview:-1\" \/>\n<link rel=\"canonical\" href=\"https:\/\/laredlarioja.com.ar\/sitio\/se-reactivo-el-incendio-en-la-zona-del-cerro-del-velazco\/\" \/>\n<meta property=\"og:locale\" content=\"es_ES\" \/>\n<meta property=\"og:type\" content=\"article\" \/>\n<meta property=\"og:title\" content=\"Se reactiv\u00f3 el incendio en la zona del Cerro del Velasco - LA RED 88.3 LA RIOJA\" \/>\n<meta property=\"og:description\" content=\"El incendio forestal m\u00e1s grande de La Rioja se volvi\u00f3 a reactivar este mi\u00e9rcoles. Cabe destacar que el\" \/>\n<meta property=\"og:url\" content=\"https:\/\/laredlarioja.com.ar\/sitio\/se-reactivo-el-incendio-en-la-zona-del-cerro-del-velazco\/\" \/>\n<meta property=\"og:site_name\" content=\"LA RED 88.3 LA RIOJA\" \/>\n<meta property=\"article:publisher\" content=\"https:\/\/www.facebook.com\/lared.larioja\" \/>\n<meta property=\"article:published_time\" content=\"2024-09-25T21:44:40+00:00\" \/>\n<meta property=\"article:modified_time\" content=\"2024-09-27T11:49:20+00:00\" \/>\n<meta property=\"og:image\" content=\"https:\/\/laredlarioja.com.ar\/sitio\/wp-content\/uploads\/2024\/08\/WhatsApp-Image-2024-08-06-at-16.35.50-scaled.jpeg\" \/>\n\t<meta property=\"og:image:width\" content=\"2560\" \/>\n\t<meta property=\"og:image:height\" content=\"1874\" \/>\n\t<meta property=\"og:image:type\" content=\"image\/jpeg\" \/>\n<meta name=\"author\" content=\"Anabella Soria\" \/>\n<meta name=\"twitter:card\" content=\"summary_large_image\" \/>\n<meta name=\"twitter:creator\" content=\"@laredlarioja1\" \/>\n<meta name=\"twitter:site\" content=\"@laredlarioja1\" \/>\n<meta name=\"twitter:label1\" content=\"Escrito por\" \/>\n\t<meta name=\"twitter:data1\" content=\"Anabella Soria\" \/>\n\t<meta name=\"twitter:label2\" content=\"Tiempo de lectura\" \/>\n\t<meta name=\"twitter:data2\" content=\"2 minutos\" \/>\n<script type=\"application\/ld+json\" class=\"yoast-schema-graph\">{\"@context\":\"https:\\\/\\\/schema.org\",\"@graph\":[{\"@type\":\"Article\",\"@id\":\"https:\\\/\\\/laredlarioja.com.ar\\\/sitio\\\/se-reactivo-el-incendio-en-la-zona-del-cerro-del-velazco\\\/#article\",\"isPartOf\":{\"@id\":\"https:\\\/\\\/laredlarioja.com.ar\\\/sitio\\\/se-reactivo-el-incendio-en-la-zona-del-cerro-del-velazco\\\/\"},\"author\":{\"name\":\"Anabella Soria\",\"@id\":\"https:\\\/\\\/laredlarioja.com.ar\\\/sitio\\\/#\\\/schema\\\/person\\\/31f88059d20c5cf06e974fd895aec56e\"},\"headline\":\"Se reactiv\u00f3 el incendio en la zona del Cerro del Velasco\",\"datePublished\":\"2024-09-25T21:44:40+00:00\",\"dateModified\":\"2024-09-27T11:49:20+00:00\",\"mainEntityOfPage\":{\"@id\":\"https:\\\/\\\/laredlarioja.com.ar\\\/sitio\\\/se-reactivo-el-incendio-en-la-zona-del-cerro-del-velazco\\\/\"},\"wordCount\":235,\"publisher\":{\"@id\":\"https:\\\/\\\/laredlarioja.com.ar\\\/sitio\\\/#organization\"},\"image\":{\"@id\":\"https:\\\/\\\/laredlarioja.com.ar\\\/sitio\\\/se-reactivo-el-incendio-en-la-zona-del-cerro-del-velazco\\\/#primaryimage\"},\"thumbnailUrl\":\"https:\\\/\\\/laredlarioja.com.ar\\\/sitio\\\/wp-content\\\/uploads\\\/2024\\\/08\\\/WhatsApp-Image-2024-08-06-at-16.35.50-scaled.jpeg\",\"articleSection\":[\"Locales\"],\"inLanguage\":\"es\"},{\"@type\":\"WebPage\",\"@id\":\"https:\\\/\\\/laredlarioja.com.ar\\\/sitio\\\/se-reactivo-el-incendio-en-la-zona-del-cerro-del-velazco\\\/\",\"url\":\"https:\\\/\\\/laredlarioja.com.ar\\\/sitio\\\/se-reactivo-el-incendio-en-la-zona-del-cerro-del-velazco\\\/\",\"name\":\"Se reactiv\u00f3 el incendio en la zona del Cerro del Velasco - LA RED 88.3 LA RIOJA\",\"isPartOf\":{\"@id\":\"https:\\\/\\\/laredlarioja.com.ar\\\/sitio\\\/#website\"},\"primaryImageOfPage\":{\"@id\":\"https:\\\/\\\/laredlarioja.com.ar\\\/sitio\\\/se-reactivo-el-incendio-en-la-zona-del-cerro-del-velazco\\\/#primaryimage\"},\"image\":{\"@id\":\"https:\\\/\\\/laredlarioja.com.ar\\\/sitio\\\/se-reactivo-el-incendio-en-la-zona-del-cerro-del-velazco\\\/#primaryimage\"},\"thumbnailUrl\":\"https:\\\/\\\/laredlarioja.com.ar\\\/sitio\\\/wp-content\\\/uploads\\\/2024\\\/08\\\/WhatsApp-Image-2024-08-06-at-16.35.50-scaled.jpeg\",\"datePublished\":\"2024-09-25T21:44:40+00:00\",\"dateModified\":\"2024-09-27T11:49:20+00:00\",\"breadcrumb\":{\"@id\":\"https:\\\/\\\/laredlarioja.com.ar\\\/sitio\\\/se-reactivo-el-incendio-en-la-zona-del-cerro-del-velazco\\\/#breadcrumb\"},\"inLanguage\":\"es\",\"potentialAction\":[{\"@type\":\"ReadAction\",\"target\":[\"https:\\\/\\\/laredlarioja.com.ar\\\/sitio\\\/se-reactivo-el-incendio-en-la-zona-del-cerro-del-velazco\\\/\"]}]},{\"@type\":\"ImageObject\",\"inLanguage\":\"es\",\"@id\":\"https:\\\/\\\/laredlarioja.com.ar\\\/sitio\\\/se-reactivo-el-incendio-en-la-zona-del-cerro-del-velazco\\\/#primaryimage\",\"url\":\"https:\\\/\\\/laredlarioja.com.ar\\\/sitio\\\/wp-content\\\/uploads\\\/2024\\\/08\\\/WhatsApp-Image-2024-08-06-at-16.35.50-scaled.jpeg\",\"contentUrl\":\"https:\\\/\\\/laredlarioja.com.ar\\\/sitio\\\/wp-content\\\/uploads\\\/2024\\\/08\\\/WhatsApp-Image-2024-08-06-at-16.35.50-scaled.jpeg\",\"width\":2560,\"height\":1874},{\"@type\":\"BreadcrumbList\",\"@id\":\"https:\\\/\\\/laredlarioja.com.ar\\\/sitio\\\/se-reactivo-el-incendio-en-la-zona-del-cerro-del-velazco\\\/#breadcrumb\",\"itemListElement\":[{\"@type\":\"ListItem\",\"position\":1,\"name\":\"Portada\",\"item\":\"https:\\\/\\\/laredlarioja.com.ar\\\/sitio\\\/\"},{\"@type\":\"ListItem\",\"position\":2,\"name\":\"Se reactiv\u00f3 el incendio en la zona del Cerro del Velasco\"}]},{\"@type\":\"WebSite\",\"@id\":\"https:\\\/\\\/laredlarioja.com.ar\\\/sitio\\\/#website\",\"url\":\"https:\\\/\\\/laredlarioja.com.ar\\\/sitio\\\/\",\"name\":\"LA RED 88.3 LA RIOJA\",\"description\":\"Sitio de Noticias\",\"publisher\":{\"@id\":\"https:\\\/\\\/laredlarioja.com.ar\\\/sitio\\\/#organization\"},\"potentialAction\":[{\"@type\":\"SearchAction\",\"target\":{\"@type\":\"EntryPoint\",\"urlTemplate\":\"https:\\\/\\\/laredlarioja.com.ar\\\/sitio\\\/?s={search_term_string}\"},\"query-input\":{\"@type\":\"PropertyValueSpecification\",\"valueRequired\":true,\"valueName\":\"search_term_string\"}}],\"inLanguage\":\"es\"},{\"@type\":\"Organization\",\"@id\":\"https:\\\/\\\/laredlarioja.com.ar\\\/sitio\\\/#organization\",\"name\":\"LA RED 88.3 LA RIOJA\",\"url\":\"https:\\\/\\\/laredlarioja.com.ar\\\/sitio\\\/\",\"logo\":{\"@type\":\"ImageObject\",\"inLanguage\":\"es\",\"@id\":\"https:\\\/\\\/laredlarioja.com.ar\\\/sitio\\\/#\\\/schema\\\/logo\\\/image\\\/\",\"url\":\"https:\\\/\\\/laredlarioja.com.ar\\\/sitio\\\/wp-content\\\/uploads\\\/2025\\\/05\\\/LOGO-LA-RED.png\",\"contentUrl\":\"https:\\\/\\\/laredlarioja.com.ar\\\/sitio\\\/wp-content\\\/uploads\\\/2025\\\/05\\\/LOGO-LA-RED.png\",\"width\":193,\"height\":340,\"caption\":\"LA RED 88.3 LA RIOJA\"},\"image\":{\"@id\":\"https:\\\/\\\/laredlarioja.com.ar\\\/sitio\\\/#\\\/schema\\\/logo\\\/image\\\/\"},\"sameAs\":[\"https:\\\/\\\/www.facebook.com\\\/lared.larioja\",\"https:\\\/\\\/x.com\\\/laredlarioja1\",\"https:\\\/\\\/www.instagram.com\\\/lared_larioja\\\/\"]},{\"@type\":\"Person\",\"@id\":\"https:\\\/\\\/laredlarioja.com.ar\\\/sitio\\\/#\\\/schema\\\/person\\\/31f88059d20c5cf06e974fd895aec56e\",\"name\":\"Anabella Soria\",\"url\":\"https:\\\/\\\/laredlarioja.com.ar\\\/sitio\\\/author\\\/asoria\\\/\"}]}<\/script>\n<!-- \/ Yoast SEO plugin. -->","yoast_head_json":{"title":"Se reactiv\u00f3 el incendio en la zona del Cerro del Velasco - LA RED 88.3 LA RIOJA","robots":{"index":"index","follow":"follow","max-snippet":"max-snippet:-1","max-image-preview":"max-image-preview:large","max-video-preview":"max-video-preview:-1"},"canonical":"https:\/\/laredlarioja.com.ar\/sitio\/se-reactivo-el-incendio-en-la-zona-del-cerro-del-velazco\/","og_locale":"es_ES","og_type":"article","og_title":"Se reactiv\u00f3 el incendio en la zona del Cerro del Velasco - LA RED 88.3 LA RIOJA","og_description":"El incendio forestal m\u00e1s grande de La Rioja se volvi\u00f3 a reactivar este mi\u00e9rcoles. Cabe destacar que el","og_url":"https:\/\/laredlarioja.com.ar\/sitio\/se-reactivo-el-incendio-en-la-zona-del-cerro-del-velazco\/","og_site_name":"LA RED 88.3 LA RIOJA","article_publisher":"https:\/\/www.facebook.com\/lared.larioja","article_published_time":"2024-09-25T21:44:40+00:00","article_modified_time":"2024-09-27T11:49:20+00:00","og_image":[{"width":2560,"height":1874,"url":"https:\/\/laredlarioja.com.ar\/sitio\/wp-content\/uploads\/2024\/08\/WhatsApp-Image-2024-08-06-at-16.35.50-scaled.jpeg","type":"image\/jpeg"}],"author":"Anabella Soria","twitter_card":"summary_large_image","twitter_creator":"@laredlarioja1","twitter_site":"@laredlarioja1","twitter_misc":{"Escrito por":"Anabella Soria","Tiempo de lectura":"2 minutos"},"schema":{"@context":"https:\/\/schema.org","@graph":[{"@type":"Article","@id":"https:\/\/laredlarioja.com.ar\/sitio\/se-reactivo-el-incendio-en-la-zona-del-cerro-del-velazco\/#article","isPartOf":{"@id":"https:\/\/laredlarioja.com.ar\/sitio\/se-reactivo-el-incendio-en-la-zona-del-cerro-del-velazco\/"},"author":{"name":"Anabella Soria","@id":"https:\/\/laredlarioja.com.ar\/sitio\/#\/schema\/person\/31f88059d20c5cf06e974fd895aec56e"},"headline":"Se reactiv\u00f3 el incendio en la zona del Cerro del Velasco","datePublished":"2024-09-25T21:44:40+00:00","dateModified":"2024-09-27T11:49:20+00:00","mainEntityOfPage":{"@id":"https:\/\/laredlarioja.com.ar\/sitio\/se-reactivo-el-incendio-en-la-zona-del-cerro-del-velazco\/"},"wordCount":235,"publisher":{"@id":"https:\/\/laredlarioja.com.ar\/sitio\/#organization"},"image":{"@id":"https:\/\/laredlarioja.com.ar\/sitio\/se-reactivo-el-incendio-en-la-zona-del-cerro-del-velazco\/#primaryimage"},"thumbnailUrl":"https:\/\/laredlarioja.com.ar\/sitio\/wp-content\/uploads\/2024\/08\/WhatsApp-Image-2024-08-06-at-16.35.50-scaled.jpeg","articleSection":["Locales"],"inLanguage":"es"},{"@type":"WebPage","@id":"https:\/\/laredlarioja.com.ar\/sitio\/se-reactivo-el-incendio-en-la-zona-del-cerro-del-velazco\/","url":"https:\/\/laredlarioja.com.ar\/sitio\/se-reactivo-el-incendio-en-la-zona-del-cerro-del-velazco\/","name":"Se reactiv\u00f3 el incendio en la zona del Cerro del Velasco - LA RED 88.3 LA RIOJA","isPartOf":{"@id":"https:\/\/laredlarioja.com.ar\/sitio\/#website"},"primaryImageOfPage":{"@id":"https:\/\/laredlarioja.com.ar\/sitio\/se-reactivo-el-incendio-en-la-zona-del-cerro-del-velazco\/#primaryimage"},"image":{"@id":"https:\/\/laredlarioja.com.ar\/sitio\/se-reactivo-el-incendio-en-la-zona-del-cerro-del-velazco\/#primaryimage"},"thumbnailUrl":"https:\/\/laredlarioja.com.ar\/sitio\/wp-content\/uploads\/2024\/08\/WhatsApp-Image-2024-08-06-at-16.35.50-scaled.jpeg","datePublished":"2024-09-25T21:44:40+00:00","dateModified":"2024-09-27T11:49:20+00:00","breadcrumb":{"@id":"https:\/\/laredlarioja.com.ar\/sitio\/se-reactivo-el-incendio-en-la-zona-del-cerro-del-velazco\/#breadcrumb"},"inLanguage":"es","potentialAction":[{"@type":"ReadAction","target":["https:\/\/laredlarioja.com.ar\/sitio\/se-reactivo-el-incendio-en-la-zona-del-cerro-del-velazco\/"]}]},{"@type":"ImageObject","inLanguage":"es","@id":"https:\/\/laredlarioja.com.ar\/sitio\/se-reactivo-el-incendio-en-la-zona-del-cerro-del-velazco\/#primaryimage","url":"https:\/\/laredlarioja.com.ar\/sitio\/wp-content\/uploads\/2024\/08\/WhatsApp-Image-2024-08-06-at-16.35.50-scaled.jpeg","contentUrl":"https:\/\/laredlarioja.com.ar\/sitio\/wp-content\/uploads\/2024\/08\/WhatsApp-Image-2024-08-06-at-16.35.50-scaled.jpeg","width":2560,"height":1874},{"@type":"BreadcrumbList","@id":"https:\/\/laredlarioja.com.ar\/sitio\/se-reactivo-el-incendio-en-la-zona-del-cerro-del-velazco\/#breadcrumb","itemListElement":[{"@type":"ListItem","position":1,"name":"Portada","item":"https:\/\/laredlarioja.com.ar\/sitio\/"},{"@type":"ListItem","position":2,"name":"Se reactiv\u00f3 el incendio en la zona del Cerro del Velasco"}]},{"@type":"WebSite","@id":"https:\/\/laredlarioja.com.ar\/sitio\/#website","url":"https:\/\/laredlarioja.com.ar\/sitio\/","name":"LA RED 88.3 LA RIOJA","description":"Sitio de Noticias","publisher":{"@id":"https:\/\/laredlarioja.com.ar\/sitio\/#organization"},"potentialAction":[{"@type":"SearchAction","target":{"@type":"EntryPoint","urlTemplate":"https:\/\/laredlarioja.com.ar\/sitio\/?s={search_term_string}"},"query-input":{"@type":"PropertyValueSpecification","valueRequired":true,"valueName":"search_term_string"}}],"inLanguage":"es"},{"@type":"Organization","@id":"https:\/\/laredlarioja.com.ar\/sitio\/#organization","name":"LA RED 88.3 LA RIOJA","url":"https:\/\/laredlarioja.com.ar\/sitio\/","logo":{"@type":"ImageObject","inLanguage":"es","@id":"https:\/\/laredlarioja.com.ar\/sitio\/#\/schema\/logo\/image\/","url":"https:\/\/laredlarioja.com.ar\/sitio\/wp-content\/uploads\/2025\/05\/LOGO-LA-RED.png","contentUrl":"https:\/\/laredlarioja.com.ar\/sitio\/wp-content\/uploads\/2025\/05\/LOGO-LA-RED.png","width":193,"height":340,"caption":"LA RED 88.3 LA RIOJA"},"image":{"@id":"https:\/\/laredlarioja.com.ar\/sitio\/#\/schema\/logo\/image\/"},"sameAs":["https:\/\/www.facebook.com\/lared.larioja","https:\/\/x.com\/laredlarioja1","https:\/\/www.instagram.com\/lared_larioja\/"]},{"@type":"Person","@id":"https:\/\/laredlarioja.com.ar\/sitio\/#\/schema\/person\/31f88059d20c5cf06e974fd895aec56e","name":"Anabella Soria","url":"https:\/\/laredlarioja.com.ar\/sitio\/author\/asoria\/"}]}},"featured_image_urls":{"full":["https:\/\/laredlarioja.com.ar\/sitio\/wp-content\/uploads\/2024\/08\/WhatsApp-Image-2024-08-06-at-16.35.50-scaled.jpeg",2560,1874,false],"thumbnail":["https:\/\/laredlarioja.com.ar\/sitio\/wp-content\/uploads\/2024\/08\/WhatsApp-Image-2024-08-06-at-16.35.50-150x150.jpeg",150,150,true],"medium":["https:\/\/laredlarioja.com.ar\/sitio\/wp-content\/uploads\/2024\/08\/WhatsApp-Image-2024-08-06-at-16.35.50-300x220.jpeg",300,220,true],"medium_large":["https:\/\/laredlarioja.com.ar\/sitio\/wp-content\/uploads\/2024\/08\/WhatsApp-Image-2024-08-06-at-16.35.50-768x562.jpeg",640,468,true],"large":["https:\/\/laredlarioja.com.ar\/sitio\/wp-content\/uploads\/2024\/08\/WhatsApp-Image-2024-08-06-at-16.35.50-1024x750.jpeg",640,469,true],"1536x1536":["https:\/\/laredlarioja.com.ar\/sitio\/wp-content\/uploads\/2024\/08\/WhatsApp-Image-2024-08-06-at-16.35.50-1536x1125.jpeg",1536,1125,true],"2048x2048":["https:\/\/laredlarioja.com.ar\/sitio\/wp-content\/uploads\/2024\/08\/WhatsApp-Image-2024-08-06-at-16.35.50-2048x1500.jpeg",2048,1500,true],"cvmm-medium":["https:\/\/laredlarioja.com.ar\/sitio\/wp-content\/uploads\/2024\/08\/WhatsApp-Image-2024-08-06-at-16.35.50-300x300.jpeg",300,300,true],"cvmm-medium-plus":["https:\/\/laredlarioja.com.ar\/sitio\/wp-content\/uploads\/2024\/08\/WhatsApp-Image-2024-08-06-at-16.35.50-305x207.jpeg",305,207,true],"cvmm-portrait":["https:\/\/laredlarioja.com.ar\/sitio\/wp-content\/uploads\/2024\/08\/WhatsApp-Image-2024-08-06-at-16.35.50-400x600.jpeg",400,600,true],"cvmm-medium-square":["https:\/\/laredlarioja.com.ar\/sitio\/wp-content\/uploads\/2024\/08\/WhatsApp-Image-2024-08-06-at-16.35.50-600x600.jpeg",600,600,true],"cvmm-large":["https:\/\/laredlarioja.com.ar\/sitio\/wp-content\/uploads\/2024\/08\/WhatsApp-Image-2024-08-06-at-16.35.50-1024x1024.jpeg",1024,1024,true],"cvmm-small":["https:\/\/laredlarioja.com.ar\/sitio\/wp-content\/uploads\/2024\/08\/WhatsApp-Image-2024-08-06-at-16.35.50-130x95.jpeg",130,95,true],"morenews-large":["https:\/\/laredlarioja.com.ar\/sitio\/wp-content\/uploads\/2024\/08\/WhatsApp-Image-2024-08-06-at-16.35.50-825x575.jpeg",825,575,true],"morenews-medium":["https:\/\/laredlarioja.com.ar\/sitio\/wp-content\/uploads\/2024\/08\/WhatsApp-Image-2024-08-06-at-16.35.50-590x410.jpeg",590,410,true]},"author_info":{"display_name":"Anabella Soria","author_link":"https:\/\/laredlarioja.com.ar\/sitio\/author\/asoria\/"},"category_info":"<a href=\"https:\/\/laredlarioja.com.ar\/sitio\/categorias\/locales\/\" rel=\"category tag\">Locales<\/a>","tag_info":"Locales","comment_count":"0","blog_post_layout_featured_media_urls":{"thumbnail":["https:\/\/laredlarioja.com.ar\/sitio\/wp-content\/uploads\/2024\/08\/WhatsApp-Image-2024-08-06-at-16.35.50-150x150.jpeg",150,150,true],"full":["https:\/\/laredlarioja.com.ar\/sitio\/wp-content\/uploads\/2024\/08\/WhatsApp-Image-2024-08-06-at-16.35.50-scaled.jpeg",2560,1874,false]},"categories_names":{"94":{"name":"Locales","link":"https:\/\/laredlarioja.com.ar\/sitio\/categorias\/locales\/"}},"tags_names":[],"comments_number":"0","wpmagazine_modules_lite_featured_media_urls":{"thumbnail":["https:\/\/laredlarioja.com.ar\/sitio\/wp-content\/uploads\/2024\/08\/WhatsApp-Image-2024-08-06-at-16.35.50-150x150.jpeg",150,150,true],"cvmm-medium":["https:\/\/laredlarioja.com.ar\/sitio\/wp-content\/uploads\/2024\/08\/WhatsApp-Image-2024-08-06-at-16.35.50-300x300.jpeg",300,300,true],"cvmm-medium-plus":["https:\/\/laredlarioja.com.ar\/sitio\/wp-content\/uploads\/2024\/08\/WhatsApp-Image-2024-08-06-at-16.35.50-305x207.jpeg",305,207,true],"cvmm-portrait":["https:\/\/laredlarioja.com.ar\/sitio\/wp-content\/uploads\/2024\/08\/WhatsApp-Image-2024-08-06-at-16.35.50-400x600.jpeg",400,600,true],"cvmm-medium-square":["https:\/\/laredlarioja.com.ar\/sitio\/wp-content\/uploads\/2024\/08\/WhatsApp-Image-2024-08-06-at-16.35.50-600x600.jpeg",600,600,true],"cvmm-large":["https:\/\/laredlarioja.com.ar\/sitio\/wp-content\/uploads\/2024\/08\/WhatsApp-Image-2024-08-06-at-16.35.50-1024x1024.jpeg",1024,1024,true],"cvmm-small":["https:\/\/laredlarioja.com.ar\/sitio\/wp-content\/uploads\/2024\/08\/WhatsApp-Image-2024-08-06-at-16.35.50-130x95.jpeg",130,95,true],"full":["https:\/\/laredlarioja.com.ar\/sitio\/wp-content\/uploads\/2024\/08\/WhatsApp-Image-2024-08-06-at-16.35.50-scaled.jpeg",2560,1874,false]},"_links":{"self":[{"href":"https:\/\/laredlarioja.com.ar\/sitio\/wp-json\/wp\/v2\/posts\/52450","targetHints":{"allow":["GET"]}}],"collection":[{"href":"https:\/\/laredlarioja.com.ar\/sitio\/wp-json\/wp\/v2\/posts"}],"about":[{"href":"https:\/\/laredlarioja.com.ar\/sitio\/wp-json\/wp\/v2\/types\/post"}],"author":[{"embeddable":true,"href":"https:\/\/laredlarioja.com.ar\/sitio\/wp-json\/wp\/v2\/users\/7"}],"replies":[{"embeddable":true,"href":"https:\/\/laredlarioja.com.ar\/sitio\/wp-json\/wp\/v2\/comments?post=52450"}],"version-history":[{"count":4,"href":"https:\/\/laredlarioja.com.ar\/sitio\/wp-json\/wp\/v2\/posts\/52450\/revisions"}],"predecessor-version":[{"id":52462,"href":"https:\/\/laredlarioja.com.ar\/sitio\/wp-json\/wp\/v2\/posts\/52450\/revisions\/52462"}],"wp:featuredmedia":[{"embeddable":true,"href":"https:\/\/laredlarioja.com.ar\/sitio\/wp-json\/wp\/v2\/media\/49995"}],"wp:attachment":[{"href":"https:\/\/laredlarioja.com.ar\/sitio\/wp-json\/wp\/v2\/media?parent=52450"}],"wp:term":[{"taxonomy":"category","embeddable":true,"href":"https:\/\/laredlarioja.com.ar\/sitio\/wp-json\/wp\/v2\/categories?post=52450"},{"taxonomy":"post_tag","embeddable":true,"href":"https:\/\/laredlarioja.com.ar\/sitio\/wp-json\/wp\/v2\/tags?post=52450"}],"curies":[{"name":"wp","href":"https:\/\/api.w.org\/{rel}","templated":true}]}}