{"id":52605,"date":"2024-09-30T13:58:13","date_gmt":"2024-09-30T13:58:13","guid":{"rendered":"https:\/\/laredlarioja.com.ar\/sitio\/?p=52605"},"modified":"2024-10-01T00:18:10","modified_gmt":"2024-10-01T00:18:10","slug":"ypf-baja-las-naftas-1-y-el-gas-oil-2-desde-este-martes","status":"publish","type":"post","link":"https:\/\/laredlarioja.com.ar\/sitio\/ypf-baja-las-naftas-1-y-el-gas-oil-2-desde-este-martes\/","title":{"rendered":"YPF baja las naftas 1% y el gas oil 2% desde este martes"},"content":{"rendered":"<p><strong>YPF anunci\u00f3 una rebaja de 1% en el precio de las naftas y de 2% en el del gas oil a partir de este martes 1 de octubre como consecuencia de la ca\u00edda de los valores a nivel internacional.<\/strong><\/p>\n<p>\u201cYPF no tiene que subsidiar a los consumidores y los consumidores no tienen que subsidiar a YPF. Si el precio del petr\u00f3leo a nivel internacional sube vamos a subir el precio, y si el precio baja YPF va a bajar el precio de los combustibles\u201d, afirm\u00f3 el CEO de la compa\u00f1\u00eda Horacio Mar\u00edn.<\/p>\n<p>El ejecutivo afirm\u00f3 que sin una pol\u00edtica en este sentido \u201cVaca Muerta no se desarrolla\u201d y reiter\u00f3 que su objetivo es que YPF \u201cexporte US$ 30.000 millones en 2030.<\/p>\n<p>\u201cHoy el precio de los combustibles de nuestras refiner\u00edas sale a 100 unidades, ma\u00f1ana saldr\u00e1 a 96 unidades, pero hay que sumarle 2 puntos de la devaluaci\u00f3n m\u00e1s un punto del ajuste del impuesto a los combustibles\u201d, explic\u00f3 Mar\u00edn en declaraciones period\u00edsticas.<\/p>\n<p>\u201cEsta decisi\u00f3n se toma, fundamentalmente, en el marco de una ca\u00edda de la cotizaci\u00f3n internacional del crudo Brent que forma parte de la estructura de precios de todos los combustibles a nivel mundial\u201d, precis\u00f3 m\u00e1s tarde la compa\u00f1\u00eda en un comunicado.<\/p>\n<p>La empresa se\u00f1al\u00f3 que \u201cen los \u00faltimos 8 meses, YPF encontr\u00f3 un equilibrio entre los precios internacionales y los precios locales en<\/p>\n<p>surtidor que permite, de ahora en m\u00e1s, que \u00e9stos \u00faltimos se suban o bajen en funci\u00f3n de valor del crudo Brent y la evoluci\u00f3n de los componentes de costo local\u201d.<\/p>\n<p>El resto de las compa\u00f1\u00edas a\u00fan no comunic\u00f3 que har\u00e1 con los precios de los productos que comercializa dado que la suba del impuesto impacta por igual a todas las empresas.<\/p>\n<p>Fuente: Noticias Argentinas<\/p>\n","protected":false},"excerpt":{"rendered":"<p>YPF anunci\u00f3 una rebaja de 1% en el precio de las naftas y de 2% en el del<\/p>\n","protected":false},"author":10,"featured_media":34988,"comment_status":"closed","ping_status":"open","sticky":false,"template":"","format":"standard","meta":{"footnotes":""},"categories":[130],"tags":[133],"class_list":["post-52605","post","type-post","status-publish","format-standard","has-post-thumbnail","hentry","category-pais","tag-seccundarias"],"yoast_head":"<!-- This site is optimized with the Yoast SEO plugin v27.4 - https:\/\/yoast.com\/product\/yoast-seo-wordpress\/ -->\n<title>YPF baja las naftas 1% y el gas oil 2% desde este martes - LA RED 88.3 LA RIOJA<\/title>\n<meta name=\"robots\" content=\"index, follow, max-snippet:-1, max-image-preview:large, max-video-preview:-1\" \/>\n<link rel=\"canonical\" href=\"https:\/\/laredlarioja.com.ar\/sitio\/ypf-baja-las-naftas-1-y-el-gas-oil-2-desde-este-martes\/\" \/>\n<meta property=\"og:locale\" content=\"es_ES\" \/>\n<meta property=\"og:type\" content=\"article\" \/>\n<meta property=\"og:title\" content=\"YPF baja las naftas 1% y el gas oil 2% desde este martes - LA RED 88.3 LA RIOJA\" \/>\n<meta property=\"og:description\" content=\"YPF anunci\u00f3 una rebaja de 1% en el precio de las naftas y de 2% en el del\" \/>\n<meta property=\"og:url\" content=\"https:\/\/laredlarioja.com.ar\/sitio\/ypf-baja-las-naftas-1-y-el-gas-oil-2-desde-este-martes\/\" \/>\n<meta property=\"og:site_name\" content=\"LA RED 88.3 LA RIOJA\" \/>\n<meta property=\"article:publisher\" content=\"https:\/\/www.facebook.com\/lared.larioja\" \/>\n<meta property=\"article:published_time\" content=\"2024-09-30T13:58:13+00:00\" \/>\n<meta property=\"article:modified_time\" content=\"2024-10-01T00:18:10+00:00\" \/>\n<meta property=\"og:image\" content=\"https:\/\/laredlarioja.com.ar\/sitio\/wp-content\/uploads\/2023\/08\/nafta_ypf.jpg\" \/>\n\t<meta property=\"og:image:width\" content=\"600\" \/>\n\t<meta property=\"og:image:height\" content=\"365\" \/>\n\t<meta property=\"og:image:type\" content=\"image\/jpeg\" \/>\n<meta name=\"author\" content=\"La Red\" \/>\n<meta name=\"twitter:card\" content=\"summary_large_image\" \/>\n<meta name=\"twitter:creator\" content=\"@laredlarioja1\" \/>\n<meta name=\"twitter:site\" content=\"@laredlarioja1\" \/>\n<meta name=\"twitter:label1\" content=\"Escrito por\" \/>\n\t<meta name=\"twitter:data1\" content=\"La Red\" \/>\n\t<meta name=\"twitter:label2\" content=\"Tiempo de lectura\" \/>\n\t<meta name=\"twitter:data2\" content=\"2 minutos\" \/>\n<script type=\"application\/ld+json\" class=\"yoast-schema-graph\">{\"@context\":\"https:\\\/\\\/schema.org\",\"@graph\":[{\"@type\":\"Article\",\"@id\":\"https:\\\/\\\/laredlarioja.com.ar\\\/sitio\\\/ypf-baja-las-naftas-1-y-el-gas-oil-2-desde-este-martes\\\/#article\",\"isPartOf\":{\"@id\":\"https:\\\/\\\/laredlarioja.com.ar\\\/sitio\\\/ypf-baja-las-naftas-1-y-el-gas-oil-2-desde-este-martes\\\/\"},\"author\":{\"name\":\"La Red\",\"@id\":\"https:\\\/\\\/laredlarioja.com.ar\\\/sitio\\\/#\\\/schema\\\/person\\\/f1e213867beccedaaa4fb548d9259d9a\"},\"headline\":\"YPF baja las naftas 1% y el gas oil 2% desde este martes\",\"datePublished\":\"2024-09-30T13:58:13+00:00\",\"dateModified\":\"2024-10-01T00:18:10+00:00\",\"mainEntityOfPage\":{\"@id\":\"https:\\\/\\\/laredlarioja.com.ar\\\/sitio\\\/ypf-baja-las-naftas-1-y-el-gas-oil-2-desde-este-martes\\\/\"},\"wordCount\":314,\"publisher\":{\"@id\":\"https:\\\/\\\/laredlarioja.com.ar\\\/sitio\\\/#organization\"},\"image\":{\"@id\":\"https:\\\/\\\/laredlarioja.com.ar\\\/sitio\\\/ypf-baja-las-naftas-1-y-el-gas-oil-2-desde-este-martes\\\/#primaryimage\"},\"thumbnailUrl\":\"https:\\\/\\\/laredlarioja.com.ar\\\/sitio\\\/wp-content\\\/uploads\\\/2023\\\/08\\\/nafta_ypf.jpg\",\"keywords\":[\"seccundarias\"],\"articleSection\":[\"El pa\u00eds\"],\"inLanguage\":\"es\"},{\"@type\":\"WebPage\",\"@id\":\"https:\\\/\\\/laredlarioja.com.ar\\\/sitio\\\/ypf-baja-las-naftas-1-y-el-gas-oil-2-desde-este-martes\\\/\",\"url\":\"https:\\\/\\\/laredlarioja.com.ar\\\/sitio\\\/ypf-baja-las-naftas-1-y-el-gas-oil-2-desde-este-martes\\\/\",\"name\":\"YPF baja las naftas 1% y el gas oil 2% desde este martes - LA RED 88.3 LA RIOJA\",\"isPartOf\":{\"@id\":\"https:\\\/\\\/laredlarioja.com.ar\\\/sitio\\\/#website\"},\"primaryImageOfPage\":{\"@id\":\"https:\\\/\\\/laredlarioja.com.ar\\\/sitio\\\/ypf-baja-las-naftas-1-y-el-gas-oil-2-desde-este-martes\\\/#primaryimage\"},\"image\":{\"@id\":\"https:\\\/\\\/laredlarioja.com.ar\\\/sitio\\\/ypf-baja-las-naftas-1-y-el-gas-oil-2-desde-este-martes\\\/#primaryimage\"},\"thumbnailUrl\":\"https:\\\/\\\/laredlarioja.com.ar\\\/sitio\\\/wp-content\\\/uploads\\\/2023\\\/08\\\/nafta_ypf.jpg\",\"datePublished\":\"2024-09-30T13:58:13+00:00\",\"dateModified\":\"2024-10-01T00:18:10+00:00\",\"breadcrumb\":{\"@id\":\"https:\\\/\\\/laredlarioja.com.ar\\\/sitio\\\/ypf-baja-las-naftas-1-y-el-gas-oil-2-desde-este-martes\\\/#breadcrumb\"},\"inLanguage\":\"es\",\"potentialAction\":[{\"@type\":\"ReadAction\",\"target\":[\"https:\\\/\\\/laredlarioja.com.ar\\\/sitio\\\/ypf-baja-las-naftas-1-y-el-gas-oil-2-desde-este-martes\\\/\"]}]},{\"@type\":\"ImageObject\",\"inLanguage\":\"es\",\"@id\":\"https:\\\/\\\/laredlarioja.com.ar\\\/sitio\\\/ypf-baja-las-naftas-1-y-el-gas-oil-2-desde-este-martes\\\/#primaryimage\",\"url\":\"https:\\\/\\\/laredlarioja.com.ar\\\/sitio\\\/wp-content\\\/uploads\\\/2023\\\/08\\\/nafta_ypf.jpg\",\"contentUrl\":\"https:\\\/\\\/laredlarioja.com.ar\\\/sitio\\\/wp-content\\\/uploads\\\/2023\\\/08\\\/nafta_ypf.jpg\",\"width\":600,\"height\":365},{\"@type\":\"BreadcrumbList\",\"@id\":\"https:\\\/\\\/laredlarioja.com.ar\\\/sitio\\\/ypf-baja-las-naftas-1-y-el-gas-oil-2-desde-este-martes\\\/#breadcrumb\",\"itemListElement\":[{\"@type\":\"ListItem\",\"position\":1,\"name\":\"Portada\",\"item\":\"https:\\\/\\\/laredlarioja.com.ar\\\/sitio\\\/\"},{\"@type\":\"ListItem\",\"position\":2,\"name\":\"YPF baja las naftas 1% y el gas oil 2% desde este martes\"}]},{\"@type\":\"WebSite\",\"@id\":\"https:\\\/\\\/laredlarioja.com.ar\\\/sitio\\\/#website\",\"url\":\"https:\\\/\\\/laredlarioja.com.ar\\\/sitio\\\/\",\"name\":\"LA RED 88.3 LA RIOJA\",\"description\":\"Sitio de Noticias\",\"publisher\":{\"@id\":\"https:\\\/\\\/laredlarioja.com.ar\\\/sitio\\\/#organization\"},\"potentialAction\":[{\"@type\":\"SearchAction\",\"target\":{\"@type\":\"EntryPoint\",\"urlTemplate\":\"https:\\\/\\\/laredlarioja.com.ar\\\/sitio\\\/?s={search_term_string}\"},\"query-input\":{\"@type\":\"PropertyValueSpecification\",\"valueRequired\":true,\"valueName\":\"search_term_string\"}}],\"inLanguage\":\"es\"},{\"@type\":\"Organization\",\"@id\":\"https:\\\/\\\/laredlarioja.com.ar\\\/sitio\\\/#organization\",\"name\":\"LA RED 88.3 LA RIOJA\",\"url\":\"https:\\\/\\\/laredlarioja.com.ar\\\/sitio\\\/\",\"logo\":{\"@type\":\"ImageObject\",\"inLanguage\":\"es\",\"@id\":\"https:\\\/\\\/laredlarioja.com.ar\\\/sitio\\\/#\\\/schema\\\/logo\\\/image\\\/\",\"url\":\"https:\\\/\\\/laredlarioja.com.ar\\\/sitio\\\/wp-content\\\/uploads\\\/2025\\\/05\\\/LOGO-LA-RED.png\",\"contentUrl\":\"https:\\\/\\\/laredlarioja.com.ar\\\/sitio\\\/wp-content\\\/uploads\\\/2025\\\/05\\\/LOGO-LA-RED.png\",\"width\":193,\"height\":340,\"caption\":\"LA RED 88.3 LA RIOJA\"},\"image\":{\"@id\":\"https:\\\/\\\/laredlarioja.com.ar\\\/sitio\\\/#\\\/schema\\\/logo\\\/image\\\/\"},\"sameAs\":[\"https:\\\/\\\/www.facebook.com\\\/lared.larioja\",\"https:\\\/\\\/x.com\\\/laredlarioja1\",\"https:\\\/\\\/www.instagram.com\\\/lared_larioja\\\/\"]},{\"@type\":\"Person\",\"@id\":\"https:\\\/\\\/laredlarioja.com.ar\\\/sitio\\\/#\\\/schema\\\/person\\\/f1e213867beccedaaa4fb548d9259d9a\",\"name\":\"La Red\",\"url\":\"https:\\\/\\\/laredlarioja.com.ar\\\/sitio\\\/author\\\/lared\\\/\"}]}<\/script>\n<!-- \/ Yoast SEO plugin. -->","yoast_head_json":{"title":"YPF baja las naftas 1% y el gas oil 2% desde este martes - LA RED 88.3 LA RIOJA","robots":{"index":"index","follow":"follow","max-snippet":"max-snippet:-1","max-image-preview":"max-image-preview:large","max-video-preview":"max-video-preview:-1"},"canonical":"https:\/\/laredlarioja.com.ar\/sitio\/ypf-baja-las-naftas-1-y-el-gas-oil-2-desde-este-martes\/","og_locale":"es_ES","og_type":"article","og_title":"YPF baja las naftas 1% y el gas oil 2% desde este martes - LA RED 88.3 LA RIOJA","og_description":"YPF anunci\u00f3 una rebaja de 1% en el precio de las naftas y de 2% en el del","og_url":"https:\/\/laredlarioja.com.ar\/sitio\/ypf-baja-las-naftas-1-y-el-gas-oil-2-desde-este-martes\/","og_site_name":"LA RED 88.3 LA RIOJA","article_publisher":"https:\/\/www.facebook.com\/lared.larioja","article_published_time":"2024-09-30T13:58:13+00:00","article_modified_time":"2024-10-01T00:18:10+00:00","og_image":[{"width":600,"height":365,"url":"https:\/\/laredlarioja.com.ar\/sitio\/wp-content\/uploads\/2023\/08\/nafta_ypf.jpg","type":"image\/jpeg"}],"author":"La Red","twitter_card":"summary_large_image","twitter_creator":"@laredlarioja1","twitter_site":"@laredlarioja1","twitter_misc":{"Escrito por":"La Red","Tiempo de lectura":"2 minutos"},"schema":{"@context":"https:\/\/schema.org","@graph":[{"@type":"Article","@id":"https:\/\/laredlarioja.com.ar\/sitio\/ypf-baja-las-naftas-1-y-el-gas-oil-2-desde-este-martes\/#article","isPartOf":{"@id":"https:\/\/laredlarioja.com.ar\/sitio\/ypf-baja-las-naftas-1-y-el-gas-oil-2-desde-este-martes\/"},"author":{"name":"La Red","@id":"https:\/\/laredlarioja.com.ar\/sitio\/#\/schema\/person\/f1e213867beccedaaa4fb548d9259d9a"},"headline":"YPF baja las naftas 1% y el gas oil 2% desde este martes","datePublished":"2024-09-30T13:58:13+00:00","dateModified":"2024-10-01T00:18:10+00:00","mainEntityOfPage":{"@id":"https:\/\/laredlarioja.com.ar\/sitio\/ypf-baja-las-naftas-1-y-el-gas-oil-2-desde-este-martes\/"},"wordCount":314,"publisher":{"@id":"https:\/\/laredlarioja.com.ar\/sitio\/#organization"},"image":{"@id":"https:\/\/laredlarioja.com.ar\/sitio\/ypf-baja-las-naftas-1-y-el-gas-oil-2-desde-este-martes\/#primaryimage"},"thumbnailUrl":"https:\/\/laredlarioja.com.ar\/sitio\/wp-content\/uploads\/2023\/08\/nafta_ypf.jpg","keywords":["seccundarias"],"articleSection":["El pa\u00eds"],"inLanguage":"es"},{"@type":"WebPage","@id":"https:\/\/laredlarioja.com.ar\/sitio\/ypf-baja-las-naftas-1-y-el-gas-oil-2-desde-este-martes\/","url":"https:\/\/laredlarioja.com.ar\/sitio\/ypf-baja-las-naftas-1-y-el-gas-oil-2-desde-este-martes\/","name":"YPF baja las naftas 1% y el gas oil 2% desde este martes - LA RED 88.3 LA RIOJA","isPartOf":{"@id":"https:\/\/laredlarioja.com.ar\/sitio\/#website"},"primaryImageOfPage":{"@id":"https:\/\/laredlarioja.com.ar\/sitio\/ypf-baja-las-naftas-1-y-el-gas-oil-2-desde-este-martes\/#primaryimage"},"image":{"@id":"https:\/\/laredlarioja.com.ar\/sitio\/ypf-baja-las-naftas-1-y-el-gas-oil-2-desde-este-martes\/#primaryimage"},"thumbnailUrl":"https:\/\/laredlarioja.com.ar\/sitio\/wp-content\/uploads\/2023\/08\/nafta_ypf.jpg","datePublished":"2024-09-30T13:58:13+00:00","dateModified":"2024-10-01T00:18:10+00:00","breadcrumb":{"@id":"https:\/\/laredlarioja.com.ar\/sitio\/ypf-baja-las-naftas-1-y-el-gas-oil-2-desde-este-martes\/#breadcrumb"},"inLanguage":"es","potentialAction":[{"@type":"ReadAction","target":["https:\/\/laredlarioja.com.ar\/sitio\/ypf-baja-las-naftas-1-y-el-gas-oil-2-desde-este-martes\/"]}]},{"@type":"ImageObject","inLanguage":"es","@id":"https:\/\/laredlarioja.com.ar\/sitio\/ypf-baja-las-naftas-1-y-el-gas-oil-2-desde-este-martes\/#primaryimage","url":"https:\/\/laredlarioja.com.ar\/sitio\/wp-content\/uploads\/2023\/08\/nafta_ypf.jpg","contentUrl":"https:\/\/laredlarioja.com.ar\/sitio\/wp-content\/uploads\/2023\/08\/nafta_ypf.jpg","width":600,"height":365},{"@type":"BreadcrumbList","@id":"https:\/\/laredlarioja.com.ar\/sitio\/ypf-baja-las-naftas-1-y-el-gas-oil-2-desde-este-martes\/#breadcrumb","itemListElement":[{"@type":"ListItem","position":1,"name":"Portada","item":"https:\/\/laredlarioja.com.ar\/sitio\/"},{"@type":"ListItem","position":2,"name":"YPF baja las naftas 1% y el gas oil 2% desde este martes"}]},{"@type":"WebSite","@id":"https:\/\/laredlarioja.com.ar\/sitio\/#website","url":"https:\/\/laredlarioja.com.ar\/sitio\/","name":"LA RED 88.3 LA RIOJA","description":"Sitio de Noticias","publisher":{"@id":"https:\/\/laredlarioja.com.ar\/sitio\/#organization"},"potentialAction":[{"@type":"SearchAction","target":{"@type":"EntryPoint","urlTemplate":"https:\/\/laredlarioja.com.ar\/sitio\/?s={search_term_string}"},"query-input":{"@type":"PropertyValueSpecification","valueRequired":true,"valueName":"search_term_string"}}],"inLanguage":"es"},{"@type":"Organization","@id":"https:\/\/laredlarioja.com.ar\/sitio\/#organization","name":"LA RED 88.3 LA RIOJA","url":"https:\/\/laredlarioja.com.ar\/sitio\/","logo":{"@type":"ImageObject","inLanguage":"es","@id":"https:\/\/laredlarioja.com.ar\/sitio\/#\/schema\/logo\/image\/","url":"https:\/\/laredlarioja.com.ar\/sitio\/wp-content\/uploads\/2025\/05\/LOGO-LA-RED.png","contentUrl":"https:\/\/laredlarioja.com.ar\/sitio\/wp-content\/uploads\/2025\/05\/LOGO-LA-RED.png","width":193,"height":340,"caption":"LA RED 88.3 LA RIOJA"},"image":{"@id":"https:\/\/laredlarioja.com.ar\/sitio\/#\/schema\/logo\/image\/"},"sameAs":["https:\/\/www.facebook.com\/lared.larioja","https:\/\/x.com\/laredlarioja1","https:\/\/www.instagram.com\/lared_larioja\/"]},{"@type":"Person","@id":"https:\/\/laredlarioja.com.ar\/sitio\/#\/schema\/person\/f1e213867beccedaaa4fb548d9259d9a","name":"La Red","url":"https:\/\/laredlarioja.com.ar\/sitio\/author\/lared\/"}]}},"featured_image_urls":{"full":["https:\/\/laredlarioja.com.ar\/sitio\/wp-content\/uploads\/2023\/08\/nafta_ypf.jpg",600,365,false],"thumbnail":["https:\/\/laredlarioja.com.ar\/sitio\/wp-content\/uploads\/2023\/08\/nafta_ypf-150x150.jpg",150,150,true],"medium":["https:\/\/laredlarioja.com.ar\/sitio\/wp-content\/uploads\/2023\/08\/nafta_ypf-300x183.jpg",300,183,true],"medium_large":["https:\/\/laredlarioja.com.ar\/sitio\/wp-content\/uploads\/2023\/08\/nafta_ypf.jpg",600,365,false],"large":["https:\/\/laredlarioja.com.ar\/sitio\/wp-content\/uploads\/2023\/08\/nafta_ypf.jpg",600,365,false],"1536x1536":["https:\/\/laredlarioja.com.ar\/sitio\/wp-content\/uploads\/2023\/08\/nafta_ypf.jpg",600,365,false],"2048x2048":["https:\/\/laredlarioja.com.ar\/sitio\/wp-content\/uploads\/2023\/08\/nafta_ypf.jpg",600,365,false],"cvmm-medium":["https:\/\/laredlarioja.com.ar\/sitio\/wp-content\/uploads\/2023\/08\/nafta_ypf-300x300.jpg",300,300,true],"cvmm-medium-plus":["https:\/\/laredlarioja.com.ar\/sitio\/wp-content\/uploads\/2023\/08\/nafta_ypf-305x207.jpg",305,207,true],"cvmm-portrait":["https:\/\/laredlarioja.com.ar\/sitio\/wp-content\/uploads\/2023\/08\/nafta_ypf-400x365.jpg",400,365,true],"cvmm-medium-square":["https:\/\/laredlarioja.com.ar\/sitio\/wp-content\/uploads\/2023\/08\/nafta_ypf.jpg",600,365,false],"cvmm-large":["https:\/\/laredlarioja.com.ar\/sitio\/wp-content\/uploads\/2023\/08\/nafta_ypf.jpg",600,365,false],"cvmm-small":["https:\/\/laredlarioja.com.ar\/sitio\/wp-content\/uploads\/2023\/08\/nafta_ypf-130x95.jpg",130,95,true],"morenews-large":["https:\/\/laredlarioja.com.ar\/sitio\/wp-content\/uploads\/2023\/08\/nafta_ypf.jpg",600,365,false],"morenews-medium":["https:\/\/laredlarioja.com.ar\/sitio\/wp-content\/uploads\/2023\/08\/nafta_ypf-590x365.jpg",590,365,true]},"author_info":{"display_name":"La Red","author_link":"https:\/\/laredlarioja.com.ar\/sitio\/author\/lared\/"},"category_info":"<a href=\"https:\/\/laredlarioja.com.ar\/sitio\/categorias\/pais\/\" rel=\"category tag\">El pa\u00eds<\/a>","tag_info":"El pa\u00eds","comment_count":"0","blog_post_layout_featured_media_urls":{"thumbnail":["https:\/\/laredlarioja.com.ar\/sitio\/wp-content\/uploads\/2023\/08\/nafta_ypf-150x150.jpg",150,150,true],"full":["https:\/\/laredlarioja.com.ar\/sitio\/wp-content\/uploads\/2023\/08\/nafta_ypf.jpg",600,365,false]},"categories_names":{"130":{"name":"El pa\u00eds","link":"https:\/\/laredlarioja.com.ar\/sitio\/categorias\/pais\/"}},"tags_names":{"133":{"name":"seccundarias","link":"https:\/\/laredlarioja.com.ar\/sitio\/etiquetas\/seccundarias\/"}},"comments_number":"0","wpmagazine_modules_lite_featured_media_urls":{"thumbnail":["https:\/\/laredlarioja.com.ar\/sitio\/wp-content\/uploads\/2023\/08\/nafta_ypf-150x150.jpg",150,150,true],"cvmm-medium":["https:\/\/laredlarioja.com.ar\/sitio\/wp-content\/uploads\/2023\/08\/nafta_ypf-300x300.jpg",300,300,true],"cvmm-medium-plus":["https:\/\/laredlarioja.com.ar\/sitio\/wp-content\/uploads\/2023\/08\/nafta_ypf-305x207.jpg",305,207,true],"cvmm-portrait":["https:\/\/laredlarioja.com.ar\/sitio\/wp-content\/uploads\/2023\/08\/nafta_ypf-400x365.jpg",400,365,true],"cvmm-medium-square":["https:\/\/laredlarioja.com.ar\/sitio\/wp-content\/uploads\/2023\/08\/nafta_ypf.jpg",600,365,false],"cvmm-large":["https:\/\/laredlarioja.com.ar\/sitio\/wp-content\/uploads\/2023\/08\/nafta_ypf.jpg",600,365,false],"cvmm-small":["https:\/\/laredlarioja.com.ar\/sitio\/wp-content\/uploads\/2023\/08\/nafta_ypf-130x95.jpg",130,95,true],"full":["https:\/\/laredlarioja.com.ar\/sitio\/wp-content\/uploads\/2023\/08\/nafta_ypf.jpg",600,365,false]},"_links":{"self":[{"href":"https:\/\/laredlarioja.com.ar\/sitio\/wp-json\/wp\/v2\/posts\/52605","targetHints":{"allow":["GET"]}}],"collection":[{"href":"https:\/\/laredlarioja.com.ar\/sitio\/wp-json\/wp\/v2\/posts"}],"about":[{"href":"https:\/\/laredlarioja.com.ar\/sitio\/wp-json\/wp\/v2\/types\/post"}],"author":[{"embeddable":true,"href":"https:\/\/laredlarioja.com.ar\/sitio\/wp-json\/wp\/v2\/users\/10"}],"replies":[{"embeddable":true,"href":"https:\/\/laredlarioja.com.ar\/sitio\/wp-json\/wp\/v2\/comments?post=52605"}],"version-history":[{"count":1,"href":"https:\/\/laredlarioja.com.ar\/sitio\/wp-json\/wp\/v2\/posts\/52605\/revisions"}],"predecessor-version":[{"id":52606,"href":"https:\/\/laredlarioja.com.ar\/sitio\/wp-json\/wp\/v2\/posts\/52605\/revisions\/52606"}],"wp:featuredmedia":[{"embeddable":true,"href":"https:\/\/laredlarioja.com.ar\/sitio\/wp-json\/wp\/v2\/media\/34988"}],"wp:attachment":[{"href":"https:\/\/laredlarioja.com.ar\/sitio\/wp-json\/wp\/v2\/media?parent=52605"}],"wp:term":[{"taxonomy":"category","embeddable":true,"href":"https:\/\/laredlarioja.com.ar\/sitio\/wp-json\/wp\/v2\/categories?post=52605"},{"taxonomy":"post_tag","embeddable":true,"href":"https:\/\/laredlarioja.com.ar\/sitio\/wp-json\/wp\/v2\/tags?post=52605"}],"curies":[{"name":"wp","href":"https:\/\/api.w.org\/{rel}","templated":true}]}}