{"id":52620,"date":"2024-09-30T21:29:07","date_gmt":"2024-09-30T21:29:07","guid":{"rendered":"https:\/\/laredlarioja.com.ar\/sitio\/?p=52620"},"modified":"2024-10-01T21:57:16","modified_gmt":"2024-10-01T21:57:16","slug":"la-secretaria-de-trabajo-determino-que-es-ilegal-el-paro-de-amp","status":"publish","type":"post","link":"https:\/\/laredlarioja.com.ar\/sitio\/la-secretaria-de-trabajo-determino-que-es-ilegal-el-paro-de-amp\/","title":{"rendered":"La Secretaria de Trabajo determin\u00f3 que es ilegal el paro de AMP"},"content":{"rendered":"<p>La secretaria de Trabajo intervino en el conflicto docente y consider\u00f3 ilegal la medida de fuerza por no cumplir con el tiempo de establecer guardias m\u00ednimas para preservar el derecho a la Educaci\u00f3n.<\/p>\n<p><a href=\"https:\/\/laredlarioja.com.ar\/sitio\/wp-content\/uploads\/2024\/09\/secretaria1.jpg\"><img fetchpriority=\"high\" decoding=\"async\" class=\"alignnone wp-image-52621 size-full\" src=\"https:\/\/laredlarioja.com.ar\/sitio\/wp-content\/uploads\/2024\/09\/secretaria1.jpg\" alt=\"\" width=\"1123\" height=\"1580\" srcset=\"https:\/\/laredlarioja.com.ar\/sitio\/wp-content\/uploads\/2024\/09\/secretaria1.jpg 1123w, https:\/\/laredlarioja.com.ar\/sitio\/wp-content\/uploads\/2024\/09\/secretaria1-213x300.jpg 213w, https:\/\/laredlarioja.com.ar\/sitio\/wp-content\/uploads\/2024\/09\/secretaria1-728x1024.jpg 728w, https:\/\/laredlarioja.com.ar\/sitio\/wp-content\/uploads\/2024\/09\/secretaria1-768x1081.jpg 768w, https:\/\/laredlarioja.com.ar\/sitio\/wp-content\/uploads\/2024\/09\/secretaria1-1092x1536.jpg 1092w, https:\/\/laredlarioja.com.ar\/sitio\/wp-content\/uploads\/2024\/09\/secretaria1-1024x1441.jpg 1024w\" sizes=\"(max-width: 1123px) 100vw, 1123px\" \/><\/a><\/p>\n<p>Seg\u00fan expresa el comunicado, la entidad gremial debe comunicar con cinco d\u00edas de anticipaci\u00f3n la medida de acci\u00f3n directa adoptada, debiendo posteriormente convenir con autoridades del Ministerio de Educaci\u00f3n la prestaci\u00f3n de Guardias m\u00ednimas (50% de plantel de cada establecimiento educativo) para preservar la prestaci\u00f3n de servicio.<\/p>\n<p>Asimismo aclara, <strong>que la decisi\u00f3n (tomada por AMP) est\u00e1 fuera del marco Legal con el agravante de no contar con el tiempo suficiente para establecer las guardias m\u00ednimas que debe cumplirse para preservar el derecho a la educaci\u00f3n.<\/strong><\/p>\n<p><a href=\"https:\/\/laredlarioja.com.ar\/sitio\/wp-content\/uploads\/2024\/09\/secretaria2.jpg\"><img decoding=\"async\" class=\"alignnone wp-image-52622 size-full\" src=\"https:\/\/laredlarioja.com.ar\/sitio\/wp-content\/uploads\/2024\/09\/secretaria2.jpg\" alt=\"\" width=\"900\" height=\"1600\" srcset=\"https:\/\/laredlarioja.com.ar\/sitio\/wp-content\/uploads\/2024\/09\/secretaria2.jpg 900w, https:\/\/laredlarioja.com.ar\/sitio\/wp-content\/uploads\/2024\/09\/secretaria2-169x300.jpg 169w, https:\/\/laredlarioja.com.ar\/sitio\/wp-content\/uploads\/2024\/09\/secretaria2-576x1024.jpg 576w, https:\/\/laredlarioja.com.ar\/sitio\/wp-content\/uploads\/2024\/09\/secretaria2-768x1365.jpg 768w, https:\/\/laredlarioja.com.ar\/sitio\/wp-content\/uploads\/2024\/09\/secretaria2-864x1536.jpg 864w\" sizes=\"(max-width: 900px) 100vw, 900px\" \/><\/a><\/p>\n","protected":false},"excerpt":{"rendered":"<p>La secretaria de Trabajo intervino en el conflicto docente y consider\u00f3 ilegal la medida de fuerza por no<\/p>\n","protected":false},"author":7,"featured_media":41556,"comment_status":"closed","ping_status":"open","sticky":false,"template":"","format":"standard","meta":{"footnotes":""},"categories":[94],"tags":[],"class_list":["post-52620","post","type-post","status-publish","format-standard","has-post-thumbnail","hentry","category-locales"],"yoast_head":"<!-- This site is optimized with the Yoast SEO plugin v27.4 - https:\/\/yoast.com\/product\/yoast-seo-wordpress\/ -->\n<title>La Secretaria de Trabajo determin\u00f3 que es ilegal el paro de AMP - LA RED 88.3 LA RIOJA<\/title>\n<meta name=\"robots\" content=\"index, follow, max-snippet:-1, max-image-preview:large, max-video-preview:-1\" \/>\n<link rel=\"canonical\" href=\"https:\/\/laredlarioja.com.ar\/sitio\/la-secretaria-de-trabajo-determino-que-es-ilegal-el-paro-de-amp\/\" \/>\n<meta property=\"og:locale\" content=\"es_ES\" \/>\n<meta property=\"og:type\" content=\"article\" \/>\n<meta property=\"og:title\" content=\"La Secretaria de Trabajo determin\u00f3 que es ilegal el paro de AMP - LA RED 88.3 LA RIOJA\" \/>\n<meta property=\"og:description\" content=\"La secretaria de Trabajo intervino en el conflicto docente y consider\u00f3 ilegal la medida de fuerza por no\" \/>\n<meta property=\"og:url\" content=\"https:\/\/laredlarioja.com.ar\/sitio\/la-secretaria-de-trabajo-determino-que-es-ilegal-el-paro-de-amp\/\" \/>\n<meta property=\"og:site_name\" content=\"LA RED 88.3 LA RIOJA\" \/>\n<meta property=\"article:publisher\" content=\"https:\/\/www.facebook.com\/lared.larioja\" \/>\n<meta property=\"article:published_time\" content=\"2024-09-30T21:29:07+00:00\" \/>\n<meta property=\"article:modified_time\" content=\"2024-10-01T21:57:16+00:00\" \/>\n<meta property=\"og:image\" content=\"https:\/\/laredlarioja.com.ar\/sitio\/wp-content\/uploads\/2024\/01\/aulas-vacias.jpg\" \/>\n\t<meta property=\"og:image:width\" content=\"970\" \/>\n\t<meta property=\"og:image:height\" content=\"500\" \/>\n\t<meta property=\"og:image:type\" content=\"image\/jpeg\" \/>\n<meta name=\"author\" content=\"Anabella Soria\" \/>\n<meta name=\"twitter:card\" content=\"summary_large_image\" \/>\n<meta name=\"twitter:creator\" content=\"@laredlarioja1\" \/>\n<meta name=\"twitter:site\" content=\"@laredlarioja1\" \/>\n<meta name=\"twitter:label1\" content=\"Escrito por\" \/>\n\t<meta name=\"twitter:data1\" content=\"Anabella Soria\" \/>\n\t<meta name=\"twitter:label2\" content=\"Tiempo de lectura\" \/>\n\t<meta name=\"twitter:data2\" content=\"2 minutos\" \/>\n<script type=\"application\/ld+json\" class=\"yoast-schema-graph\">{\"@context\":\"https:\\\/\\\/schema.org\",\"@graph\":[{\"@type\":\"Article\",\"@id\":\"https:\\\/\\\/laredlarioja.com.ar\\\/sitio\\\/la-secretaria-de-trabajo-determino-que-es-ilegal-el-paro-de-amp\\\/#article\",\"isPartOf\":{\"@id\":\"https:\\\/\\\/laredlarioja.com.ar\\\/sitio\\\/la-secretaria-de-trabajo-determino-que-es-ilegal-el-paro-de-amp\\\/\"},\"author\":{\"name\":\"Anabella Soria\",\"@id\":\"https:\\\/\\\/laredlarioja.com.ar\\\/sitio\\\/#\\\/schema\\\/person\\\/31f88059d20c5cf06e974fd895aec56e\"},\"headline\":\"La Secretaria de Trabajo determin\u00f3 que es ilegal el paro de AMP\",\"datePublished\":\"2024-09-30T21:29:07+00:00\",\"dateModified\":\"2024-10-01T21:57:16+00:00\",\"mainEntityOfPage\":{\"@id\":\"https:\\\/\\\/laredlarioja.com.ar\\\/sitio\\\/la-secretaria-de-trabajo-determino-que-es-ilegal-el-paro-de-amp\\\/\"},\"wordCount\":142,\"publisher\":{\"@id\":\"https:\\\/\\\/laredlarioja.com.ar\\\/sitio\\\/#organization\"},\"image\":{\"@id\":\"https:\\\/\\\/laredlarioja.com.ar\\\/sitio\\\/la-secretaria-de-trabajo-determino-que-es-ilegal-el-paro-de-amp\\\/#primaryimage\"},\"thumbnailUrl\":\"https:\\\/\\\/laredlarioja.com.ar\\\/sitio\\\/wp-content\\\/uploads\\\/2024\\\/01\\\/aulas-vacias.jpg\",\"articleSection\":[\"Locales\"],\"inLanguage\":\"es\"},{\"@type\":\"WebPage\",\"@id\":\"https:\\\/\\\/laredlarioja.com.ar\\\/sitio\\\/la-secretaria-de-trabajo-determino-que-es-ilegal-el-paro-de-amp\\\/\",\"url\":\"https:\\\/\\\/laredlarioja.com.ar\\\/sitio\\\/la-secretaria-de-trabajo-determino-que-es-ilegal-el-paro-de-amp\\\/\",\"name\":\"La Secretaria de Trabajo determin\u00f3 que es ilegal el paro de AMP - LA RED 88.3 LA RIOJA\",\"isPartOf\":{\"@id\":\"https:\\\/\\\/laredlarioja.com.ar\\\/sitio\\\/#website\"},\"primaryImageOfPage\":{\"@id\":\"https:\\\/\\\/laredlarioja.com.ar\\\/sitio\\\/la-secretaria-de-trabajo-determino-que-es-ilegal-el-paro-de-amp\\\/#primaryimage\"},\"image\":{\"@id\":\"https:\\\/\\\/laredlarioja.com.ar\\\/sitio\\\/la-secretaria-de-trabajo-determino-que-es-ilegal-el-paro-de-amp\\\/#primaryimage\"},\"thumbnailUrl\":\"https:\\\/\\\/laredlarioja.com.ar\\\/sitio\\\/wp-content\\\/uploads\\\/2024\\\/01\\\/aulas-vacias.jpg\",\"datePublished\":\"2024-09-30T21:29:07+00:00\",\"dateModified\":\"2024-10-01T21:57:16+00:00\",\"breadcrumb\":{\"@id\":\"https:\\\/\\\/laredlarioja.com.ar\\\/sitio\\\/la-secretaria-de-trabajo-determino-que-es-ilegal-el-paro-de-amp\\\/#breadcrumb\"},\"inLanguage\":\"es\",\"potentialAction\":[{\"@type\":\"ReadAction\",\"target\":[\"https:\\\/\\\/laredlarioja.com.ar\\\/sitio\\\/la-secretaria-de-trabajo-determino-que-es-ilegal-el-paro-de-amp\\\/\"]}]},{\"@type\":\"ImageObject\",\"inLanguage\":\"es\",\"@id\":\"https:\\\/\\\/laredlarioja.com.ar\\\/sitio\\\/la-secretaria-de-trabajo-determino-que-es-ilegal-el-paro-de-amp\\\/#primaryimage\",\"url\":\"https:\\\/\\\/laredlarioja.com.ar\\\/sitio\\\/wp-content\\\/uploads\\\/2024\\\/01\\\/aulas-vacias.jpg\",\"contentUrl\":\"https:\\\/\\\/laredlarioja.com.ar\\\/sitio\\\/wp-content\\\/uploads\\\/2024\\\/01\\\/aulas-vacias.jpg\",\"width\":970,\"height\":500},{\"@type\":\"BreadcrumbList\",\"@id\":\"https:\\\/\\\/laredlarioja.com.ar\\\/sitio\\\/la-secretaria-de-trabajo-determino-que-es-ilegal-el-paro-de-amp\\\/#breadcrumb\",\"itemListElement\":[{\"@type\":\"ListItem\",\"position\":1,\"name\":\"Portada\",\"item\":\"https:\\\/\\\/laredlarioja.com.ar\\\/sitio\\\/\"},{\"@type\":\"ListItem\",\"position\":2,\"name\":\"La Secretaria de Trabajo determin\u00f3 que es ilegal el paro de AMP\"}]},{\"@type\":\"WebSite\",\"@id\":\"https:\\\/\\\/laredlarioja.com.ar\\\/sitio\\\/#website\",\"url\":\"https:\\\/\\\/laredlarioja.com.ar\\\/sitio\\\/\",\"name\":\"LA RED 88.3 LA RIOJA\",\"description\":\"Sitio de Noticias\",\"publisher\":{\"@id\":\"https:\\\/\\\/laredlarioja.com.ar\\\/sitio\\\/#organization\"},\"potentialAction\":[{\"@type\":\"SearchAction\",\"target\":{\"@type\":\"EntryPoint\",\"urlTemplate\":\"https:\\\/\\\/laredlarioja.com.ar\\\/sitio\\\/?s={search_term_string}\"},\"query-input\":{\"@type\":\"PropertyValueSpecification\",\"valueRequired\":true,\"valueName\":\"search_term_string\"}}],\"inLanguage\":\"es\"},{\"@type\":\"Organization\",\"@id\":\"https:\\\/\\\/laredlarioja.com.ar\\\/sitio\\\/#organization\",\"name\":\"LA RED 88.3 LA RIOJA\",\"url\":\"https:\\\/\\\/laredlarioja.com.ar\\\/sitio\\\/\",\"logo\":{\"@type\":\"ImageObject\",\"inLanguage\":\"es\",\"@id\":\"https:\\\/\\\/laredlarioja.com.ar\\\/sitio\\\/#\\\/schema\\\/logo\\\/image\\\/\",\"url\":\"https:\\\/\\\/laredlarioja.com.ar\\\/sitio\\\/wp-content\\\/uploads\\\/2025\\\/05\\\/LOGO-LA-RED.png\",\"contentUrl\":\"https:\\\/\\\/laredlarioja.com.ar\\\/sitio\\\/wp-content\\\/uploads\\\/2025\\\/05\\\/LOGO-LA-RED.png\",\"width\":193,\"height\":340,\"caption\":\"LA RED 88.3 LA RIOJA\"},\"image\":{\"@id\":\"https:\\\/\\\/laredlarioja.com.ar\\\/sitio\\\/#\\\/schema\\\/logo\\\/image\\\/\"},\"sameAs\":[\"https:\\\/\\\/www.facebook.com\\\/lared.larioja\",\"https:\\\/\\\/x.com\\\/laredlarioja1\",\"https:\\\/\\\/www.instagram.com\\\/lared_larioja\\\/\"]},{\"@type\":\"Person\",\"@id\":\"https:\\\/\\\/laredlarioja.com.ar\\\/sitio\\\/#\\\/schema\\\/person\\\/31f88059d20c5cf06e974fd895aec56e\",\"name\":\"Anabella Soria\",\"url\":\"https:\\\/\\\/laredlarioja.com.ar\\\/sitio\\\/author\\\/asoria\\\/\"}]}<\/script>\n<!-- \/ Yoast SEO plugin. -->","yoast_head_json":{"title":"La Secretaria de Trabajo determin\u00f3 que es ilegal el paro de AMP - LA RED 88.3 LA RIOJA","robots":{"index":"index","follow":"follow","max-snippet":"max-snippet:-1","max-image-preview":"max-image-preview:large","max-video-preview":"max-video-preview:-1"},"canonical":"https:\/\/laredlarioja.com.ar\/sitio\/la-secretaria-de-trabajo-determino-que-es-ilegal-el-paro-de-amp\/","og_locale":"es_ES","og_type":"article","og_title":"La Secretaria de Trabajo determin\u00f3 que es ilegal el paro de AMP - LA RED 88.3 LA RIOJA","og_description":"La secretaria de Trabajo intervino en el conflicto docente y consider\u00f3 ilegal la medida de fuerza por no","og_url":"https:\/\/laredlarioja.com.ar\/sitio\/la-secretaria-de-trabajo-determino-que-es-ilegal-el-paro-de-amp\/","og_site_name":"LA RED 88.3 LA RIOJA","article_publisher":"https:\/\/www.facebook.com\/lared.larioja","article_published_time":"2024-09-30T21:29:07+00:00","article_modified_time":"2024-10-01T21:57:16+00:00","og_image":[{"width":970,"height":500,"url":"https:\/\/laredlarioja.com.ar\/sitio\/wp-content\/uploads\/2024\/01\/aulas-vacias.jpg","type":"image\/jpeg"}],"author":"Anabella Soria","twitter_card":"summary_large_image","twitter_creator":"@laredlarioja1","twitter_site":"@laredlarioja1","twitter_misc":{"Escrito por":"Anabella Soria","Tiempo de lectura":"2 minutos"},"schema":{"@context":"https:\/\/schema.org","@graph":[{"@type":"Article","@id":"https:\/\/laredlarioja.com.ar\/sitio\/la-secretaria-de-trabajo-determino-que-es-ilegal-el-paro-de-amp\/#article","isPartOf":{"@id":"https:\/\/laredlarioja.com.ar\/sitio\/la-secretaria-de-trabajo-determino-que-es-ilegal-el-paro-de-amp\/"},"author":{"name":"Anabella Soria","@id":"https:\/\/laredlarioja.com.ar\/sitio\/#\/schema\/person\/31f88059d20c5cf06e974fd895aec56e"},"headline":"La Secretaria de Trabajo determin\u00f3 que es ilegal el paro de AMP","datePublished":"2024-09-30T21:29:07+00:00","dateModified":"2024-10-01T21:57:16+00:00","mainEntityOfPage":{"@id":"https:\/\/laredlarioja.com.ar\/sitio\/la-secretaria-de-trabajo-determino-que-es-ilegal-el-paro-de-amp\/"},"wordCount":142,"publisher":{"@id":"https:\/\/laredlarioja.com.ar\/sitio\/#organization"},"image":{"@id":"https:\/\/laredlarioja.com.ar\/sitio\/la-secretaria-de-trabajo-determino-que-es-ilegal-el-paro-de-amp\/#primaryimage"},"thumbnailUrl":"https:\/\/laredlarioja.com.ar\/sitio\/wp-content\/uploads\/2024\/01\/aulas-vacias.jpg","articleSection":["Locales"],"inLanguage":"es"},{"@type":"WebPage","@id":"https:\/\/laredlarioja.com.ar\/sitio\/la-secretaria-de-trabajo-determino-que-es-ilegal-el-paro-de-amp\/","url":"https:\/\/laredlarioja.com.ar\/sitio\/la-secretaria-de-trabajo-determino-que-es-ilegal-el-paro-de-amp\/","name":"La Secretaria de Trabajo determin\u00f3 que es ilegal el paro de AMP - LA RED 88.3 LA RIOJA","isPartOf":{"@id":"https:\/\/laredlarioja.com.ar\/sitio\/#website"},"primaryImageOfPage":{"@id":"https:\/\/laredlarioja.com.ar\/sitio\/la-secretaria-de-trabajo-determino-que-es-ilegal-el-paro-de-amp\/#primaryimage"},"image":{"@id":"https:\/\/laredlarioja.com.ar\/sitio\/la-secretaria-de-trabajo-determino-que-es-ilegal-el-paro-de-amp\/#primaryimage"},"thumbnailUrl":"https:\/\/laredlarioja.com.ar\/sitio\/wp-content\/uploads\/2024\/01\/aulas-vacias.jpg","datePublished":"2024-09-30T21:29:07+00:00","dateModified":"2024-10-01T21:57:16+00:00","breadcrumb":{"@id":"https:\/\/laredlarioja.com.ar\/sitio\/la-secretaria-de-trabajo-determino-que-es-ilegal-el-paro-de-amp\/#breadcrumb"},"inLanguage":"es","potentialAction":[{"@type":"ReadAction","target":["https:\/\/laredlarioja.com.ar\/sitio\/la-secretaria-de-trabajo-determino-que-es-ilegal-el-paro-de-amp\/"]}]},{"@type":"ImageObject","inLanguage":"es","@id":"https:\/\/laredlarioja.com.ar\/sitio\/la-secretaria-de-trabajo-determino-que-es-ilegal-el-paro-de-amp\/#primaryimage","url":"https:\/\/laredlarioja.com.ar\/sitio\/wp-content\/uploads\/2024\/01\/aulas-vacias.jpg","contentUrl":"https:\/\/laredlarioja.com.ar\/sitio\/wp-content\/uploads\/2024\/01\/aulas-vacias.jpg","width":970,"height":500},{"@type":"BreadcrumbList","@id":"https:\/\/laredlarioja.com.ar\/sitio\/la-secretaria-de-trabajo-determino-que-es-ilegal-el-paro-de-amp\/#breadcrumb","itemListElement":[{"@type":"ListItem","position":1,"name":"Portada","item":"https:\/\/laredlarioja.com.ar\/sitio\/"},{"@type":"ListItem","position":2,"name":"La Secretaria de Trabajo determin\u00f3 que es ilegal el paro de AMP"}]},{"@type":"WebSite","@id":"https:\/\/laredlarioja.com.ar\/sitio\/#website","url":"https:\/\/laredlarioja.com.ar\/sitio\/","name":"LA RED 88.3 LA RIOJA","description":"Sitio de Noticias","publisher":{"@id":"https:\/\/laredlarioja.com.ar\/sitio\/#organization"},"potentialAction":[{"@type":"SearchAction","target":{"@type":"EntryPoint","urlTemplate":"https:\/\/laredlarioja.com.ar\/sitio\/?s={search_term_string}"},"query-input":{"@type":"PropertyValueSpecification","valueRequired":true,"valueName":"search_term_string"}}],"inLanguage":"es"},{"@type":"Organization","@id":"https:\/\/laredlarioja.com.ar\/sitio\/#organization","name":"LA RED 88.3 LA RIOJA","url":"https:\/\/laredlarioja.com.ar\/sitio\/","logo":{"@type":"ImageObject","inLanguage":"es","@id":"https:\/\/laredlarioja.com.ar\/sitio\/#\/schema\/logo\/image\/","url":"https:\/\/laredlarioja.com.ar\/sitio\/wp-content\/uploads\/2025\/05\/LOGO-LA-RED.png","contentUrl":"https:\/\/laredlarioja.com.ar\/sitio\/wp-content\/uploads\/2025\/05\/LOGO-LA-RED.png","width":193,"height":340,"caption":"LA RED 88.3 LA RIOJA"},"image":{"@id":"https:\/\/laredlarioja.com.ar\/sitio\/#\/schema\/logo\/image\/"},"sameAs":["https:\/\/www.facebook.com\/lared.larioja","https:\/\/x.com\/laredlarioja1","https:\/\/www.instagram.com\/lared_larioja\/"]},{"@type":"Person","@id":"https:\/\/laredlarioja.com.ar\/sitio\/#\/schema\/person\/31f88059d20c5cf06e974fd895aec56e","name":"Anabella Soria","url":"https:\/\/laredlarioja.com.ar\/sitio\/author\/asoria\/"}]}},"featured_image_urls":{"full":["https:\/\/laredlarioja.com.ar\/sitio\/wp-content\/uploads\/2024\/01\/aulas-vacias.jpg",970,500,false],"thumbnail":["https:\/\/laredlarioja.com.ar\/sitio\/wp-content\/uploads\/2024\/01\/aulas-vacias-150x150.jpg",150,150,true],"medium":["https:\/\/laredlarioja.com.ar\/sitio\/wp-content\/uploads\/2024\/01\/aulas-vacias-300x155.jpg",300,155,true],"medium_large":["https:\/\/laredlarioja.com.ar\/sitio\/wp-content\/uploads\/2024\/01\/aulas-vacias-768x396.jpg",640,330,true],"large":["https:\/\/laredlarioja.com.ar\/sitio\/wp-content\/uploads\/2024\/01\/aulas-vacias.jpg",640,330,false],"1536x1536":["https:\/\/laredlarioja.com.ar\/sitio\/wp-content\/uploads\/2024\/01\/aulas-vacias.jpg",970,500,false],"2048x2048":["https:\/\/laredlarioja.com.ar\/sitio\/wp-content\/uploads\/2024\/01\/aulas-vacias.jpg",970,500,false],"cvmm-medium":["https:\/\/laredlarioja.com.ar\/sitio\/wp-content\/uploads\/2024\/01\/aulas-vacias-300x300.jpg",300,300,true],"cvmm-medium-plus":["https:\/\/laredlarioja.com.ar\/sitio\/wp-content\/uploads\/2024\/01\/aulas-vacias-305x207.jpg",305,207,true],"cvmm-portrait":["https:\/\/laredlarioja.com.ar\/sitio\/wp-content\/uploads\/2024\/01\/aulas-vacias-400x500.jpg",400,500,true],"cvmm-medium-square":["https:\/\/laredlarioja.com.ar\/sitio\/wp-content\/uploads\/2024\/01\/aulas-vacias-600x500.jpg",600,500,true],"cvmm-large":["https:\/\/laredlarioja.com.ar\/sitio\/wp-content\/uploads\/2024\/01\/aulas-vacias.jpg",970,500,false],"cvmm-small":["https:\/\/laredlarioja.com.ar\/sitio\/wp-content\/uploads\/2024\/01\/aulas-vacias-130x95.jpg",130,95,true],"morenews-large":["https:\/\/laredlarioja.com.ar\/sitio\/wp-content\/uploads\/2024\/01\/aulas-vacias-825x500.jpg",825,500,true],"morenews-medium":["https:\/\/laredlarioja.com.ar\/sitio\/wp-content\/uploads\/2024\/01\/aulas-vacias-590x410.jpg",590,410,true]},"author_info":{"display_name":"Anabella Soria","author_link":"https:\/\/laredlarioja.com.ar\/sitio\/author\/asoria\/"},"category_info":"<a href=\"https:\/\/laredlarioja.com.ar\/sitio\/categorias\/locales\/\" rel=\"category tag\">Locales<\/a>","tag_info":"Locales","comment_count":"0","blog_post_layout_featured_media_urls":{"thumbnail":["https:\/\/laredlarioja.com.ar\/sitio\/wp-content\/uploads\/2024\/01\/aulas-vacias-150x150.jpg",150,150,true],"full":["https:\/\/laredlarioja.com.ar\/sitio\/wp-content\/uploads\/2024\/01\/aulas-vacias.jpg",970,500,false]},"categories_names":{"94":{"name":"Locales","link":"https:\/\/laredlarioja.com.ar\/sitio\/categorias\/locales\/"}},"tags_names":[],"comments_number":"0","wpmagazine_modules_lite_featured_media_urls":{"thumbnail":["https:\/\/laredlarioja.com.ar\/sitio\/wp-content\/uploads\/2024\/01\/aulas-vacias-150x150.jpg",150,150,true],"cvmm-medium":["https:\/\/laredlarioja.com.ar\/sitio\/wp-content\/uploads\/2024\/01\/aulas-vacias-300x300.jpg",300,300,true],"cvmm-medium-plus":["https:\/\/laredlarioja.com.ar\/sitio\/wp-content\/uploads\/2024\/01\/aulas-vacias-305x207.jpg",305,207,true],"cvmm-portrait":["https:\/\/laredlarioja.com.ar\/sitio\/wp-content\/uploads\/2024\/01\/aulas-vacias-400x500.jpg",400,500,true],"cvmm-medium-square":["https:\/\/laredlarioja.com.ar\/sitio\/wp-content\/uploads\/2024\/01\/aulas-vacias-600x500.jpg",600,500,true],"cvmm-large":["https:\/\/laredlarioja.com.ar\/sitio\/wp-content\/uploads\/2024\/01\/aulas-vacias.jpg",970,500,false],"cvmm-small":["https:\/\/laredlarioja.com.ar\/sitio\/wp-content\/uploads\/2024\/01\/aulas-vacias-130x95.jpg",130,95,true],"full":["https:\/\/laredlarioja.com.ar\/sitio\/wp-content\/uploads\/2024\/01\/aulas-vacias.jpg",970,500,false]},"_links":{"self":[{"href":"https:\/\/laredlarioja.com.ar\/sitio\/wp-json\/wp\/v2\/posts\/52620","targetHints":{"allow":["GET"]}}],"collection":[{"href":"https:\/\/laredlarioja.com.ar\/sitio\/wp-json\/wp\/v2\/posts"}],"about":[{"href":"https:\/\/laredlarioja.com.ar\/sitio\/wp-json\/wp\/v2\/types\/post"}],"author":[{"embeddable":true,"href":"https:\/\/laredlarioja.com.ar\/sitio\/wp-json\/wp\/v2\/users\/7"}],"replies":[{"embeddable":true,"href":"https:\/\/laredlarioja.com.ar\/sitio\/wp-json\/wp\/v2\/comments?post=52620"}],"version-history":[{"count":3,"href":"https:\/\/laredlarioja.com.ar\/sitio\/wp-json\/wp\/v2\/posts\/52620\/revisions"}],"predecessor-version":[{"id":52628,"href":"https:\/\/laredlarioja.com.ar\/sitio\/wp-json\/wp\/v2\/posts\/52620\/revisions\/52628"}],"wp:featuredmedia":[{"embeddable":true,"href":"https:\/\/laredlarioja.com.ar\/sitio\/wp-json\/wp\/v2\/media\/41556"}],"wp:attachment":[{"href":"https:\/\/laredlarioja.com.ar\/sitio\/wp-json\/wp\/v2\/media?parent=52620"}],"wp:term":[{"taxonomy":"category","embeddable":true,"href":"https:\/\/laredlarioja.com.ar\/sitio\/wp-json\/wp\/v2\/categories?post=52620"},{"taxonomy":"post_tag","embeddable":true,"href":"https:\/\/laredlarioja.com.ar\/sitio\/wp-json\/wp\/v2\/tags?post=52620"}],"curies":[{"name":"wp","href":"https:\/\/api.w.org\/{rel}","templated":true}]}}