{"id":53926,"date":"2024-10-28T22:32:53","date_gmt":"2024-10-28T22:32:53","guid":{"rendered":"https:\/\/laredlarioja.com.ar\/sitio\/?p=53926"},"modified":"2024-10-29T15:05:17","modified_gmt":"2024-10-29T15:05:17","slug":"elecciones-en-el-pj-quintela-pidio-a-la-justicia-que-se-revoque-la-prohibicion-de-su-lista","status":"publish","type":"post","link":"https:\/\/laredlarioja.com.ar\/sitio\/elecciones-en-el-pj-quintela-pidio-a-la-justicia-que-se-revoque-la-prohibicion-de-su-lista\/","title":{"rendered":"Elecciones en el PJ: Quintela pidi\u00f3 a la Justicia que se revoque la prohibici\u00f3n de su lista"},"content":{"rendered":"<p>Los apoderados de la lista que encabeza el gobernador de La Rioja, Ricardo Quintela, presentaron un recurso de apelaci\u00f3n en la Justicia Federal con el objetivo de que se habilite su candidatura para competir en la interna del Partido Justicialista. Con cr\u00edticas a la Junta Electoral, Jorge Yoma, <a href=\"https:\/\/laredlarioja.com.ar\/sitio\/pediran-a-la-servini-de-cubria-que-oficialice-la-lista-de-quintela-para-las-elecciones-internas-del-pj\/\">Daniel Llermanos<\/a> y Sandra Vanni solicitaron ante la jueza federal, con competencia electoral, Mar\u00eda Servini\u00a0 que \u00ab<strong>se<\/strong> <strong>revoque la resoluci\u00f3n que por ser manifiestamente violatoria de las disposiciones de la C\u00e1mara Electoral Nacional y afectar derechos y garant\u00edas constitucionales y pol\u00edticas fundamentales\u00bb. \u00ab<\/strong>La Resoluci\u00f3n de la Junta Electoral al rechazar la oficializaci\u00f3n de la Lista que representamos (Federales, un grito de coraz\u00f3n) causa gravamen irreparable pues afecta derechos pol\u00edticos y garant\u00edas constitucionales, a candidatos y electores, afirman.<\/p>\n<p>Piden a la Justicia que <strong>\u201chaga lugar a la posibilidad de competir en las pr\u00f3ximas elecciones y que sean los votos de los afiliados los que resuelvan qui\u00e9nes deben conducir el Partido Justicialista\u201d.<\/strong><\/p>\n<p>Aseguran que \u00ablos avales fueron presentados en tiempo y forma -personalmente por los Apoderados- conforme las disposiciones estipuladas por el Reglamento Electoral y los Anexos y en presencia de m\u00e1s de cincuenta afiliados al Partido cuyo testimonio se ofrece para el supuesto de una Instrucci\u00f3n Suplementaria. Esta cuesti\u00f3n causa gravamen irreparable pues se afirm\u00f3 sin una m\u00ednima prueba acreditante que las planillas no reun\u00edan los requisitos exigidos por la normativa partidaria, situaci\u00f3n \u00e9sta que carece de total veracidad y no se ajusta a la verdad real\u00bb.<\/p>\n<p>Entre las acusaciones a la Junta Electoral mencionan \u201csu accionar parcializado de la y que fuera oportunamente denunciado por esta representaci\u00f3n\u201d. \u00a0\u201cNos impidi\u00f3 fiscalizar y verificar planillas supuestamente observadas y paralelamente, controlar la documentaci\u00f3n de la Lista PRIMERO LA PATRIA, cuya exhibici\u00f3n nos fue negada\u201d.<\/p>\n<a href=\"https:\/\/laredlarioja.com.ar\/sitio\/wp-content\/uploads\/2024\/10\/federales-un-grito-de-corazon-apelacion.pdf\" class=\"pdfemb-viewer\" style=\"\" data-width=\"max\" data-height=\"max\" data-toolbar=\"bottom\" data-toolbar-fixed=\"off\">federales un grito de coraz\u00f3n - apelaci\u00f3n<\/a>\n","protected":false},"excerpt":{"rendered":"<p>Los apoderados de la lista que encabeza el gobernador de La Rioja, Ricardo Quintela, presentaron un recurso de<\/p>\n","protected":false},"author":10,"featured_media":41509,"comment_status":"closed","ping_status":"open","sticky":false,"template":"","format":"standard","meta":{"footnotes":""},"categories":[23],"tags":[92],"class_list":["post-53926","post","type-post","status-publish","format-standard","has-post-thumbnail","hentry","category-politica","tag-secundarias"],"yoast_head":"<!-- This site is optimized with the Yoast SEO plugin v27.4 - https:\/\/yoast.com\/product\/yoast-seo-wordpress\/ -->\n<title>Elecciones en el PJ: Quintela pidi\u00f3 a la Justicia que se revoque la prohibici\u00f3n de su lista - LA RED 88.3 LA RIOJA<\/title>\n<meta name=\"robots\" content=\"index, follow, max-snippet:-1, max-image-preview:large, max-video-preview:-1\" \/>\n<link rel=\"canonical\" href=\"https:\/\/laredlarioja.com.ar\/sitio\/elecciones-en-el-pj-quintela-pidio-a-la-justicia-que-se-revoque-la-prohibicion-de-su-lista\/\" \/>\n<meta property=\"og:locale\" content=\"es_ES\" \/>\n<meta property=\"og:type\" content=\"article\" \/>\n<meta property=\"og:title\" content=\"Elecciones en el PJ: Quintela pidi\u00f3 a la Justicia que se revoque la prohibici\u00f3n de su lista - LA RED 88.3 LA RIOJA\" \/>\n<meta property=\"og:description\" content=\"Los apoderados de la lista que encabeza el gobernador de La Rioja, Ricardo Quintela, presentaron un recurso de\" \/>\n<meta property=\"og:url\" content=\"https:\/\/laredlarioja.com.ar\/sitio\/elecciones-en-el-pj-quintela-pidio-a-la-justicia-que-se-revoque-la-prohibicion-de-su-lista\/\" \/>\n<meta property=\"og:site_name\" content=\"LA RED 88.3 LA RIOJA\" \/>\n<meta property=\"article:publisher\" content=\"https:\/\/www.facebook.com\/lared.larioja\" \/>\n<meta property=\"article:published_time\" content=\"2024-10-28T22:32:53+00:00\" \/>\n<meta property=\"article:modified_time\" content=\"2024-10-29T15:05:17+00:00\" \/>\n<meta property=\"og:image\" content=\"https:\/\/laredlarioja.com.ar\/sitio\/wp-content\/uploads\/2024\/01\/quintela-1jpg.jpg\" \/>\n\t<meta property=\"og:image:width\" content=\"655\" \/>\n\t<meta property=\"og:image:height\" content=\"460\" \/>\n\t<meta property=\"og:image:type\" content=\"image\/jpeg\" \/>\n<meta name=\"author\" content=\"La Red\" \/>\n<meta name=\"twitter:card\" content=\"summary_large_image\" \/>\n<meta name=\"twitter:creator\" content=\"@laredlarioja1\" \/>\n<meta name=\"twitter:site\" content=\"@laredlarioja1\" \/>\n<meta name=\"twitter:label1\" content=\"Escrito por\" \/>\n\t<meta name=\"twitter:data1\" content=\"La Red\" \/>\n\t<meta name=\"twitter:label2\" content=\"Tiempo de lectura\" \/>\n\t<meta name=\"twitter:data2\" content=\"2 minutos\" \/>\n<script type=\"application\/ld+json\" class=\"yoast-schema-graph\">{\"@context\":\"https:\\\/\\\/schema.org\",\"@graph\":[{\"@type\":\"Article\",\"@id\":\"https:\\\/\\\/laredlarioja.com.ar\\\/sitio\\\/elecciones-en-el-pj-quintela-pidio-a-la-justicia-que-se-revoque-la-prohibicion-de-su-lista\\\/#article\",\"isPartOf\":{\"@id\":\"https:\\\/\\\/laredlarioja.com.ar\\\/sitio\\\/elecciones-en-el-pj-quintela-pidio-a-la-justicia-que-se-revoque-la-prohibicion-de-su-lista\\\/\"},\"author\":{\"name\":\"La Red\",\"@id\":\"https:\\\/\\\/laredlarioja.com.ar\\\/sitio\\\/#\\\/schema\\\/person\\\/f1e213867beccedaaa4fb548d9259d9a\"},\"headline\":\"Elecciones en el PJ: Quintela pidi\u00f3 a la Justicia que se revoque la prohibici\u00f3n de su lista\",\"datePublished\":\"2024-10-28T22:32:53+00:00\",\"dateModified\":\"2024-10-29T15:05:17+00:00\",\"mainEntityOfPage\":{\"@id\":\"https:\\\/\\\/laredlarioja.com.ar\\\/sitio\\\/elecciones-en-el-pj-quintela-pidio-a-la-justicia-que-se-revoque-la-prohibicion-de-su-lista\\\/\"},\"wordCount\":351,\"publisher\":{\"@id\":\"https:\\\/\\\/laredlarioja.com.ar\\\/sitio\\\/#organization\"},\"image\":{\"@id\":\"https:\\\/\\\/laredlarioja.com.ar\\\/sitio\\\/elecciones-en-el-pj-quintela-pidio-a-la-justicia-que-se-revoque-la-prohibicion-de-su-lista\\\/#primaryimage\"},\"thumbnailUrl\":\"https:\\\/\\\/laredlarioja.com.ar\\\/sitio\\\/wp-content\\\/uploads\\\/2024\\\/01\\\/quintela-1jpg.jpg\",\"keywords\":[\"Secundarias\"],\"articleSection\":[\"Pol\u00edtica\"],\"inLanguage\":\"es\"},{\"@type\":\"WebPage\",\"@id\":\"https:\\\/\\\/laredlarioja.com.ar\\\/sitio\\\/elecciones-en-el-pj-quintela-pidio-a-la-justicia-que-se-revoque-la-prohibicion-de-su-lista\\\/\",\"url\":\"https:\\\/\\\/laredlarioja.com.ar\\\/sitio\\\/elecciones-en-el-pj-quintela-pidio-a-la-justicia-que-se-revoque-la-prohibicion-de-su-lista\\\/\",\"name\":\"Elecciones en el PJ: Quintela pidi\u00f3 a la Justicia que se revoque la prohibici\u00f3n de su lista - LA RED 88.3 LA RIOJA\",\"isPartOf\":{\"@id\":\"https:\\\/\\\/laredlarioja.com.ar\\\/sitio\\\/#website\"},\"primaryImageOfPage\":{\"@id\":\"https:\\\/\\\/laredlarioja.com.ar\\\/sitio\\\/elecciones-en-el-pj-quintela-pidio-a-la-justicia-que-se-revoque-la-prohibicion-de-su-lista\\\/#primaryimage\"},\"image\":{\"@id\":\"https:\\\/\\\/laredlarioja.com.ar\\\/sitio\\\/elecciones-en-el-pj-quintela-pidio-a-la-justicia-que-se-revoque-la-prohibicion-de-su-lista\\\/#primaryimage\"},\"thumbnailUrl\":\"https:\\\/\\\/laredlarioja.com.ar\\\/sitio\\\/wp-content\\\/uploads\\\/2024\\\/01\\\/quintela-1jpg.jpg\",\"datePublished\":\"2024-10-28T22:32:53+00:00\",\"dateModified\":\"2024-10-29T15:05:17+00:00\",\"breadcrumb\":{\"@id\":\"https:\\\/\\\/laredlarioja.com.ar\\\/sitio\\\/elecciones-en-el-pj-quintela-pidio-a-la-justicia-que-se-revoque-la-prohibicion-de-su-lista\\\/#breadcrumb\"},\"inLanguage\":\"es\",\"potentialAction\":[{\"@type\":\"ReadAction\",\"target\":[\"https:\\\/\\\/laredlarioja.com.ar\\\/sitio\\\/elecciones-en-el-pj-quintela-pidio-a-la-justicia-que-se-revoque-la-prohibicion-de-su-lista\\\/\"]}]},{\"@type\":\"ImageObject\",\"inLanguage\":\"es\",\"@id\":\"https:\\\/\\\/laredlarioja.com.ar\\\/sitio\\\/elecciones-en-el-pj-quintela-pidio-a-la-justicia-que-se-revoque-la-prohibicion-de-su-lista\\\/#primaryimage\",\"url\":\"https:\\\/\\\/laredlarioja.com.ar\\\/sitio\\\/wp-content\\\/uploads\\\/2024\\\/01\\\/quintela-1jpg.jpg\",\"contentUrl\":\"https:\\\/\\\/laredlarioja.com.ar\\\/sitio\\\/wp-content\\\/uploads\\\/2024\\\/01\\\/quintela-1jpg.jpg\",\"width\":655,\"height\":460},{\"@type\":\"BreadcrumbList\",\"@id\":\"https:\\\/\\\/laredlarioja.com.ar\\\/sitio\\\/elecciones-en-el-pj-quintela-pidio-a-la-justicia-que-se-revoque-la-prohibicion-de-su-lista\\\/#breadcrumb\",\"itemListElement\":[{\"@type\":\"ListItem\",\"position\":1,\"name\":\"Portada\",\"item\":\"https:\\\/\\\/laredlarioja.com.ar\\\/sitio\\\/\"},{\"@type\":\"ListItem\",\"position\":2,\"name\":\"Elecciones en el PJ: Quintela pidi\u00f3 a la Justicia que se revoque la prohibici\u00f3n de su lista\"}]},{\"@type\":\"WebSite\",\"@id\":\"https:\\\/\\\/laredlarioja.com.ar\\\/sitio\\\/#website\",\"url\":\"https:\\\/\\\/laredlarioja.com.ar\\\/sitio\\\/\",\"name\":\"LA RED 88.3 LA RIOJA\",\"description\":\"Sitio de Noticias\",\"publisher\":{\"@id\":\"https:\\\/\\\/laredlarioja.com.ar\\\/sitio\\\/#organization\"},\"potentialAction\":[{\"@type\":\"SearchAction\",\"target\":{\"@type\":\"EntryPoint\",\"urlTemplate\":\"https:\\\/\\\/laredlarioja.com.ar\\\/sitio\\\/?s={search_term_string}\"},\"query-input\":{\"@type\":\"PropertyValueSpecification\",\"valueRequired\":true,\"valueName\":\"search_term_string\"}}],\"inLanguage\":\"es\"},{\"@type\":\"Organization\",\"@id\":\"https:\\\/\\\/laredlarioja.com.ar\\\/sitio\\\/#organization\",\"name\":\"LA RED 88.3 LA RIOJA\",\"url\":\"https:\\\/\\\/laredlarioja.com.ar\\\/sitio\\\/\",\"logo\":{\"@type\":\"ImageObject\",\"inLanguage\":\"es\",\"@id\":\"https:\\\/\\\/laredlarioja.com.ar\\\/sitio\\\/#\\\/schema\\\/logo\\\/image\\\/\",\"url\":\"https:\\\/\\\/laredlarioja.com.ar\\\/sitio\\\/wp-content\\\/uploads\\\/2025\\\/05\\\/LOGO-LA-RED.png\",\"contentUrl\":\"https:\\\/\\\/laredlarioja.com.ar\\\/sitio\\\/wp-content\\\/uploads\\\/2025\\\/05\\\/LOGO-LA-RED.png\",\"width\":193,\"height\":340,\"caption\":\"LA RED 88.3 LA RIOJA\"},\"image\":{\"@id\":\"https:\\\/\\\/laredlarioja.com.ar\\\/sitio\\\/#\\\/schema\\\/logo\\\/image\\\/\"},\"sameAs\":[\"https:\\\/\\\/www.facebook.com\\\/lared.larioja\",\"https:\\\/\\\/x.com\\\/laredlarioja1\",\"https:\\\/\\\/www.instagram.com\\\/lared_larioja\\\/\"]},{\"@type\":\"Person\",\"@id\":\"https:\\\/\\\/laredlarioja.com.ar\\\/sitio\\\/#\\\/schema\\\/person\\\/f1e213867beccedaaa4fb548d9259d9a\",\"name\":\"La Red\",\"url\":\"https:\\\/\\\/laredlarioja.com.ar\\\/sitio\\\/author\\\/lared\\\/\"}]}<\/script>\n<!-- \/ Yoast SEO plugin. -->","yoast_head_json":{"title":"Elecciones en el PJ: Quintela pidi\u00f3 a la Justicia que se revoque la prohibici\u00f3n de su lista - LA RED 88.3 LA RIOJA","robots":{"index":"index","follow":"follow","max-snippet":"max-snippet:-1","max-image-preview":"max-image-preview:large","max-video-preview":"max-video-preview:-1"},"canonical":"https:\/\/laredlarioja.com.ar\/sitio\/elecciones-en-el-pj-quintela-pidio-a-la-justicia-que-se-revoque-la-prohibicion-de-su-lista\/","og_locale":"es_ES","og_type":"article","og_title":"Elecciones en el PJ: Quintela pidi\u00f3 a la Justicia que se revoque la prohibici\u00f3n de su lista - LA RED 88.3 LA RIOJA","og_description":"Los apoderados de la lista que encabeza el gobernador de La Rioja, Ricardo Quintela, presentaron un recurso de","og_url":"https:\/\/laredlarioja.com.ar\/sitio\/elecciones-en-el-pj-quintela-pidio-a-la-justicia-que-se-revoque-la-prohibicion-de-su-lista\/","og_site_name":"LA RED 88.3 LA RIOJA","article_publisher":"https:\/\/www.facebook.com\/lared.larioja","article_published_time":"2024-10-28T22:32:53+00:00","article_modified_time":"2024-10-29T15:05:17+00:00","og_image":[{"width":655,"height":460,"url":"https:\/\/laredlarioja.com.ar\/sitio\/wp-content\/uploads\/2024\/01\/quintela-1jpg.jpg","type":"image\/jpeg"}],"author":"La Red","twitter_card":"summary_large_image","twitter_creator":"@laredlarioja1","twitter_site":"@laredlarioja1","twitter_misc":{"Escrito por":"La Red","Tiempo de lectura":"2 minutos"},"schema":{"@context":"https:\/\/schema.org","@graph":[{"@type":"Article","@id":"https:\/\/laredlarioja.com.ar\/sitio\/elecciones-en-el-pj-quintela-pidio-a-la-justicia-que-se-revoque-la-prohibicion-de-su-lista\/#article","isPartOf":{"@id":"https:\/\/laredlarioja.com.ar\/sitio\/elecciones-en-el-pj-quintela-pidio-a-la-justicia-que-se-revoque-la-prohibicion-de-su-lista\/"},"author":{"name":"La Red","@id":"https:\/\/laredlarioja.com.ar\/sitio\/#\/schema\/person\/f1e213867beccedaaa4fb548d9259d9a"},"headline":"Elecciones en el PJ: Quintela pidi\u00f3 a la Justicia que se revoque la prohibici\u00f3n de su lista","datePublished":"2024-10-28T22:32:53+00:00","dateModified":"2024-10-29T15:05:17+00:00","mainEntityOfPage":{"@id":"https:\/\/laredlarioja.com.ar\/sitio\/elecciones-en-el-pj-quintela-pidio-a-la-justicia-que-se-revoque-la-prohibicion-de-su-lista\/"},"wordCount":351,"publisher":{"@id":"https:\/\/laredlarioja.com.ar\/sitio\/#organization"},"image":{"@id":"https:\/\/laredlarioja.com.ar\/sitio\/elecciones-en-el-pj-quintela-pidio-a-la-justicia-que-se-revoque-la-prohibicion-de-su-lista\/#primaryimage"},"thumbnailUrl":"https:\/\/laredlarioja.com.ar\/sitio\/wp-content\/uploads\/2024\/01\/quintela-1jpg.jpg","keywords":["Secundarias"],"articleSection":["Pol\u00edtica"],"inLanguage":"es"},{"@type":"WebPage","@id":"https:\/\/laredlarioja.com.ar\/sitio\/elecciones-en-el-pj-quintela-pidio-a-la-justicia-que-se-revoque-la-prohibicion-de-su-lista\/","url":"https:\/\/laredlarioja.com.ar\/sitio\/elecciones-en-el-pj-quintela-pidio-a-la-justicia-que-se-revoque-la-prohibicion-de-su-lista\/","name":"Elecciones en el PJ: Quintela pidi\u00f3 a la Justicia que se revoque la prohibici\u00f3n de su lista - LA RED 88.3 LA RIOJA","isPartOf":{"@id":"https:\/\/laredlarioja.com.ar\/sitio\/#website"},"primaryImageOfPage":{"@id":"https:\/\/laredlarioja.com.ar\/sitio\/elecciones-en-el-pj-quintela-pidio-a-la-justicia-que-se-revoque-la-prohibicion-de-su-lista\/#primaryimage"},"image":{"@id":"https:\/\/laredlarioja.com.ar\/sitio\/elecciones-en-el-pj-quintela-pidio-a-la-justicia-que-se-revoque-la-prohibicion-de-su-lista\/#primaryimage"},"thumbnailUrl":"https:\/\/laredlarioja.com.ar\/sitio\/wp-content\/uploads\/2024\/01\/quintela-1jpg.jpg","datePublished":"2024-10-28T22:32:53+00:00","dateModified":"2024-10-29T15:05:17+00:00","breadcrumb":{"@id":"https:\/\/laredlarioja.com.ar\/sitio\/elecciones-en-el-pj-quintela-pidio-a-la-justicia-que-se-revoque-la-prohibicion-de-su-lista\/#breadcrumb"},"inLanguage":"es","potentialAction":[{"@type":"ReadAction","target":["https:\/\/laredlarioja.com.ar\/sitio\/elecciones-en-el-pj-quintela-pidio-a-la-justicia-que-se-revoque-la-prohibicion-de-su-lista\/"]}]},{"@type":"ImageObject","inLanguage":"es","@id":"https:\/\/laredlarioja.com.ar\/sitio\/elecciones-en-el-pj-quintela-pidio-a-la-justicia-que-se-revoque-la-prohibicion-de-su-lista\/#primaryimage","url":"https:\/\/laredlarioja.com.ar\/sitio\/wp-content\/uploads\/2024\/01\/quintela-1jpg.jpg","contentUrl":"https:\/\/laredlarioja.com.ar\/sitio\/wp-content\/uploads\/2024\/01\/quintela-1jpg.jpg","width":655,"height":460},{"@type":"BreadcrumbList","@id":"https:\/\/laredlarioja.com.ar\/sitio\/elecciones-en-el-pj-quintela-pidio-a-la-justicia-que-se-revoque-la-prohibicion-de-su-lista\/#breadcrumb","itemListElement":[{"@type":"ListItem","position":1,"name":"Portada","item":"https:\/\/laredlarioja.com.ar\/sitio\/"},{"@type":"ListItem","position":2,"name":"Elecciones en el PJ: Quintela pidi\u00f3 a la Justicia que se revoque la prohibici\u00f3n de su lista"}]},{"@type":"WebSite","@id":"https:\/\/laredlarioja.com.ar\/sitio\/#website","url":"https:\/\/laredlarioja.com.ar\/sitio\/","name":"LA RED 88.3 LA RIOJA","description":"Sitio de Noticias","publisher":{"@id":"https:\/\/laredlarioja.com.ar\/sitio\/#organization"},"potentialAction":[{"@type":"SearchAction","target":{"@type":"EntryPoint","urlTemplate":"https:\/\/laredlarioja.com.ar\/sitio\/?s={search_term_string}"},"query-input":{"@type":"PropertyValueSpecification","valueRequired":true,"valueName":"search_term_string"}}],"inLanguage":"es"},{"@type":"Organization","@id":"https:\/\/laredlarioja.com.ar\/sitio\/#organization","name":"LA RED 88.3 LA RIOJA","url":"https:\/\/laredlarioja.com.ar\/sitio\/","logo":{"@type":"ImageObject","inLanguage":"es","@id":"https:\/\/laredlarioja.com.ar\/sitio\/#\/schema\/logo\/image\/","url":"https:\/\/laredlarioja.com.ar\/sitio\/wp-content\/uploads\/2025\/05\/LOGO-LA-RED.png","contentUrl":"https:\/\/laredlarioja.com.ar\/sitio\/wp-content\/uploads\/2025\/05\/LOGO-LA-RED.png","width":193,"height":340,"caption":"LA RED 88.3 LA RIOJA"},"image":{"@id":"https:\/\/laredlarioja.com.ar\/sitio\/#\/schema\/logo\/image\/"},"sameAs":["https:\/\/www.facebook.com\/lared.larioja","https:\/\/x.com\/laredlarioja1","https:\/\/www.instagram.com\/lared_larioja\/"]},{"@type":"Person","@id":"https:\/\/laredlarioja.com.ar\/sitio\/#\/schema\/person\/f1e213867beccedaaa4fb548d9259d9a","name":"La Red","url":"https:\/\/laredlarioja.com.ar\/sitio\/author\/lared\/"}]}},"featured_image_urls":{"full":["https:\/\/laredlarioja.com.ar\/sitio\/wp-content\/uploads\/2024\/01\/quintela-1jpg.jpg",655,460,false],"thumbnail":["https:\/\/laredlarioja.com.ar\/sitio\/wp-content\/uploads\/2024\/01\/quintela-1jpg-150x150.jpg",150,150,true],"medium":["https:\/\/laredlarioja.com.ar\/sitio\/wp-content\/uploads\/2024\/01\/quintela-1jpg-300x211.jpg",300,211,true],"medium_large":["https:\/\/laredlarioja.com.ar\/sitio\/wp-content\/uploads\/2024\/01\/quintela-1jpg.jpg",640,449,false],"large":["https:\/\/laredlarioja.com.ar\/sitio\/wp-content\/uploads\/2024\/01\/quintela-1jpg.jpg",640,449,false],"1536x1536":["https:\/\/laredlarioja.com.ar\/sitio\/wp-content\/uploads\/2024\/01\/quintela-1jpg.jpg",655,460,false],"2048x2048":["https:\/\/laredlarioja.com.ar\/sitio\/wp-content\/uploads\/2024\/01\/quintela-1jpg.jpg",655,460,false],"cvmm-medium":["https:\/\/laredlarioja.com.ar\/sitio\/wp-content\/uploads\/2024\/01\/quintela-1jpg-300x300.jpg",300,300,true],"cvmm-medium-plus":["https:\/\/laredlarioja.com.ar\/sitio\/wp-content\/uploads\/2024\/01\/quintela-1jpg-305x207.jpg",305,207,true],"cvmm-portrait":["https:\/\/laredlarioja.com.ar\/sitio\/wp-content\/uploads\/2024\/01\/quintela-1jpg-400x460.jpg",400,460,true],"cvmm-medium-square":["https:\/\/laredlarioja.com.ar\/sitio\/wp-content\/uploads\/2024\/01\/quintela-1jpg-600x460.jpg",600,460,true],"cvmm-large":["https:\/\/laredlarioja.com.ar\/sitio\/wp-content\/uploads\/2024\/01\/quintela-1jpg.jpg",655,460,false],"cvmm-small":["https:\/\/laredlarioja.com.ar\/sitio\/wp-content\/uploads\/2024\/01\/quintela-1jpg-130x95.jpg",130,95,true],"morenews-large":["https:\/\/laredlarioja.com.ar\/sitio\/wp-content\/uploads\/2024\/01\/quintela-1jpg.jpg",655,460,false],"morenews-medium":["https:\/\/laredlarioja.com.ar\/sitio\/wp-content\/uploads\/2024\/01\/quintela-1jpg-590x410.jpg",590,410,true]},"author_info":{"display_name":"La Red","author_link":"https:\/\/laredlarioja.com.ar\/sitio\/author\/lared\/"},"category_info":"<a href=\"https:\/\/laredlarioja.com.ar\/sitio\/categorias\/politica\/\" rel=\"category tag\">Pol\u00edtica<\/a>","tag_info":"Pol\u00edtica","comment_count":"0","blog_post_layout_featured_media_urls":{"thumbnail":["https:\/\/laredlarioja.com.ar\/sitio\/wp-content\/uploads\/2024\/01\/quintela-1jpg-150x150.jpg",150,150,true],"full":["https:\/\/laredlarioja.com.ar\/sitio\/wp-content\/uploads\/2024\/01\/quintela-1jpg.jpg",655,460,false]},"categories_names":{"23":{"name":"Pol\u00edtica","link":"https:\/\/laredlarioja.com.ar\/sitio\/categorias\/politica\/"}},"tags_names":{"92":{"name":"Secundarias","link":"https:\/\/laredlarioja.com.ar\/sitio\/etiquetas\/secundarias\/"}},"comments_number":"0","wpmagazine_modules_lite_featured_media_urls":{"thumbnail":["https:\/\/laredlarioja.com.ar\/sitio\/wp-content\/uploads\/2024\/01\/quintela-1jpg-150x150.jpg",150,150,true],"cvmm-medium":["https:\/\/laredlarioja.com.ar\/sitio\/wp-content\/uploads\/2024\/01\/quintela-1jpg-300x300.jpg",300,300,true],"cvmm-medium-plus":["https:\/\/laredlarioja.com.ar\/sitio\/wp-content\/uploads\/2024\/01\/quintela-1jpg-305x207.jpg",305,207,true],"cvmm-portrait":["https:\/\/laredlarioja.com.ar\/sitio\/wp-content\/uploads\/2024\/01\/quintela-1jpg-400x460.jpg",400,460,true],"cvmm-medium-square":["https:\/\/laredlarioja.com.ar\/sitio\/wp-content\/uploads\/2024\/01\/quintela-1jpg-600x460.jpg",600,460,true],"cvmm-large":["https:\/\/laredlarioja.com.ar\/sitio\/wp-content\/uploads\/2024\/01\/quintela-1jpg.jpg",655,460,false],"cvmm-small":["https:\/\/laredlarioja.com.ar\/sitio\/wp-content\/uploads\/2024\/01\/quintela-1jpg-130x95.jpg",130,95,true],"full":["https:\/\/laredlarioja.com.ar\/sitio\/wp-content\/uploads\/2024\/01\/quintela-1jpg.jpg",655,460,false]},"_links":{"self":[{"href":"https:\/\/laredlarioja.com.ar\/sitio\/wp-json\/wp\/v2\/posts\/53926","targetHints":{"allow":["GET"]}}],"collection":[{"href":"https:\/\/laredlarioja.com.ar\/sitio\/wp-json\/wp\/v2\/posts"}],"about":[{"href":"https:\/\/laredlarioja.com.ar\/sitio\/wp-json\/wp\/v2\/types\/post"}],"author":[{"embeddable":true,"href":"https:\/\/laredlarioja.com.ar\/sitio\/wp-json\/wp\/v2\/users\/10"}],"replies":[{"embeddable":true,"href":"https:\/\/laredlarioja.com.ar\/sitio\/wp-json\/wp\/v2\/comments?post=53926"}],"version-history":[{"count":3,"href":"https:\/\/laredlarioja.com.ar\/sitio\/wp-json\/wp\/v2\/posts\/53926\/revisions"}],"predecessor-version":[{"id":53936,"href":"https:\/\/laredlarioja.com.ar\/sitio\/wp-json\/wp\/v2\/posts\/53926\/revisions\/53936"}],"wp:featuredmedia":[{"embeddable":true,"href":"https:\/\/laredlarioja.com.ar\/sitio\/wp-json\/wp\/v2\/media\/41509"}],"wp:attachment":[{"href":"https:\/\/laredlarioja.com.ar\/sitio\/wp-json\/wp\/v2\/media?parent=53926"}],"wp:term":[{"taxonomy":"category","embeddable":true,"href":"https:\/\/laredlarioja.com.ar\/sitio\/wp-json\/wp\/v2\/categories?post=53926"},{"taxonomy":"post_tag","embeddable":true,"href":"https:\/\/laredlarioja.com.ar\/sitio\/wp-json\/wp\/v2\/tags?post=53926"}],"curies":[{"name":"wp","href":"https:\/\/api.w.org\/{rel}","templated":true}]}}