{"id":54512,"date":"2024-11-08T14:18:08","date_gmt":"2024-11-08T14:18:08","guid":{"rendered":"https:\/\/laredlarioja.com.ar\/sitio\/?p=54512"},"modified":"2024-11-11T13:08:55","modified_gmt":"2024-11-11T13:08:55","slug":"ser-salud-la-rioja-exige-recomposicion-salarial-urgente","status":"publish","type":"post","link":"https:\/\/laredlarioja.com.ar\/sitio\/ser-salud-la-rioja-exige-recomposicion-salarial-urgente\/","title":{"rendered":"Ser Salud exige recomposici\u00f3n salarial urgente"},"content":{"rendered":"<p>El gremio <strong>Ser Salud<\/strong> encabezado por su secretario general <strong>Roberto Carrizo,<\/strong> exige una recomposici\u00f3n salarial urgente y la consideraci\u00f3n de un segundo aguinaldo para los trabajadores de la salud. En di\u00e1logo con <strong>La Red,<\/strong> Carrizo expres\u00f3 su preocupaci\u00f3n por la situaci\u00f3n econ\u00f3mica que atraviesan los empleados del sector, y se\u00f1al\u00f3 que est\u00e1n a la espera de una reuni\u00f3n con las autoridades de Salud para abordar la problem\u00e1tica salarial.<\/p>\n<p>\u201cEstamos solicitando de manera urgente una reuni\u00f3n con el Ministerio de Salud para hablar sobre la recomposici\u00f3n salarial. La solicitud ya est\u00e1 presentada, y aunque hemos tenido conversaciones preliminares con algunos funcionarios, a\u00fan no hay fecha para la reuni\u00f3n formal,\u201d explic\u00f3 Carrizo. Esta demanda, adem\u00e1s, fue planteada en el plenario de secretarios generales de la CGT, donde varios sindicatos estatales se encuentran en sinton\u00eda con el pedido de aumento salarial y la repetici\u00f3n de un aguinaldo adicional.<\/p>\n<p>En relaci\u00f3n con las expectativas, Carrizo destac\u00f3 la necesidad de que el Gobierno provincial mejore los ingresos de los trabajadores de la salud. \u201cEs fundamental que el salario se ajuste; la situaci\u00f3n actual es insostenible, y no podemos terminar el a\u00f1o con salarios que no alcanzan para llegar a fin de mes\u201d, afirm\u00f3.<\/p>\n<p>El gremio tambi\u00e9n se\u00f1al\u00f3 la importancia de incluir en los futuros pagos todos los \u00edtems en negro, incluida la \u201cquincenita\u201d. En conjunto con la CGT y el gobierno provincial, Ser Salud prev\u00e9 participar en pr\u00f3ximas mesas de trabajo donde se espera que esta demanda tenga prioridad en la agenda.<\/p>\n","protected":false},"excerpt":{"rendered":"<p>El gremio Ser Salud encabezado por su secretario general Roberto Carrizo, exige una recomposici\u00f3n salarial urgente y la<\/p>\n","protected":false},"author":10,"featured_media":36884,"comment_status":"closed","ping_status":"open","sticky":false,"template":"","format":"standard","meta":{"footnotes":""},"categories":[94],"tags":[],"class_list":["post-54512","post","type-post","status-publish","format-standard","has-post-thumbnail","hentry","category-locales"],"yoast_head":"<!-- This site is optimized with the Yoast SEO plugin v27.4 - https:\/\/yoast.com\/product\/yoast-seo-wordpress\/ -->\n<title>Ser Salud exige recomposici\u00f3n salarial urgente - LA RED 88.3 LA RIOJA<\/title>\n<meta name=\"robots\" content=\"index, follow, max-snippet:-1, max-image-preview:large, max-video-preview:-1\" \/>\n<link rel=\"canonical\" href=\"https:\/\/laredlarioja.com.ar\/sitio\/ser-salud-la-rioja-exige-recomposicion-salarial-urgente\/\" \/>\n<meta property=\"og:locale\" content=\"es_ES\" \/>\n<meta property=\"og:type\" content=\"article\" \/>\n<meta property=\"og:title\" content=\"Ser Salud exige recomposici\u00f3n salarial urgente - LA RED 88.3 LA RIOJA\" \/>\n<meta property=\"og:description\" content=\"El gremio Ser Salud encabezado por su secretario general Roberto Carrizo, exige una recomposici\u00f3n salarial urgente y la\" \/>\n<meta property=\"og:url\" content=\"https:\/\/laredlarioja.com.ar\/sitio\/ser-salud-la-rioja-exige-recomposicion-salarial-urgente\/\" \/>\n<meta property=\"og:site_name\" content=\"LA RED 88.3 LA RIOJA\" \/>\n<meta property=\"article:publisher\" content=\"https:\/\/www.facebook.com\/lared.larioja\" \/>\n<meta property=\"article:published_time\" content=\"2024-11-08T14:18:08+00:00\" \/>\n<meta property=\"article:modified_time\" content=\"2024-11-11T13:08:55+00:00\" \/>\n<meta property=\"og:image\" content=\"https:\/\/laredlarioja.com.ar\/sitio\/wp-content\/uploads\/2023\/10\/ser-salud.jpg\" \/>\n\t<meta property=\"og:image:width\" content=\"623\" \/>\n\t<meta property=\"og:image:height\" content=\"387\" \/>\n\t<meta property=\"og:image:type\" content=\"image\/jpeg\" \/>\n<meta name=\"author\" content=\"La Red\" \/>\n<meta name=\"twitter:card\" content=\"summary_large_image\" \/>\n<meta name=\"twitter:creator\" content=\"@laredlarioja1\" \/>\n<meta name=\"twitter:site\" content=\"@laredlarioja1\" \/>\n<meta name=\"twitter:label1\" content=\"Escrito por\" \/>\n\t<meta name=\"twitter:data1\" content=\"La Red\" \/>\n\t<meta name=\"twitter:label2\" content=\"Tiempo de lectura\" \/>\n\t<meta name=\"twitter:data2\" content=\"2 minutos\" \/>\n<script type=\"application\/ld+json\" class=\"yoast-schema-graph\">{\"@context\":\"https:\\\/\\\/schema.org\",\"@graph\":[{\"@type\":\"Article\",\"@id\":\"https:\\\/\\\/laredlarioja.com.ar\\\/sitio\\\/ser-salud-la-rioja-exige-recomposicion-salarial-urgente\\\/#article\",\"isPartOf\":{\"@id\":\"https:\\\/\\\/laredlarioja.com.ar\\\/sitio\\\/ser-salud-la-rioja-exige-recomposicion-salarial-urgente\\\/\"},\"author\":{\"name\":\"La Red\",\"@id\":\"https:\\\/\\\/laredlarioja.com.ar\\\/sitio\\\/#\\\/schema\\\/person\\\/f1e213867beccedaaa4fb548d9259d9a\"},\"headline\":\"Ser Salud exige recomposici\u00f3n salarial urgente\",\"datePublished\":\"2024-11-08T14:18:08+00:00\",\"dateModified\":\"2024-11-11T13:08:55+00:00\",\"mainEntityOfPage\":{\"@id\":\"https:\\\/\\\/laredlarioja.com.ar\\\/sitio\\\/ser-salud-la-rioja-exige-recomposicion-salarial-urgente\\\/\"},\"wordCount\":277,\"publisher\":{\"@id\":\"https:\\\/\\\/laredlarioja.com.ar\\\/sitio\\\/#organization\"},\"image\":{\"@id\":\"https:\\\/\\\/laredlarioja.com.ar\\\/sitio\\\/ser-salud-la-rioja-exige-recomposicion-salarial-urgente\\\/#primaryimage\"},\"thumbnailUrl\":\"https:\\\/\\\/laredlarioja.com.ar\\\/sitio\\\/wp-content\\\/uploads\\\/2023\\\/10\\\/ser-salud.jpg\",\"articleSection\":[\"Locales\"],\"inLanguage\":\"es\"},{\"@type\":\"WebPage\",\"@id\":\"https:\\\/\\\/laredlarioja.com.ar\\\/sitio\\\/ser-salud-la-rioja-exige-recomposicion-salarial-urgente\\\/\",\"url\":\"https:\\\/\\\/laredlarioja.com.ar\\\/sitio\\\/ser-salud-la-rioja-exige-recomposicion-salarial-urgente\\\/\",\"name\":\"Ser Salud exige recomposici\u00f3n salarial urgente - LA RED 88.3 LA RIOJA\",\"isPartOf\":{\"@id\":\"https:\\\/\\\/laredlarioja.com.ar\\\/sitio\\\/#website\"},\"primaryImageOfPage\":{\"@id\":\"https:\\\/\\\/laredlarioja.com.ar\\\/sitio\\\/ser-salud-la-rioja-exige-recomposicion-salarial-urgente\\\/#primaryimage\"},\"image\":{\"@id\":\"https:\\\/\\\/laredlarioja.com.ar\\\/sitio\\\/ser-salud-la-rioja-exige-recomposicion-salarial-urgente\\\/#primaryimage\"},\"thumbnailUrl\":\"https:\\\/\\\/laredlarioja.com.ar\\\/sitio\\\/wp-content\\\/uploads\\\/2023\\\/10\\\/ser-salud.jpg\",\"datePublished\":\"2024-11-08T14:18:08+00:00\",\"dateModified\":\"2024-11-11T13:08:55+00:00\",\"breadcrumb\":{\"@id\":\"https:\\\/\\\/laredlarioja.com.ar\\\/sitio\\\/ser-salud-la-rioja-exige-recomposicion-salarial-urgente\\\/#breadcrumb\"},\"inLanguage\":\"es\",\"potentialAction\":[{\"@type\":\"ReadAction\",\"target\":[\"https:\\\/\\\/laredlarioja.com.ar\\\/sitio\\\/ser-salud-la-rioja-exige-recomposicion-salarial-urgente\\\/\"]}]},{\"@type\":\"ImageObject\",\"inLanguage\":\"es\",\"@id\":\"https:\\\/\\\/laredlarioja.com.ar\\\/sitio\\\/ser-salud-la-rioja-exige-recomposicion-salarial-urgente\\\/#primaryimage\",\"url\":\"https:\\\/\\\/laredlarioja.com.ar\\\/sitio\\\/wp-content\\\/uploads\\\/2023\\\/10\\\/ser-salud.jpg\",\"contentUrl\":\"https:\\\/\\\/laredlarioja.com.ar\\\/sitio\\\/wp-content\\\/uploads\\\/2023\\\/10\\\/ser-salud.jpg\",\"width\":623,\"height\":387},{\"@type\":\"BreadcrumbList\",\"@id\":\"https:\\\/\\\/laredlarioja.com.ar\\\/sitio\\\/ser-salud-la-rioja-exige-recomposicion-salarial-urgente\\\/#breadcrumb\",\"itemListElement\":[{\"@type\":\"ListItem\",\"position\":1,\"name\":\"Portada\",\"item\":\"https:\\\/\\\/laredlarioja.com.ar\\\/sitio\\\/\"},{\"@type\":\"ListItem\",\"position\":2,\"name\":\"Ser Salud exige recomposici\u00f3n salarial urgente\"}]},{\"@type\":\"WebSite\",\"@id\":\"https:\\\/\\\/laredlarioja.com.ar\\\/sitio\\\/#website\",\"url\":\"https:\\\/\\\/laredlarioja.com.ar\\\/sitio\\\/\",\"name\":\"LA RED 88.3 LA RIOJA\",\"description\":\"Sitio de Noticias\",\"publisher\":{\"@id\":\"https:\\\/\\\/laredlarioja.com.ar\\\/sitio\\\/#organization\"},\"potentialAction\":[{\"@type\":\"SearchAction\",\"target\":{\"@type\":\"EntryPoint\",\"urlTemplate\":\"https:\\\/\\\/laredlarioja.com.ar\\\/sitio\\\/?s={search_term_string}\"},\"query-input\":{\"@type\":\"PropertyValueSpecification\",\"valueRequired\":true,\"valueName\":\"search_term_string\"}}],\"inLanguage\":\"es\"},{\"@type\":\"Organization\",\"@id\":\"https:\\\/\\\/laredlarioja.com.ar\\\/sitio\\\/#organization\",\"name\":\"LA RED 88.3 LA RIOJA\",\"url\":\"https:\\\/\\\/laredlarioja.com.ar\\\/sitio\\\/\",\"logo\":{\"@type\":\"ImageObject\",\"inLanguage\":\"es\",\"@id\":\"https:\\\/\\\/laredlarioja.com.ar\\\/sitio\\\/#\\\/schema\\\/logo\\\/image\\\/\",\"url\":\"https:\\\/\\\/laredlarioja.com.ar\\\/sitio\\\/wp-content\\\/uploads\\\/2025\\\/05\\\/LOGO-LA-RED.png\",\"contentUrl\":\"https:\\\/\\\/laredlarioja.com.ar\\\/sitio\\\/wp-content\\\/uploads\\\/2025\\\/05\\\/LOGO-LA-RED.png\",\"width\":193,\"height\":340,\"caption\":\"LA RED 88.3 LA RIOJA\"},\"image\":{\"@id\":\"https:\\\/\\\/laredlarioja.com.ar\\\/sitio\\\/#\\\/schema\\\/logo\\\/image\\\/\"},\"sameAs\":[\"https:\\\/\\\/www.facebook.com\\\/lared.larioja\",\"https:\\\/\\\/x.com\\\/laredlarioja1\",\"https:\\\/\\\/www.instagram.com\\\/lared_larioja\\\/\"]},{\"@type\":\"Person\",\"@id\":\"https:\\\/\\\/laredlarioja.com.ar\\\/sitio\\\/#\\\/schema\\\/person\\\/f1e213867beccedaaa4fb548d9259d9a\",\"name\":\"La Red\",\"url\":\"https:\\\/\\\/laredlarioja.com.ar\\\/sitio\\\/author\\\/lared\\\/\"}]}<\/script>\n<!-- \/ Yoast SEO plugin. -->","yoast_head_json":{"title":"Ser Salud exige recomposici\u00f3n salarial urgente - LA RED 88.3 LA RIOJA","robots":{"index":"index","follow":"follow","max-snippet":"max-snippet:-1","max-image-preview":"max-image-preview:large","max-video-preview":"max-video-preview:-1"},"canonical":"https:\/\/laredlarioja.com.ar\/sitio\/ser-salud-la-rioja-exige-recomposicion-salarial-urgente\/","og_locale":"es_ES","og_type":"article","og_title":"Ser Salud exige recomposici\u00f3n salarial urgente - LA RED 88.3 LA RIOJA","og_description":"El gremio Ser Salud encabezado por su secretario general Roberto Carrizo, exige una recomposici\u00f3n salarial urgente y la","og_url":"https:\/\/laredlarioja.com.ar\/sitio\/ser-salud-la-rioja-exige-recomposicion-salarial-urgente\/","og_site_name":"LA RED 88.3 LA RIOJA","article_publisher":"https:\/\/www.facebook.com\/lared.larioja","article_published_time":"2024-11-08T14:18:08+00:00","article_modified_time":"2024-11-11T13:08:55+00:00","og_image":[{"width":623,"height":387,"url":"https:\/\/laredlarioja.com.ar\/sitio\/wp-content\/uploads\/2023\/10\/ser-salud.jpg","type":"image\/jpeg"}],"author":"La Red","twitter_card":"summary_large_image","twitter_creator":"@laredlarioja1","twitter_site":"@laredlarioja1","twitter_misc":{"Escrito por":"La Red","Tiempo de lectura":"2 minutos"},"schema":{"@context":"https:\/\/schema.org","@graph":[{"@type":"Article","@id":"https:\/\/laredlarioja.com.ar\/sitio\/ser-salud-la-rioja-exige-recomposicion-salarial-urgente\/#article","isPartOf":{"@id":"https:\/\/laredlarioja.com.ar\/sitio\/ser-salud-la-rioja-exige-recomposicion-salarial-urgente\/"},"author":{"name":"La Red","@id":"https:\/\/laredlarioja.com.ar\/sitio\/#\/schema\/person\/f1e213867beccedaaa4fb548d9259d9a"},"headline":"Ser Salud exige recomposici\u00f3n salarial urgente","datePublished":"2024-11-08T14:18:08+00:00","dateModified":"2024-11-11T13:08:55+00:00","mainEntityOfPage":{"@id":"https:\/\/laredlarioja.com.ar\/sitio\/ser-salud-la-rioja-exige-recomposicion-salarial-urgente\/"},"wordCount":277,"publisher":{"@id":"https:\/\/laredlarioja.com.ar\/sitio\/#organization"},"image":{"@id":"https:\/\/laredlarioja.com.ar\/sitio\/ser-salud-la-rioja-exige-recomposicion-salarial-urgente\/#primaryimage"},"thumbnailUrl":"https:\/\/laredlarioja.com.ar\/sitio\/wp-content\/uploads\/2023\/10\/ser-salud.jpg","articleSection":["Locales"],"inLanguage":"es"},{"@type":"WebPage","@id":"https:\/\/laredlarioja.com.ar\/sitio\/ser-salud-la-rioja-exige-recomposicion-salarial-urgente\/","url":"https:\/\/laredlarioja.com.ar\/sitio\/ser-salud-la-rioja-exige-recomposicion-salarial-urgente\/","name":"Ser Salud exige recomposici\u00f3n salarial urgente - LA RED 88.3 LA RIOJA","isPartOf":{"@id":"https:\/\/laredlarioja.com.ar\/sitio\/#website"},"primaryImageOfPage":{"@id":"https:\/\/laredlarioja.com.ar\/sitio\/ser-salud-la-rioja-exige-recomposicion-salarial-urgente\/#primaryimage"},"image":{"@id":"https:\/\/laredlarioja.com.ar\/sitio\/ser-salud-la-rioja-exige-recomposicion-salarial-urgente\/#primaryimage"},"thumbnailUrl":"https:\/\/laredlarioja.com.ar\/sitio\/wp-content\/uploads\/2023\/10\/ser-salud.jpg","datePublished":"2024-11-08T14:18:08+00:00","dateModified":"2024-11-11T13:08:55+00:00","breadcrumb":{"@id":"https:\/\/laredlarioja.com.ar\/sitio\/ser-salud-la-rioja-exige-recomposicion-salarial-urgente\/#breadcrumb"},"inLanguage":"es","potentialAction":[{"@type":"ReadAction","target":["https:\/\/laredlarioja.com.ar\/sitio\/ser-salud-la-rioja-exige-recomposicion-salarial-urgente\/"]}]},{"@type":"ImageObject","inLanguage":"es","@id":"https:\/\/laredlarioja.com.ar\/sitio\/ser-salud-la-rioja-exige-recomposicion-salarial-urgente\/#primaryimage","url":"https:\/\/laredlarioja.com.ar\/sitio\/wp-content\/uploads\/2023\/10\/ser-salud.jpg","contentUrl":"https:\/\/laredlarioja.com.ar\/sitio\/wp-content\/uploads\/2023\/10\/ser-salud.jpg","width":623,"height":387},{"@type":"BreadcrumbList","@id":"https:\/\/laredlarioja.com.ar\/sitio\/ser-salud-la-rioja-exige-recomposicion-salarial-urgente\/#breadcrumb","itemListElement":[{"@type":"ListItem","position":1,"name":"Portada","item":"https:\/\/laredlarioja.com.ar\/sitio\/"},{"@type":"ListItem","position":2,"name":"Ser Salud exige recomposici\u00f3n salarial urgente"}]},{"@type":"WebSite","@id":"https:\/\/laredlarioja.com.ar\/sitio\/#website","url":"https:\/\/laredlarioja.com.ar\/sitio\/","name":"LA RED 88.3 LA RIOJA","description":"Sitio de Noticias","publisher":{"@id":"https:\/\/laredlarioja.com.ar\/sitio\/#organization"},"potentialAction":[{"@type":"SearchAction","target":{"@type":"EntryPoint","urlTemplate":"https:\/\/laredlarioja.com.ar\/sitio\/?s={search_term_string}"},"query-input":{"@type":"PropertyValueSpecification","valueRequired":true,"valueName":"search_term_string"}}],"inLanguage":"es"},{"@type":"Organization","@id":"https:\/\/laredlarioja.com.ar\/sitio\/#organization","name":"LA RED 88.3 LA RIOJA","url":"https:\/\/laredlarioja.com.ar\/sitio\/","logo":{"@type":"ImageObject","inLanguage":"es","@id":"https:\/\/laredlarioja.com.ar\/sitio\/#\/schema\/logo\/image\/","url":"https:\/\/laredlarioja.com.ar\/sitio\/wp-content\/uploads\/2025\/05\/LOGO-LA-RED.png","contentUrl":"https:\/\/laredlarioja.com.ar\/sitio\/wp-content\/uploads\/2025\/05\/LOGO-LA-RED.png","width":193,"height":340,"caption":"LA RED 88.3 LA RIOJA"},"image":{"@id":"https:\/\/laredlarioja.com.ar\/sitio\/#\/schema\/logo\/image\/"},"sameAs":["https:\/\/www.facebook.com\/lared.larioja","https:\/\/x.com\/laredlarioja1","https:\/\/www.instagram.com\/lared_larioja\/"]},{"@type":"Person","@id":"https:\/\/laredlarioja.com.ar\/sitio\/#\/schema\/person\/f1e213867beccedaaa4fb548d9259d9a","name":"La Red","url":"https:\/\/laredlarioja.com.ar\/sitio\/author\/lared\/"}]}},"featured_image_urls":{"full":["https:\/\/laredlarioja.com.ar\/sitio\/wp-content\/uploads\/2023\/10\/ser-salud.jpg",623,387,false],"thumbnail":["https:\/\/laredlarioja.com.ar\/sitio\/wp-content\/uploads\/2023\/10\/ser-salud-150x150.jpg",150,150,true],"medium":["https:\/\/laredlarioja.com.ar\/sitio\/wp-content\/uploads\/2023\/10\/ser-salud-300x186.jpg",300,186,true],"medium_large":["https:\/\/laredlarioja.com.ar\/sitio\/wp-content\/uploads\/2023\/10\/ser-salud.jpg",623,387,false],"large":["https:\/\/laredlarioja.com.ar\/sitio\/wp-content\/uploads\/2023\/10\/ser-salud.jpg",623,387,false],"1536x1536":["https:\/\/laredlarioja.com.ar\/sitio\/wp-content\/uploads\/2023\/10\/ser-salud.jpg",623,387,false],"2048x2048":["https:\/\/laredlarioja.com.ar\/sitio\/wp-content\/uploads\/2023\/10\/ser-salud.jpg",623,387,false],"cvmm-medium":["https:\/\/laredlarioja.com.ar\/sitio\/wp-content\/uploads\/2023\/10\/ser-salud-300x300.jpg",300,300,true],"cvmm-medium-plus":["https:\/\/laredlarioja.com.ar\/sitio\/wp-content\/uploads\/2023\/10\/ser-salud-305x207.jpg",305,207,true],"cvmm-portrait":["https:\/\/laredlarioja.com.ar\/sitio\/wp-content\/uploads\/2023\/10\/ser-salud-400x387.jpg",400,387,true],"cvmm-medium-square":["https:\/\/laredlarioja.com.ar\/sitio\/wp-content\/uploads\/2023\/10\/ser-salud-600x387.jpg",600,387,true],"cvmm-large":["https:\/\/laredlarioja.com.ar\/sitio\/wp-content\/uploads\/2023\/10\/ser-salud.jpg",623,387,false],"cvmm-small":["https:\/\/laredlarioja.com.ar\/sitio\/wp-content\/uploads\/2023\/10\/ser-salud-130x95.jpg",130,95,true],"morenews-large":["https:\/\/laredlarioja.com.ar\/sitio\/wp-content\/uploads\/2023\/10\/ser-salud.jpg",623,387,false],"morenews-medium":["https:\/\/laredlarioja.com.ar\/sitio\/wp-content\/uploads\/2023\/10\/ser-salud-590x387.jpg",590,387,true]},"author_info":{"display_name":"La Red","author_link":"https:\/\/laredlarioja.com.ar\/sitio\/author\/lared\/"},"category_info":"<a href=\"https:\/\/laredlarioja.com.ar\/sitio\/categorias\/locales\/\" rel=\"category tag\">Locales<\/a>","tag_info":"Locales","comment_count":"0","blog_post_layout_featured_media_urls":{"thumbnail":["https:\/\/laredlarioja.com.ar\/sitio\/wp-content\/uploads\/2023\/10\/ser-salud-150x150.jpg",150,150,true],"full":["https:\/\/laredlarioja.com.ar\/sitio\/wp-content\/uploads\/2023\/10\/ser-salud.jpg",623,387,false]},"categories_names":{"94":{"name":"Locales","link":"https:\/\/laredlarioja.com.ar\/sitio\/categorias\/locales\/"}},"tags_names":[],"comments_number":"0","wpmagazine_modules_lite_featured_media_urls":{"thumbnail":["https:\/\/laredlarioja.com.ar\/sitio\/wp-content\/uploads\/2023\/10\/ser-salud-150x150.jpg",150,150,true],"cvmm-medium":["https:\/\/laredlarioja.com.ar\/sitio\/wp-content\/uploads\/2023\/10\/ser-salud-300x300.jpg",300,300,true],"cvmm-medium-plus":["https:\/\/laredlarioja.com.ar\/sitio\/wp-content\/uploads\/2023\/10\/ser-salud-305x207.jpg",305,207,true],"cvmm-portrait":["https:\/\/laredlarioja.com.ar\/sitio\/wp-content\/uploads\/2023\/10\/ser-salud-400x387.jpg",400,387,true],"cvmm-medium-square":["https:\/\/laredlarioja.com.ar\/sitio\/wp-content\/uploads\/2023\/10\/ser-salud-600x387.jpg",600,387,true],"cvmm-large":["https:\/\/laredlarioja.com.ar\/sitio\/wp-content\/uploads\/2023\/10\/ser-salud.jpg",623,387,false],"cvmm-small":["https:\/\/laredlarioja.com.ar\/sitio\/wp-content\/uploads\/2023\/10\/ser-salud-130x95.jpg",130,95,true],"full":["https:\/\/laredlarioja.com.ar\/sitio\/wp-content\/uploads\/2023\/10\/ser-salud.jpg",623,387,false]},"_links":{"self":[{"href":"https:\/\/laredlarioja.com.ar\/sitio\/wp-json\/wp\/v2\/posts\/54512","targetHints":{"allow":["GET"]}}],"collection":[{"href":"https:\/\/laredlarioja.com.ar\/sitio\/wp-json\/wp\/v2\/posts"}],"about":[{"href":"https:\/\/laredlarioja.com.ar\/sitio\/wp-json\/wp\/v2\/types\/post"}],"author":[{"embeddable":true,"href":"https:\/\/laredlarioja.com.ar\/sitio\/wp-json\/wp\/v2\/users\/10"}],"replies":[{"embeddable":true,"href":"https:\/\/laredlarioja.com.ar\/sitio\/wp-json\/wp\/v2\/comments?post=54512"}],"version-history":[{"count":3,"href":"https:\/\/laredlarioja.com.ar\/sitio\/wp-json\/wp\/v2\/posts\/54512\/revisions"}],"predecessor-version":[{"id":54518,"href":"https:\/\/laredlarioja.com.ar\/sitio\/wp-json\/wp\/v2\/posts\/54512\/revisions\/54518"}],"wp:featuredmedia":[{"embeddable":true,"href":"https:\/\/laredlarioja.com.ar\/sitio\/wp-json\/wp\/v2\/media\/36884"}],"wp:attachment":[{"href":"https:\/\/laredlarioja.com.ar\/sitio\/wp-json\/wp\/v2\/media?parent=54512"}],"wp:term":[{"taxonomy":"category","embeddable":true,"href":"https:\/\/laredlarioja.com.ar\/sitio\/wp-json\/wp\/v2\/categories?post=54512"},{"taxonomy":"post_tag","embeddable":true,"href":"https:\/\/laredlarioja.com.ar\/sitio\/wp-json\/wp\/v2\/tags?post=54512"}],"curies":[{"name":"wp","href":"https:\/\/api.w.org\/{rel}","templated":true}]}}