{"id":55346,"date":"2024-11-28T21:19:58","date_gmt":"2024-11-28T21:19:58","guid":{"rendered":"https:\/\/laredlarioja.com.ar\/sitio\/?p=55346"},"modified":"2024-11-28T21:40:43","modified_gmt":"2024-11-28T21:40:43","slug":"el-gobierno-anuncio-la-modernizacion-del-inta","status":"publish","type":"post","link":"https:\/\/laredlarioja.com.ar\/sitio\/el-gobierno-anuncio-la-modernizacion-del-inta\/","title":{"rendered":"El Gobierno anunci\u00f3 la modernizaci\u00f3n del INTA"},"content":{"rendered":"<p>As\u00ed lo indic\u00f3 el vocero presidencial, Manuel Adorni, al asegurar que \u201cse termin\u00f3 el uso de los organismos p\u00fablicos como m\u00e1quinas para financiar el despilfarro de la vieja pol\u00edtica\u201d.<\/p>\n<p>El vocero presidencial, Manuel Adorni, anunci\u00f3 hoy la modernizaci\u00f3n del Instituto Nacional de Tecnolog\u00eda Agropecuaria (INTA), organismo de investigaci\u00f3n, estatal, descentralizado, que incluir\u00e1 la venta de edificios y tierras subutilizadas.<\/p>\n<p>En la habitual conferencia de prensa, el vocero asegur\u00f3 que \u201cninguna oficina estatal tiene derecho a extirparle la riqueza a los argentinos\u201d a la vez que indic\u00f3 que \u201cse termin\u00f3 el uso de los organismos p\u00fablicos como m\u00e1quinas para financiar el despilfarro de la vieja pol\u00edtica\u201d.<\/p>\n<p>\u201cEl Gobierno puso en marcha un plan para modernizar el INTA que es un organismo fundamental para el desarrollo del campo argentino cuyos objetivos fueron, lamentablemente, desvirtuados por la gesti\u00f3n anterior\u00bb, sostuvo, y agreg\u00f3: \u00abDesde el a\u00f1o 2007, el INTA se enfoc\u00f3 en temas que nada ten\u00edan que ver con la productividad agr\u00edcola, como las cuestiones de g\u00e9nero, los falsos mapuches y la agricultura familiar. Adem\u00e1s, el 50% de sus 6.852 empleados actuales ingres\u00f3 durante los gobiernos de Cristina Fern\u00e1ndez entre 2007 y 2015\u201d.<\/p>\n<p>En la misma l\u00ednea, cuestion\u00f3: \u201cDe los 250 millones de d\u00f3lares al a\u00f1o que recibe el INTA, el 90% se usa para pagar sueldos. Hoy la participaci\u00f3n privada, en las investigaciones del INTA, es inferior al 10% y el objetivo es que esta cifra aumente al 30% para el a\u00f1o 2027\u00bb.<\/p>\n<p>Seg\u00fan detall\u00f3 el funcionario, el plan de modernizaci\u00f3n incluye la venta de edificios y tierras subutilizadas, entre la que destaca el inmueble ubicado en Avenida Cervi\u00f1o y Ortiz de Campo, en Palermo que est\u00e1 valuado en 6 millones de d\u00f3lares, como precio base, y cuenta con m\u00e1s de 3100 m2 de superficie cubierta \u00abpara apenas 140 empleados\u201d, aclar\u00f3.<\/p>\n<p>\u00abLo recaudado por la venta de este edificio quedar\u00e1 en manos del propio INTA y ser\u00e1 destinado a financiar a los investigaciones\u201d, insisti\u00f3.<\/p>\n<p>Asimismo, detall\u00f3 que el INTA utiliza 45 mil de las 116 mil hect\u00e1reas para la investigaci\u00f3n, y anticip\u00f3 que se dar\u00e1 de baja los 227 ingresos que se hicieron bajo la gesti\u00f3n de Alberto Fern\u00e1ndez.<\/p>\n<p>El consejo directivo del INTA votar\u00e1 ma\u00f1ana el plan de modernizaci\u00f3n, por lo que Adorni incentiv\u00f3 a los directivos de \u201caprobar estas medidas que le van a brindar m\u00e1s recursos al organismo p\u00fablico para mejorar su equipamiento, modernizarlo y potenciar sus investigaciones\u201d.<\/p>\n<p>\u201cConfiamos en que su consejo directivo est\u00e9 a favor de tener un INTA que tenga o que funcione para los fines que fue pensado y no para lo que se lo ha utilizado \u00faltimamente\u201d, concluy\u00f3.<\/p>\n","protected":false},"excerpt":{"rendered":"<p>As\u00ed lo indic\u00f3 el vocero presidencial, Manuel Adorni, al asegurar que \u201cse termin\u00f3 el uso de los organismos<\/p>\n","protected":false},"author":7,"featured_media":41209,"comment_status":"closed","ping_status":"open","sticky":false,"template":"","format":"standard","meta":{"footnotes":""},"categories":[28],"tags":[84],"class_list":["post-55346","post","type-post","status-publish","format-standard","has-post-thumbnail","hentry","category-nacionales","tag-secundaria"],"yoast_head":"<!-- This site is optimized with the Yoast SEO plugin v27.4 - https:\/\/yoast.com\/product\/yoast-seo-wordpress\/ -->\n<title>El Gobierno anunci\u00f3 la modernizaci\u00f3n del INTA - LA RED 88.3 LA RIOJA<\/title>\n<meta name=\"robots\" content=\"index, follow, max-snippet:-1, max-image-preview:large, max-video-preview:-1\" \/>\n<link rel=\"canonical\" href=\"https:\/\/laredlarioja.com.ar\/sitio\/el-gobierno-anuncio-la-modernizacion-del-inta\/\" \/>\n<meta property=\"og:locale\" content=\"es_ES\" \/>\n<meta property=\"og:type\" content=\"article\" \/>\n<meta property=\"og:title\" content=\"El Gobierno anunci\u00f3 la modernizaci\u00f3n del INTA - LA RED 88.3 LA RIOJA\" \/>\n<meta property=\"og:description\" content=\"As\u00ed lo indic\u00f3 el vocero presidencial, Manuel Adorni, al asegurar que \u201cse termin\u00f3 el uso de los organismos\" \/>\n<meta property=\"og:url\" content=\"https:\/\/laredlarioja.com.ar\/sitio\/el-gobierno-anuncio-la-modernizacion-del-inta\/\" \/>\n<meta property=\"og:site_name\" content=\"LA RED 88.3 LA RIOJA\" \/>\n<meta property=\"article:publisher\" content=\"https:\/\/www.facebook.com\/lared.larioja\" \/>\n<meta property=\"article:published_time\" content=\"2024-11-28T21:19:58+00:00\" \/>\n<meta property=\"article:modified_time\" content=\"2024-11-28T21:40:43+00:00\" \/>\n<meta property=\"og:image\" content=\"https:\/\/laredlarioja.com.ar\/sitio\/wp-content\/uploads\/2024\/01\/ADORNI.jpg\" \/>\n\t<meta property=\"og:image:width\" content=\"1200\" \/>\n\t<meta property=\"og:image:height\" content=\"675\" \/>\n\t<meta property=\"og:image:type\" content=\"image\/jpeg\" \/>\n<meta name=\"author\" content=\"Anabella Soria\" \/>\n<meta name=\"twitter:card\" content=\"summary_large_image\" \/>\n<meta name=\"twitter:creator\" content=\"@laredlarioja1\" \/>\n<meta name=\"twitter:site\" content=\"@laredlarioja1\" \/>\n<meta name=\"twitter:label1\" content=\"Escrito por\" \/>\n\t<meta name=\"twitter:data1\" content=\"Anabella Soria\" \/>\n\t<meta name=\"twitter:label2\" content=\"Tiempo de lectura\" \/>\n\t<meta name=\"twitter:data2\" content=\"3 minutos\" \/>\n<script type=\"application\/ld+json\" class=\"yoast-schema-graph\">{\"@context\":\"https:\\\/\\\/schema.org\",\"@graph\":[{\"@type\":\"Article\",\"@id\":\"https:\\\/\\\/laredlarioja.com.ar\\\/sitio\\\/el-gobierno-anuncio-la-modernizacion-del-inta\\\/#article\",\"isPartOf\":{\"@id\":\"https:\\\/\\\/laredlarioja.com.ar\\\/sitio\\\/el-gobierno-anuncio-la-modernizacion-del-inta\\\/\"},\"author\":{\"name\":\"Anabella Soria\",\"@id\":\"https:\\\/\\\/laredlarioja.com.ar\\\/sitio\\\/#\\\/schema\\\/person\\\/31f88059d20c5cf06e974fd895aec56e\"},\"headline\":\"El Gobierno anunci\u00f3 la modernizaci\u00f3n del INTA\",\"datePublished\":\"2024-11-28T21:19:58+00:00\",\"dateModified\":\"2024-11-28T21:40:43+00:00\",\"mainEntityOfPage\":{\"@id\":\"https:\\\/\\\/laredlarioja.com.ar\\\/sitio\\\/el-gobierno-anuncio-la-modernizacion-del-inta\\\/\"},\"wordCount\":459,\"publisher\":{\"@id\":\"https:\\\/\\\/laredlarioja.com.ar\\\/sitio\\\/#organization\"},\"image\":{\"@id\":\"https:\\\/\\\/laredlarioja.com.ar\\\/sitio\\\/el-gobierno-anuncio-la-modernizacion-del-inta\\\/#primaryimage\"},\"thumbnailUrl\":\"https:\\\/\\\/laredlarioja.com.ar\\\/sitio\\\/wp-content\\\/uploads\\\/2024\\\/01\\\/ADORNI.jpg\",\"keywords\":[\"Secundaria\"],\"articleSection\":[\"Nacionales\"],\"inLanguage\":\"es\"},{\"@type\":\"WebPage\",\"@id\":\"https:\\\/\\\/laredlarioja.com.ar\\\/sitio\\\/el-gobierno-anuncio-la-modernizacion-del-inta\\\/\",\"url\":\"https:\\\/\\\/laredlarioja.com.ar\\\/sitio\\\/el-gobierno-anuncio-la-modernizacion-del-inta\\\/\",\"name\":\"El Gobierno anunci\u00f3 la modernizaci\u00f3n del INTA - LA RED 88.3 LA RIOJA\",\"isPartOf\":{\"@id\":\"https:\\\/\\\/laredlarioja.com.ar\\\/sitio\\\/#website\"},\"primaryImageOfPage\":{\"@id\":\"https:\\\/\\\/laredlarioja.com.ar\\\/sitio\\\/el-gobierno-anuncio-la-modernizacion-del-inta\\\/#primaryimage\"},\"image\":{\"@id\":\"https:\\\/\\\/laredlarioja.com.ar\\\/sitio\\\/el-gobierno-anuncio-la-modernizacion-del-inta\\\/#primaryimage\"},\"thumbnailUrl\":\"https:\\\/\\\/laredlarioja.com.ar\\\/sitio\\\/wp-content\\\/uploads\\\/2024\\\/01\\\/ADORNI.jpg\",\"datePublished\":\"2024-11-28T21:19:58+00:00\",\"dateModified\":\"2024-11-28T21:40:43+00:00\",\"breadcrumb\":{\"@id\":\"https:\\\/\\\/laredlarioja.com.ar\\\/sitio\\\/el-gobierno-anuncio-la-modernizacion-del-inta\\\/#breadcrumb\"},\"inLanguage\":\"es\",\"potentialAction\":[{\"@type\":\"ReadAction\",\"target\":[\"https:\\\/\\\/laredlarioja.com.ar\\\/sitio\\\/el-gobierno-anuncio-la-modernizacion-del-inta\\\/\"]}]},{\"@type\":\"ImageObject\",\"inLanguage\":\"es\",\"@id\":\"https:\\\/\\\/laredlarioja.com.ar\\\/sitio\\\/el-gobierno-anuncio-la-modernizacion-del-inta\\\/#primaryimage\",\"url\":\"https:\\\/\\\/laredlarioja.com.ar\\\/sitio\\\/wp-content\\\/uploads\\\/2024\\\/01\\\/ADORNI.jpg\",\"contentUrl\":\"https:\\\/\\\/laredlarioja.com.ar\\\/sitio\\\/wp-content\\\/uploads\\\/2024\\\/01\\\/ADORNI.jpg\",\"width\":1200,\"height\":675},{\"@type\":\"BreadcrumbList\",\"@id\":\"https:\\\/\\\/laredlarioja.com.ar\\\/sitio\\\/el-gobierno-anuncio-la-modernizacion-del-inta\\\/#breadcrumb\",\"itemListElement\":[{\"@type\":\"ListItem\",\"position\":1,\"name\":\"Portada\",\"item\":\"https:\\\/\\\/laredlarioja.com.ar\\\/sitio\\\/\"},{\"@type\":\"ListItem\",\"position\":2,\"name\":\"El Gobierno anunci\u00f3 la modernizaci\u00f3n del INTA\"}]},{\"@type\":\"WebSite\",\"@id\":\"https:\\\/\\\/laredlarioja.com.ar\\\/sitio\\\/#website\",\"url\":\"https:\\\/\\\/laredlarioja.com.ar\\\/sitio\\\/\",\"name\":\"LA RED 88.3 LA RIOJA\",\"description\":\"Sitio de Noticias\",\"publisher\":{\"@id\":\"https:\\\/\\\/laredlarioja.com.ar\\\/sitio\\\/#organization\"},\"potentialAction\":[{\"@type\":\"SearchAction\",\"target\":{\"@type\":\"EntryPoint\",\"urlTemplate\":\"https:\\\/\\\/laredlarioja.com.ar\\\/sitio\\\/?s={search_term_string}\"},\"query-input\":{\"@type\":\"PropertyValueSpecification\",\"valueRequired\":true,\"valueName\":\"search_term_string\"}}],\"inLanguage\":\"es\"},{\"@type\":\"Organization\",\"@id\":\"https:\\\/\\\/laredlarioja.com.ar\\\/sitio\\\/#organization\",\"name\":\"LA RED 88.3 LA RIOJA\",\"url\":\"https:\\\/\\\/laredlarioja.com.ar\\\/sitio\\\/\",\"logo\":{\"@type\":\"ImageObject\",\"inLanguage\":\"es\",\"@id\":\"https:\\\/\\\/laredlarioja.com.ar\\\/sitio\\\/#\\\/schema\\\/logo\\\/image\\\/\",\"url\":\"https:\\\/\\\/laredlarioja.com.ar\\\/sitio\\\/wp-content\\\/uploads\\\/2025\\\/05\\\/LOGO-LA-RED.png\",\"contentUrl\":\"https:\\\/\\\/laredlarioja.com.ar\\\/sitio\\\/wp-content\\\/uploads\\\/2025\\\/05\\\/LOGO-LA-RED.png\",\"width\":193,\"height\":340,\"caption\":\"LA RED 88.3 LA RIOJA\"},\"image\":{\"@id\":\"https:\\\/\\\/laredlarioja.com.ar\\\/sitio\\\/#\\\/schema\\\/logo\\\/image\\\/\"},\"sameAs\":[\"https:\\\/\\\/www.facebook.com\\\/lared.larioja\",\"https:\\\/\\\/x.com\\\/laredlarioja1\",\"https:\\\/\\\/www.instagram.com\\\/lared_larioja\\\/\"]},{\"@type\":\"Person\",\"@id\":\"https:\\\/\\\/laredlarioja.com.ar\\\/sitio\\\/#\\\/schema\\\/person\\\/31f88059d20c5cf06e974fd895aec56e\",\"name\":\"Anabella Soria\",\"url\":\"https:\\\/\\\/laredlarioja.com.ar\\\/sitio\\\/author\\\/asoria\\\/\"}]}<\/script>\n<!-- \/ Yoast SEO plugin. -->","yoast_head_json":{"title":"El Gobierno anunci\u00f3 la modernizaci\u00f3n del INTA - LA RED 88.3 LA RIOJA","robots":{"index":"index","follow":"follow","max-snippet":"max-snippet:-1","max-image-preview":"max-image-preview:large","max-video-preview":"max-video-preview:-1"},"canonical":"https:\/\/laredlarioja.com.ar\/sitio\/el-gobierno-anuncio-la-modernizacion-del-inta\/","og_locale":"es_ES","og_type":"article","og_title":"El Gobierno anunci\u00f3 la modernizaci\u00f3n del INTA - LA RED 88.3 LA RIOJA","og_description":"As\u00ed lo indic\u00f3 el vocero presidencial, Manuel Adorni, al asegurar que \u201cse termin\u00f3 el uso de los organismos","og_url":"https:\/\/laredlarioja.com.ar\/sitio\/el-gobierno-anuncio-la-modernizacion-del-inta\/","og_site_name":"LA RED 88.3 LA RIOJA","article_publisher":"https:\/\/www.facebook.com\/lared.larioja","article_published_time":"2024-11-28T21:19:58+00:00","article_modified_time":"2024-11-28T21:40:43+00:00","og_image":[{"width":1200,"height":675,"url":"https:\/\/laredlarioja.com.ar\/sitio\/wp-content\/uploads\/2024\/01\/ADORNI.jpg","type":"image\/jpeg"}],"author":"Anabella Soria","twitter_card":"summary_large_image","twitter_creator":"@laredlarioja1","twitter_site":"@laredlarioja1","twitter_misc":{"Escrito por":"Anabella Soria","Tiempo de lectura":"3 minutos"},"schema":{"@context":"https:\/\/schema.org","@graph":[{"@type":"Article","@id":"https:\/\/laredlarioja.com.ar\/sitio\/el-gobierno-anuncio-la-modernizacion-del-inta\/#article","isPartOf":{"@id":"https:\/\/laredlarioja.com.ar\/sitio\/el-gobierno-anuncio-la-modernizacion-del-inta\/"},"author":{"name":"Anabella Soria","@id":"https:\/\/laredlarioja.com.ar\/sitio\/#\/schema\/person\/31f88059d20c5cf06e974fd895aec56e"},"headline":"El Gobierno anunci\u00f3 la modernizaci\u00f3n del INTA","datePublished":"2024-11-28T21:19:58+00:00","dateModified":"2024-11-28T21:40:43+00:00","mainEntityOfPage":{"@id":"https:\/\/laredlarioja.com.ar\/sitio\/el-gobierno-anuncio-la-modernizacion-del-inta\/"},"wordCount":459,"publisher":{"@id":"https:\/\/laredlarioja.com.ar\/sitio\/#organization"},"image":{"@id":"https:\/\/laredlarioja.com.ar\/sitio\/el-gobierno-anuncio-la-modernizacion-del-inta\/#primaryimage"},"thumbnailUrl":"https:\/\/laredlarioja.com.ar\/sitio\/wp-content\/uploads\/2024\/01\/ADORNI.jpg","keywords":["Secundaria"],"articleSection":["Nacionales"],"inLanguage":"es"},{"@type":"WebPage","@id":"https:\/\/laredlarioja.com.ar\/sitio\/el-gobierno-anuncio-la-modernizacion-del-inta\/","url":"https:\/\/laredlarioja.com.ar\/sitio\/el-gobierno-anuncio-la-modernizacion-del-inta\/","name":"El Gobierno anunci\u00f3 la modernizaci\u00f3n del INTA - LA RED 88.3 LA RIOJA","isPartOf":{"@id":"https:\/\/laredlarioja.com.ar\/sitio\/#website"},"primaryImageOfPage":{"@id":"https:\/\/laredlarioja.com.ar\/sitio\/el-gobierno-anuncio-la-modernizacion-del-inta\/#primaryimage"},"image":{"@id":"https:\/\/laredlarioja.com.ar\/sitio\/el-gobierno-anuncio-la-modernizacion-del-inta\/#primaryimage"},"thumbnailUrl":"https:\/\/laredlarioja.com.ar\/sitio\/wp-content\/uploads\/2024\/01\/ADORNI.jpg","datePublished":"2024-11-28T21:19:58+00:00","dateModified":"2024-11-28T21:40:43+00:00","breadcrumb":{"@id":"https:\/\/laredlarioja.com.ar\/sitio\/el-gobierno-anuncio-la-modernizacion-del-inta\/#breadcrumb"},"inLanguage":"es","potentialAction":[{"@type":"ReadAction","target":["https:\/\/laredlarioja.com.ar\/sitio\/el-gobierno-anuncio-la-modernizacion-del-inta\/"]}]},{"@type":"ImageObject","inLanguage":"es","@id":"https:\/\/laredlarioja.com.ar\/sitio\/el-gobierno-anuncio-la-modernizacion-del-inta\/#primaryimage","url":"https:\/\/laredlarioja.com.ar\/sitio\/wp-content\/uploads\/2024\/01\/ADORNI.jpg","contentUrl":"https:\/\/laredlarioja.com.ar\/sitio\/wp-content\/uploads\/2024\/01\/ADORNI.jpg","width":1200,"height":675},{"@type":"BreadcrumbList","@id":"https:\/\/laredlarioja.com.ar\/sitio\/el-gobierno-anuncio-la-modernizacion-del-inta\/#breadcrumb","itemListElement":[{"@type":"ListItem","position":1,"name":"Portada","item":"https:\/\/laredlarioja.com.ar\/sitio\/"},{"@type":"ListItem","position":2,"name":"El Gobierno anunci\u00f3 la modernizaci\u00f3n del INTA"}]},{"@type":"WebSite","@id":"https:\/\/laredlarioja.com.ar\/sitio\/#website","url":"https:\/\/laredlarioja.com.ar\/sitio\/","name":"LA RED 88.3 LA RIOJA","description":"Sitio de Noticias","publisher":{"@id":"https:\/\/laredlarioja.com.ar\/sitio\/#organization"},"potentialAction":[{"@type":"SearchAction","target":{"@type":"EntryPoint","urlTemplate":"https:\/\/laredlarioja.com.ar\/sitio\/?s={search_term_string}"},"query-input":{"@type":"PropertyValueSpecification","valueRequired":true,"valueName":"search_term_string"}}],"inLanguage":"es"},{"@type":"Organization","@id":"https:\/\/laredlarioja.com.ar\/sitio\/#organization","name":"LA RED 88.3 LA RIOJA","url":"https:\/\/laredlarioja.com.ar\/sitio\/","logo":{"@type":"ImageObject","inLanguage":"es","@id":"https:\/\/laredlarioja.com.ar\/sitio\/#\/schema\/logo\/image\/","url":"https:\/\/laredlarioja.com.ar\/sitio\/wp-content\/uploads\/2025\/05\/LOGO-LA-RED.png","contentUrl":"https:\/\/laredlarioja.com.ar\/sitio\/wp-content\/uploads\/2025\/05\/LOGO-LA-RED.png","width":193,"height":340,"caption":"LA RED 88.3 LA RIOJA"},"image":{"@id":"https:\/\/laredlarioja.com.ar\/sitio\/#\/schema\/logo\/image\/"},"sameAs":["https:\/\/www.facebook.com\/lared.larioja","https:\/\/x.com\/laredlarioja1","https:\/\/www.instagram.com\/lared_larioja\/"]},{"@type":"Person","@id":"https:\/\/laredlarioja.com.ar\/sitio\/#\/schema\/person\/31f88059d20c5cf06e974fd895aec56e","name":"Anabella Soria","url":"https:\/\/laredlarioja.com.ar\/sitio\/author\/asoria\/"}]}},"featured_image_urls":{"full":["https:\/\/laredlarioja.com.ar\/sitio\/wp-content\/uploads\/2024\/01\/ADORNI.jpg",1200,675,false],"thumbnail":["https:\/\/laredlarioja.com.ar\/sitio\/wp-content\/uploads\/2024\/01\/ADORNI-150x150.jpg",150,150,true],"medium":["https:\/\/laredlarioja.com.ar\/sitio\/wp-content\/uploads\/2024\/01\/ADORNI-300x169.jpg",300,169,true],"medium_large":["https:\/\/laredlarioja.com.ar\/sitio\/wp-content\/uploads\/2024\/01\/ADORNI-768x432.jpg",640,360,true],"large":["https:\/\/laredlarioja.com.ar\/sitio\/wp-content\/uploads\/2024\/01\/ADORNI-1024x576.jpg",640,360,true],"1536x1536":["https:\/\/laredlarioja.com.ar\/sitio\/wp-content\/uploads\/2024\/01\/ADORNI.jpg",1200,675,false],"2048x2048":["https:\/\/laredlarioja.com.ar\/sitio\/wp-content\/uploads\/2024\/01\/ADORNI.jpg",1200,675,false],"cvmm-medium":["https:\/\/laredlarioja.com.ar\/sitio\/wp-content\/uploads\/2024\/01\/ADORNI-300x300.jpg",300,300,true],"cvmm-medium-plus":["https:\/\/laredlarioja.com.ar\/sitio\/wp-content\/uploads\/2024\/01\/ADORNI-305x207.jpg",305,207,true],"cvmm-portrait":["https:\/\/laredlarioja.com.ar\/sitio\/wp-content\/uploads\/2024\/01\/ADORNI-400x600.jpg",400,600,true],"cvmm-medium-square":["https:\/\/laredlarioja.com.ar\/sitio\/wp-content\/uploads\/2024\/01\/ADORNI-600x600.jpg",600,600,true],"cvmm-large":["https:\/\/laredlarioja.com.ar\/sitio\/wp-content\/uploads\/2024\/01\/ADORNI-1024x675.jpg",1024,675,true],"cvmm-small":["https:\/\/laredlarioja.com.ar\/sitio\/wp-content\/uploads\/2024\/01\/ADORNI-130x95.jpg",130,95,true],"morenews-large":["https:\/\/laredlarioja.com.ar\/sitio\/wp-content\/uploads\/2024\/01\/ADORNI-825x575.jpg",825,575,true],"morenews-medium":["https:\/\/laredlarioja.com.ar\/sitio\/wp-content\/uploads\/2024\/01\/ADORNI-590x410.jpg",590,410,true]},"author_info":{"display_name":"Anabella Soria","author_link":"https:\/\/laredlarioja.com.ar\/sitio\/author\/asoria\/"},"category_info":"<a href=\"https:\/\/laredlarioja.com.ar\/sitio\/categorias\/nacionales\/\" rel=\"category tag\">Nacionales<\/a>","tag_info":"Nacionales","comment_count":"0","blog_post_layout_featured_media_urls":{"thumbnail":["https:\/\/laredlarioja.com.ar\/sitio\/wp-content\/uploads\/2024\/01\/ADORNI-150x150.jpg",150,150,true],"full":["https:\/\/laredlarioja.com.ar\/sitio\/wp-content\/uploads\/2024\/01\/ADORNI.jpg",1200,675,false]},"categories_names":{"28":{"name":"Nacionales","link":"https:\/\/laredlarioja.com.ar\/sitio\/categorias\/nacionales\/"}},"tags_names":{"84":{"name":"Secundaria","link":"https:\/\/laredlarioja.com.ar\/sitio\/etiquetas\/secundaria\/"}},"comments_number":"0","wpmagazine_modules_lite_featured_media_urls":{"thumbnail":["https:\/\/laredlarioja.com.ar\/sitio\/wp-content\/uploads\/2024\/01\/ADORNI-150x150.jpg",150,150,true],"cvmm-medium":["https:\/\/laredlarioja.com.ar\/sitio\/wp-content\/uploads\/2024\/01\/ADORNI-300x300.jpg",300,300,true],"cvmm-medium-plus":["https:\/\/laredlarioja.com.ar\/sitio\/wp-content\/uploads\/2024\/01\/ADORNI-305x207.jpg",305,207,true],"cvmm-portrait":["https:\/\/laredlarioja.com.ar\/sitio\/wp-content\/uploads\/2024\/01\/ADORNI-400x600.jpg",400,600,true],"cvmm-medium-square":["https:\/\/laredlarioja.com.ar\/sitio\/wp-content\/uploads\/2024\/01\/ADORNI-600x600.jpg",600,600,true],"cvmm-large":["https:\/\/laredlarioja.com.ar\/sitio\/wp-content\/uploads\/2024\/01\/ADORNI-1024x675.jpg",1024,675,true],"cvmm-small":["https:\/\/laredlarioja.com.ar\/sitio\/wp-content\/uploads\/2024\/01\/ADORNI-130x95.jpg",130,95,true],"full":["https:\/\/laredlarioja.com.ar\/sitio\/wp-content\/uploads\/2024\/01\/ADORNI.jpg",1200,675,false]},"_links":{"self":[{"href":"https:\/\/laredlarioja.com.ar\/sitio\/wp-json\/wp\/v2\/posts\/55346","targetHints":{"allow":["GET"]}}],"collection":[{"href":"https:\/\/laredlarioja.com.ar\/sitio\/wp-json\/wp\/v2\/posts"}],"about":[{"href":"https:\/\/laredlarioja.com.ar\/sitio\/wp-json\/wp\/v2\/types\/post"}],"author":[{"embeddable":true,"href":"https:\/\/laredlarioja.com.ar\/sitio\/wp-json\/wp\/v2\/users\/7"}],"replies":[{"embeddable":true,"href":"https:\/\/laredlarioja.com.ar\/sitio\/wp-json\/wp\/v2\/comments?post=55346"}],"version-history":[{"count":1,"href":"https:\/\/laredlarioja.com.ar\/sitio\/wp-json\/wp\/v2\/posts\/55346\/revisions"}],"predecessor-version":[{"id":55347,"href":"https:\/\/laredlarioja.com.ar\/sitio\/wp-json\/wp\/v2\/posts\/55346\/revisions\/55347"}],"wp:featuredmedia":[{"embeddable":true,"href":"https:\/\/laredlarioja.com.ar\/sitio\/wp-json\/wp\/v2\/media\/41209"}],"wp:attachment":[{"href":"https:\/\/laredlarioja.com.ar\/sitio\/wp-json\/wp\/v2\/media?parent=55346"}],"wp:term":[{"taxonomy":"category","embeddable":true,"href":"https:\/\/laredlarioja.com.ar\/sitio\/wp-json\/wp\/v2\/categories?post=55346"},{"taxonomy":"post_tag","embeddable":true,"href":"https:\/\/laredlarioja.com.ar\/sitio\/wp-json\/wp\/v2\/tags?post=55346"}],"curies":[{"name":"wp","href":"https:\/\/api.w.org\/{rel}","templated":true}]}}