{"id":55477,"date":"2024-12-02T14:36:38","date_gmt":"2024-12-02T14:36:38","guid":{"rendered":"https:\/\/laredlarioja.com.ar\/sitio\/?p=55477"},"modified":"2024-12-03T11:27:33","modified_gmt":"2024-12-03T11:27:33","slug":"asambleas-de-famatina-rechazan-que-la-zona-sea-declarada-parque-nacional-estamos-preocupados-por-este-avasallamiento-de-nuestros-pueblos-sin-consulta","status":"publish","type":"post","link":"https:\/\/laredlarioja.com.ar\/sitio\/asambleas-de-famatina-rechazan-que-la-zona-sea-declarada-parque-nacional-estamos-preocupados-por-este-avasallamiento-de-nuestros-pueblos-sin-consulta\/","title":{"rendered":"Asambleas de Famatina rechazan que la zona sea declarada Parque Nacional: \u201cEstamos preocupados por este avasallamiento de nuestros pueblos sin consulta\u201d"},"content":{"rendered":"<p><span style=\"font-weight: 400;\">Este lunes 2 de diciembre en el Cerro El Toro, en Villa Castelli, se realizar\u00e1 una multisectorial \u201cActores del sector minero en La Rioja\u201d, en donde 9 empresas mineras informar\u00e1n a la sociedad y autoridades provinciales sobre las etapas de los diferentes proyectos que se est\u00e1n llevan adelante en la regi\u00f3n.<\/span><\/p>\n<p><span style=\"font-weight: 400;\">En este contexto, <strong>Ana Gonz\u00e1lez,<\/strong> miembro de la C\u00e1mara de Turismo de Famatina, dialog\u00f3 con <strong>La Red<\/strong> y manifest\u00f3 su preocupaci\u00f3n ante la posibilidad de que Famatina sea declarada Parque Nacional. <strong>\u201cNos preocupa la forma en que se est\u00e1 manejando la Secretar\u00eda de Patrimonio de Cultura y algunos miembros de Turismo avasallando la unidad de gesti\u00f3n local del pueblo de Famatina que ser\u00eda la instituci\u00f3n u organismo m\u00e1ximo de representatividad, y no fue convocada ni avisada, ni participaron a ning\u00fan integrante de gesti\u00f3n local\u201d.\u00a0<\/strong><\/span><\/p>\n<p><span style=\"font-weight: 400;\">\u201cEsto fue realmente un atropello al pueblo, por eso desde la C\u00e1mara de Turismo de Famatina manifestamos preocupaci\u00f3n por estos hechos, es un encuentro federal donde se reunieron 6 representantes de provincias, autoridades nacionales, provinciales, etc. Pero al pueblo no le informaron, todo esto nos llena de ruido\u00a0 y despierta sospecha de posibles prop\u00f3sitos mercantilistas\u201d, denunci\u00f3.\u00a0<\/span><\/p>\n<p><span style=\"font-weight: 400;\">En este sentido, sentenci\u00f3 que \u201cel Famatina no se toca\u201d como dijo Ricardo Quintela hace poco. El gobernador con total autoridad dice que Famatina ser\u00e1 Parque Nacional. No tenemos las mejores experiencias a trav\u00e9s de los gobiernos, <strong>la entrega de nuestros territorios, el avasallamiento, la discrecionalidad y manejo de nuestros territorios, creo que primero deber\u00edan consultar al pueblo qu\u00e9 quiere hacer con el pueblo, no imponer estos parques. Se nos llena de preocupaci\u00f3n todo lo que pasa en nuestro pueblo.<\/strong> Desde 2008 resistimos a la instalaci\u00f3n del Parque Nacional\u201d.\u00a0<\/span><\/p>\n<p><span style=\"font-weight: 400;\">\u201cEstamos preocupados por este avasallamiento de nuestros pueblos sin consulta. Estamos en estado de alerta\u201d, dijo para finalizar.\u00a0<\/span><\/p>\n","protected":false},"excerpt":{"rendered":"<p>Este lunes 2 de diciembre en el Cerro El Toro, en Villa Castelli, se realizar\u00e1 una multisectorial \u201cActores<\/p>\n","protected":false},"author":10,"featured_media":31922,"comment_status":"closed","ping_status":"open","sticky":false,"template":"","format":"standard","meta":{"footnotes":""},"categories":[94],"tags":[],"class_list":["post-55477","post","type-post","status-publish","format-standard","has-post-thumbnail","hentry","category-locales"],"yoast_head":"<!-- This site is optimized with the Yoast SEO plugin v27.4 - https:\/\/yoast.com\/product\/yoast-seo-wordpress\/ -->\n<title>Asambleas de Famatina rechazan que la zona sea declarada Parque Nacional: \u201cEstamos preocupados por este avasallamiento de nuestros pueblos sin consulta\u201d - LA RED 88.3 LA RIOJA<\/title>\n<meta name=\"robots\" content=\"index, follow, max-snippet:-1, max-image-preview:large, max-video-preview:-1\" \/>\n<link rel=\"canonical\" href=\"https:\/\/laredlarioja.com.ar\/sitio\/asambleas-de-famatina-rechazan-que-la-zona-sea-declarada-parque-nacional-estamos-preocupados-por-este-avasallamiento-de-nuestros-pueblos-sin-consulta\/\" \/>\n<meta property=\"og:locale\" content=\"es_ES\" \/>\n<meta property=\"og:type\" content=\"article\" \/>\n<meta property=\"og:title\" content=\"Asambleas de Famatina rechazan que la zona sea declarada Parque Nacional: \u201cEstamos preocupados por este avasallamiento de nuestros pueblos sin consulta\u201d - LA RED 88.3 LA RIOJA\" \/>\n<meta property=\"og:description\" content=\"Este lunes 2 de diciembre en el Cerro El Toro, en Villa Castelli, se realizar\u00e1 una multisectorial \u201cActores\" \/>\n<meta property=\"og:url\" content=\"https:\/\/laredlarioja.com.ar\/sitio\/asambleas-de-famatina-rechazan-que-la-zona-sea-declarada-parque-nacional-estamos-preocupados-por-este-avasallamiento-de-nuestros-pueblos-sin-consulta\/\" \/>\n<meta property=\"og:site_name\" content=\"LA RED 88.3 LA RIOJA\" \/>\n<meta property=\"article:publisher\" content=\"https:\/\/www.facebook.com\/lared.larioja\" \/>\n<meta property=\"article:published_time\" content=\"2024-12-02T14:36:38+00:00\" \/>\n<meta property=\"article:modified_time\" content=\"2024-12-03T11:27:33+00:00\" \/>\n<meta property=\"og:image\" content=\"https:\/\/laredlarioja.com.ar\/sitio\/wp-content\/uploads\/2023\/06\/FAMATINA.jpg\" \/>\n\t<meta property=\"og:image:width\" content=\"960\" \/>\n\t<meta property=\"og:image:height\" content=\"600\" \/>\n\t<meta property=\"og:image:type\" content=\"image\/jpeg\" \/>\n<meta name=\"author\" content=\"La Red\" \/>\n<meta name=\"twitter:card\" content=\"summary_large_image\" \/>\n<meta name=\"twitter:creator\" content=\"@laredlarioja1\" \/>\n<meta name=\"twitter:site\" content=\"@laredlarioja1\" \/>\n<meta name=\"twitter:label1\" content=\"Escrito por\" \/>\n\t<meta name=\"twitter:data1\" content=\"La Red\" \/>\n\t<meta name=\"twitter:label2\" content=\"Tiempo de lectura\" \/>\n\t<meta name=\"twitter:data2\" content=\"2 minutos\" \/>\n<script type=\"application\/ld+json\" class=\"yoast-schema-graph\">{\"@context\":\"https:\\\/\\\/schema.org\",\"@graph\":[{\"@type\":\"Article\",\"@id\":\"https:\\\/\\\/laredlarioja.com.ar\\\/sitio\\\/asambleas-de-famatina-rechazan-que-la-zona-sea-declarada-parque-nacional-estamos-preocupados-por-este-avasallamiento-de-nuestros-pueblos-sin-consulta\\\/#article\",\"isPartOf\":{\"@id\":\"https:\\\/\\\/laredlarioja.com.ar\\\/sitio\\\/asambleas-de-famatina-rechazan-que-la-zona-sea-declarada-parque-nacional-estamos-preocupados-por-este-avasallamiento-de-nuestros-pueblos-sin-consulta\\\/\"},\"author\":{\"name\":\"La Red\",\"@id\":\"https:\\\/\\\/laredlarioja.com.ar\\\/sitio\\\/#\\\/schema\\\/person\\\/f1e213867beccedaaa4fb548d9259d9a\"},\"headline\":\"Asambleas de Famatina rechazan que la zona sea declarada Parque Nacional: \u201cEstamos preocupados por este avasallamiento de nuestros pueblos sin consulta\u201d\",\"datePublished\":\"2024-12-02T14:36:38+00:00\",\"dateModified\":\"2024-12-03T11:27:33+00:00\",\"mainEntityOfPage\":{\"@id\":\"https:\\\/\\\/laredlarioja.com.ar\\\/sitio\\\/asambleas-de-famatina-rechazan-que-la-zona-sea-declarada-parque-nacional-estamos-preocupados-por-este-avasallamiento-de-nuestros-pueblos-sin-consulta\\\/\"},\"wordCount\":335,\"publisher\":{\"@id\":\"https:\\\/\\\/laredlarioja.com.ar\\\/sitio\\\/#organization\"},\"image\":{\"@id\":\"https:\\\/\\\/laredlarioja.com.ar\\\/sitio\\\/asambleas-de-famatina-rechazan-que-la-zona-sea-declarada-parque-nacional-estamos-preocupados-por-este-avasallamiento-de-nuestros-pueblos-sin-consulta\\\/#primaryimage\"},\"thumbnailUrl\":\"https:\\\/\\\/laredlarioja.com.ar\\\/sitio\\\/wp-content\\\/uploads\\\/2023\\\/06\\\/FAMATINA.jpg\",\"articleSection\":[\"Locales\"],\"inLanguage\":\"es\"},{\"@type\":\"WebPage\",\"@id\":\"https:\\\/\\\/laredlarioja.com.ar\\\/sitio\\\/asambleas-de-famatina-rechazan-que-la-zona-sea-declarada-parque-nacional-estamos-preocupados-por-este-avasallamiento-de-nuestros-pueblos-sin-consulta\\\/\",\"url\":\"https:\\\/\\\/laredlarioja.com.ar\\\/sitio\\\/asambleas-de-famatina-rechazan-que-la-zona-sea-declarada-parque-nacional-estamos-preocupados-por-este-avasallamiento-de-nuestros-pueblos-sin-consulta\\\/\",\"name\":\"Asambleas de Famatina rechazan que la zona sea declarada Parque Nacional: \u201cEstamos preocupados por este avasallamiento de nuestros pueblos sin consulta\u201d - LA RED 88.3 LA RIOJA\",\"isPartOf\":{\"@id\":\"https:\\\/\\\/laredlarioja.com.ar\\\/sitio\\\/#website\"},\"primaryImageOfPage\":{\"@id\":\"https:\\\/\\\/laredlarioja.com.ar\\\/sitio\\\/asambleas-de-famatina-rechazan-que-la-zona-sea-declarada-parque-nacional-estamos-preocupados-por-este-avasallamiento-de-nuestros-pueblos-sin-consulta\\\/#primaryimage\"},\"image\":{\"@id\":\"https:\\\/\\\/laredlarioja.com.ar\\\/sitio\\\/asambleas-de-famatina-rechazan-que-la-zona-sea-declarada-parque-nacional-estamos-preocupados-por-este-avasallamiento-de-nuestros-pueblos-sin-consulta\\\/#primaryimage\"},\"thumbnailUrl\":\"https:\\\/\\\/laredlarioja.com.ar\\\/sitio\\\/wp-content\\\/uploads\\\/2023\\\/06\\\/FAMATINA.jpg\",\"datePublished\":\"2024-12-02T14:36:38+00:00\",\"dateModified\":\"2024-12-03T11:27:33+00:00\",\"breadcrumb\":{\"@id\":\"https:\\\/\\\/laredlarioja.com.ar\\\/sitio\\\/asambleas-de-famatina-rechazan-que-la-zona-sea-declarada-parque-nacional-estamos-preocupados-por-este-avasallamiento-de-nuestros-pueblos-sin-consulta\\\/#breadcrumb\"},\"inLanguage\":\"es\",\"potentialAction\":[{\"@type\":\"ReadAction\",\"target\":[\"https:\\\/\\\/laredlarioja.com.ar\\\/sitio\\\/asambleas-de-famatina-rechazan-que-la-zona-sea-declarada-parque-nacional-estamos-preocupados-por-este-avasallamiento-de-nuestros-pueblos-sin-consulta\\\/\"]}]},{\"@type\":\"ImageObject\",\"inLanguage\":\"es\",\"@id\":\"https:\\\/\\\/laredlarioja.com.ar\\\/sitio\\\/asambleas-de-famatina-rechazan-que-la-zona-sea-declarada-parque-nacional-estamos-preocupados-por-este-avasallamiento-de-nuestros-pueblos-sin-consulta\\\/#primaryimage\",\"url\":\"https:\\\/\\\/laredlarioja.com.ar\\\/sitio\\\/wp-content\\\/uploads\\\/2023\\\/06\\\/FAMATINA.jpg\",\"contentUrl\":\"https:\\\/\\\/laredlarioja.com.ar\\\/sitio\\\/wp-content\\\/uploads\\\/2023\\\/06\\\/FAMATINA.jpg\",\"width\":960,\"height\":600},{\"@type\":\"BreadcrumbList\",\"@id\":\"https:\\\/\\\/laredlarioja.com.ar\\\/sitio\\\/asambleas-de-famatina-rechazan-que-la-zona-sea-declarada-parque-nacional-estamos-preocupados-por-este-avasallamiento-de-nuestros-pueblos-sin-consulta\\\/#breadcrumb\",\"itemListElement\":[{\"@type\":\"ListItem\",\"position\":1,\"name\":\"Portada\",\"item\":\"https:\\\/\\\/laredlarioja.com.ar\\\/sitio\\\/\"},{\"@type\":\"ListItem\",\"position\":2,\"name\":\"Asambleas de Famatina rechazan que la zona sea declarada Parque Nacional: \u201cEstamos preocupados por este avasallamiento de nuestros pueblos sin consulta\u201d\"}]},{\"@type\":\"WebSite\",\"@id\":\"https:\\\/\\\/laredlarioja.com.ar\\\/sitio\\\/#website\",\"url\":\"https:\\\/\\\/laredlarioja.com.ar\\\/sitio\\\/\",\"name\":\"LA RED 88.3 LA RIOJA\",\"description\":\"Sitio de Noticias\",\"publisher\":{\"@id\":\"https:\\\/\\\/laredlarioja.com.ar\\\/sitio\\\/#organization\"},\"potentialAction\":[{\"@type\":\"SearchAction\",\"target\":{\"@type\":\"EntryPoint\",\"urlTemplate\":\"https:\\\/\\\/laredlarioja.com.ar\\\/sitio\\\/?s={search_term_string}\"},\"query-input\":{\"@type\":\"PropertyValueSpecification\",\"valueRequired\":true,\"valueName\":\"search_term_string\"}}],\"inLanguage\":\"es\"},{\"@type\":\"Organization\",\"@id\":\"https:\\\/\\\/laredlarioja.com.ar\\\/sitio\\\/#organization\",\"name\":\"LA RED 88.3 LA RIOJA\",\"url\":\"https:\\\/\\\/laredlarioja.com.ar\\\/sitio\\\/\",\"logo\":{\"@type\":\"ImageObject\",\"inLanguage\":\"es\",\"@id\":\"https:\\\/\\\/laredlarioja.com.ar\\\/sitio\\\/#\\\/schema\\\/logo\\\/image\\\/\",\"url\":\"https:\\\/\\\/laredlarioja.com.ar\\\/sitio\\\/wp-content\\\/uploads\\\/2025\\\/05\\\/LOGO-LA-RED.png\",\"contentUrl\":\"https:\\\/\\\/laredlarioja.com.ar\\\/sitio\\\/wp-content\\\/uploads\\\/2025\\\/05\\\/LOGO-LA-RED.png\",\"width\":193,\"height\":340,\"caption\":\"LA RED 88.3 LA RIOJA\"},\"image\":{\"@id\":\"https:\\\/\\\/laredlarioja.com.ar\\\/sitio\\\/#\\\/schema\\\/logo\\\/image\\\/\"},\"sameAs\":[\"https:\\\/\\\/www.facebook.com\\\/lared.larioja\",\"https:\\\/\\\/x.com\\\/laredlarioja1\",\"https:\\\/\\\/www.instagram.com\\\/lared_larioja\\\/\"]},{\"@type\":\"Person\",\"@id\":\"https:\\\/\\\/laredlarioja.com.ar\\\/sitio\\\/#\\\/schema\\\/person\\\/f1e213867beccedaaa4fb548d9259d9a\",\"name\":\"La Red\",\"url\":\"https:\\\/\\\/laredlarioja.com.ar\\\/sitio\\\/author\\\/lared\\\/\"}]}<\/script>\n<!-- \/ Yoast SEO plugin. -->","yoast_head_json":{"title":"Asambleas de Famatina rechazan que la zona sea declarada Parque Nacional: \u201cEstamos preocupados por este avasallamiento de nuestros pueblos sin consulta\u201d - LA RED 88.3 LA RIOJA","robots":{"index":"index","follow":"follow","max-snippet":"max-snippet:-1","max-image-preview":"max-image-preview:large","max-video-preview":"max-video-preview:-1"},"canonical":"https:\/\/laredlarioja.com.ar\/sitio\/asambleas-de-famatina-rechazan-que-la-zona-sea-declarada-parque-nacional-estamos-preocupados-por-este-avasallamiento-de-nuestros-pueblos-sin-consulta\/","og_locale":"es_ES","og_type":"article","og_title":"Asambleas de Famatina rechazan que la zona sea declarada Parque Nacional: \u201cEstamos preocupados por este avasallamiento de nuestros pueblos sin consulta\u201d - LA RED 88.3 LA RIOJA","og_description":"Este lunes 2 de diciembre en el Cerro El Toro, en Villa Castelli, se realizar\u00e1 una multisectorial \u201cActores","og_url":"https:\/\/laredlarioja.com.ar\/sitio\/asambleas-de-famatina-rechazan-que-la-zona-sea-declarada-parque-nacional-estamos-preocupados-por-este-avasallamiento-de-nuestros-pueblos-sin-consulta\/","og_site_name":"LA RED 88.3 LA RIOJA","article_publisher":"https:\/\/www.facebook.com\/lared.larioja","article_published_time":"2024-12-02T14:36:38+00:00","article_modified_time":"2024-12-03T11:27:33+00:00","og_image":[{"width":960,"height":600,"url":"https:\/\/laredlarioja.com.ar\/sitio\/wp-content\/uploads\/2023\/06\/FAMATINA.jpg","type":"image\/jpeg"}],"author":"La Red","twitter_card":"summary_large_image","twitter_creator":"@laredlarioja1","twitter_site":"@laredlarioja1","twitter_misc":{"Escrito por":"La Red","Tiempo de lectura":"2 minutos"},"schema":{"@context":"https:\/\/schema.org","@graph":[{"@type":"Article","@id":"https:\/\/laredlarioja.com.ar\/sitio\/asambleas-de-famatina-rechazan-que-la-zona-sea-declarada-parque-nacional-estamos-preocupados-por-este-avasallamiento-de-nuestros-pueblos-sin-consulta\/#article","isPartOf":{"@id":"https:\/\/laredlarioja.com.ar\/sitio\/asambleas-de-famatina-rechazan-que-la-zona-sea-declarada-parque-nacional-estamos-preocupados-por-este-avasallamiento-de-nuestros-pueblos-sin-consulta\/"},"author":{"name":"La Red","@id":"https:\/\/laredlarioja.com.ar\/sitio\/#\/schema\/person\/f1e213867beccedaaa4fb548d9259d9a"},"headline":"Asambleas de Famatina rechazan que la zona sea declarada Parque Nacional: \u201cEstamos preocupados por este avasallamiento de nuestros pueblos sin consulta\u201d","datePublished":"2024-12-02T14:36:38+00:00","dateModified":"2024-12-03T11:27:33+00:00","mainEntityOfPage":{"@id":"https:\/\/laredlarioja.com.ar\/sitio\/asambleas-de-famatina-rechazan-que-la-zona-sea-declarada-parque-nacional-estamos-preocupados-por-este-avasallamiento-de-nuestros-pueblos-sin-consulta\/"},"wordCount":335,"publisher":{"@id":"https:\/\/laredlarioja.com.ar\/sitio\/#organization"},"image":{"@id":"https:\/\/laredlarioja.com.ar\/sitio\/asambleas-de-famatina-rechazan-que-la-zona-sea-declarada-parque-nacional-estamos-preocupados-por-este-avasallamiento-de-nuestros-pueblos-sin-consulta\/#primaryimage"},"thumbnailUrl":"https:\/\/laredlarioja.com.ar\/sitio\/wp-content\/uploads\/2023\/06\/FAMATINA.jpg","articleSection":["Locales"],"inLanguage":"es"},{"@type":"WebPage","@id":"https:\/\/laredlarioja.com.ar\/sitio\/asambleas-de-famatina-rechazan-que-la-zona-sea-declarada-parque-nacional-estamos-preocupados-por-este-avasallamiento-de-nuestros-pueblos-sin-consulta\/","url":"https:\/\/laredlarioja.com.ar\/sitio\/asambleas-de-famatina-rechazan-que-la-zona-sea-declarada-parque-nacional-estamos-preocupados-por-este-avasallamiento-de-nuestros-pueblos-sin-consulta\/","name":"Asambleas de Famatina rechazan que la zona sea declarada Parque Nacional: \u201cEstamos preocupados por este avasallamiento de nuestros pueblos sin consulta\u201d - LA RED 88.3 LA RIOJA","isPartOf":{"@id":"https:\/\/laredlarioja.com.ar\/sitio\/#website"},"primaryImageOfPage":{"@id":"https:\/\/laredlarioja.com.ar\/sitio\/asambleas-de-famatina-rechazan-que-la-zona-sea-declarada-parque-nacional-estamos-preocupados-por-este-avasallamiento-de-nuestros-pueblos-sin-consulta\/#primaryimage"},"image":{"@id":"https:\/\/laredlarioja.com.ar\/sitio\/asambleas-de-famatina-rechazan-que-la-zona-sea-declarada-parque-nacional-estamos-preocupados-por-este-avasallamiento-de-nuestros-pueblos-sin-consulta\/#primaryimage"},"thumbnailUrl":"https:\/\/laredlarioja.com.ar\/sitio\/wp-content\/uploads\/2023\/06\/FAMATINA.jpg","datePublished":"2024-12-02T14:36:38+00:00","dateModified":"2024-12-03T11:27:33+00:00","breadcrumb":{"@id":"https:\/\/laredlarioja.com.ar\/sitio\/asambleas-de-famatina-rechazan-que-la-zona-sea-declarada-parque-nacional-estamos-preocupados-por-este-avasallamiento-de-nuestros-pueblos-sin-consulta\/#breadcrumb"},"inLanguage":"es","potentialAction":[{"@type":"ReadAction","target":["https:\/\/laredlarioja.com.ar\/sitio\/asambleas-de-famatina-rechazan-que-la-zona-sea-declarada-parque-nacional-estamos-preocupados-por-este-avasallamiento-de-nuestros-pueblos-sin-consulta\/"]}]},{"@type":"ImageObject","inLanguage":"es","@id":"https:\/\/laredlarioja.com.ar\/sitio\/asambleas-de-famatina-rechazan-que-la-zona-sea-declarada-parque-nacional-estamos-preocupados-por-este-avasallamiento-de-nuestros-pueblos-sin-consulta\/#primaryimage","url":"https:\/\/laredlarioja.com.ar\/sitio\/wp-content\/uploads\/2023\/06\/FAMATINA.jpg","contentUrl":"https:\/\/laredlarioja.com.ar\/sitio\/wp-content\/uploads\/2023\/06\/FAMATINA.jpg","width":960,"height":600},{"@type":"BreadcrumbList","@id":"https:\/\/laredlarioja.com.ar\/sitio\/asambleas-de-famatina-rechazan-que-la-zona-sea-declarada-parque-nacional-estamos-preocupados-por-este-avasallamiento-de-nuestros-pueblos-sin-consulta\/#breadcrumb","itemListElement":[{"@type":"ListItem","position":1,"name":"Portada","item":"https:\/\/laredlarioja.com.ar\/sitio\/"},{"@type":"ListItem","position":2,"name":"Asambleas de Famatina rechazan que la zona sea declarada Parque Nacional: \u201cEstamos preocupados por este avasallamiento de nuestros pueblos sin consulta\u201d"}]},{"@type":"WebSite","@id":"https:\/\/laredlarioja.com.ar\/sitio\/#website","url":"https:\/\/laredlarioja.com.ar\/sitio\/","name":"LA RED 88.3 LA RIOJA","description":"Sitio de Noticias","publisher":{"@id":"https:\/\/laredlarioja.com.ar\/sitio\/#organization"},"potentialAction":[{"@type":"SearchAction","target":{"@type":"EntryPoint","urlTemplate":"https:\/\/laredlarioja.com.ar\/sitio\/?s={search_term_string}"},"query-input":{"@type":"PropertyValueSpecification","valueRequired":true,"valueName":"search_term_string"}}],"inLanguage":"es"},{"@type":"Organization","@id":"https:\/\/laredlarioja.com.ar\/sitio\/#organization","name":"LA RED 88.3 LA RIOJA","url":"https:\/\/laredlarioja.com.ar\/sitio\/","logo":{"@type":"ImageObject","inLanguage":"es","@id":"https:\/\/laredlarioja.com.ar\/sitio\/#\/schema\/logo\/image\/","url":"https:\/\/laredlarioja.com.ar\/sitio\/wp-content\/uploads\/2025\/05\/LOGO-LA-RED.png","contentUrl":"https:\/\/laredlarioja.com.ar\/sitio\/wp-content\/uploads\/2025\/05\/LOGO-LA-RED.png","width":193,"height":340,"caption":"LA RED 88.3 LA RIOJA"},"image":{"@id":"https:\/\/laredlarioja.com.ar\/sitio\/#\/schema\/logo\/image\/"},"sameAs":["https:\/\/www.facebook.com\/lared.larioja","https:\/\/x.com\/laredlarioja1","https:\/\/www.instagram.com\/lared_larioja\/"]},{"@type":"Person","@id":"https:\/\/laredlarioja.com.ar\/sitio\/#\/schema\/person\/f1e213867beccedaaa4fb548d9259d9a","name":"La Red","url":"https:\/\/laredlarioja.com.ar\/sitio\/author\/lared\/"}]}},"featured_image_urls":{"full":["https:\/\/laredlarioja.com.ar\/sitio\/wp-content\/uploads\/2023\/06\/FAMATINA.jpg",960,600,false],"thumbnail":["https:\/\/laredlarioja.com.ar\/sitio\/wp-content\/uploads\/2023\/06\/FAMATINA-150x150.jpg",150,150,true],"medium":["https:\/\/laredlarioja.com.ar\/sitio\/wp-content\/uploads\/2023\/06\/FAMATINA-300x188.jpg",300,188,true],"medium_large":["https:\/\/laredlarioja.com.ar\/sitio\/wp-content\/uploads\/2023\/06\/FAMATINA-768x480.jpg",640,400,true],"large":["https:\/\/laredlarioja.com.ar\/sitio\/wp-content\/uploads\/2023\/06\/FAMATINA.jpg",640,400,false],"1536x1536":["https:\/\/laredlarioja.com.ar\/sitio\/wp-content\/uploads\/2023\/06\/FAMATINA.jpg",960,600,false],"2048x2048":["https:\/\/laredlarioja.com.ar\/sitio\/wp-content\/uploads\/2023\/06\/FAMATINA.jpg",960,600,false],"cvmm-medium":["https:\/\/laredlarioja.com.ar\/sitio\/wp-content\/uploads\/2023\/06\/FAMATINA-300x300.jpg",300,300,true],"cvmm-medium-plus":["https:\/\/laredlarioja.com.ar\/sitio\/wp-content\/uploads\/2023\/06\/FAMATINA-305x207.jpg",305,207,true],"cvmm-portrait":["https:\/\/laredlarioja.com.ar\/sitio\/wp-content\/uploads\/2023\/06\/FAMATINA-400x600.jpg",400,600,true],"cvmm-medium-square":["https:\/\/laredlarioja.com.ar\/sitio\/wp-content\/uploads\/2023\/06\/FAMATINA-600x600.jpg",600,600,true],"cvmm-large":["https:\/\/laredlarioja.com.ar\/sitio\/wp-content\/uploads\/2023\/06\/FAMATINA.jpg",960,600,false],"cvmm-small":["https:\/\/laredlarioja.com.ar\/sitio\/wp-content\/uploads\/2023\/06\/FAMATINA-130x95.jpg",130,95,true],"morenews-large":["https:\/\/laredlarioja.com.ar\/sitio\/wp-content\/uploads\/2023\/06\/FAMATINA-825x575.jpg",825,575,true],"morenews-medium":["https:\/\/laredlarioja.com.ar\/sitio\/wp-content\/uploads\/2023\/06\/FAMATINA-590x410.jpg",590,410,true]},"author_info":{"display_name":"La Red","author_link":"https:\/\/laredlarioja.com.ar\/sitio\/author\/lared\/"},"category_info":"<a href=\"https:\/\/laredlarioja.com.ar\/sitio\/categorias\/locales\/\" rel=\"category tag\">Locales<\/a>","tag_info":"Locales","comment_count":"0","blog_post_layout_featured_media_urls":{"thumbnail":["https:\/\/laredlarioja.com.ar\/sitio\/wp-content\/uploads\/2023\/06\/FAMATINA-150x150.jpg",150,150,true],"full":["https:\/\/laredlarioja.com.ar\/sitio\/wp-content\/uploads\/2023\/06\/FAMATINA.jpg",960,600,false]},"categories_names":{"94":{"name":"Locales","link":"https:\/\/laredlarioja.com.ar\/sitio\/categorias\/locales\/"}},"tags_names":[],"comments_number":"0","wpmagazine_modules_lite_featured_media_urls":{"thumbnail":["https:\/\/laredlarioja.com.ar\/sitio\/wp-content\/uploads\/2023\/06\/FAMATINA-150x150.jpg",150,150,true],"cvmm-medium":["https:\/\/laredlarioja.com.ar\/sitio\/wp-content\/uploads\/2023\/06\/FAMATINA-300x300.jpg",300,300,true],"cvmm-medium-plus":["https:\/\/laredlarioja.com.ar\/sitio\/wp-content\/uploads\/2023\/06\/FAMATINA-305x207.jpg",305,207,true],"cvmm-portrait":["https:\/\/laredlarioja.com.ar\/sitio\/wp-content\/uploads\/2023\/06\/FAMATINA-400x600.jpg",400,600,true],"cvmm-medium-square":["https:\/\/laredlarioja.com.ar\/sitio\/wp-content\/uploads\/2023\/06\/FAMATINA-600x600.jpg",600,600,true],"cvmm-large":["https:\/\/laredlarioja.com.ar\/sitio\/wp-content\/uploads\/2023\/06\/FAMATINA.jpg",960,600,false],"cvmm-small":["https:\/\/laredlarioja.com.ar\/sitio\/wp-content\/uploads\/2023\/06\/FAMATINA-130x95.jpg",130,95,true],"full":["https:\/\/laredlarioja.com.ar\/sitio\/wp-content\/uploads\/2023\/06\/FAMATINA.jpg",960,600,false]},"_links":{"self":[{"href":"https:\/\/laredlarioja.com.ar\/sitio\/wp-json\/wp\/v2\/posts\/55477","targetHints":{"allow":["GET"]}}],"collection":[{"href":"https:\/\/laredlarioja.com.ar\/sitio\/wp-json\/wp\/v2\/posts"}],"about":[{"href":"https:\/\/laredlarioja.com.ar\/sitio\/wp-json\/wp\/v2\/types\/post"}],"author":[{"embeddable":true,"href":"https:\/\/laredlarioja.com.ar\/sitio\/wp-json\/wp\/v2\/users\/10"}],"replies":[{"embeddable":true,"href":"https:\/\/laredlarioja.com.ar\/sitio\/wp-json\/wp\/v2\/comments?post=55477"}],"version-history":[{"count":1,"href":"https:\/\/laredlarioja.com.ar\/sitio\/wp-json\/wp\/v2\/posts\/55477\/revisions"}],"predecessor-version":[{"id":55479,"href":"https:\/\/laredlarioja.com.ar\/sitio\/wp-json\/wp\/v2\/posts\/55477\/revisions\/55479"}],"wp:featuredmedia":[{"embeddable":true,"href":"https:\/\/laredlarioja.com.ar\/sitio\/wp-json\/wp\/v2\/media\/31922"}],"wp:attachment":[{"href":"https:\/\/laredlarioja.com.ar\/sitio\/wp-json\/wp\/v2\/media?parent=55477"}],"wp:term":[{"taxonomy":"category","embeddable":true,"href":"https:\/\/laredlarioja.com.ar\/sitio\/wp-json\/wp\/v2\/categories?post=55477"},{"taxonomy":"post_tag","embeddable":true,"href":"https:\/\/laredlarioja.com.ar\/sitio\/wp-json\/wp\/v2\/tags?post=55477"}],"curies":[{"name":"wp","href":"https:\/\/api.w.org\/{rel}","templated":true}]}}