{"id":55508,"date":"2024-12-03T12:36:20","date_gmt":"2024-12-03T12:36:20","guid":{"rendered":"https:\/\/laredlarioja.com.ar\/sitio\/?p=55508"},"modified":"2024-12-04T14:11:49","modified_gmt":"2024-12-04T14:11:49","slug":"quintela-sobre-la-detencion-de-jenny-lujan-pido-disculpas-a-la-senora-porque-nunca-se-manifesto-mal","status":"publish","type":"post","link":"https:\/\/laredlarioja.com.ar\/sitio\/quintela-sobre-la-detencion-de-jenny-lujan-pido-disculpas-a-la-senora-porque-nunca-se-manifesto-mal\/","title":{"rendered":"Quintela sobre la detenci\u00f3n de Jenny Luj\u00e1n: \u201cPido disculpas a la se\u00f1ora porque nunca se manifest\u00f3 mal\u201d"},"content":{"rendered":"<p>En la jornada de este lunes la localidad de Villa Castelli fue sede del encuentro Regional de Miner\u00eda en la que participaron diversas empresas con el fin de brindar informaci\u00f3n a la comunidad sobre la miner\u00eda en dicha regi\u00f3n. Al llegar la comitiva del Gobernador, la asamble\u00edsta Jenny Luj\u00e1n fue detenida luego de manifestar su postura sobre dicho evento. <strong>\u201cEstuve en comisaria por varias horas por lo que entend\u00ed que la idea era retenerme hasta que pase el acto\u201d, dijo y adem\u00e1s sostuvo que realizar\u00e1 una denuncia ante fiscal\u00eda.<\/strong><\/p>\n<p>En este contexto, La Red dialog\u00f3 con el gobernador Ricardo Quintela quien pidi\u00f3 disculpas a la asamble\u00edsta por la situaci\u00f3n: <strong>\u201cPido disculpas a la se\u00f1ora porque en ning\u00fan momento se manifest\u00f3 mal tampoco levant\u00f3 la voz, me enter\u00e9 que hab\u00eda sido retenida y habl\u00e9 con el comisario para que la libere inmediatamente porque la se\u00f1ora se manifest\u00f3 muy respetuosamente, no hubo ning\u00fan tipo de lesi\u00f3n ni tampoco insult\u00f3\u201d.<\/strong><\/p>\n<p><strong>\u201cYo la vi sola a ella que quer\u00eda desplegar una bandera y me dijo muy respetuosamente \u201cFamatina no se toca\u201d sin gritar ni nada<\/strong>. Y la polic\u00eda intervino, se la llevaron dos mujeres polic\u00edas.<strong> Cuando me enter\u00e9 que la mujer estaba en la comisar\u00eda le ped\u00ed al comisario que la libere inmediatamente<\/strong> porque no hab\u00eda cometido ning\u00fan il\u00edcito, ella ten\u00eda derecho a manifestarse y lo hizo respetuosamente. Le pido mil disculpas a la se\u00f1ora\u201d.<\/p>\n<p>\u201cEl informe que tengo es que la polic\u00eda la trat\u00f3 muy bien a la se\u00f1ora. La se\u00f1ora se manifest\u00f3 correcta y sin levantar la voz, preventivamente la polic\u00eda creo que actu\u00f3 de forma correcta, lo manifiesta ella misma, en ning\u00fan momento le faltan el respeto, la agredieron o mucho menos\u201d.<\/p>\n<p>Sobre el actuar de los polic\u00edas, dijo que <strong>\u201cno lo hicieron de mala fe, lo hicieron para evitar situaciones no deseadas, me parece.<\/strong> Son suposiciones. Yo no supe que la hab\u00edan detenido y cuando lo supe llam\u00e9 inmediatamente al comisario para que la liberaran y no le hicieran cargo de nada porque la verdad que se port\u00f3 respetuosamente y lo que hizo fue pedirme eso y simplemente desplegar una bandera que ella ten\u00eda ah\u00ed\u201d.<\/p>\n","protected":false},"excerpt":{"rendered":"<p>En la jornada de este lunes la localidad de Villa Castelli fue sede del encuentro Regional de Miner\u00eda<\/p>\n","protected":false},"author":10,"featured_media":55509,"comment_status":"closed","ping_status":"open","sticky":false,"template":"","format":"standard","meta":{"footnotes":""},"categories":[94],"tags":[84],"class_list":["post-55508","post","type-post","status-publish","format-standard","has-post-thumbnail","hentry","category-locales","tag-secundaria"],"yoast_head":"<!-- This site is optimized with the Yoast SEO plugin v27.4 - https:\/\/yoast.com\/product\/yoast-seo-wordpress\/ -->\n<title>Quintela sobre la detenci\u00f3n de Jenny Luj\u00e1n: \u201cPido disculpas a la se\u00f1ora porque nunca se manifest\u00f3 mal\u201d - LA RED 88.3 LA RIOJA<\/title>\n<meta name=\"robots\" content=\"index, follow, max-snippet:-1, max-image-preview:large, max-video-preview:-1\" \/>\n<link rel=\"canonical\" href=\"https:\/\/laredlarioja.com.ar\/sitio\/quintela-sobre-la-detencion-de-jenny-lujan-pido-disculpas-a-la-senora-porque-nunca-se-manifesto-mal\/\" \/>\n<meta property=\"og:locale\" content=\"es_ES\" \/>\n<meta property=\"og:type\" content=\"article\" \/>\n<meta property=\"og:title\" content=\"Quintela sobre la detenci\u00f3n de Jenny Luj\u00e1n: \u201cPido disculpas a la se\u00f1ora porque nunca se manifest\u00f3 mal\u201d - LA RED 88.3 LA RIOJA\" \/>\n<meta property=\"og:description\" content=\"En la jornada de este lunes la localidad de Villa Castelli fue sede del encuentro Regional de Miner\u00eda\" \/>\n<meta property=\"og:url\" content=\"https:\/\/laredlarioja.com.ar\/sitio\/quintela-sobre-la-detencion-de-jenny-lujan-pido-disculpas-a-la-senora-porque-nunca-se-manifesto-mal\/\" \/>\n<meta property=\"og:site_name\" content=\"LA RED 88.3 LA RIOJA\" \/>\n<meta property=\"article:publisher\" content=\"https:\/\/www.facebook.com\/lared.larioja\" \/>\n<meta property=\"article:published_time\" content=\"2024-12-03T12:36:20+00:00\" \/>\n<meta property=\"article:modified_time\" content=\"2024-12-04T14:11:49+00:00\" \/>\n<meta property=\"og:image\" content=\"https:\/\/laredlarioja.com.ar\/sitio\/wp-content\/uploads\/2024\/12\/290ffe24-06aa-4895-a49e-e8362b8349a7.jpeg\" \/>\n\t<meta property=\"og:image:width\" content=\"1280\" \/>\n\t<meta property=\"og:image:height\" content=\"852\" \/>\n\t<meta property=\"og:image:type\" content=\"image\/jpeg\" \/>\n<meta name=\"author\" content=\"La Red\" \/>\n<meta name=\"twitter:card\" content=\"summary_large_image\" \/>\n<meta name=\"twitter:creator\" content=\"@laredlarioja1\" \/>\n<meta name=\"twitter:site\" content=\"@laredlarioja1\" \/>\n<meta name=\"twitter:label1\" content=\"Escrito por\" \/>\n\t<meta name=\"twitter:data1\" content=\"La Red\" \/>\n\t<meta name=\"twitter:label2\" content=\"Tiempo de lectura\" \/>\n\t<meta name=\"twitter:data2\" content=\"2 minutos\" \/>\n<script type=\"application\/ld+json\" class=\"yoast-schema-graph\">{\"@context\":\"https:\\\/\\\/schema.org\",\"@graph\":[{\"@type\":\"Article\",\"@id\":\"https:\\\/\\\/laredlarioja.com.ar\\\/sitio\\\/quintela-sobre-la-detencion-de-jenny-lujan-pido-disculpas-a-la-senora-porque-nunca-se-manifesto-mal\\\/#article\",\"isPartOf\":{\"@id\":\"https:\\\/\\\/laredlarioja.com.ar\\\/sitio\\\/quintela-sobre-la-detencion-de-jenny-lujan-pido-disculpas-a-la-senora-porque-nunca-se-manifesto-mal\\\/\"},\"author\":{\"name\":\"La Red\",\"@id\":\"https:\\\/\\\/laredlarioja.com.ar\\\/sitio\\\/#\\\/schema\\\/person\\\/f1e213867beccedaaa4fb548d9259d9a\"},\"headline\":\"Quintela sobre la detenci\u00f3n de Jenny Luj\u00e1n: \u201cPido disculpas a la se\u00f1ora porque nunca se manifest\u00f3 mal\u201d\",\"datePublished\":\"2024-12-03T12:36:20+00:00\",\"dateModified\":\"2024-12-04T14:11:49+00:00\",\"mainEntityOfPage\":{\"@id\":\"https:\\\/\\\/laredlarioja.com.ar\\\/sitio\\\/quintela-sobre-la-detencion-de-jenny-lujan-pido-disculpas-a-la-senora-porque-nunca-se-manifesto-mal\\\/\"},\"wordCount\":408,\"publisher\":{\"@id\":\"https:\\\/\\\/laredlarioja.com.ar\\\/sitio\\\/#organization\"},\"image\":{\"@id\":\"https:\\\/\\\/laredlarioja.com.ar\\\/sitio\\\/quintela-sobre-la-detencion-de-jenny-lujan-pido-disculpas-a-la-senora-porque-nunca-se-manifesto-mal\\\/#primaryimage\"},\"thumbnailUrl\":\"https:\\\/\\\/laredlarioja.com.ar\\\/sitio\\\/wp-content\\\/uploads\\\/2024\\\/12\\\/290ffe24-06aa-4895-a49e-e8362b8349a7.jpeg\",\"keywords\":[\"Secundaria\"],\"articleSection\":[\"Locales\"],\"inLanguage\":\"es\"},{\"@type\":\"WebPage\",\"@id\":\"https:\\\/\\\/laredlarioja.com.ar\\\/sitio\\\/quintela-sobre-la-detencion-de-jenny-lujan-pido-disculpas-a-la-senora-porque-nunca-se-manifesto-mal\\\/\",\"url\":\"https:\\\/\\\/laredlarioja.com.ar\\\/sitio\\\/quintela-sobre-la-detencion-de-jenny-lujan-pido-disculpas-a-la-senora-porque-nunca-se-manifesto-mal\\\/\",\"name\":\"Quintela sobre la detenci\u00f3n de Jenny Luj\u00e1n: \u201cPido disculpas a la se\u00f1ora porque nunca se manifest\u00f3 mal\u201d - LA RED 88.3 LA RIOJA\",\"isPartOf\":{\"@id\":\"https:\\\/\\\/laredlarioja.com.ar\\\/sitio\\\/#website\"},\"primaryImageOfPage\":{\"@id\":\"https:\\\/\\\/laredlarioja.com.ar\\\/sitio\\\/quintela-sobre-la-detencion-de-jenny-lujan-pido-disculpas-a-la-senora-porque-nunca-se-manifesto-mal\\\/#primaryimage\"},\"image\":{\"@id\":\"https:\\\/\\\/laredlarioja.com.ar\\\/sitio\\\/quintela-sobre-la-detencion-de-jenny-lujan-pido-disculpas-a-la-senora-porque-nunca-se-manifesto-mal\\\/#primaryimage\"},\"thumbnailUrl\":\"https:\\\/\\\/laredlarioja.com.ar\\\/sitio\\\/wp-content\\\/uploads\\\/2024\\\/12\\\/290ffe24-06aa-4895-a49e-e8362b8349a7.jpeg\",\"datePublished\":\"2024-12-03T12:36:20+00:00\",\"dateModified\":\"2024-12-04T14:11:49+00:00\",\"breadcrumb\":{\"@id\":\"https:\\\/\\\/laredlarioja.com.ar\\\/sitio\\\/quintela-sobre-la-detencion-de-jenny-lujan-pido-disculpas-a-la-senora-porque-nunca-se-manifesto-mal\\\/#breadcrumb\"},\"inLanguage\":\"es\",\"potentialAction\":[{\"@type\":\"ReadAction\",\"target\":[\"https:\\\/\\\/laredlarioja.com.ar\\\/sitio\\\/quintela-sobre-la-detencion-de-jenny-lujan-pido-disculpas-a-la-senora-porque-nunca-se-manifesto-mal\\\/\"]}]},{\"@type\":\"ImageObject\",\"inLanguage\":\"es\",\"@id\":\"https:\\\/\\\/laredlarioja.com.ar\\\/sitio\\\/quintela-sobre-la-detencion-de-jenny-lujan-pido-disculpas-a-la-senora-porque-nunca-se-manifesto-mal\\\/#primaryimage\",\"url\":\"https:\\\/\\\/laredlarioja.com.ar\\\/sitio\\\/wp-content\\\/uploads\\\/2024\\\/12\\\/290ffe24-06aa-4895-a49e-e8362b8349a7.jpeg\",\"contentUrl\":\"https:\\\/\\\/laredlarioja.com.ar\\\/sitio\\\/wp-content\\\/uploads\\\/2024\\\/12\\\/290ffe24-06aa-4895-a49e-e8362b8349a7.jpeg\",\"width\":1280,\"height\":852},{\"@type\":\"BreadcrumbList\",\"@id\":\"https:\\\/\\\/laredlarioja.com.ar\\\/sitio\\\/quintela-sobre-la-detencion-de-jenny-lujan-pido-disculpas-a-la-senora-porque-nunca-se-manifesto-mal\\\/#breadcrumb\",\"itemListElement\":[{\"@type\":\"ListItem\",\"position\":1,\"name\":\"Portada\",\"item\":\"https:\\\/\\\/laredlarioja.com.ar\\\/sitio\\\/\"},{\"@type\":\"ListItem\",\"position\":2,\"name\":\"Quintela sobre la detenci\u00f3n de Jenny Luj\u00e1n: \u201cPido disculpas a la se\u00f1ora porque nunca se manifest\u00f3 mal\u201d\"}]},{\"@type\":\"WebSite\",\"@id\":\"https:\\\/\\\/laredlarioja.com.ar\\\/sitio\\\/#website\",\"url\":\"https:\\\/\\\/laredlarioja.com.ar\\\/sitio\\\/\",\"name\":\"LA RED 88.3 LA RIOJA\",\"description\":\"Sitio de Noticias\",\"publisher\":{\"@id\":\"https:\\\/\\\/laredlarioja.com.ar\\\/sitio\\\/#organization\"},\"potentialAction\":[{\"@type\":\"SearchAction\",\"target\":{\"@type\":\"EntryPoint\",\"urlTemplate\":\"https:\\\/\\\/laredlarioja.com.ar\\\/sitio\\\/?s={search_term_string}\"},\"query-input\":{\"@type\":\"PropertyValueSpecification\",\"valueRequired\":true,\"valueName\":\"search_term_string\"}}],\"inLanguage\":\"es\"},{\"@type\":\"Organization\",\"@id\":\"https:\\\/\\\/laredlarioja.com.ar\\\/sitio\\\/#organization\",\"name\":\"LA RED 88.3 LA RIOJA\",\"url\":\"https:\\\/\\\/laredlarioja.com.ar\\\/sitio\\\/\",\"logo\":{\"@type\":\"ImageObject\",\"inLanguage\":\"es\",\"@id\":\"https:\\\/\\\/laredlarioja.com.ar\\\/sitio\\\/#\\\/schema\\\/logo\\\/image\\\/\",\"url\":\"https:\\\/\\\/laredlarioja.com.ar\\\/sitio\\\/wp-content\\\/uploads\\\/2025\\\/05\\\/LOGO-LA-RED.png\",\"contentUrl\":\"https:\\\/\\\/laredlarioja.com.ar\\\/sitio\\\/wp-content\\\/uploads\\\/2025\\\/05\\\/LOGO-LA-RED.png\",\"width\":193,\"height\":340,\"caption\":\"LA RED 88.3 LA RIOJA\"},\"image\":{\"@id\":\"https:\\\/\\\/laredlarioja.com.ar\\\/sitio\\\/#\\\/schema\\\/logo\\\/image\\\/\"},\"sameAs\":[\"https:\\\/\\\/www.facebook.com\\\/lared.larioja\",\"https:\\\/\\\/x.com\\\/laredlarioja1\",\"https:\\\/\\\/www.instagram.com\\\/lared_larioja\\\/\"]},{\"@type\":\"Person\",\"@id\":\"https:\\\/\\\/laredlarioja.com.ar\\\/sitio\\\/#\\\/schema\\\/person\\\/f1e213867beccedaaa4fb548d9259d9a\",\"name\":\"La Red\",\"url\":\"https:\\\/\\\/laredlarioja.com.ar\\\/sitio\\\/author\\\/lared\\\/\"}]}<\/script>\n<!-- \/ Yoast SEO plugin. -->","yoast_head_json":{"title":"Quintela sobre la detenci\u00f3n de Jenny Luj\u00e1n: \u201cPido disculpas a la se\u00f1ora porque nunca se manifest\u00f3 mal\u201d - LA RED 88.3 LA RIOJA","robots":{"index":"index","follow":"follow","max-snippet":"max-snippet:-1","max-image-preview":"max-image-preview:large","max-video-preview":"max-video-preview:-1"},"canonical":"https:\/\/laredlarioja.com.ar\/sitio\/quintela-sobre-la-detencion-de-jenny-lujan-pido-disculpas-a-la-senora-porque-nunca-se-manifesto-mal\/","og_locale":"es_ES","og_type":"article","og_title":"Quintela sobre la detenci\u00f3n de Jenny Luj\u00e1n: \u201cPido disculpas a la se\u00f1ora porque nunca se manifest\u00f3 mal\u201d - LA RED 88.3 LA RIOJA","og_description":"En la jornada de este lunes la localidad de Villa Castelli fue sede del encuentro Regional de Miner\u00eda","og_url":"https:\/\/laredlarioja.com.ar\/sitio\/quintela-sobre-la-detencion-de-jenny-lujan-pido-disculpas-a-la-senora-porque-nunca-se-manifesto-mal\/","og_site_name":"LA RED 88.3 LA RIOJA","article_publisher":"https:\/\/www.facebook.com\/lared.larioja","article_published_time":"2024-12-03T12:36:20+00:00","article_modified_time":"2024-12-04T14:11:49+00:00","og_image":[{"width":1280,"height":852,"url":"https:\/\/laredlarioja.com.ar\/sitio\/wp-content\/uploads\/2024\/12\/290ffe24-06aa-4895-a49e-e8362b8349a7.jpeg","type":"image\/jpeg"}],"author":"La Red","twitter_card":"summary_large_image","twitter_creator":"@laredlarioja1","twitter_site":"@laredlarioja1","twitter_misc":{"Escrito por":"La Red","Tiempo de lectura":"2 minutos"},"schema":{"@context":"https:\/\/schema.org","@graph":[{"@type":"Article","@id":"https:\/\/laredlarioja.com.ar\/sitio\/quintela-sobre-la-detencion-de-jenny-lujan-pido-disculpas-a-la-senora-porque-nunca-se-manifesto-mal\/#article","isPartOf":{"@id":"https:\/\/laredlarioja.com.ar\/sitio\/quintela-sobre-la-detencion-de-jenny-lujan-pido-disculpas-a-la-senora-porque-nunca-se-manifesto-mal\/"},"author":{"name":"La Red","@id":"https:\/\/laredlarioja.com.ar\/sitio\/#\/schema\/person\/f1e213867beccedaaa4fb548d9259d9a"},"headline":"Quintela sobre la detenci\u00f3n de Jenny Luj\u00e1n: \u201cPido disculpas a la se\u00f1ora porque nunca se manifest\u00f3 mal\u201d","datePublished":"2024-12-03T12:36:20+00:00","dateModified":"2024-12-04T14:11:49+00:00","mainEntityOfPage":{"@id":"https:\/\/laredlarioja.com.ar\/sitio\/quintela-sobre-la-detencion-de-jenny-lujan-pido-disculpas-a-la-senora-porque-nunca-se-manifesto-mal\/"},"wordCount":408,"publisher":{"@id":"https:\/\/laredlarioja.com.ar\/sitio\/#organization"},"image":{"@id":"https:\/\/laredlarioja.com.ar\/sitio\/quintela-sobre-la-detencion-de-jenny-lujan-pido-disculpas-a-la-senora-porque-nunca-se-manifesto-mal\/#primaryimage"},"thumbnailUrl":"https:\/\/laredlarioja.com.ar\/sitio\/wp-content\/uploads\/2024\/12\/290ffe24-06aa-4895-a49e-e8362b8349a7.jpeg","keywords":["Secundaria"],"articleSection":["Locales"],"inLanguage":"es"},{"@type":"WebPage","@id":"https:\/\/laredlarioja.com.ar\/sitio\/quintela-sobre-la-detencion-de-jenny-lujan-pido-disculpas-a-la-senora-porque-nunca-se-manifesto-mal\/","url":"https:\/\/laredlarioja.com.ar\/sitio\/quintela-sobre-la-detencion-de-jenny-lujan-pido-disculpas-a-la-senora-porque-nunca-se-manifesto-mal\/","name":"Quintela sobre la detenci\u00f3n de Jenny Luj\u00e1n: \u201cPido disculpas a la se\u00f1ora porque nunca se manifest\u00f3 mal\u201d - LA RED 88.3 LA RIOJA","isPartOf":{"@id":"https:\/\/laredlarioja.com.ar\/sitio\/#website"},"primaryImageOfPage":{"@id":"https:\/\/laredlarioja.com.ar\/sitio\/quintela-sobre-la-detencion-de-jenny-lujan-pido-disculpas-a-la-senora-porque-nunca-se-manifesto-mal\/#primaryimage"},"image":{"@id":"https:\/\/laredlarioja.com.ar\/sitio\/quintela-sobre-la-detencion-de-jenny-lujan-pido-disculpas-a-la-senora-porque-nunca-se-manifesto-mal\/#primaryimage"},"thumbnailUrl":"https:\/\/laredlarioja.com.ar\/sitio\/wp-content\/uploads\/2024\/12\/290ffe24-06aa-4895-a49e-e8362b8349a7.jpeg","datePublished":"2024-12-03T12:36:20+00:00","dateModified":"2024-12-04T14:11:49+00:00","breadcrumb":{"@id":"https:\/\/laredlarioja.com.ar\/sitio\/quintela-sobre-la-detencion-de-jenny-lujan-pido-disculpas-a-la-senora-porque-nunca-se-manifesto-mal\/#breadcrumb"},"inLanguage":"es","potentialAction":[{"@type":"ReadAction","target":["https:\/\/laredlarioja.com.ar\/sitio\/quintela-sobre-la-detencion-de-jenny-lujan-pido-disculpas-a-la-senora-porque-nunca-se-manifesto-mal\/"]}]},{"@type":"ImageObject","inLanguage":"es","@id":"https:\/\/laredlarioja.com.ar\/sitio\/quintela-sobre-la-detencion-de-jenny-lujan-pido-disculpas-a-la-senora-porque-nunca-se-manifesto-mal\/#primaryimage","url":"https:\/\/laredlarioja.com.ar\/sitio\/wp-content\/uploads\/2024\/12\/290ffe24-06aa-4895-a49e-e8362b8349a7.jpeg","contentUrl":"https:\/\/laredlarioja.com.ar\/sitio\/wp-content\/uploads\/2024\/12\/290ffe24-06aa-4895-a49e-e8362b8349a7.jpeg","width":1280,"height":852},{"@type":"BreadcrumbList","@id":"https:\/\/laredlarioja.com.ar\/sitio\/quintela-sobre-la-detencion-de-jenny-lujan-pido-disculpas-a-la-senora-porque-nunca-se-manifesto-mal\/#breadcrumb","itemListElement":[{"@type":"ListItem","position":1,"name":"Portada","item":"https:\/\/laredlarioja.com.ar\/sitio\/"},{"@type":"ListItem","position":2,"name":"Quintela sobre la detenci\u00f3n de Jenny Luj\u00e1n: \u201cPido disculpas a la se\u00f1ora porque nunca se manifest\u00f3 mal\u201d"}]},{"@type":"WebSite","@id":"https:\/\/laredlarioja.com.ar\/sitio\/#website","url":"https:\/\/laredlarioja.com.ar\/sitio\/","name":"LA RED 88.3 LA RIOJA","description":"Sitio de Noticias","publisher":{"@id":"https:\/\/laredlarioja.com.ar\/sitio\/#organization"},"potentialAction":[{"@type":"SearchAction","target":{"@type":"EntryPoint","urlTemplate":"https:\/\/laredlarioja.com.ar\/sitio\/?s={search_term_string}"},"query-input":{"@type":"PropertyValueSpecification","valueRequired":true,"valueName":"search_term_string"}}],"inLanguage":"es"},{"@type":"Organization","@id":"https:\/\/laredlarioja.com.ar\/sitio\/#organization","name":"LA RED 88.3 LA RIOJA","url":"https:\/\/laredlarioja.com.ar\/sitio\/","logo":{"@type":"ImageObject","inLanguage":"es","@id":"https:\/\/laredlarioja.com.ar\/sitio\/#\/schema\/logo\/image\/","url":"https:\/\/laredlarioja.com.ar\/sitio\/wp-content\/uploads\/2025\/05\/LOGO-LA-RED.png","contentUrl":"https:\/\/laredlarioja.com.ar\/sitio\/wp-content\/uploads\/2025\/05\/LOGO-LA-RED.png","width":193,"height":340,"caption":"LA RED 88.3 LA RIOJA"},"image":{"@id":"https:\/\/laredlarioja.com.ar\/sitio\/#\/schema\/logo\/image\/"},"sameAs":["https:\/\/www.facebook.com\/lared.larioja","https:\/\/x.com\/laredlarioja1","https:\/\/www.instagram.com\/lared_larioja\/"]},{"@type":"Person","@id":"https:\/\/laredlarioja.com.ar\/sitio\/#\/schema\/person\/f1e213867beccedaaa4fb548d9259d9a","name":"La Red","url":"https:\/\/laredlarioja.com.ar\/sitio\/author\/lared\/"}]}},"featured_image_urls":{"full":["https:\/\/laredlarioja.com.ar\/sitio\/wp-content\/uploads\/2024\/12\/290ffe24-06aa-4895-a49e-e8362b8349a7.jpeg",1280,852,false],"thumbnail":["https:\/\/laredlarioja.com.ar\/sitio\/wp-content\/uploads\/2024\/12\/290ffe24-06aa-4895-a49e-e8362b8349a7-150x150.jpeg",150,150,true],"medium":["https:\/\/laredlarioja.com.ar\/sitio\/wp-content\/uploads\/2024\/12\/290ffe24-06aa-4895-a49e-e8362b8349a7-300x200.jpeg",300,200,true],"medium_large":["https:\/\/laredlarioja.com.ar\/sitio\/wp-content\/uploads\/2024\/12\/290ffe24-06aa-4895-a49e-e8362b8349a7-768x511.jpeg",640,426,true],"large":["https:\/\/laredlarioja.com.ar\/sitio\/wp-content\/uploads\/2024\/12\/290ffe24-06aa-4895-a49e-e8362b8349a7-1024x682.jpeg",640,426,true],"1536x1536":["https:\/\/laredlarioja.com.ar\/sitio\/wp-content\/uploads\/2024\/12\/290ffe24-06aa-4895-a49e-e8362b8349a7.jpeg",1280,852,false],"2048x2048":["https:\/\/laredlarioja.com.ar\/sitio\/wp-content\/uploads\/2024\/12\/290ffe24-06aa-4895-a49e-e8362b8349a7.jpeg",1280,852,false],"cvmm-medium":["https:\/\/laredlarioja.com.ar\/sitio\/wp-content\/uploads\/2024\/12\/290ffe24-06aa-4895-a49e-e8362b8349a7-300x300.jpeg",300,300,true],"cvmm-medium-plus":["https:\/\/laredlarioja.com.ar\/sitio\/wp-content\/uploads\/2024\/12\/290ffe24-06aa-4895-a49e-e8362b8349a7-305x207.jpeg",305,207,true],"cvmm-portrait":["https:\/\/laredlarioja.com.ar\/sitio\/wp-content\/uploads\/2024\/12\/290ffe24-06aa-4895-a49e-e8362b8349a7-400x600.jpeg",400,600,true],"cvmm-medium-square":["https:\/\/laredlarioja.com.ar\/sitio\/wp-content\/uploads\/2024\/12\/290ffe24-06aa-4895-a49e-e8362b8349a7-600x600.jpeg",600,600,true],"cvmm-large":["https:\/\/laredlarioja.com.ar\/sitio\/wp-content\/uploads\/2024\/12\/290ffe24-06aa-4895-a49e-e8362b8349a7-1024x852.jpeg",1024,852,true],"cvmm-small":["https:\/\/laredlarioja.com.ar\/sitio\/wp-content\/uploads\/2024\/12\/290ffe24-06aa-4895-a49e-e8362b8349a7-130x95.jpeg",130,95,true],"morenews-large":["https:\/\/laredlarioja.com.ar\/sitio\/wp-content\/uploads\/2024\/12\/290ffe24-06aa-4895-a49e-e8362b8349a7-825x575.jpeg",825,575,true],"morenews-medium":["https:\/\/laredlarioja.com.ar\/sitio\/wp-content\/uploads\/2024\/12\/290ffe24-06aa-4895-a49e-e8362b8349a7-590x410.jpeg",590,410,true]},"author_info":{"display_name":"La Red","author_link":"https:\/\/laredlarioja.com.ar\/sitio\/author\/lared\/"},"category_info":"<a href=\"https:\/\/laredlarioja.com.ar\/sitio\/categorias\/locales\/\" rel=\"category tag\">Locales<\/a>","tag_info":"Locales","comment_count":"0","blog_post_layout_featured_media_urls":{"thumbnail":["https:\/\/laredlarioja.com.ar\/sitio\/wp-content\/uploads\/2024\/12\/290ffe24-06aa-4895-a49e-e8362b8349a7-150x150.jpeg",150,150,true],"full":["https:\/\/laredlarioja.com.ar\/sitio\/wp-content\/uploads\/2024\/12\/290ffe24-06aa-4895-a49e-e8362b8349a7.jpeg",1280,852,false]},"categories_names":{"94":{"name":"Locales","link":"https:\/\/laredlarioja.com.ar\/sitio\/categorias\/locales\/"}},"tags_names":{"84":{"name":"Secundaria","link":"https:\/\/laredlarioja.com.ar\/sitio\/etiquetas\/secundaria\/"}},"comments_number":"0","wpmagazine_modules_lite_featured_media_urls":{"thumbnail":["https:\/\/laredlarioja.com.ar\/sitio\/wp-content\/uploads\/2024\/12\/290ffe24-06aa-4895-a49e-e8362b8349a7-150x150.jpeg",150,150,true],"cvmm-medium":["https:\/\/laredlarioja.com.ar\/sitio\/wp-content\/uploads\/2024\/12\/290ffe24-06aa-4895-a49e-e8362b8349a7-300x300.jpeg",300,300,true],"cvmm-medium-plus":["https:\/\/laredlarioja.com.ar\/sitio\/wp-content\/uploads\/2024\/12\/290ffe24-06aa-4895-a49e-e8362b8349a7-305x207.jpeg",305,207,true],"cvmm-portrait":["https:\/\/laredlarioja.com.ar\/sitio\/wp-content\/uploads\/2024\/12\/290ffe24-06aa-4895-a49e-e8362b8349a7-400x600.jpeg",400,600,true],"cvmm-medium-square":["https:\/\/laredlarioja.com.ar\/sitio\/wp-content\/uploads\/2024\/12\/290ffe24-06aa-4895-a49e-e8362b8349a7-600x600.jpeg",600,600,true],"cvmm-large":["https:\/\/laredlarioja.com.ar\/sitio\/wp-content\/uploads\/2024\/12\/290ffe24-06aa-4895-a49e-e8362b8349a7-1024x852.jpeg",1024,852,true],"cvmm-small":["https:\/\/laredlarioja.com.ar\/sitio\/wp-content\/uploads\/2024\/12\/290ffe24-06aa-4895-a49e-e8362b8349a7-130x95.jpeg",130,95,true],"full":["https:\/\/laredlarioja.com.ar\/sitio\/wp-content\/uploads\/2024\/12\/290ffe24-06aa-4895-a49e-e8362b8349a7.jpeg",1280,852,false]},"_links":{"self":[{"href":"https:\/\/laredlarioja.com.ar\/sitio\/wp-json\/wp\/v2\/posts\/55508","targetHints":{"allow":["GET"]}}],"collection":[{"href":"https:\/\/laredlarioja.com.ar\/sitio\/wp-json\/wp\/v2\/posts"}],"about":[{"href":"https:\/\/laredlarioja.com.ar\/sitio\/wp-json\/wp\/v2\/types\/post"}],"author":[{"embeddable":true,"href":"https:\/\/laredlarioja.com.ar\/sitio\/wp-json\/wp\/v2\/users\/10"}],"replies":[{"embeddable":true,"href":"https:\/\/laredlarioja.com.ar\/sitio\/wp-json\/wp\/v2\/comments?post=55508"}],"version-history":[{"count":3,"href":"https:\/\/laredlarioja.com.ar\/sitio\/wp-json\/wp\/v2\/posts\/55508\/revisions"}],"predecessor-version":[{"id":55512,"href":"https:\/\/laredlarioja.com.ar\/sitio\/wp-json\/wp\/v2\/posts\/55508\/revisions\/55512"}],"wp:featuredmedia":[{"embeddable":true,"href":"https:\/\/laredlarioja.com.ar\/sitio\/wp-json\/wp\/v2\/media\/55509"}],"wp:attachment":[{"href":"https:\/\/laredlarioja.com.ar\/sitio\/wp-json\/wp\/v2\/media?parent=55508"}],"wp:term":[{"taxonomy":"category","embeddable":true,"href":"https:\/\/laredlarioja.com.ar\/sitio\/wp-json\/wp\/v2\/categories?post=55508"},{"taxonomy":"post_tag","embeddable":true,"href":"https:\/\/laredlarioja.com.ar\/sitio\/wp-json\/wp\/v2\/tags?post=55508"}],"curies":[{"name":"wp","href":"https:\/\/api.w.org\/{rel}","templated":true}]}}