{"id":55712,"date":"2024-12-09T13:17:23","date_gmt":"2024-12-09T13:17:23","guid":{"rendered":"https:\/\/laredlarioja.com.ar\/sitio\/?p=55712"},"modified":"2024-12-09T13:17:23","modified_gmt":"2024-12-09T13:17:23","slug":"la-tripulacion-de-una-aerolinea-mexicana-frustro-un-intento-de-secuestro-del-avion","status":"publish","type":"post","link":"https:\/\/laredlarioja.com.ar\/sitio\/la-tripulacion-de-una-aerolinea-mexicana-frustro-un-intento-de-secuestro-del-avion\/","title":{"rendered":"La tripulaci\u00f3n de una aerol\u00ednea mexicana frustr\u00f3 un intento de secuestro del avi\u00f3n"},"content":{"rendered":"<p><strong>La tripulaci\u00f3n de un vuelo de una aerol\u00ednea mexicana frustr\u00f3 un intento de secuestrar y desviar un avi\u00f3n hacia Estados Unidos<\/strong>, confirm\u00f3 la propia empresa a\u00e9rea.<\/p>\n<p>Seg\u00fan la l\u00ednea a\u00e9rea Volaris, el incidente se registr\u00f3 en la madrugada del domingo en el vuelo 3041 que cubr\u00eda\u00a0<strong>la ruta Baj\u00edo (centro del pa\u00eds)-Tijuana (ciudad fronteriza con Estados Unidos)<\/strong>\u00a0cuando la tripulaci\u00f3n tuvo que enfrentarse al pasajero Mario \u00abN\u00bb, quien intent\u00f3 ingresar a la cabina de pilotos para desviar el vuelo a territorio estadounidense.<\/p>\n<p>A trav\u00e9s de un comunicado, la aerol\u00ednea detall\u00f3 que la tripulaci\u00f3n logr\u00f3 someter al agresor acorde a los protocolos de seguridad establecidos y\u00a0<strong>el piloto emiti\u00f3 el c\u00f3digo de alerta.<\/strong><\/p>\n<p><i>\u00abLa tripulaci\u00f3n actu\u00f3 de acuerdo con los procedimientos de seguridad establecidos y, conforme a protocolo, el avi\u00f3n fue desviado al aeropuerto de Guadalajara, donde la aerol\u00ednea puso al pasajero a disposici\u00f3n y custodia de las autoridades competentes\u00bb,<\/i>\u00a0indic\u00f3 la aerol\u00ednea en el comunicado.<\/p>\n","protected":false},"excerpt":{"rendered":"<p>La tripulaci\u00f3n de un vuelo de una aerol\u00ednea mexicana frustr\u00f3 un intento de secuestrar y desviar un avi\u00f3n<\/p>\n","protected":false},"author":10,"featured_media":55713,"comment_status":"closed","ping_status":"open","sticky":false,"template":"","format":"standard","meta":{"footnotes":""},"categories":[93],"tags":[],"class_list":["post-55712","post","type-post","status-publish","format-standard","has-post-thumbnail","hentry","category-internacionales"],"yoast_head":"<!-- This site is optimized with the Yoast SEO plugin v27.4 - https:\/\/yoast.com\/product\/yoast-seo-wordpress\/ -->\n<title>La tripulaci\u00f3n de una aerol\u00ednea mexicana frustr\u00f3 un intento de secuestro del avi\u00f3n - LA RED 88.3 LA RIOJA<\/title>\n<meta name=\"robots\" content=\"index, follow, max-snippet:-1, max-image-preview:large, max-video-preview:-1\" \/>\n<link rel=\"canonical\" href=\"https:\/\/laredlarioja.com.ar\/sitio\/la-tripulacion-de-una-aerolinea-mexicana-frustro-un-intento-de-secuestro-del-avion\/\" \/>\n<meta property=\"og:locale\" content=\"es_ES\" \/>\n<meta property=\"og:type\" content=\"article\" \/>\n<meta property=\"og:title\" content=\"La tripulaci\u00f3n de una aerol\u00ednea mexicana frustr\u00f3 un intento de secuestro del avi\u00f3n - LA RED 88.3 LA RIOJA\" \/>\n<meta property=\"og:description\" content=\"La tripulaci\u00f3n de un vuelo de una aerol\u00ednea mexicana frustr\u00f3 un intento de secuestrar y desviar un avi\u00f3n\" \/>\n<meta property=\"og:url\" content=\"https:\/\/laredlarioja.com.ar\/sitio\/la-tripulacion-de-una-aerolinea-mexicana-frustro-un-intento-de-secuestro-del-avion\/\" \/>\n<meta property=\"og:site_name\" content=\"LA RED 88.3 LA RIOJA\" \/>\n<meta property=\"article:publisher\" content=\"https:\/\/www.facebook.com\/lared.larioja\" \/>\n<meta property=\"article:published_time\" content=\"2024-12-09T13:17:23+00:00\" \/>\n<meta property=\"og:image\" content=\"https:\/\/laredlarioja.com.ar\/sitio\/wp-content\/uploads\/2024\/12\/avionn.webp\" \/>\n\t<meta property=\"og:image:width\" content=\"1059\" \/>\n\t<meta property=\"og:image:height\" content=\"720\" \/>\n\t<meta property=\"og:image:type\" content=\"image\/webp\" \/>\n<meta name=\"author\" content=\"La Red\" \/>\n<meta name=\"twitter:card\" content=\"summary_large_image\" \/>\n<meta name=\"twitter:creator\" content=\"@laredlarioja1\" \/>\n<meta name=\"twitter:site\" content=\"@laredlarioja1\" \/>\n<meta name=\"twitter:label1\" content=\"Escrito por\" \/>\n\t<meta name=\"twitter:data1\" content=\"La Red\" \/>\n\t<meta name=\"twitter:label2\" content=\"Tiempo de lectura\" \/>\n\t<meta name=\"twitter:data2\" content=\"1 minuto\" \/>\n<script type=\"application\/ld+json\" class=\"yoast-schema-graph\">{\"@context\":\"https:\\\/\\\/schema.org\",\"@graph\":[{\"@type\":\"Article\",\"@id\":\"https:\\\/\\\/laredlarioja.com.ar\\\/sitio\\\/la-tripulacion-de-una-aerolinea-mexicana-frustro-un-intento-de-secuestro-del-avion\\\/#article\",\"isPartOf\":{\"@id\":\"https:\\\/\\\/laredlarioja.com.ar\\\/sitio\\\/la-tripulacion-de-una-aerolinea-mexicana-frustro-un-intento-de-secuestro-del-avion\\\/\"},\"author\":{\"name\":\"La Red\",\"@id\":\"https:\\\/\\\/laredlarioja.com.ar\\\/sitio\\\/#\\\/schema\\\/person\\\/f1e213867beccedaaa4fb548d9259d9a\"},\"headline\":\"La tripulaci\u00f3n de una aerol\u00ednea mexicana frustr\u00f3 un intento de secuestro del avi\u00f3n\",\"datePublished\":\"2024-12-09T13:17:23+00:00\",\"mainEntityOfPage\":{\"@id\":\"https:\\\/\\\/laredlarioja.com.ar\\\/sitio\\\/la-tripulacion-de-una-aerolinea-mexicana-frustro-un-intento-de-secuestro-del-avion\\\/\"},\"wordCount\":191,\"publisher\":{\"@id\":\"https:\\\/\\\/laredlarioja.com.ar\\\/sitio\\\/#organization\"},\"image\":{\"@id\":\"https:\\\/\\\/laredlarioja.com.ar\\\/sitio\\\/la-tripulacion-de-una-aerolinea-mexicana-frustro-un-intento-de-secuestro-del-avion\\\/#primaryimage\"},\"thumbnailUrl\":\"https:\\\/\\\/laredlarioja.com.ar\\\/sitio\\\/wp-content\\\/uploads\\\/2024\\\/12\\\/avionn.webp\",\"articleSection\":[\"Internacionales\"],\"inLanguage\":\"es\"},{\"@type\":\"WebPage\",\"@id\":\"https:\\\/\\\/laredlarioja.com.ar\\\/sitio\\\/la-tripulacion-de-una-aerolinea-mexicana-frustro-un-intento-de-secuestro-del-avion\\\/\",\"url\":\"https:\\\/\\\/laredlarioja.com.ar\\\/sitio\\\/la-tripulacion-de-una-aerolinea-mexicana-frustro-un-intento-de-secuestro-del-avion\\\/\",\"name\":\"La tripulaci\u00f3n de una aerol\u00ednea mexicana frustr\u00f3 un intento de secuestro del avi\u00f3n - LA RED 88.3 LA RIOJA\",\"isPartOf\":{\"@id\":\"https:\\\/\\\/laredlarioja.com.ar\\\/sitio\\\/#website\"},\"primaryImageOfPage\":{\"@id\":\"https:\\\/\\\/laredlarioja.com.ar\\\/sitio\\\/la-tripulacion-de-una-aerolinea-mexicana-frustro-un-intento-de-secuestro-del-avion\\\/#primaryimage\"},\"image\":{\"@id\":\"https:\\\/\\\/laredlarioja.com.ar\\\/sitio\\\/la-tripulacion-de-una-aerolinea-mexicana-frustro-un-intento-de-secuestro-del-avion\\\/#primaryimage\"},\"thumbnailUrl\":\"https:\\\/\\\/laredlarioja.com.ar\\\/sitio\\\/wp-content\\\/uploads\\\/2024\\\/12\\\/avionn.webp\",\"datePublished\":\"2024-12-09T13:17:23+00:00\",\"breadcrumb\":{\"@id\":\"https:\\\/\\\/laredlarioja.com.ar\\\/sitio\\\/la-tripulacion-de-una-aerolinea-mexicana-frustro-un-intento-de-secuestro-del-avion\\\/#breadcrumb\"},\"inLanguage\":\"es\",\"potentialAction\":[{\"@type\":\"ReadAction\",\"target\":[\"https:\\\/\\\/laredlarioja.com.ar\\\/sitio\\\/la-tripulacion-de-una-aerolinea-mexicana-frustro-un-intento-de-secuestro-del-avion\\\/\"]}]},{\"@type\":\"ImageObject\",\"inLanguage\":\"es\",\"@id\":\"https:\\\/\\\/laredlarioja.com.ar\\\/sitio\\\/la-tripulacion-de-una-aerolinea-mexicana-frustro-un-intento-de-secuestro-del-avion\\\/#primaryimage\",\"url\":\"https:\\\/\\\/laredlarioja.com.ar\\\/sitio\\\/wp-content\\\/uploads\\\/2024\\\/12\\\/avionn.webp\",\"contentUrl\":\"https:\\\/\\\/laredlarioja.com.ar\\\/sitio\\\/wp-content\\\/uploads\\\/2024\\\/12\\\/avionn.webp\",\"width\":1059,\"height\":720},{\"@type\":\"BreadcrumbList\",\"@id\":\"https:\\\/\\\/laredlarioja.com.ar\\\/sitio\\\/la-tripulacion-de-una-aerolinea-mexicana-frustro-un-intento-de-secuestro-del-avion\\\/#breadcrumb\",\"itemListElement\":[{\"@type\":\"ListItem\",\"position\":1,\"name\":\"Portada\",\"item\":\"https:\\\/\\\/laredlarioja.com.ar\\\/sitio\\\/\"},{\"@type\":\"ListItem\",\"position\":2,\"name\":\"La tripulaci\u00f3n de una aerol\u00ednea mexicana frustr\u00f3 un intento de secuestro del avi\u00f3n\"}]},{\"@type\":\"WebSite\",\"@id\":\"https:\\\/\\\/laredlarioja.com.ar\\\/sitio\\\/#website\",\"url\":\"https:\\\/\\\/laredlarioja.com.ar\\\/sitio\\\/\",\"name\":\"LA RED 88.3 LA RIOJA\",\"description\":\"Sitio de Noticias\",\"publisher\":{\"@id\":\"https:\\\/\\\/laredlarioja.com.ar\\\/sitio\\\/#organization\"},\"potentialAction\":[{\"@type\":\"SearchAction\",\"target\":{\"@type\":\"EntryPoint\",\"urlTemplate\":\"https:\\\/\\\/laredlarioja.com.ar\\\/sitio\\\/?s={search_term_string}\"},\"query-input\":{\"@type\":\"PropertyValueSpecification\",\"valueRequired\":true,\"valueName\":\"search_term_string\"}}],\"inLanguage\":\"es\"},{\"@type\":\"Organization\",\"@id\":\"https:\\\/\\\/laredlarioja.com.ar\\\/sitio\\\/#organization\",\"name\":\"LA RED 88.3 LA RIOJA\",\"url\":\"https:\\\/\\\/laredlarioja.com.ar\\\/sitio\\\/\",\"logo\":{\"@type\":\"ImageObject\",\"inLanguage\":\"es\",\"@id\":\"https:\\\/\\\/laredlarioja.com.ar\\\/sitio\\\/#\\\/schema\\\/logo\\\/image\\\/\",\"url\":\"https:\\\/\\\/laredlarioja.com.ar\\\/sitio\\\/wp-content\\\/uploads\\\/2025\\\/05\\\/LOGO-LA-RED.png\",\"contentUrl\":\"https:\\\/\\\/laredlarioja.com.ar\\\/sitio\\\/wp-content\\\/uploads\\\/2025\\\/05\\\/LOGO-LA-RED.png\",\"width\":193,\"height\":340,\"caption\":\"LA RED 88.3 LA RIOJA\"},\"image\":{\"@id\":\"https:\\\/\\\/laredlarioja.com.ar\\\/sitio\\\/#\\\/schema\\\/logo\\\/image\\\/\"},\"sameAs\":[\"https:\\\/\\\/www.facebook.com\\\/lared.larioja\",\"https:\\\/\\\/x.com\\\/laredlarioja1\",\"https:\\\/\\\/www.instagram.com\\\/lared_larioja\\\/\"]},{\"@type\":\"Person\",\"@id\":\"https:\\\/\\\/laredlarioja.com.ar\\\/sitio\\\/#\\\/schema\\\/person\\\/f1e213867beccedaaa4fb548d9259d9a\",\"name\":\"La Red\",\"url\":\"https:\\\/\\\/laredlarioja.com.ar\\\/sitio\\\/author\\\/lared\\\/\"}]}<\/script>\n<!-- \/ Yoast SEO plugin. -->","yoast_head_json":{"title":"La tripulaci\u00f3n de una aerol\u00ednea mexicana frustr\u00f3 un intento de secuestro del avi\u00f3n - LA RED 88.3 LA RIOJA","robots":{"index":"index","follow":"follow","max-snippet":"max-snippet:-1","max-image-preview":"max-image-preview:large","max-video-preview":"max-video-preview:-1"},"canonical":"https:\/\/laredlarioja.com.ar\/sitio\/la-tripulacion-de-una-aerolinea-mexicana-frustro-un-intento-de-secuestro-del-avion\/","og_locale":"es_ES","og_type":"article","og_title":"La tripulaci\u00f3n de una aerol\u00ednea mexicana frustr\u00f3 un intento de secuestro del avi\u00f3n - LA RED 88.3 LA RIOJA","og_description":"La tripulaci\u00f3n de un vuelo de una aerol\u00ednea mexicana frustr\u00f3 un intento de secuestrar y desviar un avi\u00f3n","og_url":"https:\/\/laredlarioja.com.ar\/sitio\/la-tripulacion-de-una-aerolinea-mexicana-frustro-un-intento-de-secuestro-del-avion\/","og_site_name":"LA RED 88.3 LA RIOJA","article_publisher":"https:\/\/www.facebook.com\/lared.larioja","article_published_time":"2024-12-09T13:17:23+00:00","og_image":[{"width":1059,"height":720,"url":"https:\/\/laredlarioja.com.ar\/sitio\/wp-content\/uploads\/2024\/12\/avionn.webp","type":"image\/webp"}],"author":"La Red","twitter_card":"summary_large_image","twitter_creator":"@laredlarioja1","twitter_site":"@laredlarioja1","twitter_misc":{"Escrito por":"La Red","Tiempo de lectura":"1 minuto"},"schema":{"@context":"https:\/\/schema.org","@graph":[{"@type":"Article","@id":"https:\/\/laredlarioja.com.ar\/sitio\/la-tripulacion-de-una-aerolinea-mexicana-frustro-un-intento-de-secuestro-del-avion\/#article","isPartOf":{"@id":"https:\/\/laredlarioja.com.ar\/sitio\/la-tripulacion-de-una-aerolinea-mexicana-frustro-un-intento-de-secuestro-del-avion\/"},"author":{"name":"La Red","@id":"https:\/\/laredlarioja.com.ar\/sitio\/#\/schema\/person\/f1e213867beccedaaa4fb548d9259d9a"},"headline":"La tripulaci\u00f3n de una aerol\u00ednea mexicana frustr\u00f3 un intento de secuestro del avi\u00f3n","datePublished":"2024-12-09T13:17:23+00:00","mainEntityOfPage":{"@id":"https:\/\/laredlarioja.com.ar\/sitio\/la-tripulacion-de-una-aerolinea-mexicana-frustro-un-intento-de-secuestro-del-avion\/"},"wordCount":191,"publisher":{"@id":"https:\/\/laredlarioja.com.ar\/sitio\/#organization"},"image":{"@id":"https:\/\/laredlarioja.com.ar\/sitio\/la-tripulacion-de-una-aerolinea-mexicana-frustro-un-intento-de-secuestro-del-avion\/#primaryimage"},"thumbnailUrl":"https:\/\/laredlarioja.com.ar\/sitio\/wp-content\/uploads\/2024\/12\/avionn.webp","articleSection":["Internacionales"],"inLanguage":"es"},{"@type":"WebPage","@id":"https:\/\/laredlarioja.com.ar\/sitio\/la-tripulacion-de-una-aerolinea-mexicana-frustro-un-intento-de-secuestro-del-avion\/","url":"https:\/\/laredlarioja.com.ar\/sitio\/la-tripulacion-de-una-aerolinea-mexicana-frustro-un-intento-de-secuestro-del-avion\/","name":"La tripulaci\u00f3n de una aerol\u00ednea mexicana frustr\u00f3 un intento de secuestro del avi\u00f3n - LA RED 88.3 LA RIOJA","isPartOf":{"@id":"https:\/\/laredlarioja.com.ar\/sitio\/#website"},"primaryImageOfPage":{"@id":"https:\/\/laredlarioja.com.ar\/sitio\/la-tripulacion-de-una-aerolinea-mexicana-frustro-un-intento-de-secuestro-del-avion\/#primaryimage"},"image":{"@id":"https:\/\/laredlarioja.com.ar\/sitio\/la-tripulacion-de-una-aerolinea-mexicana-frustro-un-intento-de-secuestro-del-avion\/#primaryimage"},"thumbnailUrl":"https:\/\/laredlarioja.com.ar\/sitio\/wp-content\/uploads\/2024\/12\/avionn.webp","datePublished":"2024-12-09T13:17:23+00:00","breadcrumb":{"@id":"https:\/\/laredlarioja.com.ar\/sitio\/la-tripulacion-de-una-aerolinea-mexicana-frustro-un-intento-de-secuestro-del-avion\/#breadcrumb"},"inLanguage":"es","potentialAction":[{"@type":"ReadAction","target":["https:\/\/laredlarioja.com.ar\/sitio\/la-tripulacion-de-una-aerolinea-mexicana-frustro-un-intento-de-secuestro-del-avion\/"]}]},{"@type":"ImageObject","inLanguage":"es","@id":"https:\/\/laredlarioja.com.ar\/sitio\/la-tripulacion-de-una-aerolinea-mexicana-frustro-un-intento-de-secuestro-del-avion\/#primaryimage","url":"https:\/\/laredlarioja.com.ar\/sitio\/wp-content\/uploads\/2024\/12\/avionn.webp","contentUrl":"https:\/\/laredlarioja.com.ar\/sitio\/wp-content\/uploads\/2024\/12\/avionn.webp","width":1059,"height":720},{"@type":"BreadcrumbList","@id":"https:\/\/laredlarioja.com.ar\/sitio\/la-tripulacion-de-una-aerolinea-mexicana-frustro-un-intento-de-secuestro-del-avion\/#breadcrumb","itemListElement":[{"@type":"ListItem","position":1,"name":"Portada","item":"https:\/\/laredlarioja.com.ar\/sitio\/"},{"@type":"ListItem","position":2,"name":"La tripulaci\u00f3n de una aerol\u00ednea mexicana frustr\u00f3 un intento de secuestro del avi\u00f3n"}]},{"@type":"WebSite","@id":"https:\/\/laredlarioja.com.ar\/sitio\/#website","url":"https:\/\/laredlarioja.com.ar\/sitio\/","name":"LA RED 88.3 LA RIOJA","description":"Sitio de Noticias","publisher":{"@id":"https:\/\/laredlarioja.com.ar\/sitio\/#organization"},"potentialAction":[{"@type":"SearchAction","target":{"@type":"EntryPoint","urlTemplate":"https:\/\/laredlarioja.com.ar\/sitio\/?s={search_term_string}"},"query-input":{"@type":"PropertyValueSpecification","valueRequired":true,"valueName":"search_term_string"}}],"inLanguage":"es"},{"@type":"Organization","@id":"https:\/\/laredlarioja.com.ar\/sitio\/#organization","name":"LA RED 88.3 LA RIOJA","url":"https:\/\/laredlarioja.com.ar\/sitio\/","logo":{"@type":"ImageObject","inLanguage":"es","@id":"https:\/\/laredlarioja.com.ar\/sitio\/#\/schema\/logo\/image\/","url":"https:\/\/laredlarioja.com.ar\/sitio\/wp-content\/uploads\/2025\/05\/LOGO-LA-RED.png","contentUrl":"https:\/\/laredlarioja.com.ar\/sitio\/wp-content\/uploads\/2025\/05\/LOGO-LA-RED.png","width":193,"height":340,"caption":"LA RED 88.3 LA RIOJA"},"image":{"@id":"https:\/\/laredlarioja.com.ar\/sitio\/#\/schema\/logo\/image\/"},"sameAs":["https:\/\/www.facebook.com\/lared.larioja","https:\/\/x.com\/laredlarioja1","https:\/\/www.instagram.com\/lared_larioja\/"]},{"@type":"Person","@id":"https:\/\/laredlarioja.com.ar\/sitio\/#\/schema\/person\/f1e213867beccedaaa4fb548d9259d9a","name":"La Red","url":"https:\/\/laredlarioja.com.ar\/sitio\/author\/lared\/"}]}},"featured_image_urls":{"full":["https:\/\/laredlarioja.com.ar\/sitio\/wp-content\/uploads\/2024\/12\/avionn.webp",1059,720,false],"thumbnail":["https:\/\/laredlarioja.com.ar\/sitio\/wp-content\/uploads\/2024\/12\/avionn-150x150.webp",150,150,true],"medium":["https:\/\/laredlarioja.com.ar\/sitio\/wp-content\/uploads\/2024\/12\/avionn-300x204.webp",300,204,true],"medium_large":["https:\/\/laredlarioja.com.ar\/sitio\/wp-content\/uploads\/2024\/12\/avionn-768x522.webp",640,435,true],"large":["https:\/\/laredlarioja.com.ar\/sitio\/wp-content\/uploads\/2024\/12\/avionn-1024x696.webp",640,435,true],"1536x1536":["https:\/\/laredlarioja.com.ar\/sitio\/wp-content\/uploads\/2024\/12\/avionn.webp",1059,720,false],"2048x2048":["https:\/\/laredlarioja.com.ar\/sitio\/wp-content\/uploads\/2024\/12\/avionn.webp",1059,720,false],"cvmm-medium":["https:\/\/laredlarioja.com.ar\/sitio\/wp-content\/uploads\/2024\/12\/avionn-300x300.webp",300,300,true],"cvmm-medium-plus":["https:\/\/laredlarioja.com.ar\/sitio\/wp-content\/uploads\/2024\/12\/avionn-305x207.webp",305,207,true],"cvmm-portrait":["https:\/\/laredlarioja.com.ar\/sitio\/wp-content\/uploads\/2024\/12\/avionn-400x600.webp",400,600,true],"cvmm-medium-square":["https:\/\/laredlarioja.com.ar\/sitio\/wp-content\/uploads\/2024\/12\/avionn-600x600.webp",600,600,true],"cvmm-large":["https:\/\/laredlarioja.com.ar\/sitio\/wp-content\/uploads\/2024\/12\/avionn-1024x720.webp",1024,720,true],"cvmm-small":["https:\/\/laredlarioja.com.ar\/sitio\/wp-content\/uploads\/2024\/12\/avionn-130x95.webp",130,95,true],"morenews-large":["https:\/\/laredlarioja.com.ar\/sitio\/wp-content\/uploads\/2024\/12\/avionn-825x575.webp",825,575,true],"morenews-medium":["https:\/\/laredlarioja.com.ar\/sitio\/wp-content\/uploads\/2024\/12\/avionn-590x410.webp",590,410,true]},"author_info":{"display_name":"La Red","author_link":"https:\/\/laredlarioja.com.ar\/sitio\/author\/lared\/"},"category_info":"<a href=\"https:\/\/laredlarioja.com.ar\/sitio\/categorias\/internacionales\/\" rel=\"category tag\">Internacionales<\/a>","tag_info":"Internacionales","comment_count":"0","blog_post_layout_featured_media_urls":{"thumbnail":["https:\/\/laredlarioja.com.ar\/sitio\/wp-content\/uploads\/2024\/12\/avionn-150x150.webp",150,150,true],"full":["https:\/\/laredlarioja.com.ar\/sitio\/wp-content\/uploads\/2024\/12\/avionn.webp",1059,720,false]},"categories_names":{"93":{"name":"Internacionales","link":"https:\/\/laredlarioja.com.ar\/sitio\/categorias\/internacionales\/"}},"tags_names":[],"comments_number":"0","wpmagazine_modules_lite_featured_media_urls":{"thumbnail":["https:\/\/laredlarioja.com.ar\/sitio\/wp-content\/uploads\/2024\/12\/avionn-150x150.webp",150,150,true],"cvmm-medium":["https:\/\/laredlarioja.com.ar\/sitio\/wp-content\/uploads\/2024\/12\/avionn-300x300.webp",300,300,true],"cvmm-medium-plus":["https:\/\/laredlarioja.com.ar\/sitio\/wp-content\/uploads\/2024\/12\/avionn-305x207.webp",305,207,true],"cvmm-portrait":["https:\/\/laredlarioja.com.ar\/sitio\/wp-content\/uploads\/2024\/12\/avionn-400x600.webp",400,600,true],"cvmm-medium-square":["https:\/\/laredlarioja.com.ar\/sitio\/wp-content\/uploads\/2024\/12\/avionn-600x600.webp",600,600,true],"cvmm-large":["https:\/\/laredlarioja.com.ar\/sitio\/wp-content\/uploads\/2024\/12\/avionn-1024x720.webp",1024,720,true],"cvmm-small":["https:\/\/laredlarioja.com.ar\/sitio\/wp-content\/uploads\/2024\/12\/avionn-130x95.webp",130,95,true],"full":["https:\/\/laredlarioja.com.ar\/sitio\/wp-content\/uploads\/2024\/12\/avionn.webp",1059,720,false]},"_links":{"self":[{"href":"https:\/\/laredlarioja.com.ar\/sitio\/wp-json\/wp\/v2\/posts\/55712","targetHints":{"allow":["GET"]}}],"collection":[{"href":"https:\/\/laredlarioja.com.ar\/sitio\/wp-json\/wp\/v2\/posts"}],"about":[{"href":"https:\/\/laredlarioja.com.ar\/sitio\/wp-json\/wp\/v2\/types\/post"}],"author":[{"embeddable":true,"href":"https:\/\/laredlarioja.com.ar\/sitio\/wp-json\/wp\/v2\/users\/10"}],"replies":[{"embeddable":true,"href":"https:\/\/laredlarioja.com.ar\/sitio\/wp-json\/wp\/v2\/comments?post=55712"}],"version-history":[{"count":1,"href":"https:\/\/laredlarioja.com.ar\/sitio\/wp-json\/wp\/v2\/posts\/55712\/revisions"}],"predecessor-version":[{"id":55714,"href":"https:\/\/laredlarioja.com.ar\/sitio\/wp-json\/wp\/v2\/posts\/55712\/revisions\/55714"}],"wp:featuredmedia":[{"embeddable":true,"href":"https:\/\/laredlarioja.com.ar\/sitio\/wp-json\/wp\/v2\/media\/55713"}],"wp:attachment":[{"href":"https:\/\/laredlarioja.com.ar\/sitio\/wp-json\/wp\/v2\/media?parent=55712"}],"wp:term":[{"taxonomy":"category","embeddable":true,"href":"https:\/\/laredlarioja.com.ar\/sitio\/wp-json\/wp\/v2\/categories?post=55712"},{"taxonomy":"post_tag","embeddable":true,"href":"https:\/\/laredlarioja.com.ar\/sitio\/wp-json\/wp\/v2\/tags?post=55712"}],"curies":[{"name":"wp","href":"https:\/\/api.w.org\/{rel}","templated":true}]}}