{"id":55828,"date":"2024-12-10T23:35:12","date_gmt":"2024-12-10T23:35:12","guid":{"rendered":"https:\/\/laredlarioja.com.ar\/sitio\/?p=55828"},"modified":"2024-12-10T23:35:12","modified_gmt":"2024-12-10T23:35:12","slug":"una-nina-de-3-anos-fue-atacada-por-un-perro-rottweiler-en-cordoba","status":"publish","type":"post","link":"https:\/\/laredlarioja.com.ar\/sitio\/una-nina-de-3-anos-fue-atacada-por-un-perro-rottweiler-en-cordoba\/","title":{"rendered":"Una ni\u00f1a de 3 a\u00f1os fue atacada por un perro rottweiler en C\u00f3rdoba"},"content":{"rendered":"<p>Una nena de 3 a\u00f1os fue hospitalizada el pasado jueves, tras ser atacada por un perro rottweiler en la localidad de la Calera, provincia de C\u00f3rdoba. Por el momento se encuentra estable y fuera de peligro.<\/p>\n<p>Seg\u00fan el relato de la madre de la menor, no es la primera vez que el animal agrede a alguien.\u00a0Asimismo, la madre comunic\u00f3 a los medios cordobeses: \u201cMi nena estaba sentada jugando con unas piedras cuando el perro la atac\u00f3. Ella estaba lejos. No lo molest\u00f3, ni lo toc\u00f3\u201d.<\/p>\n<p>\u201cLe mordi\u00f3 el bracito. Recibi\u00f3 10 puntos en un hombro y ocho en la parte de la axila. La verdad es que casi le agarra el cuello y ah\u00ed no s\u00e9 qu\u00e9 hubiera pasado ni d\u00f3nde estar\u00edamos\u201d, agreg\u00f3 la madre.<\/p>\n<p>Por el momento,\u00a0la menor sigue internada en el Hospital Materno Infantil Dr. Arturo Illia\u00a0ya que los m\u00e9dicos decidieron mantenerla en observaci\u00f3n y administrar antibi\u00f3ticos por v\u00eda intravenosa para evitar que se produzca una infecci\u00f3n.<\/p>\n<p>Por \u00faltimo, la madre mencion\u00f3:\u201cNo s\u00e9 si es un animal con alg\u00fan tipo de enfermedad. Me da miedo eso. Est\u00e1 en la calle, flaco y desnutrido. Nadie lo atiende\u201d.<\/p>\n<p>Fuente: NA<\/p>\n","protected":false},"excerpt":{"rendered":"<p>Una nena de 3 a\u00f1os fue hospitalizada el pasado jueves, tras ser atacada por un perro rottweiler en<\/p>\n","protected":false},"author":13,"featured_media":55829,"comment_status":"closed","ping_status":"open","sticky":false,"template":"","format":"standard","meta":{"footnotes":""},"categories":[130],"tags":[84],"class_list":["post-55828","post","type-post","status-publish","format-standard","has-post-thumbnail","hentry","category-pais","tag-secundaria"],"yoast_head":"<!-- This site is optimized with the Yoast SEO plugin v27.4 - https:\/\/yoast.com\/product\/yoast-seo-wordpress\/ -->\n<title>Una ni\u00f1a de 3 a\u00f1os fue atacada por un perro rottweiler en C\u00f3rdoba - LA RED 88.3 LA RIOJA<\/title>\n<meta name=\"robots\" content=\"index, follow, max-snippet:-1, max-image-preview:large, max-video-preview:-1\" \/>\n<link rel=\"canonical\" href=\"https:\/\/laredlarioja.com.ar\/sitio\/una-nina-de-3-anos-fue-atacada-por-un-perro-rottweiler-en-cordoba\/\" \/>\n<meta property=\"og:locale\" content=\"es_ES\" \/>\n<meta property=\"og:type\" content=\"article\" \/>\n<meta property=\"og:title\" content=\"Una ni\u00f1a de 3 a\u00f1os fue atacada por un perro rottweiler en C\u00f3rdoba - LA RED 88.3 LA RIOJA\" \/>\n<meta property=\"og:description\" content=\"Una nena de 3 a\u00f1os fue hospitalizada el pasado jueves, tras ser atacada por un perro rottweiler en\" \/>\n<meta property=\"og:url\" content=\"https:\/\/laredlarioja.com.ar\/sitio\/una-nina-de-3-anos-fue-atacada-por-un-perro-rottweiler-en-cordoba\/\" \/>\n<meta property=\"og:site_name\" content=\"LA RED 88.3 LA RIOJA\" \/>\n<meta property=\"article:publisher\" content=\"https:\/\/www.facebook.com\/lared.larioja\" \/>\n<meta property=\"article:published_time\" content=\"2024-12-10T23:35:12+00:00\" \/>\n<meta property=\"og:image\" content=\"https:\/\/laredlarioja.com.ar\/sitio\/wp-content\/uploads\/2024\/12\/360-1.webp\" \/>\n\t<meta property=\"og:image:width\" content=\"640\" \/>\n\t<meta property=\"og:image:height\" content=\"359\" \/>\n\t<meta property=\"og:image:type\" content=\"image\/webp\" \/>\n<meta name=\"author\" content=\"Maria De La Vega\" \/>\n<meta name=\"twitter:card\" content=\"summary_large_image\" \/>\n<meta name=\"twitter:creator\" content=\"@laredlarioja1\" \/>\n<meta name=\"twitter:site\" content=\"@laredlarioja1\" \/>\n<meta name=\"twitter:label1\" content=\"Escrito por\" \/>\n\t<meta name=\"twitter:data1\" content=\"Maria De La Vega\" \/>\n\t<meta name=\"twitter:label2\" content=\"Tiempo de lectura\" \/>\n\t<meta name=\"twitter:data2\" content=\"1 minuto\" \/>\n<script type=\"application\/ld+json\" class=\"yoast-schema-graph\">{\"@context\":\"https:\\\/\\\/schema.org\",\"@graph\":[{\"@type\":\"Article\",\"@id\":\"https:\\\/\\\/laredlarioja.com.ar\\\/sitio\\\/una-nina-de-3-anos-fue-atacada-por-un-perro-rottweiler-en-cordoba\\\/#article\",\"isPartOf\":{\"@id\":\"https:\\\/\\\/laredlarioja.com.ar\\\/sitio\\\/una-nina-de-3-anos-fue-atacada-por-un-perro-rottweiler-en-cordoba\\\/\"},\"author\":{\"name\":\"Maria De La Vega\",\"@id\":\"https:\\\/\\\/laredlarioja.com.ar\\\/sitio\\\/#\\\/schema\\\/person\\\/8b98ebe852851a8bdc8acd6ec6918de9\"},\"headline\":\"Una ni\u00f1a de 3 a\u00f1os fue atacada por un perro rottweiler en C\u00f3rdoba\",\"datePublished\":\"2024-12-10T23:35:12+00:00\",\"mainEntityOfPage\":{\"@id\":\"https:\\\/\\\/laredlarioja.com.ar\\\/sitio\\\/una-nina-de-3-anos-fue-atacada-por-un-perro-rottweiler-en-cordoba\\\/\"},\"wordCount\":218,\"publisher\":{\"@id\":\"https:\\\/\\\/laredlarioja.com.ar\\\/sitio\\\/#organization\"},\"image\":{\"@id\":\"https:\\\/\\\/laredlarioja.com.ar\\\/sitio\\\/una-nina-de-3-anos-fue-atacada-por-un-perro-rottweiler-en-cordoba\\\/#primaryimage\"},\"thumbnailUrl\":\"https:\\\/\\\/laredlarioja.com.ar\\\/sitio\\\/wp-content\\\/uploads\\\/2024\\\/12\\\/360-1.webp\",\"keywords\":[\"Secundaria\"],\"articleSection\":[\"El pa\u00eds\"],\"inLanguage\":\"es\"},{\"@type\":\"WebPage\",\"@id\":\"https:\\\/\\\/laredlarioja.com.ar\\\/sitio\\\/una-nina-de-3-anos-fue-atacada-por-un-perro-rottweiler-en-cordoba\\\/\",\"url\":\"https:\\\/\\\/laredlarioja.com.ar\\\/sitio\\\/una-nina-de-3-anos-fue-atacada-por-un-perro-rottweiler-en-cordoba\\\/\",\"name\":\"Una ni\u00f1a de 3 a\u00f1os fue atacada por un perro rottweiler en C\u00f3rdoba - LA RED 88.3 LA RIOJA\",\"isPartOf\":{\"@id\":\"https:\\\/\\\/laredlarioja.com.ar\\\/sitio\\\/#website\"},\"primaryImageOfPage\":{\"@id\":\"https:\\\/\\\/laredlarioja.com.ar\\\/sitio\\\/una-nina-de-3-anos-fue-atacada-por-un-perro-rottweiler-en-cordoba\\\/#primaryimage\"},\"image\":{\"@id\":\"https:\\\/\\\/laredlarioja.com.ar\\\/sitio\\\/una-nina-de-3-anos-fue-atacada-por-un-perro-rottweiler-en-cordoba\\\/#primaryimage\"},\"thumbnailUrl\":\"https:\\\/\\\/laredlarioja.com.ar\\\/sitio\\\/wp-content\\\/uploads\\\/2024\\\/12\\\/360-1.webp\",\"datePublished\":\"2024-12-10T23:35:12+00:00\",\"breadcrumb\":{\"@id\":\"https:\\\/\\\/laredlarioja.com.ar\\\/sitio\\\/una-nina-de-3-anos-fue-atacada-por-un-perro-rottweiler-en-cordoba\\\/#breadcrumb\"},\"inLanguage\":\"es\",\"potentialAction\":[{\"@type\":\"ReadAction\",\"target\":[\"https:\\\/\\\/laredlarioja.com.ar\\\/sitio\\\/una-nina-de-3-anos-fue-atacada-por-un-perro-rottweiler-en-cordoba\\\/\"]}]},{\"@type\":\"ImageObject\",\"inLanguage\":\"es\",\"@id\":\"https:\\\/\\\/laredlarioja.com.ar\\\/sitio\\\/una-nina-de-3-anos-fue-atacada-por-un-perro-rottweiler-en-cordoba\\\/#primaryimage\",\"url\":\"https:\\\/\\\/laredlarioja.com.ar\\\/sitio\\\/wp-content\\\/uploads\\\/2024\\\/12\\\/360-1.webp\",\"contentUrl\":\"https:\\\/\\\/laredlarioja.com.ar\\\/sitio\\\/wp-content\\\/uploads\\\/2024\\\/12\\\/360-1.webp\",\"width\":640,\"height\":359},{\"@type\":\"BreadcrumbList\",\"@id\":\"https:\\\/\\\/laredlarioja.com.ar\\\/sitio\\\/una-nina-de-3-anos-fue-atacada-por-un-perro-rottweiler-en-cordoba\\\/#breadcrumb\",\"itemListElement\":[{\"@type\":\"ListItem\",\"position\":1,\"name\":\"Portada\",\"item\":\"https:\\\/\\\/laredlarioja.com.ar\\\/sitio\\\/\"},{\"@type\":\"ListItem\",\"position\":2,\"name\":\"Una ni\u00f1a de 3 a\u00f1os fue atacada por un perro rottweiler en C\u00f3rdoba\"}]},{\"@type\":\"WebSite\",\"@id\":\"https:\\\/\\\/laredlarioja.com.ar\\\/sitio\\\/#website\",\"url\":\"https:\\\/\\\/laredlarioja.com.ar\\\/sitio\\\/\",\"name\":\"LA RED 88.3 LA RIOJA\",\"description\":\"Sitio de Noticias\",\"publisher\":{\"@id\":\"https:\\\/\\\/laredlarioja.com.ar\\\/sitio\\\/#organization\"},\"potentialAction\":[{\"@type\":\"SearchAction\",\"target\":{\"@type\":\"EntryPoint\",\"urlTemplate\":\"https:\\\/\\\/laredlarioja.com.ar\\\/sitio\\\/?s={search_term_string}\"},\"query-input\":{\"@type\":\"PropertyValueSpecification\",\"valueRequired\":true,\"valueName\":\"search_term_string\"}}],\"inLanguage\":\"es\"},{\"@type\":\"Organization\",\"@id\":\"https:\\\/\\\/laredlarioja.com.ar\\\/sitio\\\/#organization\",\"name\":\"LA RED 88.3 LA RIOJA\",\"url\":\"https:\\\/\\\/laredlarioja.com.ar\\\/sitio\\\/\",\"logo\":{\"@type\":\"ImageObject\",\"inLanguage\":\"es\",\"@id\":\"https:\\\/\\\/laredlarioja.com.ar\\\/sitio\\\/#\\\/schema\\\/logo\\\/image\\\/\",\"url\":\"https:\\\/\\\/laredlarioja.com.ar\\\/sitio\\\/wp-content\\\/uploads\\\/2025\\\/05\\\/LOGO-LA-RED.png\",\"contentUrl\":\"https:\\\/\\\/laredlarioja.com.ar\\\/sitio\\\/wp-content\\\/uploads\\\/2025\\\/05\\\/LOGO-LA-RED.png\",\"width\":193,\"height\":340,\"caption\":\"LA RED 88.3 LA RIOJA\"},\"image\":{\"@id\":\"https:\\\/\\\/laredlarioja.com.ar\\\/sitio\\\/#\\\/schema\\\/logo\\\/image\\\/\"},\"sameAs\":[\"https:\\\/\\\/www.facebook.com\\\/lared.larioja\",\"https:\\\/\\\/x.com\\\/laredlarioja1\",\"https:\\\/\\\/www.instagram.com\\\/lared_larioja\\\/\"]},{\"@type\":\"Person\",\"@id\":\"https:\\\/\\\/laredlarioja.com.ar\\\/sitio\\\/#\\\/schema\\\/person\\\/8b98ebe852851a8bdc8acd6ec6918de9\",\"name\":\"Maria De La Vega\",\"sameAs\":[\"http:\\\/\\\/laredlarioja.com.ar\"],\"url\":\"https:\\\/\\\/laredlarioja.com.ar\\\/sitio\\\/author\\\/maru\\\/\"}]}<\/script>\n<!-- \/ Yoast SEO plugin. -->","yoast_head_json":{"title":"Una ni\u00f1a de 3 a\u00f1os fue atacada por un perro rottweiler en C\u00f3rdoba - LA RED 88.3 LA RIOJA","robots":{"index":"index","follow":"follow","max-snippet":"max-snippet:-1","max-image-preview":"max-image-preview:large","max-video-preview":"max-video-preview:-1"},"canonical":"https:\/\/laredlarioja.com.ar\/sitio\/una-nina-de-3-anos-fue-atacada-por-un-perro-rottweiler-en-cordoba\/","og_locale":"es_ES","og_type":"article","og_title":"Una ni\u00f1a de 3 a\u00f1os fue atacada por un perro rottweiler en C\u00f3rdoba - LA RED 88.3 LA RIOJA","og_description":"Una nena de 3 a\u00f1os fue hospitalizada el pasado jueves, tras ser atacada por un perro rottweiler en","og_url":"https:\/\/laredlarioja.com.ar\/sitio\/una-nina-de-3-anos-fue-atacada-por-un-perro-rottweiler-en-cordoba\/","og_site_name":"LA RED 88.3 LA RIOJA","article_publisher":"https:\/\/www.facebook.com\/lared.larioja","article_published_time":"2024-12-10T23:35:12+00:00","og_image":[{"width":640,"height":359,"url":"https:\/\/laredlarioja.com.ar\/sitio\/wp-content\/uploads\/2024\/12\/360-1.webp","type":"image\/webp"}],"author":"Maria De La Vega","twitter_card":"summary_large_image","twitter_creator":"@laredlarioja1","twitter_site":"@laredlarioja1","twitter_misc":{"Escrito por":"Maria De La Vega","Tiempo de lectura":"1 minuto"},"schema":{"@context":"https:\/\/schema.org","@graph":[{"@type":"Article","@id":"https:\/\/laredlarioja.com.ar\/sitio\/una-nina-de-3-anos-fue-atacada-por-un-perro-rottweiler-en-cordoba\/#article","isPartOf":{"@id":"https:\/\/laredlarioja.com.ar\/sitio\/una-nina-de-3-anos-fue-atacada-por-un-perro-rottweiler-en-cordoba\/"},"author":{"name":"Maria De La Vega","@id":"https:\/\/laredlarioja.com.ar\/sitio\/#\/schema\/person\/8b98ebe852851a8bdc8acd6ec6918de9"},"headline":"Una ni\u00f1a de 3 a\u00f1os fue atacada por un perro rottweiler en C\u00f3rdoba","datePublished":"2024-12-10T23:35:12+00:00","mainEntityOfPage":{"@id":"https:\/\/laredlarioja.com.ar\/sitio\/una-nina-de-3-anos-fue-atacada-por-un-perro-rottweiler-en-cordoba\/"},"wordCount":218,"publisher":{"@id":"https:\/\/laredlarioja.com.ar\/sitio\/#organization"},"image":{"@id":"https:\/\/laredlarioja.com.ar\/sitio\/una-nina-de-3-anos-fue-atacada-por-un-perro-rottweiler-en-cordoba\/#primaryimage"},"thumbnailUrl":"https:\/\/laredlarioja.com.ar\/sitio\/wp-content\/uploads\/2024\/12\/360-1.webp","keywords":["Secundaria"],"articleSection":["El pa\u00eds"],"inLanguage":"es"},{"@type":"WebPage","@id":"https:\/\/laredlarioja.com.ar\/sitio\/una-nina-de-3-anos-fue-atacada-por-un-perro-rottweiler-en-cordoba\/","url":"https:\/\/laredlarioja.com.ar\/sitio\/una-nina-de-3-anos-fue-atacada-por-un-perro-rottweiler-en-cordoba\/","name":"Una ni\u00f1a de 3 a\u00f1os fue atacada por un perro rottweiler en C\u00f3rdoba - LA RED 88.3 LA RIOJA","isPartOf":{"@id":"https:\/\/laredlarioja.com.ar\/sitio\/#website"},"primaryImageOfPage":{"@id":"https:\/\/laredlarioja.com.ar\/sitio\/una-nina-de-3-anos-fue-atacada-por-un-perro-rottweiler-en-cordoba\/#primaryimage"},"image":{"@id":"https:\/\/laredlarioja.com.ar\/sitio\/una-nina-de-3-anos-fue-atacada-por-un-perro-rottweiler-en-cordoba\/#primaryimage"},"thumbnailUrl":"https:\/\/laredlarioja.com.ar\/sitio\/wp-content\/uploads\/2024\/12\/360-1.webp","datePublished":"2024-12-10T23:35:12+00:00","breadcrumb":{"@id":"https:\/\/laredlarioja.com.ar\/sitio\/una-nina-de-3-anos-fue-atacada-por-un-perro-rottweiler-en-cordoba\/#breadcrumb"},"inLanguage":"es","potentialAction":[{"@type":"ReadAction","target":["https:\/\/laredlarioja.com.ar\/sitio\/una-nina-de-3-anos-fue-atacada-por-un-perro-rottweiler-en-cordoba\/"]}]},{"@type":"ImageObject","inLanguage":"es","@id":"https:\/\/laredlarioja.com.ar\/sitio\/una-nina-de-3-anos-fue-atacada-por-un-perro-rottweiler-en-cordoba\/#primaryimage","url":"https:\/\/laredlarioja.com.ar\/sitio\/wp-content\/uploads\/2024\/12\/360-1.webp","contentUrl":"https:\/\/laredlarioja.com.ar\/sitio\/wp-content\/uploads\/2024\/12\/360-1.webp","width":640,"height":359},{"@type":"BreadcrumbList","@id":"https:\/\/laredlarioja.com.ar\/sitio\/una-nina-de-3-anos-fue-atacada-por-un-perro-rottweiler-en-cordoba\/#breadcrumb","itemListElement":[{"@type":"ListItem","position":1,"name":"Portada","item":"https:\/\/laredlarioja.com.ar\/sitio\/"},{"@type":"ListItem","position":2,"name":"Una ni\u00f1a de 3 a\u00f1os fue atacada por un perro rottweiler en C\u00f3rdoba"}]},{"@type":"WebSite","@id":"https:\/\/laredlarioja.com.ar\/sitio\/#website","url":"https:\/\/laredlarioja.com.ar\/sitio\/","name":"LA RED 88.3 LA RIOJA","description":"Sitio de Noticias","publisher":{"@id":"https:\/\/laredlarioja.com.ar\/sitio\/#organization"},"potentialAction":[{"@type":"SearchAction","target":{"@type":"EntryPoint","urlTemplate":"https:\/\/laredlarioja.com.ar\/sitio\/?s={search_term_string}"},"query-input":{"@type":"PropertyValueSpecification","valueRequired":true,"valueName":"search_term_string"}}],"inLanguage":"es"},{"@type":"Organization","@id":"https:\/\/laredlarioja.com.ar\/sitio\/#organization","name":"LA RED 88.3 LA RIOJA","url":"https:\/\/laredlarioja.com.ar\/sitio\/","logo":{"@type":"ImageObject","inLanguage":"es","@id":"https:\/\/laredlarioja.com.ar\/sitio\/#\/schema\/logo\/image\/","url":"https:\/\/laredlarioja.com.ar\/sitio\/wp-content\/uploads\/2025\/05\/LOGO-LA-RED.png","contentUrl":"https:\/\/laredlarioja.com.ar\/sitio\/wp-content\/uploads\/2025\/05\/LOGO-LA-RED.png","width":193,"height":340,"caption":"LA RED 88.3 LA RIOJA"},"image":{"@id":"https:\/\/laredlarioja.com.ar\/sitio\/#\/schema\/logo\/image\/"},"sameAs":["https:\/\/www.facebook.com\/lared.larioja","https:\/\/x.com\/laredlarioja1","https:\/\/www.instagram.com\/lared_larioja\/"]},{"@type":"Person","@id":"https:\/\/laredlarioja.com.ar\/sitio\/#\/schema\/person\/8b98ebe852851a8bdc8acd6ec6918de9","name":"Maria De La Vega","sameAs":["http:\/\/laredlarioja.com.ar"],"url":"https:\/\/laredlarioja.com.ar\/sitio\/author\/maru\/"}]}},"featured_image_urls":{"full":["https:\/\/laredlarioja.com.ar\/sitio\/wp-content\/uploads\/2024\/12\/360-1.webp",640,359,false],"thumbnail":["https:\/\/laredlarioja.com.ar\/sitio\/wp-content\/uploads\/2024\/12\/360-1-150x150.webp",150,150,true],"medium":["https:\/\/laredlarioja.com.ar\/sitio\/wp-content\/uploads\/2024\/12\/360-1-300x168.webp",300,168,true],"medium_large":["https:\/\/laredlarioja.com.ar\/sitio\/wp-content\/uploads\/2024\/12\/360-1.webp",640,359,false],"large":["https:\/\/laredlarioja.com.ar\/sitio\/wp-content\/uploads\/2024\/12\/360-1.webp",640,359,false],"1536x1536":["https:\/\/laredlarioja.com.ar\/sitio\/wp-content\/uploads\/2024\/12\/360-1.webp",640,359,false],"2048x2048":["https:\/\/laredlarioja.com.ar\/sitio\/wp-content\/uploads\/2024\/12\/360-1.webp",640,359,false],"cvmm-medium":["https:\/\/laredlarioja.com.ar\/sitio\/wp-content\/uploads\/2024\/12\/360-1-300x300.webp",300,300,true],"cvmm-medium-plus":["https:\/\/laredlarioja.com.ar\/sitio\/wp-content\/uploads\/2024\/12\/360-1-305x207.webp",305,207,true],"cvmm-portrait":["https:\/\/laredlarioja.com.ar\/sitio\/wp-content\/uploads\/2024\/12\/360-1-400x359.webp",400,359,true],"cvmm-medium-square":["https:\/\/laredlarioja.com.ar\/sitio\/wp-content\/uploads\/2024\/12\/360-1-600x359.webp",600,359,true],"cvmm-large":["https:\/\/laredlarioja.com.ar\/sitio\/wp-content\/uploads\/2024\/12\/360-1.webp",640,359,false],"cvmm-small":["https:\/\/laredlarioja.com.ar\/sitio\/wp-content\/uploads\/2024\/12\/360-1-130x95.webp",130,95,true],"morenews-large":["https:\/\/laredlarioja.com.ar\/sitio\/wp-content\/uploads\/2024\/12\/360-1.webp",640,359,false],"morenews-medium":["https:\/\/laredlarioja.com.ar\/sitio\/wp-content\/uploads\/2024\/12\/360-1-590x359.webp",590,359,true]},"author_info":{"display_name":"Maria De La Vega","author_link":"https:\/\/laredlarioja.com.ar\/sitio\/author\/maru\/"},"category_info":"<a href=\"https:\/\/laredlarioja.com.ar\/sitio\/categorias\/pais\/\" rel=\"category tag\">El pa\u00eds<\/a>","tag_info":"El pa\u00eds","comment_count":"0","blog_post_layout_featured_media_urls":{"thumbnail":["https:\/\/laredlarioja.com.ar\/sitio\/wp-content\/uploads\/2024\/12\/360-1-150x150.webp",150,150,true],"full":["https:\/\/laredlarioja.com.ar\/sitio\/wp-content\/uploads\/2024\/12\/360-1.webp",640,359,false]},"categories_names":{"130":{"name":"El pa\u00eds","link":"https:\/\/laredlarioja.com.ar\/sitio\/categorias\/pais\/"}},"tags_names":{"84":{"name":"Secundaria","link":"https:\/\/laredlarioja.com.ar\/sitio\/etiquetas\/secundaria\/"}},"comments_number":"0","wpmagazine_modules_lite_featured_media_urls":{"thumbnail":["https:\/\/laredlarioja.com.ar\/sitio\/wp-content\/uploads\/2024\/12\/360-1-150x150.webp",150,150,true],"cvmm-medium":["https:\/\/laredlarioja.com.ar\/sitio\/wp-content\/uploads\/2024\/12\/360-1-300x300.webp",300,300,true],"cvmm-medium-plus":["https:\/\/laredlarioja.com.ar\/sitio\/wp-content\/uploads\/2024\/12\/360-1-305x207.webp",305,207,true],"cvmm-portrait":["https:\/\/laredlarioja.com.ar\/sitio\/wp-content\/uploads\/2024\/12\/360-1-400x359.webp",400,359,true],"cvmm-medium-square":["https:\/\/laredlarioja.com.ar\/sitio\/wp-content\/uploads\/2024\/12\/360-1-600x359.webp",600,359,true],"cvmm-large":["https:\/\/laredlarioja.com.ar\/sitio\/wp-content\/uploads\/2024\/12\/360-1.webp",640,359,false],"cvmm-small":["https:\/\/laredlarioja.com.ar\/sitio\/wp-content\/uploads\/2024\/12\/360-1-130x95.webp",130,95,true],"full":["https:\/\/laredlarioja.com.ar\/sitio\/wp-content\/uploads\/2024\/12\/360-1.webp",640,359,false]},"_links":{"self":[{"href":"https:\/\/laredlarioja.com.ar\/sitio\/wp-json\/wp\/v2\/posts\/55828","targetHints":{"allow":["GET"]}}],"collection":[{"href":"https:\/\/laredlarioja.com.ar\/sitio\/wp-json\/wp\/v2\/posts"}],"about":[{"href":"https:\/\/laredlarioja.com.ar\/sitio\/wp-json\/wp\/v2\/types\/post"}],"author":[{"embeddable":true,"href":"https:\/\/laredlarioja.com.ar\/sitio\/wp-json\/wp\/v2\/users\/13"}],"replies":[{"embeddable":true,"href":"https:\/\/laredlarioja.com.ar\/sitio\/wp-json\/wp\/v2\/comments?post=55828"}],"version-history":[{"count":1,"href":"https:\/\/laredlarioja.com.ar\/sitio\/wp-json\/wp\/v2\/posts\/55828\/revisions"}],"predecessor-version":[{"id":55830,"href":"https:\/\/laredlarioja.com.ar\/sitio\/wp-json\/wp\/v2\/posts\/55828\/revisions\/55830"}],"wp:featuredmedia":[{"embeddable":true,"href":"https:\/\/laredlarioja.com.ar\/sitio\/wp-json\/wp\/v2\/media\/55829"}],"wp:attachment":[{"href":"https:\/\/laredlarioja.com.ar\/sitio\/wp-json\/wp\/v2\/media?parent=55828"}],"wp:term":[{"taxonomy":"category","embeddable":true,"href":"https:\/\/laredlarioja.com.ar\/sitio\/wp-json\/wp\/v2\/categories?post=55828"},{"taxonomy":"post_tag","embeddable":true,"href":"https:\/\/laredlarioja.com.ar\/sitio\/wp-json\/wp\/v2\/tags?post=55828"}],"curies":[{"name":"wp","href":"https:\/\/api.w.org\/{rel}","templated":true}]}}