{"id":56548,"date":"2024-12-28T12:44:01","date_gmt":"2024-12-28T12:44:01","guid":{"rendered":"https:\/\/laredlarioja.com.ar\/sitio\/?p=56548"},"modified":"2024-12-28T12:44:01","modified_gmt":"2024-12-28T12:44:01","slug":"sebastian-dominguez-nuevo-entrenador-de-velez-sarsfield","status":"publish","type":"post","link":"https:\/\/laredlarioja.com.ar\/sitio\/sebastian-dominguez-nuevo-entrenador-de-velez-sarsfield\/","title":{"rendered":"Sebasti\u00e1n Dom\u00ednguez, nuevo entrenador de V\u00e9lez Sarsfield"},"content":{"rendered":"<p>Sebasti\u00e1n Dom\u00ednguez ha sido anunciado como el nuevo director t\u00e9cnico de V\u00e9lez Sarsfield, con la misi\u00f3n de encaminar a un equipo que, tras su \u00faltimo t\u00edtulo, atraviesa una crisis deportiva y estructural.<\/p>\n<p>El entrenador, que actualmente dirige a Tigre, firmar\u00e1 contrato con el club de Liniers en los pr\u00f3ximos d\u00edas y reemplazar\u00e1 a Gustavo Quinteros en el banquillo. Este cambio promete traer una renovaci\u00f3n al vestuario de \u00abEl Fort\u00edn\u00bb, que enfrenta importantes desaf\u00edos tanto dentro como fuera del campo de juego.<\/p>\n<p>Dom\u00ednguez asumir\u00e1 el liderazgo de un equipo afectado por la p\u00e9rdida de su principal figura, el mediocampista Claudio Aquino, y marcado por la reciente derrota 3-0 ante Estudiantes de La Plata en el Trofeo de Campeones. Este golpe dej\u00f3 heridas profundas en el plantel, que a\u00fan lidia con tensiones internas significativas.<\/p>\n<p>A pesar del dif\u00edcil panorama, el nuevo entrenador ser\u00e1 el encargado de guiar una reconstrucci\u00f3n que podr\u00eda devolver a V\u00e9lez Sarsfield a los primeros planos del f\u00fatbol argentino en la pr\u00f3xima temporada.<\/p>\n<p><strong>El paso de Dom\u00ednguez por Tigre<\/strong><br \/>\nSebasti\u00e1n Dom\u00ednguez lleg\u00f3 a Tigre el 4 de abril de este a\u00f1o, dejando su puesto en el programa televisivo \u201cF90\u201d para asumir su primer desaf\u00edo como t\u00e9cnico profesional. En ese momento, Tigre se encontraba en los \u00faltimos lugares del campeonato local y amenazado por el descenso a la Primera Nacional.<\/p>\n<p>Durante su gesti\u00f3n, Dom\u00ednguez logr\u00f3 estabilizar al equipo y acumular experiencia como t\u00e9cnico, lo que ahora aplicar\u00e1 en V\u00e9lez Sarsfield con el objetivo de revitalizar a un equipo hist\u00f3rico.<\/p>\n<p>Dom\u00ednguez llega con expectativas de cambio y la ilusi\u00f3n de transformar las dificultades actuales en un impulso para el futuro. El hincha de V\u00e9lez estar\u00e1 atento a esta nueva etapa, con la esperanza de que el club recupere su protagonismo en el f\u00fatbol argentino.<\/p>\n<p>Fuente: Noticias Argentinas<\/p>\n","protected":false},"excerpt":{"rendered":"<p>Sebasti\u00e1n Dom\u00ednguez ha sido anunciado como el nuevo director t\u00e9cnico de V\u00e9lez Sarsfield, con la misi\u00f3n de encaminar<\/p>\n","protected":false},"author":8,"featured_media":45080,"comment_status":"closed","ping_status":"open","sticky":false,"template":"","format":"standard","meta":{"footnotes":""},"categories":[26],"tags":[],"class_list":["post-56548","post","type-post","status-publish","format-standard","has-post-thumbnail","hentry","category-deportes"],"yoast_head":"<!-- This site is optimized with the Yoast SEO plugin v27.4 - https:\/\/yoast.com\/product\/yoast-seo-wordpress\/ -->\n<title>Sebasti\u00e1n Dom\u00ednguez, nuevo entrenador de V\u00e9lez Sarsfield - LA RED 88.3 LA RIOJA<\/title>\n<meta name=\"robots\" content=\"index, follow, max-snippet:-1, max-image-preview:large, max-video-preview:-1\" \/>\n<link rel=\"canonical\" href=\"https:\/\/laredlarioja.com.ar\/sitio\/sebastian-dominguez-nuevo-entrenador-de-velez-sarsfield\/\" \/>\n<meta property=\"og:locale\" content=\"es_ES\" \/>\n<meta property=\"og:type\" content=\"article\" \/>\n<meta property=\"og:title\" content=\"Sebasti\u00e1n Dom\u00ednguez, nuevo entrenador de V\u00e9lez Sarsfield - LA RED 88.3 LA RIOJA\" \/>\n<meta property=\"og:description\" content=\"Sebasti\u00e1n Dom\u00ednguez ha sido anunciado como el nuevo director t\u00e9cnico de V\u00e9lez Sarsfield, con la misi\u00f3n de encaminar\" \/>\n<meta property=\"og:url\" content=\"https:\/\/laredlarioja.com.ar\/sitio\/sebastian-dominguez-nuevo-entrenador-de-velez-sarsfield\/\" \/>\n<meta property=\"og:site_name\" content=\"LA RED 88.3 LA RIOJA\" \/>\n<meta property=\"article:publisher\" content=\"https:\/\/www.facebook.com\/lared.larioja\" \/>\n<meta property=\"article:published_time\" content=\"2024-12-28T12:44:01+00:00\" \/>\n<meta property=\"og:image\" content=\"https:\/\/laredlarioja.com.ar\/sitio\/wp-content\/uploads\/2024\/04\/20240428213429copa-de-la-liga-1793016.jpg\" \/>\n\t<meta property=\"og:image:width\" content=\"720\" \/>\n\t<meta property=\"og:image:height\" content=\"410\" \/>\n\t<meta property=\"og:image:type\" content=\"image\/jpeg\" \/>\n<meta name=\"author\" content=\"Mart\u00edn Ruarte\" \/>\n<meta name=\"twitter:card\" content=\"summary_large_image\" \/>\n<meta name=\"twitter:creator\" content=\"@laredlarioja1\" \/>\n<meta name=\"twitter:site\" content=\"@laredlarioja1\" \/>\n<meta name=\"twitter:label1\" content=\"Escrito por\" \/>\n\t<meta name=\"twitter:data1\" content=\"Mart\u00edn Ruarte\" \/>\n\t<meta name=\"twitter:label2\" content=\"Tiempo de lectura\" \/>\n\t<meta name=\"twitter:data2\" content=\"2 minutos\" \/>\n<script type=\"application\/ld+json\" class=\"yoast-schema-graph\">{\"@context\":\"https:\\\/\\\/schema.org\",\"@graph\":[{\"@type\":\"Article\",\"@id\":\"https:\\\/\\\/laredlarioja.com.ar\\\/sitio\\\/sebastian-dominguez-nuevo-entrenador-de-velez-sarsfield\\\/#article\",\"isPartOf\":{\"@id\":\"https:\\\/\\\/laredlarioja.com.ar\\\/sitio\\\/sebastian-dominguez-nuevo-entrenador-de-velez-sarsfield\\\/\"},\"author\":{\"name\":\"Mart\u00edn Ruarte\",\"@id\":\"https:\\\/\\\/laredlarioja.com.ar\\\/sitio\\\/#\\\/schema\\\/person\\\/3b1600cc7f8fd3617dc50f96d3503489\"},\"headline\":\"Sebasti\u00e1n Dom\u00ednguez, nuevo entrenador de V\u00e9lez Sarsfield\",\"datePublished\":\"2024-12-28T12:44:01+00:00\",\"mainEntityOfPage\":{\"@id\":\"https:\\\/\\\/laredlarioja.com.ar\\\/sitio\\\/sebastian-dominguez-nuevo-entrenador-de-velez-sarsfield\\\/\"},\"wordCount\":340,\"publisher\":{\"@id\":\"https:\\\/\\\/laredlarioja.com.ar\\\/sitio\\\/#organization\"},\"image\":{\"@id\":\"https:\\\/\\\/laredlarioja.com.ar\\\/sitio\\\/sebastian-dominguez-nuevo-entrenador-de-velez-sarsfield\\\/#primaryimage\"},\"thumbnailUrl\":\"https:\\\/\\\/laredlarioja.com.ar\\\/sitio\\\/wp-content\\\/uploads\\\/2024\\\/04\\\/20240428213429copa-de-la-liga-1793016.jpg\",\"articleSection\":[\"Deportes\"],\"inLanguage\":\"es\"},{\"@type\":\"WebPage\",\"@id\":\"https:\\\/\\\/laredlarioja.com.ar\\\/sitio\\\/sebastian-dominguez-nuevo-entrenador-de-velez-sarsfield\\\/\",\"url\":\"https:\\\/\\\/laredlarioja.com.ar\\\/sitio\\\/sebastian-dominguez-nuevo-entrenador-de-velez-sarsfield\\\/\",\"name\":\"Sebasti\u00e1n Dom\u00ednguez, nuevo entrenador de V\u00e9lez Sarsfield - LA RED 88.3 LA RIOJA\",\"isPartOf\":{\"@id\":\"https:\\\/\\\/laredlarioja.com.ar\\\/sitio\\\/#website\"},\"primaryImageOfPage\":{\"@id\":\"https:\\\/\\\/laredlarioja.com.ar\\\/sitio\\\/sebastian-dominguez-nuevo-entrenador-de-velez-sarsfield\\\/#primaryimage\"},\"image\":{\"@id\":\"https:\\\/\\\/laredlarioja.com.ar\\\/sitio\\\/sebastian-dominguez-nuevo-entrenador-de-velez-sarsfield\\\/#primaryimage\"},\"thumbnailUrl\":\"https:\\\/\\\/laredlarioja.com.ar\\\/sitio\\\/wp-content\\\/uploads\\\/2024\\\/04\\\/20240428213429copa-de-la-liga-1793016.jpg\",\"datePublished\":\"2024-12-28T12:44:01+00:00\",\"breadcrumb\":{\"@id\":\"https:\\\/\\\/laredlarioja.com.ar\\\/sitio\\\/sebastian-dominguez-nuevo-entrenador-de-velez-sarsfield\\\/#breadcrumb\"},\"inLanguage\":\"es\",\"potentialAction\":[{\"@type\":\"ReadAction\",\"target\":[\"https:\\\/\\\/laredlarioja.com.ar\\\/sitio\\\/sebastian-dominguez-nuevo-entrenador-de-velez-sarsfield\\\/\"]}]},{\"@type\":\"ImageObject\",\"inLanguage\":\"es\",\"@id\":\"https:\\\/\\\/laredlarioja.com.ar\\\/sitio\\\/sebastian-dominguez-nuevo-entrenador-de-velez-sarsfield\\\/#primaryimage\",\"url\":\"https:\\\/\\\/laredlarioja.com.ar\\\/sitio\\\/wp-content\\\/uploads\\\/2024\\\/04\\\/20240428213429copa-de-la-liga-1793016.jpg\",\"contentUrl\":\"https:\\\/\\\/laredlarioja.com.ar\\\/sitio\\\/wp-content\\\/uploads\\\/2024\\\/04\\\/20240428213429copa-de-la-liga-1793016.jpg\",\"width\":720,\"height\":410},{\"@type\":\"BreadcrumbList\",\"@id\":\"https:\\\/\\\/laredlarioja.com.ar\\\/sitio\\\/sebastian-dominguez-nuevo-entrenador-de-velez-sarsfield\\\/#breadcrumb\",\"itemListElement\":[{\"@type\":\"ListItem\",\"position\":1,\"name\":\"Portada\",\"item\":\"https:\\\/\\\/laredlarioja.com.ar\\\/sitio\\\/\"},{\"@type\":\"ListItem\",\"position\":2,\"name\":\"Sebasti\u00e1n Dom\u00ednguez, nuevo entrenador de V\u00e9lez Sarsfield\"}]},{\"@type\":\"WebSite\",\"@id\":\"https:\\\/\\\/laredlarioja.com.ar\\\/sitio\\\/#website\",\"url\":\"https:\\\/\\\/laredlarioja.com.ar\\\/sitio\\\/\",\"name\":\"LA RED 88.3 LA RIOJA\",\"description\":\"Sitio de Noticias\",\"publisher\":{\"@id\":\"https:\\\/\\\/laredlarioja.com.ar\\\/sitio\\\/#organization\"},\"potentialAction\":[{\"@type\":\"SearchAction\",\"target\":{\"@type\":\"EntryPoint\",\"urlTemplate\":\"https:\\\/\\\/laredlarioja.com.ar\\\/sitio\\\/?s={search_term_string}\"},\"query-input\":{\"@type\":\"PropertyValueSpecification\",\"valueRequired\":true,\"valueName\":\"search_term_string\"}}],\"inLanguage\":\"es\"},{\"@type\":\"Organization\",\"@id\":\"https:\\\/\\\/laredlarioja.com.ar\\\/sitio\\\/#organization\",\"name\":\"LA RED 88.3 LA RIOJA\",\"url\":\"https:\\\/\\\/laredlarioja.com.ar\\\/sitio\\\/\",\"logo\":{\"@type\":\"ImageObject\",\"inLanguage\":\"es\",\"@id\":\"https:\\\/\\\/laredlarioja.com.ar\\\/sitio\\\/#\\\/schema\\\/logo\\\/image\\\/\",\"url\":\"https:\\\/\\\/laredlarioja.com.ar\\\/sitio\\\/wp-content\\\/uploads\\\/2025\\\/05\\\/LOGO-LA-RED.png\",\"contentUrl\":\"https:\\\/\\\/laredlarioja.com.ar\\\/sitio\\\/wp-content\\\/uploads\\\/2025\\\/05\\\/LOGO-LA-RED.png\",\"width\":193,\"height\":340,\"caption\":\"LA RED 88.3 LA RIOJA\"},\"image\":{\"@id\":\"https:\\\/\\\/laredlarioja.com.ar\\\/sitio\\\/#\\\/schema\\\/logo\\\/image\\\/\"},\"sameAs\":[\"https:\\\/\\\/www.facebook.com\\\/lared.larioja\",\"https:\\\/\\\/x.com\\\/laredlarioja1\",\"https:\\\/\\\/www.instagram.com\\\/lared_larioja\\\/\"]},{\"@type\":\"Person\",\"@id\":\"https:\\\/\\\/laredlarioja.com.ar\\\/sitio\\\/#\\\/schema\\\/person\\\/3b1600cc7f8fd3617dc50f96d3503489\",\"name\":\"Mart\u00edn Ruarte\",\"url\":\"https:\\\/\\\/laredlarioja.com.ar\\\/sitio\\\/author\\\/mruarte\\\/\"}]}<\/script>\n<!-- \/ Yoast SEO plugin. -->","yoast_head_json":{"title":"Sebasti\u00e1n Dom\u00ednguez, nuevo entrenador de V\u00e9lez Sarsfield - LA RED 88.3 LA RIOJA","robots":{"index":"index","follow":"follow","max-snippet":"max-snippet:-1","max-image-preview":"max-image-preview:large","max-video-preview":"max-video-preview:-1"},"canonical":"https:\/\/laredlarioja.com.ar\/sitio\/sebastian-dominguez-nuevo-entrenador-de-velez-sarsfield\/","og_locale":"es_ES","og_type":"article","og_title":"Sebasti\u00e1n Dom\u00ednguez, nuevo entrenador de V\u00e9lez Sarsfield - LA RED 88.3 LA RIOJA","og_description":"Sebasti\u00e1n Dom\u00ednguez ha sido anunciado como el nuevo director t\u00e9cnico de V\u00e9lez Sarsfield, con la misi\u00f3n de encaminar","og_url":"https:\/\/laredlarioja.com.ar\/sitio\/sebastian-dominguez-nuevo-entrenador-de-velez-sarsfield\/","og_site_name":"LA RED 88.3 LA RIOJA","article_publisher":"https:\/\/www.facebook.com\/lared.larioja","article_published_time":"2024-12-28T12:44:01+00:00","og_image":[{"width":720,"height":410,"url":"https:\/\/laredlarioja.com.ar\/sitio\/wp-content\/uploads\/2024\/04\/20240428213429copa-de-la-liga-1793016.jpg","type":"image\/jpeg"}],"author":"Mart\u00edn Ruarte","twitter_card":"summary_large_image","twitter_creator":"@laredlarioja1","twitter_site":"@laredlarioja1","twitter_misc":{"Escrito por":"Mart\u00edn Ruarte","Tiempo de lectura":"2 minutos"},"schema":{"@context":"https:\/\/schema.org","@graph":[{"@type":"Article","@id":"https:\/\/laredlarioja.com.ar\/sitio\/sebastian-dominguez-nuevo-entrenador-de-velez-sarsfield\/#article","isPartOf":{"@id":"https:\/\/laredlarioja.com.ar\/sitio\/sebastian-dominguez-nuevo-entrenador-de-velez-sarsfield\/"},"author":{"name":"Mart\u00edn Ruarte","@id":"https:\/\/laredlarioja.com.ar\/sitio\/#\/schema\/person\/3b1600cc7f8fd3617dc50f96d3503489"},"headline":"Sebasti\u00e1n Dom\u00ednguez, nuevo entrenador de V\u00e9lez Sarsfield","datePublished":"2024-12-28T12:44:01+00:00","mainEntityOfPage":{"@id":"https:\/\/laredlarioja.com.ar\/sitio\/sebastian-dominguez-nuevo-entrenador-de-velez-sarsfield\/"},"wordCount":340,"publisher":{"@id":"https:\/\/laredlarioja.com.ar\/sitio\/#organization"},"image":{"@id":"https:\/\/laredlarioja.com.ar\/sitio\/sebastian-dominguez-nuevo-entrenador-de-velez-sarsfield\/#primaryimage"},"thumbnailUrl":"https:\/\/laredlarioja.com.ar\/sitio\/wp-content\/uploads\/2024\/04\/20240428213429copa-de-la-liga-1793016.jpg","articleSection":["Deportes"],"inLanguage":"es"},{"@type":"WebPage","@id":"https:\/\/laredlarioja.com.ar\/sitio\/sebastian-dominguez-nuevo-entrenador-de-velez-sarsfield\/","url":"https:\/\/laredlarioja.com.ar\/sitio\/sebastian-dominguez-nuevo-entrenador-de-velez-sarsfield\/","name":"Sebasti\u00e1n Dom\u00ednguez, nuevo entrenador de V\u00e9lez Sarsfield - LA RED 88.3 LA RIOJA","isPartOf":{"@id":"https:\/\/laredlarioja.com.ar\/sitio\/#website"},"primaryImageOfPage":{"@id":"https:\/\/laredlarioja.com.ar\/sitio\/sebastian-dominguez-nuevo-entrenador-de-velez-sarsfield\/#primaryimage"},"image":{"@id":"https:\/\/laredlarioja.com.ar\/sitio\/sebastian-dominguez-nuevo-entrenador-de-velez-sarsfield\/#primaryimage"},"thumbnailUrl":"https:\/\/laredlarioja.com.ar\/sitio\/wp-content\/uploads\/2024\/04\/20240428213429copa-de-la-liga-1793016.jpg","datePublished":"2024-12-28T12:44:01+00:00","breadcrumb":{"@id":"https:\/\/laredlarioja.com.ar\/sitio\/sebastian-dominguez-nuevo-entrenador-de-velez-sarsfield\/#breadcrumb"},"inLanguage":"es","potentialAction":[{"@type":"ReadAction","target":["https:\/\/laredlarioja.com.ar\/sitio\/sebastian-dominguez-nuevo-entrenador-de-velez-sarsfield\/"]}]},{"@type":"ImageObject","inLanguage":"es","@id":"https:\/\/laredlarioja.com.ar\/sitio\/sebastian-dominguez-nuevo-entrenador-de-velez-sarsfield\/#primaryimage","url":"https:\/\/laredlarioja.com.ar\/sitio\/wp-content\/uploads\/2024\/04\/20240428213429copa-de-la-liga-1793016.jpg","contentUrl":"https:\/\/laredlarioja.com.ar\/sitio\/wp-content\/uploads\/2024\/04\/20240428213429copa-de-la-liga-1793016.jpg","width":720,"height":410},{"@type":"BreadcrumbList","@id":"https:\/\/laredlarioja.com.ar\/sitio\/sebastian-dominguez-nuevo-entrenador-de-velez-sarsfield\/#breadcrumb","itemListElement":[{"@type":"ListItem","position":1,"name":"Portada","item":"https:\/\/laredlarioja.com.ar\/sitio\/"},{"@type":"ListItem","position":2,"name":"Sebasti\u00e1n Dom\u00ednguez, nuevo entrenador de V\u00e9lez Sarsfield"}]},{"@type":"WebSite","@id":"https:\/\/laredlarioja.com.ar\/sitio\/#website","url":"https:\/\/laredlarioja.com.ar\/sitio\/","name":"LA RED 88.3 LA RIOJA","description":"Sitio de Noticias","publisher":{"@id":"https:\/\/laredlarioja.com.ar\/sitio\/#organization"},"potentialAction":[{"@type":"SearchAction","target":{"@type":"EntryPoint","urlTemplate":"https:\/\/laredlarioja.com.ar\/sitio\/?s={search_term_string}"},"query-input":{"@type":"PropertyValueSpecification","valueRequired":true,"valueName":"search_term_string"}}],"inLanguage":"es"},{"@type":"Organization","@id":"https:\/\/laredlarioja.com.ar\/sitio\/#organization","name":"LA RED 88.3 LA RIOJA","url":"https:\/\/laredlarioja.com.ar\/sitio\/","logo":{"@type":"ImageObject","inLanguage":"es","@id":"https:\/\/laredlarioja.com.ar\/sitio\/#\/schema\/logo\/image\/","url":"https:\/\/laredlarioja.com.ar\/sitio\/wp-content\/uploads\/2025\/05\/LOGO-LA-RED.png","contentUrl":"https:\/\/laredlarioja.com.ar\/sitio\/wp-content\/uploads\/2025\/05\/LOGO-LA-RED.png","width":193,"height":340,"caption":"LA RED 88.3 LA RIOJA"},"image":{"@id":"https:\/\/laredlarioja.com.ar\/sitio\/#\/schema\/logo\/image\/"},"sameAs":["https:\/\/www.facebook.com\/lared.larioja","https:\/\/x.com\/laredlarioja1","https:\/\/www.instagram.com\/lared_larioja\/"]},{"@type":"Person","@id":"https:\/\/laredlarioja.com.ar\/sitio\/#\/schema\/person\/3b1600cc7f8fd3617dc50f96d3503489","name":"Mart\u00edn Ruarte","url":"https:\/\/laredlarioja.com.ar\/sitio\/author\/mruarte\/"}]}},"featured_image_urls":{"full":["https:\/\/laredlarioja.com.ar\/sitio\/wp-content\/uploads\/2024\/04\/20240428213429copa-de-la-liga-1793016.jpg",720,410,false],"thumbnail":["https:\/\/laredlarioja.com.ar\/sitio\/wp-content\/uploads\/2024\/04\/20240428213429copa-de-la-liga-1793016-150x150.jpg",150,150,true],"medium":["https:\/\/laredlarioja.com.ar\/sitio\/wp-content\/uploads\/2024\/04\/20240428213429copa-de-la-liga-1793016-300x171.jpg",300,171,true],"medium_large":["https:\/\/laredlarioja.com.ar\/sitio\/wp-content\/uploads\/2024\/04\/20240428213429copa-de-la-liga-1793016.jpg",640,364,false],"large":["https:\/\/laredlarioja.com.ar\/sitio\/wp-content\/uploads\/2024\/04\/20240428213429copa-de-la-liga-1793016.jpg",640,364,false],"1536x1536":["https:\/\/laredlarioja.com.ar\/sitio\/wp-content\/uploads\/2024\/04\/20240428213429copa-de-la-liga-1793016.jpg",720,410,false],"2048x2048":["https:\/\/laredlarioja.com.ar\/sitio\/wp-content\/uploads\/2024\/04\/20240428213429copa-de-la-liga-1793016.jpg",720,410,false],"cvmm-medium":["https:\/\/laredlarioja.com.ar\/sitio\/wp-content\/uploads\/2024\/04\/20240428213429copa-de-la-liga-1793016-300x300.jpg",300,300,true],"cvmm-medium-plus":["https:\/\/laredlarioja.com.ar\/sitio\/wp-content\/uploads\/2024\/04\/20240428213429copa-de-la-liga-1793016-305x207.jpg",305,207,true],"cvmm-portrait":["https:\/\/laredlarioja.com.ar\/sitio\/wp-content\/uploads\/2024\/04\/20240428213429copa-de-la-liga-1793016-400x410.jpg",400,410,true],"cvmm-medium-square":["https:\/\/laredlarioja.com.ar\/sitio\/wp-content\/uploads\/2024\/04\/20240428213429copa-de-la-liga-1793016-600x410.jpg",600,410,true],"cvmm-large":["https:\/\/laredlarioja.com.ar\/sitio\/wp-content\/uploads\/2024\/04\/20240428213429copa-de-la-liga-1793016.jpg",720,410,false],"cvmm-small":["https:\/\/laredlarioja.com.ar\/sitio\/wp-content\/uploads\/2024\/04\/20240428213429copa-de-la-liga-1793016-130x95.jpg",130,95,true],"morenews-large":["https:\/\/laredlarioja.com.ar\/sitio\/wp-content\/uploads\/2024\/04\/20240428213429copa-de-la-liga-1793016.jpg",720,410,false],"morenews-medium":["https:\/\/laredlarioja.com.ar\/sitio\/wp-content\/uploads\/2024\/04\/20240428213429copa-de-la-liga-1793016-590x410.jpg",590,410,true]},"author_info":{"display_name":"Mart\u00edn Ruarte","author_link":"https:\/\/laredlarioja.com.ar\/sitio\/author\/mruarte\/"},"category_info":"<a href=\"https:\/\/laredlarioja.com.ar\/sitio\/categorias\/deportes\/\" rel=\"category tag\">Deportes<\/a>","tag_info":"Deportes","comment_count":"0","blog_post_layout_featured_media_urls":{"thumbnail":["https:\/\/laredlarioja.com.ar\/sitio\/wp-content\/uploads\/2024\/04\/20240428213429copa-de-la-liga-1793016-150x150.jpg",150,150,true],"full":["https:\/\/laredlarioja.com.ar\/sitio\/wp-content\/uploads\/2024\/04\/20240428213429copa-de-la-liga-1793016.jpg",720,410,false]},"categories_names":{"26":{"name":"Deportes","link":"https:\/\/laredlarioja.com.ar\/sitio\/categorias\/deportes\/"}},"tags_names":[],"comments_number":"0","wpmagazine_modules_lite_featured_media_urls":{"thumbnail":["https:\/\/laredlarioja.com.ar\/sitio\/wp-content\/uploads\/2024\/04\/20240428213429copa-de-la-liga-1793016-150x150.jpg",150,150,true],"cvmm-medium":["https:\/\/laredlarioja.com.ar\/sitio\/wp-content\/uploads\/2024\/04\/20240428213429copa-de-la-liga-1793016-300x300.jpg",300,300,true],"cvmm-medium-plus":["https:\/\/laredlarioja.com.ar\/sitio\/wp-content\/uploads\/2024\/04\/20240428213429copa-de-la-liga-1793016-305x207.jpg",305,207,true],"cvmm-portrait":["https:\/\/laredlarioja.com.ar\/sitio\/wp-content\/uploads\/2024\/04\/20240428213429copa-de-la-liga-1793016-400x410.jpg",400,410,true],"cvmm-medium-square":["https:\/\/laredlarioja.com.ar\/sitio\/wp-content\/uploads\/2024\/04\/20240428213429copa-de-la-liga-1793016-600x410.jpg",600,410,true],"cvmm-large":["https:\/\/laredlarioja.com.ar\/sitio\/wp-content\/uploads\/2024\/04\/20240428213429copa-de-la-liga-1793016.jpg",720,410,false],"cvmm-small":["https:\/\/laredlarioja.com.ar\/sitio\/wp-content\/uploads\/2024\/04\/20240428213429copa-de-la-liga-1793016-130x95.jpg",130,95,true],"full":["https:\/\/laredlarioja.com.ar\/sitio\/wp-content\/uploads\/2024\/04\/20240428213429copa-de-la-liga-1793016.jpg",720,410,false]},"_links":{"self":[{"href":"https:\/\/laredlarioja.com.ar\/sitio\/wp-json\/wp\/v2\/posts\/56548","targetHints":{"allow":["GET"]}}],"collection":[{"href":"https:\/\/laredlarioja.com.ar\/sitio\/wp-json\/wp\/v2\/posts"}],"about":[{"href":"https:\/\/laredlarioja.com.ar\/sitio\/wp-json\/wp\/v2\/types\/post"}],"author":[{"embeddable":true,"href":"https:\/\/laredlarioja.com.ar\/sitio\/wp-json\/wp\/v2\/users\/8"}],"replies":[{"embeddable":true,"href":"https:\/\/laredlarioja.com.ar\/sitio\/wp-json\/wp\/v2\/comments?post=56548"}],"version-history":[{"count":1,"href":"https:\/\/laredlarioja.com.ar\/sitio\/wp-json\/wp\/v2\/posts\/56548\/revisions"}],"predecessor-version":[{"id":56549,"href":"https:\/\/laredlarioja.com.ar\/sitio\/wp-json\/wp\/v2\/posts\/56548\/revisions\/56549"}],"wp:featuredmedia":[{"embeddable":true,"href":"https:\/\/laredlarioja.com.ar\/sitio\/wp-json\/wp\/v2\/media\/45080"}],"wp:attachment":[{"href":"https:\/\/laredlarioja.com.ar\/sitio\/wp-json\/wp\/v2\/media?parent=56548"}],"wp:term":[{"taxonomy":"category","embeddable":true,"href":"https:\/\/laredlarioja.com.ar\/sitio\/wp-json\/wp\/v2\/categories?post=56548"},{"taxonomy":"post_tag","embeddable":true,"href":"https:\/\/laredlarioja.com.ar\/sitio\/wp-json\/wp\/v2\/tags?post=56548"}],"curies":[{"name":"wp","href":"https:\/\/api.w.org\/{rel}","templated":true}]}}