{"id":57227,"date":"2025-01-21T13:14:33","date_gmt":"2025-01-21T13:14:33","guid":{"rendered":"https:\/\/laredlarioja.com.ar\/sitio\/?p=57227"},"modified":"2025-01-21T13:14:33","modified_gmt":"2025-01-21T13:14:33","slug":"arca-modifico-los-plazos-para-la-recategorizacion-de-oficio-de-monotributistas","status":"publish","type":"post","link":"https:\/\/laredlarioja.com.ar\/sitio\/arca-modifico-los-plazos-para-la-recategorizacion-de-oficio-de-monotributistas\/","title":{"rendered":"ARCA modific\u00f3 los plazos para la recategorizaci\u00f3n de oficio de monotributistas"},"content":{"rendered":"<p>La Agencia de Recaudaci\u00f3n y Control Aduanero (ARCA) anunci\u00f3 cambios en el proceso de recategorizaci\u00f3n de oficio para monotributistas. Las modificaciones, detalladas en la Resoluci\u00f3n General 5637\/2025, fueron publicadas este martes en el Bolet\u00edn Oficial y afectan los tiempos de notificaci\u00f3n y la entrada en vigencia de los cambios.<\/p>\n<p>Seg\u00fan la nueva normativa, ARCA notificar\u00e1 a los contribuyentes sobre su recategorizaci\u00f3n dentro de los 10 d\u00edas h\u00e1biles administrativos posteriores al plazo previsto en el art\u00edculo 20, el cual contempla los semestres que finalizan en junio y diciembre. Esto significa que la notificaci\u00f3n se realizar\u00e1 en el <strong>Domicilio Fiscal Electr\u00f3nico<\/strong> de los peque\u00f1os contribuyentes en lugar del primer d\u00eda h\u00e1bil de los meses de agosto y febrero, como se hac\u00eda anteriormente.<\/p>\n<h3>Entrada en vigencia de los cambios<\/h3>\n<p>La resoluci\u00f3n tambi\u00e9n ajust\u00f3 el art\u00edculo 32, que regula desde cu\u00e1ndo comienzan a aplicarse las recategorizaciones de oficio. Ahora, los cambios ser\u00e1n efectivos desde los per\u00edodos devengados agosto y febrero, correspondientes a los semestres enero\/junio y julio\/diciembre, respectivamente. Las obligaciones de pago resultantes se aplicar\u00e1n hasta los per\u00edodos devengados enero y julio, inclusive.<\/p>\n<h3>\u00bfQu\u00e9 es la recategorizaci\u00f3n de oficio?<\/h3>\n<p>La recategorizaci\u00f3n de oficio es un procedimiento que ARCA implementa cuando un monotributista no realiza la recategorizaci\u00f3n correspondiente o lo hace con errores. Esto ocurre si se detectan compras, gastos o acreditaciones bancarias que superan los ingresos brutos anuales permitidos para su categor\u00eda actual.<\/p>\n<p>Con estos cambios, ARCA busca optimizar los plazos y mejorar la comunicaci\u00f3n con los contribuyentes, reforzando el cumplimiento de las obligaciones fiscales.<\/p>\n","protected":false},"excerpt":{"rendered":"<p>La Agencia de Recaudaci\u00f3n y Control Aduanero (ARCA) anunci\u00f3 cambios en el proceso de recategorizaci\u00f3n de oficio para<\/p>\n","protected":false},"author":8,"featured_media":35750,"comment_status":"closed","ping_status":"open","sticky":false,"template":"","format":"standard","meta":{"footnotes":""},"categories":[130],"tags":[],"class_list":["post-57227","post","type-post","status-publish","format-standard","has-post-thumbnail","hentry","category-pais"],"yoast_head":"<!-- This site is optimized with the Yoast SEO plugin v27.4 - https:\/\/yoast.com\/product\/yoast-seo-wordpress\/ -->\n<title>ARCA modific\u00f3 los plazos para la recategorizaci\u00f3n de oficio de monotributistas - LA RED 88.3 LA RIOJA<\/title>\n<meta name=\"robots\" content=\"index, follow, max-snippet:-1, max-image-preview:large, max-video-preview:-1\" \/>\n<link rel=\"canonical\" href=\"https:\/\/laredlarioja.com.ar\/sitio\/arca-modifico-los-plazos-para-la-recategorizacion-de-oficio-de-monotributistas\/\" \/>\n<meta property=\"og:locale\" content=\"es_ES\" \/>\n<meta property=\"og:type\" content=\"article\" \/>\n<meta property=\"og:title\" content=\"ARCA modific\u00f3 los plazos para la recategorizaci\u00f3n de oficio de monotributistas - LA RED 88.3 LA RIOJA\" \/>\n<meta property=\"og:description\" content=\"La Agencia de Recaudaci\u00f3n y Control Aduanero (ARCA) anunci\u00f3 cambios en el proceso de recategorizaci\u00f3n de oficio para\" \/>\n<meta property=\"og:url\" content=\"https:\/\/laredlarioja.com.ar\/sitio\/arca-modifico-los-plazos-para-la-recategorizacion-de-oficio-de-monotributistas\/\" \/>\n<meta property=\"og:site_name\" content=\"LA RED 88.3 LA RIOJA\" \/>\n<meta property=\"article:publisher\" content=\"https:\/\/www.facebook.com\/lared.larioja\" \/>\n<meta property=\"article:published_time\" content=\"2025-01-21T13:14:33+00:00\" \/>\n<meta property=\"og:image\" content=\"https:\/\/laredlarioja.com.ar\/sitio\/wp-content\/uploads\/2023\/09\/monotributo-foto-NA.jpg\" \/>\n\t<meta property=\"og:image:width\" content=\"1200\" \/>\n\t<meta property=\"og:image:height\" content=\"818\" \/>\n\t<meta property=\"og:image:type\" content=\"image\/jpeg\" \/>\n<meta name=\"author\" content=\"Mart\u00edn Ruarte\" \/>\n<meta name=\"twitter:card\" content=\"summary_large_image\" \/>\n<meta name=\"twitter:creator\" content=\"@laredlarioja1\" \/>\n<meta name=\"twitter:site\" content=\"@laredlarioja1\" \/>\n<meta name=\"twitter:label1\" content=\"Escrito por\" \/>\n\t<meta name=\"twitter:data1\" content=\"Mart\u00edn Ruarte\" \/>\n\t<meta name=\"twitter:label2\" content=\"Tiempo de lectura\" \/>\n\t<meta name=\"twitter:data2\" content=\"2 minutos\" \/>\n<script type=\"application\/ld+json\" class=\"yoast-schema-graph\">{\"@context\":\"https:\\\/\\\/schema.org\",\"@graph\":[{\"@type\":\"Article\",\"@id\":\"https:\\\/\\\/laredlarioja.com.ar\\\/sitio\\\/arca-modifico-los-plazos-para-la-recategorizacion-de-oficio-de-monotributistas\\\/#article\",\"isPartOf\":{\"@id\":\"https:\\\/\\\/laredlarioja.com.ar\\\/sitio\\\/arca-modifico-los-plazos-para-la-recategorizacion-de-oficio-de-monotributistas\\\/\"},\"author\":{\"name\":\"Mart\u00edn Ruarte\",\"@id\":\"https:\\\/\\\/laredlarioja.com.ar\\\/sitio\\\/#\\\/schema\\\/person\\\/3b1600cc7f8fd3617dc50f96d3503489\"},\"headline\":\"ARCA modific\u00f3 los plazos para la recategorizaci\u00f3n de oficio de monotributistas\",\"datePublished\":\"2025-01-21T13:14:33+00:00\",\"mainEntityOfPage\":{\"@id\":\"https:\\\/\\\/laredlarioja.com.ar\\\/sitio\\\/arca-modifico-los-plazos-para-la-recategorizacion-de-oficio-de-monotributistas\\\/\"},\"wordCount\":290,\"publisher\":{\"@id\":\"https:\\\/\\\/laredlarioja.com.ar\\\/sitio\\\/#organization\"},\"image\":{\"@id\":\"https:\\\/\\\/laredlarioja.com.ar\\\/sitio\\\/arca-modifico-los-plazos-para-la-recategorizacion-de-oficio-de-monotributistas\\\/#primaryimage\"},\"thumbnailUrl\":\"https:\\\/\\\/laredlarioja.com.ar\\\/sitio\\\/wp-content\\\/uploads\\\/2023\\\/09\\\/monotributo-foto-NA.jpg\",\"articleSection\":[\"El pa\u00eds\"],\"inLanguage\":\"es\"},{\"@type\":\"WebPage\",\"@id\":\"https:\\\/\\\/laredlarioja.com.ar\\\/sitio\\\/arca-modifico-los-plazos-para-la-recategorizacion-de-oficio-de-monotributistas\\\/\",\"url\":\"https:\\\/\\\/laredlarioja.com.ar\\\/sitio\\\/arca-modifico-los-plazos-para-la-recategorizacion-de-oficio-de-monotributistas\\\/\",\"name\":\"ARCA modific\u00f3 los plazos para la recategorizaci\u00f3n de oficio de monotributistas - LA RED 88.3 LA RIOJA\",\"isPartOf\":{\"@id\":\"https:\\\/\\\/laredlarioja.com.ar\\\/sitio\\\/#website\"},\"primaryImageOfPage\":{\"@id\":\"https:\\\/\\\/laredlarioja.com.ar\\\/sitio\\\/arca-modifico-los-plazos-para-la-recategorizacion-de-oficio-de-monotributistas\\\/#primaryimage\"},\"image\":{\"@id\":\"https:\\\/\\\/laredlarioja.com.ar\\\/sitio\\\/arca-modifico-los-plazos-para-la-recategorizacion-de-oficio-de-monotributistas\\\/#primaryimage\"},\"thumbnailUrl\":\"https:\\\/\\\/laredlarioja.com.ar\\\/sitio\\\/wp-content\\\/uploads\\\/2023\\\/09\\\/monotributo-foto-NA.jpg\",\"datePublished\":\"2025-01-21T13:14:33+00:00\",\"breadcrumb\":{\"@id\":\"https:\\\/\\\/laredlarioja.com.ar\\\/sitio\\\/arca-modifico-los-plazos-para-la-recategorizacion-de-oficio-de-monotributistas\\\/#breadcrumb\"},\"inLanguage\":\"es\",\"potentialAction\":[{\"@type\":\"ReadAction\",\"target\":[\"https:\\\/\\\/laredlarioja.com.ar\\\/sitio\\\/arca-modifico-los-plazos-para-la-recategorizacion-de-oficio-de-monotributistas\\\/\"]}]},{\"@type\":\"ImageObject\",\"inLanguage\":\"es\",\"@id\":\"https:\\\/\\\/laredlarioja.com.ar\\\/sitio\\\/arca-modifico-los-plazos-para-la-recategorizacion-de-oficio-de-monotributistas\\\/#primaryimage\",\"url\":\"https:\\\/\\\/laredlarioja.com.ar\\\/sitio\\\/wp-content\\\/uploads\\\/2023\\\/09\\\/monotributo-foto-NA.jpg\",\"contentUrl\":\"https:\\\/\\\/laredlarioja.com.ar\\\/sitio\\\/wp-content\\\/uploads\\\/2023\\\/09\\\/monotributo-foto-NA.jpg\",\"width\":1200,\"height\":818},{\"@type\":\"BreadcrumbList\",\"@id\":\"https:\\\/\\\/laredlarioja.com.ar\\\/sitio\\\/arca-modifico-los-plazos-para-la-recategorizacion-de-oficio-de-monotributistas\\\/#breadcrumb\",\"itemListElement\":[{\"@type\":\"ListItem\",\"position\":1,\"name\":\"Portada\",\"item\":\"https:\\\/\\\/laredlarioja.com.ar\\\/sitio\\\/\"},{\"@type\":\"ListItem\",\"position\":2,\"name\":\"ARCA modific\u00f3 los plazos para la recategorizaci\u00f3n de oficio de monotributistas\"}]},{\"@type\":\"WebSite\",\"@id\":\"https:\\\/\\\/laredlarioja.com.ar\\\/sitio\\\/#website\",\"url\":\"https:\\\/\\\/laredlarioja.com.ar\\\/sitio\\\/\",\"name\":\"LA RED 88.3 LA RIOJA\",\"description\":\"Sitio de Noticias\",\"publisher\":{\"@id\":\"https:\\\/\\\/laredlarioja.com.ar\\\/sitio\\\/#organization\"},\"potentialAction\":[{\"@type\":\"SearchAction\",\"target\":{\"@type\":\"EntryPoint\",\"urlTemplate\":\"https:\\\/\\\/laredlarioja.com.ar\\\/sitio\\\/?s={search_term_string}\"},\"query-input\":{\"@type\":\"PropertyValueSpecification\",\"valueRequired\":true,\"valueName\":\"search_term_string\"}}],\"inLanguage\":\"es\"},{\"@type\":\"Organization\",\"@id\":\"https:\\\/\\\/laredlarioja.com.ar\\\/sitio\\\/#organization\",\"name\":\"LA RED 88.3 LA RIOJA\",\"url\":\"https:\\\/\\\/laredlarioja.com.ar\\\/sitio\\\/\",\"logo\":{\"@type\":\"ImageObject\",\"inLanguage\":\"es\",\"@id\":\"https:\\\/\\\/laredlarioja.com.ar\\\/sitio\\\/#\\\/schema\\\/logo\\\/image\\\/\",\"url\":\"https:\\\/\\\/laredlarioja.com.ar\\\/sitio\\\/wp-content\\\/uploads\\\/2025\\\/05\\\/LOGO-LA-RED.png\",\"contentUrl\":\"https:\\\/\\\/laredlarioja.com.ar\\\/sitio\\\/wp-content\\\/uploads\\\/2025\\\/05\\\/LOGO-LA-RED.png\",\"width\":193,\"height\":340,\"caption\":\"LA RED 88.3 LA RIOJA\"},\"image\":{\"@id\":\"https:\\\/\\\/laredlarioja.com.ar\\\/sitio\\\/#\\\/schema\\\/logo\\\/image\\\/\"},\"sameAs\":[\"https:\\\/\\\/www.facebook.com\\\/lared.larioja\",\"https:\\\/\\\/x.com\\\/laredlarioja1\",\"https:\\\/\\\/www.instagram.com\\\/lared_larioja\\\/\"]},{\"@type\":\"Person\",\"@id\":\"https:\\\/\\\/laredlarioja.com.ar\\\/sitio\\\/#\\\/schema\\\/person\\\/3b1600cc7f8fd3617dc50f96d3503489\",\"name\":\"Mart\u00edn Ruarte\",\"url\":\"https:\\\/\\\/laredlarioja.com.ar\\\/sitio\\\/author\\\/mruarte\\\/\"}]}<\/script>\n<!-- \/ Yoast SEO plugin. -->","yoast_head_json":{"title":"ARCA modific\u00f3 los plazos para la recategorizaci\u00f3n de oficio de monotributistas - LA RED 88.3 LA RIOJA","robots":{"index":"index","follow":"follow","max-snippet":"max-snippet:-1","max-image-preview":"max-image-preview:large","max-video-preview":"max-video-preview:-1"},"canonical":"https:\/\/laredlarioja.com.ar\/sitio\/arca-modifico-los-plazos-para-la-recategorizacion-de-oficio-de-monotributistas\/","og_locale":"es_ES","og_type":"article","og_title":"ARCA modific\u00f3 los plazos para la recategorizaci\u00f3n de oficio de monotributistas - LA RED 88.3 LA RIOJA","og_description":"La Agencia de Recaudaci\u00f3n y Control Aduanero (ARCA) anunci\u00f3 cambios en el proceso de recategorizaci\u00f3n de oficio para","og_url":"https:\/\/laredlarioja.com.ar\/sitio\/arca-modifico-los-plazos-para-la-recategorizacion-de-oficio-de-monotributistas\/","og_site_name":"LA RED 88.3 LA RIOJA","article_publisher":"https:\/\/www.facebook.com\/lared.larioja","article_published_time":"2025-01-21T13:14:33+00:00","og_image":[{"width":1200,"height":818,"url":"https:\/\/laredlarioja.com.ar\/sitio\/wp-content\/uploads\/2023\/09\/monotributo-foto-NA.jpg","type":"image\/jpeg"}],"author":"Mart\u00edn Ruarte","twitter_card":"summary_large_image","twitter_creator":"@laredlarioja1","twitter_site":"@laredlarioja1","twitter_misc":{"Escrito por":"Mart\u00edn Ruarte","Tiempo de lectura":"2 minutos"},"schema":{"@context":"https:\/\/schema.org","@graph":[{"@type":"Article","@id":"https:\/\/laredlarioja.com.ar\/sitio\/arca-modifico-los-plazos-para-la-recategorizacion-de-oficio-de-monotributistas\/#article","isPartOf":{"@id":"https:\/\/laredlarioja.com.ar\/sitio\/arca-modifico-los-plazos-para-la-recategorizacion-de-oficio-de-monotributistas\/"},"author":{"name":"Mart\u00edn Ruarte","@id":"https:\/\/laredlarioja.com.ar\/sitio\/#\/schema\/person\/3b1600cc7f8fd3617dc50f96d3503489"},"headline":"ARCA modific\u00f3 los plazos para la recategorizaci\u00f3n de oficio de monotributistas","datePublished":"2025-01-21T13:14:33+00:00","mainEntityOfPage":{"@id":"https:\/\/laredlarioja.com.ar\/sitio\/arca-modifico-los-plazos-para-la-recategorizacion-de-oficio-de-monotributistas\/"},"wordCount":290,"publisher":{"@id":"https:\/\/laredlarioja.com.ar\/sitio\/#organization"},"image":{"@id":"https:\/\/laredlarioja.com.ar\/sitio\/arca-modifico-los-plazos-para-la-recategorizacion-de-oficio-de-monotributistas\/#primaryimage"},"thumbnailUrl":"https:\/\/laredlarioja.com.ar\/sitio\/wp-content\/uploads\/2023\/09\/monotributo-foto-NA.jpg","articleSection":["El pa\u00eds"],"inLanguage":"es"},{"@type":"WebPage","@id":"https:\/\/laredlarioja.com.ar\/sitio\/arca-modifico-los-plazos-para-la-recategorizacion-de-oficio-de-monotributistas\/","url":"https:\/\/laredlarioja.com.ar\/sitio\/arca-modifico-los-plazos-para-la-recategorizacion-de-oficio-de-monotributistas\/","name":"ARCA modific\u00f3 los plazos para la recategorizaci\u00f3n de oficio de monotributistas - LA RED 88.3 LA RIOJA","isPartOf":{"@id":"https:\/\/laredlarioja.com.ar\/sitio\/#website"},"primaryImageOfPage":{"@id":"https:\/\/laredlarioja.com.ar\/sitio\/arca-modifico-los-plazos-para-la-recategorizacion-de-oficio-de-monotributistas\/#primaryimage"},"image":{"@id":"https:\/\/laredlarioja.com.ar\/sitio\/arca-modifico-los-plazos-para-la-recategorizacion-de-oficio-de-monotributistas\/#primaryimage"},"thumbnailUrl":"https:\/\/laredlarioja.com.ar\/sitio\/wp-content\/uploads\/2023\/09\/monotributo-foto-NA.jpg","datePublished":"2025-01-21T13:14:33+00:00","breadcrumb":{"@id":"https:\/\/laredlarioja.com.ar\/sitio\/arca-modifico-los-plazos-para-la-recategorizacion-de-oficio-de-monotributistas\/#breadcrumb"},"inLanguage":"es","potentialAction":[{"@type":"ReadAction","target":["https:\/\/laredlarioja.com.ar\/sitio\/arca-modifico-los-plazos-para-la-recategorizacion-de-oficio-de-monotributistas\/"]}]},{"@type":"ImageObject","inLanguage":"es","@id":"https:\/\/laredlarioja.com.ar\/sitio\/arca-modifico-los-plazos-para-la-recategorizacion-de-oficio-de-monotributistas\/#primaryimage","url":"https:\/\/laredlarioja.com.ar\/sitio\/wp-content\/uploads\/2023\/09\/monotributo-foto-NA.jpg","contentUrl":"https:\/\/laredlarioja.com.ar\/sitio\/wp-content\/uploads\/2023\/09\/monotributo-foto-NA.jpg","width":1200,"height":818},{"@type":"BreadcrumbList","@id":"https:\/\/laredlarioja.com.ar\/sitio\/arca-modifico-los-plazos-para-la-recategorizacion-de-oficio-de-monotributistas\/#breadcrumb","itemListElement":[{"@type":"ListItem","position":1,"name":"Portada","item":"https:\/\/laredlarioja.com.ar\/sitio\/"},{"@type":"ListItem","position":2,"name":"ARCA modific\u00f3 los plazos para la recategorizaci\u00f3n de oficio de monotributistas"}]},{"@type":"WebSite","@id":"https:\/\/laredlarioja.com.ar\/sitio\/#website","url":"https:\/\/laredlarioja.com.ar\/sitio\/","name":"LA RED 88.3 LA RIOJA","description":"Sitio de Noticias","publisher":{"@id":"https:\/\/laredlarioja.com.ar\/sitio\/#organization"},"potentialAction":[{"@type":"SearchAction","target":{"@type":"EntryPoint","urlTemplate":"https:\/\/laredlarioja.com.ar\/sitio\/?s={search_term_string}"},"query-input":{"@type":"PropertyValueSpecification","valueRequired":true,"valueName":"search_term_string"}}],"inLanguage":"es"},{"@type":"Organization","@id":"https:\/\/laredlarioja.com.ar\/sitio\/#organization","name":"LA RED 88.3 LA RIOJA","url":"https:\/\/laredlarioja.com.ar\/sitio\/","logo":{"@type":"ImageObject","inLanguage":"es","@id":"https:\/\/laredlarioja.com.ar\/sitio\/#\/schema\/logo\/image\/","url":"https:\/\/laredlarioja.com.ar\/sitio\/wp-content\/uploads\/2025\/05\/LOGO-LA-RED.png","contentUrl":"https:\/\/laredlarioja.com.ar\/sitio\/wp-content\/uploads\/2025\/05\/LOGO-LA-RED.png","width":193,"height":340,"caption":"LA RED 88.3 LA RIOJA"},"image":{"@id":"https:\/\/laredlarioja.com.ar\/sitio\/#\/schema\/logo\/image\/"},"sameAs":["https:\/\/www.facebook.com\/lared.larioja","https:\/\/x.com\/laredlarioja1","https:\/\/www.instagram.com\/lared_larioja\/"]},{"@type":"Person","@id":"https:\/\/laredlarioja.com.ar\/sitio\/#\/schema\/person\/3b1600cc7f8fd3617dc50f96d3503489","name":"Mart\u00edn Ruarte","url":"https:\/\/laredlarioja.com.ar\/sitio\/author\/mruarte\/"}]}},"featured_image_urls":{"full":["https:\/\/laredlarioja.com.ar\/sitio\/wp-content\/uploads\/2023\/09\/monotributo-foto-NA.jpg",1200,818,false],"thumbnail":["https:\/\/laredlarioja.com.ar\/sitio\/wp-content\/uploads\/2023\/09\/monotributo-foto-NA-150x150.jpg",150,150,true],"medium":["https:\/\/laredlarioja.com.ar\/sitio\/wp-content\/uploads\/2023\/09\/monotributo-foto-NA-300x205.jpg",300,205,true],"medium_large":["https:\/\/laredlarioja.com.ar\/sitio\/wp-content\/uploads\/2023\/09\/monotributo-foto-NA-768x524.jpg",640,437,true],"large":["https:\/\/laredlarioja.com.ar\/sitio\/wp-content\/uploads\/2023\/09\/monotributo-foto-NA-1024x698.jpg",640,436,true],"1536x1536":["https:\/\/laredlarioja.com.ar\/sitio\/wp-content\/uploads\/2023\/09\/monotributo-foto-NA.jpg",1200,818,false],"2048x2048":["https:\/\/laredlarioja.com.ar\/sitio\/wp-content\/uploads\/2023\/09\/monotributo-foto-NA.jpg",1200,818,false],"cvmm-medium":["https:\/\/laredlarioja.com.ar\/sitio\/wp-content\/uploads\/2023\/09\/monotributo-foto-NA-300x300.jpg",300,300,true],"cvmm-medium-plus":["https:\/\/laredlarioja.com.ar\/sitio\/wp-content\/uploads\/2023\/09\/monotributo-foto-NA-305x207.jpg",305,207,true],"cvmm-portrait":["https:\/\/laredlarioja.com.ar\/sitio\/wp-content\/uploads\/2023\/09\/monotributo-foto-NA-400x600.jpg",400,600,true],"cvmm-medium-square":["https:\/\/laredlarioja.com.ar\/sitio\/wp-content\/uploads\/2023\/09\/monotributo-foto-NA-600x600.jpg",600,600,true],"cvmm-large":["https:\/\/laredlarioja.com.ar\/sitio\/wp-content\/uploads\/2023\/09\/monotributo-foto-NA-1024x818.jpg",1024,818,true],"cvmm-small":["https:\/\/laredlarioja.com.ar\/sitio\/wp-content\/uploads\/2023\/09\/monotributo-foto-NA-130x95.jpg",130,95,true],"morenews-large":["https:\/\/laredlarioja.com.ar\/sitio\/wp-content\/uploads\/2023\/09\/monotributo-foto-NA-825x575.jpg",825,575,true],"morenews-medium":["https:\/\/laredlarioja.com.ar\/sitio\/wp-content\/uploads\/2023\/09\/monotributo-foto-NA-590x410.jpg",590,410,true]},"author_info":{"display_name":"Mart\u00edn Ruarte","author_link":"https:\/\/laredlarioja.com.ar\/sitio\/author\/mruarte\/"},"category_info":"<a href=\"https:\/\/laredlarioja.com.ar\/sitio\/categorias\/pais\/\" rel=\"category tag\">El pa\u00eds<\/a>","tag_info":"El pa\u00eds","comment_count":"0","blog_post_layout_featured_media_urls":{"thumbnail":["https:\/\/laredlarioja.com.ar\/sitio\/wp-content\/uploads\/2023\/09\/monotributo-foto-NA-150x150.jpg",150,150,true],"full":["https:\/\/laredlarioja.com.ar\/sitio\/wp-content\/uploads\/2023\/09\/monotributo-foto-NA.jpg",1200,818,false]},"categories_names":{"130":{"name":"El pa\u00eds","link":"https:\/\/laredlarioja.com.ar\/sitio\/categorias\/pais\/"}},"tags_names":[],"comments_number":"0","wpmagazine_modules_lite_featured_media_urls":{"thumbnail":["https:\/\/laredlarioja.com.ar\/sitio\/wp-content\/uploads\/2023\/09\/monotributo-foto-NA-150x150.jpg",150,150,true],"cvmm-medium":["https:\/\/laredlarioja.com.ar\/sitio\/wp-content\/uploads\/2023\/09\/monotributo-foto-NA-300x300.jpg",300,300,true],"cvmm-medium-plus":["https:\/\/laredlarioja.com.ar\/sitio\/wp-content\/uploads\/2023\/09\/monotributo-foto-NA-305x207.jpg",305,207,true],"cvmm-portrait":["https:\/\/laredlarioja.com.ar\/sitio\/wp-content\/uploads\/2023\/09\/monotributo-foto-NA-400x600.jpg",400,600,true],"cvmm-medium-square":["https:\/\/laredlarioja.com.ar\/sitio\/wp-content\/uploads\/2023\/09\/monotributo-foto-NA-600x600.jpg",600,600,true],"cvmm-large":["https:\/\/laredlarioja.com.ar\/sitio\/wp-content\/uploads\/2023\/09\/monotributo-foto-NA-1024x818.jpg",1024,818,true],"cvmm-small":["https:\/\/laredlarioja.com.ar\/sitio\/wp-content\/uploads\/2023\/09\/monotributo-foto-NA-130x95.jpg",130,95,true],"full":["https:\/\/laredlarioja.com.ar\/sitio\/wp-content\/uploads\/2023\/09\/monotributo-foto-NA.jpg",1200,818,false]},"_links":{"self":[{"href":"https:\/\/laredlarioja.com.ar\/sitio\/wp-json\/wp\/v2\/posts\/57227","targetHints":{"allow":["GET"]}}],"collection":[{"href":"https:\/\/laredlarioja.com.ar\/sitio\/wp-json\/wp\/v2\/posts"}],"about":[{"href":"https:\/\/laredlarioja.com.ar\/sitio\/wp-json\/wp\/v2\/types\/post"}],"author":[{"embeddable":true,"href":"https:\/\/laredlarioja.com.ar\/sitio\/wp-json\/wp\/v2\/users\/8"}],"replies":[{"embeddable":true,"href":"https:\/\/laredlarioja.com.ar\/sitio\/wp-json\/wp\/v2\/comments?post=57227"}],"version-history":[{"count":1,"href":"https:\/\/laredlarioja.com.ar\/sitio\/wp-json\/wp\/v2\/posts\/57227\/revisions"}],"predecessor-version":[{"id":57228,"href":"https:\/\/laredlarioja.com.ar\/sitio\/wp-json\/wp\/v2\/posts\/57227\/revisions\/57228"}],"wp:featuredmedia":[{"embeddable":true,"href":"https:\/\/laredlarioja.com.ar\/sitio\/wp-json\/wp\/v2\/media\/35750"}],"wp:attachment":[{"href":"https:\/\/laredlarioja.com.ar\/sitio\/wp-json\/wp\/v2\/media?parent=57227"}],"wp:term":[{"taxonomy":"category","embeddable":true,"href":"https:\/\/laredlarioja.com.ar\/sitio\/wp-json\/wp\/v2\/categories?post=57227"},{"taxonomy":"post_tag","embeddable":true,"href":"https:\/\/laredlarioja.com.ar\/sitio\/wp-json\/wp\/v2\/tags?post=57227"}],"curies":[{"name":"wp","href":"https:\/\/api.w.org\/{rel}","templated":true}]}}