{"id":57312,"date":"2025-01-24T13:51:44","date_gmt":"2025-01-24T13:51:44","guid":{"rendered":"https:\/\/laredlarioja.com.ar\/sitio\/?p=57312"},"modified":"2025-01-24T13:51:44","modified_gmt":"2025-01-24T13:51:44","slug":"el-gobierno-afrontara-un-costo-fiscal-por-la-baja-de-retenciones-y-presiona-a-las-provincias-para-reducir-impuestos","status":"publish","type":"post","link":"https:\/\/laredlarioja.com.ar\/sitio\/el-gobierno-afrontara-un-costo-fiscal-por-la-baja-de-retenciones-y-presiona-a-las-provincias-para-reducir-impuestos\/","title":{"rendered":"El Gobierno afrontar\u00e1 un costo fiscal por la baja de retenciones y presiona a las provincias para reducir impuestos"},"content":{"rendered":"<p>El Gobierno Nacional ha decidido aplicar un recorte temporal de las retenciones a las exportaciones agropecuarias, una medida que tendr\u00e1 un costo fiscal estimado en 800 millones de d\u00f3lares, lo que representa alrededor del 0,13% del Producto Bruto Interno (PBI) del pa\u00eds. Esta reducci\u00f3n, que se implementar\u00e1 por decreto, significar\u00e1 una p\u00e9rdida de recaudaci\u00f3n significativa, equivalente a casi la mitad del super\u00e1vit financiero previsto para 2024, que se calcula en un 0,3% del PBI.<\/p>\n<p>La baja en los derechos de exportaci\u00f3n a los productos agropecuarios ha sido una medida anticipada por el Gobierno, dos semanas antes de la reuni\u00f3n prevista entre el ministro de Econom\u00eda, Luis Caputo, y la Mesa de Enlace agropecuaria, que hab\u00eda solicitado una disminuci\u00f3n urgente de estos impuestos, dado el contexto cr\u00edtico que atraviesa el sector agroindustrial.<\/p>\n<p>A pesar de la p\u00e9rdida fiscal que implicar\u00e1 esta decisi\u00f3n, que se suma a la presi\u00f3n sobre las finanzas nacionales, el Gobierno redoblar\u00e1 su estrategia presionando a las provincias y municipios para que tambi\u00e9n apliquen recortes impositivos a nivel local. Se espera que este lunes se publique el decreto oficial que detallar\u00e9 la letra chica de la medida y el mecanismo de ajustes autom\u00e1ticos que entrar\u00e1n en vigor en julio, sin necesidad de pasar por el Congreso.<\/p>\n<p>Seg\u00fan fuentes oficiales, el impacto de esta medida podr\u00eda no solo afectar las arcas nacionales, sino tambi\u00e9n alterar el equilibrio fiscal de las provincias, que ya enfrentan desaf\u00edos en t\u00e9rminos de ingresos y gastos. La presi\u00f3n adicional sobre los gobernadores e intendentes para reducir impuestos podr\u00eda generar tensiones pol\u00edticas, ya que muchos de estos actores locales dependen de la recaudaci\u00f3n de impuestos para financiar servicios p\u00fablicos esenciales.<\/p>\n<p>Economistas como Claudio Caprarulo, de la consultora Analytica, han se\u00f1alado que el costo de eliminar por completo las retenciones ser\u00eda a\u00fan mayor, estimando que el Estado necesitar\u00eda un super\u00e1vit de USD 8.000 millones para cubrir la totalidad de la baja en los grav\u00e1menes.<\/p>\n<p>La medida est\u00e1 dise\u00f1ada para dar un respiro a los productores agropecuarios, quienes se enfrentan a una ca\u00edda en los precios internacionales de los cereales, pero tambi\u00e9n pone en evidencia las tensiones entre el Gobierno y las provincias respecto al manejo de la pol\u00edtica fiscal en un contexto de restricciones econ\u00f3micas.<\/p>\n","protected":false},"excerpt":{"rendered":"<p>El Gobierno Nacional ha decidido aplicar un recorte temporal de las retenciones a las exportaciones agropecuarias, una medida<\/p>\n","protected":false},"author":8,"featured_media":49246,"comment_status":"closed","ping_status":"open","sticky":false,"template":"","format":"standard","meta":{"footnotes":""},"categories":[28],"tags":[],"class_list":["post-57312","post","type-post","status-publish","format-standard","has-post-thumbnail","hentry","category-nacionales"],"yoast_head":"<!-- This site is optimized with the Yoast SEO plugin v27.4 - https:\/\/yoast.com\/product\/yoast-seo-wordpress\/ -->\n<title>El Gobierno afrontar\u00e1 un costo fiscal por la baja de retenciones y presiona a las provincias para reducir impuestos - LA RED 88.3 LA RIOJA<\/title>\n<meta name=\"robots\" content=\"index, follow, max-snippet:-1, max-image-preview:large, max-video-preview:-1\" \/>\n<link rel=\"canonical\" href=\"https:\/\/laredlarioja.com.ar\/sitio\/el-gobierno-afrontara-un-costo-fiscal-por-la-baja-de-retenciones-y-presiona-a-las-provincias-para-reducir-impuestos\/\" \/>\n<meta property=\"og:locale\" content=\"es_ES\" \/>\n<meta property=\"og:type\" content=\"article\" \/>\n<meta property=\"og:title\" content=\"El Gobierno afrontar\u00e1 un costo fiscal por la baja de retenciones y presiona a las provincias para reducir impuestos - LA RED 88.3 LA RIOJA\" \/>\n<meta property=\"og:description\" content=\"El Gobierno Nacional ha decidido aplicar un recorte temporal de las retenciones a las exportaciones agropecuarias, una medida\" \/>\n<meta property=\"og:url\" content=\"https:\/\/laredlarioja.com.ar\/sitio\/el-gobierno-afrontara-un-costo-fiscal-por-la-baja-de-retenciones-y-presiona-a-las-provincias-para-reducir-impuestos\/\" \/>\n<meta property=\"og:site_name\" content=\"LA RED 88.3 LA RIOJA\" \/>\n<meta property=\"article:publisher\" content=\"https:\/\/www.facebook.com\/lared.larioja\" \/>\n<meta property=\"article:published_time\" content=\"2025-01-24T13:51:44+00:00\" \/>\n<meta property=\"og:image\" content=\"https:\/\/laredlarioja.com.ar\/sitio\/wp-content\/uploads\/2024\/07\/1721646748623.png\" \/>\n\t<meta property=\"og:image:width\" content=\"1440\" \/>\n\t<meta property=\"og:image:height\" content=\"810\" \/>\n\t<meta property=\"og:image:type\" content=\"image\/png\" \/>\n<meta name=\"author\" content=\"Mart\u00edn Ruarte\" \/>\n<meta name=\"twitter:card\" content=\"summary_large_image\" \/>\n<meta name=\"twitter:creator\" content=\"@laredlarioja1\" \/>\n<meta name=\"twitter:site\" content=\"@laredlarioja1\" \/>\n<meta name=\"twitter:label1\" content=\"Escrito por\" \/>\n\t<meta name=\"twitter:data1\" content=\"Mart\u00edn Ruarte\" \/>\n\t<meta name=\"twitter:label2\" content=\"Tiempo de lectura\" \/>\n\t<meta name=\"twitter:data2\" content=\"2 minutos\" \/>\n<script type=\"application\/ld+json\" class=\"yoast-schema-graph\">{\"@context\":\"https:\\\/\\\/schema.org\",\"@graph\":[{\"@type\":\"Article\",\"@id\":\"https:\\\/\\\/laredlarioja.com.ar\\\/sitio\\\/el-gobierno-afrontara-un-costo-fiscal-por-la-baja-de-retenciones-y-presiona-a-las-provincias-para-reducir-impuestos\\\/#article\",\"isPartOf\":{\"@id\":\"https:\\\/\\\/laredlarioja.com.ar\\\/sitio\\\/el-gobierno-afrontara-un-costo-fiscal-por-la-baja-de-retenciones-y-presiona-a-las-provincias-para-reducir-impuestos\\\/\"},\"author\":{\"name\":\"Mart\u00edn Ruarte\",\"@id\":\"https:\\\/\\\/laredlarioja.com.ar\\\/sitio\\\/#\\\/schema\\\/person\\\/3b1600cc7f8fd3617dc50f96d3503489\"},\"headline\":\"El Gobierno afrontar\u00e1 un costo fiscal por la baja de retenciones y presiona a las provincias para reducir impuestos\",\"datePublished\":\"2025-01-24T13:51:44+00:00\",\"mainEntityOfPage\":{\"@id\":\"https:\\\/\\\/laredlarioja.com.ar\\\/sitio\\\/el-gobierno-afrontara-un-costo-fiscal-por-la-baja-de-retenciones-y-presiona-a-las-provincias-para-reducir-impuestos\\\/\"},\"wordCount\":422,\"publisher\":{\"@id\":\"https:\\\/\\\/laredlarioja.com.ar\\\/sitio\\\/#organization\"},\"image\":{\"@id\":\"https:\\\/\\\/laredlarioja.com.ar\\\/sitio\\\/el-gobierno-afrontara-un-costo-fiscal-por-la-baja-de-retenciones-y-presiona-a-las-provincias-para-reducir-impuestos\\\/#primaryimage\"},\"thumbnailUrl\":\"https:\\\/\\\/laredlarioja.com.ar\\\/sitio\\\/wp-content\\\/uploads\\\/2024\\\/07\\\/1721646748623.png\",\"articleSection\":[\"Nacionales\"],\"inLanguage\":\"es\"},{\"@type\":\"WebPage\",\"@id\":\"https:\\\/\\\/laredlarioja.com.ar\\\/sitio\\\/el-gobierno-afrontara-un-costo-fiscal-por-la-baja-de-retenciones-y-presiona-a-las-provincias-para-reducir-impuestos\\\/\",\"url\":\"https:\\\/\\\/laredlarioja.com.ar\\\/sitio\\\/el-gobierno-afrontara-un-costo-fiscal-por-la-baja-de-retenciones-y-presiona-a-las-provincias-para-reducir-impuestos\\\/\",\"name\":\"El Gobierno afrontar\u00e1 un costo fiscal por la baja de retenciones y presiona a las provincias para reducir impuestos - LA RED 88.3 LA RIOJA\",\"isPartOf\":{\"@id\":\"https:\\\/\\\/laredlarioja.com.ar\\\/sitio\\\/#website\"},\"primaryImageOfPage\":{\"@id\":\"https:\\\/\\\/laredlarioja.com.ar\\\/sitio\\\/el-gobierno-afrontara-un-costo-fiscal-por-la-baja-de-retenciones-y-presiona-a-las-provincias-para-reducir-impuestos\\\/#primaryimage\"},\"image\":{\"@id\":\"https:\\\/\\\/laredlarioja.com.ar\\\/sitio\\\/el-gobierno-afrontara-un-costo-fiscal-por-la-baja-de-retenciones-y-presiona-a-las-provincias-para-reducir-impuestos\\\/#primaryimage\"},\"thumbnailUrl\":\"https:\\\/\\\/laredlarioja.com.ar\\\/sitio\\\/wp-content\\\/uploads\\\/2024\\\/07\\\/1721646748623.png\",\"datePublished\":\"2025-01-24T13:51:44+00:00\",\"breadcrumb\":{\"@id\":\"https:\\\/\\\/laredlarioja.com.ar\\\/sitio\\\/el-gobierno-afrontara-un-costo-fiscal-por-la-baja-de-retenciones-y-presiona-a-las-provincias-para-reducir-impuestos\\\/#breadcrumb\"},\"inLanguage\":\"es\",\"potentialAction\":[{\"@type\":\"ReadAction\",\"target\":[\"https:\\\/\\\/laredlarioja.com.ar\\\/sitio\\\/el-gobierno-afrontara-un-costo-fiscal-por-la-baja-de-retenciones-y-presiona-a-las-provincias-para-reducir-impuestos\\\/\"]}]},{\"@type\":\"ImageObject\",\"inLanguage\":\"es\",\"@id\":\"https:\\\/\\\/laredlarioja.com.ar\\\/sitio\\\/el-gobierno-afrontara-un-costo-fiscal-por-la-baja-de-retenciones-y-presiona-a-las-provincias-para-reducir-impuestos\\\/#primaryimage\",\"url\":\"https:\\\/\\\/laredlarioja.com.ar\\\/sitio\\\/wp-content\\\/uploads\\\/2024\\\/07\\\/1721646748623.png\",\"contentUrl\":\"https:\\\/\\\/laredlarioja.com.ar\\\/sitio\\\/wp-content\\\/uploads\\\/2024\\\/07\\\/1721646748623.png\",\"width\":1440,\"height\":810},{\"@type\":\"BreadcrumbList\",\"@id\":\"https:\\\/\\\/laredlarioja.com.ar\\\/sitio\\\/el-gobierno-afrontara-un-costo-fiscal-por-la-baja-de-retenciones-y-presiona-a-las-provincias-para-reducir-impuestos\\\/#breadcrumb\",\"itemListElement\":[{\"@type\":\"ListItem\",\"position\":1,\"name\":\"Portada\",\"item\":\"https:\\\/\\\/laredlarioja.com.ar\\\/sitio\\\/\"},{\"@type\":\"ListItem\",\"position\":2,\"name\":\"El Gobierno afrontar\u00e1 un costo fiscal por la baja de retenciones y presiona a las provincias para reducir impuestos\"}]},{\"@type\":\"WebSite\",\"@id\":\"https:\\\/\\\/laredlarioja.com.ar\\\/sitio\\\/#website\",\"url\":\"https:\\\/\\\/laredlarioja.com.ar\\\/sitio\\\/\",\"name\":\"LA RED 88.3 LA RIOJA\",\"description\":\"Sitio de Noticias\",\"publisher\":{\"@id\":\"https:\\\/\\\/laredlarioja.com.ar\\\/sitio\\\/#organization\"},\"potentialAction\":[{\"@type\":\"SearchAction\",\"target\":{\"@type\":\"EntryPoint\",\"urlTemplate\":\"https:\\\/\\\/laredlarioja.com.ar\\\/sitio\\\/?s={search_term_string}\"},\"query-input\":{\"@type\":\"PropertyValueSpecification\",\"valueRequired\":true,\"valueName\":\"search_term_string\"}}],\"inLanguage\":\"es\"},{\"@type\":\"Organization\",\"@id\":\"https:\\\/\\\/laredlarioja.com.ar\\\/sitio\\\/#organization\",\"name\":\"LA RED 88.3 LA RIOJA\",\"url\":\"https:\\\/\\\/laredlarioja.com.ar\\\/sitio\\\/\",\"logo\":{\"@type\":\"ImageObject\",\"inLanguage\":\"es\",\"@id\":\"https:\\\/\\\/laredlarioja.com.ar\\\/sitio\\\/#\\\/schema\\\/logo\\\/image\\\/\",\"url\":\"https:\\\/\\\/laredlarioja.com.ar\\\/sitio\\\/wp-content\\\/uploads\\\/2025\\\/05\\\/LOGO-LA-RED.png\",\"contentUrl\":\"https:\\\/\\\/laredlarioja.com.ar\\\/sitio\\\/wp-content\\\/uploads\\\/2025\\\/05\\\/LOGO-LA-RED.png\",\"width\":193,\"height\":340,\"caption\":\"LA RED 88.3 LA RIOJA\"},\"image\":{\"@id\":\"https:\\\/\\\/laredlarioja.com.ar\\\/sitio\\\/#\\\/schema\\\/logo\\\/image\\\/\"},\"sameAs\":[\"https:\\\/\\\/www.facebook.com\\\/lared.larioja\",\"https:\\\/\\\/x.com\\\/laredlarioja1\",\"https:\\\/\\\/www.instagram.com\\\/lared_larioja\\\/\"]},{\"@type\":\"Person\",\"@id\":\"https:\\\/\\\/laredlarioja.com.ar\\\/sitio\\\/#\\\/schema\\\/person\\\/3b1600cc7f8fd3617dc50f96d3503489\",\"name\":\"Mart\u00edn Ruarte\",\"url\":\"https:\\\/\\\/laredlarioja.com.ar\\\/sitio\\\/author\\\/mruarte\\\/\"}]}<\/script>\n<!-- \/ Yoast SEO plugin. -->","yoast_head_json":{"title":"El Gobierno afrontar\u00e1 un costo fiscal por la baja de retenciones y presiona a las provincias para reducir impuestos - LA RED 88.3 LA RIOJA","robots":{"index":"index","follow":"follow","max-snippet":"max-snippet:-1","max-image-preview":"max-image-preview:large","max-video-preview":"max-video-preview:-1"},"canonical":"https:\/\/laredlarioja.com.ar\/sitio\/el-gobierno-afrontara-un-costo-fiscal-por-la-baja-de-retenciones-y-presiona-a-las-provincias-para-reducir-impuestos\/","og_locale":"es_ES","og_type":"article","og_title":"El Gobierno afrontar\u00e1 un costo fiscal por la baja de retenciones y presiona a las provincias para reducir impuestos - LA RED 88.3 LA RIOJA","og_description":"El Gobierno Nacional ha decidido aplicar un recorte temporal de las retenciones a las exportaciones agropecuarias, una medida","og_url":"https:\/\/laredlarioja.com.ar\/sitio\/el-gobierno-afrontara-un-costo-fiscal-por-la-baja-de-retenciones-y-presiona-a-las-provincias-para-reducir-impuestos\/","og_site_name":"LA RED 88.3 LA RIOJA","article_publisher":"https:\/\/www.facebook.com\/lared.larioja","article_published_time":"2025-01-24T13:51:44+00:00","og_image":[{"width":1440,"height":810,"url":"https:\/\/laredlarioja.com.ar\/sitio\/wp-content\/uploads\/2024\/07\/1721646748623.png","type":"image\/png"}],"author":"Mart\u00edn Ruarte","twitter_card":"summary_large_image","twitter_creator":"@laredlarioja1","twitter_site":"@laredlarioja1","twitter_misc":{"Escrito por":"Mart\u00edn Ruarte","Tiempo de lectura":"2 minutos"},"schema":{"@context":"https:\/\/schema.org","@graph":[{"@type":"Article","@id":"https:\/\/laredlarioja.com.ar\/sitio\/el-gobierno-afrontara-un-costo-fiscal-por-la-baja-de-retenciones-y-presiona-a-las-provincias-para-reducir-impuestos\/#article","isPartOf":{"@id":"https:\/\/laredlarioja.com.ar\/sitio\/el-gobierno-afrontara-un-costo-fiscal-por-la-baja-de-retenciones-y-presiona-a-las-provincias-para-reducir-impuestos\/"},"author":{"name":"Mart\u00edn Ruarte","@id":"https:\/\/laredlarioja.com.ar\/sitio\/#\/schema\/person\/3b1600cc7f8fd3617dc50f96d3503489"},"headline":"El Gobierno afrontar\u00e1 un costo fiscal por la baja de retenciones y presiona a las provincias para reducir impuestos","datePublished":"2025-01-24T13:51:44+00:00","mainEntityOfPage":{"@id":"https:\/\/laredlarioja.com.ar\/sitio\/el-gobierno-afrontara-un-costo-fiscal-por-la-baja-de-retenciones-y-presiona-a-las-provincias-para-reducir-impuestos\/"},"wordCount":422,"publisher":{"@id":"https:\/\/laredlarioja.com.ar\/sitio\/#organization"},"image":{"@id":"https:\/\/laredlarioja.com.ar\/sitio\/el-gobierno-afrontara-un-costo-fiscal-por-la-baja-de-retenciones-y-presiona-a-las-provincias-para-reducir-impuestos\/#primaryimage"},"thumbnailUrl":"https:\/\/laredlarioja.com.ar\/sitio\/wp-content\/uploads\/2024\/07\/1721646748623.png","articleSection":["Nacionales"],"inLanguage":"es"},{"@type":"WebPage","@id":"https:\/\/laredlarioja.com.ar\/sitio\/el-gobierno-afrontara-un-costo-fiscal-por-la-baja-de-retenciones-y-presiona-a-las-provincias-para-reducir-impuestos\/","url":"https:\/\/laredlarioja.com.ar\/sitio\/el-gobierno-afrontara-un-costo-fiscal-por-la-baja-de-retenciones-y-presiona-a-las-provincias-para-reducir-impuestos\/","name":"El Gobierno afrontar\u00e1 un costo fiscal por la baja de retenciones y presiona a las provincias para reducir impuestos - LA RED 88.3 LA RIOJA","isPartOf":{"@id":"https:\/\/laredlarioja.com.ar\/sitio\/#website"},"primaryImageOfPage":{"@id":"https:\/\/laredlarioja.com.ar\/sitio\/el-gobierno-afrontara-un-costo-fiscal-por-la-baja-de-retenciones-y-presiona-a-las-provincias-para-reducir-impuestos\/#primaryimage"},"image":{"@id":"https:\/\/laredlarioja.com.ar\/sitio\/el-gobierno-afrontara-un-costo-fiscal-por-la-baja-de-retenciones-y-presiona-a-las-provincias-para-reducir-impuestos\/#primaryimage"},"thumbnailUrl":"https:\/\/laredlarioja.com.ar\/sitio\/wp-content\/uploads\/2024\/07\/1721646748623.png","datePublished":"2025-01-24T13:51:44+00:00","breadcrumb":{"@id":"https:\/\/laredlarioja.com.ar\/sitio\/el-gobierno-afrontara-un-costo-fiscal-por-la-baja-de-retenciones-y-presiona-a-las-provincias-para-reducir-impuestos\/#breadcrumb"},"inLanguage":"es","potentialAction":[{"@type":"ReadAction","target":["https:\/\/laredlarioja.com.ar\/sitio\/el-gobierno-afrontara-un-costo-fiscal-por-la-baja-de-retenciones-y-presiona-a-las-provincias-para-reducir-impuestos\/"]}]},{"@type":"ImageObject","inLanguage":"es","@id":"https:\/\/laredlarioja.com.ar\/sitio\/el-gobierno-afrontara-un-costo-fiscal-por-la-baja-de-retenciones-y-presiona-a-las-provincias-para-reducir-impuestos\/#primaryimage","url":"https:\/\/laredlarioja.com.ar\/sitio\/wp-content\/uploads\/2024\/07\/1721646748623.png","contentUrl":"https:\/\/laredlarioja.com.ar\/sitio\/wp-content\/uploads\/2024\/07\/1721646748623.png","width":1440,"height":810},{"@type":"BreadcrumbList","@id":"https:\/\/laredlarioja.com.ar\/sitio\/el-gobierno-afrontara-un-costo-fiscal-por-la-baja-de-retenciones-y-presiona-a-las-provincias-para-reducir-impuestos\/#breadcrumb","itemListElement":[{"@type":"ListItem","position":1,"name":"Portada","item":"https:\/\/laredlarioja.com.ar\/sitio\/"},{"@type":"ListItem","position":2,"name":"El Gobierno afrontar\u00e1 un costo fiscal por la baja de retenciones y presiona a las provincias para reducir impuestos"}]},{"@type":"WebSite","@id":"https:\/\/laredlarioja.com.ar\/sitio\/#website","url":"https:\/\/laredlarioja.com.ar\/sitio\/","name":"LA RED 88.3 LA RIOJA","description":"Sitio de Noticias","publisher":{"@id":"https:\/\/laredlarioja.com.ar\/sitio\/#organization"},"potentialAction":[{"@type":"SearchAction","target":{"@type":"EntryPoint","urlTemplate":"https:\/\/laredlarioja.com.ar\/sitio\/?s={search_term_string}"},"query-input":{"@type":"PropertyValueSpecification","valueRequired":true,"valueName":"search_term_string"}}],"inLanguage":"es"},{"@type":"Organization","@id":"https:\/\/laredlarioja.com.ar\/sitio\/#organization","name":"LA RED 88.3 LA RIOJA","url":"https:\/\/laredlarioja.com.ar\/sitio\/","logo":{"@type":"ImageObject","inLanguage":"es","@id":"https:\/\/laredlarioja.com.ar\/sitio\/#\/schema\/logo\/image\/","url":"https:\/\/laredlarioja.com.ar\/sitio\/wp-content\/uploads\/2025\/05\/LOGO-LA-RED.png","contentUrl":"https:\/\/laredlarioja.com.ar\/sitio\/wp-content\/uploads\/2025\/05\/LOGO-LA-RED.png","width":193,"height":340,"caption":"LA RED 88.3 LA RIOJA"},"image":{"@id":"https:\/\/laredlarioja.com.ar\/sitio\/#\/schema\/logo\/image\/"},"sameAs":["https:\/\/www.facebook.com\/lared.larioja","https:\/\/x.com\/laredlarioja1","https:\/\/www.instagram.com\/lared_larioja\/"]},{"@type":"Person","@id":"https:\/\/laredlarioja.com.ar\/sitio\/#\/schema\/person\/3b1600cc7f8fd3617dc50f96d3503489","name":"Mart\u00edn Ruarte","url":"https:\/\/laredlarioja.com.ar\/sitio\/author\/mruarte\/"}]}},"featured_image_urls":{"full":["https:\/\/laredlarioja.com.ar\/sitio\/wp-content\/uploads\/2024\/07\/1721646748623.png",1440,810,false],"thumbnail":["https:\/\/laredlarioja.com.ar\/sitio\/wp-content\/uploads\/2024\/07\/1721646748623-150x150.png",150,150,true],"medium":["https:\/\/laredlarioja.com.ar\/sitio\/wp-content\/uploads\/2024\/07\/1721646748623-300x169.png",300,169,true],"medium_large":["https:\/\/laredlarioja.com.ar\/sitio\/wp-content\/uploads\/2024\/07\/1721646748623-768x432.png",640,360,true],"large":["https:\/\/laredlarioja.com.ar\/sitio\/wp-content\/uploads\/2024\/07\/1721646748623-1024x576.png",640,360,true],"1536x1536":["https:\/\/laredlarioja.com.ar\/sitio\/wp-content\/uploads\/2024\/07\/1721646748623.png",1440,810,false],"2048x2048":["https:\/\/laredlarioja.com.ar\/sitio\/wp-content\/uploads\/2024\/07\/1721646748623.png",1440,810,false],"cvmm-medium":["https:\/\/laredlarioja.com.ar\/sitio\/wp-content\/uploads\/2024\/07\/1721646748623-300x300.png",300,300,true],"cvmm-medium-plus":["https:\/\/laredlarioja.com.ar\/sitio\/wp-content\/uploads\/2024\/07\/1721646748623-305x207.png",305,207,true],"cvmm-portrait":["https:\/\/laredlarioja.com.ar\/sitio\/wp-content\/uploads\/2024\/07\/1721646748623-400x600.png",400,600,true],"cvmm-medium-square":["https:\/\/laredlarioja.com.ar\/sitio\/wp-content\/uploads\/2024\/07\/1721646748623-600x600.png",600,600,true],"cvmm-large":["https:\/\/laredlarioja.com.ar\/sitio\/wp-content\/uploads\/2024\/07\/1721646748623-1024x810.png",1024,810,true],"cvmm-small":["https:\/\/laredlarioja.com.ar\/sitio\/wp-content\/uploads\/2024\/07\/1721646748623-130x95.png",130,95,true],"morenews-large":["https:\/\/laredlarioja.com.ar\/sitio\/wp-content\/uploads\/2024\/07\/1721646748623-825x575.png",825,575,true],"morenews-medium":["https:\/\/laredlarioja.com.ar\/sitio\/wp-content\/uploads\/2024\/07\/1721646748623-590x410.png",590,410,true]},"author_info":{"display_name":"Mart\u00edn Ruarte","author_link":"https:\/\/laredlarioja.com.ar\/sitio\/author\/mruarte\/"},"category_info":"<a href=\"https:\/\/laredlarioja.com.ar\/sitio\/categorias\/nacionales\/\" rel=\"category tag\">Nacionales<\/a>","tag_info":"Nacionales","comment_count":"0","blog_post_layout_featured_media_urls":{"thumbnail":["https:\/\/laredlarioja.com.ar\/sitio\/wp-content\/uploads\/2024\/07\/1721646748623-150x150.png",150,150,true],"full":["https:\/\/laredlarioja.com.ar\/sitio\/wp-content\/uploads\/2024\/07\/1721646748623.png",1440,810,false]},"categories_names":{"28":{"name":"Nacionales","link":"https:\/\/laredlarioja.com.ar\/sitio\/categorias\/nacionales\/"}},"tags_names":[],"comments_number":"0","wpmagazine_modules_lite_featured_media_urls":{"thumbnail":["https:\/\/laredlarioja.com.ar\/sitio\/wp-content\/uploads\/2024\/07\/1721646748623-150x150.png",150,150,true],"cvmm-medium":["https:\/\/laredlarioja.com.ar\/sitio\/wp-content\/uploads\/2024\/07\/1721646748623-300x300.png",300,300,true],"cvmm-medium-plus":["https:\/\/laredlarioja.com.ar\/sitio\/wp-content\/uploads\/2024\/07\/1721646748623-305x207.png",305,207,true],"cvmm-portrait":["https:\/\/laredlarioja.com.ar\/sitio\/wp-content\/uploads\/2024\/07\/1721646748623-400x600.png",400,600,true],"cvmm-medium-square":["https:\/\/laredlarioja.com.ar\/sitio\/wp-content\/uploads\/2024\/07\/1721646748623-600x600.png",600,600,true],"cvmm-large":["https:\/\/laredlarioja.com.ar\/sitio\/wp-content\/uploads\/2024\/07\/1721646748623-1024x810.png",1024,810,true],"cvmm-small":["https:\/\/laredlarioja.com.ar\/sitio\/wp-content\/uploads\/2024\/07\/1721646748623-130x95.png",130,95,true],"full":["https:\/\/laredlarioja.com.ar\/sitio\/wp-content\/uploads\/2024\/07\/1721646748623.png",1440,810,false]},"_links":{"self":[{"href":"https:\/\/laredlarioja.com.ar\/sitio\/wp-json\/wp\/v2\/posts\/57312","targetHints":{"allow":["GET"]}}],"collection":[{"href":"https:\/\/laredlarioja.com.ar\/sitio\/wp-json\/wp\/v2\/posts"}],"about":[{"href":"https:\/\/laredlarioja.com.ar\/sitio\/wp-json\/wp\/v2\/types\/post"}],"author":[{"embeddable":true,"href":"https:\/\/laredlarioja.com.ar\/sitio\/wp-json\/wp\/v2\/users\/8"}],"replies":[{"embeddable":true,"href":"https:\/\/laredlarioja.com.ar\/sitio\/wp-json\/wp\/v2\/comments?post=57312"}],"version-history":[{"count":1,"href":"https:\/\/laredlarioja.com.ar\/sitio\/wp-json\/wp\/v2\/posts\/57312\/revisions"}],"predecessor-version":[{"id":57313,"href":"https:\/\/laredlarioja.com.ar\/sitio\/wp-json\/wp\/v2\/posts\/57312\/revisions\/57313"}],"wp:featuredmedia":[{"embeddable":true,"href":"https:\/\/laredlarioja.com.ar\/sitio\/wp-json\/wp\/v2\/media\/49246"}],"wp:attachment":[{"href":"https:\/\/laredlarioja.com.ar\/sitio\/wp-json\/wp\/v2\/media?parent=57312"}],"wp:term":[{"taxonomy":"category","embeddable":true,"href":"https:\/\/laredlarioja.com.ar\/sitio\/wp-json\/wp\/v2\/categories?post=57312"},{"taxonomy":"post_tag","embeddable":true,"href":"https:\/\/laredlarioja.com.ar\/sitio\/wp-json\/wp\/v2\/tags?post=57312"}],"curies":[{"name":"wp","href":"https:\/\/api.w.org\/{rel}","templated":true}]}}