{"id":57338,"date":"2025-01-27T13:45:23","date_gmt":"2025-01-27T13:45:23","guid":{"rendered":"https:\/\/laredlarioja.com.ar\/sitio\/?p=57338"},"modified":"2025-01-29T00:47:03","modified_gmt":"2025-01-29T00:47:03","slug":"caso-arias-marcha-nuevos-testimonios-y-pruebas-relevantes-en-la-causa","status":"publish","type":"post","link":"https:\/\/laredlarioja.com.ar\/sitio\/caso-arias-marcha-nuevos-testimonios-y-pruebas-relevantes-en-la-causa\/","title":{"rendered":"Caso Arias: marcha, nuevos testimonios y pruebas relevantes en la causa\u00a0"},"content":{"rendered":"<p>A una semana del asesinato de Mauricio Arias, la familia de la v\u00edctima tom\u00f3 nuevas medidas legales al contratar al abogado Rafael Ocampo para llevar adelante la querella. El caso, que ha generado conmoci\u00f3n en la comunidad, sigue bajo la instrucci\u00f3n del juez Jorge Jalil y el fiscal Ariel Orme\u00f1o.<\/p>\n<p>Ma\u00f1ana, vecinos y familiares realizar\u00e1n una marcha en las calles de Chilecito para exigir justicia por el homicidio. Adem\u00e1s, se espera que este lunes declaren dos mujeres y un hombre como testigos presenciales. Este \u00faltimo podr\u00eda quedar imputado por encubrimiento, de acuerdo con las l\u00edneas de investigaci\u00f3n que se manejan.<\/p>\n<p>En el marco de las pesquisas, la Justicia secuestr\u00f3 un rifle calibre .22 encontrado en una caja fuerte en el domicilio de Exequiel Rodr\u00edguez Aguilera, el principal acusado. Tras este procedimiento, la vivienda fue devuelta a los padres del imputado.<\/p>\n<p>Mientras tanto, Rodr\u00edguez Aguilera sigue bajo la representaci\u00f3n del defensor p\u00fablico oficial, Oscar Salcedo. Su familia podr\u00e1 visitarlo en la alcald\u00eda este lunes, luego de varios d\u00edas sin contacto directo.<\/p>\n<p>Fuente: Diario Chilecito<\/p>\n","protected":false},"excerpt":{"rendered":"<p>A una semana del asesinato de Mauricio Arias, la familia de la v\u00edctima tom\u00f3 nuevas medidas legales al<\/p>\n","protected":false},"author":8,"featured_media":31736,"comment_status":"closed","ping_status":"open","sticky":false,"template":"","format":"standard","meta":{"footnotes":""},"categories":[94],"tags":[],"class_list":["post-57338","post","type-post","status-publish","format-standard","has-post-thumbnail","hentry","category-locales"],"yoast_head":"<!-- This site is optimized with the Yoast SEO plugin v27.4 - https:\/\/yoast.com\/product\/yoast-seo-wordpress\/ -->\n<title>Caso Arias: marcha, nuevos testimonios y pruebas relevantes en la causa\u00a0 - LA RED 88.3 LA RIOJA<\/title>\n<meta name=\"robots\" content=\"index, follow, max-snippet:-1, max-image-preview:large, max-video-preview:-1\" \/>\n<link rel=\"canonical\" href=\"https:\/\/laredlarioja.com.ar\/sitio\/caso-arias-marcha-nuevos-testimonios-y-pruebas-relevantes-en-la-causa\/\" \/>\n<meta property=\"og:locale\" content=\"es_ES\" \/>\n<meta property=\"og:type\" content=\"article\" \/>\n<meta property=\"og:title\" content=\"Caso Arias: marcha, nuevos testimonios y pruebas relevantes en la causa\u00a0 - LA RED 88.3 LA RIOJA\" \/>\n<meta property=\"og:description\" content=\"A una semana del asesinato de Mauricio Arias, la familia de la v\u00edctima tom\u00f3 nuevas medidas legales al\" \/>\n<meta property=\"og:url\" content=\"https:\/\/laredlarioja.com.ar\/sitio\/caso-arias-marcha-nuevos-testimonios-y-pruebas-relevantes-en-la-causa\/\" \/>\n<meta property=\"og:site_name\" content=\"LA RED 88.3 LA RIOJA\" \/>\n<meta property=\"article:publisher\" content=\"https:\/\/www.facebook.com\/lared.larioja\" \/>\n<meta property=\"article:published_time\" content=\"2025-01-27T13:45:23+00:00\" \/>\n<meta property=\"article:modified_time\" content=\"2025-01-29T00:47:03+00:00\" \/>\n<meta property=\"og:image\" content=\"https:\/\/laredlarioja.com.ar\/sitio\/wp-content\/uploads\/2023\/06\/203691903.jpg\" \/>\n\t<meta property=\"og:image:width\" content=\"750\" \/>\n\t<meta property=\"og:image:height\" content=\"422\" \/>\n\t<meta property=\"og:image:type\" content=\"image\/jpeg\" \/>\n<meta name=\"author\" content=\"Mart\u00edn Ruarte\" \/>\n<meta name=\"twitter:card\" content=\"summary_large_image\" \/>\n<meta name=\"twitter:creator\" content=\"@laredlarioja1\" \/>\n<meta name=\"twitter:site\" content=\"@laredlarioja1\" \/>\n<meta name=\"twitter:label1\" content=\"Escrito por\" \/>\n\t<meta name=\"twitter:data1\" content=\"Mart\u00edn Ruarte\" \/>\n\t<meta name=\"twitter:label2\" content=\"Tiempo de lectura\" \/>\n\t<meta name=\"twitter:data2\" content=\"1 minuto\" \/>\n<script type=\"application\/ld+json\" class=\"yoast-schema-graph\">{\"@context\":\"https:\\\/\\\/schema.org\",\"@graph\":[{\"@type\":\"Article\",\"@id\":\"https:\\\/\\\/laredlarioja.com.ar\\\/sitio\\\/caso-arias-marcha-nuevos-testimonios-y-pruebas-relevantes-en-la-causa\\\/#article\",\"isPartOf\":{\"@id\":\"https:\\\/\\\/laredlarioja.com.ar\\\/sitio\\\/caso-arias-marcha-nuevos-testimonios-y-pruebas-relevantes-en-la-causa\\\/\"},\"author\":{\"name\":\"Mart\u00edn Ruarte\",\"@id\":\"https:\\\/\\\/laredlarioja.com.ar\\\/sitio\\\/#\\\/schema\\\/person\\\/3b1600cc7f8fd3617dc50f96d3503489\"},\"headline\":\"Caso Arias: marcha, nuevos testimonios y pruebas relevantes en la causa\u00a0\",\"datePublished\":\"2025-01-27T13:45:23+00:00\",\"dateModified\":\"2025-01-29T00:47:03+00:00\",\"mainEntityOfPage\":{\"@id\":\"https:\\\/\\\/laredlarioja.com.ar\\\/sitio\\\/caso-arias-marcha-nuevos-testimonios-y-pruebas-relevantes-en-la-causa\\\/\"},\"wordCount\":199,\"publisher\":{\"@id\":\"https:\\\/\\\/laredlarioja.com.ar\\\/sitio\\\/#organization\"},\"image\":{\"@id\":\"https:\\\/\\\/laredlarioja.com.ar\\\/sitio\\\/caso-arias-marcha-nuevos-testimonios-y-pruebas-relevantes-en-la-causa\\\/#primaryimage\"},\"thumbnailUrl\":\"https:\\\/\\\/laredlarioja.com.ar\\\/sitio\\\/wp-content\\\/uploads\\\/2023\\\/06\\\/203691903.jpg\",\"articleSection\":[\"Locales\"],\"inLanguage\":\"es\"},{\"@type\":\"WebPage\",\"@id\":\"https:\\\/\\\/laredlarioja.com.ar\\\/sitio\\\/caso-arias-marcha-nuevos-testimonios-y-pruebas-relevantes-en-la-causa\\\/\",\"url\":\"https:\\\/\\\/laredlarioja.com.ar\\\/sitio\\\/caso-arias-marcha-nuevos-testimonios-y-pruebas-relevantes-en-la-causa\\\/\",\"name\":\"Caso Arias: marcha, nuevos testimonios y pruebas relevantes en la causa\u00a0 - LA RED 88.3 LA RIOJA\",\"isPartOf\":{\"@id\":\"https:\\\/\\\/laredlarioja.com.ar\\\/sitio\\\/#website\"},\"primaryImageOfPage\":{\"@id\":\"https:\\\/\\\/laredlarioja.com.ar\\\/sitio\\\/caso-arias-marcha-nuevos-testimonios-y-pruebas-relevantes-en-la-causa\\\/#primaryimage\"},\"image\":{\"@id\":\"https:\\\/\\\/laredlarioja.com.ar\\\/sitio\\\/caso-arias-marcha-nuevos-testimonios-y-pruebas-relevantes-en-la-causa\\\/#primaryimage\"},\"thumbnailUrl\":\"https:\\\/\\\/laredlarioja.com.ar\\\/sitio\\\/wp-content\\\/uploads\\\/2023\\\/06\\\/203691903.jpg\",\"datePublished\":\"2025-01-27T13:45:23+00:00\",\"dateModified\":\"2025-01-29T00:47:03+00:00\",\"breadcrumb\":{\"@id\":\"https:\\\/\\\/laredlarioja.com.ar\\\/sitio\\\/caso-arias-marcha-nuevos-testimonios-y-pruebas-relevantes-en-la-causa\\\/#breadcrumb\"},\"inLanguage\":\"es\",\"potentialAction\":[{\"@type\":\"ReadAction\",\"target\":[\"https:\\\/\\\/laredlarioja.com.ar\\\/sitio\\\/caso-arias-marcha-nuevos-testimonios-y-pruebas-relevantes-en-la-causa\\\/\"]}]},{\"@type\":\"ImageObject\",\"inLanguage\":\"es\",\"@id\":\"https:\\\/\\\/laredlarioja.com.ar\\\/sitio\\\/caso-arias-marcha-nuevos-testimonios-y-pruebas-relevantes-en-la-causa\\\/#primaryimage\",\"url\":\"https:\\\/\\\/laredlarioja.com.ar\\\/sitio\\\/wp-content\\\/uploads\\\/2023\\\/06\\\/203691903.jpg\",\"contentUrl\":\"https:\\\/\\\/laredlarioja.com.ar\\\/sitio\\\/wp-content\\\/uploads\\\/2023\\\/06\\\/203691903.jpg\",\"width\":750,\"height\":422},{\"@type\":\"BreadcrumbList\",\"@id\":\"https:\\\/\\\/laredlarioja.com.ar\\\/sitio\\\/caso-arias-marcha-nuevos-testimonios-y-pruebas-relevantes-en-la-causa\\\/#breadcrumb\",\"itemListElement\":[{\"@type\":\"ListItem\",\"position\":1,\"name\":\"Portada\",\"item\":\"https:\\\/\\\/laredlarioja.com.ar\\\/sitio\\\/\"},{\"@type\":\"ListItem\",\"position\":2,\"name\":\"Caso Arias: marcha, nuevos testimonios y pruebas relevantes en la causa\u00a0\"}]},{\"@type\":\"WebSite\",\"@id\":\"https:\\\/\\\/laredlarioja.com.ar\\\/sitio\\\/#website\",\"url\":\"https:\\\/\\\/laredlarioja.com.ar\\\/sitio\\\/\",\"name\":\"LA RED 88.3 LA RIOJA\",\"description\":\"Sitio de Noticias\",\"publisher\":{\"@id\":\"https:\\\/\\\/laredlarioja.com.ar\\\/sitio\\\/#organization\"},\"potentialAction\":[{\"@type\":\"SearchAction\",\"target\":{\"@type\":\"EntryPoint\",\"urlTemplate\":\"https:\\\/\\\/laredlarioja.com.ar\\\/sitio\\\/?s={search_term_string}\"},\"query-input\":{\"@type\":\"PropertyValueSpecification\",\"valueRequired\":true,\"valueName\":\"search_term_string\"}}],\"inLanguage\":\"es\"},{\"@type\":\"Organization\",\"@id\":\"https:\\\/\\\/laredlarioja.com.ar\\\/sitio\\\/#organization\",\"name\":\"LA RED 88.3 LA RIOJA\",\"url\":\"https:\\\/\\\/laredlarioja.com.ar\\\/sitio\\\/\",\"logo\":{\"@type\":\"ImageObject\",\"inLanguage\":\"es\",\"@id\":\"https:\\\/\\\/laredlarioja.com.ar\\\/sitio\\\/#\\\/schema\\\/logo\\\/image\\\/\",\"url\":\"https:\\\/\\\/laredlarioja.com.ar\\\/sitio\\\/wp-content\\\/uploads\\\/2025\\\/05\\\/LOGO-LA-RED.png\",\"contentUrl\":\"https:\\\/\\\/laredlarioja.com.ar\\\/sitio\\\/wp-content\\\/uploads\\\/2025\\\/05\\\/LOGO-LA-RED.png\",\"width\":193,\"height\":340,\"caption\":\"LA RED 88.3 LA RIOJA\"},\"image\":{\"@id\":\"https:\\\/\\\/laredlarioja.com.ar\\\/sitio\\\/#\\\/schema\\\/logo\\\/image\\\/\"},\"sameAs\":[\"https:\\\/\\\/www.facebook.com\\\/lared.larioja\",\"https:\\\/\\\/x.com\\\/laredlarioja1\",\"https:\\\/\\\/www.instagram.com\\\/lared_larioja\\\/\"]},{\"@type\":\"Person\",\"@id\":\"https:\\\/\\\/laredlarioja.com.ar\\\/sitio\\\/#\\\/schema\\\/person\\\/3b1600cc7f8fd3617dc50f96d3503489\",\"name\":\"Mart\u00edn Ruarte\",\"url\":\"https:\\\/\\\/laredlarioja.com.ar\\\/sitio\\\/author\\\/mruarte\\\/\"}]}<\/script>\n<!-- \/ Yoast SEO plugin. -->","yoast_head_json":{"title":"Caso Arias: marcha, nuevos testimonios y pruebas relevantes en la causa\u00a0 - LA RED 88.3 LA RIOJA","robots":{"index":"index","follow":"follow","max-snippet":"max-snippet:-1","max-image-preview":"max-image-preview:large","max-video-preview":"max-video-preview:-1"},"canonical":"https:\/\/laredlarioja.com.ar\/sitio\/caso-arias-marcha-nuevos-testimonios-y-pruebas-relevantes-en-la-causa\/","og_locale":"es_ES","og_type":"article","og_title":"Caso Arias: marcha, nuevos testimonios y pruebas relevantes en la causa\u00a0 - LA RED 88.3 LA RIOJA","og_description":"A una semana del asesinato de Mauricio Arias, la familia de la v\u00edctima tom\u00f3 nuevas medidas legales al","og_url":"https:\/\/laredlarioja.com.ar\/sitio\/caso-arias-marcha-nuevos-testimonios-y-pruebas-relevantes-en-la-causa\/","og_site_name":"LA RED 88.3 LA RIOJA","article_publisher":"https:\/\/www.facebook.com\/lared.larioja","article_published_time":"2025-01-27T13:45:23+00:00","article_modified_time":"2025-01-29T00:47:03+00:00","og_image":[{"width":750,"height":422,"url":"https:\/\/laredlarioja.com.ar\/sitio\/wp-content\/uploads\/2023\/06\/203691903.jpg","type":"image\/jpeg"}],"author":"Mart\u00edn Ruarte","twitter_card":"summary_large_image","twitter_creator":"@laredlarioja1","twitter_site":"@laredlarioja1","twitter_misc":{"Escrito por":"Mart\u00edn Ruarte","Tiempo de lectura":"1 minuto"},"schema":{"@context":"https:\/\/schema.org","@graph":[{"@type":"Article","@id":"https:\/\/laredlarioja.com.ar\/sitio\/caso-arias-marcha-nuevos-testimonios-y-pruebas-relevantes-en-la-causa\/#article","isPartOf":{"@id":"https:\/\/laredlarioja.com.ar\/sitio\/caso-arias-marcha-nuevos-testimonios-y-pruebas-relevantes-en-la-causa\/"},"author":{"name":"Mart\u00edn Ruarte","@id":"https:\/\/laredlarioja.com.ar\/sitio\/#\/schema\/person\/3b1600cc7f8fd3617dc50f96d3503489"},"headline":"Caso Arias: marcha, nuevos testimonios y pruebas relevantes en la causa\u00a0","datePublished":"2025-01-27T13:45:23+00:00","dateModified":"2025-01-29T00:47:03+00:00","mainEntityOfPage":{"@id":"https:\/\/laredlarioja.com.ar\/sitio\/caso-arias-marcha-nuevos-testimonios-y-pruebas-relevantes-en-la-causa\/"},"wordCount":199,"publisher":{"@id":"https:\/\/laredlarioja.com.ar\/sitio\/#organization"},"image":{"@id":"https:\/\/laredlarioja.com.ar\/sitio\/caso-arias-marcha-nuevos-testimonios-y-pruebas-relevantes-en-la-causa\/#primaryimage"},"thumbnailUrl":"https:\/\/laredlarioja.com.ar\/sitio\/wp-content\/uploads\/2023\/06\/203691903.jpg","articleSection":["Locales"],"inLanguage":"es"},{"@type":"WebPage","@id":"https:\/\/laredlarioja.com.ar\/sitio\/caso-arias-marcha-nuevos-testimonios-y-pruebas-relevantes-en-la-causa\/","url":"https:\/\/laredlarioja.com.ar\/sitio\/caso-arias-marcha-nuevos-testimonios-y-pruebas-relevantes-en-la-causa\/","name":"Caso Arias: marcha, nuevos testimonios y pruebas relevantes en la causa\u00a0 - LA RED 88.3 LA RIOJA","isPartOf":{"@id":"https:\/\/laredlarioja.com.ar\/sitio\/#website"},"primaryImageOfPage":{"@id":"https:\/\/laredlarioja.com.ar\/sitio\/caso-arias-marcha-nuevos-testimonios-y-pruebas-relevantes-en-la-causa\/#primaryimage"},"image":{"@id":"https:\/\/laredlarioja.com.ar\/sitio\/caso-arias-marcha-nuevos-testimonios-y-pruebas-relevantes-en-la-causa\/#primaryimage"},"thumbnailUrl":"https:\/\/laredlarioja.com.ar\/sitio\/wp-content\/uploads\/2023\/06\/203691903.jpg","datePublished":"2025-01-27T13:45:23+00:00","dateModified":"2025-01-29T00:47:03+00:00","breadcrumb":{"@id":"https:\/\/laredlarioja.com.ar\/sitio\/caso-arias-marcha-nuevos-testimonios-y-pruebas-relevantes-en-la-causa\/#breadcrumb"},"inLanguage":"es","potentialAction":[{"@type":"ReadAction","target":["https:\/\/laredlarioja.com.ar\/sitio\/caso-arias-marcha-nuevos-testimonios-y-pruebas-relevantes-en-la-causa\/"]}]},{"@type":"ImageObject","inLanguage":"es","@id":"https:\/\/laredlarioja.com.ar\/sitio\/caso-arias-marcha-nuevos-testimonios-y-pruebas-relevantes-en-la-causa\/#primaryimage","url":"https:\/\/laredlarioja.com.ar\/sitio\/wp-content\/uploads\/2023\/06\/203691903.jpg","contentUrl":"https:\/\/laredlarioja.com.ar\/sitio\/wp-content\/uploads\/2023\/06\/203691903.jpg","width":750,"height":422},{"@type":"BreadcrumbList","@id":"https:\/\/laredlarioja.com.ar\/sitio\/caso-arias-marcha-nuevos-testimonios-y-pruebas-relevantes-en-la-causa\/#breadcrumb","itemListElement":[{"@type":"ListItem","position":1,"name":"Portada","item":"https:\/\/laredlarioja.com.ar\/sitio\/"},{"@type":"ListItem","position":2,"name":"Caso Arias: marcha, nuevos testimonios y pruebas relevantes en la causa\u00a0"}]},{"@type":"WebSite","@id":"https:\/\/laredlarioja.com.ar\/sitio\/#website","url":"https:\/\/laredlarioja.com.ar\/sitio\/","name":"LA RED 88.3 LA RIOJA","description":"Sitio de Noticias","publisher":{"@id":"https:\/\/laredlarioja.com.ar\/sitio\/#organization"},"potentialAction":[{"@type":"SearchAction","target":{"@type":"EntryPoint","urlTemplate":"https:\/\/laredlarioja.com.ar\/sitio\/?s={search_term_string}"},"query-input":{"@type":"PropertyValueSpecification","valueRequired":true,"valueName":"search_term_string"}}],"inLanguage":"es"},{"@type":"Organization","@id":"https:\/\/laredlarioja.com.ar\/sitio\/#organization","name":"LA RED 88.3 LA RIOJA","url":"https:\/\/laredlarioja.com.ar\/sitio\/","logo":{"@type":"ImageObject","inLanguage":"es","@id":"https:\/\/laredlarioja.com.ar\/sitio\/#\/schema\/logo\/image\/","url":"https:\/\/laredlarioja.com.ar\/sitio\/wp-content\/uploads\/2025\/05\/LOGO-LA-RED.png","contentUrl":"https:\/\/laredlarioja.com.ar\/sitio\/wp-content\/uploads\/2025\/05\/LOGO-LA-RED.png","width":193,"height":340,"caption":"LA RED 88.3 LA RIOJA"},"image":{"@id":"https:\/\/laredlarioja.com.ar\/sitio\/#\/schema\/logo\/image\/"},"sameAs":["https:\/\/www.facebook.com\/lared.larioja","https:\/\/x.com\/laredlarioja1","https:\/\/www.instagram.com\/lared_larioja\/"]},{"@type":"Person","@id":"https:\/\/laredlarioja.com.ar\/sitio\/#\/schema\/person\/3b1600cc7f8fd3617dc50f96d3503489","name":"Mart\u00edn Ruarte","url":"https:\/\/laredlarioja.com.ar\/sitio\/author\/mruarte\/"}]}},"featured_image_urls":{"full":["https:\/\/laredlarioja.com.ar\/sitio\/wp-content\/uploads\/2023\/06\/203691903.jpg",750,422,false],"thumbnail":["https:\/\/laredlarioja.com.ar\/sitio\/wp-content\/uploads\/2023\/06\/203691903-150x150.jpg",150,150,true],"medium":["https:\/\/laredlarioja.com.ar\/sitio\/wp-content\/uploads\/2023\/06\/203691903-300x169.jpg",300,169,true],"medium_large":["https:\/\/laredlarioja.com.ar\/sitio\/wp-content\/uploads\/2023\/06\/203691903.jpg",640,360,false],"large":["https:\/\/laredlarioja.com.ar\/sitio\/wp-content\/uploads\/2023\/06\/203691903.jpg",640,360,false],"1536x1536":["https:\/\/laredlarioja.com.ar\/sitio\/wp-content\/uploads\/2023\/06\/203691903.jpg",750,422,false],"2048x2048":["https:\/\/laredlarioja.com.ar\/sitio\/wp-content\/uploads\/2023\/06\/203691903.jpg",750,422,false],"cvmm-medium":["https:\/\/laredlarioja.com.ar\/sitio\/wp-content\/uploads\/2023\/06\/203691903-300x300.jpg",300,300,true],"cvmm-medium-plus":["https:\/\/laredlarioja.com.ar\/sitio\/wp-content\/uploads\/2023\/06\/203691903-305x207.jpg",305,207,true],"cvmm-portrait":["https:\/\/laredlarioja.com.ar\/sitio\/wp-content\/uploads\/2023\/06\/203691903-400x422.jpg",400,422,true],"cvmm-medium-square":["https:\/\/laredlarioja.com.ar\/sitio\/wp-content\/uploads\/2023\/06\/203691903-600x422.jpg",600,422,true],"cvmm-large":["https:\/\/laredlarioja.com.ar\/sitio\/wp-content\/uploads\/2023\/06\/203691903.jpg",750,422,false],"cvmm-small":["https:\/\/laredlarioja.com.ar\/sitio\/wp-content\/uploads\/2023\/06\/203691903-130x95.jpg",130,95,true],"morenews-large":["https:\/\/laredlarioja.com.ar\/sitio\/wp-content\/uploads\/2023\/06\/203691903.jpg",750,422,false],"morenews-medium":["https:\/\/laredlarioja.com.ar\/sitio\/wp-content\/uploads\/2023\/06\/203691903-590x410.jpg",590,410,true]},"author_info":{"display_name":"Mart\u00edn Ruarte","author_link":"https:\/\/laredlarioja.com.ar\/sitio\/author\/mruarte\/"},"category_info":"<a href=\"https:\/\/laredlarioja.com.ar\/sitio\/categorias\/locales\/\" rel=\"category tag\">Locales<\/a>","tag_info":"Locales","comment_count":"0","blog_post_layout_featured_media_urls":{"thumbnail":["https:\/\/laredlarioja.com.ar\/sitio\/wp-content\/uploads\/2023\/06\/203691903-150x150.jpg",150,150,true],"full":["https:\/\/laredlarioja.com.ar\/sitio\/wp-content\/uploads\/2023\/06\/203691903.jpg",750,422,false]},"categories_names":{"94":{"name":"Locales","link":"https:\/\/laredlarioja.com.ar\/sitio\/categorias\/locales\/"}},"tags_names":[],"comments_number":"0","wpmagazine_modules_lite_featured_media_urls":{"thumbnail":["https:\/\/laredlarioja.com.ar\/sitio\/wp-content\/uploads\/2023\/06\/203691903-150x150.jpg",150,150,true],"cvmm-medium":["https:\/\/laredlarioja.com.ar\/sitio\/wp-content\/uploads\/2023\/06\/203691903-300x300.jpg",300,300,true],"cvmm-medium-plus":["https:\/\/laredlarioja.com.ar\/sitio\/wp-content\/uploads\/2023\/06\/203691903-305x207.jpg",305,207,true],"cvmm-portrait":["https:\/\/laredlarioja.com.ar\/sitio\/wp-content\/uploads\/2023\/06\/203691903-400x422.jpg",400,422,true],"cvmm-medium-square":["https:\/\/laredlarioja.com.ar\/sitio\/wp-content\/uploads\/2023\/06\/203691903-600x422.jpg",600,422,true],"cvmm-large":["https:\/\/laredlarioja.com.ar\/sitio\/wp-content\/uploads\/2023\/06\/203691903.jpg",750,422,false],"cvmm-small":["https:\/\/laredlarioja.com.ar\/sitio\/wp-content\/uploads\/2023\/06\/203691903-130x95.jpg",130,95,true],"full":["https:\/\/laredlarioja.com.ar\/sitio\/wp-content\/uploads\/2023\/06\/203691903.jpg",750,422,false]},"_links":{"self":[{"href":"https:\/\/laredlarioja.com.ar\/sitio\/wp-json\/wp\/v2\/posts\/57338","targetHints":{"allow":["GET"]}}],"collection":[{"href":"https:\/\/laredlarioja.com.ar\/sitio\/wp-json\/wp\/v2\/posts"}],"about":[{"href":"https:\/\/laredlarioja.com.ar\/sitio\/wp-json\/wp\/v2\/types\/post"}],"author":[{"embeddable":true,"href":"https:\/\/laredlarioja.com.ar\/sitio\/wp-json\/wp\/v2\/users\/8"}],"replies":[{"embeddable":true,"href":"https:\/\/laredlarioja.com.ar\/sitio\/wp-json\/wp\/v2\/comments?post=57338"}],"version-history":[{"count":1,"href":"https:\/\/laredlarioja.com.ar\/sitio\/wp-json\/wp\/v2\/posts\/57338\/revisions"}],"predecessor-version":[{"id":57339,"href":"https:\/\/laredlarioja.com.ar\/sitio\/wp-json\/wp\/v2\/posts\/57338\/revisions\/57339"}],"wp:featuredmedia":[{"embeddable":true,"href":"https:\/\/laredlarioja.com.ar\/sitio\/wp-json\/wp\/v2\/media\/31736"}],"wp:attachment":[{"href":"https:\/\/laredlarioja.com.ar\/sitio\/wp-json\/wp\/v2\/media?parent=57338"}],"wp:term":[{"taxonomy":"category","embeddable":true,"href":"https:\/\/laredlarioja.com.ar\/sitio\/wp-json\/wp\/v2\/categories?post=57338"},{"taxonomy":"post_tag","embeddable":true,"href":"https:\/\/laredlarioja.com.ar\/sitio\/wp-json\/wp\/v2\/tags?post=57338"}],"curies":[{"name":"wp","href":"https:\/\/api.w.org\/{rel}","templated":true}]}}