{"id":57456,"date":"2025-02-03T12:33:06","date_gmt":"2025-02-03T12:33:06","guid":{"rendered":"https:\/\/laredlarioja.com.ar\/sitio\/?p=57456"},"modified":"2025-02-04T23:20:05","modified_gmt":"2025-02-04T23:20:05","slug":"guillermo-francos-tras-la-protesta-del-colectivo-lgbt-no-me-parece-que-haya-sido-una-marcha-significativa","status":"publish","type":"post","link":"https:\/\/laredlarioja.com.ar\/sitio\/guillermo-francos-tras-la-protesta-del-colectivo-lgbt-no-me-parece-que-haya-sido-una-marcha-significativa\/","title":{"rendered":"Guillermo Francos, tras la protesta del colectivo LGBT: \u00abNo me parece que haya sido una marcha significativa\u00bb"},"content":{"rendered":"<p>El jefe de Gabinete,\u00a0<strong>Guillermo Francos<\/strong>, asegur\u00f3 que la\u00a0<strong>Marcha del Orgullo LGBT Antifascista y Antirracista\u00a0<\/strong>del pasado s\u00e1bado<strong>\u00a0no ha sido \u201csignificativa\u201d<\/strong>, y plante\u00f3 que se trat\u00f3 de una expresi\u00f3n de \u201cun grupo determinado de la sociedad acompa\u00f1ado por otro grupo pol\u00edtico\u201d.<\/p>\n<p><strong>\u201cNo me parece que haya sido una marcha significativa contra todos los argentinos que no le prestan atenci\u00f3n a estas marchas porque saben que son cuestiones totalmente politizadas\u201d,<\/strong>\u00a0sostuvo en declaraciones radiales.<\/p>\n<p>En la misma l\u00ednea, plante\u00f3: \u201cLamento que se haya utilizado esto cuando de ninguna manera el Presidente ni nadie de su equipo tiene posiciones f\u00f3bicas contra un colectivo que sabemos que existe\u201d.<\/p>\n<p>\u201cSomos un gobierno liberal, promovemos el liberalismo y la libertad como eje de toda su acci\u00f3n pol\u00edtica y de su ideolog\u00eda\u201d, a\u00f1adi\u00f3, y complet\u00f3: \u201cLe\u00ed y rele\u00ed el discurso del presidente en Davos y no encuentro una posici\u00f3n contra ese sector.\u00a0<strong>Lamento mucho la mala interpretaci\u00f3n<\/strong>\u201d.<\/p>\n<p>Asimismo, el funcionario cuestion\u00f3 la presencia del gobernador de la provincia,\u00a0<strong>Axel Kicillof,\u00a0<\/strong>en la protesta tras los episodios de inseguridad en su territorio.<strong>\u00a0\u201cMe dio un poco de bronca la presencia del gobernador Kicillof en la marcha cuando la provincia est\u00e1 incendiada por los hechos de inseguridad\u201d,\u00a0<\/strong>sostuvo.<\/p>\n<p>\u201cEs su responsabilidad.<strong>\u00a0Est\u00e1n haciendo todo mal en la provincia y ojal\u00e1 el pueblo demuestre que la conducci\u00f3n pol\u00edtica es un desastre y que hay que cambiar\u201d<\/strong>, pidi\u00f3.<\/p>\n<p>En otro pasaje de la entrevista, hizo eco de las cr\u00edticas de la dos veces presidenta\u00a0<strong>Cristina Fern\u00e1ndez de Kirchner<\/strong>\u00a0contra la gesti\u00f3n libertaria al sostener que su paso por el Poder Ejecutivo gener\u00f3 da\u00f1o a la Argentina. \u201cEl desarrollo que ha tenido el Estado a costa de la pobreza de los argentinos ha sido impresionante\u201d, diagnostic\u00f3.<\/p>\n<p>\u201c<strong>La decadencia de este pa\u00eds ha sido enorme y no lo puede negar nadie<\/strong>. Tienen que hacerse cargo. Por m\u00e1s que mande un tuit de dos p\u00e1ginas, tratando de utilizar la verba que utilizaron, la realidad es la que es\u201d, arremeti\u00f3.<\/p>\n<p>Por \u00faltimo, el titular de ministros admiti\u00f3 que<strong>\u00a0el oficialismo est\u00e1 a favor de la suspensi\u00f3n de las elecciones Primarias, Abiertas, Simult\u00e1neas y Obligatorias (PASO)<\/strong>\u00a0de no conseguir los votos para cumplir el deseo de Casa Rosada de avanzar con su eliminaci\u00f3n.<\/p>\n<p>\u201cLa PASO es otra locura del gobierno de los Kirchner, que inventaron por una necesidad pol\u00edtica, pero la realidad es que no han servido para nada y tienen un costo enorme\u201d, afirm\u00f3, y concluy\u00f3: \u201cNo tenemos los votos en el Congreso, no nos alcanza, pero si dan para suspender estamos seguros que en la pr\u00f3xima elecci\u00f3n vamos a tener m\u00e1s legisladores y m\u00e1s fuerza para eliminarlas definitivamente y poder avanzar en las reformas que nos faltan\u201d.<\/p>\n","protected":false},"excerpt":{"rendered":"<p>El jefe de Gabinete,\u00a0Guillermo Francos, asegur\u00f3 que la\u00a0Marcha del Orgullo LGBT Antifascista y Antirracista\u00a0del pasado s\u00e1bado\u00a0no ha sido<\/p>\n","protected":false},"author":10,"featured_media":47272,"comment_status":"closed","ping_status":"open","sticky":false,"template":"","format":"standard","meta":{"footnotes":""},"categories":[28],"tags":[],"class_list":["post-57456","post","type-post","status-publish","format-standard","has-post-thumbnail","hentry","category-nacionales"],"yoast_head":"<!-- This site is optimized with the Yoast SEO plugin v27.4 - https:\/\/yoast.com\/product\/yoast-seo-wordpress\/ -->\n<title>Guillermo Francos, tras la protesta del colectivo LGBT: &quot;No me parece que haya sido una marcha significativa&quot; - LA RED 88.3 LA RIOJA<\/title>\n<meta name=\"robots\" content=\"index, follow, max-snippet:-1, max-image-preview:large, max-video-preview:-1\" \/>\n<link rel=\"canonical\" href=\"https:\/\/laredlarioja.com.ar\/sitio\/guillermo-francos-tras-la-protesta-del-colectivo-lgbt-no-me-parece-que-haya-sido-una-marcha-significativa\/\" \/>\n<meta property=\"og:locale\" content=\"es_ES\" \/>\n<meta property=\"og:type\" content=\"article\" \/>\n<meta property=\"og:title\" content=\"Guillermo Francos, tras la protesta del colectivo LGBT: &quot;No me parece que haya sido una marcha significativa&quot; - LA RED 88.3 LA RIOJA\" \/>\n<meta property=\"og:description\" content=\"El jefe de Gabinete,\u00a0Guillermo Francos, asegur\u00f3 que la\u00a0Marcha del Orgullo LGBT Antifascista y Antirracista\u00a0del pasado s\u00e1bado\u00a0no ha sido\" \/>\n<meta property=\"og:url\" content=\"https:\/\/laredlarioja.com.ar\/sitio\/guillermo-francos-tras-la-protesta-del-colectivo-lgbt-no-me-parece-que-haya-sido-una-marcha-significativa\/\" \/>\n<meta property=\"og:site_name\" content=\"LA RED 88.3 LA RIOJA\" \/>\n<meta property=\"article:publisher\" content=\"https:\/\/www.facebook.com\/lared.larioja\" \/>\n<meta property=\"article:published_time\" content=\"2025-02-03T12:33:06+00:00\" \/>\n<meta property=\"article:modified_time\" content=\"2025-02-04T23:20:05+00:00\" \/>\n<meta property=\"og:image\" content=\"https:\/\/laredlarioja.com.ar\/sitio\/wp-content\/uploads\/2024\/06\/Guillermo-Francos-Senado-ley-Bases.webp\" \/>\n\t<meta property=\"og:image:width\" content=\"750\" \/>\n\t<meta property=\"og:image:height\" content=\"500\" \/>\n\t<meta property=\"og:image:type\" content=\"image\/webp\" \/>\n<meta name=\"author\" content=\"La Red\" \/>\n<meta name=\"twitter:card\" content=\"summary_large_image\" \/>\n<meta name=\"twitter:creator\" content=\"@laredlarioja1\" \/>\n<meta name=\"twitter:site\" content=\"@laredlarioja1\" \/>\n<meta name=\"twitter:label1\" content=\"Escrito por\" \/>\n\t<meta name=\"twitter:data1\" content=\"La Red\" \/>\n\t<meta name=\"twitter:label2\" content=\"Tiempo de lectura\" \/>\n\t<meta name=\"twitter:data2\" content=\"3 minutos\" \/>\n<script type=\"application\/ld+json\" class=\"yoast-schema-graph\">{\"@context\":\"https:\\\/\\\/schema.org\",\"@graph\":[{\"@type\":\"Article\",\"@id\":\"https:\\\/\\\/laredlarioja.com.ar\\\/sitio\\\/guillermo-francos-tras-la-protesta-del-colectivo-lgbt-no-me-parece-que-haya-sido-una-marcha-significativa\\\/#article\",\"isPartOf\":{\"@id\":\"https:\\\/\\\/laredlarioja.com.ar\\\/sitio\\\/guillermo-francos-tras-la-protesta-del-colectivo-lgbt-no-me-parece-que-haya-sido-una-marcha-significativa\\\/\"},\"author\":{\"name\":\"La Red\",\"@id\":\"https:\\\/\\\/laredlarioja.com.ar\\\/sitio\\\/#\\\/schema\\\/person\\\/f1e213867beccedaaa4fb548d9259d9a\"},\"headline\":\"Guillermo Francos, tras la protesta del colectivo LGBT: \u00abNo me parece que haya sido una marcha significativa\u00bb\",\"datePublished\":\"2025-02-03T12:33:06+00:00\",\"dateModified\":\"2025-02-04T23:20:05+00:00\",\"mainEntityOfPage\":{\"@id\":\"https:\\\/\\\/laredlarioja.com.ar\\\/sitio\\\/guillermo-francos-tras-la-protesta-del-colectivo-lgbt-no-me-parece-que-haya-sido-una-marcha-significativa\\\/\"},\"wordCount\":494,\"publisher\":{\"@id\":\"https:\\\/\\\/laredlarioja.com.ar\\\/sitio\\\/#organization\"},\"image\":{\"@id\":\"https:\\\/\\\/laredlarioja.com.ar\\\/sitio\\\/guillermo-francos-tras-la-protesta-del-colectivo-lgbt-no-me-parece-que-haya-sido-una-marcha-significativa\\\/#primaryimage\"},\"thumbnailUrl\":\"https:\\\/\\\/laredlarioja.com.ar\\\/sitio\\\/wp-content\\\/uploads\\\/2024\\\/06\\\/Guillermo-Francos-Senado-ley-Bases.webp\",\"articleSection\":[\"Nacionales\"],\"inLanguage\":\"es\"},{\"@type\":\"WebPage\",\"@id\":\"https:\\\/\\\/laredlarioja.com.ar\\\/sitio\\\/guillermo-francos-tras-la-protesta-del-colectivo-lgbt-no-me-parece-que-haya-sido-una-marcha-significativa\\\/\",\"url\":\"https:\\\/\\\/laredlarioja.com.ar\\\/sitio\\\/guillermo-francos-tras-la-protesta-del-colectivo-lgbt-no-me-parece-que-haya-sido-una-marcha-significativa\\\/\",\"name\":\"Guillermo Francos, tras la protesta del colectivo LGBT: \\\"No me parece que haya sido una marcha significativa\\\" - LA RED 88.3 LA RIOJA\",\"isPartOf\":{\"@id\":\"https:\\\/\\\/laredlarioja.com.ar\\\/sitio\\\/#website\"},\"primaryImageOfPage\":{\"@id\":\"https:\\\/\\\/laredlarioja.com.ar\\\/sitio\\\/guillermo-francos-tras-la-protesta-del-colectivo-lgbt-no-me-parece-que-haya-sido-una-marcha-significativa\\\/#primaryimage\"},\"image\":{\"@id\":\"https:\\\/\\\/laredlarioja.com.ar\\\/sitio\\\/guillermo-francos-tras-la-protesta-del-colectivo-lgbt-no-me-parece-que-haya-sido-una-marcha-significativa\\\/#primaryimage\"},\"thumbnailUrl\":\"https:\\\/\\\/laredlarioja.com.ar\\\/sitio\\\/wp-content\\\/uploads\\\/2024\\\/06\\\/Guillermo-Francos-Senado-ley-Bases.webp\",\"datePublished\":\"2025-02-03T12:33:06+00:00\",\"dateModified\":\"2025-02-04T23:20:05+00:00\",\"breadcrumb\":{\"@id\":\"https:\\\/\\\/laredlarioja.com.ar\\\/sitio\\\/guillermo-francos-tras-la-protesta-del-colectivo-lgbt-no-me-parece-que-haya-sido-una-marcha-significativa\\\/#breadcrumb\"},\"inLanguage\":\"es\",\"potentialAction\":[{\"@type\":\"ReadAction\",\"target\":[\"https:\\\/\\\/laredlarioja.com.ar\\\/sitio\\\/guillermo-francos-tras-la-protesta-del-colectivo-lgbt-no-me-parece-que-haya-sido-una-marcha-significativa\\\/\"]}]},{\"@type\":\"ImageObject\",\"inLanguage\":\"es\",\"@id\":\"https:\\\/\\\/laredlarioja.com.ar\\\/sitio\\\/guillermo-francos-tras-la-protesta-del-colectivo-lgbt-no-me-parece-que-haya-sido-una-marcha-significativa\\\/#primaryimage\",\"url\":\"https:\\\/\\\/laredlarioja.com.ar\\\/sitio\\\/wp-content\\\/uploads\\\/2024\\\/06\\\/Guillermo-Francos-Senado-ley-Bases.webp\",\"contentUrl\":\"https:\\\/\\\/laredlarioja.com.ar\\\/sitio\\\/wp-content\\\/uploads\\\/2024\\\/06\\\/Guillermo-Francos-Senado-ley-Bases.webp\",\"width\":750,\"height\":500},{\"@type\":\"BreadcrumbList\",\"@id\":\"https:\\\/\\\/laredlarioja.com.ar\\\/sitio\\\/guillermo-francos-tras-la-protesta-del-colectivo-lgbt-no-me-parece-que-haya-sido-una-marcha-significativa\\\/#breadcrumb\",\"itemListElement\":[{\"@type\":\"ListItem\",\"position\":1,\"name\":\"Portada\",\"item\":\"https:\\\/\\\/laredlarioja.com.ar\\\/sitio\\\/\"},{\"@type\":\"ListItem\",\"position\":2,\"name\":\"Guillermo Francos, tras la protesta del colectivo LGBT: &#8220;No me parece que haya sido una marcha significativa&#8221;\"}]},{\"@type\":\"WebSite\",\"@id\":\"https:\\\/\\\/laredlarioja.com.ar\\\/sitio\\\/#website\",\"url\":\"https:\\\/\\\/laredlarioja.com.ar\\\/sitio\\\/\",\"name\":\"LA RED 88.3 LA RIOJA\",\"description\":\"Sitio de Noticias\",\"publisher\":{\"@id\":\"https:\\\/\\\/laredlarioja.com.ar\\\/sitio\\\/#organization\"},\"potentialAction\":[{\"@type\":\"SearchAction\",\"target\":{\"@type\":\"EntryPoint\",\"urlTemplate\":\"https:\\\/\\\/laredlarioja.com.ar\\\/sitio\\\/?s={search_term_string}\"},\"query-input\":{\"@type\":\"PropertyValueSpecification\",\"valueRequired\":true,\"valueName\":\"search_term_string\"}}],\"inLanguage\":\"es\"},{\"@type\":\"Organization\",\"@id\":\"https:\\\/\\\/laredlarioja.com.ar\\\/sitio\\\/#organization\",\"name\":\"LA RED 88.3 LA RIOJA\",\"url\":\"https:\\\/\\\/laredlarioja.com.ar\\\/sitio\\\/\",\"logo\":{\"@type\":\"ImageObject\",\"inLanguage\":\"es\",\"@id\":\"https:\\\/\\\/laredlarioja.com.ar\\\/sitio\\\/#\\\/schema\\\/logo\\\/image\\\/\",\"url\":\"https:\\\/\\\/laredlarioja.com.ar\\\/sitio\\\/wp-content\\\/uploads\\\/2025\\\/05\\\/LOGO-LA-RED.png\",\"contentUrl\":\"https:\\\/\\\/laredlarioja.com.ar\\\/sitio\\\/wp-content\\\/uploads\\\/2025\\\/05\\\/LOGO-LA-RED.png\",\"width\":193,\"height\":340,\"caption\":\"LA RED 88.3 LA RIOJA\"},\"image\":{\"@id\":\"https:\\\/\\\/laredlarioja.com.ar\\\/sitio\\\/#\\\/schema\\\/logo\\\/image\\\/\"},\"sameAs\":[\"https:\\\/\\\/www.facebook.com\\\/lared.larioja\",\"https:\\\/\\\/x.com\\\/laredlarioja1\",\"https:\\\/\\\/www.instagram.com\\\/lared_larioja\\\/\"]},{\"@type\":\"Person\",\"@id\":\"https:\\\/\\\/laredlarioja.com.ar\\\/sitio\\\/#\\\/schema\\\/person\\\/f1e213867beccedaaa4fb548d9259d9a\",\"name\":\"La Red\",\"url\":\"https:\\\/\\\/laredlarioja.com.ar\\\/sitio\\\/author\\\/lared\\\/\"}]}<\/script>\n<!-- \/ Yoast SEO plugin. -->","yoast_head_json":{"title":"Guillermo Francos, tras la protesta del colectivo LGBT: \"No me parece que haya sido una marcha significativa\" - LA RED 88.3 LA RIOJA","robots":{"index":"index","follow":"follow","max-snippet":"max-snippet:-1","max-image-preview":"max-image-preview:large","max-video-preview":"max-video-preview:-1"},"canonical":"https:\/\/laredlarioja.com.ar\/sitio\/guillermo-francos-tras-la-protesta-del-colectivo-lgbt-no-me-parece-que-haya-sido-una-marcha-significativa\/","og_locale":"es_ES","og_type":"article","og_title":"Guillermo Francos, tras la protesta del colectivo LGBT: \"No me parece que haya sido una marcha significativa\" - LA RED 88.3 LA RIOJA","og_description":"El jefe de Gabinete,\u00a0Guillermo Francos, asegur\u00f3 que la\u00a0Marcha del Orgullo LGBT Antifascista y Antirracista\u00a0del pasado s\u00e1bado\u00a0no ha sido","og_url":"https:\/\/laredlarioja.com.ar\/sitio\/guillermo-francos-tras-la-protesta-del-colectivo-lgbt-no-me-parece-que-haya-sido-una-marcha-significativa\/","og_site_name":"LA RED 88.3 LA RIOJA","article_publisher":"https:\/\/www.facebook.com\/lared.larioja","article_published_time":"2025-02-03T12:33:06+00:00","article_modified_time":"2025-02-04T23:20:05+00:00","og_image":[{"width":750,"height":500,"url":"https:\/\/laredlarioja.com.ar\/sitio\/wp-content\/uploads\/2024\/06\/Guillermo-Francos-Senado-ley-Bases.webp","type":"image\/webp"}],"author":"La Red","twitter_card":"summary_large_image","twitter_creator":"@laredlarioja1","twitter_site":"@laredlarioja1","twitter_misc":{"Escrito por":"La Red","Tiempo de lectura":"3 minutos"},"schema":{"@context":"https:\/\/schema.org","@graph":[{"@type":"Article","@id":"https:\/\/laredlarioja.com.ar\/sitio\/guillermo-francos-tras-la-protesta-del-colectivo-lgbt-no-me-parece-que-haya-sido-una-marcha-significativa\/#article","isPartOf":{"@id":"https:\/\/laredlarioja.com.ar\/sitio\/guillermo-francos-tras-la-protesta-del-colectivo-lgbt-no-me-parece-que-haya-sido-una-marcha-significativa\/"},"author":{"name":"La Red","@id":"https:\/\/laredlarioja.com.ar\/sitio\/#\/schema\/person\/f1e213867beccedaaa4fb548d9259d9a"},"headline":"Guillermo Francos, tras la protesta del colectivo LGBT: \u00abNo me parece que haya sido una marcha significativa\u00bb","datePublished":"2025-02-03T12:33:06+00:00","dateModified":"2025-02-04T23:20:05+00:00","mainEntityOfPage":{"@id":"https:\/\/laredlarioja.com.ar\/sitio\/guillermo-francos-tras-la-protesta-del-colectivo-lgbt-no-me-parece-que-haya-sido-una-marcha-significativa\/"},"wordCount":494,"publisher":{"@id":"https:\/\/laredlarioja.com.ar\/sitio\/#organization"},"image":{"@id":"https:\/\/laredlarioja.com.ar\/sitio\/guillermo-francos-tras-la-protesta-del-colectivo-lgbt-no-me-parece-que-haya-sido-una-marcha-significativa\/#primaryimage"},"thumbnailUrl":"https:\/\/laredlarioja.com.ar\/sitio\/wp-content\/uploads\/2024\/06\/Guillermo-Francos-Senado-ley-Bases.webp","articleSection":["Nacionales"],"inLanguage":"es"},{"@type":"WebPage","@id":"https:\/\/laredlarioja.com.ar\/sitio\/guillermo-francos-tras-la-protesta-del-colectivo-lgbt-no-me-parece-que-haya-sido-una-marcha-significativa\/","url":"https:\/\/laredlarioja.com.ar\/sitio\/guillermo-francos-tras-la-protesta-del-colectivo-lgbt-no-me-parece-que-haya-sido-una-marcha-significativa\/","name":"Guillermo Francos, tras la protesta del colectivo LGBT: \"No me parece que haya sido una marcha significativa\" - LA RED 88.3 LA RIOJA","isPartOf":{"@id":"https:\/\/laredlarioja.com.ar\/sitio\/#website"},"primaryImageOfPage":{"@id":"https:\/\/laredlarioja.com.ar\/sitio\/guillermo-francos-tras-la-protesta-del-colectivo-lgbt-no-me-parece-que-haya-sido-una-marcha-significativa\/#primaryimage"},"image":{"@id":"https:\/\/laredlarioja.com.ar\/sitio\/guillermo-francos-tras-la-protesta-del-colectivo-lgbt-no-me-parece-que-haya-sido-una-marcha-significativa\/#primaryimage"},"thumbnailUrl":"https:\/\/laredlarioja.com.ar\/sitio\/wp-content\/uploads\/2024\/06\/Guillermo-Francos-Senado-ley-Bases.webp","datePublished":"2025-02-03T12:33:06+00:00","dateModified":"2025-02-04T23:20:05+00:00","breadcrumb":{"@id":"https:\/\/laredlarioja.com.ar\/sitio\/guillermo-francos-tras-la-protesta-del-colectivo-lgbt-no-me-parece-que-haya-sido-una-marcha-significativa\/#breadcrumb"},"inLanguage":"es","potentialAction":[{"@type":"ReadAction","target":["https:\/\/laredlarioja.com.ar\/sitio\/guillermo-francos-tras-la-protesta-del-colectivo-lgbt-no-me-parece-que-haya-sido-una-marcha-significativa\/"]}]},{"@type":"ImageObject","inLanguage":"es","@id":"https:\/\/laredlarioja.com.ar\/sitio\/guillermo-francos-tras-la-protesta-del-colectivo-lgbt-no-me-parece-que-haya-sido-una-marcha-significativa\/#primaryimage","url":"https:\/\/laredlarioja.com.ar\/sitio\/wp-content\/uploads\/2024\/06\/Guillermo-Francos-Senado-ley-Bases.webp","contentUrl":"https:\/\/laredlarioja.com.ar\/sitio\/wp-content\/uploads\/2024\/06\/Guillermo-Francos-Senado-ley-Bases.webp","width":750,"height":500},{"@type":"BreadcrumbList","@id":"https:\/\/laredlarioja.com.ar\/sitio\/guillermo-francos-tras-la-protesta-del-colectivo-lgbt-no-me-parece-que-haya-sido-una-marcha-significativa\/#breadcrumb","itemListElement":[{"@type":"ListItem","position":1,"name":"Portada","item":"https:\/\/laredlarioja.com.ar\/sitio\/"},{"@type":"ListItem","position":2,"name":"Guillermo Francos, tras la protesta del colectivo LGBT: &#8220;No me parece que haya sido una marcha significativa&#8221;"}]},{"@type":"WebSite","@id":"https:\/\/laredlarioja.com.ar\/sitio\/#website","url":"https:\/\/laredlarioja.com.ar\/sitio\/","name":"LA RED 88.3 LA RIOJA","description":"Sitio de Noticias","publisher":{"@id":"https:\/\/laredlarioja.com.ar\/sitio\/#organization"},"potentialAction":[{"@type":"SearchAction","target":{"@type":"EntryPoint","urlTemplate":"https:\/\/laredlarioja.com.ar\/sitio\/?s={search_term_string}"},"query-input":{"@type":"PropertyValueSpecification","valueRequired":true,"valueName":"search_term_string"}}],"inLanguage":"es"},{"@type":"Organization","@id":"https:\/\/laredlarioja.com.ar\/sitio\/#organization","name":"LA RED 88.3 LA RIOJA","url":"https:\/\/laredlarioja.com.ar\/sitio\/","logo":{"@type":"ImageObject","inLanguage":"es","@id":"https:\/\/laredlarioja.com.ar\/sitio\/#\/schema\/logo\/image\/","url":"https:\/\/laredlarioja.com.ar\/sitio\/wp-content\/uploads\/2025\/05\/LOGO-LA-RED.png","contentUrl":"https:\/\/laredlarioja.com.ar\/sitio\/wp-content\/uploads\/2025\/05\/LOGO-LA-RED.png","width":193,"height":340,"caption":"LA RED 88.3 LA RIOJA"},"image":{"@id":"https:\/\/laredlarioja.com.ar\/sitio\/#\/schema\/logo\/image\/"},"sameAs":["https:\/\/www.facebook.com\/lared.larioja","https:\/\/x.com\/laredlarioja1","https:\/\/www.instagram.com\/lared_larioja\/"]},{"@type":"Person","@id":"https:\/\/laredlarioja.com.ar\/sitio\/#\/schema\/person\/f1e213867beccedaaa4fb548d9259d9a","name":"La Red","url":"https:\/\/laredlarioja.com.ar\/sitio\/author\/lared\/"}]}},"featured_image_urls":{"full":["https:\/\/laredlarioja.com.ar\/sitio\/wp-content\/uploads\/2024\/06\/Guillermo-Francos-Senado-ley-Bases.webp",750,500,false],"thumbnail":["https:\/\/laredlarioja.com.ar\/sitio\/wp-content\/uploads\/2024\/06\/Guillermo-Francos-Senado-ley-Bases-150x150.webp",150,150,true],"medium":["https:\/\/laredlarioja.com.ar\/sitio\/wp-content\/uploads\/2024\/06\/Guillermo-Francos-Senado-ley-Bases-300x200.webp",300,200,true],"medium_large":["https:\/\/laredlarioja.com.ar\/sitio\/wp-content\/uploads\/2024\/06\/Guillermo-Francos-Senado-ley-Bases.webp",640,427,false],"large":["https:\/\/laredlarioja.com.ar\/sitio\/wp-content\/uploads\/2024\/06\/Guillermo-Francos-Senado-ley-Bases.webp",640,427,false],"1536x1536":["https:\/\/laredlarioja.com.ar\/sitio\/wp-content\/uploads\/2024\/06\/Guillermo-Francos-Senado-ley-Bases.webp",750,500,false],"2048x2048":["https:\/\/laredlarioja.com.ar\/sitio\/wp-content\/uploads\/2024\/06\/Guillermo-Francos-Senado-ley-Bases.webp",750,500,false],"cvmm-medium":["https:\/\/laredlarioja.com.ar\/sitio\/wp-content\/uploads\/2024\/06\/Guillermo-Francos-Senado-ley-Bases-300x300.webp",300,300,true],"cvmm-medium-plus":["https:\/\/laredlarioja.com.ar\/sitio\/wp-content\/uploads\/2024\/06\/Guillermo-Francos-Senado-ley-Bases-305x207.webp",305,207,true],"cvmm-portrait":["https:\/\/laredlarioja.com.ar\/sitio\/wp-content\/uploads\/2024\/06\/Guillermo-Francos-Senado-ley-Bases-400x500.webp",400,500,true],"cvmm-medium-square":["https:\/\/laredlarioja.com.ar\/sitio\/wp-content\/uploads\/2024\/06\/Guillermo-Francos-Senado-ley-Bases-600x500.webp",600,500,true],"cvmm-large":["https:\/\/laredlarioja.com.ar\/sitio\/wp-content\/uploads\/2024\/06\/Guillermo-Francos-Senado-ley-Bases.webp",750,500,false],"cvmm-small":["https:\/\/laredlarioja.com.ar\/sitio\/wp-content\/uploads\/2024\/06\/Guillermo-Francos-Senado-ley-Bases-130x95.webp",130,95,true],"morenews-large":["https:\/\/laredlarioja.com.ar\/sitio\/wp-content\/uploads\/2024\/06\/Guillermo-Francos-Senado-ley-Bases.webp",750,500,false],"morenews-medium":["https:\/\/laredlarioja.com.ar\/sitio\/wp-content\/uploads\/2024\/06\/Guillermo-Francos-Senado-ley-Bases-590x410.webp",590,410,true]},"author_info":{"display_name":"La Red","author_link":"https:\/\/laredlarioja.com.ar\/sitio\/author\/lared\/"},"category_info":"<a href=\"https:\/\/laredlarioja.com.ar\/sitio\/categorias\/nacionales\/\" rel=\"category tag\">Nacionales<\/a>","tag_info":"Nacionales","comment_count":"0","blog_post_layout_featured_media_urls":{"thumbnail":["https:\/\/laredlarioja.com.ar\/sitio\/wp-content\/uploads\/2024\/06\/Guillermo-Francos-Senado-ley-Bases-150x150.webp",150,150,true],"full":["https:\/\/laredlarioja.com.ar\/sitio\/wp-content\/uploads\/2024\/06\/Guillermo-Francos-Senado-ley-Bases.webp",750,500,false]},"categories_names":{"28":{"name":"Nacionales","link":"https:\/\/laredlarioja.com.ar\/sitio\/categorias\/nacionales\/"}},"tags_names":[],"comments_number":"0","wpmagazine_modules_lite_featured_media_urls":{"thumbnail":["https:\/\/laredlarioja.com.ar\/sitio\/wp-content\/uploads\/2024\/06\/Guillermo-Francos-Senado-ley-Bases-150x150.webp",150,150,true],"cvmm-medium":["https:\/\/laredlarioja.com.ar\/sitio\/wp-content\/uploads\/2024\/06\/Guillermo-Francos-Senado-ley-Bases-300x300.webp",300,300,true],"cvmm-medium-plus":["https:\/\/laredlarioja.com.ar\/sitio\/wp-content\/uploads\/2024\/06\/Guillermo-Francos-Senado-ley-Bases-305x207.webp",305,207,true],"cvmm-portrait":["https:\/\/laredlarioja.com.ar\/sitio\/wp-content\/uploads\/2024\/06\/Guillermo-Francos-Senado-ley-Bases-400x500.webp",400,500,true],"cvmm-medium-square":["https:\/\/laredlarioja.com.ar\/sitio\/wp-content\/uploads\/2024\/06\/Guillermo-Francos-Senado-ley-Bases-600x500.webp",600,500,true],"cvmm-large":["https:\/\/laredlarioja.com.ar\/sitio\/wp-content\/uploads\/2024\/06\/Guillermo-Francos-Senado-ley-Bases.webp",750,500,false],"cvmm-small":["https:\/\/laredlarioja.com.ar\/sitio\/wp-content\/uploads\/2024\/06\/Guillermo-Francos-Senado-ley-Bases-130x95.webp",130,95,true],"full":["https:\/\/laredlarioja.com.ar\/sitio\/wp-content\/uploads\/2024\/06\/Guillermo-Francos-Senado-ley-Bases.webp",750,500,false]},"_links":{"self":[{"href":"https:\/\/laredlarioja.com.ar\/sitio\/wp-json\/wp\/v2\/posts\/57456","targetHints":{"allow":["GET"]}}],"collection":[{"href":"https:\/\/laredlarioja.com.ar\/sitio\/wp-json\/wp\/v2\/posts"}],"about":[{"href":"https:\/\/laredlarioja.com.ar\/sitio\/wp-json\/wp\/v2\/types\/post"}],"author":[{"embeddable":true,"href":"https:\/\/laredlarioja.com.ar\/sitio\/wp-json\/wp\/v2\/users\/10"}],"replies":[{"embeddable":true,"href":"https:\/\/laredlarioja.com.ar\/sitio\/wp-json\/wp\/v2\/comments?post=57456"}],"version-history":[{"count":1,"href":"https:\/\/laredlarioja.com.ar\/sitio\/wp-json\/wp\/v2\/posts\/57456\/revisions"}],"predecessor-version":[{"id":57457,"href":"https:\/\/laredlarioja.com.ar\/sitio\/wp-json\/wp\/v2\/posts\/57456\/revisions\/57457"}],"wp:featuredmedia":[{"embeddable":true,"href":"https:\/\/laredlarioja.com.ar\/sitio\/wp-json\/wp\/v2\/media\/47272"}],"wp:attachment":[{"href":"https:\/\/laredlarioja.com.ar\/sitio\/wp-json\/wp\/v2\/media?parent=57456"}],"wp:term":[{"taxonomy":"category","embeddable":true,"href":"https:\/\/laredlarioja.com.ar\/sitio\/wp-json\/wp\/v2\/categories?post=57456"},{"taxonomy":"post_tag","embeddable":true,"href":"https:\/\/laredlarioja.com.ar\/sitio\/wp-json\/wp\/v2\/tags?post=57456"}],"curies":[{"name":"wp","href":"https:\/\/api.w.org\/{rel}","templated":true}]}}