{"id":57694,"date":"2025-02-10T14:24:06","date_gmt":"2025-02-10T14:24:06","guid":{"rendered":"https:\/\/laredlarioja.com.ar\/sitio\/?p=57694"},"modified":"2025-02-12T15:55:28","modified_gmt":"2025-02-12T15:55:28","slug":"la-pastoral-social-de-la-diocesis-manifesto-su-preocupacion-por-los-femicidios-y-por-la-falta-de-politicas-del-gobierno-nacional","status":"publish","type":"post","link":"https:\/\/laredlarioja.com.ar\/sitio\/la-pastoral-social-de-la-diocesis-manifesto-su-preocupacion-por-los-femicidios-y-por-la-falta-de-politicas-del-gobierno-nacional\/","title":{"rendered":"La Pastoral Social de la Di\u00f3cesis manifest\u00f3 su preocupaci\u00f3n por los femicidios y por la falta de pol\u00edticas del Gobierno nacional"},"content":{"rendered":"<p>La Pastoral Social de la Di\u00f3cesis de La Rioja expres\u00f3 por medio de un comunicado \u00absu profunda preocupaci\u00f3n el aumento de femicidios ocurridos en el mes de diciembre de 2024, donde se observa un homicidio violento por razones de g\u00e9nero cada 22 horas, seg\u00fan el Observatorio \u201cAhora que s\u00ed nos ven\u201d.<\/p>\n<p>\u00abAdvertimos dentro de nuestras parroquias muchos hogares monoparentales, sustentados por mujeres que trabajan y se esfuerzan d\u00eda a d\u00eda por brindar un futuro mejor para sus hijos.\u00a0Nos inquieta la pol\u00edtica nacional desplegada en torno a los tipos de violencias que sufren las mujeres, algunas de las cuales llegan a arrebatarles la vida. <strong>Durante el primer a\u00f1o de gesti\u00f3n del gobierno nacional se procedi\u00f3 a cerrar y\/o dejar sin presupuesto a todo organismo estatal al que puedan recurrir las mujeres que se encuentran en peligro inminente, y ahora se informa que se est\u00e1 trabajando desde el Ministerio de Justicia de la Naci\u00f3n en un proyecto de ley para derogar la ley que tipifica del homicidio violento ocurrido por causa de g\u00e9nero padecido por las mujeres,\u00a0 conocido como femicidio\u00bb, <\/strong>expresa el comunicado.<\/p>\n<p>Apelan en este sentido, \u00aba los representantes de La Rioja ante el Congreso Nacional, as\u00ed como las autoridades provinciales y nacionales a articular pol\u00edticas p\u00fablicas en defensa de la vida y la dignidad de todas las mujeres en sus distintas etapas de la vida\u00bb.<\/p>\n<p>Cuentan con la adhesi\u00f3n de la Pastoral de Trata de Personas, Santa M\u00f3nica, y Red Kausay.<\/p>\n","protected":false},"excerpt":{"rendered":"<p>La Pastoral Social de la Di\u00f3cesis de La Rioja expres\u00f3 por medio de un comunicado \u00absu profunda preocupaci\u00f3n<\/p>\n","protected":false},"author":10,"featured_media":39528,"comment_status":"closed","ping_status":"open","sticky":false,"template":"","format":"standard","meta":{"footnotes":""},"categories":[24],"tags":[],"class_list":["post-57694","post","type-post","status-publish","format-standard","has-post-thumbnail","hentry","category-informacion-general"],"yoast_head":"<!-- This site is optimized with the Yoast SEO plugin v27.4 - https:\/\/yoast.com\/product\/yoast-seo-wordpress\/ -->\n<title>La Pastoral Social de la Di\u00f3cesis manifest\u00f3 su preocupaci\u00f3n por los femicidios y por la falta de pol\u00edticas del Gobierno nacional - LA RED 88.3 LA RIOJA<\/title>\n<meta name=\"robots\" content=\"index, follow, max-snippet:-1, max-image-preview:large, max-video-preview:-1\" \/>\n<link rel=\"canonical\" href=\"https:\/\/laredlarioja.com.ar\/sitio\/la-pastoral-social-de-la-diocesis-manifesto-su-preocupacion-por-los-femicidios-y-por-la-falta-de-politicas-del-gobierno-nacional\/\" \/>\n<meta property=\"og:locale\" content=\"es_ES\" \/>\n<meta property=\"og:type\" content=\"article\" \/>\n<meta property=\"og:title\" content=\"La Pastoral Social de la Di\u00f3cesis manifest\u00f3 su preocupaci\u00f3n por los femicidios y por la falta de pol\u00edticas del Gobierno nacional - LA RED 88.3 LA RIOJA\" \/>\n<meta property=\"og:description\" content=\"La Pastoral Social de la Di\u00f3cesis de La Rioja expres\u00f3 por medio de un comunicado \u00absu profunda preocupaci\u00f3n\" \/>\n<meta property=\"og:url\" content=\"https:\/\/laredlarioja.com.ar\/sitio\/la-pastoral-social-de-la-diocesis-manifesto-su-preocupacion-por-los-femicidios-y-por-la-falta-de-politicas-del-gobierno-nacional\/\" \/>\n<meta property=\"og:site_name\" content=\"LA RED 88.3 LA RIOJA\" \/>\n<meta property=\"article:publisher\" content=\"https:\/\/www.facebook.com\/lared.larioja\" \/>\n<meta property=\"article:published_time\" content=\"2025-02-10T14:24:06+00:00\" \/>\n<meta property=\"article:modified_time\" content=\"2025-02-12T15:55:28+00:00\" \/>\n<meta property=\"og:image\" content=\"https:\/\/laredlarioja.com.ar\/sitio\/wp-content\/uploads\/2023\/11\/65613d31ba477_1200.jpg\" \/>\n\t<meta property=\"og:image:width\" content=\"1200\" \/>\n\t<meta property=\"og:image:height\" content=\"675\" \/>\n\t<meta property=\"og:image:type\" content=\"image\/jpeg\" \/>\n<meta name=\"author\" content=\"La Red\" \/>\n<meta name=\"twitter:card\" content=\"summary_large_image\" \/>\n<meta name=\"twitter:creator\" content=\"@laredlarioja1\" \/>\n<meta name=\"twitter:site\" content=\"@laredlarioja1\" \/>\n<meta name=\"twitter:label1\" content=\"Escrito por\" \/>\n\t<meta name=\"twitter:data1\" content=\"La Red\" \/>\n\t<meta name=\"twitter:label2\" content=\"Tiempo de lectura\" \/>\n\t<meta name=\"twitter:data2\" content=\"2 minutos\" \/>\n<script type=\"application\/ld+json\" class=\"yoast-schema-graph\">{\"@context\":\"https:\\\/\\\/schema.org\",\"@graph\":[{\"@type\":\"Article\",\"@id\":\"https:\\\/\\\/laredlarioja.com.ar\\\/sitio\\\/la-pastoral-social-de-la-diocesis-manifesto-su-preocupacion-por-los-femicidios-y-por-la-falta-de-politicas-del-gobierno-nacional\\\/#article\",\"isPartOf\":{\"@id\":\"https:\\\/\\\/laredlarioja.com.ar\\\/sitio\\\/la-pastoral-social-de-la-diocesis-manifesto-su-preocupacion-por-los-femicidios-y-por-la-falta-de-politicas-del-gobierno-nacional\\\/\"},\"author\":{\"name\":\"La Red\",\"@id\":\"https:\\\/\\\/laredlarioja.com.ar\\\/sitio\\\/#\\\/schema\\\/person\\\/f1e213867beccedaaa4fb548d9259d9a\"},\"headline\":\"La Pastoral Social de la Di\u00f3cesis manifest\u00f3 su preocupaci\u00f3n por los femicidios y por la falta de pol\u00edticas del Gobierno nacional\",\"datePublished\":\"2025-02-10T14:24:06+00:00\",\"dateModified\":\"2025-02-12T15:55:28+00:00\",\"mainEntityOfPage\":{\"@id\":\"https:\\\/\\\/laredlarioja.com.ar\\\/sitio\\\/la-pastoral-social-de-la-diocesis-manifesto-su-preocupacion-por-los-femicidios-y-por-la-falta-de-politicas-del-gobierno-nacional\\\/\"},\"wordCount\":280,\"publisher\":{\"@id\":\"https:\\\/\\\/laredlarioja.com.ar\\\/sitio\\\/#organization\"},\"image\":{\"@id\":\"https:\\\/\\\/laredlarioja.com.ar\\\/sitio\\\/la-pastoral-social-de-la-diocesis-manifesto-su-preocupacion-por-los-femicidios-y-por-la-falta-de-politicas-del-gobierno-nacional\\\/#primaryimage\"},\"thumbnailUrl\":\"https:\\\/\\\/laredlarioja.com.ar\\\/sitio\\\/wp-content\\\/uploads\\\/2023\\\/11\\\/65613d31ba477_1200.jpg\",\"articleSection\":[\"Informaci\u00f3n General\"],\"inLanguage\":\"es\"},{\"@type\":\"WebPage\",\"@id\":\"https:\\\/\\\/laredlarioja.com.ar\\\/sitio\\\/la-pastoral-social-de-la-diocesis-manifesto-su-preocupacion-por-los-femicidios-y-por-la-falta-de-politicas-del-gobierno-nacional\\\/\",\"url\":\"https:\\\/\\\/laredlarioja.com.ar\\\/sitio\\\/la-pastoral-social-de-la-diocesis-manifesto-su-preocupacion-por-los-femicidios-y-por-la-falta-de-politicas-del-gobierno-nacional\\\/\",\"name\":\"La Pastoral Social de la Di\u00f3cesis manifest\u00f3 su preocupaci\u00f3n por los femicidios y por la falta de pol\u00edticas del Gobierno nacional - LA RED 88.3 LA RIOJA\",\"isPartOf\":{\"@id\":\"https:\\\/\\\/laredlarioja.com.ar\\\/sitio\\\/#website\"},\"primaryImageOfPage\":{\"@id\":\"https:\\\/\\\/laredlarioja.com.ar\\\/sitio\\\/la-pastoral-social-de-la-diocesis-manifesto-su-preocupacion-por-los-femicidios-y-por-la-falta-de-politicas-del-gobierno-nacional\\\/#primaryimage\"},\"image\":{\"@id\":\"https:\\\/\\\/laredlarioja.com.ar\\\/sitio\\\/la-pastoral-social-de-la-diocesis-manifesto-su-preocupacion-por-los-femicidios-y-por-la-falta-de-politicas-del-gobierno-nacional\\\/#primaryimage\"},\"thumbnailUrl\":\"https:\\\/\\\/laredlarioja.com.ar\\\/sitio\\\/wp-content\\\/uploads\\\/2023\\\/11\\\/65613d31ba477_1200.jpg\",\"datePublished\":\"2025-02-10T14:24:06+00:00\",\"dateModified\":\"2025-02-12T15:55:28+00:00\",\"breadcrumb\":{\"@id\":\"https:\\\/\\\/laredlarioja.com.ar\\\/sitio\\\/la-pastoral-social-de-la-diocesis-manifesto-su-preocupacion-por-los-femicidios-y-por-la-falta-de-politicas-del-gobierno-nacional\\\/#breadcrumb\"},\"inLanguage\":\"es\",\"potentialAction\":[{\"@type\":\"ReadAction\",\"target\":[\"https:\\\/\\\/laredlarioja.com.ar\\\/sitio\\\/la-pastoral-social-de-la-diocesis-manifesto-su-preocupacion-por-los-femicidios-y-por-la-falta-de-politicas-del-gobierno-nacional\\\/\"]}]},{\"@type\":\"ImageObject\",\"inLanguage\":\"es\",\"@id\":\"https:\\\/\\\/laredlarioja.com.ar\\\/sitio\\\/la-pastoral-social-de-la-diocesis-manifesto-su-preocupacion-por-los-femicidios-y-por-la-falta-de-politicas-del-gobierno-nacional\\\/#primaryimage\",\"url\":\"https:\\\/\\\/laredlarioja.com.ar\\\/sitio\\\/wp-content\\\/uploads\\\/2023\\\/11\\\/65613d31ba477_1200.jpg\",\"contentUrl\":\"https:\\\/\\\/laredlarioja.com.ar\\\/sitio\\\/wp-content\\\/uploads\\\/2023\\\/11\\\/65613d31ba477_1200.jpg\",\"width\":1200,\"height\":675},{\"@type\":\"BreadcrumbList\",\"@id\":\"https:\\\/\\\/laredlarioja.com.ar\\\/sitio\\\/la-pastoral-social-de-la-diocesis-manifesto-su-preocupacion-por-los-femicidios-y-por-la-falta-de-politicas-del-gobierno-nacional\\\/#breadcrumb\",\"itemListElement\":[{\"@type\":\"ListItem\",\"position\":1,\"name\":\"Portada\",\"item\":\"https:\\\/\\\/laredlarioja.com.ar\\\/sitio\\\/\"},{\"@type\":\"ListItem\",\"position\":2,\"name\":\"La Pastoral Social de la Di\u00f3cesis manifest\u00f3 su preocupaci\u00f3n por los femicidios y por la falta de pol\u00edticas del Gobierno nacional\"}]},{\"@type\":\"WebSite\",\"@id\":\"https:\\\/\\\/laredlarioja.com.ar\\\/sitio\\\/#website\",\"url\":\"https:\\\/\\\/laredlarioja.com.ar\\\/sitio\\\/\",\"name\":\"LA RED 88.3 LA RIOJA\",\"description\":\"Sitio de Noticias\",\"publisher\":{\"@id\":\"https:\\\/\\\/laredlarioja.com.ar\\\/sitio\\\/#organization\"},\"potentialAction\":[{\"@type\":\"SearchAction\",\"target\":{\"@type\":\"EntryPoint\",\"urlTemplate\":\"https:\\\/\\\/laredlarioja.com.ar\\\/sitio\\\/?s={search_term_string}\"},\"query-input\":{\"@type\":\"PropertyValueSpecification\",\"valueRequired\":true,\"valueName\":\"search_term_string\"}}],\"inLanguage\":\"es\"},{\"@type\":\"Organization\",\"@id\":\"https:\\\/\\\/laredlarioja.com.ar\\\/sitio\\\/#organization\",\"name\":\"LA RED 88.3 LA RIOJA\",\"url\":\"https:\\\/\\\/laredlarioja.com.ar\\\/sitio\\\/\",\"logo\":{\"@type\":\"ImageObject\",\"inLanguage\":\"es\",\"@id\":\"https:\\\/\\\/laredlarioja.com.ar\\\/sitio\\\/#\\\/schema\\\/logo\\\/image\\\/\",\"url\":\"https:\\\/\\\/laredlarioja.com.ar\\\/sitio\\\/wp-content\\\/uploads\\\/2025\\\/05\\\/LOGO-LA-RED.png\",\"contentUrl\":\"https:\\\/\\\/laredlarioja.com.ar\\\/sitio\\\/wp-content\\\/uploads\\\/2025\\\/05\\\/LOGO-LA-RED.png\",\"width\":193,\"height\":340,\"caption\":\"LA RED 88.3 LA RIOJA\"},\"image\":{\"@id\":\"https:\\\/\\\/laredlarioja.com.ar\\\/sitio\\\/#\\\/schema\\\/logo\\\/image\\\/\"},\"sameAs\":[\"https:\\\/\\\/www.facebook.com\\\/lared.larioja\",\"https:\\\/\\\/x.com\\\/laredlarioja1\",\"https:\\\/\\\/www.instagram.com\\\/lared_larioja\\\/\"]},{\"@type\":\"Person\",\"@id\":\"https:\\\/\\\/laredlarioja.com.ar\\\/sitio\\\/#\\\/schema\\\/person\\\/f1e213867beccedaaa4fb548d9259d9a\",\"name\":\"La Red\",\"url\":\"https:\\\/\\\/laredlarioja.com.ar\\\/sitio\\\/author\\\/lared\\\/\"}]}<\/script>\n<!-- \/ Yoast SEO plugin. -->","yoast_head_json":{"title":"La Pastoral Social de la Di\u00f3cesis manifest\u00f3 su preocupaci\u00f3n por los femicidios y por la falta de pol\u00edticas del Gobierno nacional - LA RED 88.3 LA RIOJA","robots":{"index":"index","follow":"follow","max-snippet":"max-snippet:-1","max-image-preview":"max-image-preview:large","max-video-preview":"max-video-preview:-1"},"canonical":"https:\/\/laredlarioja.com.ar\/sitio\/la-pastoral-social-de-la-diocesis-manifesto-su-preocupacion-por-los-femicidios-y-por-la-falta-de-politicas-del-gobierno-nacional\/","og_locale":"es_ES","og_type":"article","og_title":"La Pastoral Social de la Di\u00f3cesis manifest\u00f3 su preocupaci\u00f3n por los femicidios y por la falta de pol\u00edticas del Gobierno nacional - LA RED 88.3 LA RIOJA","og_description":"La Pastoral Social de la Di\u00f3cesis de La Rioja expres\u00f3 por medio de un comunicado \u00absu profunda preocupaci\u00f3n","og_url":"https:\/\/laredlarioja.com.ar\/sitio\/la-pastoral-social-de-la-diocesis-manifesto-su-preocupacion-por-los-femicidios-y-por-la-falta-de-politicas-del-gobierno-nacional\/","og_site_name":"LA RED 88.3 LA RIOJA","article_publisher":"https:\/\/www.facebook.com\/lared.larioja","article_published_time":"2025-02-10T14:24:06+00:00","article_modified_time":"2025-02-12T15:55:28+00:00","og_image":[{"width":1200,"height":675,"url":"https:\/\/laredlarioja.com.ar\/sitio\/wp-content\/uploads\/2023\/11\/65613d31ba477_1200.jpg","type":"image\/jpeg"}],"author":"La Red","twitter_card":"summary_large_image","twitter_creator":"@laredlarioja1","twitter_site":"@laredlarioja1","twitter_misc":{"Escrito por":"La Red","Tiempo de lectura":"2 minutos"},"schema":{"@context":"https:\/\/schema.org","@graph":[{"@type":"Article","@id":"https:\/\/laredlarioja.com.ar\/sitio\/la-pastoral-social-de-la-diocesis-manifesto-su-preocupacion-por-los-femicidios-y-por-la-falta-de-politicas-del-gobierno-nacional\/#article","isPartOf":{"@id":"https:\/\/laredlarioja.com.ar\/sitio\/la-pastoral-social-de-la-diocesis-manifesto-su-preocupacion-por-los-femicidios-y-por-la-falta-de-politicas-del-gobierno-nacional\/"},"author":{"name":"La Red","@id":"https:\/\/laredlarioja.com.ar\/sitio\/#\/schema\/person\/f1e213867beccedaaa4fb548d9259d9a"},"headline":"La Pastoral Social de la Di\u00f3cesis manifest\u00f3 su preocupaci\u00f3n por los femicidios y por la falta de pol\u00edticas del Gobierno nacional","datePublished":"2025-02-10T14:24:06+00:00","dateModified":"2025-02-12T15:55:28+00:00","mainEntityOfPage":{"@id":"https:\/\/laredlarioja.com.ar\/sitio\/la-pastoral-social-de-la-diocesis-manifesto-su-preocupacion-por-los-femicidios-y-por-la-falta-de-politicas-del-gobierno-nacional\/"},"wordCount":280,"publisher":{"@id":"https:\/\/laredlarioja.com.ar\/sitio\/#organization"},"image":{"@id":"https:\/\/laredlarioja.com.ar\/sitio\/la-pastoral-social-de-la-diocesis-manifesto-su-preocupacion-por-los-femicidios-y-por-la-falta-de-politicas-del-gobierno-nacional\/#primaryimage"},"thumbnailUrl":"https:\/\/laredlarioja.com.ar\/sitio\/wp-content\/uploads\/2023\/11\/65613d31ba477_1200.jpg","articleSection":["Informaci\u00f3n General"],"inLanguage":"es"},{"@type":"WebPage","@id":"https:\/\/laredlarioja.com.ar\/sitio\/la-pastoral-social-de-la-diocesis-manifesto-su-preocupacion-por-los-femicidios-y-por-la-falta-de-politicas-del-gobierno-nacional\/","url":"https:\/\/laredlarioja.com.ar\/sitio\/la-pastoral-social-de-la-diocesis-manifesto-su-preocupacion-por-los-femicidios-y-por-la-falta-de-politicas-del-gobierno-nacional\/","name":"La Pastoral Social de la Di\u00f3cesis manifest\u00f3 su preocupaci\u00f3n por los femicidios y por la falta de pol\u00edticas del Gobierno nacional - LA RED 88.3 LA RIOJA","isPartOf":{"@id":"https:\/\/laredlarioja.com.ar\/sitio\/#website"},"primaryImageOfPage":{"@id":"https:\/\/laredlarioja.com.ar\/sitio\/la-pastoral-social-de-la-diocesis-manifesto-su-preocupacion-por-los-femicidios-y-por-la-falta-de-politicas-del-gobierno-nacional\/#primaryimage"},"image":{"@id":"https:\/\/laredlarioja.com.ar\/sitio\/la-pastoral-social-de-la-diocesis-manifesto-su-preocupacion-por-los-femicidios-y-por-la-falta-de-politicas-del-gobierno-nacional\/#primaryimage"},"thumbnailUrl":"https:\/\/laredlarioja.com.ar\/sitio\/wp-content\/uploads\/2023\/11\/65613d31ba477_1200.jpg","datePublished":"2025-02-10T14:24:06+00:00","dateModified":"2025-02-12T15:55:28+00:00","breadcrumb":{"@id":"https:\/\/laredlarioja.com.ar\/sitio\/la-pastoral-social-de-la-diocesis-manifesto-su-preocupacion-por-los-femicidios-y-por-la-falta-de-politicas-del-gobierno-nacional\/#breadcrumb"},"inLanguage":"es","potentialAction":[{"@type":"ReadAction","target":["https:\/\/laredlarioja.com.ar\/sitio\/la-pastoral-social-de-la-diocesis-manifesto-su-preocupacion-por-los-femicidios-y-por-la-falta-de-politicas-del-gobierno-nacional\/"]}]},{"@type":"ImageObject","inLanguage":"es","@id":"https:\/\/laredlarioja.com.ar\/sitio\/la-pastoral-social-de-la-diocesis-manifesto-su-preocupacion-por-los-femicidios-y-por-la-falta-de-politicas-del-gobierno-nacional\/#primaryimage","url":"https:\/\/laredlarioja.com.ar\/sitio\/wp-content\/uploads\/2023\/11\/65613d31ba477_1200.jpg","contentUrl":"https:\/\/laredlarioja.com.ar\/sitio\/wp-content\/uploads\/2023\/11\/65613d31ba477_1200.jpg","width":1200,"height":675},{"@type":"BreadcrumbList","@id":"https:\/\/laredlarioja.com.ar\/sitio\/la-pastoral-social-de-la-diocesis-manifesto-su-preocupacion-por-los-femicidios-y-por-la-falta-de-politicas-del-gobierno-nacional\/#breadcrumb","itemListElement":[{"@type":"ListItem","position":1,"name":"Portada","item":"https:\/\/laredlarioja.com.ar\/sitio\/"},{"@type":"ListItem","position":2,"name":"La Pastoral Social de la Di\u00f3cesis manifest\u00f3 su preocupaci\u00f3n por los femicidios y por la falta de pol\u00edticas del Gobierno nacional"}]},{"@type":"WebSite","@id":"https:\/\/laredlarioja.com.ar\/sitio\/#website","url":"https:\/\/laredlarioja.com.ar\/sitio\/","name":"LA RED 88.3 LA RIOJA","description":"Sitio de Noticias","publisher":{"@id":"https:\/\/laredlarioja.com.ar\/sitio\/#organization"},"potentialAction":[{"@type":"SearchAction","target":{"@type":"EntryPoint","urlTemplate":"https:\/\/laredlarioja.com.ar\/sitio\/?s={search_term_string}"},"query-input":{"@type":"PropertyValueSpecification","valueRequired":true,"valueName":"search_term_string"}}],"inLanguage":"es"},{"@type":"Organization","@id":"https:\/\/laredlarioja.com.ar\/sitio\/#organization","name":"LA RED 88.3 LA RIOJA","url":"https:\/\/laredlarioja.com.ar\/sitio\/","logo":{"@type":"ImageObject","inLanguage":"es","@id":"https:\/\/laredlarioja.com.ar\/sitio\/#\/schema\/logo\/image\/","url":"https:\/\/laredlarioja.com.ar\/sitio\/wp-content\/uploads\/2025\/05\/LOGO-LA-RED.png","contentUrl":"https:\/\/laredlarioja.com.ar\/sitio\/wp-content\/uploads\/2025\/05\/LOGO-LA-RED.png","width":193,"height":340,"caption":"LA RED 88.3 LA RIOJA"},"image":{"@id":"https:\/\/laredlarioja.com.ar\/sitio\/#\/schema\/logo\/image\/"},"sameAs":["https:\/\/www.facebook.com\/lared.larioja","https:\/\/x.com\/laredlarioja1","https:\/\/www.instagram.com\/lared_larioja\/"]},{"@type":"Person","@id":"https:\/\/laredlarioja.com.ar\/sitio\/#\/schema\/person\/f1e213867beccedaaa4fb548d9259d9a","name":"La Red","url":"https:\/\/laredlarioja.com.ar\/sitio\/author\/lared\/"}]}},"featured_image_urls":{"full":["https:\/\/laredlarioja.com.ar\/sitio\/wp-content\/uploads\/2023\/11\/65613d31ba477_1200.jpg",1200,675,false],"thumbnail":["https:\/\/laredlarioja.com.ar\/sitio\/wp-content\/uploads\/2023\/11\/65613d31ba477_1200-150x150.jpg",150,150,true],"medium":["https:\/\/laredlarioja.com.ar\/sitio\/wp-content\/uploads\/2023\/11\/65613d31ba477_1200-300x169.jpg",300,169,true],"medium_large":["https:\/\/laredlarioja.com.ar\/sitio\/wp-content\/uploads\/2023\/11\/65613d31ba477_1200-768x432.jpg",640,360,true],"large":["https:\/\/laredlarioja.com.ar\/sitio\/wp-content\/uploads\/2023\/11\/65613d31ba477_1200-1024x576.jpg",640,360,true],"1536x1536":["https:\/\/laredlarioja.com.ar\/sitio\/wp-content\/uploads\/2023\/11\/65613d31ba477_1200.jpg",1200,675,false],"2048x2048":["https:\/\/laredlarioja.com.ar\/sitio\/wp-content\/uploads\/2023\/11\/65613d31ba477_1200.jpg",1200,675,false],"cvmm-medium":["https:\/\/laredlarioja.com.ar\/sitio\/wp-content\/uploads\/2023\/11\/65613d31ba477_1200-300x300.jpg",300,300,true],"cvmm-medium-plus":["https:\/\/laredlarioja.com.ar\/sitio\/wp-content\/uploads\/2023\/11\/65613d31ba477_1200-305x207.jpg",305,207,true],"cvmm-portrait":["https:\/\/laredlarioja.com.ar\/sitio\/wp-content\/uploads\/2023\/11\/65613d31ba477_1200-400x600.jpg",400,600,true],"cvmm-medium-square":["https:\/\/laredlarioja.com.ar\/sitio\/wp-content\/uploads\/2023\/11\/65613d31ba477_1200-600x600.jpg",600,600,true],"cvmm-large":["https:\/\/laredlarioja.com.ar\/sitio\/wp-content\/uploads\/2023\/11\/65613d31ba477_1200-1024x675.jpg",1024,675,true],"cvmm-small":["https:\/\/laredlarioja.com.ar\/sitio\/wp-content\/uploads\/2023\/11\/65613d31ba477_1200-130x95.jpg",130,95,true],"morenews-large":["https:\/\/laredlarioja.com.ar\/sitio\/wp-content\/uploads\/2023\/11\/65613d31ba477_1200-825x575.jpg",825,575,true],"morenews-medium":["https:\/\/laredlarioja.com.ar\/sitio\/wp-content\/uploads\/2023\/11\/65613d31ba477_1200-590x410.jpg",590,410,true]},"author_info":{"display_name":"La Red","author_link":"https:\/\/laredlarioja.com.ar\/sitio\/author\/lared\/"},"category_info":"<a href=\"https:\/\/laredlarioja.com.ar\/sitio\/categorias\/informacion-general\/\" rel=\"category tag\">Informaci\u00f3n General<\/a>","tag_info":"Informaci\u00f3n General","comment_count":"0","blog_post_layout_featured_media_urls":{"thumbnail":["https:\/\/laredlarioja.com.ar\/sitio\/wp-content\/uploads\/2023\/11\/65613d31ba477_1200-150x150.jpg",150,150,true],"full":["https:\/\/laredlarioja.com.ar\/sitio\/wp-content\/uploads\/2023\/11\/65613d31ba477_1200.jpg",1200,675,false]},"categories_names":{"24":{"name":"Informaci\u00f3n General","link":"https:\/\/laredlarioja.com.ar\/sitio\/categorias\/informacion-general\/"}},"tags_names":[],"comments_number":"0","wpmagazine_modules_lite_featured_media_urls":{"thumbnail":["https:\/\/laredlarioja.com.ar\/sitio\/wp-content\/uploads\/2023\/11\/65613d31ba477_1200-150x150.jpg",150,150,true],"cvmm-medium":["https:\/\/laredlarioja.com.ar\/sitio\/wp-content\/uploads\/2023\/11\/65613d31ba477_1200-300x300.jpg",300,300,true],"cvmm-medium-plus":["https:\/\/laredlarioja.com.ar\/sitio\/wp-content\/uploads\/2023\/11\/65613d31ba477_1200-305x207.jpg",305,207,true],"cvmm-portrait":["https:\/\/laredlarioja.com.ar\/sitio\/wp-content\/uploads\/2023\/11\/65613d31ba477_1200-400x600.jpg",400,600,true],"cvmm-medium-square":["https:\/\/laredlarioja.com.ar\/sitio\/wp-content\/uploads\/2023\/11\/65613d31ba477_1200-600x600.jpg",600,600,true],"cvmm-large":["https:\/\/laredlarioja.com.ar\/sitio\/wp-content\/uploads\/2023\/11\/65613d31ba477_1200-1024x675.jpg",1024,675,true],"cvmm-small":["https:\/\/laredlarioja.com.ar\/sitio\/wp-content\/uploads\/2023\/11\/65613d31ba477_1200-130x95.jpg",130,95,true],"full":["https:\/\/laredlarioja.com.ar\/sitio\/wp-content\/uploads\/2023\/11\/65613d31ba477_1200.jpg",1200,675,false]},"_links":{"self":[{"href":"https:\/\/laredlarioja.com.ar\/sitio\/wp-json\/wp\/v2\/posts\/57694","targetHints":{"allow":["GET"]}}],"collection":[{"href":"https:\/\/laredlarioja.com.ar\/sitio\/wp-json\/wp\/v2\/posts"}],"about":[{"href":"https:\/\/laredlarioja.com.ar\/sitio\/wp-json\/wp\/v2\/types\/post"}],"author":[{"embeddable":true,"href":"https:\/\/laredlarioja.com.ar\/sitio\/wp-json\/wp\/v2\/users\/10"}],"replies":[{"embeddable":true,"href":"https:\/\/laredlarioja.com.ar\/sitio\/wp-json\/wp\/v2\/comments?post=57694"}],"version-history":[{"count":1,"href":"https:\/\/laredlarioja.com.ar\/sitio\/wp-json\/wp\/v2\/posts\/57694\/revisions"}],"predecessor-version":[{"id":57695,"href":"https:\/\/laredlarioja.com.ar\/sitio\/wp-json\/wp\/v2\/posts\/57694\/revisions\/57695"}],"wp:featuredmedia":[{"embeddable":true,"href":"https:\/\/laredlarioja.com.ar\/sitio\/wp-json\/wp\/v2\/media\/39528"}],"wp:attachment":[{"href":"https:\/\/laredlarioja.com.ar\/sitio\/wp-json\/wp\/v2\/media?parent=57694"}],"wp:term":[{"taxonomy":"category","embeddable":true,"href":"https:\/\/laredlarioja.com.ar\/sitio\/wp-json\/wp\/v2\/categories?post=57694"},{"taxonomy":"post_tag","embeddable":true,"href":"https:\/\/laredlarioja.com.ar\/sitio\/wp-json\/wp\/v2\/tags?post=57694"}],"curies":[{"name":"wp","href":"https:\/\/api.w.org\/{rel}","templated":true}]}}