{"id":58324,"date":"2025-02-22T13:07:04","date_gmt":"2025-02-22T13:07:04","guid":{"rendered":"https:\/\/laredlarioja.com.ar\/sitio\/?p=58324"},"modified":"2025-02-25T14:11:49","modified_gmt":"2025-02-25T14:11:49","slug":"ley-10-767-la-rioja-amplia-las-licencias-laborales-para-padres-adoptantes","status":"publish","type":"post","link":"https:\/\/laredlarioja.com.ar\/sitio\/ley-10-767-la-rioja-amplia-las-licencias-laborales-para-padres-adoptantes\/","title":{"rendered":"Cuidados parentales: La Rioja ya cuenta con las licencias laborales por adopci\u00f3n"},"content":{"rendered":"<p>La provincia de La Rioja ha dado un paso significativo en la protecci\u00f3n de los derechos laborales y familiares con la implementaci\u00f3n de la Ley 10.767. <a href=\"https:\/\/laredlarioja.com.ar\/sitio\/ley-ulises-la-historia-que-inspiro-a-la-modificacion-del-regimen-de-licencia-por-adopcion-en-la-rioja\/\">Esta legislaci\u00f3n equipara los derechos de padres biol\u00f3gicos y adoptantes<\/a>, extendiendo las licencias laborales y fomentando la equidad parental. La ley, sancionada en 2024, por la Legislatura fue publicada en el <a href=\"http:\/\/www.boletinoflarioja.com.ar\/boletin\/2025-02-14.pdf\">Bolet\u00edn Oficial de este 24 de febrero.<\/a><\/p>\n<p>Al respecto, Elida Barrera abogada (MP 1642), en di\u00e1logo con <strong>La Red<\/strong>, expres\u00f3 que \u00abl<strong>a ley 10.767 reviste una gran importancia, atento a que equipara a los padres biol\u00f3gicos con los padres adoptantes. Si bien es cierto estaban equiparados en obligaciones, no as\u00ed en derechos<\/strong>\u201d.<\/p>\n<p>\u201cEntonces, ahora estos padres o madres que tengan a cargo ni\u00f1os que sean adoptados, desde el momento de la guarda, desde el momento de la guarda judicial, que es una etapa previa a la adopci\u00f3n, pueden tener licencia por paternidad de 180 d\u00edas\u00bb, agreg\u00f3 la letrada.<\/p>\n<p>A su vez destac\u00f3 que \u201c<strong>esta medida busca fortalecer los lazos paterno-filiales, contribuyendo a la uni\u00f3n familiar y al crecimiento de la comunidad. Eso va a contribuir a la uni\u00f3n de estos lazos paterno familiares que son tan importantes. Hace que las familias sean m\u00e1s unidas y fortalece al fortalecimiento de la sociedad\u00bb.<\/strong><\/p>\n<p><a href=\"https:\/\/laredlarioja.com.ar\/sitio\/wp-content\/uploads\/2024\/08\/adopcion.webp\"><img fetchpriority=\"high\" decoding=\"async\" class=\"alignnone wp-image-50879 size-full\" src=\"https:\/\/laredlarioja.com.ar\/sitio\/wp-content\/uploads\/2024\/08\/adopcion.webp\" alt=\"\" width=\"1200\" height=\"675\" srcset=\"https:\/\/laredlarioja.com.ar\/sitio\/wp-content\/uploads\/2024\/08\/adopcion.webp 1200w, https:\/\/laredlarioja.com.ar\/sitio\/wp-content\/uploads\/2024\/08\/adopcion-300x169.webp 300w, https:\/\/laredlarioja.com.ar\/sitio\/wp-content\/uploads\/2024\/08\/adopcion-1024x576.webp 1024w, https:\/\/laredlarioja.com.ar\/sitio\/wp-content\/uploads\/2024\/08\/adopcion-768x432.webp 768w\" sizes=\"(max-width: 1200px) 100vw, 1200px\" \/><\/a><\/p>\n<p><strong>Licencia por adopci\u00f3n<\/strong>: La ley otorga 180 d\u00edas de licencia a empleados provinciales desde el momento en que reciben la guarda con fines de adopci\u00f3n de menores de hasta 18 a\u00f1os.<\/p>\n<p><strong>Licencia por paternidad<\/strong>: Se extiende a 20 d\u00edas corridos desde el nacimiento o la notificaci\u00f3n de la guarda. Esta licencia puede anticiparse hasta 10 d\u00edas antes del parto, y si este se adelanta, los d\u00edas no usados se suman despu\u00e9s.<\/p>\n<p><strong>Beneficiarios de programas sociales<\/strong>: Se les concede una licencia de 120 d\u00edas en caso de adopci\u00f3n.<\/p>\n<p><strong>Igualdad de derechos<\/strong>: En adopciones conjuntas, el c\u00f3nyuge var\u00f3n tiene los mismos derechos.<\/p>\n<p>Esta ley refuerza la protecci\u00f3n de los trabajadores adoptantes y fomenta la equidad en la licencia parental en La Rioja.<\/p>\n<p><strong>LEY N\u00b0 10.767<\/strong><\/p>\n<p>Art\u00edculo 1\u00ba.- Modif\u00edcase el Art\u00edculo 7\u00ba de la Ley N\u00ba 5.430, el que quedar\u00e1 redactado de la siguiente manera:<br \/>\n\u201cArt\u00edculo 7\u00ba.- <strong>Todo agente tendr\u00e1 derecho a una licencia equivalente a la de posparto de ciento ochenta (180) d\u00edas, a partir de que se le otorgue la guarda con fines de <\/strong><strong>adopci\u00f3n de ni\u00f1os, ni\u00f1as o adolescentes de hasta 18 a\u00f1os<\/strong>, debidamente acreditada mediante certificaci\u00f3n expedida por autoridad judicial competente, siempre que hubiere iniciado los tr\u00e1mites tendientes a la adopci\u00f3n\u201d.<\/p>\n<p>Art\u00edculo 2\u00ba.- Modif\u00edcase el Inciso a) del Art\u00edculo 1\u00ba<br \/>\nde la Ley N\u00ba 8.146, el que quedar\u00e1 redactado de la siguiente manera:<\/p>\n<p>\u201cArt\u00edculo 1\u00ba.- (\u2026)<br \/>\na) <strong>La Licencia por Paternidad ser\u00e1 de veinte (20) d\u00edas corridos, contados a partir del nacimiento del hijo\/a o la notificaci\u00f3n fehaciente del otorgamiento de la guarda con fines de adopci\u00f3n de ni\u00f1os, ni\u00f1as o adolescentes de hasta 18 a\u00f1os de edad; y de diez (10) d\u00edas corridos, antes de la fecha prevista del nacimiento<\/strong>. En el caso de que se adelante el parto de la mujer, los d\u00edas previos no utilizados se sumar\u00e1n a la licencia posterior\u201d.<\/p>\n<p>Art\u00edculo 3\u00ba.- Modif\u00edcase el Art\u00edculo 6\u00ba de la Ley N\u00ba 9.819, el que quedar\u00e1 redactado de la siguiente forma:<br \/>\n\u201cArt\u00edculo 6\u00ba.- <strong>Todas las personas que presten servicio en la provincia de La Rioja, en calidad de personal beneficiario de programas sociales tendr\u00e1n derecho a una <\/strong><strong>licencia equitativa a la de posparto de ciento veinte (120) d\u00edas a partir de que se otorgue la guarda con fines de adopci\u00f3n de ni\u00f1os, ni\u00f1as y adolescentes de hasta 18 a\u00f1os de edad,<\/strong> debidamente acreditada mediante certificaci\u00f3n expedida por Autoridad Judicial competente, siempre que se hubieren iniciado los tr\u00e1mites tendientes a la adopci\u00f3n\u201d.<\/p>\n<p>Art\u00edculo 4\u00ba.- Modif\u00edcase el Art\u00edculo 7\u00ba de la Ley N\u00ba 9.819, el que quedar\u00e1 redactado de la siguiente forma:<br \/>\n\u201cArt\u00edculo 7\u00ba.- <strong>El beneficiario var\u00f3n tendr\u00e1 derecho a gozar por el nacimiento de un hijo\/a; cuando junto a su c\u00f3nyuge obtuviera la guarda con fines de adopci\u00f3n, de una licencia de veinte (20) d\u00edas corridos, contados a partir del nacimiento del\u00a0 hijo\/a o la notificaci\u00f3n fehaciente del otorgamiento de la guarda con fines de adopci\u00f3n de ni\u00f1os, ni\u00f1as o adolescentes de hasta los 18 a\u00f1os de edad; y diez (10) d\u00edas corridos, antes de la fecha de alumbramiento.<\/strong> En el caso de que se adelante el parto de la mujer, los d\u00edas previos no utilizados se sumar\u00e1n a la licencia posterior\u201d.<\/p>\n<p>&nbsp;<\/p>\n<p>&nbsp;<\/p>\n","protected":false},"excerpt":{"rendered":"<p>La provincia de La Rioja ha dado un paso significativo en la protecci\u00f3n de los derechos laborales y<\/p>\n","protected":false},"author":7,"featured_media":55906,"comment_status":"closed","ping_status":"open","sticky":false,"template":"","format":"standard","meta":{"footnotes":""},"categories":[24],"tags":[84],"class_list":["post-58324","post","type-post","status-publish","format-standard","has-post-thumbnail","hentry","category-informacion-general","tag-secundaria"],"yoast_head":"<!-- This site is optimized with the Yoast SEO plugin v27.4 - https:\/\/yoast.com\/product\/yoast-seo-wordpress\/ -->\n<title>Cuidados parentales: La Rioja ya cuenta con las licencias laborales por adopci\u00f3n - LA RED 88.3 LA RIOJA<\/title>\n<meta name=\"robots\" content=\"index, follow, max-snippet:-1, max-image-preview:large, max-video-preview:-1\" \/>\n<link rel=\"canonical\" href=\"https:\/\/laredlarioja.com.ar\/sitio\/ley-10-767-la-rioja-amplia-las-licencias-laborales-para-padres-adoptantes\/\" \/>\n<meta property=\"og:locale\" content=\"es_ES\" \/>\n<meta property=\"og:type\" content=\"article\" \/>\n<meta property=\"og:title\" content=\"Cuidados parentales: La Rioja ya cuenta con las licencias laborales por adopci\u00f3n - LA RED 88.3 LA RIOJA\" \/>\n<meta property=\"og:description\" content=\"La provincia de La Rioja ha dado un paso significativo en la protecci\u00f3n de los derechos laborales y\" \/>\n<meta property=\"og:url\" content=\"https:\/\/laredlarioja.com.ar\/sitio\/ley-10-767-la-rioja-amplia-las-licencias-laborales-para-padres-adoptantes\/\" \/>\n<meta property=\"og:site_name\" content=\"LA RED 88.3 LA RIOJA\" \/>\n<meta property=\"article:publisher\" content=\"https:\/\/www.facebook.com\/lared.larioja\" \/>\n<meta property=\"article:published_time\" content=\"2025-02-22T13:07:04+00:00\" \/>\n<meta property=\"article:modified_time\" content=\"2025-02-25T14:11:49+00:00\" \/>\n<meta property=\"og:image\" content=\"https:\/\/laredlarioja.com.ar\/sitio\/wp-content\/uploads\/2024\/12\/adopcion.webp\" \/>\n\t<meta property=\"og:image:width\" content=\"1200\" \/>\n\t<meta property=\"og:image:height\" content=\"800\" \/>\n\t<meta property=\"og:image:type\" content=\"image\/webp\" \/>\n<meta name=\"author\" content=\"Anabella Soria\" \/>\n<meta name=\"twitter:card\" content=\"summary_large_image\" \/>\n<meta name=\"twitter:creator\" content=\"@laredlarioja1\" \/>\n<meta name=\"twitter:site\" content=\"@laredlarioja1\" \/>\n<meta name=\"twitter:label1\" content=\"Escrito por\" \/>\n\t<meta name=\"twitter:data1\" content=\"Anabella Soria\" \/>\n\t<meta name=\"twitter:label2\" content=\"Tiempo de lectura\" \/>\n\t<meta name=\"twitter:data2\" content=\"4 minutos\" \/>\n<script type=\"application\/ld+json\" class=\"yoast-schema-graph\">{\"@context\":\"https:\\\/\\\/schema.org\",\"@graph\":[{\"@type\":\"Article\",\"@id\":\"https:\\\/\\\/laredlarioja.com.ar\\\/sitio\\\/ley-10-767-la-rioja-amplia-las-licencias-laborales-para-padres-adoptantes\\\/#article\",\"isPartOf\":{\"@id\":\"https:\\\/\\\/laredlarioja.com.ar\\\/sitio\\\/ley-10-767-la-rioja-amplia-las-licencias-laborales-para-padres-adoptantes\\\/\"},\"author\":{\"name\":\"Anabella Soria\",\"@id\":\"https:\\\/\\\/laredlarioja.com.ar\\\/sitio\\\/#\\\/schema\\\/person\\\/31f88059d20c5cf06e974fd895aec56e\"},\"headline\":\"Cuidados parentales: La Rioja ya cuenta con las licencias laborales por adopci\u00f3n\",\"datePublished\":\"2025-02-22T13:07:04+00:00\",\"dateModified\":\"2025-02-25T14:11:49+00:00\",\"mainEntityOfPage\":{\"@id\":\"https:\\\/\\\/laredlarioja.com.ar\\\/sitio\\\/ley-10-767-la-rioja-amplia-las-licencias-laborales-para-padres-adoptantes\\\/\"},\"wordCount\":800,\"publisher\":{\"@id\":\"https:\\\/\\\/laredlarioja.com.ar\\\/sitio\\\/#organization\"},\"image\":{\"@id\":\"https:\\\/\\\/laredlarioja.com.ar\\\/sitio\\\/ley-10-767-la-rioja-amplia-las-licencias-laborales-para-padres-adoptantes\\\/#primaryimage\"},\"thumbnailUrl\":\"https:\\\/\\\/laredlarioja.com.ar\\\/sitio\\\/wp-content\\\/uploads\\\/2024\\\/12\\\/adopcion.webp\",\"keywords\":[\"Secundaria\"],\"articleSection\":[\"Informaci\u00f3n General\"],\"inLanguage\":\"es\"},{\"@type\":\"WebPage\",\"@id\":\"https:\\\/\\\/laredlarioja.com.ar\\\/sitio\\\/ley-10-767-la-rioja-amplia-las-licencias-laborales-para-padres-adoptantes\\\/\",\"url\":\"https:\\\/\\\/laredlarioja.com.ar\\\/sitio\\\/ley-10-767-la-rioja-amplia-las-licencias-laborales-para-padres-adoptantes\\\/\",\"name\":\"Cuidados parentales: La Rioja ya cuenta con las licencias laborales por adopci\u00f3n - LA RED 88.3 LA RIOJA\",\"isPartOf\":{\"@id\":\"https:\\\/\\\/laredlarioja.com.ar\\\/sitio\\\/#website\"},\"primaryImageOfPage\":{\"@id\":\"https:\\\/\\\/laredlarioja.com.ar\\\/sitio\\\/ley-10-767-la-rioja-amplia-las-licencias-laborales-para-padres-adoptantes\\\/#primaryimage\"},\"image\":{\"@id\":\"https:\\\/\\\/laredlarioja.com.ar\\\/sitio\\\/ley-10-767-la-rioja-amplia-las-licencias-laborales-para-padres-adoptantes\\\/#primaryimage\"},\"thumbnailUrl\":\"https:\\\/\\\/laredlarioja.com.ar\\\/sitio\\\/wp-content\\\/uploads\\\/2024\\\/12\\\/adopcion.webp\",\"datePublished\":\"2025-02-22T13:07:04+00:00\",\"dateModified\":\"2025-02-25T14:11:49+00:00\",\"breadcrumb\":{\"@id\":\"https:\\\/\\\/laredlarioja.com.ar\\\/sitio\\\/ley-10-767-la-rioja-amplia-las-licencias-laborales-para-padres-adoptantes\\\/#breadcrumb\"},\"inLanguage\":\"es\",\"potentialAction\":[{\"@type\":\"ReadAction\",\"target\":[\"https:\\\/\\\/laredlarioja.com.ar\\\/sitio\\\/ley-10-767-la-rioja-amplia-las-licencias-laborales-para-padres-adoptantes\\\/\"]}]},{\"@type\":\"ImageObject\",\"inLanguage\":\"es\",\"@id\":\"https:\\\/\\\/laredlarioja.com.ar\\\/sitio\\\/ley-10-767-la-rioja-amplia-las-licencias-laborales-para-padres-adoptantes\\\/#primaryimage\",\"url\":\"https:\\\/\\\/laredlarioja.com.ar\\\/sitio\\\/wp-content\\\/uploads\\\/2024\\\/12\\\/adopcion.webp\",\"contentUrl\":\"https:\\\/\\\/laredlarioja.com.ar\\\/sitio\\\/wp-content\\\/uploads\\\/2024\\\/12\\\/adopcion.webp\",\"width\":1200,\"height\":800},{\"@type\":\"BreadcrumbList\",\"@id\":\"https:\\\/\\\/laredlarioja.com.ar\\\/sitio\\\/ley-10-767-la-rioja-amplia-las-licencias-laborales-para-padres-adoptantes\\\/#breadcrumb\",\"itemListElement\":[{\"@type\":\"ListItem\",\"position\":1,\"name\":\"Portada\",\"item\":\"https:\\\/\\\/laredlarioja.com.ar\\\/sitio\\\/\"},{\"@type\":\"ListItem\",\"position\":2,\"name\":\"Cuidados parentales: La Rioja ya cuenta con las licencias laborales por adopci\u00f3n\"}]},{\"@type\":\"WebSite\",\"@id\":\"https:\\\/\\\/laredlarioja.com.ar\\\/sitio\\\/#website\",\"url\":\"https:\\\/\\\/laredlarioja.com.ar\\\/sitio\\\/\",\"name\":\"LA RED 88.3 LA RIOJA\",\"description\":\"Sitio de Noticias\",\"publisher\":{\"@id\":\"https:\\\/\\\/laredlarioja.com.ar\\\/sitio\\\/#organization\"},\"potentialAction\":[{\"@type\":\"SearchAction\",\"target\":{\"@type\":\"EntryPoint\",\"urlTemplate\":\"https:\\\/\\\/laredlarioja.com.ar\\\/sitio\\\/?s={search_term_string}\"},\"query-input\":{\"@type\":\"PropertyValueSpecification\",\"valueRequired\":true,\"valueName\":\"search_term_string\"}}],\"inLanguage\":\"es\"},{\"@type\":\"Organization\",\"@id\":\"https:\\\/\\\/laredlarioja.com.ar\\\/sitio\\\/#organization\",\"name\":\"LA RED 88.3 LA RIOJA\",\"url\":\"https:\\\/\\\/laredlarioja.com.ar\\\/sitio\\\/\",\"logo\":{\"@type\":\"ImageObject\",\"inLanguage\":\"es\",\"@id\":\"https:\\\/\\\/laredlarioja.com.ar\\\/sitio\\\/#\\\/schema\\\/logo\\\/image\\\/\",\"url\":\"https:\\\/\\\/laredlarioja.com.ar\\\/sitio\\\/wp-content\\\/uploads\\\/2025\\\/05\\\/LOGO-LA-RED.png\",\"contentUrl\":\"https:\\\/\\\/laredlarioja.com.ar\\\/sitio\\\/wp-content\\\/uploads\\\/2025\\\/05\\\/LOGO-LA-RED.png\",\"width\":193,\"height\":340,\"caption\":\"LA RED 88.3 LA RIOJA\"},\"image\":{\"@id\":\"https:\\\/\\\/laredlarioja.com.ar\\\/sitio\\\/#\\\/schema\\\/logo\\\/image\\\/\"},\"sameAs\":[\"https:\\\/\\\/www.facebook.com\\\/lared.larioja\",\"https:\\\/\\\/x.com\\\/laredlarioja1\",\"https:\\\/\\\/www.instagram.com\\\/lared_larioja\\\/\"]},{\"@type\":\"Person\",\"@id\":\"https:\\\/\\\/laredlarioja.com.ar\\\/sitio\\\/#\\\/schema\\\/person\\\/31f88059d20c5cf06e974fd895aec56e\",\"name\":\"Anabella Soria\",\"url\":\"https:\\\/\\\/laredlarioja.com.ar\\\/sitio\\\/author\\\/asoria\\\/\"}]}<\/script>\n<!-- \/ Yoast SEO plugin. -->","yoast_head_json":{"title":"Cuidados parentales: La Rioja ya cuenta con las licencias laborales por adopci\u00f3n - LA RED 88.3 LA RIOJA","robots":{"index":"index","follow":"follow","max-snippet":"max-snippet:-1","max-image-preview":"max-image-preview:large","max-video-preview":"max-video-preview:-1"},"canonical":"https:\/\/laredlarioja.com.ar\/sitio\/ley-10-767-la-rioja-amplia-las-licencias-laborales-para-padres-adoptantes\/","og_locale":"es_ES","og_type":"article","og_title":"Cuidados parentales: La Rioja ya cuenta con las licencias laborales por adopci\u00f3n - LA RED 88.3 LA RIOJA","og_description":"La provincia de La Rioja ha dado un paso significativo en la protecci\u00f3n de los derechos laborales y","og_url":"https:\/\/laredlarioja.com.ar\/sitio\/ley-10-767-la-rioja-amplia-las-licencias-laborales-para-padres-adoptantes\/","og_site_name":"LA RED 88.3 LA RIOJA","article_publisher":"https:\/\/www.facebook.com\/lared.larioja","article_published_time":"2025-02-22T13:07:04+00:00","article_modified_time":"2025-02-25T14:11:49+00:00","og_image":[{"width":1200,"height":800,"url":"https:\/\/laredlarioja.com.ar\/sitio\/wp-content\/uploads\/2024\/12\/adopcion.webp","type":"image\/webp"}],"author":"Anabella Soria","twitter_card":"summary_large_image","twitter_creator":"@laredlarioja1","twitter_site":"@laredlarioja1","twitter_misc":{"Escrito por":"Anabella Soria","Tiempo de lectura":"4 minutos"},"schema":{"@context":"https:\/\/schema.org","@graph":[{"@type":"Article","@id":"https:\/\/laredlarioja.com.ar\/sitio\/ley-10-767-la-rioja-amplia-las-licencias-laborales-para-padres-adoptantes\/#article","isPartOf":{"@id":"https:\/\/laredlarioja.com.ar\/sitio\/ley-10-767-la-rioja-amplia-las-licencias-laborales-para-padres-adoptantes\/"},"author":{"name":"Anabella Soria","@id":"https:\/\/laredlarioja.com.ar\/sitio\/#\/schema\/person\/31f88059d20c5cf06e974fd895aec56e"},"headline":"Cuidados parentales: La Rioja ya cuenta con las licencias laborales por adopci\u00f3n","datePublished":"2025-02-22T13:07:04+00:00","dateModified":"2025-02-25T14:11:49+00:00","mainEntityOfPage":{"@id":"https:\/\/laredlarioja.com.ar\/sitio\/ley-10-767-la-rioja-amplia-las-licencias-laborales-para-padres-adoptantes\/"},"wordCount":800,"publisher":{"@id":"https:\/\/laredlarioja.com.ar\/sitio\/#organization"},"image":{"@id":"https:\/\/laredlarioja.com.ar\/sitio\/ley-10-767-la-rioja-amplia-las-licencias-laborales-para-padres-adoptantes\/#primaryimage"},"thumbnailUrl":"https:\/\/laredlarioja.com.ar\/sitio\/wp-content\/uploads\/2024\/12\/adopcion.webp","keywords":["Secundaria"],"articleSection":["Informaci\u00f3n General"],"inLanguage":"es"},{"@type":"WebPage","@id":"https:\/\/laredlarioja.com.ar\/sitio\/ley-10-767-la-rioja-amplia-las-licencias-laborales-para-padres-adoptantes\/","url":"https:\/\/laredlarioja.com.ar\/sitio\/ley-10-767-la-rioja-amplia-las-licencias-laborales-para-padres-adoptantes\/","name":"Cuidados parentales: La Rioja ya cuenta con las licencias laborales por adopci\u00f3n - LA RED 88.3 LA RIOJA","isPartOf":{"@id":"https:\/\/laredlarioja.com.ar\/sitio\/#website"},"primaryImageOfPage":{"@id":"https:\/\/laredlarioja.com.ar\/sitio\/ley-10-767-la-rioja-amplia-las-licencias-laborales-para-padres-adoptantes\/#primaryimage"},"image":{"@id":"https:\/\/laredlarioja.com.ar\/sitio\/ley-10-767-la-rioja-amplia-las-licencias-laborales-para-padres-adoptantes\/#primaryimage"},"thumbnailUrl":"https:\/\/laredlarioja.com.ar\/sitio\/wp-content\/uploads\/2024\/12\/adopcion.webp","datePublished":"2025-02-22T13:07:04+00:00","dateModified":"2025-02-25T14:11:49+00:00","breadcrumb":{"@id":"https:\/\/laredlarioja.com.ar\/sitio\/ley-10-767-la-rioja-amplia-las-licencias-laborales-para-padres-adoptantes\/#breadcrumb"},"inLanguage":"es","potentialAction":[{"@type":"ReadAction","target":["https:\/\/laredlarioja.com.ar\/sitio\/ley-10-767-la-rioja-amplia-las-licencias-laborales-para-padres-adoptantes\/"]}]},{"@type":"ImageObject","inLanguage":"es","@id":"https:\/\/laredlarioja.com.ar\/sitio\/ley-10-767-la-rioja-amplia-las-licencias-laborales-para-padres-adoptantes\/#primaryimage","url":"https:\/\/laredlarioja.com.ar\/sitio\/wp-content\/uploads\/2024\/12\/adopcion.webp","contentUrl":"https:\/\/laredlarioja.com.ar\/sitio\/wp-content\/uploads\/2024\/12\/adopcion.webp","width":1200,"height":800},{"@type":"BreadcrumbList","@id":"https:\/\/laredlarioja.com.ar\/sitio\/ley-10-767-la-rioja-amplia-las-licencias-laborales-para-padres-adoptantes\/#breadcrumb","itemListElement":[{"@type":"ListItem","position":1,"name":"Portada","item":"https:\/\/laredlarioja.com.ar\/sitio\/"},{"@type":"ListItem","position":2,"name":"Cuidados parentales: La Rioja ya cuenta con las licencias laborales por adopci\u00f3n"}]},{"@type":"WebSite","@id":"https:\/\/laredlarioja.com.ar\/sitio\/#website","url":"https:\/\/laredlarioja.com.ar\/sitio\/","name":"LA RED 88.3 LA RIOJA","description":"Sitio de Noticias","publisher":{"@id":"https:\/\/laredlarioja.com.ar\/sitio\/#organization"},"potentialAction":[{"@type":"SearchAction","target":{"@type":"EntryPoint","urlTemplate":"https:\/\/laredlarioja.com.ar\/sitio\/?s={search_term_string}"},"query-input":{"@type":"PropertyValueSpecification","valueRequired":true,"valueName":"search_term_string"}}],"inLanguage":"es"},{"@type":"Organization","@id":"https:\/\/laredlarioja.com.ar\/sitio\/#organization","name":"LA RED 88.3 LA RIOJA","url":"https:\/\/laredlarioja.com.ar\/sitio\/","logo":{"@type":"ImageObject","inLanguage":"es","@id":"https:\/\/laredlarioja.com.ar\/sitio\/#\/schema\/logo\/image\/","url":"https:\/\/laredlarioja.com.ar\/sitio\/wp-content\/uploads\/2025\/05\/LOGO-LA-RED.png","contentUrl":"https:\/\/laredlarioja.com.ar\/sitio\/wp-content\/uploads\/2025\/05\/LOGO-LA-RED.png","width":193,"height":340,"caption":"LA RED 88.3 LA RIOJA"},"image":{"@id":"https:\/\/laredlarioja.com.ar\/sitio\/#\/schema\/logo\/image\/"},"sameAs":["https:\/\/www.facebook.com\/lared.larioja","https:\/\/x.com\/laredlarioja1","https:\/\/www.instagram.com\/lared_larioja\/"]},{"@type":"Person","@id":"https:\/\/laredlarioja.com.ar\/sitio\/#\/schema\/person\/31f88059d20c5cf06e974fd895aec56e","name":"Anabella Soria","url":"https:\/\/laredlarioja.com.ar\/sitio\/author\/asoria\/"}]}},"featured_image_urls":{"full":["https:\/\/laredlarioja.com.ar\/sitio\/wp-content\/uploads\/2024\/12\/adopcion.webp",1200,800,false],"thumbnail":["https:\/\/laredlarioja.com.ar\/sitio\/wp-content\/uploads\/2024\/12\/adopcion-150x150.webp",150,150,true],"medium":["https:\/\/laredlarioja.com.ar\/sitio\/wp-content\/uploads\/2024\/12\/adopcion-300x200.webp",300,200,true],"medium_large":["https:\/\/laredlarioja.com.ar\/sitio\/wp-content\/uploads\/2024\/12\/adopcion-768x512.webp",640,427,true],"large":["https:\/\/laredlarioja.com.ar\/sitio\/wp-content\/uploads\/2024\/12\/adopcion-1024x683.webp",640,427,true],"1536x1536":["https:\/\/laredlarioja.com.ar\/sitio\/wp-content\/uploads\/2024\/12\/adopcion.webp",1200,800,false],"2048x2048":["https:\/\/laredlarioja.com.ar\/sitio\/wp-content\/uploads\/2024\/12\/adopcion.webp",1200,800,false],"cvmm-medium":["https:\/\/laredlarioja.com.ar\/sitio\/wp-content\/uploads\/2024\/12\/adopcion-300x300.webp",300,300,true],"cvmm-medium-plus":["https:\/\/laredlarioja.com.ar\/sitio\/wp-content\/uploads\/2024\/12\/adopcion-305x207.webp",305,207,true],"cvmm-portrait":["https:\/\/laredlarioja.com.ar\/sitio\/wp-content\/uploads\/2024\/12\/adopcion-400x600.webp",400,600,true],"cvmm-medium-square":["https:\/\/laredlarioja.com.ar\/sitio\/wp-content\/uploads\/2024\/12\/adopcion-600x600.webp",600,600,true],"cvmm-large":["https:\/\/laredlarioja.com.ar\/sitio\/wp-content\/uploads\/2024\/12\/adopcion-1024x800.webp",1024,800,true],"cvmm-small":["https:\/\/laredlarioja.com.ar\/sitio\/wp-content\/uploads\/2024\/12\/adopcion-130x95.webp",130,95,true],"morenews-large":["https:\/\/laredlarioja.com.ar\/sitio\/wp-content\/uploads\/2024\/12\/adopcion-825x575.webp",825,575,true],"morenews-medium":["https:\/\/laredlarioja.com.ar\/sitio\/wp-content\/uploads\/2024\/12\/adopcion-590x410.webp",590,410,true]},"author_info":{"display_name":"Anabella Soria","author_link":"https:\/\/laredlarioja.com.ar\/sitio\/author\/asoria\/"},"category_info":"<a href=\"https:\/\/laredlarioja.com.ar\/sitio\/categorias\/informacion-general\/\" rel=\"category tag\">Informaci\u00f3n General<\/a>","tag_info":"Informaci\u00f3n General","comment_count":"0","blog_post_layout_featured_media_urls":{"thumbnail":["https:\/\/laredlarioja.com.ar\/sitio\/wp-content\/uploads\/2024\/12\/adopcion-150x150.webp",150,150,true],"full":["https:\/\/laredlarioja.com.ar\/sitio\/wp-content\/uploads\/2024\/12\/adopcion.webp",1200,800,false]},"categories_names":{"24":{"name":"Informaci\u00f3n General","link":"https:\/\/laredlarioja.com.ar\/sitio\/categorias\/informacion-general\/"}},"tags_names":{"84":{"name":"Secundaria","link":"https:\/\/laredlarioja.com.ar\/sitio\/etiquetas\/secundaria\/"}},"comments_number":"0","wpmagazine_modules_lite_featured_media_urls":{"thumbnail":["https:\/\/laredlarioja.com.ar\/sitio\/wp-content\/uploads\/2024\/12\/adopcion-150x150.webp",150,150,true],"cvmm-medium":["https:\/\/laredlarioja.com.ar\/sitio\/wp-content\/uploads\/2024\/12\/adopcion-300x300.webp",300,300,true],"cvmm-medium-plus":["https:\/\/laredlarioja.com.ar\/sitio\/wp-content\/uploads\/2024\/12\/adopcion-305x207.webp",305,207,true],"cvmm-portrait":["https:\/\/laredlarioja.com.ar\/sitio\/wp-content\/uploads\/2024\/12\/adopcion-400x600.webp",400,600,true],"cvmm-medium-square":["https:\/\/laredlarioja.com.ar\/sitio\/wp-content\/uploads\/2024\/12\/adopcion-600x600.webp",600,600,true],"cvmm-large":["https:\/\/laredlarioja.com.ar\/sitio\/wp-content\/uploads\/2024\/12\/adopcion-1024x800.webp",1024,800,true],"cvmm-small":["https:\/\/laredlarioja.com.ar\/sitio\/wp-content\/uploads\/2024\/12\/adopcion-130x95.webp",130,95,true],"full":["https:\/\/laredlarioja.com.ar\/sitio\/wp-content\/uploads\/2024\/12\/adopcion.webp",1200,800,false]},"_links":{"self":[{"href":"https:\/\/laredlarioja.com.ar\/sitio\/wp-json\/wp\/v2\/posts\/58324","targetHints":{"allow":["GET"]}}],"collection":[{"href":"https:\/\/laredlarioja.com.ar\/sitio\/wp-json\/wp\/v2\/posts"}],"about":[{"href":"https:\/\/laredlarioja.com.ar\/sitio\/wp-json\/wp\/v2\/types\/post"}],"author":[{"embeddable":true,"href":"https:\/\/laredlarioja.com.ar\/sitio\/wp-json\/wp\/v2\/users\/7"}],"replies":[{"embeddable":true,"href":"https:\/\/laredlarioja.com.ar\/sitio\/wp-json\/wp\/v2\/comments?post=58324"}],"version-history":[{"count":4,"href":"https:\/\/laredlarioja.com.ar\/sitio\/wp-json\/wp\/v2\/posts\/58324\/revisions"}],"predecessor-version":[{"id":58332,"href":"https:\/\/laredlarioja.com.ar\/sitio\/wp-json\/wp\/v2\/posts\/58324\/revisions\/58332"}],"wp:featuredmedia":[{"embeddable":true,"href":"https:\/\/laredlarioja.com.ar\/sitio\/wp-json\/wp\/v2\/media\/55906"}],"wp:attachment":[{"href":"https:\/\/laredlarioja.com.ar\/sitio\/wp-json\/wp\/v2\/media?parent=58324"}],"wp:term":[{"taxonomy":"category","embeddable":true,"href":"https:\/\/laredlarioja.com.ar\/sitio\/wp-json\/wp\/v2\/categories?post=58324"},{"taxonomy":"post_tag","embeddable":true,"href":"https:\/\/laredlarioja.com.ar\/sitio\/wp-json\/wp\/v2\/tags?post=58324"}],"curies":[{"name":"wp","href":"https:\/\/api.w.org\/{rel}","templated":true}]}}