{"id":58778,"date":"2025-03-05T23:07:34","date_gmt":"2025-03-05T23:07:34","guid":{"rendered":"https:\/\/laredlarioja.com.ar\/sitio\/?p=58778"},"modified":"2025-03-06T13:21:29","modified_gmt":"2025-03-06T13:21:29","slug":"chilecito-la-junticia-dictamino-falta-de-merito-para-hugo-bustos","status":"publish","type":"post","link":"https:\/\/laredlarioja.com.ar\/sitio\/chilecito-la-junticia-dictamino-falta-de-merito-para-hugo-bustos\/","title":{"rendered":"Falta de m\u00e9rito para Hugo Bustos Nallim investigado por homicidio culposo"},"content":{"rendered":"<p>Este mi\u00e9rcoles se conoci\u00f3 que el Juzgado de Instrucci\u00f3n en lo Criminal y Correccional N\u00b0 1 de Chilecito, <strong>dictamin\u00f3 la falta de m\u00e9rito para Hugo Omar Bustos Nallim,\u00a0 investigado por homicidio culposo y lesiones graves culposas agravadas por fuga<\/strong>, luego de protagonizar un siniestro vial el pasado 15 de septiembre en Chilecito. Consecuencia del siniestro\u00a0 falleci\u00f3 un joven que transitaba en una moto.<\/p>\n<p>Esta decisi\u00f3n judicial indica que no hay pruebas suficientes para proceder con su procesamiento ni para su sobreseimiento, lo que deja abierta la causa a futuras indagaciones.<\/p>\n<p>Adem\u00e1s, el tribunal tambi\u00e9n determin\u00f3 la falta de m\u00e9rito para tres personas implicadas en el caso: Marcos Robles, Kevin Robles y Jos\u00e9 Luis Moreno, quienes estaban imputados por encubrimiento. La resoluci\u00f3n implica su liberaci\u00f3n inmediata y la notificaci\u00f3n al Registro Nacional de Reincidencia.<\/p>\n<p>La investigaci\u00f3n enfrent\u00f3 desde sus comienzos, desaf\u00edos significativos debido a informes periciales que presentaron conclusiones contradictorias. Ante esta situaci\u00f3n, la Justicia decidi\u00f3 nombrar un nuevo perito con el fin de evaluar los dict\u00e1menes previos sin realizar nuevas pruebas si es posible. A su vez, se ha ordenado una pericia qu\u00edmica sobre muestras de sangre que se encuentran en poder de la Polic\u00eda Judicial.<\/p>\n<p>En cuanto al avance del proceso, se program\u00f3 adem\u00e1s audiencias para la declaraci\u00f3n de testigos entre el 25 y el 27 de marzo, mientras que la apertura de pruebas digitales est\u00e1 prevista para el 3 de abril. La investigaci\u00f3n sigue su curso con el objetivo claro de esclarecer los hechos.<\/p>\n<p>Recordemos que el siniestro, que dio origen a esta causa tuvo lugar en la madrugada del domingo 15 de septiembre del 2024 en la Ruta 12. En este tr\u00e1gico evento, un autom\u00f3vil y una motocicleta colisionaron gravemente. Por su parte, el comisario Hugo Escudero, inform\u00f3 en su momento que al llegar al lugar del accidente, las autoridades encontraron restos pl\u00e1sticos provenientes de ambos veh\u00edculos, lo que confirm\u00f3 que se trataba efectivamente de una colisi\u00f3n entre dos rodados.<\/p>\n<p>Hugo Nallim Bustos, conductor del autom\u00f3vil involucrado, de 40 a\u00f1os, se present\u00f3 voluntariamente luego de unas horas de haber ocurrido el hecho, en la Comisar\u00eda Primera, donde admiti\u00f3 su participaci\u00f3n en el siniestro. Las autoridades incautaron su veh\u00edculo y realizaron las pruebas pertinentes para determinar si se encontraba bajo los efectos del alcohol. Seg\u00fan el comisario Escudero, la primera prueba con alcohol\u00edmetro result\u00f3 negativa; sin embargo, se procedi\u00f3 a extraer sangre y orina para un an\u00e1lisis m\u00e1s preciso.<\/p>\n<p>En el caso de la motocicleta, esta era conducida por dos adolescentes; lamentablemente, uno de ellos falleci\u00f3 horas despu\u00e9s en el hospital.<\/p>\n<p>La comunidad sigue atenta a los avances en este caso que ha conmocionado a la localidad, esperando justicia y claridad sobre los hechos ocurridos aquella fat\u00eddica noche.<\/p>\n<p>Fuente: Diario Chilecito<\/p>\n","protected":false},"excerpt":{"rendered":"<p>Este mi\u00e9rcoles se conoci\u00f3 que el Juzgado de Instrucci\u00f3n en lo Criminal y Correccional N\u00b0 1 de Chilecito,<\/p>\n","protected":false},"author":13,"featured_media":49991,"comment_status":"closed","ping_status":"open","sticky":false,"template":"","format":"standard","meta":{"footnotes":""},"categories":[24],"tags":[84],"class_list":["post-58778","post","type-post","status-publish","format-standard","has-post-thumbnail","hentry","category-informacion-general","tag-secundaria"],"yoast_head":"<!-- This site is optimized with the Yoast SEO plugin v27.4 - https:\/\/yoast.com\/product\/yoast-seo-wordpress\/ -->\n<title>Falta de m\u00e9rito para Hugo Bustos Nallim investigado por homicidio culposo - LA RED 88.3 LA RIOJA<\/title>\n<meta name=\"robots\" content=\"index, follow, max-snippet:-1, max-image-preview:large, max-video-preview:-1\" \/>\n<link rel=\"canonical\" href=\"https:\/\/laredlarioja.com.ar\/sitio\/chilecito-la-junticia-dictamino-falta-de-merito-para-hugo-bustos\/\" \/>\n<meta property=\"og:locale\" content=\"es_ES\" \/>\n<meta property=\"og:type\" content=\"article\" \/>\n<meta property=\"og:title\" content=\"Falta de m\u00e9rito para Hugo Bustos Nallim investigado por homicidio culposo - LA RED 88.3 LA RIOJA\" \/>\n<meta property=\"og:description\" content=\"Este mi\u00e9rcoles se conoci\u00f3 que el Juzgado de Instrucci\u00f3n en lo Criminal y Correccional N\u00b0 1 de Chilecito,\" \/>\n<meta property=\"og:url\" content=\"https:\/\/laredlarioja.com.ar\/sitio\/chilecito-la-junticia-dictamino-falta-de-merito-para-hugo-bustos\/\" \/>\n<meta property=\"og:site_name\" content=\"LA RED 88.3 LA RIOJA\" \/>\n<meta property=\"article:publisher\" content=\"https:\/\/www.facebook.com\/lared.larioja\" \/>\n<meta property=\"article:published_time\" content=\"2025-03-05T23:07:34+00:00\" \/>\n<meta property=\"article:modified_time\" content=\"2025-03-06T13:21:29+00:00\" \/>\n<meta property=\"og:image\" content=\"https:\/\/laredlarioja.com.ar\/sitio\/wp-content\/uploads\/2024\/08\/pixelcut-export-18-scaled.jpeg\" \/>\n\t<meta property=\"og:image:width\" content=\"2560\" \/>\n\t<meta property=\"og:image:height\" content=\"1707\" \/>\n\t<meta property=\"og:image:type\" content=\"image\/jpeg\" \/>\n<meta name=\"author\" content=\"Maria De La Vega\" \/>\n<meta name=\"twitter:card\" content=\"summary_large_image\" \/>\n<meta name=\"twitter:creator\" content=\"@laredlarioja1\" \/>\n<meta name=\"twitter:site\" content=\"@laredlarioja1\" \/>\n<meta name=\"twitter:label1\" content=\"Escrito por\" \/>\n\t<meta name=\"twitter:data1\" content=\"Maria De La Vega\" \/>\n\t<meta name=\"twitter:label2\" content=\"Tiempo de lectura\" \/>\n\t<meta name=\"twitter:data2\" content=\"3 minutos\" \/>\n<script type=\"application\/ld+json\" class=\"yoast-schema-graph\">{\"@context\":\"https:\\\/\\\/schema.org\",\"@graph\":[{\"@type\":\"Article\",\"@id\":\"https:\\\/\\\/laredlarioja.com.ar\\\/sitio\\\/chilecito-la-junticia-dictamino-falta-de-merito-para-hugo-bustos\\\/#article\",\"isPartOf\":{\"@id\":\"https:\\\/\\\/laredlarioja.com.ar\\\/sitio\\\/chilecito-la-junticia-dictamino-falta-de-merito-para-hugo-bustos\\\/\"},\"author\":{\"name\":\"Maria De La Vega\",\"@id\":\"https:\\\/\\\/laredlarioja.com.ar\\\/sitio\\\/#\\\/schema\\\/person\\\/8b98ebe852851a8bdc8acd6ec6918de9\"},\"headline\":\"Falta de m\u00e9rito para Hugo Bustos Nallim investigado por homicidio culposo\",\"datePublished\":\"2025-03-05T23:07:34+00:00\",\"dateModified\":\"2025-03-06T13:21:29+00:00\",\"mainEntityOfPage\":{\"@id\":\"https:\\\/\\\/laredlarioja.com.ar\\\/sitio\\\/chilecito-la-junticia-dictamino-falta-de-merito-para-hugo-bustos\\\/\"},\"wordCount\":491,\"publisher\":{\"@id\":\"https:\\\/\\\/laredlarioja.com.ar\\\/sitio\\\/#organization\"},\"image\":{\"@id\":\"https:\\\/\\\/laredlarioja.com.ar\\\/sitio\\\/chilecito-la-junticia-dictamino-falta-de-merito-para-hugo-bustos\\\/#primaryimage\"},\"thumbnailUrl\":\"https:\\\/\\\/laredlarioja.com.ar\\\/sitio\\\/wp-content\\\/uploads\\\/2024\\\/08\\\/pixelcut-export-18-scaled.jpeg\",\"keywords\":[\"Secundaria\"],\"articleSection\":[\"Informaci\u00f3n General\"],\"inLanguage\":\"es\"},{\"@type\":\"WebPage\",\"@id\":\"https:\\\/\\\/laredlarioja.com.ar\\\/sitio\\\/chilecito-la-junticia-dictamino-falta-de-merito-para-hugo-bustos\\\/\",\"url\":\"https:\\\/\\\/laredlarioja.com.ar\\\/sitio\\\/chilecito-la-junticia-dictamino-falta-de-merito-para-hugo-bustos\\\/\",\"name\":\"Falta de m\u00e9rito para Hugo Bustos Nallim investigado por homicidio culposo - LA RED 88.3 LA RIOJA\",\"isPartOf\":{\"@id\":\"https:\\\/\\\/laredlarioja.com.ar\\\/sitio\\\/#website\"},\"primaryImageOfPage\":{\"@id\":\"https:\\\/\\\/laredlarioja.com.ar\\\/sitio\\\/chilecito-la-junticia-dictamino-falta-de-merito-para-hugo-bustos\\\/#primaryimage\"},\"image\":{\"@id\":\"https:\\\/\\\/laredlarioja.com.ar\\\/sitio\\\/chilecito-la-junticia-dictamino-falta-de-merito-para-hugo-bustos\\\/#primaryimage\"},\"thumbnailUrl\":\"https:\\\/\\\/laredlarioja.com.ar\\\/sitio\\\/wp-content\\\/uploads\\\/2024\\\/08\\\/pixelcut-export-18-scaled.jpeg\",\"datePublished\":\"2025-03-05T23:07:34+00:00\",\"dateModified\":\"2025-03-06T13:21:29+00:00\",\"breadcrumb\":{\"@id\":\"https:\\\/\\\/laredlarioja.com.ar\\\/sitio\\\/chilecito-la-junticia-dictamino-falta-de-merito-para-hugo-bustos\\\/#breadcrumb\"},\"inLanguage\":\"es\",\"potentialAction\":[{\"@type\":\"ReadAction\",\"target\":[\"https:\\\/\\\/laredlarioja.com.ar\\\/sitio\\\/chilecito-la-junticia-dictamino-falta-de-merito-para-hugo-bustos\\\/\"]}]},{\"@type\":\"ImageObject\",\"inLanguage\":\"es\",\"@id\":\"https:\\\/\\\/laredlarioja.com.ar\\\/sitio\\\/chilecito-la-junticia-dictamino-falta-de-merito-para-hugo-bustos\\\/#primaryimage\",\"url\":\"https:\\\/\\\/laredlarioja.com.ar\\\/sitio\\\/wp-content\\\/uploads\\\/2024\\\/08\\\/pixelcut-export-18-scaled.jpeg\",\"contentUrl\":\"https:\\\/\\\/laredlarioja.com.ar\\\/sitio\\\/wp-content\\\/uploads\\\/2024\\\/08\\\/pixelcut-export-18-scaled.jpeg\",\"width\":2560,\"height\":1707,\"caption\":\"Foto: Alejandro Galleguillo (El Independiente)\"},{\"@type\":\"BreadcrumbList\",\"@id\":\"https:\\\/\\\/laredlarioja.com.ar\\\/sitio\\\/chilecito-la-junticia-dictamino-falta-de-merito-para-hugo-bustos\\\/#breadcrumb\",\"itemListElement\":[{\"@type\":\"ListItem\",\"position\":1,\"name\":\"Portada\",\"item\":\"https:\\\/\\\/laredlarioja.com.ar\\\/sitio\\\/\"},{\"@type\":\"ListItem\",\"position\":2,\"name\":\"Falta de m\u00e9rito para Hugo Bustos Nallim investigado por homicidio culposo\"}]},{\"@type\":\"WebSite\",\"@id\":\"https:\\\/\\\/laredlarioja.com.ar\\\/sitio\\\/#website\",\"url\":\"https:\\\/\\\/laredlarioja.com.ar\\\/sitio\\\/\",\"name\":\"LA RED 88.3 LA RIOJA\",\"description\":\"Sitio de Noticias\",\"publisher\":{\"@id\":\"https:\\\/\\\/laredlarioja.com.ar\\\/sitio\\\/#organization\"},\"potentialAction\":[{\"@type\":\"SearchAction\",\"target\":{\"@type\":\"EntryPoint\",\"urlTemplate\":\"https:\\\/\\\/laredlarioja.com.ar\\\/sitio\\\/?s={search_term_string}\"},\"query-input\":{\"@type\":\"PropertyValueSpecification\",\"valueRequired\":true,\"valueName\":\"search_term_string\"}}],\"inLanguage\":\"es\"},{\"@type\":\"Organization\",\"@id\":\"https:\\\/\\\/laredlarioja.com.ar\\\/sitio\\\/#organization\",\"name\":\"LA RED 88.3 LA RIOJA\",\"url\":\"https:\\\/\\\/laredlarioja.com.ar\\\/sitio\\\/\",\"logo\":{\"@type\":\"ImageObject\",\"inLanguage\":\"es\",\"@id\":\"https:\\\/\\\/laredlarioja.com.ar\\\/sitio\\\/#\\\/schema\\\/logo\\\/image\\\/\",\"url\":\"https:\\\/\\\/laredlarioja.com.ar\\\/sitio\\\/wp-content\\\/uploads\\\/2025\\\/05\\\/LOGO-LA-RED.png\",\"contentUrl\":\"https:\\\/\\\/laredlarioja.com.ar\\\/sitio\\\/wp-content\\\/uploads\\\/2025\\\/05\\\/LOGO-LA-RED.png\",\"width\":193,\"height\":340,\"caption\":\"LA RED 88.3 LA RIOJA\"},\"image\":{\"@id\":\"https:\\\/\\\/laredlarioja.com.ar\\\/sitio\\\/#\\\/schema\\\/logo\\\/image\\\/\"},\"sameAs\":[\"https:\\\/\\\/www.facebook.com\\\/lared.larioja\",\"https:\\\/\\\/x.com\\\/laredlarioja1\",\"https:\\\/\\\/www.instagram.com\\\/lared_larioja\\\/\"]},{\"@type\":\"Person\",\"@id\":\"https:\\\/\\\/laredlarioja.com.ar\\\/sitio\\\/#\\\/schema\\\/person\\\/8b98ebe852851a8bdc8acd6ec6918de9\",\"name\":\"Maria De La Vega\",\"sameAs\":[\"http:\\\/\\\/laredlarioja.com.ar\"],\"url\":\"https:\\\/\\\/laredlarioja.com.ar\\\/sitio\\\/author\\\/maru\\\/\"}]}<\/script>\n<!-- \/ Yoast SEO plugin. -->","yoast_head_json":{"title":"Falta de m\u00e9rito para Hugo Bustos Nallim investigado por homicidio culposo - LA RED 88.3 LA RIOJA","robots":{"index":"index","follow":"follow","max-snippet":"max-snippet:-1","max-image-preview":"max-image-preview:large","max-video-preview":"max-video-preview:-1"},"canonical":"https:\/\/laredlarioja.com.ar\/sitio\/chilecito-la-junticia-dictamino-falta-de-merito-para-hugo-bustos\/","og_locale":"es_ES","og_type":"article","og_title":"Falta de m\u00e9rito para Hugo Bustos Nallim investigado por homicidio culposo - LA RED 88.3 LA RIOJA","og_description":"Este mi\u00e9rcoles se conoci\u00f3 que el Juzgado de Instrucci\u00f3n en lo Criminal y Correccional N\u00b0 1 de Chilecito,","og_url":"https:\/\/laredlarioja.com.ar\/sitio\/chilecito-la-junticia-dictamino-falta-de-merito-para-hugo-bustos\/","og_site_name":"LA RED 88.3 LA RIOJA","article_publisher":"https:\/\/www.facebook.com\/lared.larioja","article_published_time":"2025-03-05T23:07:34+00:00","article_modified_time":"2025-03-06T13:21:29+00:00","og_image":[{"width":2560,"height":1707,"url":"https:\/\/laredlarioja.com.ar\/sitio\/wp-content\/uploads\/2024\/08\/pixelcut-export-18-scaled.jpeg","type":"image\/jpeg"}],"author":"Maria De La Vega","twitter_card":"summary_large_image","twitter_creator":"@laredlarioja1","twitter_site":"@laredlarioja1","twitter_misc":{"Escrito por":"Maria De La Vega","Tiempo de lectura":"3 minutos"},"schema":{"@context":"https:\/\/schema.org","@graph":[{"@type":"Article","@id":"https:\/\/laredlarioja.com.ar\/sitio\/chilecito-la-junticia-dictamino-falta-de-merito-para-hugo-bustos\/#article","isPartOf":{"@id":"https:\/\/laredlarioja.com.ar\/sitio\/chilecito-la-junticia-dictamino-falta-de-merito-para-hugo-bustos\/"},"author":{"name":"Maria De La Vega","@id":"https:\/\/laredlarioja.com.ar\/sitio\/#\/schema\/person\/8b98ebe852851a8bdc8acd6ec6918de9"},"headline":"Falta de m\u00e9rito para Hugo Bustos Nallim investigado por homicidio culposo","datePublished":"2025-03-05T23:07:34+00:00","dateModified":"2025-03-06T13:21:29+00:00","mainEntityOfPage":{"@id":"https:\/\/laredlarioja.com.ar\/sitio\/chilecito-la-junticia-dictamino-falta-de-merito-para-hugo-bustos\/"},"wordCount":491,"publisher":{"@id":"https:\/\/laredlarioja.com.ar\/sitio\/#organization"},"image":{"@id":"https:\/\/laredlarioja.com.ar\/sitio\/chilecito-la-junticia-dictamino-falta-de-merito-para-hugo-bustos\/#primaryimage"},"thumbnailUrl":"https:\/\/laredlarioja.com.ar\/sitio\/wp-content\/uploads\/2024\/08\/pixelcut-export-18-scaled.jpeg","keywords":["Secundaria"],"articleSection":["Informaci\u00f3n General"],"inLanguage":"es"},{"@type":"WebPage","@id":"https:\/\/laredlarioja.com.ar\/sitio\/chilecito-la-junticia-dictamino-falta-de-merito-para-hugo-bustos\/","url":"https:\/\/laredlarioja.com.ar\/sitio\/chilecito-la-junticia-dictamino-falta-de-merito-para-hugo-bustos\/","name":"Falta de m\u00e9rito para Hugo Bustos Nallim investigado por homicidio culposo - LA RED 88.3 LA RIOJA","isPartOf":{"@id":"https:\/\/laredlarioja.com.ar\/sitio\/#website"},"primaryImageOfPage":{"@id":"https:\/\/laredlarioja.com.ar\/sitio\/chilecito-la-junticia-dictamino-falta-de-merito-para-hugo-bustos\/#primaryimage"},"image":{"@id":"https:\/\/laredlarioja.com.ar\/sitio\/chilecito-la-junticia-dictamino-falta-de-merito-para-hugo-bustos\/#primaryimage"},"thumbnailUrl":"https:\/\/laredlarioja.com.ar\/sitio\/wp-content\/uploads\/2024\/08\/pixelcut-export-18-scaled.jpeg","datePublished":"2025-03-05T23:07:34+00:00","dateModified":"2025-03-06T13:21:29+00:00","breadcrumb":{"@id":"https:\/\/laredlarioja.com.ar\/sitio\/chilecito-la-junticia-dictamino-falta-de-merito-para-hugo-bustos\/#breadcrumb"},"inLanguage":"es","potentialAction":[{"@type":"ReadAction","target":["https:\/\/laredlarioja.com.ar\/sitio\/chilecito-la-junticia-dictamino-falta-de-merito-para-hugo-bustos\/"]}]},{"@type":"ImageObject","inLanguage":"es","@id":"https:\/\/laredlarioja.com.ar\/sitio\/chilecito-la-junticia-dictamino-falta-de-merito-para-hugo-bustos\/#primaryimage","url":"https:\/\/laredlarioja.com.ar\/sitio\/wp-content\/uploads\/2024\/08\/pixelcut-export-18-scaled.jpeg","contentUrl":"https:\/\/laredlarioja.com.ar\/sitio\/wp-content\/uploads\/2024\/08\/pixelcut-export-18-scaled.jpeg","width":2560,"height":1707,"caption":"Foto: Alejandro Galleguillo (El Independiente)"},{"@type":"BreadcrumbList","@id":"https:\/\/laredlarioja.com.ar\/sitio\/chilecito-la-junticia-dictamino-falta-de-merito-para-hugo-bustos\/#breadcrumb","itemListElement":[{"@type":"ListItem","position":1,"name":"Portada","item":"https:\/\/laredlarioja.com.ar\/sitio\/"},{"@type":"ListItem","position":2,"name":"Falta de m\u00e9rito para Hugo Bustos Nallim investigado por homicidio culposo"}]},{"@type":"WebSite","@id":"https:\/\/laredlarioja.com.ar\/sitio\/#website","url":"https:\/\/laredlarioja.com.ar\/sitio\/","name":"LA RED 88.3 LA RIOJA","description":"Sitio de Noticias","publisher":{"@id":"https:\/\/laredlarioja.com.ar\/sitio\/#organization"},"potentialAction":[{"@type":"SearchAction","target":{"@type":"EntryPoint","urlTemplate":"https:\/\/laredlarioja.com.ar\/sitio\/?s={search_term_string}"},"query-input":{"@type":"PropertyValueSpecification","valueRequired":true,"valueName":"search_term_string"}}],"inLanguage":"es"},{"@type":"Organization","@id":"https:\/\/laredlarioja.com.ar\/sitio\/#organization","name":"LA RED 88.3 LA RIOJA","url":"https:\/\/laredlarioja.com.ar\/sitio\/","logo":{"@type":"ImageObject","inLanguage":"es","@id":"https:\/\/laredlarioja.com.ar\/sitio\/#\/schema\/logo\/image\/","url":"https:\/\/laredlarioja.com.ar\/sitio\/wp-content\/uploads\/2025\/05\/LOGO-LA-RED.png","contentUrl":"https:\/\/laredlarioja.com.ar\/sitio\/wp-content\/uploads\/2025\/05\/LOGO-LA-RED.png","width":193,"height":340,"caption":"LA RED 88.3 LA RIOJA"},"image":{"@id":"https:\/\/laredlarioja.com.ar\/sitio\/#\/schema\/logo\/image\/"},"sameAs":["https:\/\/www.facebook.com\/lared.larioja","https:\/\/x.com\/laredlarioja1","https:\/\/www.instagram.com\/lared_larioja\/"]},{"@type":"Person","@id":"https:\/\/laredlarioja.com.ar\/sitio\/#\/schema\/person\/8b98ebe852851a8bdc8acd6ec6918de9","name":"Maria De La Vega","sameAs":["http:\/\/laredlarioja.com.ar"],"url":"https:\/\/laredlarioja.com.ar\/sitio\/author\/maru\/"}]}},"featured_image_urls":{"full":["https:\/\/laredlarioja.com.ar\/sitio\/wp-content\/uploads\/2024\/08\/pixelcut-export-18-scaled.jpeg",2560,1707,false],"thumbnail":["https:\/\/laredlarioja.com.ar\/sitio\/wp-content\/uploads\/2024\/08\/pixelcut-export-18-150x150.jpeg",150,150,true],"medium":["https:\/\/laredlarioja.com.ar\/sitio\/wp-content\/uploads\/2024\/08\/pixelcut-export-18-300x200.jpeg",300,200,true],"medium_large":["https:\/\/laredlarioja.com.ar\/sitio\/wp-content\/uploads\/2024\/08\/pixelcut-export-18-768x512.jpeg",640,427,true],"large":["https:\/\/laredlarioja.com.ar\/sitio\/wp-content\/uploads\/2024\/08\/pixelcut-export-18-1024x683.jpeg",640,427,true],"1536x1536":["https:\/\/laredlarioja.com.ar\/sitio\/wp-content\/uploads\/2024\/08\/pixelcut-export-18-1536x1024.jpeg",1536,1024,true],"2048x2048":["https:\/\/laredlarioja.com.ar\/sitio\/wp-content\/uploads\/2024\/08\/pixelcut-export-18-2048x1365.jpeg",2048,1365,true],"cvmm-medium":["https:\/\/laredlarioja.com.ar\/sitio\/wp-content\/uploads\/2024\/08\/pixelcut-export-18-300x300.jpeg",300,300,true],"cvmm-medium-plus":["https:\/\/laredlarioja.com.ar\/sitio\/wp-content\/uploads\/2024\/08\/pixelcut-export-18-305x207.jpeg",305,207,true],"cvmm-portrait":["https:\/\/laredlarioja.com.ar\/sitio\/wp-content\/uploads\/2024\/08\/pixelcut-export-18-400x600.jpeg",400,600,true],"cvmm-medium-square":["https:\/\/laredlarioja.com.ar\/sitio\/wp-content\/uploads\/2024\/08\/pixelcut-export-18-600x600.jpeg",600,600,true],"cvmm-large":["https:\/\/laredlarioja.com.ar\/sitio\/wp-content\/uploads\/2024\/08\/pixelcut-export-18-1024x1024.jpeg",1024,1024,true],"cvmm-small":["https:\/\/laredlarioja.com.ar\/sitio\/wp-content\/uploads\/2024\/08\/pixelcut-export-18-130x95.jpeg",130,95,true],"morenews-large":["https:\/\/laredlarioja.com.ar\/sitio\/wp-content\/uploads\/2024\/08\/pixelcut-export-18-825x575.jpeg",825,575,true],"morenews-medium":["https:\/\/laredlarioja.com.ar\/sitio\/wp-content\/uploads\/2024\/08\/pixelcut-export-18-590x410.jpeg",590,410,true]},"author_info":{"display_name":"Maria De La Vega","author_link":"https:\/\/laredlarioja.com.ar\/sitio\/author\/maru\/"},"category_info":"<a href=\"https:\/\/laredlarioja.com.ar\/sitio\/categorias\/informacion-general\/\" rel=\"category tag\">Informaci\u00f3n General<\/a>","tag_info":"Informaci\u00f3n General","comment_count":"0","blog_post_layout_featured_media_urls":{"thumbnail":["https:\/\/laredlarioja.com.ar\/sitio\/wp-content\/uploads\/2024\/08\/pixelcut-export-18-150x150.jpeg",150,150,true],"full":["https:\/\/laredlarioja.com.ar\/sitio\/wp-content\/uploads\/2024\/08\/pixelcut-export-18-scaled.jpeg",2560,1707,false]},"categories_names":{"24":{"name":"Informaci\u00f3n General","link":"https:\/\/laredlarioja.com.ar\/sitio\/categorias\/informacion-general\/"}},"tags_names":{"84":{"name":"Secundaria","link":"https:\/\/laredlarioja.com.ar\/sitio\/etiquetas\/secundaria\/"}},"comments_number":"0","wpmagazine_modules_lite_featured_media_urls":{"thumbnail":["https:\/\/laredlarioja.com.ar\/sitio\/wp-content\/uploads\/2024\/08\/pixelcut-export-18-150x150.jpeg",150,150,true],"cvmm-medium":["https:\/\/laredlarioja.com.ar\/sitio\/wp-content\/uploads\/2024\/08\/pixelcut-export-18-300x300.jpeg",300,300,true],"cvmm-medium-plus":["https:\/\/laredlarioja.com.ar\/sitio\/wp-content\/uploads\/2024\/08\/pixelcut-export-18-305x207.jpeg",305,207,true],"cvmm-portrait":["https:\/\/laredlarioja.com.ar\/sitio\/wp-content\/uploads\/2024\/08\/pixelcut-export-18-400x600.jpeg",400,600,true],"cvmm-medium-square":["https:\/\/laredlarioja.com.ar\/sitio\/wp-content\/uploads\/2024\/08\/pixelcut-export-18-600x600.jpeg",600,600,true],"cvmm-large":["https:\/\/laredlarioja.com.ar\/sitio\/wp-content\/uploads\/2024\/08\/pixelcut-export-18-1024x1024.jpeg",1024,1024,true],"cvmm-small":["https:\/\/laredlarioja.com.ar\/sitio\/wp-content\/uploads\/2024\/08\/pixelcut-export-18-130x95.jpeg",130,95,true],"full":["https:\/\/laredlarioja.com.ar\/sitio\/wp-content\/uploads\/2024\/08\/pixelcut-export-18-scaled.jpeg",2560,1707,false]},"_links":{"self":[{"href":"https:\/\/laredlarioja.com.ar\/sitio\/wp-json\/wp\/v2\/posts\/58778","targetHints":{"allow":["GET"]}}],"collection":[{"href":"https:\/\/laredlarioja.com.ar\/sitio\/wp-json\/wp\/v2\/posts"}],"about":[{"href":"https:\/\/laredlarioja.com.ar\/sitio\/wp-json\/wp\/v2\/types\/post"}],"author":[{"embeddable":true,"href":"https:\/\/laredlarioja.com.ar\/sitio\/wp-json\/wp\/v2\/users\/13"}],"replies":[{"embeddable":true,"href":"https:\/\/laredlarioja.com.ar\/sitio\/wp-json\/wp\/v2\/comments?post=58778"}],"version-history":[{"count":3,"href":"https:\/\/laredlarioja.com.ar\/sitio\/wp-json\/wp\/v2\/posts\/58778\/revisions"}],"predecessor-version":[{"id":58787,"href":"https:\/\/laredlarioja.com.ar\/sitio\/wp-json\/wp\/v2\/posts\/58778\/revisions\/58787"}],"wp:featuredmedia":[{"embeddable":true,"href":"https:\/\/laredlarioja.com.ar\/sitio\/wp-json\/wp\/v2\/media\/49991"}],"wp:attachment":[{"href":"https:\/\/laredlarioja.com.ar\/sitio\/wp-json\/wp\/v2\/media?parent=58778"}],"wp:term":[{"taxonomy":"category","embeddable":true,"href":"https:\/\/laredlarioja.com.ar\/sitio\/wp-json\/wp\/v2\/categories?post=58778"},{"taxonomy":"post_tag","embeddable":true,"href":"https:\/\/laredlarioja.com.ar\/sitio\/wp-json\/wp\/v2\/tags?post=58778"}],"curies":[{"name":"wp","href":"https:\/\/api.w.org\/{rel}","templated":true}]}}