{"id":58817,"date":"2025-03-06T21:25:58","date_gmt":"2025-03-06T21:25:58","guid":{"rendered":"https:\/\/laredlarioja.com.ar\/sitio\/?p=58817"},"modified":"2025-03-07T23:34:27","modified_gmt":"2025-03-07T23:34:27","slug":"la-policia-detienen-a-dos-nuevos-motopateros-que-circulaban-en-contramano-en-av-circunvalacion","status":"publish","type":"post","link":"https:\/\/laredlarioja.com.ar\/sitio\/la-policia-detienen-a-dos-nuevos-motopateros-que-circulaban-en-contramano-en-av-circunvalacion\/","title":{"rendered":"Nueva detenciones de motociclistas que circulaban en contramano en Av. Circunvalaci\u00f3n"},"content":{"rendered":"<p>En un operativo, personal de la polic\u00eda de la Comisar\u00eda Cuarta, detuvo a cuatro personas involucradas en un incidente que ha generado gran preocupaci\u00f3n en la comunidad. Todo comenz\u00f3 cuando un video que se viraliz\u00f3 el fin de semana mostraba a un grupo de motocicletas circulando en contramano por la Av. Circunvalaci\u00f3n, lo que llev\u00f3 a las autoridades a actuar de manera inmediata ante el malestar de la comunidad.<\/p>\n<p>Ante esto, durante la siesta de este jueves, se realizaron allanamientos en el barrio Matadero de esta ciudad, donde se logr\u00f3 la detenci\u00f3n de dos j\u00f3venes y el secuestro de dos motocicletas. Adem\u00e1s, se identific\u00f3 al motopatero Juniors Peralta, quien fue el responsable del choque contra un autom\u00f3vil. Este tipo de conducta imprudente ha llevado a la Polic\u00eda a tomar medidas m\u00e1s estrictas, incluyendo instrucciones para detener y secuestrar las motos de quienes pongan en riesgo la seguridad vial.<\/p>\n<p style=\"text-align: center;\"><a href=\"https:\/\/laredlarioja.com.ar\/sitio\/wp-content\/uploads\/2025\/03\/WhatsApp-Image-2025-03-06-at-6.07.12-PM.jpg\"><img fetchpriority=\"high\" decoding=\"async\" class=\"alignnone size-medium wp-image-58819\" src=\"https:\/\/laredlarioja.com.ar\/sitio\/wp-content\/uploads\/2025\/03\/WhatsApp-Image-2025-03-06-at-6.07.12-PM-300x300.jpg\" alt=\"\" width=\"300\" height=\"300\" srcset=\"https:\/\/laredlarioja.com.ar\/sitio\/wp-content\/uploads\/2025\/03\/WhatsApp-Image-2025-03-06-at-6.07.12-PM-300x300.jpg 300w, https:\/\/laredlarioja.com.ar\/sitio\/wp-content\/uploads\/2025\/03\/WhatsApp-Image-2025-03-06-at-6.07.12-PM-150x150.jpg 150w, https:\/\/laredlarioja.com.ar\/sitio\/wp-content\/uploads\/2025\/03\/WhatsApp-Image-2025-03-06-at-6.07.12-PM-768x771.jpg 768w, https:\/\/laredlarioja.com.ar\/sitio\/wp-content\/uploads\/2025\/03\/WhatsApp-Image-2025-03-06-at-6.07.12-PM-600x600.jpg 600w, https:\/\/laredlarioja.com.ar\/sitio\/wp-content\/uploads\/2025\/03\/WhatsApp-Image-2025-03-06-at-6.07.12-PM.jpg 900w\" sizes=\"(max-width: 300px) 100vw, 300px\" \/><\/a><\/p>\n<p>Seg\u00fan datos brindados por fuentes policiales, estas dos nuenvas detenciones se suman a las ya realizadas el mismo domingo.\u00a0La comunidad espera que estos operativos contin\u00faen, ya que es fundamental garantizar un entorno seguro para todos los ciudadanos y prevenir situaciones peligrosas como las que se han vivido recientemente.<\/p>\n<p>Por otro lado, en las ultimas horas se conoci\u00f3 un nuevo video, donde decenas de jovenes ingresaban con sus motos al Parque de Juventudes y transitaban libremente por las peatonales del espacio p\u00fablico.<\/p>\n","protected":false},"excerpt":{"rendered":"<p>En un operativo, personal de la polic\u00eda de la Comisar\u00eda Cuarta, detuvo a cuatro personas involucradas en un<\/p>\n","protected":false},"author":13,"featured_media":58818,"comment_status":"closed","ping_status":"open","sticky":false,"template":"","format":"standard","meta":{"footnotes":""},"categories":[94],"tags":[84],"class_list":["post-58817","post","type-post","status-publish","format-standard","has-post-thumbnail","hentry","category-locales","tag-secundaria"],"yoast_head":"<!-- This site is optimized with the Yoast SEO plugin v27.4 - https:\/\/yoast.com\/product\/yoast-seo-wordpress\/ -->\n<title>Nueva detenciones de motociclistas que circulaban en contramano en Av. Circunvalaci\u00f3n - LA RED 88.3 LA RIOJA<\/title>\n<meta name=\"robots\" content=\"index, follow, max-snippet:-1, max-image-preview:large, max-video-preview:-1\" \/>\n<link rel=\"canonical\" href=\"https:\/\/laredlarioja.com.ar\/sitio\/la-policia-detienen-a-dos-nuevos-motopateros-que-circulaban-en-contramano-en-av-circunvalacion\/\" \/>\n<meta property=\"og:locale\" content=\"es_ES\" \/>\n<meta property=\"og:type\" content=\"article\" \/>\n<meta property=\"og:title\" content=\"Nueva detenciones de motociclistas que circulaban en contramano en Av. Circunvalaci\u00f3n - LA RED 88.3 LA RIOJA\" \/>\n<meta property=\"og:description\" content=\"En un operativo, personal de la polic\u00eda de la Comisar\u00eda Cuarta, detuvo a cuatro personas involucradas en un\" \/>\n<meta property=\"og:url\" content=\"https:\/\/laredlarioja.com.ar\/sitio\/la-policia-detienen-a-dos-nuevos-motopateros-que-circulaban-en-contramano-en-av-circunvalacion\/\" \/>\n<meta property=\"og:site_name\" content=\"LA RED 88.3 LA RIOJA\" \/>\n<meta property=\"article:publisher\" content=\"https:\/\/www.facebook.com\/lared.larioja\" \/>\n<meta property=\"article:published_time\" content=\"2025-03-06T21:25:58+00:00\" \/>\n<meta property=\"article:modified_time\" content=\"2025-03-07T23:34:27+00:00\" \/>\n<meta property=\"og:image\" content=\"https:\/\/laredlarioja.com.ar\/sitio\/wp-content\/uploads\/2025\/03\/WhatsApp-Image-2025-03-06-at-6.07.11-PM.jpg\" \/>\n\t<meta property=\"og:image:width\" content=\"900\" \/>\n\t<meta property=\"og:image:height\" content=\"978\" \/>\n\t<meta property=\"og:image:type\" content=\"image\/jpeg\" \/>\n<meta name=\"author\" content=\"Maria De La Vega\" \/>\n<meta name=\"twitter:card\" content=\"summary_large_image\" \/>\n<meta name=\"twitter:creator\" content=\"@laredlarioja1\" \/>\n<meta name=\"twitter:site\" content=\"@laredlarioja1\" \/>\n<meta name=\"twitter:label1\" content=\"Escrito por\" \/>\n\t<meta name=\"twitter:data1\" content=\"Maria De La Vega\" \/>\n\t<meta name=\"twitter:label2\" content=\"Tiempo de lectura\" \/>\n\t<meta name=\"twitter:data2\" content=\"2 minutos\" \/>\n<script type=\"application\/ld+json\" class=\"yoast-schema-graph\">{\"@context\":\"https:\\\/\\\/schema.org\",\"@graph\":[{\"@type\":\"Article\",\"@id\":\"https:\\\/\\\/laredlarioja.com.ar\\\/sitio\\\/la-policia-detienen-a-dos-nuevos-motopateros-que-circulaban-en-contramano-en-av-circunvalacion\\\/#article\",\"isPartOf\":{\"@id\":\"https:\\\/\\\/laredlarioja.com.ar\\\/sitio\\\/la-policia-detienen-a-dos-nuevos-motopateros-que-circulaban-en-contramano-en-av-circunvalacion\\\/\"},\"author\":{\"name\":\"Maria De La Vega\",\"@id\":\"https:\\\/\\\/laredlarioja.com.ar\\\/sitio\\\/#\\\/schema\\\/person\\\/8b98ebe852851a8bdc8acd6ec6918de9\"},\"headline\":\"Nueva detenciones de motociclistas que circulaban en contramano en Av. Circunvalaci\u00f3n\",\"datePublished\":\"2025-03-06T21:25:58+00:00\",\"dateModified\":\"2025-03-07T23:34:27+00:00\",\"mainEntityOfPage\":{\"@id\":\"https:\\\/\\\/laredlarioja.com.ar\\\/sitio\\\/la-policia-detienen-a-dos-nuevos-motopateros-que-circulaban-en-contramano-en-av-circunvalacion\\\/\"},\"wordCount\":255,\"publisher\":{\"@id\":\"https:\\\/\\\/laredlarioja.com.ar\\\/sitio\\\/#organization\"},\"image\":{\"@id\":\"https:\\\/\\\/laredlarioja.com.ar\\\/sitio\\\/la-policia-detienen-a-dos-nuevos-motopateros-que-circulaban-en-contramano-en-av-circunvalacion\\\/#primaryimage\"},\"thumbnailUrl\":\"https:\\\/\\\/laredlarioja.com.ar\\\/sitio\\\/wp-content\\\/uploads\\\/2025\\\/03\\\/WhatsApp-Image-2025-03-06-at-6.07.11-PM.jpg\",\"keywords\":[\"Secundaria\"],\"articleSection\":[\"Locales\"],\"inLanguage\":\"es\"},{\"@type\":\"WebPage\",\"@id\":\"https:\\\/\\\/laredlarioja.com.ar\\\/sitio\\\/la-policia-detienen-a-dos-nuevos-motopateros-que-circulaban-en-contramano-en-av-circunvalacion\\\/\",\"url\":\"https:\\\/\\\/laredlarioja.com.ar\\\/sitio\\\/la-policia-detienen-a-dos-nuevos-motopateros-que-circulaban-en-contramano-en-av-circunvalacion\\\/\",\"name\":\"Nueva detenciones de motociclistas que circulaban en contramano en Av. Circunvalaci\u00f3n - LA RED 88.3 LA RIOJA\",\"isPartOf\":{\"@id\":\"https:\\\/\\\/laredlarioja.com.ar\\\/sitio\\\/#website\"},\"primaryImageOfPage\":{\"@id\":\"https:\\\/\\\/laredlarioja.com.ar\\\/sitio\\\/la-policia-detienen-a-dos-nuevos-motopateros-que-circulaban-en-contramano-en-av-circunvalacion\\\/#primaryimage\"},\"image\":{\"@id\":\"https:\\\/\\\/laredlarioja.com.ar\\\/sitio\\\/la-policia-detienen-a-dos-nuevos-motopateros-que-circulaban-en-contramano-en-av-circunvalacion\\\/#primaryimage\"},\"thumbnailUrl\":\"https:\\\/\\\/laredlarioja.com.ar\\\/sitio\\\/wp-content\\\/uploads\\\/2025\\\/03\\\/WhatsApp-Image-2025-03-06-at-6.07.11-PM.jpg\",\"datePublished\":\"2025-03-06T21:25:58+00:00\",\"dateModified\":\"2025-03-07T23:34:27+00:00\",\"breadcrumb\":{\"@id\":\"https:\\\/\\\/laredlarioja.com.ar\\\/sitio\\\/la-policia-detienen-a-dos-nuevos-motopateros-que-circulaban-en-contramano-en-av-circunvalacion\\\/#breadcrumb\"},\"inLanguage\":\"es\",\"potentialAction\":[{\"@type\":\"ReadAction\",\"target\":[\"https:\\\/\\\/laredlarioja.com.ar\\\/sitio\\\/la-policia-detienen-a-dos-nuevos-motopateros-que-circulaban-en-contramano-en-av-circunvalacion\\\/\"]}]},{\"@type\":\"ImageObject\",\"inLanguage\":\"es\",\"@id\":\"https:\\\/\\\/laredlarioja.com.ar\\\/sitio\\\/la-policia-detienen-a-dos-nuevos-motopateros-que-circulaban-en-contramano-en-av-circunvalacion\\\/#primaryimage\",\"url\":\"https:\\\/\\\/laredlarioja.com.ar\\\/sitio\\\/wp-content\\\/uploads\\\/2025\\\/03\\\/WhatsApp-Image-2025-03-06-at-6.07.11-PM.jpg\",\"contentUrl\":\"https:\\\/\\\/laredlarioja.com.ar\\\/sitio\\\/wp-content\\\/uploads\\\/2025\\\/03\\\/WhatsApp-Image-2025-03-06-at-6.07.11-PM.jpg\",\"width\":900,\"height\":978},{\"@type\":\"BreadcrumbList\",\"@id\":\"https:\\\/\\\/laredlarioja.com.ar\\\/sitio\\\/la-policia-detienen-a-dos-nuevos-motopateros-que-circulaban-en-contramano-en-av-circunvalacion\\\/#breadcrumb\",\"itemListElement\":[{\"@type\":\"ListItem\",\"position\":1,\"name\":\"Portada\",\"item\":\"https:\\\/\\\/laredlarioja.com.ar\\\/sitio\\\/\"},{\"@type\":\"ListItem\",\"position\":2,\"name\":\"Nueva detenciones de motociclistas que circulaban en contramano en Av. Circunvalaci\u00f3n\"}]},{\"@type\":\"WebSite\",\"@id\":\"https:\\\/\\\/laredlarioja.com.ar\\\/sitio\\\/#website\",\"url\":\"https:\\\/\\\/laredlarioja.com.ar\\\/sitio\\\/\",\"name\":\"LA RED 88.3 LA RIOJA\",\"description\":\"Sitio de Noticias\",\"publisher\":{\"@id\":\"https:\\\/\\\/laredlarioja.com.ar\\\/sitio\\\/#organization\"},\"potentialAction\":[{\"@type\":\"SearchAction\",\"target\":{\"@type\":\"EntryPoint\",\"urlTemplate\":\"https:\\\/\\\/laredlarioja.com.ar\\\/sitio\\\/?s={search_term_string}\"},\"query-input\":{\"@type\":\"PropertyValueSpecification\",\"valueRequired\":true,\"valueName\":\"search_term_string\"}}],\"inLanguage\":\"es\"},{\"@type\":\"Organization\",\"@id\":\"https:\\\/\\\/laredlarioja.com.ar\\\/sitio\\\/#organization\",\"name\":\"LA RED 88.3 LA RIOJA\",\"url\":\"https:\\\/\\\/laredlarioja.com.ar\\\/sitio\\\/\",\"logo\":{\"@type\":\"ImageObject\",\"inLanguage\":\"es\",\"@id\":\"https:\\\/\\\/laredlarioja.com.ar\\\/sitio\\\/#\\\/schema\\\/logo\\\/image\\\/\",\"url\":\"https:\\\/\\\/laredlarioja.com.ar\\\/sitio\\\/wp-content\\\/uploads\\\/2025\\\/05\\\/LOGO-LA-RED.png\",\"contentUrl\":\"https:\\\/\\\/laredlarioja.com.ar\\\/sitio\\\/wp-content\\\/uploads\\\/2025\\\/05\\\/LOGO-LA-RED.png\",\"width\":193,\"height\":340,\"caption\":\"LA RED 88.3 LA RIOJA\"},\"image\":{\"@id\":\"https:\\\/\\\/laredlarioja.com.ar\\\/sitio\\\/#\\\/schema\\\/logo\\\/image\\\/\"},\"sameAs\":[\"https:\\\/\\\/www.facebook.com\\\/lared.larioja\",\"https:\\\/\\\/x.com\\\/laredlarioja1\",\"https:\\\/\\\/www.instagram.com\\\/lared_larioja\\\/\"]},{\"@type\":\"Person\",\"@id\":\"https:\\\/\\\/laredlarioja.com.ar\\\/sitio\\\/#\\\/schema\\\/person\\\/8b98ebe852851a8bdc8acd6ec6918de9\",\"name\":\"Maria De La Vega\",\"sameAs\":[\"http:\\\/\\\/laredlarioja.com.ar\"],\"url\":\"https:\\\/\\\/laredlarioja.com.ar\\\/sitio\\\/author\\\/maru\\\/\"}]}<\/script>\n<!-- \/ Yoast SEO plugin. -->","yoast_head_json":{"title":"Nueva detenciones de motociclistas que circulaban en contramano en Av. Circunvalaci\u00f3n - LA RED 88.3 LA RIOJA","robots":{"index":"index","follow":"follow","max-snippet":"max-snippet:-1","max-image-preview":"max-image-preview:large","max-video-preview":"max-video-preview:-1"},"canonical":"https:\/\/laredlarioja.com.ar\/sitio\/la-policia-detienen-a-dos-nuevos-motopateros-que-circulaban-en-contramano-en-av-circunvalacion\/","og_locale":"es_ES","og_type":"article","og_title":"Nueva detenciones de motociclistas que circulaban en contramano en Av. Circunvalaci\u00f3n - LA RED 88.3 LA RIOJA","og_description":"En un operativo, personal de la polic\u00eda de la Comisar\u00eda Cuarta, detuvo a cuatro personas involucradas en un","og_url":"https:\/\/laredlarioja.com.ar\/sitio\/la-policia-detienen-a-dos-nuevos-motopateros-que-circulaban-en-contramano-en-av-circunvalacion\/","og_site_name":"LA RED 88.3 LA RIOJA","article_publisher":"https:\/\/www.facebook.com\/lared.larioja","article_published_time":"2025-03-06T21:25:58+00:00","article_modified_time":"2025-03-07T23:34:27+00:00","og_image":[{"width":900,"height":978,"url":"https:\/\/laredlarioja.com.ar\/sitio\/wp-content\/uploads\/2025\/03\/WhatsApp-Image-2025-03-06-at-6.07.11-PM.jpg","type":"image\/jpeg"}],"author":"Maria De La Vega","twitter_card":"summary_large_image","twitter_creator":"@laredlarioja1","twitter_site":"@laredlarioja1","twitter_misc":{"Escrito por":"Maria De La Vega","Tiempo de lectura":"2 minutos"},"schema":{"@context":"https:\/\/schema.org","@graph":[{"@type":"Article","@id":"https:\/\/laredlarioja.com.ar\/sitio\/la-policia-detienen-a-dos-nuevos-motopateros-que-circulaban-en-contramano-en-av-circunvalacion\/#article","isPartOf":{"@id":"https:\/\/laredlarioja.com.ar\/sitio\/la-policia-detienen-a-dos-nuevos-motopateros-que-circulaban-en-contramano-en-av-circunvalacion\/"},"author":{"name":"Maria De La Vega","@id":"https:\/\/laredlarioja.com.ar\/sitio\/#\/schema\/person\/8b98ebe852851a8bdc8acd6ec6918de9"},"headline":"Nueva detenciones de motociclistas que circulaban en contramano en Av. Circunvalaci\u00f3n","datePublished":"2025-03-06T21:25:58+00:00","dateModified":"2025-03-07T23:34:27+00:00","mainEntityOfPage":{"@id":"https:\/\/laredlarioja.com.ar\/sitio\/la-policia-detienen-a-dos-nuevos-motopateros-que-circulaban-en-contramano-en-av-circunvalacion\/"},"wordCount":255,"publisher":{"@id":"https:\/\/laredlarioja.com.ar\/sitio\/#organization"},"image":{"@id":"https:\/\/laredlarioja.com.ar\/sitio\/la-policia-detienen-a-dos-nuevos-motopateros-que-circulaban-en-contramano-en-av-circunvalacion\/#primaryimage"},"thumbnailUrl":"https:\/\/laredlarioja.com.ar\/sitio\/wp-content\/uploads\/2025\/03\/WhatsApp-Image-2025-03-06-at-6.07.11-PM.jpg","keywords":["Secundaria"],"articleSection":["Locales"],"inLanguage":"es"},{"@type":"WebPage","@id":"https:\/\/laredlarioja.com.ar\/sitio\/la-policia-detienen-a-dos-nuevos-motopateros-que-circulaban-en-contramano-en-av-circunvalacion\/","url":"https:\/\/laredlarioja.com.ar\/sitio\/la-policia-detienen-a-dos-nuevos-motopateros-que-circulaban-en-contramano-en-av-circunvalacion\/","name":"Nueva detenciones de motociclistas que circulaban en contramano en Av. Circunvalaci\u00f3n - LA RED 88.3 LA RIOJA","isPartOf":{"@id":"https:\/\/laredlarioja.com.ar\/sitio\/#website"},"primaryImageOfPage":{"@id":"https:\/\/laredlarioja.com.ar\/sitio\/la-policia-detienen-a-dos-nuevos-motopateros-que-circulaban-en-contramano-en-av-circunvalacion\/#primaryimage"},"image":{"@id":"https:\/\/laredlarioja.com.ar\/sitio\/la-policia-detienen-a-dos-nuevos-motopateros-que-circulaban-en-contramano-en-av-circunvalacion\/#primaryimage"},"thumbnailUrl":"https:\/\/laredlarioja.com.ar\/sitio\/wp-content\/uploads\/2025\/03\/WhatsApp-Image-2025-03-06-at-6.07.11-PM.jpg","datePublished":"2025-03-06T21:25:58+00:00","dateModified":"2025-03-07T23:34:27+00:00","breadcrumb":{"@id":"https:\/\/laredlarioja.com.ar\/sitio\/la-policia-detienen-a-dos-nuevos-motopateros-que-circulaban-en-contramano-en-av-circunvalacion\/#breadcrumb"},"inLanguage":"es","potentialAction":[{"@type":"ReadAction","target":["https:\/\/laredlarioja.com.ar\/sitio\/la-policia-detienen-a-dos-nuevos-motopateros-que-circulaban-en-contramano-en-av-circunvalacion\/"]}]},{"@type":"ImageObject","inLanguage":"es","@id":"https:\/\/laredlarioja.com.ar\/sitio\/la-policia-detienen-a-dos-nuevos-motopateros-que-circulaban-en-contramano-en-av-circunvalacion\/#primaryimage","url":"https:\/\/laredlarioja.com.ar\/sitio\/wp-content\/uploads\/2025\/03\/WhatsApp-Image-2025-03-06-at-6.07.11-PM.jpg","contentUrl":"https:\/\/laredlarioja.com.ar\/sitio\/wp-content\/uploads\/2025\/03\/WhatsApp-Image-2025-03-06-at-6.07.11-PM.jpg","width":900,"height":978},{"@type":"BreadcrumbList","@id":"https:\/\/laredlarioja.com.ar\/sitio\/la-policia-detienen-a-dos-nuevos-motopateros-que-circulaban-en-contramano-en-av-circunvalacion\/#breadcrumb","itemListElement":[{"@type":"ListItem","position":1,"name":"Portada","item":"https:\/\/laredlarioja.com.ar\/sitio\/"},{"@type":"ListItem","position":2,"name":"Nueva detenciones de motociclistas que circulaban en contramano en Av. Circunvalaci\u00f3n"}]},{"@type":"WebSite","@id":"https:\/\/laredlarioja.com.ar\/sitio\/#website","url":"https:\/\/laredlarioja.com.ar\/sitio\/","name":"LA RED 88.3 LA RIOJA","description":"Sitio de Noticias","publisher":{"@id":"https:\/\/laredlarioja.com.ar\/sitio\/#organization"},"potentialAction":[{"@type":"SearchAction","target":{"@type":"EntryPoint","urlTemplate":"https:\/\/laredlarioja.com.ar\/sitio\/?s={search_term_string}"},"query-input":{"@type":"PropertyValueSpecification","valueRequired":true,"valueName":"search_term_string"}}],"inLanguage":"es"},{"@type":"Organization","@id":"https:\/\/laredlarioja.com.ar\/sitio\/#organization","name":"LA RED 88.3 LA RIOJA","url":"https:\/\/laredlarioja.com.ar\/sitio\/","logo":{"@type":"ImageObject","inLanguage":"es","@id":"https:\/\/laredlarioja.com.ar\/sitio\/#\/schema\/logo\/image\/","url":"https:\/\/laredlarioja.com.ar\/sitio\/wp-content\/uploads\/2025\/05\/LOGO-LA-RED.png","contentUrl":"https:\/\/laredlarioja.com.ar\/sitio\/wp-content\/uploads\/2025\/05\/LOGO-LA-RED.png","width":193,"height":340,"caption":"LA RED 88.3 LA RIOJA"},"image":{"@id":"https:\/\/laredlarioja.com.ar\/sitio\/#\/schema\/logo\/image\/"},"sameAs":["https:\/\/www.facebook.com\/lared.larioja","https:\/\/x.com\/laredlarioja1","https:\/\/www.instagram.com\/lared_larioja\/"]},{"@type":"Person","@id":"https:\/\/laredlarioja.com.ar\/sitio\/#\/schema\/person\/8b98ebe852851a8bdc8acd6ec6918de9","name":"Maria De La Vega","sameAs":["http:\/\/laredlarioja.com.ar"],"url":"https:\/\/laredlarioja.com.ar\/sitio\/author\/maru\/"}]}},"featured_image_urls":{"full":["https:\/\/laredlarioja.com.ar\/sitio\/wp-content\/uploads\/2025\/03\/WhatsApp-Image-2025-03-06-at-6.07.11-PM.jpg",900,978,false],"thumbnail":["https:\/\/laredlarioja.com.ar\/sitio\/wp-content\/uploads\/2025\/03\/WhatsApp-Image-2025-03-06-at-6.07.11-PM-150x150.jpg",150,150,true],"medium":["https:\/\/laredlarioja.com.ar\/sitio\/wp-content\/uploads\/2025\/03\/WhatsApp-Image-2025-03-06-at-6.07.11-PM-276x300.jpg",276,300,true],"medium_large":["https:\/\/laredlarioja.com.ar\/sitio\/wp-content\/uploads\/2025\/03\/WhatsApp-Image-2025-03-06-at-6.07.11-PM-768x835.jpg",640,696,true],"large":["https:\/\/laredlarioja.com.ar\/sitio\/wp-content\/uploads\/2025\/03\/WhatsApp-Image-2025-03-06-at-6.07.11-PM.jpg",640,695,false],"1536x1536":["https:\/\/laredlarioja.com.ar\/sitio\/wp-content\/uploads\/2025\/03\/WhatsApp-Image-2025-03-06-at-6.07.11-PM.jpg",900,978,false],"2048x2048":["https:\/\/laredlarioja.com.ar\/sitio\/wp-content\/uploads\/2025\/03\/WhatsApp-Image-2025-03-06-at-6.07.11-PM.jpg",900,978,false],"cvmm-medium":["https:\/\/laredlarioja.com.ar\/sitio\/wp-content\/uploads\/2025\/03\/WhatsApp-Image-2025-03-06-at-6.07.11-PM-300x300.jpg",300,300,true],"cvmm-medium-plus":["https:\/\/laredlarioja.com.ar\/sitio\/wp-content\/uploads\/2025\/03\/WhatsApp-Image-2025-03-06-at-6.07.11-PM-305x207.jpg",305,207,true],"cvmm-portrait":["https:\/\/laredlarioja.com.ar\/sitio\/wp-content\/uploads\/2025\/03\/WhatsApp-Image-2025-03-06-at-6.07.11-PM-400x600.jpg",400,600,true],"cvmm-medium-square":["https:\/\/laredlarioja.com.ar\/sitio\/wp-content\/uploads\/2025\/03\/WhatsApp-Image-2025-03-06-at-6.07.11-PM-600x600.jpg",600,600,true],"cvmm-large":["https:\/\/laredlarioja.com.ar\/sitio\/wp-content\/uploads\/2025\/03\/WhatsApp-Image-2025-03-06-at-6.07.11-PM.jpg",900,978,false],"cvmm-small":["https:\/\/laredlarioja.com.ar\/sitio\/wp-content\/uploads\/2025\/03\/WhatsApp-Image-2025-03-06-at-6.07.11-PM-130x95.jpg",130,95,true],"morenews-large":["https:\/\/laredlarioja.com.ar\/sitio\/wp-content\/uploads\/2025\/03\/WhatsApp-Image-2025-03-06-at-6.07.11-PM-825x575.jpg",825,575,true],"morenews-medium":["https:\/\/laredlarioja.com.ar\/sitio\/wp-content\/uploads\/2025\/03\/WhatsApp-Image-2025-03-06-at-6.07.11-PM-590x410.jpg",590,410,true]},"author_info":{"display_name":"Maria De La Vega","author_link":"https:\/\/laredlarioja.com.ar\/sitio\/author\/maru\/"},"category_info":"<a href=\"https:\/\/laredlarioja.com.ar\/sitio\/categorias\/locales\/\" rel=\"category tag\">Locales<\/a>","tag_info":"Locales","comment_count":"0","blog_post_layout_featured_media_urls":{"thumbnail":["https:\/\/laredlarioja.com.ar\/sitio\/wp-content\/uploads\/2025\/03\/WhatsApp-Image-2025-03-06-at-6.07.11-PM-150x150.jpg",150,150,true],"full":["https:\/\/laredlarioja.com.ar\/sitio\/wp-content\/uploads\/2025\/03\/WhatsApp-Image-2025-03-06-at-6.07.11-PM.jpg",900,978,false]},"categories_names":{"94":{"name":"Locales","link":"https:\/\/laredlarioja.com.ar\/sitio\/categorias\/locales\/"}},"tags_names":{"84":{"name":"Secundaria","link":"https:\/\/laredlarioja.com.ar\/sitio\/etiquetas\/secundaria\/"}},"comments_number":"0","wpmagazine_modules_lite_featured_media_urls":{"thumbnail":["https:\/\/laredlarioja.com.ar\/sitio\/wp-content\/uploads\/2025\/03\/WhatsApp-Image-2025-03-06-at-6.07.11-PM-150x150.jpg",150,150,true],"cvmm-medium":["https:\/\/laredlarioja.com.ar\/sitio\/wp-content\/uploads\/2025\/03\/WhatsApp-Image-2025-03-06-at-6.07.11-PM-300x300.jpg",300,300,true],"cvmm-medium-plus":["https:\/\/laredlarioja.com.ar\/sitio\/wp-content\/uploads\/2025\/03\/WhatsApp-Image-2025-03-06-at-6.07.11-PM-305x207.jpg",305,207,true],"cvmm-portrait":["https:\/\/laredlarioja.com.ar\/sitio\/wp-content\/uploads\/2025\/03\/WhatsApp-Image-2025-03-06-at-6.07.11-PM-400x600.jpg",400,600,true],"cvmm-medium-square":["https:\/\/laredlarioja.com.ar\/sitio\/wp-content\/uploads\/2025\/03\/WhatsApp-Image-2025-03-06-at-6.07.11-PM-600x600.jpg",600,600,true],"cvmm-large":["https:\/\/laredlarioja.com.ar\/sitio\/wp-content\/uploads\/2025\/03\/WhatsApp-Image-2025-03-06-at-6.07.11-PM.jpg",900,978,false],"cvmm-small":["https:\/\/laredlarioja.com.ar\/sitio\/wp-content\/uploads\/2025\/03\/WhatsApp-Image-2025-03-06-at-6.07.11-PM-130x95.jpg",130,95,true],"full":["https:\/\/laredlarioja.com.ar\/sitio\/wp-content\/uploads\/2025\/03\/WhatsApp-Image-2025-03-06-at-6.07.11-PM.jpg",900,978,false]},"_links":{"self":[{"href":"https:\/\/laredlarioja.com.ar\/sitio\/wp-json\/wp\/v2\/posts\/58817","targetHints":{"allow":["GET"]}}],"collection":[{"href":"https:\/\/laredlarioja.com.ar\/sitio\/wp-json\/wp\/v2\/posts"}],"about":[{"href":"https:\/\/laredlarioja.com.ar\/sitio\/wp-json\/wp\/v2\/types\/post"}],"author":[{"embeddable":true,"href":"https:\/\/laredlarioja.com.ar\/sitio\/wp-json\/wp\/v2\/users\/13"}],"replies":[{"embeddable":true,"href":"https:\/\/laredlarioja.com.ar\/sitio\/wp-json\/wp\/v2\/comments?post=58817"}],"version-history":[{"count":2,"href":"https:\/\/laredlarioja.com.ar\/sitio\/wp-json\/wp\/v2\/posts\/58817\/revisions"}],"predecessor-version":[{"id":58824,"href":"https:\/\/laredlarioja.com.ar\/sitio\/wp-json\/wp\/v2\/posts\/58817\/revisions\/58824"}],"wp:featuredmedia":[{"embeddable":true,"href":"https:\/\/laredlarioja.com.ar\/sitio\/wp-json\/wp\/v2\/media\/58818"}],"wp:attachment":[{"href":"https:\/\/laredlarioja.com.ar\/sitio\/wp-json\/wp\/v2\/media?parent=58817"}],"wp:term":[{"taxonomy":"category","embeddable":true,"href":"https:\/\/laredlarioja.com.ar\/sitio\/wp-json\/wp\/v2\/categories?post=58817"},{"taxonomy":"post_tag","embeddable":true,"href":"https:\/\/laredlarioja.com.ar\/sitio\/wp-json\/wp\/v2\/tags?post=58817"}],"curies":[{"name":"wp","href":"https:\/\/api.w.org\/{rel}","templated":true}]}}