{"id":58821,"date":"2025-03-06T21:45:26","date_gmt":"2025-03-06T21:45:26","guid":{"rendered":"https:\/\/laredlarioja.com.ar\/sitio\/?p=58821"},"modified":"2025-03-06T21:45:26","modified_gmt":"2025-03-06T21:45:26","slug":"clausuran-eventos-clandestinos-en-visperas-del-inicio-del-ciclo-lectivo","status":"publish","type":"post","link":"https:\/\/laredlarioja.com.ar\/sitio\/clausuran-eventos-clandestinos-en-visperas-del-inicio-del-ciclo-lectivo\/","title":{"rendered":"Clausuran eventos clandestinos en v\u00edsperas del Inicio del ciclo lectivo"},"content":{"rendered":"<p>El Municipio Capital, en colaboraci\u00f3n con la polic\u00eda de la provincia, llev\u00f3 a cabo una serie de operativos de fiscalizaci\u00f3n durante la noche previa al inicio del ciclo lectivo. Estas medidas tuvieron como objetivo detectar y clausurar eventos clandestinos organizados en el contexto del denominado \u00daltimo Primer D\u00eda (UPD), una pr\u00e1ctica que ha ido en aumento en los \u00faltimos a\u00f1os y que representa riesgos significativos para la seguridad y el orden p\u00fablico.<\/p>\n<p>Segun se di\u00f3 a conocer por fuentes municipales, se logr\u00f3 la clausura de ocho quinchos ubicados en los barrios de La Ca\u00f1ada, Eduardo Menem, Santa Rita, Altos del Velasco, San P\u00edo Cabral, Loteo San Nicol\u00e1s, Las Margaritas y Santa B\u00e1rbara. Los motivos de las clausuras fueron variados: algunos locales no contaban con habilitaci\u00f3n comercial, otros ten\u00edan habilitaciones vencidas, y el resto correspond\u00eda a quinchos clandestinos que estaban siendo utilizados sin autorizaci\u00f3n para la realizaci\u00f3n de eventos masivos.<\/p>\n<p>Fuente: Radio La Ciudad.<\/p>\n","protected":false},"excerpt":{"rendered":"<p>El Municipio Capital, en colaboraci\u00f3n con la polic\u00eda de la provincia, llev\u00f3 a cabo una serie de operativos<\/p>\n","protected":false},"author":13,"featured_media":49991,"comment_status":"closed","ping_status":"open","sticky":false,"template":"","format":"standard","meta":{"footnotes":""},"categories":[24],"tags":[84],"class_list":["post-58821","post","type-post","status-publish","format-standard","has-post-thumbnail","hentry","category-informacion-general","tag-secundaria"],"yoast_head":"<!-- This site is optimized with the Yoast SEO plugin v27.4 - https:\/\/yoast.com\/product\/yoast-seo-wordpress\/ -->\n<title>Clausuran eventos clandestinos en v\u00edsperas del Inicio del ciclo lectivo - LA RED 88.3 LA RIOJA<\/title>\n<meta name=\"robots\" content=\"index, follow, max-snippet:-1, max-image-preview:large, max-video-preview:-1\" \/>\n<link rel=\"canonical\" href=\"https:\/\/laredlarioja.com.ar\/sitio\/clausuran-eventos-clandestinos-en-visperas-del-inicio-del-ciclo-lectivo\/\" \/>\n<meta property=\"og:locale\" content=\"es_ES\" \/>\n<meta property=\"og:type\" content=\"article\" \/>\n<meta property=\"og:title\" content=\"Clausuran eventos clandestinos en v\u00edsperas del Inicio del ciclo lectivo - LA RED 88.3 LA RIOJA\" \/>\n<meta property=\"og:description\" content=\"El Municipio Capital, en colaboraci\u00f3n con la polic\u00eda de la provincia, llev\u00f3 a cabo una serie de operativos\" \/>\n<meta property=\"og:url\" content=\"https:\/\/laredlarioja.com.ar\/sitio\/clausuran-eventos-clandestinos-en-visperas-del-inicio-del-ciclo-lectivo\/\" \/>\n<meta property=\"og:site_name\" content=\"LA RED 88.3 LA RIOJA\" \/>\n<meta property=\"article:publisher\" content=\"https:\/\/www.facebook.com\/lared.larioja\" \/>\n<meta property=\"article:published_time\" content=\"2025-03-06T21:45:26+00:00\" \/>\n<meta property=\"og:image\" content=\"https:\/\/laredlarioja.com.ar\/sitio\/wp-content\/uploads\/2024\/08\/pixelcut-export-18-scaled.jpeg\" \/>\n\t<meta property=\"og:image:width\" content=\"2560\" \/>\n\t<meta property=\"og:image:height\" content=\"1707\" \/>\n\t<meta property=\"og:image:type\" content=\"image\/jpeg\" \/>\n<meta name=\"author\" content=\"Maria De La Vega\" \/>\n<meta name=\"twitter:card\" content=\"summary_large_image\" \/>\n<meta name=\"twitter:creator\" content=\"@laredlarioja1\" \/>\n<meta name=\"twitter:site\" content=\"@laredlarioja1\" \/>\n<meta name=\"twitter:label1\" content=\"Escrito por\" \/>\n\t<meta name=\"twitter:data1\" content=\"Maria De La Vega\" \/>\n\t<meta name=\"twitter:label2\" content=\"Tiempo de lectura\" \/>\n\t<meta name=\"twitter:data2\" content=\"2 minutos\" \/>\n<script type=\"application\/ld+json\" class=\"yoast-schema-graph\">{\"@context\":\"https:\\\/\\\/schema.org\",\"@graph\":[{\"@type\":\"Article\",\"@id\":\"https:\\\/\\\/laredlarioja.com.ar\\\/sitio\\\/clausuran-eventos-clandestinos-en-visperas-del-inicio-del-ciclo-lectivo\\\/#article\",\"isPartOf\":{\"@id\":\"https:\\\/\\\/laredlarioja.com.ar\\\/sitio\\\/clausuran-eventos-clandestinos-en-visperas-del-inicio-del-ciclo-lectivo\\\/\"},\"author\":{\"name\":\"Maria De La Vega\",\"@id\":\"https:\\\/\\\/laredlarioja.com.ar\\\/sitio\\\/#\\\/schema\\\/person\\\/8b98ebe852851a8bdc8acd6ec6918de9\"},\"headline\":\"Clausuran eventos clandestinos en v\u00edsperas del Inicio del ciclo lectivo\",\"datePublished\":\"2025-03-06T21:45:26+00:00\",\"mainEntityOfPage\":{\"@id\":\"https:\\\/\\\/laredlarioja.com.ar\\\/sitio\\\/clausuran-eventos-clandestinos-en-visperas-del-inicio-del-ciclo-lectivo\\\/\"},\"wordCount\":180,\"publisher\":{\"@id\":\"https:\\\/\\\/laredlarioja.com.ar\\\/sitio\\\/#organization\"},\"image\":{\"@id\":\"https:\\\/\\\/laredlarioja.com.ar\\\/sitio\\\/clausuran-eventos-clandestinos-en-visperas-del-inicio-del-ciclo-lectivo\\\/#primaryimage\"},\"thumbnailUrl\":\"https:\\\/\\\/laredlarioja.com.ar\\\/sitio\\\/wp-content\\\/uploads\\\/2024\\\/08\\\/pixelcut-export-18-scaled.jpeg\",\"keywords\":[\"Secundaria\"],\"articleSection\":[\"Informaci\u00f3n General\"],\"inLanguage\":\"es\"},{\"@type\":\"WebPage\",\"@id\":\"https:\\\/\\\/laredlarioja.com.ar\\\/sitio\\\/clausuran-eventos-clandestinos-en-visperas-del-inicio-del-ciclo-lectivo\\\/\",\"url\":\"https:\\\/\\\/laredlarioja.com.ar\\\/sitio\\\/clausuran-eventos-clandestinos-en-visperas-del-inicio-del-ciclo-lectivo\\\/\",\"name\":\"Clausuran eventos clandestinos en v\u00edsperas del Inicio del ciclo lectivo - LA RED 88.3 LA RIOJA\",\"isPartOf\":{\"@id\":\"https:\\\/\\\/laredlarioja.com.ar\\\/sitio\\\/#website\"},\"primaryImageOfPage\":{\"@id\":\"https:\\\/\\\/laredlarioja.com.ar\\\/sitio\\\/clausuran-eventos-clandestinos-en-visperas-del-inicio-del-ciclo-lectivo\\\/#primaryimage\"},\"image\":{\"@id\":\"https:\\\/\\\/laredlarioja.com.ar\\\/sitio\\\/clausuran-eventos-clandestinos-en-visperas-del-inicio-del-ciclo-lectivo\\\/#primaryimage\"},\"thumbnailUrl\":\"https:\\\/\\\/laredlarioja.com.ar\\\/sitio\\\/wp-content\\\/uploads\\\/2024\\\/08\\\/pixelcut-export-18-scaled.jpeg\",\"datePublished\":\"2025-03-06T21:45:26+00:00\",\"breadcrumb\":{\"@id\":\"https:\\\/\\\/laredlarioja.com.ar\\\/sitio\\\/clausuran-eventos-clandestinos-en-visperas-del-inicio-del-ciclo-lectivo\\\/#breadcrumb\"},\"inLanguage\":\"es\",\"potentialAction\":[{\"@type\":\"ReadAction\",\"target\":[\"https:\\\/\\\/laredlarioja.com.ar\\\/sitio\\\/clausuran-eventos-clandestinos-en-visperas-del-inicio-del-ciclo-lectivo\\\/\"]}]},{\"@type\":\"ImageObject\",\"inLanguage\":\"es\",\"@id\":\"https:\\\/\\\/laredlarioja.com.ar\\\/sitio\\\/clausuran-eventos-clandestinos-en-visperas-del-inicio-del-ciclo-lectivo\\\/#primaryimage\",\"url\":\"https:\\\/\\\/laredlarioja.com.ar\\\/sitio\\\/wp-content\\\/uploads\\\/2024\\\/08\\\/pixelcut-export-18-scaled.jpeg\",\"contentUrl\":\"https:\\\/\\\/laredlarioja.com.ar\\\/sitio\\\/wp-content\\\/uploads\\\/2024\\\/08\\\/pixelcut-export-18-scaled.jpeg\",\"width\":2560,\"height\":1707,\"caption\":\"Foto: Alejandro Galleguillo (El Independiente)\"},{\"@type\":\"BreadcrumbList\",\"@id\":\"https:\\\/\\\/laredlarioja.com.ar\\\/sitio\\\/clausuran-eventos-clandestinos-en-visperas-del-inicio-del-ciclo-lectivo\\\/#breadcrumb\",\"itemListElement\":[{\"@type\":\"ListItem\",\"position\":1,\"name\":\"Portada\",\"item\":\"https:\\\/\\\/laredlarioja.com.ar\\\/sitio\\\/\"},{\"@type\":\"ListItem\",\"position\":2,\"name\":\"Clausuran eventos clandestinos en v\u00edsperas del Inicio del ciclo lectivo\"}]},{\"@type\":\"WebSite\",\"@id\":\"https:\\\/\\\/laredlarioja.com.ar\\\/sitio\\\/#website\",\"url\":\"https:\\\/\\\/laredlarioja.com.ar\\\/sitio\\\/\",\"name\":\"LA RED 88.3 LA RIOJA\",\"description\":\"Sitio de Noticias\",\"publisher\":{\"@id\":\"https:\\\/\\\/laredlarioja.com.ar\\\/sitio\\\/#organization\"},\"potentialAction\":[{\"@type\":\"SearchAction\",\"target\":{\"@type\":\"EntryPoint\",\"urlTemplate\":\"https:\\\/\\\/laredlarioja.com.ar\\\/sitio\\\/?s={search_term_string}\"},\"query-input\":{\"@type\":\"PropertyValueSpecification\",\"valueRequired\":true,\"valueName\":\"search_term_string\"}}],\"inLanguage\":\"es\"},{\"@type\":\"Organization\",\"@id\":\"https:\\\/\\\/laredlarioja.com.ar\\\/sitio\\\/#organization\",\"name\":\"LA RED 88.3 LA RIOJA\",\"url\":\"https:\\\/\\\/laredlarioja.com.ar\\\/sitio\\\/\",\"logo\":{\"@type\":\"ImageObject\",\"inLanguage\":\"es\",\"@id\":\"https:\\\/\\\/laredlarioja.com.ar\\\/sitio\\\/#\\\/schema\\\/logo\\\/image\\\/\",\"url\":\"https:\\\/\\\/laredlarioja.com.ar\\\/sitio\\\/wp-content\\\/uploads\\\/2025\\\/05\\\/LOGO-LA-RED.png\",\"contentUrl\":\"https:\\\/\\\/laredlarioja.com.ar\\\/sitio\\\/wp-content\\\/uploads\\\/2025\\\/05\\\/LOGO-LA-RED.png\",\"width\":193,\"height\":340,\"caption\":\"LA RED 88.3 LA RIOJA\"},\"image\":{\"@id\":\"https:\\\/\\\/laredlarioja.com.ar\\\/sitio\\\/#\\\/schema\\\/logo\\\/image\\\/\"},\"sameAs\":[\"https:\\\/\\\/www.facebook.com\\\/lared.larioja\",\"https:\\\/\\\/x.com\\\/laredlarioja1\",\"https:\\\/\\\/www.instagram.com\\\/lared_larioja\\\/\"]},{\"@type\":\"Person\",\"@id\":\"https:\\\/\\\/laredlarioja.com.ar\\\/sitio\\\/#\\\/schema\\\/person\\\/8b98ebe852851a8bdc8acd6ec6918de9\",\"name\":\"Maria De La Vega\",\"sameAs\":[\"http:\\\/\\\/laredlarioja.com.ar\"],\"url\":\"https:\\\/\\\/laredlarioja.com.ar\\\/sitio\\\/author\\\/maru\\\/\"}]}<\/script>\n<!-- \/ Yoast SEO plugin. -->","yoast_head_json":{"title":"Clausuran eventos clandestinos en v\u00edsperas del Inicio del ciclo lectivo - LA RED 88.3 LA RIOJA","robots":{"index":"index","follow":"follow","max-snippet":"max-snippet:-1","max-image-preview":"max-image-preview:large","max-video-preview":"max-video-preview:-1"},"canonical":"https:\/\/laredlarioja.com.ar\/sitio\/clausuran-eventos-clandestinos-en-visperas-del-inicio-del-ciclo-lectivo\/","og_locale":"es_ES","og_type":"article","og_title":"Clausuran eventos clandestinos en v\u00edsperas del Inicio del ciclo lectivo - LA RED 88.3 LA RIOJA","og_description":"El Municipio Capital, en colaboraci\u00f3n con la polic\u00eda de la provincia, llev\u00f3 a cabo una serie de operativos","og_url":"https:\/\/laredlarioja.com.ar\/sitio\/clausuran-eventos-clandestinos-en-visperas-del-inicio-del-ciclo-lectivo\/","og_site_name":"LA RED 88.3 LA RIOJA","article_publisher":"https:\/\/www.facebook.com\/lared.larioja","article_published_time":"2025-03-06T21:45:26+00:00","og_image":[{"width":2560,"height":1707,"url":"https:\/\/laredlarioja.com.ar\/sitio\/wp-content\/uploads\/2024\/08\/pixelcut-export-18-scaled.jpeg","type":"image\/jpeg"}],"author":"Maria De La Vega","twitter_card":"summary_large_image","twitter_creator":"@laredlarioja1","twitter_site":"@laredlarioja1","twitter_misc":{"Escrito por":"Maria De La Vega","Tiempo de lectura":"2 minutos"},"schema":{"@context":"https:\/\/schema.org","@graph":[{"@type":"Article","@id":"https:\/\/laredlarioja.com.ar\/sitio\/clausuran-eventos-clandestinos-en-visperas-del-inicio-del-ciclo-lectivo\/#article","isPartOf":{"@id":"https:\/\/laredlarioja.com.ar\/sitio\/clausuran-eventos-clandestinos-en-visperas-del-inicio-del-ciclo-lectivo\/"},"author":{"name":"Maria De La Vega","@id":"https:\/\/laredlarioja.com.ar\/sitio\/#\/schema\/person\/8b98ebe852851a8bdc8acd6ec6918de9"},"headline":"Clausuran eventos clandestinos en v\u00edsperas del Inicio del ciclo lectivo","datePublished":"2025-03-06T21:45:26+00:00","mainEntityOfPage":{"@id":"https:\/\/laredlarioja.com.ar\/sitio\/clausuran-eventos-clandestinos-en-visperas-del-inicio-del-ciclo-lectivo\/"},"wordCount":180,"publisher":{"@id":"https:\/\/laredlarioja.com.ar\/sitio\/#organization"},"image":{"@id":"https:\/\/laredlarioja.com.ar\/sitio\/clausuran-eventos-clandestinos-en-visperas-del-inicio-del-ciclo-lectivo\/#primaryimage"},"thumbnailUrl":"https:\/\/laredlarioja.com.ar\/sitio\/wp-content\/uploads\/2024\/08\/pixelcut-export-18-scaled.jpeg","keywords":["Secundaria"],"articleSection":["Informaci\u00f3n General"],"inLanguage":"es"},{"@type":"WebPage","@id":"https:\/\/laredlarioja.com.ar\/sitio\/clausuran-eventos-clandestinos-en-visperas-del-inicio-del-ciclo-lectivo\/","url":"https:\/\/laredlarioja.com.ar\/sitio\/clausuran-eventos-clandestinos-en-visperas-del-inicio-del-ciclo-lectivo\/","name":"Clausuran eventos clandestinos en v\u00edsperas del Inicio del ciclo lectivo - LA RED 88.3 LA RIOJA","isPartOf":{"@id":"https:\/\/laredlarioja.com.ar\/sitio\/#website"},"primaryImageOfPage":{"@id":"https:\/\/laredlarioja.com.ar\/sitio\/clausuran-eventos-clandestinos-en-visperas-del-inicio-del-ciclo-lectivo\/#primaryimage"},"image":{"@id":"https:\/\/laredlarioja.com.ar\/sitio\/clausuran-eventos-clandestinos-en-visperas-del-inicio-del-ciclo-lectivo\/#primaryimage"},"thumbnailUrl":"https:\/\/laredlarioja.com.ar\/sitio\/wp-content\/uploads\/2024\/08\/pixelcut-export-18-scaled.jpeg","datePublished":"2025-03-06T21:45:26+00:00","breadcrumb":{"@id":"https:\/\/laredlarioja.com.ar\/sitio\/clausuran-eventos-clandestinos-en-visperas-del-inicio-del-ciclo-lectivo\/#breadcrumb"},"inLanguage":"es","potentialAction":[{"@type":"ReadAction","target":["https:\/\/laredlarioja.com.ar\/sitio\/clausuran-eventos-clandestinos-en-visperas-del-inicio-del-ciclo-lectivo\/"]}]},{"@type":"ImageObject","inLanguage":"es","@id":"https:\/\/laredlarioja.com.ar\/sitio\/clausuran-eventos-clandestinos-en-visperas-del-inicio-del-ciclo-lectivo\/#primaryimage","url":"https:\/\/laredlarioja.com.ar\/sitio\/wp-content\/uploads\/2024\/08\/pixelcut-export-18-scaled.jpeg","contentUrl":"https:\/\/laredlarioja.com.ar\/sitio\/wp-content\/uploads\/2024\/08\/pixelcut-export-18-scaled.jpeg","width":2560,"height":1707,"caption":"Foto: Alejandro Galleguillo (El Independiente)"},{"@type":"BreadcrumbList","@id":"https:\/\/laredlarioja.com.ar\/sitio\/clausuran-eventos-clandestinos-en-visperas-del-inicio-del-ciclo-lectivo\/#breadcrumb","itemListElement":[{"@type":"ListItem","position":1,"name":"Portada","item":"https:\/\/laredlarioja.com.ar\/sitio\/"},{"@type":"ListItem","position":2,"name":"Clausuran eventos clandestinos en v\u00edsperas del Inicio del ciclo lectivo"}]},{"@type":"WebSite","@id":"https:\/\/laredlarioja.com.ar\/sitio\/#website","url":"https:\/\/laredlarioja.com.ar\/sitio\/","name":"LA RED 88.3 LA RIOJA","description":"Sitio de Noticias","publisher":{"@id":"https:\/\/laredlarioja.com.ar\/sitio\/#organization"},"potentialAction":[{"@type":"SearchAction","target":{"@type":"EntryPoint","urlTemplate":"https:\/\/laredlarioja.com.ar\/sitio\/?s={search_term_string}"},"query-input":{"@type":"PropertyValueSpecification","valueRequired":true,"valueName":"search_term_string"}}],"inLanguage":"es"},{"@type":"Organization","@id":"https:\/\/laredlarioja.com.ar\/sitio\/#organization","name":"LA RED 88.3 LA RIOJA","url":"https:\/\/laredlarioja.com.ar\/sitio\/","logo":{"@type":"ImageObject","inLanguage":"es","@id":"https:\/\/laredlarioja.com.ar\/sitio\/#\/schema\/logo\/image\/","url":"https:\/\/laredlarioja.com.ar\/sitio\/wp-content\/uploads\/2025\/05\/LOGO-LA-RED.png","contentUrl":"https:\/\/laredlarioja.com.ar\/sitio\/wp-content\/uploads\/2025\/05\/LOGO-LA-RED.png","width":193,"height":340,"caption":"LA RED 88.3 LA RIOJA"},"image":{"@id":"https:\/\/laredlarioja.com.ar\/sitio\/#\/schema\/logo\/image\/"},"sameAs":["https:\/\/www.facebook.com\/lared.larioja","https:\/\/x.com\/laredlarioja1","https:\/\/www.instagram.com\/lared_larioja\/"]},{"@type":"Person","@id":"https:\/\/laredlarioja.com.ar\/sitio\/#\/schema\/person\/8b98ebe852851a8bdc8acd6ec6918de9","name":"Maria De La Vega","sameAs":["http:\/\/laredlarioja.com.ar"],"url":"https:\/\/laredlarioja.com.ar\/sitio\/author\/maru\/"}]}},"featured_image_urls":{"full":["https:\/\/laredlarioja.com.ar\/sitio\/wp-content\/uploads\/2024\/08\/pixelcut-export-18-scaled.jpeg",2560,1707,false],"thumbnail":["https:\/\/laredlarioja.com.ar\/sitio\/wp-content\/uploads\/2024\/08\/pixelcut-export-18-150x150.jpeg",150,150,true],"medium":["https:\/\/laredlarioja.com.ar\/sitio\/wp-content\/uploads\/2024\/08\/pixelcut-export-18-300x200.jpeg",300,200,true],"medium_large":["https:\/\/laredlarioja.com.ar\/sitio\/wp-content\/uploads\/2024\/08\/pixelcut-export-18-768x512.jpeg",640,427,true],"large":["https:\/\/laredlarioja.com.ar\/sitio\/wp-content\/uploads\/2024\/08\/pixelcut-export-18-1024x683.jpeg",640,427,true],"1536x1536":["https:\/\/laredlarioja.com.ar\/sitio\/wp-content\/uploads\/2024\/08\/pixelcut-export-18-1536x1024.jpeg",1536,1024,true],"2048x2048":["https:\/\/laredlarioja.com.ar\/sitio\/wp-content\/uploads\/2024\/08\/pixelcut-export-18-2048x1365.jpeg",2048,1365,true],"cvmm-medium":["https:\/\/laredlarioja.com.ar\/sitio\/wp-content\/uploads\/2024\/08\/pixelcut-export-18-300x300.jpeg",300,300,true],"cvmm-medium-plus":["https:\/\/laredlarioja.com.ar\/sitio\/wp-content\/uploads\/2024\/08\/pixelcut-export-18-305x207.jpeg",305,207,true],"cvmm-portrait":["https:\/\/laredlarioja.com.ar\/sitio\/wp-content\/uploads\/2024\/08\/pixelcut-export-18-400x600.jpeg",400,600,true],"cvmm-medium-square":["https:\/\/laredlarioja.com.ar\/sitio\/wp-content\/uploads\/2024\/08\/pixelcut-export-18-600x600.jpeg",600,600,true],"cvmm-large":["https:\/\/laredlarioja.com.ar\/sitio\/wp-content\/uploads\/2024\/08\/pixelcut-export-18-1024x1024.jpeg",1024,1024,true],"cvmm-small":["https:\/\/laredlarioja.com.ar\/sitio\/wp-content\/uploads\/2024\/08\/pixelcut-export-18-130x95.jpeg",130,95,true],"morenews-large":["https:\/\/laredlarioja.com.ar\/sitio\/wp-content\/uploads\/2024\/08\/pixelcut-export-18-825x575.jpeg",825,575,true],"morenews-medium":["https:\/\/laredlarioja.com.ar\/sitio\/wp-content\/uploads\/2024\/08\/pixelcut-export-18-590x410.jpeg",590,410,true]},"author_info":{"display_name":"Maria De La Vega","author_link":"https:\/\/laredlarioja.com.ar\/sitio\/author\/maru\/"},"category_info":"<a href=\"https:\/\/laredlarioja.com.ar\/sitio\/categorias\/informacion-general\/\" rel=\"category tag\">Informaci\u00f3n General<\/a>","tag_info":"Informaci\u00f3n General","comment_count":"0","blog_post_layout_featured_media_urls":{"thumbnail":["https:\/\/laredlarioja.com.ar\/sitio\/wp-content\/uploads\/2024\/08\/pixelcut-export-18-150x150.jpeg",150,150,true],"full":["https:\/\/laredlarioja.com.ar\/sitio\/wp-content\/uploads\/2024\/08\/pixelcut-export-18-scaled.jpeg",2560,1707,false]},"categories_names":{"24":{"name":"Informaci\u00f3n General","link":"https:\/\/laredlarioja.com.ar\/sitio\/categorias\/informacion-general\/"}},"tags_names":{"84":{"name":"Secundaria","link":"https:\/\/laredlarioja.com.ar\/sitio\/etiquetas\/secundaria\/"}},"comments_number":"0","wpmagazine_modules_lite_featured_media_urls":{"thumbnail":["https:\/\/laredlarioja.com.ar\/sitio\/wp-content\/uploads\/2024\/08\/pixelcut-export-18-150x150.jpeg",150,150,true],"cvmm-medium":["https:\/\/laredlarioja.com.ar\/sitio\/wp-content\/uploads\/2024\/08\/pixelcut-export-18-300x300.jpeg",300,300,true],"cvmm-medium-plus":["https:\/\/laredlarioja.com.ar\/sitio\/wp-content\/uploads\/2024\/08\/pixelcut-export-18-305x207.jpeg",305,207,true],"cvmm-portrait":["https:\/\/laredlarioja.com.ar\/sitio\/wp-content\/uploads\/2024\/08\/pixelcut-export-18-400x600.jpeg",400,600,true],"cvmm-medium-square":["https:\/\/laredlarioja.com.ar\/sitio\/wp-content\/uploads\/2024\/08\/pixelcut-export-18-600x600.jpeg",600,600,true],"cvmm-large":["https:\/\/laredlarioja.com.ar\/sitio\/wp-content\/uploads\/2024\/08\/pixelcut-export-18-1024x1024.jpeg",1024,1024,true],"cvmm-small":["https:\/\/laredlarioja.com.ar\/sitio\/wp-content\/uploads\/2024\/08\/pixelcut-export-18-130x95.jpeg",130,95,true],"full":["https:\/\/laredlarioja.com.ar\/sitio\/wp-content\/uploads\/2024\/08\/pixelcut-export-18-scaled.jpeg",2560,1707,false]},"_links":{"self":[{"href":"https:\/\/laredlarioja.com.ar\/sitio\/wp-json\/wp\/v2\/posts\/58821","targetHints":{"allow":["GET"]}}],"collection":[{"href":"https:\/\/laredlarioja.com.ar\/sitio\/wp-json\/wp\/v2\/posts"}],"about":[{"href":"https:\/\/laredlarioja.com.ar\/sitio\/wp-json\/wp\/v2\/types\/post"}],"author":[{"embeddable":true,"href":"https:\/\/laredlarioja.com.ar\/sitio\/wp-json\/wp\/v2\/users\/13"}],"replies":[{"embeddable":true,"href":"https:\/\/laredlarioja.com.ar\/sitio\/wp-json\/wp\/v2\/comments?post=58821"}],"version-history":[{"count":1,"href":"https:\/\/laredlarioja.com.ar\/sitio\/wp-json\/wp\/v2\/posts\/58821\/revisions"}],"predecessor-version":[{"id":58822,"href":"https:\/\/laredlarioja.com.ar\/sitio\/wp-json\/wp\/v2\/posts\/58821\/revisions\/58822"}],"wp:featuredmedia":[{"embeddable":true,"href":"https:\/\/laredlarioja.com.ar\/sitio\/wp-json\/wp\/v2\/media\/49991"}],"wp:attachment":[{"href":"https:\/\/laredlarioja.com.ar\/sitio\/wp-json\/wp\/v2\/media?parent=58821"}],"wp:term":[{"taxonomy":"category","embeddable":true,"href":"https:\/\/laredlarioja.com.ar\/sitio\/wp-json\/wp\/v2\/categories?post=58821"},{"taxonomy":"post_tag","embeddable":true,"href":"https:\/\/laredlarioja.com.ar\/sitio\/wp-json\/wp\/v2\/tags?post=58821"}],"curies":[{"name":"wp","href":"https:\/\/api.w.org\/{rel}","templated":true}]}}