{"id":58858,"date":"2025-03-07T22:40:14","date_gmt":"2025-03-07T22:40:14","guid":{"rendered":"https:\/\/laredlarioja.com.ar\/sitio\/?p=58858"},"modified":"2025-03-09T17:45:15","modified_gmt":"2025-03-09T17:45:15","slug":"amp-insiste-en-solicitar-la-restitucion-de-la-cuota-sindical-por-parte-del-gobierno-provincial","status":"publish","type":"post","link":"https:\/\/laredlarioja.com.ar\/sitio\/amp-insiste-en-solicitar-la-restitucion-de-la-cuota-sindical-por-parte-del-gobierno-provincial\/","title":{"rendered":"AMP insiste en solicitar la restituci\u00f3n de la cuota sindical por parte del Gobierno Provincial"},"content":{"rendered":"<p>El<strong> Secretario General de la Asociaci\u00f3n de Maestros y Profesores (AMP), Rogelio De Leonardi,<\/strong> expres\u00f3 su preocupaci\u00f3n en<strong> Radio La Red<\/strong> sobre el creciente descontento en el sector docente, relacionado con la implementaci\u00f3n del Incentivo Provincial para la Ense\u00f1anza (IPE), que ha sido apodado por el sector como \u00abIPE jaula\u00bb. Seg\u00fan De Leonardi, este sistema vulnera derechos inconstitucionales establecidos en la ley 99.11, resultado de a\u00f1os de negociaciones por parte de la Asociaci\u00f3n.<\/p>\n<p>De Leonardi destac\u00f3 que el IPE no solo afecta la libertad laboral de los docentes, sino que tambi\u00e9n introduce un incentivo perverso al presentar un pago mensual de 130 mil pesos en negro por cargo.<strong> \u00abLa tentaci\u00f3n para los docentes es enorme, especialmente considerando que el 60% tiene dos cargos en La Rioja. Aceptar este \u00edtem significa comprometerse a no faltar a sus responsabilidades, lo que a su vez pone en riesgo sus derechos a licencias por razones de salud o familiares. Y perjudica mayormente a las mujeres\u00bb, afirm\u00f3.<\/strong><\/p>\n<p>El gremialista advirti\u00f3 que ya hay casos concretos de docentes afectados por esta situaci\u00f3n y urgi\u00f3 al ministro de Educaci\u00f3n a prestar atenci\u00f3n a las demandas del sector. Asimismo, De Leonardi aclar\u00f3 que \u00abAMP no es intransigente\u00bb, sino que ha rechazado lo que consideran una paritaria inconstitucional. <strong>\u00abNo vamos a sentarnos en una mesa que no es paritaria solo para llegar a un acuerdo con el Gobierno\u00bb, enfatiz\u00f3.<\/strong><\/p>\n<p>Adem\u00e1s, realiz\u00f3 un fuerte llamado de atenci\u00f3n a la C\u00e1mara de Diputados que, hasta el momento, no ha respondido a los pedidos del gremio. Asimismo, Rogelio De Leonardi, representante del gremio, enfatiz\u00f3 que este es un tema que debe ser conocido por la C\u00e1mara y que requiere su intervenci\u00f3n. \u00abEs el \u00fanico lugar del planeta donde el gremio no percibe la contribuci\u00f3n solidaria\u00bb, afirm\u00f3 el sindicalista, quien considera que esta omisi\u00f3n es un castigo hacia los docentes. Ante esta situaci\u00f3n, el gremio ha decidido iniciar acciones legales, llevando el caso a la Corte Suprema de Justicia de la Naci\u00f3n. Sin embargo, la incertidumbre persiste sobre si el juicio prosperar\u00e1 o no.<\/p>\n<p>En esa l\u00ednea, De Leonardi compar\u00f3 las acciones del gobierno provincial con las medidas del presidente Javier Milei, sugiriendo que se busca debilitar a AMP y limitar la retenci\u00f3n de la contribuci\u00f3n solidaria de los afiliados al sindicato.<\/p>\n<p><strong>\u00abHan pasado seis meses sin retenernos la cuota sindical, lo cual consideramos un castigo\u00bb<\/strong>, indic\u00f3. A pesar de las adversidades, asegur\u00f3 que AMP sigue activa y solvent\u00e1ndose gracias a las contribuciones de sus miembros.<\/p>\n<p>De Leonardi concluy\u00f3 su intervenci\u00f3n haciendo un llamado urgente al gobierno para que tome conciencia y act\u00fae en defensa de los derechos laborales de los docentes.<\/p>\n","protected":false},"excerpt":{"rendered":"<p>El Secretario General de la Asociaci\u00f3n de Maestros y Profesores (AMP), Rogelio De Leonardi, expres\u00f3 su preocupaci\u00f3n en<\/p>\n","protected":false},"author":13,"featured_media":44011,"comment_status":"closed","ping_status":"open","sticky":false,"template":"","format":"standard","meta":{"footnotes":""},"categories":[24],"tags":[84],"class_list":["post-58858","post","type-post","status-publish","format-standard","has-post-thumbnail","hentry","category-informacion-general","tag-secundaria"],"yoast_head":"<!-- This site is optimized with the Yoast SEO plugin v27.4 - https:\/\/yoast.com\/product\/yoast-seo-wordpress\/ -->\n<title>AMP insiste en solicitar la restituci\u00f3n de la cuota sindical por parte del Gobierno Provincial - LA RED 88.3 LA RIOJA<\/title>\n<meta name=\"robots\" content=\"index, follow, max-snippet:-1, max-image-preview:large, max-video-preview:-1\" \/>\n<link rel=\"canonical\" href=\"https:\/\/laredlarioja.com.ar\/sitio\/amp-insiste-en-solicitar-la-restitucion-de-la-cuota-sindical-por-parte-del-gobierno-provincial\/\" \/>\n<meta property=\"og:locale\" content=\"es_ES\" \/>\n<meta property=\"og:type\" content=\"article\" \/>\n<meta property=\"og:title\" content=\"AMP insiste en solicitar la restituci\u00f3n de la cuota sindical por parte del Gobierno Provincial - LA RED 88.3 LA RIOJA\" \/>\n<meta property=\"og:description\" content=\"El Secretario General de la Asociaci\u00f3n de Maestros y Profesores (AMP), Rogelio De Leonardi, expres\u00f3 su preocupaci\u00f3n en\" \/>\n<meta property=\"og:url\" content=\"https:\/\/laredlarioja.com.ar\/sitio\/amp-insiste-en-solicitar-la-restitucion-de-la-cuota-sindical-por-parte-del-gobierno-provincial\/\" \/>\n<meta property=\"og:site_name\" content=\"LA RED 88.3 LA RIOJA\" \/>\n<meta property=\"article:publisher\" content=\"https:\/\/www.facebook.com\/lared.larioja\" \/>\n<meta property=\"article:published_time\" content=\"2025-03-07T22:40:14+00:00\" \/>\n<meta property=\"article:modified_time\" content=\"2025-03-09T17:45:15+00:00\" \/>\n<meta property=\"og:image\" content=\"https:\/\/laredlarioja.com.ar\/sitio\/wp-content\/uploads\/2024\/04\/resize_1680569961-1.jpg\" \/>\n\t<meta property=\"og:image:width\" content=\"1024\" \/>\n\t<meta property=\"og:image:height\" content=\"768\" \/>\n\t<meta property=\"og:image:type\" content=\"image\/jpeg\" \/>\n<meta name=\"author\" content=\"Maria De La Vega\" \/>\n<meta name=\"twitter:card\" content=\"summary_large_image\" \/>\n<meta name=\"twitter:creator\" content=\"@laredlarioja1\" \/>\n<meta name=\"twitter:site\" content=\"@laredlarioja1\" \/>\n<meta name=\"twitter:label1\" content=\"Escrito por\" \/>\n\t<meta name=\"twitter:data1\" content=\"Maria De La Vega\" \/>\n\t<meta name=\"twitter:label2\" content=\"Tiempo de lectura\" \/>\n\t<meta name=\"twitter:data2\" content=\"3 minutos\" \/>\n<script type=\"application\/ld+json\" class=\"yoast-schema-graph\">{\"@context\":\"https:\\\/\\\/schema.org\",\"@graph\":[{\"@type\":\"Article\",\"@id\":\"https:\\\/\\\/laredlarioja.com.ar\\\/sitio\\\/amp-insiste-en-solicitar-la-restitucion-de-la-cuota-sindical-por-parte-del-gobierno-provincial\\\/#article\",\"isPartOf\":{\"@id\":\"https:\\\/\\\/laredlarioja.com.ar\\\/sitio\\\/amp-insiste-en-solicitar-la-restitucion-de-la-cuota-sindical-por-parte-del-gobierno-provincial\\\/\"},\"author\":{\"name\":\"Maria De La Vega\",\"@id\":\"https:\\\/\\\/laredlarioja.com.ar\\\/sitio\\\/#\\\/schema\\\/person\\\/8b98ebe852851a8bdc8acd6ec6918de9\"},\"headline\":\"AMP insiste en solicitar la restituci\u00f3n de la cuota sindical por parte del Gobierno Provincial\",\"datePublished\":\"2025-03-07T22:40:14+00:00\",\"dateModified\":\"2025-03-09T17:45:15+00:00\",\"mainEntityOfPage\":{\"@id\":\"https:\\\/\\\/laredlarioja.com.ar\\\/sitio\\\/amp-insiste-en-solicitar-la-restitucion-de-la-cuota-sindical-por-parte-del-gobierno-provincial\\\/\"},\"wordCount\":479,\"publisher\":{\"@id\":\"https:\\\/\\\/laredlarioja.com.ar\\\/sitio\\\/#organization\"},\"image\":{\"@id\":\"https:\\\/\\\/laredlarioja.com.ar\\\/sitio\\\/amp-insiste-en-solicitar-la-restitucion-de-la-cuota-sindical-por-parte-del-gobierno-provincial\\\/#primaryimage\"},\"thumbnailUrl\":\"https:\\\/\\\/laredlarioja.com.ar\\\/sitio\\\/wp-content\\\/uploads\\\/2024\\\/04\\\/resize_1680569961-1.jpg\",\"keywords\":[\"Secundaria\"],\"articleSection\":[\"Informaci\u00f3n General\"],\"inLanguage\":\"es\"},{\"@type\":\"WebPage\",\"@id\":\"https:\\\/\\\/laredlarioja.com.ar\\\/sitio\\\/amp-insiste-en-solicitar-la-restitucion-de-la-cuota-sindical-por-parte-del-gobierno-provincial\\\/\",\"url\":\"https:\\\/\\\/laredlarioja.com.ar\\\/sitio\\\/amp-insiste-en-solicitar-la-restitucion-de-la-cuota-sindical-por-parte-del-gobierno-provincial\\\/\",\"name\":\"AMP insiste en solicitar la restituci\u00f3n de la cuota sindical por parte del Gobierno Provincial - LA RED 88.3 LA RIOJA\",\"isPartOf\":{\"@id\":\"https:\\\/\\\/laredlarioja.com.ar\\\/sitio\\\/#website\"},\"primaryImageOfPage\":{\"@id\":\"https:\\\/\\\/laredlarioja.com.ar\\\/sitio\\\/amp-insiste-en-solicitar-la-restitucion-de-la-cuota-sindical-por-parte-del-gobierno-provincial\\\/#primaryimage\"},\"image\":{\"@id\":\"https:\\\/\\\/laredlarioja.com.ar\\\/sitio\\\/amp-insiste-en-solicitar-la-restitucion-de-la-cuota-sindical-por-parte-del-gobierno-provincial\\\/#primaryimage\"},\"thumbnailUrl\":\"https:\\\/\\\/laredlarioja.com.ar\\\/sitio\\\/wp-content\\\/uploads\\\/2024\\\/04\\\/resize_1680569961-1.jpg\",\"datePublished\":\"2025-03-07T22:40:14+00:00\",\"dateModified\":\"2025-03-09T17:45:15+00:00\",\"breadcrumb\":{\"@id\":\"https:\\\/\\\/laredlarioja.com.ar\\\/sitio\\\/amp-insiste-en-solicitar-la-restitucion-de-la-cuota-sindical-por-parte-del-gobierno-provincial\\\/#breadcrumb\"},\"inLanguage\":\"es\",\"potentialAction\":[{\"@type\":\"ReadAction\",\"target\":[\"https:\\\/\\\/laredlarioja.com.ar\\\/sitio\\\/amp-insiste-en-solicitar-la-restitucion-de-la-cuota-sindical-por-parte-del-gobierno-provincial\\\/\"]}]},{\"@type\":\"ImageObject\",\"inLanguage\":\"es\",\"@id\":\"https:\\\/\\\/laredlarioja.com.ar\\\/sitio\\\/amp-insiste-en-solicitar-la-restitucion-de-la-cuota-sindical-por-parte-del-gobierno-provincial\\\/#primaryimage\",\"url\":\"https:\\\/\\\/laredlarioja.com.ar\\\/sitio\\\/wp-content\\\/uploads\\\/2024\\\/04\\\/resize_1680569961-1.jpg\",\"contentUrl\":\"https:\\\/\\\/laredlarioja.com.ar\\\/sitio\\\/wp-content\\\/uploads\\\/2024\\\/04\\\/resize_1680569961-1.jpg\",\"width\":1024,\"height\":768},{\"@type\":\"BreadcrumbList\",\"@id\":\"https:\\\/\\\/laredlarioja.com.ar\\\/sitio\\\/amp-insiste-en-solicitar-la-restitucion-de-la-cuota-sindical-por-parte-del-gobierno-provincial\\\/#breadcrumb\",\"itemListElement\":[{\"@type\":\"ListItem\",\"position\":1,\"name\":\"Portada\",\"item\":\"https:\\\/\\\/laredlarioja.com.ar\\\/sitio\\\/\"},{\"@type\":\"ListItem\",\"position\":2,\"name\":\"AMP insiste en solicitar la restituci\u00f3n de la cuota sindical por parte del Gobierno Provincial\"}]},{\"@type\":\"WebSite\",\"@id\":\"https:\\\/\\\/laredlarioja.com.ar\\\/sitio\\\/#website\",\"url\":\"https:\\\/\\\/laredlarioja.com.ar\\\/sitio\\\/\",\"name\":\"LA RED 88.3 LA RIOJA\",\"description\":\"Sitio de Noticias\",\"publisher\":{\"@id\":\"https:\\\/\\\/laredlarioja.com.ar\\\/sitio\\\/#organization\"},\"potentialAction\":[{\"@type\":\"SearchAction\",\"target\":{\"@type\":\"EntryPoint\",\"urlTemplate\":\"https:\\\/\\\/laredlarioja.com.ar\\\/sitio\\\/?s={search_term_string}\"},\"query-input\":{\"@type\":\"PropertyValueSpecification\",\"valueRequired\":true,\"valueName\":\"search_term_string\"}}],\"inLanguage\":\"es\"},{\"@type\":\"Organization\",\"@id\":\"https:\\\/\\\/laredlarioja.com.ar\\\/sitio\\\/#organization\",\"name\":\"LA RED 88.3 LA RIOJA\",\"url\":\"https:\\\/\\\/laredlarioja.com.ar\\\/sitio\\\/\",\"logo\":{\"@type\":\"ImageObject\",\"inLanguage\":\"es\",\"@id\":\"https:\\\/\\\/laredlarioja.com.ar\\\/sitio\\\/#\\\/schema\\\/logo\\\/image\\\/\",\"url\":\"https:\\\/\\\/laredlarioja.com.ar\\\/sitio\\\/wp-content\\\/uploads\\\/2025\\\/05\\\/LOGO-LA-RED.png\",\"contentUrl\":\"https:\\\/\\\/laredlarioja.com.ar\\\/sitio\\\/wp-content\\\/uploads\\\/2025\\\/05\\\/LOGO-LA-RED.png\",\"width\":193,\"height\":340,\"caption\":\"LA RED 88.3 LA RIOJA\"},\"image\":{\"@id\":\"https:\\\/\\\/laredlarioja.com.ar\\\/sitio\\\/#\\\/schema\\\/logo\\\/image\\\/\"},\"sameAs\":[\"https:\\\/\\\/www.facebook.com\\\/lared.larioja\",\"https:\\\/\\\/x.com\\\/laredlarioja1\",\"https:\\\/\\\/www.instagram.com\\\/lared_larioja\\\/\"]},{\"@type\":\"Person\",\"@id\":\"https:\\\/\\\/laredlarioja.com.ar\\\/sitio\\\/#\\\/schema\\\/person\\\/8b98ebe852851a8bdc8acd6ec6918de9\",\"name\":\"Maria De La Vega\",\"sameAs\":[\"http:\\\/\\\/laredlarioja.com.ar\"],\"url\":\"https:\\\/\\\/laredlarioja.com.ar\\\/sitio\\\/author\\\/maru\\\/\"}]}<\/script>\n<!-- \/ Yoast SEO plugin. -->","yoast_head_json":{"title":"AMP insiste en solicitar la restituci\u00f3n de la cuota sindical por parte del Gobierno Provincial - LA RED 88.3 LA RIOJA","robots":{"index":"index","follow":"follow","max-snippet":"max-snippet:-1","max-image-preview":"max-image-preview:large","max-video-preview":"max-video-preview:-1"},"canonical":"https:\/\/laredlarioja.com.ar\/sitio\/amp-insiste-en-solicitar-la-restitucion-de-la-cuota-sindical-por-parte-del-gobierno-provincial\/","og_locale":"es_ES","og_type":"article","og_title":"AMP insiste en solicitar la restituci\u00f3n de la cuota sindical por parte del Gobierno Provincial - LA RED 88.3 LA RIOJA","og_description":"El Secretario General de la Asociaci\u00f3n de Maestros y Profesores (AMP), Rogelio De Leonardi, expres\u00f3 su preocupaci\u00f3n en","og_url":"https:\/\/laredlarioja.com.ar\/sitio\/amp-insiste-en-solicitar-la-restitucion-de-la-cuota-sindical-por-parte-del-gobierno-provincial\/","og_site_name":"LA RED 88.3 LA RIOJA","article_publisher":"https:\/\/www.facebook.com\/lared.larioja","article_published_time":"2025-03-07T22:40:14+00:00","article_modified_time":"2025-03-09T17:45:15+00:00","og_image":[{"width":1024,"height":768,"url":"https:\/\/laredlarioja.com.ar\/sitio\/wp-content\/uploads\/2024\/04\/resize_1680569961-1.jpg","type":"image\/jpeg"}],"author":"Maria De La Vega","twitter_card":"summary_large_image","twitter_creator":"@laredlarioja1","twitter_site":"@laredlarioja1","twitter_misc":{"Escrito por":"Maria De La Vega","Tiempo de lectura":"3 minutos"},"schema":{"@context":"https:\/\/schema.org","@graph":[{"@type":"Article","@id":"https:\/\/laredlarioja.com.ar\/sitio\/amp-insiste-en-solicitar-la-restitucion-de-la-cuota-sindical-por-parte-del-gobierno-provincial\/#article","isPartOf":{"@id":"https:\/\/laredlarioja.com.ar\/sitio\/amp-insiste-en-solicitar-la-restitucion-de-la-cuota-sindical-por-parte-del-gobierno-provincial\/"},"author":{"name":"Maria De La Vega","@id":"https:\/\/laredlarioja.com.ar\/sitio\/#\/schema\/person\/8b98ebe852851a8bdc8acd6ec6918de9"},"headline":"AMP insiste en solicitar la restituci\u00f3n de la cuota sindical por parte del Gobierno Provincial","datePublished":"2025-03-07T22:40:14+00:00","dateModified":"2025-03-09T17:45:15+00:00","mainEntityOfPage":{"@id":"https:\/\/laredlarioja.com.ar\/sitio\/amp-insiste-en-solicitar-la-restitucion-de-la-cuota-sindical-por-parte-del-gobierno-provincial\/"},"wordCount":479,"publisher":{"@id":"https:\/\/laredlarioja.com.ar\/sitio\/#organization"},"image":{"@id":"https:\/\/laredlarioja.com.ar\/sitio\/amp-insiste-en-solicitar-la-restitucion-de-la-cuota-sindical-por-parte-del-gobierno-provincial\/#primaryimage"},"thumbnailUrl":"https:\/\/laredlarioja.com.ar\/sitio\/wp-content\/uploads\/2024\/04\/resize_1680569961-1.jpg","keywords":["Secundaria"],"articleSection":["Informaci\u00f3n General"],"inLanguage":"es"},{"@type":"WebPage","@id":"https:\/\/laredlarioja.com.ar\/sitio\/amp-insiste-en-solicitar-la-restitucion-de-la-cuota-sindical-por-parte-del-gobierno-provincial\/","url":"https:\/\/laredlarioja.com.ar\/sitio\/amp-insiste-en-solicitar-la-restitucion-de-la-cuota-sindical-por-parte-del-gobierno-provincial\/","name":"AMP insiste en solicitar la restituci\u00f3n de la cuota sindical por parte del Gobierno Provincial - LA RED 88.3 LA RIOJA","isPartOf":{"@id":"https:\/\/laredlarioja.com.ar\/sitio\/#website"},"primaryImageOfPage":{"@id":"https:\/\/laredlarioja.com.ar\/sitio\/amp-insiste-en-solicitar-la-restitucion-de-la-cuota-sindical-por-parte-del-gobierno-provincial\/#primaryimage"},"image":{"@id":"https:\/\/laredlarioja.com.ar\/sitio\/amp-insiste-en-solicitar-la-restitucion-de-la-cuota-sindical-por-parte-del-gobierno-provincial\/#primaryimage"},"thumbnailUrl":"https:\/\/laredlarioja.com.ar\/sitio\/wp-content\/uploads\/2024\/04\/resize_1680569961-1.jpg","datePublished":"2025-03-07T22:40:14+00:00","dateModified":"2025-03-09T17:45:15+00:00","breadcrumb":{"@id":"https:\/\/laredlarioja.com.ar\/sitio\/amp-insiste-en-solicitar-la-restitucion-de-la-cuota-sindical-por-parte-del-gobierno-provincial\/#breadcrumb"},"inLanguage":"es","potentialAction":[{"@type":"ReadAction","target":["https:\/\/laredlarioja.com.ar\/sitio\/amp-insiste-en-solicitar-la-restitucion-de-la-cuota-sindical-por-parte-del-gobierno-provincial\/"]}]},{"@type":"ImageObject","inLanguage":"es","@id":"https:\/\/laredlarioja.com.ar\/sitio\/amp-insiste-en-solicitar-la-restitucion-de-la-cuota-sindical-por-parte-del-gobierno-provincial\/#primaryimage","url":"https:\/\/laredlarioja.com.ar\/sitio\/wp-content\/uploads\/2024\/04\/resize_1680569961-1.jpg","contentUrl":"https:\/\/laredlarioja.com.ar\/sitio\/wp-content\/uploads\/2024\/04\/resize_1680569961-1.jpg","width":1024,"height":768},{"@type":"BreadcrumbList","@id":"https:\/\/laredlarioja.com.ar\/sitio\/amp-insiste-en-solicitar-la-restitucion-de-la-cuota-sindical-por-parte-del-gobierno-provincial\/#breadcrumb","itemListElement":[{"@type":"ListItem","position":1,"name":"Portada","item":"https:\/\/laredlarioja.com.ar\/sitio\/"},{"@type":"ListItem","position":2,"name":"AMP insiste en solicitar la restituci\u00f3n de la cuota sindical por parte del Gobierno Provincial"}]},{"@type":"WebSite","@id":"https:\/\/laredlarioja.com.ar\/sitio\/#website","url":"https:\/\/laredlarioja.com.ar\/sitio\/","name":"LA RED 88.3 LA RIOJA","description":"Sitio de Noticias","publisher":{"@id":"https:\/\/laredlarioja.com.ar\/sitio\/#organization"},"potentialAction":[{"@type":"SearchAction","target":{"@type":"EntryPoint","urlTemplate":"https:\/\/laredlarioja.com.ar\/sitio\/?s={search_term_string}"},"query-input":{"@type":"PropertyValueSpecification","valueRequired":true,"valueName":"search_term_string"}}],"inLanguage":"es"},{"@type":"Organization","@id":"https:\/\/laredlarioja.com.ar\/sitio\/#organization","name":"LA RED 88.3 LA RIOJA","url":"https:\/\/laredlarioja.com.ar\/sitio\/","logo":{"@type":"ImageObject","inLanguage":"es","@id":"https:\/\/laredlarioja.com.ar\/sitio\/#\/schema\/logo\/image\/","url":"https:\/\/laredlarioja.com.ar\/sitio\/wp-content\/uploads\/2025\/05\/LOGO-LA-RED.png","contentUrl":"https:\/\/laredlarioja.com.ar\/sitio\/wp-content\/uploads\/2025\/05\/LOGO-LA-RED.png","width":193,"height":340,"caption":"LA RED 88.3 LA RIOJA"},"image":{"@id":"https:\/\/laredlarioja.com.ar\/sitio\/#\/schema\/logo\/image\/"},"sameAs":["https:\/\/www.facebook.com\/lared.larioja","https:\/\/x.com\/laredlarioja1","https:\/\/www.instagram.com\/lared_larioja\/"]},{"@type":"Person","@id":"https:\/\/laredlarioja.com.ar\/sitio\/#\/schema\/person\/8b98ebe852851a8bdc8acd6ec6918de9","name":"Maria De La Vega","sameAs":["http:\/\/laredlarioja.com.ar"],"url":"https:\/\/laredlarioja.com.ar\/sitio\/author\/maru\/"}]}},"featured_image_urls":{"full":["https:\/\/laredlarioja.com.ar\/sitio\/wp-content\/uploads\/2024\/04\/resize_1680569961-1.jpg",1024,768,false],"thumbnail":["https:\/\/laredlarioja.com.ar\/sitio\/wp-content\/uploads\/2024\/04\/resize_1680569961-1-150x150.jpg",150,150,true],"medium":["https:\/\/laredlarioja.com.ar\/sitio\/wp-content\/uploads\/2024\/04\/resize_1680569961-1-300x225.jpg",300,225,true],"medium_large":["https:\/\/laredlarioja.com.ar\/sitio\/wp-content\/uploads\/2024\/04\/resize_1680569961-1-768x576.jpg",640,480,true],"large":["https:\/\/laredlarioja.com.ar\/sitio\/wp-content\/uploads\/2024\/04\/resize_1680569961-1.jpg",640,480,false],"1536x1536":["https:\/\/laredlarioja.com.ar\/sitio\/wp-content\/uploads\/2024\/04\/resize_1680569961-1.jpg",1024,768,false],"2048x2048":["https:\/\/laredlarioja.com.ar\/sitio\/wp-content\/uploads\/2024\/04\/resize_1680569961-1.jpg",1024,768,false],"cvmm-medium":["https:\/\/laredlarioja.com.ar\/sitio\/wp-content\/uploads\/2024\/04\/resize_1680569961-1-300x300.jpg",300,300,true],"cvmm-medium-plus":["https:\/\/laredlarioja.com.ar\/sitio\/wp-content\/uploads\/2024\/04\/resize_1680569961-1-305x207.jpg",305,207,true],"cvmm-portrait":["https:\/\/laredlarioja.com.ar\/sitio\/wp-content\/uploads\/2024\/04\/resize_1680569961-1-400x600.jpg",400,600,true],"cvmm-medium-square":["https:\/\/laredlarioja.com.ar\/sitio\/wp-content\/uploads\/2024\/04\/resize_1680569961-1-600x600.jpg",600,600,true],"cvmm-large":["https:\/\/laredlarioja.com.ar\/sitio\/wp-content\/uploads\/2024\/04\/resize_1680569961-1.jpg",1024,768,false],"cvmm-small":["https:\/\/laredlarioja.com.ar\/sitio\/wp-content\/uploads\/2024\/04\/resize_1680569961-1-130x95.jpg",130,95,true],"morenews-large":["https:\/\/laredlarioja.com.ar\/sitio\/wp-content\/uploads\/2024\/04\/resize_1680569961-1-825x575.jpg",825,575,true],"morenews-medium":["https:\/\/laredlarioja.com.ar\/sitio\/wp-content\/uploads\/2024\/04\/resize_1680569961-1-590x410.jpg",590,410,true]},"author_info":{"display_name":"Maria De La Vega","author_link":"https:\/\/laredlarioja.com.ar\/sitio\/author\/maru\/"},"category_info":"<a href=\"https:\/\/laredlarioja.com.ar\/sitio\/categorias\/informacion-general\/\" rel=\"category tag\">Informaci\u00f3n General<\/a>","tag_info":"Informaci\u00f3n General","comment_count":"0","blog_post_layout_featured_media_urls":{"thumbnail":["https:\/\/laredlarioja.com.ar\/sitio\/wp-content\/uploads\/2024\/04\/resize_1680569961-1-150x150.jpg",150,150,true],"full":["https:\/\/laredlarioja.com.ar\/sitio\/wp-content\/uploads\/2024\/04\/resize_1680569961-1.jpg",1024,768,false]},"categories_names":{"24":{"name":"Informaci\u00f3n General","link":"https:\/\/laredlarioja.com.ar\/sitio\/categorias\/informacion-general\/"}},"tags_names":{"84":{"name":"Secundaria","link":"https:\/\/laredlarioja.com.ar\/sitio\/etiquetas\/secundaria\/"}},"comments_number":"0","wpmagazine_modules_lite_featured_media_urls":{"thumbnail":["https:\/\/laredlarioja.com.ar\/sitio\/wp-content\/uploads\/2024\/04\/resize_1680569961-1-150x150.jpg",150,150,true],"cvmm-medium":["https:\/\/laredlarioja.com.ar\/sitio\/wp-content\/uploads\/2024\/04\/resize_1680569961-1-300x300.jpg",300,300,true],"cvmm-medium-plus":["https:\/\/laredlarioja.com.ar\/sitio\/wp-content\/uploads\/2024\/04\/resize_1680569961-1-305x207.jpg",305,207,true],"cvmm-portrait":["https:\/\/laredlarioja.com.ar\/sitio\/wp-content\/uploads\/2024\/04\/resize_1680569961-1-400x600.jpg",400,600,true],"cvmm-medium-square":["https:\/\/laredlarioja.com.ar\/sitio\/wp-content\/uploads\/2024\/04\/resize_1680569961-1-600x600.jpg",600,600,true],"cvmm-large":["https:\/\/laredlarioja.com.ar\/sitio\/wp-content\/uploads\/2024\/04\/resize_1680569961-1.jpg",1024,768,false],"cvmm-small":["https:\/\/laredlarioja.com.ar\/sitio\/wp-content\/uploads\/2024\/04\/resize_1680569961-1-130x95.jpg",130,95,true],"full":["https:\/\/laredlarioja.com.ar\/sitio\/wp-content\/uploads\/2024\/04\/resize_1680569961-1.jpg",1024,768,false]},"_links":{"self":[{"href":"https:\/\/laredlarioja.com.ar\/sitio\/wp-json\/wp\/v2\/posts\/58858","targetHints":{"allow":["GET"]}}],"collection":[{"href":"https:\/\/laredlarioja.com.ar\/sitio\/wp-json\/wp\/v2\/posts"}],"about":[{"href":"https:\/\/laredlarioja.com.ar\/sitio\/wp-json\/wp\/v2\/types\/post"}],"author":[{"embeddable":true,"href":"https:\/\/laredlarioja.com.ar\/sitio\/wp-json\/wp\/v2\/users\/13"}],"replies":[{"embeddable":true,"href":"https:\/\/laredlarioja.com.ar\/sitio\/wp-json\/wp\/v2\/comments?post=58858"}],"version-history":[{"count":1,"href":"https:\/\/laredlarioja.com.ar\/sitio\/wp-json\/wp\/v2\/posts\/58858\/revisions"}],"predecessor-version":[{"id":58859,"href":"https:\/\/laredlarioja.com.ar\/sitio\/wp-json\/wp\/v2\/posts\/58858\/revisions\/58859"}],"wp:featuredmedia":[{"embeddable":true,"href":"https:\/\/laredlarioja.com.ar\/sitio\/wp-json\/wp\/v2\/media\/44011"}],"wp:attachment":[{"href":"https:\/\/laredlarioja.com.ar\/sitio\/wp-json\/wp\/v2\/media?parent=58858"}],"wp:term":[{"taxonomy":"category","embeddable":true,"href":"https:\/\/laredlarioja.com.ar\/sitio\/wp-json\/wp\/v2\/categories?post=58858"},{"taxonomy":"post_tag","embeddable":true,"href":"https:\/\/laredlarioja.com.ar\/sitio\/wp-json\/wp\/v2\/tags?post=58858"}],"curies":[{"name":"wp","href":"https:\/\/api.w.org\/{rel}","templated":true}]}}