{"id":58870,"date":"2025-03-08T00:10:08","date_gmt":"2025-03-08T00:10:08","guid":{"rendered":"https:\/\/laredlarioja.com.ar\/sitio\/?p=58870"},"modified":"2025-03-08T00:10:08","modified_gmt":"2025-03-08T00:10:08","slug":"renuncia-de-sergio-morales-asesor-en-criptoactivos-de-la-cnv-tras-escandalo-libra","status":"publish","type":"post","link":"https:\/\/laredlarioja.com.ar\/sitio\/renuncia-de-sergio-morales-asesor-en-criptoactivos-de-la-cnv-tras-escandalo-libra\/","title":{"rendered":"Renuncia de Sergio Morales, asesor en criptoactivos de la CNV, tras esc\u00e1ndalo LIBRA"},"content":{"rendered":"<p>Sergio Morales, quien se desempe\u00f1aba como asesor en criptoactivos de la Comisi\u00f3n Nacional de Valores (CNV), present\u00f3 hoy su renuncia al cargo en medio del esc\u00e1ndalo relacionado con la criptomoneda LIBRA, difundido recientemente por el presidente Javier Milei. Morales est\u00e1 siendo investigado por sus v\u00ednculos con los empresarios involucrados en la posible estafa asociada a esta criptodivisa.<\/p>\n<p>Morales, quien hab\u00eda llegado a la CNV durante el segundo semestre del a\u00f1o pasado tras un breve paso por la Secretar\u00eda General de la Presidencia, que encabeza Karina Milei, asegur\u00f3 en su carta de renuncia que no ha cometido ning\u00fan delito y que siempre actu\u00f3 de manera adecuada en su rol como asesor externo del organismo.<\/p>\n<p>\u00abEnfatizo desde ya que no he cometido delito alguno y que siempre he cumplido adecuadamente mi actuaci\u00f3n como asesor externo de esta comisi\u00f3n\u00bb, sostuvo Morales en su renuncia. Y agreg\u00f3: \u00abQuiero evitar que la publicidad que han tenido los hechos investigados afecte la s\u00f3lida reputaci\u00f3n de este organismo de control\u00bb.<\/p>\n<p>Poco antes de que se conociera su renuncia, Morales se present\u00f3 en los tribunales federales de Comodoro Py, acompa\u00f1ado por sus abogados Karin Kozak y Ramiro Salaber, para ponerse a disposici\u00f3n del fiscal Eduardo Taiano, quien est\u00e1 a cargo de la investigaci\u00f3n.<\/p>\n<p>El ahora ex asesor de la CNV aparece vinculado a Mauricio Novelli, uno de los empresarios detr\u00e1s de la criptomoneda LIBRA. Seg\u00fan los registros de ingresos y egresos de la Casa Rosada, ambos ingresaron al edificio de Balcarce 50 el 11 de junio del a\u00f1o pasado, donde se reunieron con Karina Milei, hermana del presidente y secretaria general de la Presidencia.<\/p>\n<p>La criptomoneda LIBRA ha estado en el centro de un esc\u00e1ndalo por presuntas irregularidades y una posible estafa que afect\u00f3 a inversores. La investigaci\u00f3n busca determinar el alcance de las operaciones y los posibles v\u00ednculos entre los empresarios involucrados y funcionarios p\u00fablicos.<\/p>\n","protected":false},"excerpt":{"rendered":"<p>Sergio Morales, quien se desempe\u00f1aba como asesor en criptoactivos de la Comisi\u00f3n Nacional de Valores (CNV), present\u00f3 hoy<\/p>\n","protected":false},"author":13,"featured_media":58871,"comment_status":"closed","ping_status":"open","sticky":false,"template":"","format":"standard","meta":{"footnotes":""},"categories":[130],"tags":[84],"class_list":["post-58870","post","type-post","status-publish","format-standard","has-post-thumbnail","hentry","category-pais","tag-secundaria"],"yoast_head":"<!-- This site is optimized with the Yoast SEO plugin v27.4 - https:\/\/yoast.com\/product\/yoast-seo-wordpress\/ -->\n<title>Renuncia de Sergio Morales, asesor en criptoactivos de la CNV, tras esc\u00e1ndalo LIBRA - LA RED 88.3 LA RIOJA<\/title>\n<meta name=\"robots\" content=\"index, follow, max-snippet:-1, max-image-preview:large, max-video-preview:-1\" \/>\n<link rel=\"canonical\" href=\"https:\/\/laredlarioja.com.ar\/sitio\/renuncia-de-sergio-morales-asesor-en-criptoactivos-de-la-cnv-tras-escandalo-libra\/\" \/>\n<meta property=\"og:locale\" content=\"es_ES\" \/>\n<meta property=\"og:type\" content=\"article\" \/>\n<meta property=\"og:title\" content=\"Renuncia de Sergio Morales, asesor en criptoactivos de la CNV, tras esc\u00e1ndalo LIBRA - LA RED 88.3 LA RIOJA\" \/>\n<meta property=\"og:description\" content=\"Sergio Morales, quien se desempe\u00f1aba como asesor en criptoactivos de la Comisi\u00f3n Nacional de Valores (CNV), present\u00f3 hoy\" \/>\n<meta property=\"og:url\" content=\"https:\/\/laredlarioja.com.ar\/sitio\/renuncia-de-sergio-morales-asesor-en-criptoactivos-de-la-cnv-tras-escandalo-libra\/\" \/>\n<meta property=\"og:site_name\" content=\"LA RED 88.3 LA RIOJA\" \/>\n<meta property=\"article:publisher\" content=\"https:\/\/www.facebook.com\/lared.larioja\" \/>\n<meta property=\"article:published_time\" content=\"2025-03-08T00:10:08+00:00\" \/>\n<meta property=\"og:image\" content=\"https:\/\/laredlarioja.com.ar\/sitio\/wp-content\/uploads\/2025\/03\/librajpg.webp\" \/>\n\t<meta property=\"og:image:width\" content=\"375\" \/>\n\t<meta property=\"og:image:height\" content=\"211\" \/>\n\t<meta property=\"og:image:type\" content=\"image\/webp\" \/>\n<meta name=\"author\" content=\"Maria De La Vega\" \/>\n<meta name=\"twitter:card\" content=\"summary_large_image\" \/>\n<meta name=\"twitter:creator\" content=\"@laredlarioja1\" \/>\n<meta name=\"twitter:site\" content=\"@laredlarioja1\" \/>\n<meta name=\"twitter:label1\" content=\"Escrito por\" \/>\n\t<meta name=\"twitter:data1\" content=\"Maria De La Vega\" \/>\n\t<meta name=\"twitter:label2\" content=\"Tiempo de lectura\" \/>\n\t<meta name=\"twitter:data2\" content=\"2 minutos\" \/>\n<script type=\"application\/ld+json\" class=\"yoast-schema-graph\">{\"@context\":\"https:\\\/\\\/schema.org\",\"@graph\":[{\"@type\":\"Article\",\"@id\":\"https:\\\/\\\/laredlarioja.com.ar\\\/sitio\\\/renuncia-de-sergio-morales-asesor-en-criptoactivos-de-la-cnv-tras-escandalo-libra\\\/#article\",\"isPartOf\":{\"@id\":\"https:\\\/\\\/laredlarioja.com.ar\\\/sitio\\\/renuncia-de-sergio-morales-asesor-en-criptoactivos-de-la-cnv-tras-escandalo-libra\\\/\"},\"author\":{\"name\":\"Maria De La Vega\",\"@id\":\"https:\\\/\\\/laredlarioja.com.ar\\\/sitio\\\/#\\\/schema\\\/person\\\/8b98ebe852851a8bdc8acd6ec6918de9\"},\"headline\":\"Renuncia de Sergio Morales, asesor en criptoactivos de la CNV, tras esc\u00e1ndalo LIBRA\",\"datePublished\":\"2025-03-08T00:10:08+00:00\",\"mainEntityOfPage\":{\"@id\":\"https:\\\/\\\/laredlarioja.com.ar\\\/sitio\\\/renuncia-de-sergio-morales-asesor-en-criptoactivos-de-la-cnv-tras-escandalo-libra\\\/\"},\"wordCount\":342,\"publisher\":{\"@id\":\"https:\\\/\\\/laredlarioja.com.ar\\\/sitio\\\/#organization\"},\"image\":{\"@id\":\"https:\\\/\\\/laredlarioja.com.ar\\\/sitio\\\/renuncia-de-sergio-morales-asesor-en-criptoactivos-de-la-cnv-tras-escandalo-libra\\\/#primaryimage\"},\"thumbnailUrl\":\"https:\\\/\\\/laredlarioja.com.ar\\\/sitio\\\/wp-content\\\/uploads\\\/2025\\\/03\\\/librajpg.webp\",\"keywords\":[\"Secundaria\"],\"articleSection\":[\"El pa\u00eds\"],\"inLanguage\":\"es\"},{\"@type\":\"WebPage\",\"@id\":\"https:\\\/\\\/laredlarioja.com.ar\\\/sitio\\\/renuncia-de-sergio-morales-asesor-en-criptoactivos-de-la-cnv-tras-escandalo-libra\\\/\",\"url\":\"https:\\\/\\\/laredlarioja.com.ar\\\/sitio\\\/renuncia-de-sergio-morales-asesor-en-criptoactivos-de-la-cnv-tras-escandalo-libra\\\/\",\"name\":\"Renuncia de Sergio Morales, asesor en criptoactivos de la CNV, tras esc\u00e1ndalo LIBRA - LA RED 88.3 LA RIOJA\",\"isPartOf\":{\"@id\":\"https:\\\/\\\/laredlarioja.com.ar\\\/sitio\\\/#website\"},\"primaryImageOfPage\":{\"@id\":\"https:\\\/\\\/laredlarioja.com.ar\\\/sitio\\\/renuncia-de-sergio-morales-asesor-en-criptoactivos-de-la-cnv-tras-escandalo-libra\\\/#primaryimage\"},\"image\":{\"@id\":\"https:\\\/\\\/laredlarioja.com.ar\\\/sitio\\\/renuncia-de-sergio-morales-asesor-en-criptoactivos-de-la-cnv-tras-escandalo-libra\\\/#primaryimage\"},\"thumbnailUrl\":\"https:\\\/\\\/laredlarioja.com.ar\\\/sitio\\\/wp-content\\\/uploads\\\/2025\\\/03\\\/librajpg.webp\",\"datePublished\":\"2025-03-08T00:10:08+00:00\",\"breadcrumb\":{\"@id\":\"https:\\\/\\\/laredlarioja.com.ar\\\/sitio\\\/renuncia-de-sergio-morales-asesor-en-criptoactivos-de-la-cnv-tras-escandalo-libra\\\/#breadcrumb\"},\"inLanguage\":\"es\",\"potentialAction\":[{\"@type\":\"ReadAction\",\"target\":[\"https:\\\/\\\/laredlarioja.com.ar\\\/sitio\\\/renuncia-de-sergio-morales-asesor-en-criptoactivos-de-la-cnv-tras-escandalo-libra\\\/\"]}]},{\"@type\":\"ImageObject\",\"inLanguage\":\"es\",\"@id\":\"https:\\\/\\\/laredlarioja.com.ar\\\/sitio\\\/renuncia-de-sergio-morales-asesor-en-criptoactivos-de-la-cnv-tras-escandalo-libra\\\/#primaryimage\",\"url\":\"https:\\\/\\\/laredlarioja.com.ar\\\/sitio\\\/wp-content\\\/uploads\\\/2025\\\/03\\\/librajpg.webp\",\"contentUrl\":\"https:\\\/\\\/laredlarioja.com.ar\\\/sitio\\\/wp-content\\\/uploads\\\/2025\\\/03\\\/librajpg.webp\",\"width\":375,\"height\":211},{\"@type\":\"BreadcrumbList\",\"@id\":\"https:\\\/\\\/laredlarioja.com.ar\\\/sitio\\\/renuncia-de-sergio-morales-asesor-en-criptoactivos-de-la-cnv-tras-escandalo-libra\\\/#breadcrumb\",\"itemListElement\":[{\"@type\":\"ListItem\",\"position\":1,\"name\":\"Portada\",\"item\":\"https:\\\/\\\/laredlarioja.com.ar\\\/sitio\\\/\"},{\"@type\":\"ListItem\",\"position\":2,\"name\":\"Renuncia de Sergio Morales, asesor en criptoactivos de la CNV, tras esc\u00e1ndalo LIBRA\"}]},{\"@type\":\"WebSite\",\"@id\":\"https:\\\/\\\/laredlarioja.com.ar\\\/sitio\\\/#website\",\"url\":\"https:\\\/\\\/laredlarioja.com.ar\\\/sitio\\\/\",\"name\":\"LA RED 88.3 LA RIOJA\",\"description\":\"Sitio de Noticias\",\"publisher\":{\"@id\":\"https:\\\/\\\/laredlarioja.com.ar\\\/sitio\\\/#organization\"},\"potentialAction\":[{\"@type\":\"SearchAction\",\"target\":{\"@type\":\"EntryPoint\",\"urlTemplate\":\"https:\\\/\\\/laredlarioja.com.ar\\\/sitio\\\/?s={search_term_string}\"},\"query-input\":{\"@type\":\"PropertyValueSpecification\",\"valueRequired\":true,\"valueName\":\"search_term_string\"}}],\"inLanguage\":\"es\"},{\"@type\":\"Organization\",\"@id\":\"https:\\\/\\\/laredlarioja.com.ar\\\/sitio\\\/#organization\",\"name\":\"LA RED 88.3 LA RIOJA\",\"url\":\"https:\\\/\\\/laredlarioja.com.ar\\\/sitio\\\/\",\"logo\":{\"@type\":\"ImageObject\",\"inLanguage\":\"es\",\"@id\":\"https:\\\/\\\/laredlarioja.com.ar\\\/sitio\\\/#\\\/schema\\\/logo\\\/image\\\/\",\"url\":\"https:\\\/\\\/laredlarioja.com.ar\\\/sitio\\\/wp-content\\\/uploads\\\/2025\\\/05\\\/LOGO-LA-RED.png\",\"contentUrl\":\"https:\\\/\\\/laredlarioja.com.ar\\\/sitio\\\/wp-content\\\/uploads\\\/2025\\\/05\\\/LOGO-LA-RED.png\",\"width\":193,\"height\":340,\"caption\":\"LA RED 88.3 LA RIOJA\"},\"image\":{\"@id\":\"https:\\\/\\\/laredlarioja.com.ar\\\/sitio\\\/#\\\/schema\\\/logo\\\/image\\\/\"},\"sameAs\":[\"https:\\\/\\\/www.facebook.com\\\/lared.larioja\",\"https:\\\/\\\/x.com\\\/laredlarioja1\",\"https:\\\/\\\/www.instagram.com\\\/lared_larioja\\\/\"]},{\"@type\":\"Person\",\"@id\":\"https:\\\/\\\/laredlarioja.com.ar\\\/sitio\\\/#\\\/schema\\\/person\\\/8b98ebe852851a8bdc8acd6ec6918de9\",\"name\":\"Maria De La Vega\",\"sameAs\":[\"http:\\\/\\\/laredlarioja.com.ar\"],\"url\":\"https:\\\/\\\/laredlarioja.com.ar\\\/sitio\\\/author\\\/maru\\\/\"}]}<\/script>\n<!-- \/ Yoast SEO plugin. -->","yoast_head_json":{"title":"Renuncia de Sergio Morales, asesor en criptoactivos de la CNV, tras esc\u00e1ndalo LIBRA - LA RED 88.3 LA RIOJA","robots":{"index":"index","follow":"follow","max-snippet":"max-snippet:-1","max-image-preview":"max-image-preview:large","max-video-preview":"max-video-preview:-1"},"canonical":"https:\/\/laredlarioja.com.ar\/sitio\/renuncia-de-sergio-morales-asesor-en-criptoactivos-de-la-cnv-tras-escandalo-libra\/","og_locale":"es_ES","og_type":"article","og_title":"Renuncia de Sergio Morales, asesor en criptoactivos de la CNV, tras esc\u00e1ndalo LIBRA - LA RED 88.3 LA RIOJA","og_description":"Sergio Morales, quien se desempe\u00f1aba como asesor en criptoactivos de la Comisi\u00f3n Nacional de Valores (CNV), present\u00f3 hoy","og_url":"https:\/\/laredlarioja.com.ar\/sitio\/renuncia-de-sergio-morales-asesor-en-criptoactivos-de-la-cnv-tras-escandalo-libra\/","og_site_name":"LA RED 88.3 LA RIOJA","article_publisher":"https:\/\/www.facebook.com\/lared.larioja","article_published_time":"2025-03-08T00:10:08+00:00","og_image":[{"width":375,"height":211,"url":"https:\/\/laredlarioja.com.ar\/sitio\/wp-content\/uploads\/2025\/03\/librajpg.webp","type":"image\/webp"}],"author":"Maria De La Vega","twitter_card":"summary_large_image","twitter_creator":"@laredlarioja1","twitter_site":"@laredlarioja1","twitter_misc":{"Escrito por":"Maria De La Vega","Tiempo de lectura":"2 minutos"},"schema":{"@context":"https:\/\/schema.org","@graph":[{"@type":"Article","@id":"https:\/\/laredlarioja.com.ar\/sitio\/renuncia-de-sergio-morales-asesor-en-criptoactivos-de-la-cnv-tras-escandalo-libra\/#article","isPartOf":{"@id":"https:\/\/laredlarioja.com.ar\/sitio\/renuncia-de-sergio-morales-asesor-en-criptoactivos-de-la-cnv-tras-escandalo-libra\/"},"author":{"name":"Maria De La Vega","@id":"https:\/\/laredlarioja.com.ar\/sitio\/#\/schema\/person\/8b98ebe852851a8bdc8acd6ec6918de9"},"headline":"Renuncia de Sergio Morales, asesor en criptoactivos de la CNV, tras esc\u00e1ndalo LIBRA","datePublished":"2025-03-08T00:10:08+00:00","mainEntityOfPage":{"@id":"https:\/\/laredlarioja.com.ar\/sitio\/renuncia-de-sergio-morales-asesor-en-criptoactivos-de-la-cnv-tras-escandalo-libra\/"},"wordCount":342,"publisher":{"@id":"https:\/\/laredlarioja.com.ar\/sitio\/#organization"},"image":{"@id":"https:\/\/laredlarioja.com.ar\/sitio\/renuncia-de-sergio-morales-asesor-en-criptoactivos-de-la-cnv-tras-escandalo-libra\/#primaryimage"},"thumbnailUrl":"https:\/\/laredlarioja.com.ar\/sitio\/wp-content\/uploads\/2025\/03\/librajpg.webp","keywords":["Secundaria"],"articleSection":["El pa\u00eds"],"inLanguage":"es"},{"@type":"WebPage","@id":"https:\/\/laredlarioja.com.ar\/sitio\/renuncia-de-sergio-morales-asesor-en-criptoactivos-de-la-cnv-tras-escandalo-libra\/","url":"https:\/\/laredlarioja.com.ar\/sitio\/renuncia-de-sergio-morales-asesor-en-criptoactivos-de-la-cnv-tras-escandalo-libra\/","name":"Renuncia de Sergio Morales, asesor en criptoactivos de la CNV, tras esc\u00e1ndalo LIBRA - LA RED 88.3 LA RIOJA","isPartOf":{"@id":"https:\/\/laredlarioja.com.ar\/sitio\/#website"},"primaryImageOfPage":{"@id":"https:\/\/laredlarioja.com.ar\/sitio\/renuncia-de-sergio-morales-asesor-en-criptoactivos-de-la-cnv-tras-escandalo-libra\/#primaryimage"},"image":{"@id":"https:\/\/laredlarioja.com.ar\/sitio\/renuncia-de-sergio-morales-asesor-en-criptoactivos-de-la-cnv-tras-escandalo-libra\/#primaryimage"},"thumbnailUrl":"https:\/\/laredlarioja.com.ar\/sitio\/wp-content\/uploads\/2025\/03\/librajpg.webp","datePublished":"2025-03-08T00:10:08+00:00","breadcrumb":{"@id":"https:\/\/laredlarioja.com.ar\/sitio\/renuncia-de-sergio-morales-asesor-en-criptoactivos-de-la-cnv-tras-escandalo-libra\/#breadcrumb"},"inLanguage":"es","potentialAction":[{"@type":"ReadAction","target":["https:\/\/laredlarioja.com.ar\/sitio\/renuncia-de-sergio-morales-asesor-en-criptoactivos-de-la-cnv-tras-escandalo-libra\/"]}]},{"@type":"ImageObject","inLanguage":"es","@id":"https:\/\/laredlarioja.com.ar\/sitio\/renuncia-de-sergio-morales-asesor-en-criptoactivos-de-la-cnv-tras-escandalo-libra\/#primaryimage","url":"https:\/\/laredlarioja.com.ar\/sitio\/wp-content\/uploads\/2025\/03\/librajpg.webp","contentUrl":"https:\/\/laredlarioja.com.ar\/sitio\/wp-content\/uploads\/2025\/03\/librajpg.webp","width":375,"height":211},{"@type":"BreadcrumbList","@id":"https:\/\/laredlarioja.com.ar\/sitio\/renuncia-de-sergio-morales-asesor-en-criptoactivos-de-la-cnv-tras-escandalo-libra\/#breadcrumb","itemListElement":[{"@type":"ListItem","position":1,"name":"Portada","item":"https:\/\/laredlarioja.com.ar\/sitio\/"},{"@type":"ListItem","position":2,"name":"Renuncia de Sergio Morales, asesor en criptoactivos de la CNV, tras esc\u00e1ndalo LIBRA"}]},{"@type":"WebSite","@id":"https:\/\/laredlarioja.com.ar\/sitio\/#website","url":"https:\/\/laredlarioja.com.ar\/sitio\/","name":"LA RED 88.3 LA RIOJA","description":"Sitio de Noticias","publisher":{"@id":"https:\/\/laredlarioja.com.ar\/sitio\/#organization"},"potentialAction":[{"@type":"SearchAction","target":{"@type":"EntryPoint","urlTemplate":"https:\/\/laredlarioja.com.ar\/sitio\/?s={search_term_string}"},"query-input":{"@type":"PropertyValueSpecification","valueRequired":true,"valueName":"search_term_string"}}],"inLanguage":"es"},{"@type":"Organization","@id":"https:\/\/laredlarioja.com.ar\/sitio\/#organization","name":"LA RED 88.3 LA RIOJA","url":"https:\/\/laredlarioja.com.ar\/sitio\/","logo":{"@type":"ImageObject","inLanguage":"es","@id":"https:\/\/laredlarioja.com.ar\/sitio\/#\/schema\/logo\/image\/","url":"https:\/\/laredlarioja.com.ar\/sitio\/wp-content\/uploads\/2025\/05\/LOGO-LA-RED.png","contentUrl":"https:\/\/laredlarioja.com.ar\/sitio\/wp-content\/uploads\/2025\/05\/LOGO-LA-RED.png","width":193,"height":340,"caption":"LA RED 88.3 LA RIOJA"},"image":{"@id":"https:\/\/laredlarioja.com.ar\/sitio\/#\/schema\/logo\/image\/"},"sameAs":["https:\/\/www.facebook.com\/lared.larioja","https:\/\/x.com\/laredlarioja1","https:\/\/www.instagram.com\/lared_larioja\/"]},{"@type":"Person","@id":"https:\/\/laredlarioja.com.ar\/sitio\/#\/schema\/person\/8b98ebe852851a8bdc8acd6ec6918de9","name":"Maria De La Vega","sameAs":["http:\/\/laredlarioja.com.ar"],"url":"https:\/\/laredlarioja.com.ar\/sitio\/author\/maru\/"}]}},"featured_image_urls":{"full":["https:\/\/laredlarioja.com.ar\/sitio\/wp-content\/uploads\/2025\/03\/librajpg.webp",375,211,false],"thumbnail":["https:\/\/laredlarioja.com.ar\/sitio\/wp-content\/uploads\/2025\/03\/librajpg-150x150.webp",150,150,true],"medium":["https:\/\/laredlarioja.com.ar\/sitio\/wp-content\/uploads\/2025\/03\/librajpg-300x169.webp",300,169,true],"medium_large":["https:\/\/laredlarioja.com.ar\/sitio\/wp-content\/uploads\/2025\/03\/librajpg.webp",375,211,false],"large":["https:\/\/laredlarioja.com.ar\/sitio\/wp-content\/uploads\/2025\/03\/librajpg.webp",375,211,false],"1536x1536":["https:\/\/laredlarioja.com.ar\/sitio\/wp-content\/uploads\/2025\/03\/librajpg.webp",375,211,false],"2048x2048":["https:\/\/laredlarioja.com.ar\/sitio\/wp-content\/uploads\/2025\/03\/librajpg.webp",375,211,false],"cvmm-medium":["https:\/\/laredlarioja.com.ar\/sitio\/wp-content\/uploads\/2025\/03\/librajpg-300x211.webp",300,211,true],"cvmm-medium-plus":["https:\/\/laredlarioja.com.ar\/sitio\/wp-content\/uploads\/2025\/03\/librajpg-305x207.webp",305,207,true],"cvmm-portrait":["https:\/\/laredlarioja.com.ar\/sitio\/wp-content\/uploads\/2025\/03\/librajpg.webp",375,211,false],"cvmm-medium-square":["https:\/\/laredlarioja.com.ar\/sitio\/wp-content\/uploads\/2025\/03\/librajpg.webp",375,211,false],"cvmm-large":["https:\/\/laredlarioja.com.ar\/sitio\/wp-content\/uploads\/2025\/03\/librajpg.webp",375,211,false],"cvmm-small":["https:\/\/laredlarioja.com.ar\/sitio\/wp-content\/uploads\/2025\/03\/librajpg-130x95.webp",130,95,true],"morenews-large":["https:\/\/laredlarioja.com.ar\/sitio\/wp-content\/uploads\/2025\/03\/librajpg.webp",375,211,false],"morenews-medium":["https:\/\/laredlarioja.com.ar\/sitio\/wp-content\/uploads\/2025\/03\/librajpg.webp",375,211,false]},"author_info":{"display_name":"Maria De La Vega","author_link":"https:\/\/laredlarioja.com.ar\/sitio\/author\/maru\/"},"category_info":"<a href=\"https:\/\/laredlarioja.com.ar\/sitio\/categorias\/pais\/\" rel=\"category tag\">El pa\u00eds<\/a>","tag_info":"El pa\u00eds","comment_count":"0","blog_post_layout_featured_media_urls":{"thumbnail":["https:\/\/laredlarioja.com.ar\/sitio\/wp-content\/uploads\/2025\/03\/librajpg-150x150.webp",150,150,true],"full":["https:\/\/laredlarioja.com.ar\/sitio\/wp-content\/uploads\/2025\/03\/librajpg.webp",375,211,false]},"categories_names":{"130":{"name":"El pa\u00eds","link":"https:\/\/laredlarioja.com.ar\/sitio\/categorias\/pais\/"}},"tags_names":{"84":{"name":"Secundaria","link":"https:\/\/laredlarioja.com.ar\/sitio\/etiquetas\/secundaria\/"}},"comments_number":"0","wpmagazine_modules_lite_featured_media_urls":{"thumbnail":["https:\/\/laredlarioja.com.ar\/sitio\/wp-content\/uploads\/2025\/03\/librajpg-150x150.webp",150,150,true],"cvmm-medium":["https:\/\/laredlarioja.com.ar\/sitio\/wp-content\/uploads\/2025\/03\/librajpg-300x211.webp",300,211,true],"cvmm-medium-plus":["https:\/\/laredlarioja.com.ar\/sitio\/wp-content\/uploads\/2025\/03\/librajpg-305x207.webp",305,207,true],"cvmm-portrait":["https:\/\/laredlarioja.com.ar\/sitio\/wp-content\/uploads\/2025\/03\/librajpg.webp",375,211,false],"cvmm-medium-square":["https:\/\/laredlarioja.com.ar\/sitio\/wp-content\/uploads\/2025\/03\/librajpg.webp",375,211,false],"cvmm-large":["https:\/\/laredlarioja.com.ar\/sitio\/wp-content\/uploads\/2025\/03\/librajpg.webp",375,211,false],"cvmm-small":["https:\/\/laredlarioja.com.ar\/sitio\/wp-content\/uploads\/2025\/03\/librajpg-130x95.webp",130,95,true],"full":["https:\/\/laredlarioja.com.ar\/sitio\/wp-content\/uploads\/2025\/03\/librajpg.webp",375,211,false]},"_links":{"self":[{"href":"https:\/\/laredlarioja.com.ar\/sitio\/wp-json\/wp\/v2\/posts\/58870","targetHints":{"allow":["GET"]}}],"collection":[{"href":"https:\/\/laredlarioja.com.ar\/sitio\/wp-json\/wp\/v2\/posts"}],"about":[{"href":"https:\/\/laredlarioja.com.ar\/sitio\/wp-json\/wp\/v2\/types\/post"}],"author":[{"embeddable":true,"href":"https:\/\/laredlarioja.com.ar\/sitio\/wp-json\/wp\/v2\/users\/13"}],"replies":[{"embeddable":true,"href":"https:\/\/laredlarioja.com.ar\/sitio\/wp-json\/wp\/v2\/comments?post=58870"}],"version-history":[{"count":1,"href":"https:\/\/laredlarioja.com.ar\/sitio\/wp-json\/wp\/v2\/posts\/58870\/revisions"}],"predecessor-version":[{"id":58872,"href":"https:\/\/laredlarioja.com.ar\/sitio\/wp-json\/wp\/v2\/posts\/58870\/revisions\/58872"}],"wp:featuredmedia":[{"embeddable":true,"href":"https:\/\/laredlarioja.com.ar\/sitio\/wp-json\/wp\/v2\/media\/58871"}],"wp:attachment":[{"href":"https:\/\/laredlarioja.com.ar\/sitio\/wp-json\/wp\/v2\/media?parent=58870"}],"wp:term":[{"taxonomy":"category","embeddable":true,"href":"https:\/\/laredlarioja.com.ar\/sitio\/wp-json\/wp\/v2\/categories?post=58870"},{"taxonomy":"post_tag","embeddable":true,"href":"https:\/\/laredlarioja.com.ar\/sitio\/wp-json\/wp\/v2\/tags?post=58870"}],"curies":[{"name":"wp","href":"https:\/\/api.w.org\/{rel}","templated":true}]}}