{"id":58875,"date":"2025-03-08T14:34:41","date_gmt":"2025-03-08T14:34:41","guid":{"rendered":"https:\/\/laredlarioja.com.ar\/sitio\/?p=58875"},"modified":"2025-03-10T21:41:37","modified_gmt":"2025-03-10T21:41:37","slug":"8m-las-brechas-de-genero-negadas","status":"publish","type":"post","link":"https:\/\/laredlarioja.com.ar\/sitio\/8m-las-brechas-de-genero-negadas\/","title":{"rendered":"8M: Las brechas de g\u00e9nero negadas"},"content":{"rendered":"<p>El CEPA (Centro de Econom\u00eda Pol\u00edtica Argentina) elabor\u00f3 un informe para este\u00a0 8 de marzo de 2025, D\u00eda Internacional de la Mujer Trabajadora. El informe presenta un balance del primer a\u00f1o del gobierno de Javier Milei en materia de brechas de g\u00e9nero. Se aportan datos ante <strong>un presidente que niega la existencia misma de las desigualdades y ataca la agenda de ampliaci\u00f3n de derechos<\/strong>: \u201cen sus versiones m\u00e1s extremas la ideolog\u00eda de g\u00e9nero constituye lisa y llanamente abuso infantil\u201d (Milei, enero de 2025).<\/p>\n<p>A su vez, se repasan las medidas econ\u00f3micas del nuevo gobierno y su impacto diferencial en funci\u00f3n del g\u00e9nero. \u00abDe este modo, discutir las pol\u00edticas propuestas por Javier Milei desde el feminismo no es s\u00f3lo discutir la desjerarquizaci\u00f3n en materia institucional sino poner en cuesti\u00f3n el modelo econ\u00f3mico y los efectos que genera en los sectores m\u00e1s postergados, en los que las mujeres y diversidades se encuentran sobrerrepresentadas\u00bb, explican.<\/p>\n<p>La situaci\u00f3n al tercer trimestre de 2024 se puede resumir en 6\u00a0<strong>brechas de g\u00e9nero<\/strong>\u00a0clave, cuya existencia misma es negada desde el Poder Ejecutivo Nacional:<\/p>\n<ul>\n<li>La\u00a0<strong>tasa de actividad<\/strong>\u00a0de las mujeres (52,1%) es 18,4 puntos porcentuales menor a la de los varones (70,5%).<\/li>\n<li>Se profundiz\u00f3 la brecha de\u00a0<strong>desocupaci\u00f3n<\/strong>\u00a0respecto al a\u00f1o anterior, ubic\u00e1ndose en 1,7 p.p. La tasa de desocupaci\u00f3n en mujeres es de 7,9%, mientras la misma tasa en varones es de 6,2%.<\/li>\n<li>La brecha en la\u00a0<strong>informalidad laboral<\/strong>\u00a0se increment\u00f3 a 3,7 puntos porcentuales: 38,7% en mujeres y 35,0% en varones.<\/li>\n<li><strong>Los ingresos de los varones son 27,7% mayores que los ingresos de las mujeres<\/strong>; esta brecha se reduce a 21,4% entre asalariadas\/os formales pero se incrementa a 33,3% en los informales. Esto genera una\u00a0<strong>sobrerrepresentaci\u00f3n de las mujeres en la pobreza: son el 61,4% de las personas con menores ingresos.<\/strong><\/li>\n<li>La ra\u00edz de la desigualdad en el mercado de trabajo se encuentra en el hogar:\u00a0<strong>las mujeres destinan 3 horas m\u00e1s por d\u00eda al trabajo no remunerado que los varones<\/strong>.<\/li>\n<li>La contracara de la feminizaci\u00f3n de la pobreza es la\u00a0<strong>masculinizaci\u00f3n de la riqueza<\/strong>: el 65,0% del sector de mayores ingresos son varones. As\u00ed, las mujeres est\u00e1n subrepresentadas en el pago de impuestos progresivos: son el 32,8% de quienes tributan Bienes Personales -que el gobierno redujo a su m\u00ednima expresi\u00f3n- y el 30,0% de quienes pagan impuesto a las ganancias. A su vez, sus bienes y sus ganancias valen menos que la de los varones. Esto implica una enorme\u00a0<strong>brecha patrimonial<\/strong>.<\/li>\n<\/ul>\n<p>En materia presupuestaria, el gobierno decidi\u00f3 prorrogar el Presupuesto 2023, garantiz\u00e1ndose la discrecionalidad en el gasto. Lo mismo hicieron en 2025. A su vez, las pol\u00edticas que en 2023 estaban etiquetadas como PPG (Presupuesto con Perspectiva de G\u00e9nero), esto es, <strong>pol\u00edticas que contribuyen a reducir las desigualdades de g\u00e9nero, mostraron una ca\u00edda de 21,0% en t\u00e9rminos reales durante 2024<\/strong>.<\/p>\n<p>Por ejemplo, las jubilaciones y pensiones otorgadas v\u00eda moratoria cayeron 16,8% interanual; el Programa Registradas, as\u00ed como el patrocinio jur\u00eddico a v\u00edctimas de violencia fueron desmantelados (-100,0%), la ejecuci\u00f3n de la ESI se desplom\u00f3 98,7% y los programas de infraestructura de cuidado se redujeron entre 82,6% y 99,5%. Las excepciones fueron la AUH (+38,7%) y el Programa 1.000 d\u00edas (+202,7%).<\/p>\n<p><strong>Pero el modelo econ\u00f3mico instaurado a partir del 10 de diciembre produjo otras consecuencias en mujeres y diversidades:<\/strong><\/p>\n<ul>\n<li><strong>Se perdieron 15.748 puestos de trabajadoras de casas particulares<\/strong>\u00a0entre noviembre 2023 y noviembre 2024. Este sector est\u00e1 sumamente feminizado: el 95,2% de quienes realizan este trabajo son mujeres, y\u00a0<strong>sus ingresos han perdido a enero de 2025, 21,8% de su poder adquisitivo<\/strong>\u00a0respecto a noviembre de 2023 (valor hora vs inflaci\u00f3n).<\/li>\n<li>Otro sector sumamente feminizado es el docente: el 77% del personal de nivel inicial, primario y secundario son mujeres, y sufrieron un recorte de salarios en t\u00e9rminos nominales con\u00a0<strong>la eliminaci\u00f3n del FONID<\/strong>\u00a0(Fondo Nacional de Incentivo Docente), que representaba en promedio el 12% del sueldo.<\/li>\n<li>Las\u00a0<strong>jubilaciones m\u00ednimas<\/strong>, que cobran mayormente las mujeres -que en un 79,4% accedieron v\u00eda moratoria y por ende cobran el haber m\u00ednimo- sufrieron una\u00a0<strong>p\u00e9rdida del poder adquisitivo de 13,3%<\/strong>\u00a0en el primer trimestre de 2025 respecto al \u00faltimo trimestre del gobierno anterior. Es el resultado de la aplicaci\u00f3n del DNU 274\/2024 y el congelamiento del bono de $70.000 desde marzo de 2024. Debiera ser del doble ($145.303) si se lo hubiera ajustado con el mismo criterio del haber.<\/li>\n<li>A las jubiladas y pensionadas, a su vez, les quitaron la devoluci\u00f3n del IVA, que representaba un ingreso extra de $18.800 por mes. Tambi\u00e9n fueron perjudicadas por los recortes en PAMI.<\/li>\n<li>En marzo de 2025, el gobierno no va a prorrogar la\u00a0<strong>moratoria previsional<\/strong>. Como consecuencia<strong>, 9 de cada 10 mujeres en edad cercana a jubilarse no podr\u00e1n hacerlo<\/strong>. Deber\u00e1n conformarse con una PUAM: 80% del haber m\u00ednimo, podr\u00e1n acceder 5 a\u00f1os despu\u00e9s (a los 65 en vez de a los 60) y no es pensionable.<\/li>\n<li>El 63% de quienes cobran el ex programa\u00a0<strong>Potenciar Trabajo<\/strong>\u00a0son mujeres. El\u00a0<strong>poder adquisitivo del mismo cay\u00f3 64,6%<\/strong>\u00a0entre noviembre de 2023 y marzo de 2025. Para recuperar el nivel de noviembre 2023,\u00a0<strong>el monto debiera ser hoy de $220.193,8.<\/strong><\/li>\n<li>El\u00a0<strong>programa Acompa\u00f1ar<\/strong>, que perciben las mujeres y diversidades en contextos de violencia de g\u00e9nero,\u00a0<strong>perdi\u00f3 29,8% de su poder adquisitivo<\/strong>\u00a0desde la asunci\u00f3n de Javier Milei, a la par que se detuvieron las altas, se redujo la cantidad de meses que se percibe (de 6 baj\u00f3 a 3 meses) y se exige una denuncia policial, en contra de toda la evidencia disponible en materia de abordaje de violencias.<\/li>\n<\/ul>\n<p><a href=\"https:\/\/laredlarioja.com.ar\/sitio\/wp-content\/uploads\/2025\/03\/CEPA.jpg\"><img fetchpriority=\"high\" decoding=\"async\" class=\"wp-image-58876 aligncenter\" src=\"https:\/\/laredlarioja.com.ar\/sitio\/wp-content\/uploads\/2025\/03\/CEPA-300x239.jpg\" alt=\"\" width=\"509\" height=\"406\" srcset=\"https:\/\/laredlarioja.com.ar\/sitio\/wp-content\/uploads\/2025\/03\/CEPA-300x239.jpg 300w, https:\/\/laredlarioja.com.ar\/sitio\/wp-content\/uploads\/2025\/03\/CEPA.jpg 567w\" sizes=\"(max-width: 509px) 100vw, 509px\" \/><\/a><\/p>\n<p>&nbsp;<\/p>\n<p>Por \u00faltimo, \u00abdesde su asunci\u00f3n, el gobierno desjerarquiz\u00f3 las pol\u00edticas de g\u00e9nero (primero redujo el Ministerio de Mujeres, G\u00e9neros y Diversidad en una Subsecretar\u00eda de Capital Humano y luego a una Direcci\u00f3n del Ministerio de Justicia) y emprendi\u00f3 un ataque sistem\u00e1tico contra el movimiento feminista.<br \/>\nBuscan avanzar contra el derecho al aborto, contra la Ley de Identidad de G\u00e9nero, contra la figura de femicidio en el C\u00f3digo Penal, contra la ESI, contra la Ley Micaela y contra la trayectoria en materia de derechos humanos de la Argentina en los foros internacionales. En este punto, es importante se\u00f1alar que aquello que Milei llama ideolog\u00eda de g\u00e9nero es en realidad un corpus robusto de derechos consagrados, incluso por la Constituci\u00f3n Nacional, y cuyo ataque implica una violaci\u00f3n constante de la legislaci\u00f3n vigente\u00bb, expresa.<\/p>\n<p>&nbsp;<\/p>\n<p><a href=\"https:\/\/laredlarioja.com.ar\/sitio\/wp-content\/uploads\/2025\/03\/919212-4a1-leandro-20teysseire-g0145018-e1741444356988.jpg\"><img decoding=\"async\" class=\" wp-image-58877 aligncenter\" src=\"https:\/\/laredlarioja.com.ar\/sitio\/wp-content\/uploads\/2025\/03\/919212-4a1-leandro-20teysseire-g0145018-300x200.jpg\" alt=\"\" width=\"625\" height=\"416\" \/><\/a><\/p>\n","protected":false},"excerpt":{"rendered":"<p>El CEPA (Centro de Econom\u00eda Pol\u00edtica Argentina) elabor\u00f3 un informe para este\u00a0 8 de marzo de 2025, D\u00eda<\/p>\n","protected":false},"author":14,"featured_media":42932,"comment_status":"closed","ping_status":"open","sticky":false,"template":"","format":"standard","meta":{"footnotes":""},"categories":[24],"tags":[],"class_list":["post-58875","post","type-post","status-publish","format-standard","has-post-thumbnail","hentry","category-informacion-general"],"yoast_head":"<!-- This site is optimized with the Yoast SEO plugin v27.4 - https:\/\/yoast.com\/product\/yoast-seo-wordpress\/ -->\n<title>8M: Las brechas de g\u00e9nero negadas - LA RED 88.3 LA RIOJA<\/title>\n<meta name=\"robots\" content=\"index, follow, max-snippet:-1, max-image-preview:large, max-video-preview:-1\" \/>\n<link rel=\"canonical\" href=\"https:\/\/laredlarioja.com.ar\/sitio\/8m-las-brechas-de-genero-negadas\/\" \/>\n<meta property=\"og:locale\" content=\"es_ES\" \/>\n<meta property=\"og:type\" content=\"article\" \/>\n<meta property=\"og:title\" content=\"8M: Las brechas de g\u00e9nero negadas - LA RED 88.3 LA RIOJA\" \/>\n<meta property=\"og:description\" content=\"El CEPA (Centro de Econom\u00eda Pol\u00edtica Argentina) elabor\u00f3 un informe para este\u00a0 8 de marzo de 2025, D\u00eda\" \/>\n<meta property=\"og:url\" content=\"https:\/\/laredlarioja.com.ar\/sitio\/8m-las-brechas-de-genero-negadas\/\" \/>\n<meta property=\"og:site_name\" content=\"LA RED 88.3 LA RIOJA\" \/>\n<meta property=\"article:publisher\" content=\"https:\/\/www.facebook.com\/lared.larioja\" \/>\n<meta property=\"article:published_time\" content=\"2025-03-08T14:34:41+00:00\" \/>\n<meta property=\"article:modified_time\" content=\"2025-03-10T21:41:37+00:00\" \/>\n<meta property=\"og:image\" content=\"https:\/\/laredlarioja.com.ar\/sitio\/wp-content\/uploads\/2024\/03\/Nosotras_paramos_santafe_8M_27-1-scaled.jpg\" \/>\n\t<meta property=\"og:image:width\" content=\"2560\" \/>\n\t<meta property=\"og:image:height\" content=\"1707\" \/>\n\t<meta property=\"og:image:type\" content=\"image\/jpeg\" \/>\n<meta name=\"author\" content=\"Analia Yoma\" \/>\n<meta name=\"twitter:card\" content=\"summary_large_image\" \/>\n<meta name=\"twitter:creator\" content=\"@laredlarioja1\" \/>\n<meta name=\"twitter:site\" content=\"@laredlarioja1\" \/>\n<meta name=\"twitter:label1\" content=\"Escrito por\" \/>\n\t<meta name=\"twitter:data1\" content=\"Analia Yoma\" \/>\n\t<meta name=\"twitter:label2\" content=\"Tiempo de lectura\" \/>\n\t<meta name=\"twitter:data2\" content=\"6 minutos\" \/>\n<script type=\"application\/ld+json\" class=\"yoast-schema-graph\">{\"@context\":\"https:\\\/\\\/schema.org\",\"@graph\":[{\"@type\":\"Article\",\"@id\":\"https:\\\/\\\/laredlarioja.com.ar\\\/sitio\\\/8m-las-brechas-de-genero-negadas\\\/#article\",\"isPartOf\":{\"@id\":\"https:\\\/\\\/laredlarioja.com.ar\\\/sitio\\\/8m-las-brechas-de-genero-negadas\\\/\"},\"author\":{\"name\":\"Analia Yoma\",\"@id\":\"https:\\\/\\\/laredlarioja.com.ar\\\/sitio\\\/#\\\/schema\\\/person\\\/1ea7f4446827233dde0672e6680cc48b\"},\"headline\":\"8M: Las brechas de g\u00e9nero negadas\",\"datePublished\":\"2025-03-08T14:34:41+00:00\",\"dateModified\":\"2025-03-10T21:41:37+00:00\",\"mainEntityOfPage\":{\"@id\":\"https:\\\/\\\/laredlarioja.com.ar\\\/sitio\\\/8m-las-brechas-de-genero-negadas\\\/\"},\"wordCount\":1073,\"publisher\":{\"@id\":\"https:\\\/\\\/laredlarioja.com.ar\\\/sitio\\\/#organization\"},\"image\":{\"@id\":\"https:\\\/\\\/laredlarioja.com.ar\\\/sitio\\\/8m-las-brechas-de-genero-negadas\\\/#primaryimage\"},\"thumbnailUrl\":\"https:\\\/\\\/laredlarioja.com.ar\\\/sitio\\\/wp-content\\\/uploads\\\/2024\\\/03\\\/Nosotras_paramos_santafe_8M_27-1-scaled.jpg\",\"articleSection\":[\"Informaci\u00f3n General\"],\"inLanguage\":\"es\"},{\"@type\":\"WebPage\",\"@id\":\"https:\\\/\\\/laredlarioja.com.ar\\\/sitio\\\/8m-las-brechas-de-genero-negadas\\\/\",\"url\":\"https:\\\/\\\/laredlarioja.com.ar\\\/sitio\\\/8m-las-brechas-de-genero-negadas\\\/\",\"name\":\"8M: Las brechas de g\u00e9nero negadas - LA RED 88.3 LA RIOJA\",\"isPartOf\":{\"@id\":\"https:\\\/\\\/laredlarioja.com.ar\\\/sitio\\\/#website\"},\"primaryImageOfPage\":{\"@id\":\"https:\\\/\\\/laredlarioja.com.ar\\\/sitio\\\/8m-las-brechas-de-genero-negadas\\\/#primaryimage\"},\"image\":{\"@id\":\"https:\\\/\\\/laredlarioja.com.ar\\\/sitio\\\/8m-las-brechas-de-genero-negadas\\\/#primaryimage\"},\"thumbnailUrl\":\"https:\\\/\\\/laredlarioja.com.ar\\\/sitio\\\/wp-content\\\/uploads\\\/2024\\\/03\\\/Nosotras_paramos_santafe_8M_27-1-scaled.jpg\",\"datePublished\":\"2025-03-08T14:34:41+00:00\",\"dateModified\":\"2025-03-10T21:41:37+00:00\",\"breadcrumb\":{\"@id\":\"https:\\\/\\\/laredlarioja.com.ar\\\/sitio\\\/8m-las-brechas-de-genero-negadas\\\/#breadcrumb\"},\"inLanguage\":\"es\",\"potentialAction\":[{\"@type\":\"ReadAction\",\"target\":[\"https:\\\/\\\/laredlarioja.com.ar\\\/sitio\\\/8m-las-brechas-de-genero-negadas\\\/\"]}]},{\"@type\":\"ImageObject\",\"inLanguage\":\"es\",\"@id\":\"https:\\\/\\\/laredlarioja.com.ar\\\/sitio\\\/8m-las-brechas-de-genero-negadas\\\/#primaryimage\",\"url\":\"https:\\\/\\\/laredlarioja.com.ar\\\/sitio\\\/wp-content\\\/uploads\\\/2024\\\/03\\\/Nosotras_paramos_santafe_8M_27-1-scaled.jpg\",\"contentUrl\":\"https:\\\/\\\/laredlarioja.com.ar\\\/sitio\\\/wp-content\\\/uploads\\\/2024\\\/03\\\/Nosotras_paramos_santafe_8M_27-1-scaled.jpg\",\"width\":2560,\"height\":1707},{\"@type\":\"BreadcrumbList\",\"@id\":\"https:\\\/\\\/laredlarioja.com.ar\\\/sitio\\\/8m-las-brechas-de-genero-negadas\\\/#breadcrumb\",\"itemListElement\":[{\"@type\":\"ListItem\",\"position\":1,\"name\":\"Portada\",\"item\":\"https:\\\/\\\/laredlarioja.com.ar\\\/sitio\\\/\"},{\"@type\":\"ListItem\",\"position\":2,\"name\":\"8M: Las brechas de g\u00e9nero negadas\"}]},{\"@type\":\"WebSite\",\"@id\":\"https:\\\/\\\/laredlarioja.com.ar\\\/sitio\\\/#website\",\"url\":\"https:\\\/\\\/laredlarioja.com.ar\\\/sitio\\\/\",\"name\":\"LA RED 88.3 LA RIOJA\",\"description\":\"Sitio de Noticias\",\"publisher\":{\"@id\":\"https:\\\/\\\/laredlarioja.com.ar\\\/sitio\\\/#organization\"},\"potentialAction\":[{\"@type\":\"SearchAction\",\"target\":{\"@type\":\"EntryPoint\",\"urlTemplate\":\"https:\\\/\\\/laredlarioja.com.ar\\\/sitio\\\/?s={search_term_string}\"},\"query-input\":{\"@type\":\"PropertyValueSpecification\",\"valueRequired\":true,\"valueName\":\"search_term_string\"}}],\"inLanguage\":\"es\"},{\"@type\":\"Organization\",\"@id\":\"https:\\\/\\\/laredlarioja.com.ar\\\/sitio\\\/#organization\",\"name\":\"LA RED 88.3 LA RIOJA\",\"url\":\"https:\\\/\\\/laredlarioja.com.ar\\\/sitio\\\/\",\"logo\":{\"@type\":\"ImageObject\",\"inLanguage\":\"es\",\"@id\":\"https:\\\/\\\/laredlarioja.com.ar\\\/sitio\\\/#\\\/schema\\\/logo\\\/image\\\/\",\"url\":\"https:\\\/\\\/laredlarioja.com.ar\\\/sitio\\\/wp-content\\\/uploads\\\/2025\\\/05\\\/LOGO-LA-RED.png\",\"contentUrl\":\"https:\\\/\\\/laredlarioja.com.ar\\\/sitio\\\/wp-content\\\/uploads\\\/2025\\\/05\\\/LOGO-LA-RED.png\",\"width\":193,\"height\":340,\"caption\":\"LA RED 88.3 LA RIOJA\"},\"image\":{\"@id\":\"https:\\\/\\\/laredlarioja.com.ar\\\/sitio\\\/#\\\/schema\\\/logo\\\/image\\\/\"},\"sameAs\":[\"https:\\\/\\\/www.facebook.com\\\/lared.larioja\",\"https:\\\/\\\/x.com\\\/laredlarioja1\",\"https:\\\/\\\/www.instagram.com\\\/lared_larioja\\\/\"]},{\"@type\":\"Person\",\"@id\":\"https:\\\/\\\/laredlarioja.com.ar\\\/sitio\\\/#\\\/schema\\\/person\\\/1ea7f4446827233dde0672e6680cc48b\",\"name\":\"Analia Yoma\",\"sameAs\":[\"https:\\\/\\\/laredlarioja.com.ar\\\/sitio\\\/\"],\"url\":\"https:\\\/\\\/laredlarioja.com.ar\\\/sitio\\\/author\\\/ana\\\/\"}]}<\/script>\n<!-- \/ Yoast SEO plugin. -->","yoast_head_json":{"title":"8M: Las brechas de g\u00e9nero negadas - LA RED 88.3 LA RIOJA","robots":{"index":"index","follow":"follow","max-snippet":"max-snippet:-1","max-image-preview":"max-image-preview:large","max-video-preview":"max-video-preview:-1"},"canonical":"https:\/\/laredlarioja.com.ar\/sitio\/8m-las-brechas-de-genero-negadas\/","og_locale":"es_ES","og_type":"article","og_title":"8M: Las brechas de g\u00e9nero negadas - LA RED 88.3 LA RIOJA","og_description":"El CEPA (Centro de Econom\u00eda Pol\u00edtica Argentina) elabor\u00f3 un informe para este\u00a0 8 de marzo de 2025, D\u00eda","og_url":"https:\/\/laredlarioja.com.ar\/sitio\/8m-las-brechas-de-genero-negadas\/","og_site_name":"LA RED 88.3 LA RIOJA","article_publisher":"https:\/\/www.facebook.com\/lared.larioja","article_published_time":"2025-03-08T14:34:41+00:00","article_modified_time":"2025-03-10T21:41:37+00:00","og_image":[{"width":2560,"height":1707,"url":"https:\/\/laredlarioja.com.ar\/sitio\/wp-content\/uploads\/2024\/03\/Nosotras_paramos_santafe_8M_27-1-scaled.jpg","type":"image\/jpeg"}],"author":"Analia Yoma","twitter_card":"summary_large_image","twitter_creator":"@laredlarioja1","twitter_site":"@laredlarioja1","twitter_misc":{"Escrito por":"Analia Yoma","Tiempo de lectura":"6 minutos"},"schema":{"@context":"https:\/\/schema.org","@graph":[{"@type":"Article","@id":"https:\/\/laredlarioja.com.ar\/sitio\/8m-las-brechas-de-genero-negadas\/#article","isPartOf":{"@id":"https:\/\/laredlarioja.com.ar\/sitio\/8m-las-brechas-de-genero-negadas\/"},"author":{"name":"Analia Yoma","@id":"https:\/\/laredlarioja.com.ar\/sitio\/#\/schema\/person\/1ea7f4446827233dde0672e6680cc48b"},"headline":"8M: Las brechas de g\u00e9nero negadas","datePublished":"2025-03-08T14:34:41+00:00","dateModified":"2025-03-10T21:41:37+00:00","mainEntityOfPage":{"@id":"https:\/\/laredlarioja.com.ar\/sitio\/8m-las-brechas-de-genero-negadas\/"},"wordCount":1073,"publisher":{"@id":"https:\/\/laredlarioja.com.ar\/sitio\/#organization"},"image":{"@id":"https:\/\/laredlarioja.com.ar\/sitio\/8m-las-brechas-de-genero-negadas\/#primaryimage"},"thumbnailUrl":"https:\/\/laredlarioja.com.ar\/sitio\/wp-content\/uploads\/2024\/03\/Nosotras_paramos_santafe_8M_27-1-scaled.jpg","articleSection":["Informaci\u00f3n General"],"inLanguage":"es"},{"@type":"WebPage","@id":"https:\/\/laredlarioja.com.ar\/sitio\/8m-las-brechas-de-genero-negadas\/","url":"https:\/\/laredlarioja.com.ar\/sitio\/8m-las-brechas-de-genero-negadas\/","name":"8M: Las brechas de g\u00e9nero negadas - LA RED 88.3 LA RIOJA","isPartOf":{"@id":"https:\/\/laredlarioja.com.ar\/sitio\/#website"},"primaryImageOfPage":{"@id":"https:\/\/laredlarioja.com.ar\/sitio\/8m-las-brechas-de-genero-negadas\/#primaryimage"},"image":{"@id":"https:\/\/laredlarioja.com.ar\/sitio\/8m-las-brechas-de-genero-negadas\/#primaryimage"},"thumbnailUrl":"https:\/\/laredlarioja.com.ar\/sitio\/wp-content\/uploads\/2024\/03\/Nosotras_paramos_santafe_8M_27-1-scaled.jpg","datePublished":"2025-03-08T14:34:41+00:00","dateModified":"2025-03-10T21:41:37+00:00","breadcrumb":{"@id":"https:\/\/laredlarioja.com.ar\/sitio\/8m-las-brechas-de-genero-negadas\/#breadcrumb"},"inLanguage":"es","potentialAction":[{"@type":"ReadAction","target":["https:\/\/laredlarioja.com.ar\/sitio\/8m-las-brechas-de-genero-negadas\/"]}]},{"@type":"ImageObject","inLanguage":"es","@id":"https:\/\/laredlarioja.com.ar\/sitio\/8m-las-brechas-de-genero-negadas\/#primaryimage","url":"https:\/\/laredlarioja.com.ar\/sitio\/wp-content\/uploads\/2024\/03\/Nosotras_paramos_santafe_8M_27-1-scaled.jpg","contentUrl":"https:\/\/laredlarioja.com.ar\/sitio\/wp-content\/uploads\/2024\/03\/Nosotras_paramos_santafe_8M_27-1-scaled.jpg","width":2560,"height":1707},{"@type":"BreadcrumbList","@id":"https:\/\/laredlarioja.com.ar\/sitio\/8m-las-brechas-de-genero-negadas\/#breadcrumb","itemListElement":[{"@type":"ListItem","position":1,"name":"Portada","item":"https:\/\/laredlarioja.com.ar\/sitio\/"},{"@type":"ListItem","position":2,"name":"8M: Las brechas de g\u00e9nero negadas"}]},{"@type":"WebSite","@id":"https:\/\/laredlarioja.com.ar\/sitio\/#website","url":"https:\/\/laredlarioja.com.ar\/sitio\/","name":"LA RED 88.3 LA RIOJA","description":"Sitio de Noticias","publisher":{"@id":"https:\/\/laredlarioja.com.ar\/sitio\/#organization"},"potentialAction":[{"@type":"SearchAction","target":{"@type":"EntryPoint","urlTemplate":"https:\/\/laredlarioja.com.ar\/sitio\/?s={search_term_string}"},"query-input":{"@type":"PropertyValueSpecification","valueRequired":true,"valueName":"search_term_string"}}],"inLanguage":"es"},{"@type":"Organization","@id":"https:\/\/laredlarioja.com.ar\/sitio\/#organization","name":"LA RED 88.3 LA RIOJA","url":"https:\/\/laredlarioja.com.ar\/sitio\/","logo":{"@type":"ImageObject","inLanguage":"es","@id":"https:\/\/laredlarioja.com.ar\/sitio\/#\/schema\/logo\/image\/","url":"https:\/\/laredlarioja.com.ar\/sitio\/wp-content\/uploads\/2025\/05\/LOGO-LA-RED.png","contentUrl":"https:\/\/laredlarioja.com.ar\/sitio\/wp-content\/uploads\/2025\/05\/LOGO-LA-RED.png","width":193,"height":340,"caption":"LA RED 88.3 LA RIOJA"},"image":{"@id":"https:\/\/laredlarioja.com.ar\/sitio\/#\/schema\/logo\/image\/"},"sameAs":["https:\/\/www.facebook.com\/lared.larioja","https:\/\/x.com\/laredlarioja1","https:\/\/www.instagram.com\/lared_larioja\/"]},{"@type":"Person","@id":"https:\/\/laredlarioja.com.ar\/sitio\/#\/schema\/person\/1ea7f4446827233dde0672e6680cc48b","name":"Analia Yoma","sameAs":["https:\/\/laredlarioja.com.ar\/sitio\/"],"url":"https:\/\/laredlarioja.com.ar\/sitio\/author\/ana\/"}]}},"featured_image_urls":{"full":["https:\/\/laredlarioja.com.ar\/sitio\/wp-content\/uploads\/2024\/03\/Nosotras_paramos_santafe_8M_27-1-scaled.jpg",2560,1707,false],"thumbnail":["https:\/\/laredlarioja.com.ar\/sitio\/wp-content\/uploads\/2024\/03\/Nosotras_paramos_santafe_8M_27-1-150x150.jpg",150,150,true],"medium":["https:\/\/laredlarioja.com.ar\/sitio\/wp-content\/uploads\/2024\/03\/Nosotras_paramos_santafe_8M_27-1-300x200.jpg",300,200,true],"medium_large":["https:\/\/laredlarioja.com.ar\/sitio\/wp-content\/uploads\/2024\/03\/Nosotras_paramos_santafe_8M_27-1-768x512.jpg",640,427,true],"large":["https:\/\/laredlarioja.com.ar\/sitio\/wp-content\/uploads\/2024\/03\/Nosotras_paramos_santafe_8M_27-1-1024x683.jpg",640,427,true],"1536x1536":["https:\/\/laredlarioja.com.ar\/sitio\/wp-content\/uploads\/2024\/03\/Nosotras_paramos_santafe_8M_27-1-1536x1024.jpg",1536,1024,true],"2048x2048":["https:\/\/laredlarioja.com.ar\/sitio\/wp-content\/uploads\/2024\/03\/Nosotras_paramos_santafe_8M_27-1-2048x1365.jpg",2048,1365,true],"cvmm-medium":["https:\/\/laredlarioja.com.ar\/sitio\/wp-content\/uploads\/2024\/03\/Nosotras_paramos_santafe_8M_27-1-300x300.jpg",300,300,true],"cvmm-medium-plus":["https:\/\/laredlarioja.com.ar\/sitio\/wp-content\/uploads\/2024\/03\/Nosotras_paramos_santafe_8M_27-1-305x207.jpg",305,207,true],"cvmm-portrait":["https:\/\/laredlarioja.com.ar\/sitio\/wp-content\/uploads\/2024\/03\/Nosotras_paramos_santafe_8M_27-1-400x600.jpg",400,600,true],"cvmm-medium-square":["https:\/\/laredlarioja.com.ar\/sitio\/wp-content\/uploads\/2024\/03\/Nosotras_paramos_santafe_8M_27-1-600x600.jpg",600,600,true],"cvmm-large":["https:\/\/laredlarioja.com.ar\/sitio\/wp-content\/uploads\/2024\/03\/Nosotras_paramos_santafe_8M_27-1-1024x1024.jpg",1024,1024,true],"cvmm-small":["https:\/\/laredlarioja.com.ar\/sitio\/wp-content\/uploads\/2024\/03\/Nosotras_paramos_santafe_8M_27-1-130x95.jpg",130,95,true],"morenews-large":["https:\/\/laredlarioja.com.ar\/sitio\/wp-content\/uploads\/2024\/03\/Nosotras_paramos_santafe_8M_27-1-825x575.jpg",825,575,true],"morenews-medium":["https:\/\/laredlarioja.com.ar\/sitio\/wp-content\/uploads\/2024\/03\/Nosotras_paramos_santafe_8M_27-1-590x410.jpg",590,410,true]},"author_info":{"display_name":"Analia Yoma","author_link":"https:\/\/laredlarioja.com.ar\/sitio\/author\/ana\/"},"category_info":"<a href=\"https:\/\/laredlarioja.com.ar\/sitio\/categorias\/informacion-general\/\" rel=\"category tag\">Informaci\u00f3n General<\/a>","tag_info":"Informaci\u00f3n General","comment_count":"0","blog_post_layout_featured_media_urls":{"thumbnail":["https:\/\/laredlarioja.com.ar\/sitio\/wp-content\/uploads\/2024\/03\/Nosotras_paramos_santafe_8M_27-1-150x150.jpg",150,150,true],"full":["https:\/\/laredlarioja.com.ar\/sitio\/wp-content\/uploads\/2024\/03\/Nosotras_paramos_santafe_8M_27-1-scaled.jpg",2560,1707,false]},"categories_names":{"24":{"name":"Informaci\u00f3n General","link":"https:\/\/laredlarioja.com.ar\/sitio\/categorias\/informacion-general\/"}},"tags_names":[],"comments_number":"0","wpmagazine_modules_lite_featured_media_urls":{"thumbnail":["https:\/\/laredlarioja.com.ar\/sitio\/wp-content\/uploads\/2024\/03\/Nosotras_paramos_santafe_8M_27-1-150x150.jpg",150,150,true],"cvmm-medium":["https:\/\/laredlarioja.com.ar\/sitio\/wp-content\/uploads\/2024\/03\/Nosotras_paramos_santafe_8M_27-1-300x300.jpg",300,300,true],"cvmm-medium-plus":["https:\/\/laredlarioja.com.ar\/sitio\/wp-content\/uploads\/2024\/03\/Nosotras_paramos_santafe_8M_27-1-305x207.jpg",305,207,true],"cvmm-portrait":["https:\/\/laredlarioja.com.ar\/sitio\/wp-content\/uploads\/2024\/03\/Nosotras_paramos_santafe_8M_27-1-400x600.jpg",400,600,true],"cvmm-medium-square":["https:\/\/laredlarioja.com.ar\/sitio\/wp-content\/uploads\/2024\/03\/Nosotras_paramos_santafe_8M_27-1-600x600.jpg",600,600,true],"cvmm-large":["https:\/\/laredlarioja.com.ar\/sitio\/wp-content\/uploads\/2024\/03\/Nosotras_paramos_santafe_8M_27-1-1024x1024.jpg",1024,1024,true],"cvmm-small":["https:\/\/laredlarioja.com.ar\/sitio\/wp-content\/uploads\/2024\/03\/Nosotras_paramos_santafe_8M_27-1-130x95.jpg",130,95,true],"full":["https:\/\/laredlarioja.com.ar\/sitio\/wp-content\/uploads\/2024\/03\/Nosotras_paramos_santafe_8M_27-1-scaled.jpg",2560,1707,false]},"_links":{"self":[{"href":"https:\/\/laredlarioja.com.ar\/sitio\/wp-json\/wp\/v2\/posts\/58875","targetHints":{"allow":["GET"]}}],"collection":[{"href":"https:\/\/laredlarioja.com.ar\/sitio\/wp-json\/wp\/v2\/posts"}],"about":[{"href":"https:\/\/laredlarioja.com.ar\/sitio\/wp-json\/wp\/v2\/types\/post"}],"author":[{"embeddable":true,"href":"https:\/\/laredlarioja.com.ar\/sitio\/wp-json\/wp\/v2\/users\/14"}],"replies":[{"embeddable":true,"href":"https:\/\/laredlarioja.com.ar\/sitio\/wp-json\/wp\/v2\/comments?post=58875"}],"version-history":[{"count":1,"href":"https:\/\/laredlarioja.com.ar\/sitio\/wp-json\/wp\/v2\/posts\/58875\/revisions"}],"predecessor-version":[{"id":58878,"href":"https:\/\/laredlarioja.com.ar\/sitio\/wp-json\/wp\/v2\/posts\/58875\/revisions\/58878"}],"wp:featuredmedia":[{"embeddable":true,"href":"https:\/\/laredlarioja.com.ar\/sitio\/wp-json\/wp\/v2\/media\/42932"}],"wp:attachment":[{"href":"https:\/\/laredlarioja.com.ar\/sitio\/wp-json\/wp\/v2\/media?parent=58875"}],"wp:term":[{"taxonomy":"category","embeddable":true,"href":"https:\/\/laredlarioja.com.ar\/sitio\/wp-json\/wp\/v2\/categories?post=58875"},{"taxonomy":"post_tag","embeddable":true,"href":"https:\/\/laredlarioja.com.ar\/sitio\/wp-json\/wp\/v2\/tags?post=58875"}],"curies":[{"name":"wp","href":"https:\/\/api.w.org\/{rel}","templated":true}]}}