{"id":58940,"date":"2025-03-10T13:31:40","date_gmt":"2025-03-10T13:31:40","guid":{"rendered":"https:\/\/laredlarioja.com.ar\/sitio\/?p=58940"},"modified":"2025-03-10T23:17:26","modified_gmt":"2025-03-10T23:17:26","slug":"fuertes-lluvias-en-la-rioja-55-milimetros-de-precipitacion-en-la-capital-y-asistencia-en-el-interior","status":"publish","type":"post","link":"https:\/\/laredlarioja.com.ar\/sitio\/fuertes-lluvias-en-la-rioja-55-milimetros-de-precipitacion-en-la-capital-y-asistencia-en-el-interior\/","title":{"rendered":"Fuertes lluvias en La Rioja: 55 mil\u00edmetros de precipitaci\u00f3n en la Capital y asistencia en el interior"},"content":{"rendered":"<p data-start=\"99\" data-end=\"309\">El director de Defensa Civil, Juan Pablo Moreno, inform\u00f3 sobre el impacto de las recientes precipitaciones en la provincia de La Rioja durante el fin de semana y las acciones realizadas para garantizar la seguridad de los ciudadanos.<\/p>\n<p data-start=\"311\" data-end=\"574\">Seg\u00fan los registros, desde el inicio del fen\u00f3meno hasta la ma\u00f1ana del domingo, se acumularon <strong data-start=\"404\" data-end=\"445\">55 mil\u00edmetros de lluvia en la Capital<\/strong>. Adem\u00e1s, en distintas localidades del interior, se reportaron precipitaciones intensas, afectando especialmente zonas rurales.<\/p>\n<p data-start=\"620\" data-end=\"1102\">Moreno destac\u00f3 que se atendieron m\u00faltiples situaciones de menor riesgo en materia de emergencias, con la intervenci\u00f3n de <strong data-start=\"741\" data-end=\"812\">Defensa Civil, bomberos voluntarios y otros servicios de asistencia<\/strong>. En cercan\u00edas de <strong data-start=\"830\" data-end=\"857\">Guandacol y Villa Uni\u00f3n<\/strong>, el aumento del caudal de los r\u00edos requiri\u00f3 operativos preventivos. Personal de Defensa Civil, Vialidad y Bomberos trabajaron en el \u00e1rea para garantizar que los transe\u00fantes pudieran circular con precauci\u00f3n hasta que se normaliz\u00f3 la situaci\u00f3n.<\/p>\n<p data-start=\"1104\" data-end=\"1243\">Pese a la intensidad de las lluvias, <strong data-start=\"1141\" data-end=\"1179\">no se reportaron incidentes graves<\/strong> y el desarrollo de los operativos transcurri\u00f3 con normalidad.<\/p>\n<p data-start=\"1278\" data-end=\"1499\" data-is-last-node=\"\" data-is-only-node=\"\">Desde Defensa Civil se mantienen atentos a las actualizaciones del <strong data-start=\"1345\" data-end=\"1380\">Servicio Meteorol\u00f3gico Nacional<\/strong>, con el objetivo de prever posibles nuevas precipitaciones y tomar las medidas preventivas necesarias en la provincia.<\/p>\n","protected":false},"excerpt":{"rendered":"<p>El director de Defensa Civil, Juan Pablo Moreno, inform\u00f3 sobre el impacto de las recientes precipitaciones en la<\/p>\n","protected":false},"author":10,"featured_media":58941,"comment_status":"closed","ping_status":"open","sticky":false,"template":"","format":"standard","meta":{"footnotes":""},"categories":[24],"tags":[],"class_list":["post-58940","post","type-post","status-publish","format-standard","has-post-thumbnail","hentry","category-informacion-general"],"yoast_head":"<!-- This site is optimized with the Yoast SEO plugin v27.4 - https:\/\/yoast.com\/product\/yoast-seo-wordpress\/ -->\n<title>Fuertes lluvias en La Rioja: 55 mil\u00edmetros de precipitaci\u00f3n en la Capital y asistencia en el interior - LA RED 88.3 LA RIOJA<\/title>\n<meta name=\"robots\" content=\"index, follow, max-snippet:-1, max-image-preview:large, max-video-preview:-1\" \/>\n<link rel=\"canonical\" href=\"https:\/\/laredlarioja.com.ar\/sitio\/fuertes-lluvias-en-la-rioja-55-milimetros-de-precipitacion-en-la-capital-y-asistencia-en-el-interior\/\" \/>\n<meta property=\"og:locale\" content=\"es_ES\" \/>\n<meta property=\"og:type\" content=\"article\" \/>\n<meta property=\"og:title\" content=\"Fuertes lluvias en La Rioja: 55 mil\u00edmetros de precipitaci\u00f3n en la Capital y asistencia en el interior - LA RED 88.3 LA RIOJA\" \/>\n<meta property=\"og:description\" content=\"El director de Defensa Civil, Juan Pablo Moreno, inform\u00f3 sobre el impacto de las recientes precipitaciones en la\" \/>\n<meta property=\"og:url\" content=\"https:\/\/laredlarioja.com.ar\/sitio\/fuertes-lluvias-en-la-rioja-55-milimetros-de-precipitacion-en-la-capital-y-asistencia-en-el-interior\/\" \/>\n<meta property=\"og:site_name\" content=\"LA RED 88.3 LA RIOJA\" \/>\n<meta property=\"article:publisher\" content=\"https:\/\/www.facebook.com\/lared.larioja\" \/>\n<meta property=\"article:published_time\" content=\"2025-03-10T13:31:40+00:00\" \/>\n<meta property=\"article:modified_time\" content=\"2025-03-10T23:17:26+00:00\" \/>\n<meta property=\"og:image\" content=\"https:\/\/laredlarioja.com.ar\/sitio\/wp-content\/uploads\/2025\/03\/lluvia-la-rioja.webp\" \/>\n\t<meta property=\"og:image:width\" content=\"900\" \/>\n\t<meta property=\"og:image:height\" content=\"600\" \/>\n\t<meta property=\"og:image:type\" content=\"image\/webp\" \/>\n<meta name=\"author\" content=\"La Red\" \/>\n<meta name=\"twitter:card\" content=\"summary_large_image\" \/>\n<meta name=\"twitter:creator\" content=\"@laredlarioja1\" \/>\n<meta name=\"twitter:site\" content=\"@laredlarioja1\" \/>\n<meta name=\"twitter:label1\" content=\"Escrito por\" \/>\n\t<meta name=\"twitter:data1\" content=\"La Red\" \/>\n\t<meta name=\"twitter:label2\" content=\"Tiempo de lectura\" \/>\n\t<meta name=\"twitter:data2\" content=\"1 minuto\" \/>\n<script type=\"application\/ld+json\" class=\"yoast-schema-graph\">{\"@context\":\"https:\\\/\\\/schema.org\",\"@graph\":[{\"@type\":\"Article\",\"@id\":\"https:\\\/\\\/laredlarioja.com.ar\\\/sitio\\\/fuertes-lluvias-en-la-rioja-55-milimetros-de-precipitacion-en-la-capital-y-asistencia-en-el-interior\\\/#article\",\"isPartOf\":{\"@id\":\"https:\\\/\\\/laredlarioja.com.ar\\\/sitio\\\/fuertes-lluvias-en-la-rioja-55-milimetros-de-precipitacion-en-la-capital-y-asistencia-en-el-interior\\\/\"},\"author\":{\"name\":\"La Red\",\"@id\":\"https:\\\/\\\/laredlarioja.com.ar\\\/sitio\\\/#\\\/schema\\\/person\\\/f1e213867beccedaaa4fb548d9259d9a\"},\"headline\":\"Fuertes lluvias en La Rioja: 55 mil\u00edmetros de precipitaci\u00f3n en la Capital y asistencia en el interior\",\"datePublished\":\"2025-03-10T13:31:40+00:00\",\"dateModified\":\"2025-03-10T23:17:26+00:00\",\"mainEntityOfPage\":{\"@id\":\"https:\\\/\\\/laredlarioja.com.ar\\\/sitio\\\/fuertes-lluvias-en-la-rioja-55-milimetros-de-precipitacion-en-la-capital-y-asistencia-en-el-interior\\\/\"},\"wordCount\":226,\"publisher\":{\"@id\":\"https:\\\/\\\/laredlarioja.com.ar\\\/sitio\\\/#organization\"},\"image\":{\"@id\":\"https:\\\/\\\/laredlarioja.com.ar\\\/sitio\\\/fuertes-lluvias-en-la-rioja-55-milimetros-de-precipitacion-en-la-capital-y-asistencia-en-el-interior\\\/#primaryimage\"},\"thumbnailUrl\":\"https:\\\/\\\/laredlarioja.com.ar\\\/sitio\\\/wp-content\\\/uploads\\\/2025\\\/03\\\/lluvia-la-rioja.webp\",\"articleSection\":[\"Informaci\u00f3n General\"],\"inLanguage\":\"es\"},{\"@type\":\"WebPage\",\"@id\":\"https:\\\/\\\/laredlarioja.com.ar\\\/sitio\\\/fuertes-lluvias-en-la-rioja-55-milimetros-de-precipitacion-en-la-capital-y-asistencia-en-el-interior\\\/\",\"url\":\"https:\\\/\\\/laredlarioja.com.ar\\\/sitio\\\/fuertes-lluvias-en-la-rioja-55-milimetros-de-precipitacion-en-la-capital-y-asistencia-en-el-interior\\\/\",\"name\":\"Fuertes lluvias en La Rioja: 55 mil\u00edmetros de precipitaci\u00f3n en la Capital y asistencia en el interior - LA RED 88.3 LA RIOJA\",\"isPartOf\":{\"@id\":\"https:\\\/\\\/laredlarioja.com.ar\\\/sitio\\\/#website\"},\"primaryImageOfPage\":{\"@id\":\"https:\\\/\\\/laredlarioja.com.ar\\\/sitio\\\/fuertes-lluvias-en-la-rioja-55-milimetros-de-precipitacion-en-la-capital-y-asistencia-en-el-interior\\\/#primaryimage\"},\"image\":{\"@id\":\"https:\\\/\\\/laredlarioja.com.ar\\\/sitio\\\/fuertes-lluvias-en-la-rioja-55-milimetros-de-precipitacion-en-la-capital-y-asistencia-en-el-interior\\\/#primaryimage\"},\"thumbnailUrl\":\"https:\\\/\\\/laredlarioja.com.ar\\\/sitio\\\/wp-content\\\/uploads\\\/2025\\\/03\\\/lluvia-la-rioja.webp\",\"datePublished\":\"2025-03-10T13:31:40+00:00\",\"dateModified\":\"2025-03-10T23:17:26+00:00\",\"breadcrumb\":{\"@id\":\"https:\\\/\\\/laredlarioja.com.ar\\\/sitio\\\/fuertes-lluvias-en-la-rioja-55-milimetros-de-precipitacion-en-la-capital-y-asistencia-en-el-interior\\\/#breadcrumb\"},\"inLanguage\":\"es\",\"potentialAction\":[{\"@type\":\"ReadAction\",\"target\":[\"https:\\\/\\\/laredlarioja.com.ar\\\/sitio\\\/fuertes-lluvias-en-la-rioja-55-milimetros-de-precipitacion-en-la-capital-y-asistencia-en-el-interior\\\/\"]}]},{\"@type\":\"ImageObject\",\"inLanguage\":\"es\",\"@id\":\"https:\\\/\\\/laredlarioja.com.ar\\\/sitio\\\/fuertes-lluvias-en-la-rioja-55-milimetros-de-precipitacion-en-la-capital-y-asistencia-en-el-interior\\\/#primaryimage\",\"url\":\"https:\\\/\\\/laredlarioja.com.ar\\\/sitio\\\/wp-content\\\/uploads\\\/2025\\\/03\\\/lluvia-la-rioja.webp\",\"contentUrl\":\"https:\\\/\\\/laredlarioja.com.ar\\\/sitio\\\/wp-content\\\/uploads\\\/2025\\\/03\\\/lluvia-la-rioja.webp\",\"width\":900,\"height\":600},{\"@type\":\"BreadcrumbList\",\"@id\":\"https:\\\/\\\/laredlarioja.com.ar\\\/sitio\\\/fuertes-lluvias-en-la-rioja-55-milimetros-de-precipitacion-en-la-capital-y-asistencia-en-el-interior\\\/#breadcrumb\",\"itemListElement\":[{\"@type\":\"ListItem\",\"position\":1,\"name\":\"Portada\",\"item\":\"https:\\\/\\\/laredlarioja.com.ar\\\/sitio\\\/\"},{\"@type\":\"ListItem\",\"position\":2,\"name\":\"Fuertes lluvias en La Rioja: 55 mil\u00edmetros de precipitaci\u00f3n en la Capital y asistencia en el interior\"}]},{\"@type\":\"WebSite\",\"@id\":\"https:\\\/\\\/laredlarioja.com.ar\\\/sitio\\\/#website\",\"url\":\"https:\\\/\\\/laredlarioja.com.ar\\\/sitio\\\/\",\"name\":\"LA RED 88.3 LA RIOJA\",\"description\":\"Sitio de Noticias\",\"publisher\":{\"@id\":\"https:\\\/\\\/laredlarioja.com.ar\\\/sitio\\\/#organization\"},\"potentialAction\":[{\"@type\":\"SearchAction\",\"target\":{\"@type\":\"EntryPoint\",\"urlTemplate\":\"https:\\\/\\\/laredlarioja.com.ar\\\/sitio\\\/?s={search_term_string}\"},\"query-input\":{\"@type\":\"PropertyValueSpecification\",\"valueRequired\":true,\"valueName\":\"search_term_string\"}}],\"inLanguage\":\"es\"},{\"@type\":\"Organization\",\"@id\":\"https:\\\/\\\/laredlarioja.com.ar\\\/sitio\\\/#organization\",\"name\":\"LA RED 88.3 LA RIOJA\",\"url\":\"https:\\\/\\\/laredlarioja.com.ar\\\/sitio\\\/\",\"logo\":{\"@type\":\"ImageObject\",\"inLanguage\":\"es\",\"@id\":\"https:\\\/\\\/laredlarioja.com.ar\\\/sitio\\\/#\\\/schema\\\/logo\\\/image\\\/\",\"url\":\"https:\\\/\\\/laredlarioja.com.ar\\\/sitio\\\/wp-content\\\/uploads\\\/2025\\\/05\\\/LOGO-LA-RED.png\",\"contentUrl\":\"https:\\\/\\\/laredlarioja.com.ar\\\/sitio\\\/wp-content\\\/uploads\\\/2025\\\/05\\\/LOGO-LA-RED.png\",\"width\":193,\"height\":340,\"caption\":\"LA RED 88.3 LA RIOJA\"},\"image\":{\"@id\":\"https:\\\/\\\/laredlarioja.com.ar\\\/sitio\\\/#\\\/schema\\\/logo\\\/image\\\/\"},\"sameAs\":[\"https:\\\/\\\/www.facebook.com\\\/lared.larioja\",\"https:\\\/\\\/x.com\\\/laredlarioja1\",\"https:\\\/\\\/www.instagram.com\\\/lared_larioja\\\/\"]},{\"@type\":\"Person\",\"@id\":\"https:\\\/\\\/laredlarioja.com.ar\\\/sitio\\\/#\\\/schema\\\/person\\\/f1e213867beccedaaa4fb548d9259d9a\",\"name\":\"La Red\",\"url\":\"https:\\\/\\\/laredlarioja.com.ar\\\/sitio\\\/author\\\/lared\\\/\"}]}<\/script>\n<!-- \/ Yoast SEO plugin. -->","yoast_head_json":{"title":"Fuertes lluvias en La Rioja: 55 mil\u00edmetros de precipitaci\u00f3n en la Capital y asistencia en el interior - LA RED 88.3 LA RIOJA","robots":{"index":"index","follow":"follow","max-snippet":"max-snippet:-1","max-image-preview":"max-image-preview:large","max-video-preview":"max-video-preview:-1"},"canonical":"https:\/\/laredlarioja.com.ar\/sitio\/fuertes-lluvias-en-la-rioja-55-milimetros-de-precipitacion-en-la-capital-y-asistencia-en-el-interior\/","og_locale":"es_ES","og_type":"article","og_title":"Fuertes lluvias en La Rioja: 55 mil\u00edmetros de precipitaci\u00f3n en la Capital y asistencia en el interior - LA RED 88.3 LA RIOJA","og_description":"El director de Defensa Civil, Juan Pablo Moreno, inform\u00f3 sobre el impacto de las recientes precipitaciones en la","og_url":"https:\/\/laredlarioja.com.ar\/sitio\/fuertes-lluvias-en-la-rioja-55-milimetros-de-precipitacion-en-la-capital-y-asistencia-en-el-interior\/","og_site_name":"LA RED 88.3 LA RIOJA","article_publisher":"https:\/\/www.facebook.com\/lared.larioja","article_published_time":"2025-03-10T13:31:40+00:00","article_modified_time":"2025-03-10T23:17:26+00:00","og_image":[{"width":900,"height":600,"url":"https:\/\/laredlarioja.com.ar\/sitio\/wp-content\/uploads\/2025\/03\/lluvia-la-rioja.webp","type":"image\/webp"}],"author":"La Red","twitter_card":"summary_large_image","twitter_creator":"@laredlarioja1","twitter_site":"@laredlarioja1","twitter_misc":{"Escrito por":"La Red","Tiempo de lectura":"1 minuto"},"schema":{"@context":"https:\/\/schema.org","@graph":[{"@type":"Article","@id":"https:\/\/laredlarioja.com.ar\/sitio\/fuertes-lluvias-en-la-rioja-55-milimetros-de-precipitacion-en-la-capital-y-asistencia-en-el-interior\/#article","isPartOf":{"@id":"https:\/\/laredlarioja.com.ar\/sitio\/fuertes-lluvias-en-la-rioja-55-milimetros-de-precipitacion-en-la-capital-y-asistencia-en-el-interior\/"},"author":{"name":"La Red","@id":"https:\/\/laredlarioja.com.ar\/sitio\/#\/schema\/person\/f1e213867beccedaaa4fb548d9259d9a"},"headline":"Fuertes lluvias en La Rioja: 55 mil\u00edmetros de precipitaci\u00f3n en la Capital y asistencia en el interior","datePublished":"2025-03-10T13:31:40+00:00","dateModified":"2025-03-10T23:17:26+00:00","mainEntityOfPage":{"@id":"https:\/\/laredlarioja.com.ar\/sitio\/fuertes-lluvias-en-la-rioja-55-milimetros-de-precipitacion-en-la-capital-y-asistencia-en-el-interior\/"},"wordCount":226,"publisher":{"@id":"https:\/\/laredlarioja.com.ar\/sitio\/#organization"},"image":{"@id":"https:\/\/laredlarioja.com.ar\/sitio\/fuertes-lluvias-en-la-rioja-55-milimetros-de-precipitacion-en-la-capital-y-asistencia-en-el-interior\/#primaryimage"},"thumbnailUrl":"https:\/\/laredlarioja.com.ar\/sitio\/wp-content\/uploads\/2025\/03\/lluvia-la-rioja.webp","articleSection":["Informaci\u00f3n General"],"inLanguage":"es"},{"@type":"WebPage","@id":"https:\/\/laredlarioja.com.ar\/sitio\/fuertes-lluvias-en-la-rioja-55-milimetros-de-precipitacion-en-la-capital-y-asistencia-en-el-interior\/","url":"https:\/\/laredlarioja.com.ar\/sitio\/fuertes-lluvias-en-la-rioja-55-milimetros-de-precipitacion-en-la-capital-y-asistencia-en-el-interior\/","name":"Fuertes lluvias en La Rioja: 55 mil\u00edmetros de precipitaci\u00f3n en la Capital y asistencia en el interior - LA RED 88.3 LA RIOJA","isPartOf":{"@id":"https:\/\/laredlarioja.com.ar\/sitio\/#website"},"primaryImageOfPage":{"@id":"https:\/\/laredlarioja.com.ar\/sitio\/fuertes-lluvias-en-la-rioja-55-milimetros-de-precipitacion-en-la-capital-y-asistencia-en-el-interior\/#primaryimage"},"image":{"@id":"https:\/\/laredlarioja.com.ar\/sitio\/fuertes-lluvias-en-la-rioja-55-milimetros-de-precipitacion-en-la-capital-y-asistencia-en-el-interior\/#primaryimage"},"thumbnailUrl":"https:\/\/laredlarioja.com.ar\/sitio\/wp-content\/uploads\/2025\/03\/lluvia-la-rioja.webp","datePublished":"2025-03-10T13:31:40+00:00","dateModified":"2025-03-10T23:17:26+00:00","breadcrumb":{"@id":"https:\/\/laredlarioja.com.ar\/sitio\/fuertes-lluvias-en-la-rioja-55-milimetros-de-precipitacion-en-la-capital-y-asistencia-en-el-interior\/#breadcrumb"},"inLanguage":"es","potentialAction":[{"@type":"ReadAction","target":["https:\/\/laredlarioja.com.ar\/sitio\/fuertes-lluvias-en-la-rioja-55-milimetros-de-precipitacion-en-la-capital-y-asistencia-en-el-interior\/"]}]},{"@type":"ImageObject","inLanguage":"es","@id":"https:\/\/laredlarioja.com.ar\/sitio\/fuertes-lluvias-en-la-rioja-55-milimetros-de-precipitacion-en-la-capital-y-asistencia-en-el-interior\/#primaryimage","url":"https:\/\/laredlarioja.com.ar\/sitio\/wp-content\/uploads\/2025\/03\/lluvia-la-rioja.webp","contentUrl":"https:\/\/laredlarioja.com.ar\/sitio\/wp-content\/uploads\/2025\/03\/lluvia-la-rioja.webp","width":900,"height":600},{"@type":"BreadcrumbList","@id":"https:\/\/laredlarioja.com.ar\/sitio\/fuertes-lluvias-en-la-rioja-55-milimetros-de-precipitacion-en-la-capital-y-asistencia-en-el-interior\/#breadcrumb","itemListElement":[{"@type":"ListItem","position":1,"name":"Portada","item":"https:\/\/laredlarioja.com.ar\/sitio\/"},{"@type":"ListItem","position":2,"name":"Fuertes lluvias en La Rioja: 55 mil\u00edmetros de precipitaci\u00f3n en la Capital y asistencia en el interior"}]},{"@type":"WebSite","@id":"https:\/\/laredlarioja.com.ar\/sitio\/#website","url":"https:\/\/laredlarioja.com.ar\/sitio\/","name":"LA RED 88.3 LA RIOJA","description":"Sitio de Noticias","publisher":{"@id":"https:\/\/laredlarioja.com.ar\/sitio\/#organization"},"potentialAction":[{"@type":"SearchAction","target":{"@type":"EntryPoint","urlTemplate":"https:\/\/laredlarioja.com.ar\/sitio\/?s={search_term_string}"},"query-input":{"@type":"PropertyValueSpecification","valueRequired":true,"valueName":"search_term_string"}}],"inLanguage":"es"},{"@type":"Organization","@id":"https:\/\/laredlarioja.com.ar\/sitio\/#organization","name":"LA RED 88.3 LA RIOJA","url":"https:\/\/laredlarioja.com.ar\/sitio\/","logo":{"@type":"ImageObject","inLanguage":"es","@id":"https:\/\/laredlarioja.com.ar\/sitio\/#\/schema\/logo\/image\/","url":"https:\/\/laredlarioja.com.ar\/sitio\/wp-content\/uploads\/2025\/05\/LOGO-LA-RED.png","contentUrl":"https:\/\/laredlarioja.com.ar\/sitio\/wp-content\/uploads\/2025\/05\/LOGO-LA-RED.png","width":193,"height":340,"caption":"LA RED 88.3 LA RIOJA"},"image":{"@id":"https:\/\/laredlarioja.com.ar\/sitio\/#\/schema\/logo\/image\/"},"sameAs":["https:\/\/www.facebook.com\/lared.larioja","https:\/\/x.com\/laredlarioja1","https:\/\/www.instagram.com\/lared_larioja\/"]},{"@type":"Person","@id":"https:\/\/laredlarioja.com.ar\/sitio\/#\/schema\/person\/f1e213867beccedaaa4fb548d9259d9a","name":"La Red","url":"https:\/\/laredlarioja.com.ar\/sitio\/author\/lared\/"}]}},"featured_image_urls":{"full":["https:\/\/laredlarioja.com.ar\/sitio\/wp-content\/uploads\/2025\/03\/lluvia-la-rioja.webp",900,600,false],"thumbnail":["https:\/\/laredlarioja.com.ar\/sitio\/wp-content\/uploads\/2025\/03\/lluvia-la-rioja-150x150.webp",150,150,true],"medium":["https:\/\/laredlarioja.com.ar\/sitio\/wp-content\/uploads\/2025\/03\/lluvia-la-rioja-300x200.webp",300,200,true],"medium_large":["https:\/\/laredlarioja.com.ar\/sitio\/wp-content\/uploads\/2025\/03\/lluvia-la-rioja-768x512.webp",640,427,true],"large":["https:\/\/laredlarioja.com.ar\/sitio\/wp-content\/uploads\/2025\/03\/lluvia-la-rioja.webp",640,427,false],"1536x1536":["https:\/\/laredlarioja.com.ar\/sitio\/wp-content\/uploads\/2025\/03\/lluvia-la-rioja.webp",900,600,false],"2048x2048":["https:\/\/laredlarioja.com.ar\/sitio\/wp-content\/uploads\/2025\/03\/lluvia-la-rioja.webp",900,600,false],"cvmm-medium":["https:\/\/laredlarioja.com.ar\/sitio\/wp-content\/uploads\/2025\/03\/lluvia-la-rioja-300x300.webp",300,300,true],"cvmm-medium-plus":["https:\/\/laredlarioja.com.ar\/sitio\/wp-content\/uploads\/2025\/03\/lluvia-la-rioja-305x207.webp",305,207,true],"cvmm-portrait":["https:\/\/laredlarioja.com.ar\/sitio\/wp-content\/uploads\/2025\/03\/lluvia-la-rioja-400x600.webp",400,600,true],"cvmm-medium-square":["https:\/\/laredlarioja.com.ar\/sitio\/wp-content\/uploads\/2025\/03\/lluvia-la-rioja-600x600.webp",600,600,true],"cvmm-large":["https:\/\/laredlarioja.com.ar\/sitio\/wp-content\/uploads\/2025\/03\/lluvia-la-rioja.webp",900,600,false],"cvmm-small":["https:\/\/laredlarioja.com.ar\/sitio\/wp-content\/uploads\/2025\/03\/lluvia-la-rioja-130x95.webp",130,95,true],"morenews-large":["https:\/\/laredlarioja.com.ar\/sitio\/wp-content\/uploads\/2025\/03\/lluvia-la-rioja-825x575.webp",825,575,true],"morenews-medium":["https:\/\/laredlarioja.com.ar\/sitio\/wp-content\/uploads\/2025\/03\/lluvia-la-rioja-590x410.webp",590,410,true]},"author_info":{"display_name":"La Red","author_link":"https:\/\/laredlarioja.com.ar\/sitio\/author\/lared\/"},"category_info":"<a href=\"https:\/\/laredlarioja.com.ar\/sitio\/categorias\/informacion-general\/\" rel=\"category tag\">Informaci\u00f3n General<\/a>","tag_info":"Informaci\u00f3n General","comment_count":"0","blog_post_layout_featured_media_urls":{"thumbnail":["https:\/\/laredlarioja.com.ar\/sitio\/wp-content\/uploads\/2025\/03\/lluvia-la-rioja-150x150.webp",150,150,true],"full":["https:\/\/laredlarioja.com.ar\/sitio\/wp-content\/uploads\/2025\/03\/lluvia-la-rioja.webp",900,600,false]},"categories_names":{"24":{"name":"Informaci\u00f3n General","link":"https:\/\/laredlarioja.com.ar\/sitio\/categorias\/informacion-general\/"}},"tags_names":[],"comments_number":"0","wpmagazine_modules_lite_featured_media_urls":{"thumbnail":["https:\/\/laredlarioja.com.ar\/sitio\/wp-content\/uploads\/2025\/03\/lluvia-la-rioja-150x150.webp",150,150,true],"cvmm-medium":["https:\/\/laredlarioja.com.ar\/sitio\/wp-content\/uploads\/2025\/03\/lluvia-la-rioja-300x300.webp",300,300,true],"cvmm-medium-plus":["https:\/\/laredlarioja.com.ar\/sitio\/wp-content\/uploads\/2025\/03\/lluvia-la-rioja-305x207.webp",305,207,true],"cvmm-portrait":["https:\/\/laredlarioja.com.ar\/sitio\/wp-content\/uploads\/2025\/03\/lluvia-la-rioja-400x600.webp",400,600,true],"cvmm-medium-square":["https:\/\/laredlarioja.com.ar\/sitio\/wp-content\/uploads\/2025\/03\/lluvia-la-rioja-600x600.webp",600,600,true],"cvmm-large":["https:\/\/laredlarioja.com.ar\/sitio\/wp-content\/uploads\/2025\/03\/lluvia-la-rioja.webp",900,600,false],"cvmm-small":["https:\/\/laredlarioja.com.ar\/sitio\/wp-content\/uploads\/2025\/03\/lluvia-la-rioja-130x95.webp",130,95,true],"full":["https:\/\/laredlarioja.com.ar\/sitio\/wp-content\/uploads\/2025\/03\/lluvia-la-rioja.webp",900,600,false]},"_links":{"self":[{"href":"https:\/\/laredlarioja.com.ar\/sitio\/wp-json\/wp\/v2\/posts\/58940","targetHints":{"allow":["GET"]}}],"collection":[{"href":"https:\/\/laredlarioja.com.ar\/sitio\/wp-json\/wp\/v2\/posts"}],"about":[{"href":"https:\/\/laredlarioja.com.ar\/sitio\/wp-json\/wp\/v2\/types\/post"}],"author":[{"embeddable":true,"href":"https:\/\/laredlarioja.com.ar\/sitio\/wp-json\/wp\/v2\/users\/10"}],"replies":[{"embeddable":true,"href":"https:\/\/laredlarioja.com.ar\/sitio\/wp-json\/wp\/v2\/comments?post=58940"}],"version-history":[{"count":1,"href":"https:\/\/laredlarioja.com.ar\/sitio\/wp-json\/wp\/v2\/posts\/58940\/revisions"}],"predecessor-version":[{"id":58942,"href":"https:\/\/laredlarioja.com.ar\/sitio\/wp-json\/wp\/v2\/posts\/58940\/revisions\/58942"}],"wp:featuredmedia":[{"embeddable":true,"href":"https:\/\/laredlarioja.com.ar\/sitio\/wp-json\/wp\/v2\/media\/58941"}],"wp:attachment":[{"href":"https:\/\/laredlarioja.com.ar\/sitio\/wp-json\/wp\/v2\/media?parent=58940"}],"wp:term":[{"taxonomy":"category","embeddable":true,"href":"https:\/\/laredlarioja.com.ar\/sitio\/wp-json\/wp\/v2\/categories?post=58940"},{"taxonomy":"post_tag","embeddable":true,"href":"https:\/\/laredlarioja.com.ar\/sitio\/wp-json\/wp\/v2\/tags?post=58940"}],"curies":[{"name":"wp","href":"https:\/\/api.w.org\/{rel}","templated":true}]}}