{"id":59149,"date":"2025-03-14T14:02:13","date_gmt":"2025-03-14T14:02:13","guid":{"rendered":"https:\/\/laredlarioja.com.ar\/sitio\/?p=59149"},"modified":"2025-03-14T22:05:46","modified_gmt":"2025-03-14T22:05:46","slug":"la-cooperativa-selius-celebra-20-anos-demostramos-que-es-posible-sostener-una-economia-regional","status":"publish","type":"post","link":"https:\/\/laredlarioja.com.ar\/sitio\/la-cooperativa-selius-celebra-20-anos-demostramos-que-es-posible-sostener-una-economia-regional\/","title":{"rendered":"La Cooperativa Selius celebra 20 a\u00f1os: \u00abdemostramos que es posible sostener una econom\u00eda regional\u00bb"},"content":{"rendered":"<p data-start=\"76\" data-end=\"348\">Este viernes, la <strong data-start=\"93\" data-end=\"115\">Cooperativa Selius<\/strong> cumple <strong data-start=\"123\" data-end=\"134\">20 a\u00f1os<\/strong> de actividad en La Rioja. En el marco del aniversario, su presidenta, <strong data-start=\"205\" data-end=\"222\">Valeria Bedia<\/strong>, dialog\u00f3 con <strong data-start=\"236\" data-end=\"246\">La Red<\/strong> para hacer un repaso de la trayectoria de la cooperativa y reflexionar sobre los desaf\u00edos actuales.<\/p>\n<blockquote>\n<p data-start=\"350\" data-end=\"600\"><em data-start=\"350\" data-end=\"583\">\u00abSon much\u00edsimos a\u00f1os de trabajo y dedicaci\u00f3n. Hoy somos <strong data-start=\"407\" data-end=\"441\">20 trabajadores y trabajadoras<\/strong>, en su mayor\u00eda j\u00f3venes, comprometidos con la actividad que desarrollamos y con la historia y lucha del cooperativismo en nuestra provincia\u00bb,<\/em> expres\u00f3 Bedia.<\/p>\n<\/blockquote>\n<p data-start=\"602\" data-end=\"952\">La cooperativa se especializa en <strong data-start=\"635\" data-end=\"654\">electromec\u00e1nica<\/strong>, realizando la <strong data-start=\"670\" data-end=\"737\">reparaci\u00f3n de bombas de agua, m\u00e1quinas de c\u00e9sped y ventiladores<\/strong>, servicios esenciales para muchos hogares riojanos. En los \u00faltimos a\u00f1os, tambi\u00e9n han <strong data-start=\"823\" data-end=\"853\">diversificado su actividad<\/strong> hacia la <strong data-start=\"863\" data-end=\"901\">construcci\u00f3n y energ\u00edas renovables<\/strong>, una apuesta que buscan consolidar en el futuro.<\/p>\n<p data-start=\"954\" data-end=\"1126\"><em data-start=\"954\" data-end=\"1101\">\u00abEl promedio de edad dentro de la cooperativa es de <strong data-start=\"1007\" data-end=\"1018\">30 a\u00f1os<\/strong>, lo que nos da esperanza de que nuestra actividad tenga muchos a\u00f1os m\u00e1s de vida\u00bb,<\/em> destac\u00f3 la presidenta.<\/p>\n<h3 data-start=\"1128\" data-end=\"1180\"><strong data-start=\"1132\" data-end=\"1178\">Superar crisis con esp\u00edritu cooperativista<\/strong><\/h3>\n<p data-start=\"1181\" data-end=\"1337\">Desde su creaci\u00f3n, la cooperativa ha atravesado distintas crisis econ\u00f3micas, pero siempre logr\u00f3 sostenerse gracias a la fortaleza de su modelo de trabajo: <em data-start=\"1339\" data-end=\"1591\">\u00abHemos superado diferentes obst\u00e1culos con perseverancia y la convicci\u00f3n de que esta forma de trabajo es una alternativa viable en nuestra provincia. El cooperativismo tiene una <strong data-start=\"1517\" data-end=\"1553\">armon\u00eda con la econom\u00eda regional<\/strong> y la comunidad donde se desarrolla\u00bb,<\/em> explic\u00f3.<\/p>\n<p data-start=\"1604\" data-end=\"1835\">En cuanto al contexto actual, Bedia se\u00f1al\u00f3 que las recientes <strong data-start=\"1665\" data-end=\"1711\">modificaciones econ\u00f3micas a nivel nacional<\/strong> han afectado seriamente a la industria y la producci\u00f3n local, impactando en servicios como los que brinda la cooperativa. <em data-start=\"1837\" data-end=\"2069\">\u00abLos gobiernos liberales perjudican nuestro sector, pero estamos ac\u00e1, <strong data-start=\"1908\" data-end=\"1985\">dando batalla y demostrando que es posible sostener una econom\u00eda regional<\/strong> que genera empleo, capacita y es una alternativa v\u00e1lida para muchos trabajadores\u00bb,<\/em> concluy\u00f3.<\/p>\n<p data-start=\"2083\" data-end=\"2242\" data-is-last-node=\"\" data-is-only-node=\"\">\n","protected":false},"excerpt":{"rendered":"<p>Este viernes, la Cooperativa Selius cumple 20 a\u00f1os de actividad en La Rioja. En el marco del aniversario,<\/p>\n","protected":false},"author":10,"featured_media":59150,"comment_status":"closed","ping_status":"open","sticky":false,"template":"","format":"standard","meta":{"footnotes":""},"categories":[94],"tags":[],"class_list":["post-59149","post","type-post","status-publish","format-standard","has-post-thumbnail","hentry","category-locales"],"yoast_head":"<!-- This site is optimized with the Yoast SEO plugin v27.4 - https:\/\/yoast.com\/product\/yoast-seo-wordpress\/ -->\n<title>La Cooperativa Selius celebra 20 a\u00f1os: &quot;demostramos que es posible sostener una econom\u00eda regional&quot; - LA RED 88.3 LA RIOJA<\/title>\n<meta name=\"robots\" content=\"index, follow, max-snippet:-1, max-image-preview:large, max-video-preview:-1\" \/>\n<link rel=\"canonical\" href=\"https:\/\/laredlarioja.com.ar\/sitio\/la-cooperativa-selius-celebra-20-anos-demostramos-que-es-posible-sostener-una-economia-regional\/\" \/>\n<meta property=\"og:locale\" content=\"es_ES\" \/>\n<meta property=\"og:type\" content=\"article\" \/>\n<meta property=\"og:title\" content=\"La Cooperativa Selius celebra 20 a\u00f1os: &quot;demostramos que es posible sostener una econom\u00eda regional&quot; - LA RED 88.3 LA RIOJA\" \/>\n<meta property=\"og:description\" content=\"Este viernes, la Cooperativa Selius cumple 20 a\u00f1os de actividad en La Rioja. En el marco del aniversario,\" \/>\n<meta property=\"og:url\" content=\"https:\/\/laredlarioja.com.ar\/sitio\/la-cooperativa-selius-celebra-20-anos-demostramos-que-es-posible-sostener-una-economia-regional\/\" \/>\n<meta property=\"og:site_name\" content=\"LA RED 88.3 LA RIOJA\" \/>\n<meta property=\"article:publisher\" content=\"https:\/\/www.facebook.com\/lared.larioja\" \/>\n<meta property=\"article:published_time\" content=\"2025-03-14T14:02:13+00:00\" \/>\n<meta property=\"article:modified_time\" content=\"2025-03-14T22:05:46+00:00\" \/>\n<meta property=\"og:image\" content=\"https:\/\/laredlarioja.com.ar\/sitio\/wp-content\/uploads\/2025\/03\/selius.webp\" \/>\n\t<meta property=\"og:image:width\" content=\"375\" \/>\n\t<meta property=\"og:image:height\" content=\"250\" \/>\n\t<meta property=\"og:image:type\" content=\"image\/webp\" \/>\n<meta name=\"author\" content=\"La Red\" \/>\n<meta name=\"twitter:card\" content=\"summary_large_image\" \/>\n<meta name=\"twitter:creator\" content=\"@laredlarioja1\" \/>\n<meta name=\"twitter:site\" content=\"@laredlarioja1\" \/>\n<meta name=\"twitter:label1\" content=\"Escrito por\" \/>\n\t<meta name=\"twitter:data1\" content=\"La Red\" \/>\n\t<meta name=\"twitter:label2\" content=\"Tiempo de lectura\" \/>\n\t<meta name=\"twitter:data2\" content=\"2 minutos\" \/>\n<script type=\"application\/ld+json\" class=\"yoast-schema-graph\">{\"@context\":\"https:\\\/\\\/schema.org\",\"@graph\":[{\"@type\":\"Article\",\"@id\":\"https:\\\/\\\/laredlarioja.com.ar\\\/sitio\\\/la-cooperativa-selius-celebra-20-anos-demostramos-que-es-posible-sostener-una-economia-regional\\\/#article\",\"isPartOf\":{\"@id\":\"https:\\\/\\\/laredlarioja.com.ar\\\/sitio\\\/la-cooperativa-selius-celebra-20-anos-demostramos-que-es-posible-sostener-una-economia-regional\\\/\"},\"author\":{\"name\":\"La Red\",\"@id\":\"https:\\\/\\\/laredlarioja.com.ar\\\/sitio\\\/#\\\/schema\\\/person\\\/f1e213867beccedaaa4fb548d9259d9a\"},\"headline\":\"La Cooperativa Selius celebra 20 a\u00f1os: \u00abdemostramos que es posible sostener una econom\u00eda regional\u00bb\",\"datePublished\":\"2025-03-14T14:02:13+00:00\",\"dateModified\":\"2025-03-14T22:05:46+00:00\",\"mainEntityOfPage\":{\"@id\":\"https:\\\/\\\/laredlarioja.com.ar\\\/sitio\\\/la-cooperativa-selius-celebra-20-anos-demostramos-que-es-posible-sostener-una-economia-regional\\\/\"},\"wordCount\":330,\"publisher\":{\"@id\":\"https:\\\/\\\/laredlarioja.com.ar\\\/sitio\\\/#organization\"},\"image\":{\"@id\":\"https:\\\/\\\/laredlarioja.com.ar\\\/sitio\\\/la-cooperativa-selius-celebra-20-anos-demostramos-que-es-posible-sostener-una-economia-regional\\\/#primaryimage\"},\"thumbnailUrl\":\"https:\\\/\\\/laredlarioja.com.ar\\\/sitio\\\/wp-content\\\/uploads\\\/2025\\\/03\\\/selius.webp\",\"articleSection\":[\"Locales\"],\"inLanguage\":\"es\"},{\"@type\":\"WebPage\",\"@id\":\"https:\\\/\\\/laredlarioja.com.ar\\\/sitio\\\/la-cooperativa-selius-celebra-20-anos-demostramos-que-es-posible-sostener-una-economia-regional\\\/\",\"url\":\"https:\\\/\\\/laredlarioja.com.ar\\\/sitio\\\/la-cooperativa-selius-celebra-20-anos-demostramos-que-es-posible-sostener-una-economia-regional\\\/\",\"name\":\"La Cooperativa Selius celebra 20 a\u00f1os: \\\"demostramos que es posible sostener una econom\u00eda regional\\\" - LA RED 88.3 LA RIOJA\",\"isPartOf\":{\"@id\":\"https:\\\/\\\/laredlarioja.com.ar\\\/sitio\\\/#website\"},\"primaryImageOfPage\":{\"@id\":\"https:\\\/\\\/laredlarioja.com.ar\\\/sitio\\\/la-cooperativa-selius-celebra-20-anos-demostramos-que-es-posible-sostener-una-economia-regional\\\/#primaryimage\"},\"image\":{\"@id\":\"https:\\\/\\\/laredlarioja.com.ar\\\/sitio\\\/la-cooperativa-selius-celebra-20-anos-demostramos-que-es-posible-sostener-una-economia-regional\\\/#primaryimage\"},\"thumbnailUrl\":\"https:\\\/\\\/laredlarioja.com.ar\\\/sitio\\\/wp-content\\\/uploads\\\/2025\\\/03\\\/selius.webp\",\"datePublished\":\"2025-03-14T14:02:13+00:00\",\"dateModified\":\"2025-03-14T22:05:46+00:00\",\"breadcrumb\":{\"@id\":\"https:\\\/\\\/laredlarioja.com.ar\\\/sitio\\\/la-cooperativa-selius-celebra-20-anos-demostramos-que-es-posible-sostener-una-economia-regional\\\/#breadcrumb\"},\"inLanguage\":\"es\",\"potentialAction\":[{\"@type\":\"ReadAction\",\"target\":[\"https:\\\/\\\/laredlarioja.com.ar\\\/sitio\\\/la-cooperativa-selius-celebra-20-anos-demostramos-que-es-posible-sostener-una-economia-regional\\\/\"]}]},{\"@type\":\"ImageObject\",\"inLanguage\":\"es\",\"@id\":\"https:\\\/\\\/laredlarioja.com.ar\\\/sitio\\\/la-cooperativa-selius-celebra-20-anos-demostramos-que-es-posible-sostener-una-economia-regional\\\/#primaryimage\",\"url\":\"https:\\\/\\\/laredlarioja.com.ar\\\/sitio\\\/wp-content\\\/uploads\\\/2025\\\/03\\\/selius.webp\",\"contentUrl\":\"https:\\\/\\\/laredlarioja.com.ar\\\/sitio\\\/wp-content\\\/uploads\\\/2025\\\/03\\\/selius.webp\",\"width\":375,\"height\":250},{\"@type\":\"BreadcrumbList\",\"@id\":\"https:\\\/\\\/laredlarioja.com.ar\\\/sitio\\\/la-cooperativa-selius-celebra-20-anos-demostramos-que-es-posible-sostener-una-economia-regional\\\/#breadcrumb\",\"itemListElement\":[{\"@type\":\"ListItem\",\"position\":1,\"name\":\"Portada\",\"item\":\"https:\\\/\\\/laredlarioja.com.ar\\\/sitio\\\/\"},{\"@type\":\"ListItem\",\"position\":2,\"name\":\"La Cooperativa Selius celebra 20 a\u00f1os: \u00abdemostramos que es posible sostener una econom\u00eda regional\u00bb\"}]},{\"@type\":\"WebSite\",\"@id\":\"https:\\\/\\\/laredlarioja.com.ar\\\/sitio\\\/#website\",\"url\":\"https:\\\/\\\/laredlarioja.com.ar\\\/sitio\\\/\",\"name\":\"LA RED 88.3 LA RIOJA\",\"description\":\"Sitio de Noticias\",\"publisher\":{\"@id\":\"https:\\\/\\\/laredlarioja.com.ar\\\/sitio\\\/#organization\"},\"potentialAction\":[{\"@type\":\"SearchAction\",\"target\":{\"@type\":\"EntryPoint\",\"urlTemplate\":\"https:\\\/\\\/laredlarioja.com.ar\\\/sitio\\\/?s={search_term_string}\"},\"query-input\":{\"@type\":\"PropertyValueSpecification\",\"valueRequired\":true,\"valueName\":\"search_term_string\"}}],\"inLanguage\":\"es\"},{\"@type\":\"Organization\",\"@id\":\"https:\\\/\\\/laredlarioja.com.ar\\\/sitio\\\/#organization\",\"name\":\"LA RED 88.3 LA RIOJA\",\"url\":\"https:\\\/\\\/laredlarioja.com.ar\\\/sitio\\\/\",\"logo\":{\"@type\":\"ImageObject\",\"inLanguage\":\"es\",\"@id\":\"https:\\\/\\\/laredlarioja.com.ar\\\/sitio\\\/#\\\/schema\\\/logo\\\/image\\\/\",\"url\":\"https:\\\/\\\/laredlarioja.com.ar\\\/sitio\\\/wp-content\\\/uploads\\\/2025\\\/05\\\/LOGO-LA-RED.png\",\"contentUrl\":\"https:\\\/\\\/laredlarioja.com.ar\\\/sitio\\\/wp-content\\\/uploads\\\/2025\\\/05\\\/LOGO-LA-RED.png\",\"width\":193,\"height\":340,\"caption\":\"LA RED 88.3 LA RIOJA\"},\"image\":{\"@id\":\"https:\\\/\\\/laredlarioja.com.ar\\\/sitio\\\/#\\\/schema\\\/logo\\\/image\\\/\"},\"sameAs\":[\"https:\\\/\\\/www.facebook.com\\\/lared.larioja\",\"https:\\\/\\\/x.com\\\/laredlarioja1\",\"https:\\\/\\\/www.instagram.com\\\/lared_larioja\\\/\"]},{\"@type\":\"Person\",\"@id\":\"https:\\\/\\\/laredlarioja.com.ar\\\/sitio\\\/#\\\/schema\\\/person\\\/f1e213867beccedaaa4fb548d9259d9a\",\"name\":\"La Red\",\"url\":\"https:\\\/\\\/laredlarioja.com.ar\\\/sitio\\\/author\\\/lared\\\/\"}]}<\/script>\n<!-- \/ Yoast SEO plugin. -->","yoast_head_json":{"title":"La Cooperativa Selius celebra 20 a\u00f1os: \"demostramos que es posible sostener una econom\u00eda regional\" - LA RED 88.3 LA RIOJA","robots":{"index":"index","follow":"follow","max-snippet":"max-snippet:-1","max-image-preview":"max-image-preview:large","max-video-preview":"max-video-preview:-1"},"canonical":"https:\/\/laredlarioja.com.ar\/sitio\/la-cooperativa-selius-celebra-20-anos-demostramos-que-es-posible-sostener-una-economia-regional\/","og_locale":"es_ES","og_type":"article","og_title":"La Cooperativa Selius celebra 20 a\u00f1os: \"demostramos que es posible sostener una econom\u00eda regional\" - LA RED 88.3 LA RIOJA","og_description":"Este viernes, la Cooperativa Selius cumple 20 a\u00f1os de actividad en La Rioja. En el marco del aniversario,","og_url":"https:\/\/laredlarioja.com.ar\/sitio\/la-cooperativa-selius-celebra-20-anos-demostramos-que-es-posible-sostener-una-economia-regional\/","og_site_name":"LA RED 88.3 LA RIOJA","article_publisher":"https:\/\/www.facebook.com\/lared.larioja","article_published_time":"2025-03-14T14:02:13+00:00","article_modified_time":"2025-03-14T22:05:46+00:00","og_image":[{"width":375,"height":250,"url":"https:\/\/laredlarioja.com.ar\/sitio\/wp-content\/uploads\/2025\/03\/selius.webp","type":"image\/webp"}],"author":"La Red","twitter_card":"summary_large_image","twitter_creator":"@laredlarioja1","twitter_site":"@laredlarioja1","twitter_misc":{"Escrito por":"La Red","Tiempo de lectura":"2 minutos"},"schema":{"@context":"https:\/\/schema.org","@graph":[{"@type":"Article","@id":"https:\/\/laredlarioja.com.ar\/sitio\/la-cooperativa-selius-celebra-20-anos-demostramos-que-es-posible-sostener-una-economia-regional\/#article","isPartOf":{"@id":"https:\/\/laredlarioja.com.ar\/sitio\/la-cooperativa-selius-celebra-20-anos-demostramos-que-es-posible-sostener-una-economia-regional\/"},"author":{"name":"La Red","@id":"https:\/\/laredlarioja.com.ar\/sitio\/#\/schema\/person\/f1e213867beccedaaa4fb548d9259d9a"},"headline":"La Cooperativa Selius celebra 20 a\u00f1os: \u00abdemostramos que es posible sostener una econom\u00eda regional\u00bb","datePublished":"2025-03-14T14:02:13+00:00","dateModified":"2025-03-14T22:05:46+00:00","mainEntityOfPage":{"@id":"https:\/\/laredlarioja.com.ar\/sitio\/la-cooperativa-selius-celebra-20-anos-demostramos-que-es-posible-sostener-una-economia-regional\/"},"wordCount":330,"publisher":{"@id":"https:\/\/laredlarioja.com.ar\/sitio\/#organization"},"image":{"@id":"https:\/\/laredlarioja.com.ar\/sitio\/la-cooperativa-selius-celebra-20-anos-demostramos-que-es-posible-sostener-una-economia-regional\/#primaryimage"},"thumbnailUrl":"https:\/\/laredlarioja.com.ar\/sitio\/wp-content\/uploads\/2025\/03\/selius.webp","articleSection":["Locales"],"inLanguage":"es"},{"@type":"WebPage","@id":"https:\/\/laredlarioja.com.ar\/sitio\/la-cooperativa-selius-celebra-20-anos-demostramos-que-es-posible-sostener-una-economia-regional\/","url":"https:\/\/laredlarioja.com.ar\/sitio\/la-cooperativa-selius-celebra-20-anos-demostramos-que-es-posible-sostener-una-economia-regional\/","name":"La Cooperativa Selius celebra 20 a\u00f1os: \"demostramos que es posible sostener una econom\u00eda regional\" - LA RED 88.3 LA RIOJA","isPartOf":{"@id":"https:\/\/laredlarioja.com.ar\/sitio\/#website"},"primaryImageOfPage":{"@id":"https:\/\/laredlarioja.com.ar\/sitio\/la-cooperativa-selius-celebra-20-anos-demostramos-que-es-posible-sostener-una-economia-regional\/#primaryimage"},"image":{"@id":"https:\/\/laredlarioja.com.ar\/sitio\/la-cooperativa-selius-celebra-20-anos-demostramos-que-es-posible-sostener-una-economia-regional\/#primaryimage"},"thumbnailUrl":"https:\/\/laredlarioja.com.ar\/sitio\/wp-content\/uploads\/2025\/03\/selius.webp","datePublished":"2025-03-14T14:02:13+00:00","dateModified":"2025-03-14T22:05:46+00:00","breadcrumb":{"@id":"https:\/\/laredlarioja.com.ar\/sitio\/la-cooperativa-selius-celebra-20-anos-demostramos-que-es-posible-sostener-una-economia-regional\/#breadcrumb"},"inLanguage":"es","potentialAction":[{"@type":"ReadAction","target":["https:\/\/laredlarioja.com.ar\/sitio\/la-cooperativa-selius-celebra-20-anos-demostramos-que-es-posible-sostener-una-economia-regional\/"]}]},{"@type":"ImageObject","inLanguage":"es","@id":"https:\/\/laredlarioja.com.ar\/sitio\/la-cooperativa-selius-celebra-20-anos-demostramos-que-es-posible-sostener-una-economia-regional\/#primaryimage","url":"https:\/\/laredlarioja.com.ar\/sitio\/wp-content\/uploads\/2025\/03\/selius.webp","contentUrl":"https:\/\/laredlarioja.com.ar\/sitio\/wp-content\/uploads\/2025\/03\/selius.webp","width":375,"height":250},{"@type":"BreadcrumbList","@id":"https:\/\/laredlarioja.com.ar\/sitio\/la-cooperativa-selius-celebra-20-anos-demostramos-que-es-posible-sostener-una-economia-regional\/#breadcrumb","itemListElement":[{"@type":"ListItem","position":1,"name":"Portada","item":"https:\/\/laredlarioja.com.ar\/sitio\/"},{"@type":"ListItem","position":2,"name":"La Cooperativa Selius celebra 20 a\u00f1os: \u00abdemostramos que es posible sostener una econom\u00eda regional\u00bb"}]},{"@type":"WebSite","@id":"https:\/\/laredlarioja.com.ar\/sitio\/#website","url":"https:\/\/laredlarioja.com.ar\/sitio\/","name":"LA RED 88.3 LA RIOJA","description":"Sitio de Noticias","publisher":{"@id":"https:\/\/laredlarioja.com.ar\/sitio\/#organization"},"potentialAction":[{"@type":"SearchAction","target":{"@type":"EntryPoint","urlTemplate":"https:\/\/laredlarioja.com.ar\/sitio\/?s={search_term_string}"},"query-input":{"@type":"PropertyValueSpecification","valueRequired":true,"valueName":"search_term_string"}}],"inLanguage":"es"},{"@type":"Organization","@id":"https:\/\/laredlarioja.com.ar\/sitio\/#organization","name":"LA RED 88.3 LA RIOJA","url":"https:\/\/laredlarioja.com.ar\/sitio\/","logo":{"@type":"ImageObject","inLanguage":"es","@id":"https:\/\/laredlarioja.com.ar\/sitio\/#\/schema\/logo\/image\/","url":"https:\/\/laredlarioja.com.ar\/sitio\/wp-content\/uploads\/2025\/05\/LOGO-LA-RED.png","contentUrl":"https:\/\/laredlarioja.com.ar\/sitio\/wp-content\/uploads\/2025\/05\/LOGO-LA-RED.png","width":193,"height":340,"caption":"LA RED 88.3 LA RIOJA"},"image":{"@id":"https:\/\/laredlarioja.com.ar\/sitio\/#\/schema\/logo\/image\/"},"sameAs":["https:\/\/www.facebook.com\/lared.larioja","https:\/\/x.com\/laredlarioja1","https:\/\/www.instagram.com\/lared_larioja\/"]},{"@type":"Person","@id":"https:\/\/laredlarioja.com.ar\/sitio\/#\/schema\/person\/f1e213867beccedaaa4fb548d9259d9a","name":"La Red","url":"https:\/\/laredlarioja.com.ar\/sitio\/author\/lared\/"}]}},"featured_image_urls":{"full":["https:\/\/laredlarioja.com.ar\/sitio\/wp-content\/uploads\/2025\/03\/selius.webp",375,250,false],"thumbnail":["https:\/\/laredlarioja.com.ar\/sitio\/wp-content\/uploads\/2025\/03\/selius-150x150.webp",150,150,true],"medium":["https:\/\/laredlarioja.com.ar\/sitio\/wp-content\/uploads\/2025\/03\/selius-300x200.webp",300,200,true],"medium_large":["https:\/\/laredlarioja.com.ar\/sitio\/wp-content\/uploads\/2025\/03\/selius.webp",375,250,false],"large":["https:\/\/laredlarioja.com.ar\/sitio\/wp-content\/uploads\/2025\/03\/selius.webp",375,250,false],"1536x1536":["https:\/\/laredlarioja.com.ar\/sitio\/wp-content\/uploads\/2025\/03\/selius.webp",375,250,false],"2048x2048":["https:\/\/laredlarioja.com.ar\/sitio\/wp-content\/uploads\/2025\/03\/selius.webp",375,250,false],"cvmm-medium":["https:\/\/laredlarioja.com.ar\/sitio\/wp-content\/uploads\/2025\/03\/selius-300x250.webp",300,250,true],"cvmm-medium-plus":["https:\/\/laredlarioja.com.ar\/sitio\/wp-content\/uploads\/2025\/03\/selius-305x207.webp",305,207,true],"cvmm-portrait":["https:\/\/laredlarioja.com.ar\/sitio\/wp-content\/uploads\/2025\/03\/selius.webp",375,250,false],"cvmm-medium-square":["https:\/\/laredlarioja.com.ar\/sitio\/wp-content\/uploads\/2025\/03\/selius.webp",375,250,false],"cvmm-large":["https:\/\/laredlarioja.com.ar\/sitio\/wp-content\/uploads\/2025\/03\/selius.webp",375,250,false],"cvmm-small":["https:\/\/laredlarioja.com.ar\/sitio\/wp-content\/uploads\/2025\/03\/selius-130x95.webp",130,95,true],"morenews-large":["https:\/\/laredlarioja.com.ar\/sitio\/wp-content\/uploads\/2025\/03\/selius.webp",375,250,false],"morenews-medium":["https:\/\/laredlarioja.com.ar\/sitio\/wp-content\/uploads\/2025\/03\/selius.webp",375,250,false]},"author_info":{"display_name":"La Red","author_link":"https:\/\/laredlarioja.com.ar\/sitio\/author\/lared\/"},"category_info":"<a href=\"https:\/\/laredlarioja.com.ar\/sitio\/categorias\/locales\/\" rel=\"category tag\">Locales<\/a>","tag_info":"Locales","comment_count":"0","blog_post_layout_featured_media_urls":{"thumbnail":["https:\/\/laredlarioja.com.ar\/sitio\/wp-content\/uploads\/2025\/03\/selius-150x150.webp",150,150,true],"full":["https:\/\/laredlarioja.com.ar\/sitio\/wp-content\/uploads\/2025\/03\/selius.webp",375,250,false]},"categories_names":{"94":{"name":"Locales","link":"https:\/\/laredlarioja.com.ar\/sitio\/categorias\/locales\/"}},"tags_names":[],"comments_number":"0","wpmagazine_modules_lite_featured_media_urls":{"thumbnail":["https:\/\/laredlarioja.com.ar\/sitio\/wp-content\/uploads\/2025\/03\/selius-150x150.webp",150,150,true],"cvmm-medium":["https:\/\/laredlarioja.com.ar\/sitio\/wp-content\/uploads\/2025\/03\/selius-300x250.webp",300,250,true],"cvmm-medium-plus":["https:\/\/laredlarioja.com.ar\/sitio\/wp-content\/uploads\/2025\/03\/selius-305x207.webp",305,207,true],"cvmm-portrait":["https:\/\/laredlarioja.com.ar\/sitio\/wp-content\/uploads\/2025\/03\/selius.webp",375,250,false],"cvmm-medium-square":["https:\/\/laredlarioja.com.ar\/sitio\/wp-content\/uploads\/2025\/03\/selius.webp",375,250,false],"cvmm-large":["https:\/\/laredlarioja.com.ar\/sitio\/wp-content\/uploads\/2025\/03\/selius.webp",375,250,false],"cvmm-small":["https:\/\/laredlarioja.com.ar\/sitio\/wp-content\/uploads\/2025\/03\/selius-130x95.webp",130,95,true],"full":["https:\/\/laredlarioja.com.ar\/sitio\/wp-content\/uploads\/2025\/03\/selius.webp",375,250,false]},"_links":{"self":[{"href":"https:\/\/laredlarioja.com.ar\/sitio\/wp-json\/wp\/v2\/posts\/59149","targetHints":{"allow":["GET"]}}],"collection":[{"href":"https:\/\/laredlarioja.com.ar\/sitio\/wp-json\/wp\/v2\/posts"}],"about":[{"href":"https:\/\/laredlarioja.com.ar\/sitio\/wp-json\/wp\/v2\/types\/post"}],"author":[{"embeddable":true,"href":"https:\/\/laredlarioja.com.ar\/sitio\/wp-json\/wp\/v2\/users\/10"}],"replies":[{"embeddable":true,"href":"https:\/\/laredlarioja.com.ar\/sitio\/wp-json\/wp\/v2\/comments?post=59149"}],"version-history":[{"count":1,"href":"https:\/\/laredlarioja.com.ar\/sitio\/wp-json\/wp\/v2\/posts\/59149\/revisions"}],"predecessor-version":[{"id":59151,"href":"https:\/\/laredlarioja.com.ar\/sitio\/wp-json\/wp\/v2\/posts\/59149\/revisions\/59151"}],"wp:featuredmedia":[{"embeddable":true,"href":"https:\/\/laredlarioja.com.ar\/sitio\/wp-json\/wp\/v2\/media\/59150"}],"wp:attachment":[{"href":"https:\/\/laredlarioja.com.ar\/sitio\/wp-json\/wp\/v2\/media?parent=59149"}],"wp:term":[{"taxonomy":"category","embeddable":true,"href":"https:\/\/laredlarioja.com.ar\/sitio\/wp-json\/wp\/v2\/categories?post=59149"},{"taxonomy":"post_tag","embeddable":true,"href":"https:\/\/laredlarioja.com.ar\/sitio\/wp-json\/wp\/v2\/tags?post=59149"}],"curies":[{"name":"wp","href":"https:\/\/api.w.org\/{rel}","templated":true}]}}