{"id":59203,"date":"2025-03-17T00:31:48","date_gmt":"2025-03-17T00:31:48","guid":{"rendered":"https:\/\/laredlarioja.com.ar\/sitio\/?p=59203"},"modified":"2025-03-18T10:12:40","modified_gmt":"2025-03-18T10:12:40","slug":"cerca-de1554-estatales-pueden-jubilarse-entre-la-minima-el-bono-y-la-quincenita-una-jubilacion-llegaria-a-530-000","status":"publish","type":"post","link":"https:\/\/laredlarioja.com.ar\/sitio\/cerca-de1554-estatales-pueden-jubilarse-entre-la-minima-el-bono-y-la-quincenita-una-jubilacion-llegaria-a-530-000\/","title":{"rendered":"Entre la m\u00ednima, el bono y la quincenita una jubilaci\u00f3n en La Rioja llegar\u00eda a $530.000"},"content":{"rendered":"<p>Sandra Vanni subsecretaria Previsional asegur\u00f3 que \u00abhay alrededor de 1.554 estatales que est\u00e1n en condiciones de jubilarse con la quincenita\u00bb. En este sentido, la funcionaria destac\u00f3 que un trabajador estatal que se jubile con la m\u00ednima, m\u00e1s la quincenita y el bono cobrar\u00eda alrededor de 530.000 pesos pero adem\u00e1s advirti\u00f3 que depender\u00e1 de cada caso.<\/p>\n<p>En tanto Vanni explic\u00f3 que \u00abque hoy un jubilado en La Rioja, que tenga esta jubilaci\u00f3n incluyendo el tr\u00e1mite de la quincenita podr\u00eda llegar a cobrar alrededor de 530.000 mil pesos\u201d.<\/p>\n<p>\u201cHoy tenemos la quincenita a 125 mil pesos, a esto le sumamos el bono nacional son 70.000 mil, que no fue actualizado por IPC, digamos hace m\u00e1s de un a\u00f1o, que es el mismo monto y es algo que tambi\u00e9n reclaman hoy los jubilados. Y con la m\u00ednima que es de 345 mil pesos hoy un jubilado en La Rioja cobrar\u00eda entre 530.000 pesos, pero va a depender de cada caso\u201d, sum\u00f3.<\/p>\n<p>En tanto al referirse de la alternativa de la Pensi\u00f3n Universal para el Adulto Mayor (PUAM) Vanni explic\u00f3 que \u201choy una persona con 65 a\u00f1os, sea mujer u hombre, puede acceder a la PUAM, que es la prestaci\u00f3n universal para el adulto mayor, que perciben el 80% del haber m\u00ednimo, adem\u00e1s no es contributiva, es un beneficio de cada externo contributivo, por lo tanto, no se transfiere la pensi\u00f3n a la c\u00f3nyuge, al hijo discapacitado, etc\u201d.<\/p>\n","protected":false},"excerpt":{"rendered":"<p>Sandra Vanni subsecretaria Previsional asegur\u00f3 que \u00abhay alrededor de 1.554 estatales que est\u00e1n en condiciones de jubilarse con<\/p>\n","protected":false},"author":7,"featured_media":48333,"comment_status":"closed","ping_status":"open","sticky":false,"template":"","format":"standard","meta":{"footnotes":""},"categories":[94],"tags":[84],"class_list":["post-59203","post","type-post","status-publish","format-standard","has-post-thumbnail","hentry","category-locales","tag-secundaria"],"yoast_head":"<!-- This site is optimized with the Yoast SEO plugin v27.4 - https:\/\/yoast.com\/product\/yoast-seo-wordpress\/ -->\n<title>Entre la m\u00ednima, el bono y la quincenita una jubilaci\u00f3n en La Rioja llegar\u00eda a $530.000 - LA RED 88.3 LA RIOJA<\/title>\n<meta name=\"robots\" content=\"index, follow, max-snippet:-1, max-image-preview:large, max-video-preview:-1\" \/>\n<link rel=\"canonical\" href=\"https:\/\/laredlarioja.com.ar\/sitio\/cerca-de1554-estatales-pueden-jubilarse-entre-la-minima-el-bono-y-la-quincenita-una-jubilacion-llegaria-a-530-000\/\" \/>\n<meta property=\"og:locale\" content=\"es_ES\" \/>\n<meta property=\"og:type\" content=\"article\" \/>\n<meta property=\"og:title\" content=\"Entre la m\u00ednima, el bono y la quincenita una jubilaci\u00f3n en La Rioja llegar\u00eda a $530.000 - LA RED 88.3 LA RIOJA\" \/>\n<meta property=\"og:description\" content=\"Sandra Vanni subsecretaria Previsional asegur\u00f3 que \u00abhay alrededor de 1.554 estatales que est\u00e1n en condiciones de jubilarse con\" \/>\n<meta property=\"og:url\" content=\"https:\/\/laredlarioja.com.ar\/sitio\/cerca-de1554-estatales-pueden-jubilarse-entre-la-minima-el-bono-y-la-quincenita-una-jubilacion-llegaria-a-530-000\/\" \/>\n<meta property=\"og:site_name\" content=\"LA RED 88.3 LA RIOJA\" \/>\n<meta property=\"article:publisher\" content=\"https:\/\/www.facebook.com\/lared.larioja\" \/>\n<meta property=\"article:published_time\" content=\"2025-03-17T00:31:48+00:00\" \/>\n<meta property=\"article:modified_time\" content=\"2025-03-18T10:12:40+00:00\" \/>\n<meta property=\"og:image\" content=\"https:\/\/laredlarioja.com.ar\/sitio\/wp-content\/uploads\/2024\/07\/jubilados.jpeg\" \/>\n\t<meta property=\"og:image:width\" content=\"960\" \/>\n\t<meta property=\"og:image:height\" content=\"640\" \/>\n\t<meta property=\"og:image:type\" content=\"image\/jpeg\" \/>\n<meta name=\"author\" content=\"Anabella Soria\" \/>\n<meta name=\"twitter:card\" content=\"summary_large_image\" \/>\n<meta name=\"twitter:creator\" content=\"@laredlarioja1\" \/>\n<meta name=\"twitter:site\" content=\"@laredlarioja1\" \/>\n<meta name=\"twitter:label1\" content=\"Escrito por\" \/>\n\t<meta name=\"twitter:data1\" content=\"Anabella Soria\" \/>\n\t<meta name=\"twitter:label2\" content=\"Tiempo de lectura\" \/>\n\t<meta name=\"twitter:data2\" content=\"2 minutos\" \/>\n<script type=\"application\/ld+json\" class=\"yoast-schema-graph\">{\"@context\":\"https:\\\/\\\/schema.org\",\"@graph\":[{\"@type\":\"Article\",\"@id\":\"https:\\\/\\\/laredlarioja.com.ar\\\/sitio\\\/cerca-de1554-estatales-pueden-jubilarse-entre-la-minima-el-bono-y-la-quincenita-una-jubilacion-llegaria-a-530-000\\\/#article\",\"isPartOf\":{\"@id\":\"https:\\\/\\\/laredlarioja.com.ar\\\/sitio\\\/cerca-de1554-estatales-pueden-jubilarse-entre-la-minima-el-bono-y-la-quincenita-una-jubilacion-llegaria-a-530-000\\\/\"},\"author\":{\"name\":\"Anabella Soria\",\"@id\":\"https:\\\/\\\/laredlarioja.com.ar\\\/sitio\\\/#\\\/schema\\\/person\\\/31f88059d20c5cf06e974fd895aec56e\"},\"headline\":\"Entre la m\u00ednima, el bono y la quincenita una jubilaci\u00f3n en La Rioja llegar\u00eda a $530.000\",\"datePublished\":\"2025-03-17T00:31:48+00:00\",\"dateModified\":\"2025-03-18T10:12:40+00:00\",\"mainEntityOfPage\":{\"@id\":\"https:\\\/\\\/laredlarioja.com.ar\\\/sitio\\\/cerca-de1554-estatales-pueden-jubilarse-entre-la-minima-el-bono-y-la-quincenita-una-jubilacion-llegaria-a-530-000\\\/\"},\"wordCount\":263,\"publisher\":{\"@id\":\"https:\\\/\\\/laredlarioja.com.ar\\\/sitio\\\/#organization\"},\"image\":{\"@id\":\"https:\\\/\\\/laredlarioja.com.ar\\\/sitio\\\/cerca-de1554-estatales-pueden-jubilarse-entre-la-minima-el-bono-y-la-quincenita-una-jubilacion-llegaria-a-530-000\\\/#primaryimage\"},\"thumbnailUrl\":\"https:\\\/\\\/laredlarioja.com.ar\\\/sitio\\\/wp-content\\\/uploads\\\/2024\\\/07\\\/jubilados.jpeg\",\"keywords\":[\"Secundaria\"],\"articleSection\":[\"Locales\"],\"inLanguage\":\"es\"},{\"@type\":\"WebPage\",\"@id\":\"https:\\\/\\\/laredlarioja.com.ar\\\/sitio\\\/cerca-de1554-estatales-pueden-jubilarse-entre-la-minima-el-bono-y-la-quincenita-una-jubilacion-llegaria-a-530-000\\\/\",\"url\":\"https:\\\/\\\/laredlarioja.com.ar\\\/sitio\\\/cerca-de1554-estatales-pueden-jubilarse-entre-la-minima-el-bono-y-la-quincenita-una-jubilacion-llegaria-a-530-000\\\/\",\"name\":\"Entre la m\u00ednima, el bono y la quincenita una jubilaci\u00f3n en La Rioja llegar\u00eda a $530.000 - LA RED 88.3 LA RIOJA\",\"isPartOf\":{\"@id\":\"https:\\\/\\\/laredlarioja.com.ar\\\/sitio\\\/#website\"},\"primaryImageOfPage\":{\"@id\":\"https:\\\/\\\/laredlarioja.com.ar\\\/sitio\\\/cerca-de1554-estatales-pueden-jubilarse-entre-la-minima-el-bono-y-la-quincenita-una-jubilacion-llegaria-a-530-000\\\/#primaryimage\"},\"image\":{\"@id\":\"https:\\\/\\\/laredlarioja.com.ar\\\/sitio\\\/cerca-de1554-estatales-pueden-jubilarse-entre-la-minima-el-bono-y-la-quincenita-una-jubilacion-llegaria-a-530-000\\\/#primaryimage\"},\"thumbnailUrl\":\"https:\\\/\\\/laredlarioja.com.ar\\\/sitio\\\/wp-content\\\/uploads\\\/2024\\\/07\\\/jubilados.jpeg\",\"datePublished\":\"2025-03-17T00:31:48+00:00\",\"dateModified\":\"2025-03-18T10:12:40+00:00\",\"breadcrumb\":{\"@id\":\"https:\\\/\\\/laredlarioja.com.ar\\\/sitio\\\/cerca-de1554-estatales-pueden-jubilarse-entre-la-minima-el-bono-y-la-quincenita-una-jubilacion-llegaria-a-530-000\\\/#breadcrumb\"},\"inLanguage\":\"es\",\"potentialAction\":[{\"@type\":\"ReadAction\",\"target\":[\"https:\\\/\\\/laredlarioja.com.ar\\\/sitio\\\/cerca-de1554-estatales-pueden-jubilarse-entre-la-minima-el-bono-y-la-quincenita-una-jubilacion-llegaria-a-530-000\\\/\"]}]},{\"@type\":\"ImageObject\",\"inLanguage\":\"es\",\"@id\":\"https:\\\/\\\/laredlarioja.com.ar\\\/sitio\\\/cerca-de1554-estatales-pueden-jubilarse-entre-la-minima-el-bono-y-la-quincenita-una-jubilacion-llegaria-a-530-000\\\/#primaryimage\",\"url\":\"https:\\\/\\\/laredlarioja.com.ar\\\/sitio\\\/wp-content\\\/uploads\\\/2024\\\/07\\\/jubilados.jpeg\",\"contentUrl\":\"https:\\\/\\\/laredlarioja.com.ar\\\/sitio\\\/wp-content\\\/uploads\\\/2024\\\/07\\\/jubilados.jpeg\",\"width\":960,\"height\":640},{\"@type\":\"BreadcrumbList\",\"@id\":\"https:\\\/\\\/laredlarioja.com.ar\\\/sitio\\\/cerca-de1554-estatales-pueden-jubilarse-entre-la-minima-el-bono-y-la-quincenita-una-jubilacion-llegaria-a-530-000\\\/#breadcrumb\",\"itemListElement\":[{\"@type\":\"ListItem\",\"position\":1,\"name\":\"Portada\",\"item\":\"https:\\\/\\\/laredlarioja.com.ar\\\/sitio\\\/\"},{\"@type\":\"ListItem\",\"position\":2,\"name\":\"Entre la m\u00ednima, el bono y la quincenita una jubilaci\u00f3n en La Rioja llegar\u00eda a $530.000\"}]},{\"@type\":\"WebSite\",\"@id\":\"https:\\\/\\\/laredlarioja.com.ar\\\/sitio\\\/#website\",\"url\":\"https:\\\/\\\/laredlarioja.com.ar\\\/sitio\\\/\",\"name\":\"LA RED 88.3 LA RIOJA\",\"description\":\"Sitio de Noticias\",\"publisher\":{\"@id\":\"https:\\\/\\\/laredlarioja.com.ar\\\/sitio\\\/#organization\"},\"potentialAction\":[{\"@type\":\"SearchAction\",\"target\":{\"@type\":\"EntryPoint\",\"urlTemplate\":\"https:\\\/\\\/laredlarioja.com.ar\\\/sitio\\\/?s={search_term_string}\"},\"query-input\":{\"@type\":\"PropertyValueSpecification\",\"valueRequired\":true,\"valueName\":\"search_term_string\"}}],\"inLanguage\":\"es\"},{\"@type\":\"Organization\",\"@id\":\"https:\\\/\\\/laredlarioja.com.ar\\\/sitio\\\/#organization\",\"name\":\"LA RED 88.3 LA RIOJA\",\"url\":\"https:\\\/\\\/laredlarioja.com.ar\\\/sitio\\\/\",\"logo\":{\"@type\":\"ImageObject\",\"inLanguage\":\"es\",\"@id\":\"https:\\\/\\\/laredlarioja.com.ar\\\/sitio\\\/#\\\/schema\\\/logo\\\/image\\\/\",\"url\":\"https:\\\/\\\/laredlarioja.com.ar\\\/sitio\\\/wp-content\\\/uploads\\\/2025\\\/05\\\/LOGO-LA-RED.png\",\"contentUrl\":\"https:\\\/\\\/laredlarioja.com.ar\\\/sitio\\\/wp-content\\\/uploads\\\/2025\\\/05\\\/LOGO-LA-RED.png\",\"width\":193,\"height\":340,\"caption\":\"LA RED 88.3 LA RIOJA\"},\"image\":{\"@id\":\"https:\\\/\\\/laredlarioja.com.ar\\\/sitio\\\/#\\\/schema\\\/logo\\\/image\\\/\"},\"sameAs\":[\"https:\\\/\\\/www.facebook.com\\\/lared.larioja\",\"https:\\\/\\\/x.com\\\/laredlarioja1\",\"https:\\\/\\\/www.instagram.com\\\/lared_larioja\\\/\"]},{\"@type\":\"Person\",\"@id\":\"https:\\\/\\\/laredlarioja.com.ar\\\/sitio\\\/#\\\/schema\\\/person\\\/31f88059d20c5cf06e974fd895aec56e\",\"name\":\"Anabella Soria\",\"url\":\"https:\\\/\\\/laredlarioja.com.ar\\\/sitio\\\/author\\\/asoria\\\/\"}]}<\/script>\n<!-- \/ Yoast SEO plugin. -->","yoast_head_json":{"title":"Entre la m\u00ednima, el bono y la quincenita una jubilaci\u00f3n en La Rioja llegar\u00eda a $530.000 - LA RED 88.3 LA RIOJA","robots":{"index":"index","follow":"follow","max-snippet":"max-snippet:-1","max-image-preview":"max-image-preview:large","max-video-preview":"max-video-preview:-1"},"canonical":"https:\/\/laredlarioja.com.ar\/sitio\/cerca-de1554-estatales-pueden-jubilarse-entre-la-minima-el-bono-y-la-quincenita-una-jubilacion-llegaria-a-530-000\/","og_locale":"es_ES","og_type":"article","og_title":"Entre la m\u00ednima, el bono y la quincenita una jubilaci\u00f3n en La Rioja llegar\u00eda a $530.000 - LA RED 88.3 LA RIOJA","og_description":"Sandra Vanni subsecretaria Previsional asegur\u00f3 que \u00abhay alrededor de 1.554 estatales que est\u00e1n en condiciones de jubilarse con","og_url":"https:\/\/laredlarioja.com.ar\/sitio\/cerca-de1554-estatales-pueden-jubilarse-entre-la-minima-el-bono-y-la-quincenita-una-jubilacion-llegaria-a-530-000\/","og_site_name":"LA RED 88.3 LA RIOJA","article_publisher":"https:\/\/www.facebook.com\/lared.larioja","article_published_time":"2025-03-17T00:31:48+00:00","article_modified_time":"2025-03-18T10:12:40+00:00","og_image":[{"width":960,"height":640,"url":"https:\/\/laredlarioja.com.ar\/sitio\/wp-content\/uploads\/2024\/07\/jubilados.jpeg","type":"image\/jpeg"}],"author":"Anabella Soria","twitter_card":"summary_large_image","twitter_creator":"@laredlarioja1","twitter_site":"@laredlarioja1","twitter_misc":{"Escrito por":"Anabella Soria","Tiempo de lectura":"2 minutos"},"schema":{"@context":"https:\/\/schema.org","@graph":[{"@type":"Article","@id":"https:\/\/laredlarioja.com.ar\/sitio\/cerca-de1554-estatales-pueden-jubilarse-entre-la-minima-el-bono-y-la-quincenita-una-jubilacion-llegaria-a-530-000\/#article","isPartOf":{"@id":"https:\/\/laredlarioja.com.ar\/sitio\/cerca-de1554-estatales-pueden-jubilarse-entre-la-minima-el-bono-y-la-quincenita-una-jubilacion-llegaria-a-530-000\/"},"author":{"name":"Anabella Soria","@id":"https:\/\/laredlarioja.com.ar\/sitio\/#\/schema\/person\/31f88059d20c5cf06e974fd895aec56e"},"headline":"Entre la m\u00ednima, el bono y la quincenita una jubilaci\u00f3n en La Rioja llegar\u00eda a $530.000","datePublished":"2025-03-17T00:31:48+00:00","dateModified":"2025-03-18T10:12:40+00:00","mainEntityOfPage":{"@id":"https:\/\/laredlarioja.com.ar\/sitio\/cerca-de1554-estatales-pueden-jubilarse-entre-la-minima-el-bono-y-la-quincenita-una-jubilacion-llegaria-a-530-000\/"},"wordCount":263,"publisher":{"@id":"https:\/\/laredlarioja.com.ar\/sitio\/#organization"},"image":{"@id":"https:\/\/laredlarioja.com.ar\/sitio\/cerca-de1554-estatales-pueden-jubilarse-entre-la-minima-el-bono-y-la-quincenita-una-jubilacion-llegaria-a-530-000\/#primaryimage"},"thumbnailUrl":"https:\/\/laredlarioja.com.ar\/sitio\/wp-content\/uploads\/2024\/07\/jubilados.jpeg","keywords":["Secundaria"],"articleSection":["Locales"],"inLanguage":"es"},{"@type":"WebPage","@id":"https:\/\/laredlarioja.com.ar\/sitio\/cerca-de1554-estatales-pueden-jubilarse-entre-la-minima-el-bono-y-la-quincenita-una-jubilacion-llegaria-a-530-000\/","url":"https:\/\/laredlarioja.com.ar\/sitio\/cerca-de1554-estatales-pueden-jubilarse-entre-la-minima-el-bono-y-la-quincenita-una-jubilacion-llegaria-a-530-000\/","name":"Entre la m\u00ednima, el bono y la quincenita una jubilaci\u00f3n en La Rioja llegar\u00eda a $530.000 - LA RED 88.3 LA RIOJA","isPartOf":{"@id":"https:\/\/laredlarioja.com.ar\/sitio\/#website"},"primaryImageOfPage":{"@id":"https:\/\/laredlarioja.com.ar\/sitio\/cerca-de1554-estatales-pueden-jubilarse-entre-la-minima-el-bono-y-la-quincenita-una-jubilacion-llegaria-a-530-000\/#primaryimage"},"image":{"@id":"https:\/\/laredlarioja.com.ar\/sitio\/cerca-de1554-estatales-pueden-jubilarse-entre-la-minima-el-bono-y-la-quincenita-una-jubilacion-llegaria-a-530-000\/#primaryimage"},"thumbnailUrl":"https:\/\/laredlarioja.com.ar\/sitio\/wp-content\/uploads\/2024\/07\/jubilados.jpeg","datePublished":"2025-03-17T00:31:48+00:00","dateModified":"2025-03-18T10:12:40+00:00","breadcrumb":{"@id":"https:\/\/laredlarioja.com.ar\/sitio\/cerca-de1554-estatales-pueden-jubilarse-entre-la-minima-el-bono-y-la-quincenita-una-jubilacion-llegaria-a-530-000\/#breadcrumb"},"inLanguage":"es","potentialAction":[{"@type":"ReadAction","target":["https:\/\/laredlarioja.com.ar\/sitio\/cerca-de1554-estatales-pueden-jubilarse-entre-la-minima-el-bono-y-la-quincenita-una-jubilacion-llegaria-a-530-000\/"]}]},{"@type":"ImageObject","inLanguage":"es","@id":"https:\/\/laredlarioja.com.ar\/sitio\/cerca-de1554-estatales-pueden-jubilarse-entre-la-minima-el-bono-y-la-quincenita-una-jubilacion-llegaria-a-530-000\/#primaryimage","url":"https:\/\/laredlarioja.com.ar\/sitio\/wp-content\/uploads\/2024\/07\/jubilados.jpeg","contentUrl":"https:\/\/laredlarioja.com.ar\/sitio\/wp-content\/uploads\/2024\/07\/jubilados.jpeg","width":960,"height":640},{"@type":"BreadcrumbList","@id":"https:\/\/laredlarioja.com.ar\/sitio\/cerca-de1554-estatales-pueden-jubilarse-entre-la-minima-el-bono-y-la-quincenita-una-jubilacion-llegaria-a-530-000\/#breadcrumb","itemListElement":[{"@type":"ListItem","position":1,"name":"Portada","item":"https:\/\/laredlarioja.com.ar\/sitio\/"},{"@type":"ListItem","position":2,"name":"Entre la m\u00ednima, el bono y la quincenita una jubilaci\u00f3n en La Rioja llegar\u00eda a $530.000"}]},{"@type":"WebSite","@id":"https:\/\/laredlarioja.com.ar\/sitio\/#website","url":"https:\/\/laredlarioja.com.ar\/sitio\/","name":"LA RED 88.3 LA RIOJA","description":"Sitio de Noticias","publisher":{"@id":"https:\/\/laredlarioja.com.ar\/sitio\/#organization"},"potentialAction":[{"@type":"SearchAction","target":{"@type":"EntryPoint","urlTemplate":"https:\/\/laredlarioja.com.ar\/sitio\/?s={search_term_string}"},"query-input":{"@type":"PropertyValueSpecification","valueRequired":true,"valueName":"search_term_string"}}],"inLanguage":"es"},{"@type":"Organization","@id":"https:\/\/laredlarioja.com.ar\/sitio\/#organization","name":"LA RED 88.3 LA RIOJA","url":"https:\/\/laredlarioja.com.ar\/sitio\/","logo":{"@type":"ImageObject","inLanguage":"es","@id":"https:\/\/laredlarioja.com.ar\/sitio\/#\/schema\/logo\/image\/","url":"https:\/\/laredlarioja.com.ar\/sitio\/wp-content\/uploads\/2025\/05\/LOGO-LA-RED.png","contentUrl":"https:\/\/laredlarioja.com.ar\/sitio\/wp-content\/uploads\/2025\/05\/LOGO-LA-RED.png","width":193,"height":340,"caption":"LA RED 88.3 LA RIOJA"},"image":{"@id":"https:\/\/laredlarioja.com.ar\/sitio\/#\/schema\/logo\/image\/"},"sameAs":["https:\/\/www.facebook.com\/lared.larioja","https:\/\/x.com\/laredlarioja1","https:\/\/www.instagram.com\/lared_larioja\/"]},{"@type":"Person","@id":"https:\/\/laredlarioja.com.ar\/sitio\/#\/schema\/person\/31f88059d20c5cf06e974fd895aec56e","name":"Anabella Soria","url":"https:\/\/laredlarioja.com.ar\/sitio\/author\/asoria\/"}]}},"featured_image_urls":{"full":["https:\/\/laredlarioja.com.ar\/sitio\/wp-content\/uploads\/2024\/07\/jubilados.jpeg",960,640,false],"thumbnail":["https:\/\/laredlarioja.com.ar\/sitio\/wp-content\/uploads\/2024\/07\/jubilados-150x150.jpeg",150,150,true],"medium":["https:\/\/laredlarioja.com.ar\/sitio\/wp-content\/uploads\/2024\/07\/jubilados-300x200.jpeg",300,200,true],"medium_large":["https:\/\/laredlarioja.com.ar\/sitio\/wp-content\/uploads\/2024\/07\/jubilados-768x512.jpeg",640,427,true],"large":["https:\/\/laredlarioja.com.ar\/sitio\/wp-content\/uploads\/2024\/07\/jubilados.jpeg",640,427,false],"1536x1536":["https:\/\/laredlarioja.com.ar\/sitio\/wp-content\/uploads\/2024\/07\/jubilados.jpeg",960,640,false],"2048x2048":["https:\/\/laredlarioja.com.ar\/sitio\/wp-content\/uploads\/2024\/07\/jubilados.jpeg",960,640,false],"cvmm-medium":["https:\/\/laredlarioja.com.ar\/sitio\/wp-content\/uploads\/2024\/07\/jubilados-300x300.jpeg",300,300,true],"cvmm-medium-plus":["https:\/\/laredlarioja.com.ar\/sitio\/wp-content\/uploads\/2024\/07\/jubilados-305x207.jpeg",305,207,true],"cvmm-portrait":["https:\/\/laredlarioja.com.ar\/sitio\/wp-content\/uploads\/2024\/07\/jubilados-400x600.jpeg",400,600,true],"cvmm-medium-square":["https:\/\/laredlarioja.com.ar\/sitio\/wp-content\/uploads\/2024\/07\/jubilados-600x600.jpeg",600,600,true],"cvmm-large":["https:\/\/laredlarioja.com.ar\/sitio\/wp-content\/uploads\/2024\/07\/jubilados.jpeg",960,640,false],"cvmm-small":["https:\/\/laredlarioja.com.ar\/sitio\/wp-content\/uploads\/2024\/07\/jubilados-130x95.jpeg",130,95,true],"morenews-large":["https:\/\/laredlarioja.com.ar\/sitio\/wp-content\/uploads\/2024\/07\/jubilados-825x575.jpeg",825,575,true],"morenews-medium":["https:\/\/laredlarioja.com.ar\/sitio\/wp-content\/uploads\/2024\/07\/jubilados-590x410.jpeg",590,410,true]},"author_info":{"display_name":"Anabella Soria","author_link":"https:\/\/laredlarioja.com.ar\/sitio\/author\/asoria\/"},"category_info":"<a href=\"https:\/\/laredlarioja.com.ar\/sitio\/categorias\/locales\/\" rel=\"category tag\">Locales<\/a>","tag_info":"Locales","comment_count":"0","blog_post_layout_featured_media_urls":{"thumbnail":["https:\/\/laredlarioja.com.ar\/sitio\/wp-content\/uploads\/2024\/07\/jubilados-150x150.jpeg",150,150,true],"full":["https:\/\/laredlarioja.com.ar\/sitio\/wp-content\/uploads\/2024\/07\/jubilados.jpeg",960,640,false]},"categories_names":{"94":{"name":"Locales","link":"https:\/\/laredlarioja.com.ar\/sitio\/categorias\/locales\/"}},"tags_names":{"84":{"name":"Secundaria","link":"https:\/\/laredlarioja.com.ar\/sitio\/etiquetas\/secundaria\/"}},"comments_number":"0","wpmagazine_modules_lite_featured_media_urls":{"thumbnail":["https:\/\/laredlarioja.com.ar\/sitio\/wp-content\/uploads\/2024\/07\/jubilados-150x150.jpeg",150,150,true],"cvmm-medium":["https:\/\/laredlarioja.com.ar\/sitio\/wp-content\/uploads\/2024\/07\/jubilados-300x300.jpeg",300,300,true],"cvmm-medium-plus":["https:\/\/laredlarioja.com.ar\/sitio\/wp-content\/uploads\/2024\/07\/jubilados-305x207.jpeg",305,207,true],"cvmm-portrait":["https:\/\/laredlarioja.com.ar\/sitio\/wp-content\/uploads\/2024\/07\/jubilados-400x600.jpeg",400,600,true],"cvmm-medium-square":["https:\/\/laredlarioja.com.ar\/sitio\/wp-content\/uploads\/2024\/07\/jubilados-600x600.jpeg",600,600,true],"cvmm-large":["https:\/\/laredlarioja.com.ar\/sitio\/wp-content\/uploads\/2024\/07\/jubilados.jpeg",960,640,false],"cvmm-small":["https:\/\/laredlarioja.com.ar\/sitio\/wp-content\/uploads\/2024\/07\/jubilados-130x95.jpeg",130,95,true],"full":["https:\/\/laredlarioja.com.ar\/sitio\/wp-content\/uploads\/2024\/07\/jubilados.jpeg",960,640,false]},"_links":{"self":[{"href":"https:\/\/laredlarioja.com.ar\/sitio\/wp-json\/wp\/v2\/posts\/59203","targetHints":{"allow":["GET"]}}],"collection":[{"href":"https:\/\/laredlarioja.com.ar\/sitio\/wp-json\/wp\/v2\/posts"}],"about":[{"href":"https:\/\/laredlarioja.com.ar\/sitio\/wp-json\/wp\/v2\/types\/post"}],"author":[{"embeddable":true,"href":"https:\/\/laredlarioja.com.ar\/sitio\/wp-json\/wp\/v2\/users\/7"}],"replies":[{"embeddable":true,"href":"https:\/\/laredlarioja.com.ar\/sitio\/wp-json\/wp\/v2\/comments?post=59203"}],"version-history":[{"count":4,"href":"https:\/\/laredlarioja.com.ar\/sitio\/wp-json\/wp\/v2\/posts\/59203\/revisions"}],"predecessor-version":[{"id":59207,"href":"https:\/\/laredlarioja.com.ar\/sitio\/wp-json\/wp\/v2\/posts\/59203\/revisions\/59207"}],"wp:featuredmedia":[{"embeddable":true,"href":"https:\/\/laredlarioja.com.ar\/sitio\/wp-json\/wp\/v2\/media\/48333"}],"wp:attachment":[{"href":"https:\/\/laredlarioja.com.ar\/sitio\/wp-json\/wp\/v2\/media?parent=59203"}],"wp:term":[{"taxonomy":"category","embeddable":true,"href":"https:\/\/laredlarioja.com.ar\/sitio\/wp-json\/wp\/v2\/categories?post=59203"},{"taxonomy":"post_tag","embeddable":true,"href":"https:\/\/laredlarioja.com.ar\/sitio\/wp-json\/wp\/v2\/tags?post=59203"}],"curies":[{"name":"wp","href":"https:\/\/api.w.org\/{rel}","templated":true}]}}