{"id":59209,"date":"2025-03-17T12:26:56","date_gmt":"2025-03-17T12:26:56","guid":{"rendered":"https:\/\/laredlarioja.com.ar\/sitio\/?p=59209"},"modified":"2025-03-18T13:55:22","modified_gmt":"2025-03-18T13:55:22","slug":"a-casi-un-ano-de-su-sancion-denuncian-que-la-ley-de-endometriosis-aun-no-esta-reglamentada","status":"publish","type":"post","link":"https:\/\/laredlarioja.com.ar\/sitio\/a-casi-un-ano-de-su-sancion-denuncian-que-la-ley-de-endometriosis-aun-no-esta-reglamentada\/","title":{"rendered":"A casi un a\u00f1o de su sanci\u00f3n, denuncian que la Ley de Endometriosis no se cumple"},"content":{"rendered":"<p>A casi un a\u00f1o de la sanci\u00f3n de la <strong>Ley de Endometriosis<\/strong>, la normativa sigue sin ser reglamentada, y preocupa en cientos de mujeres que padecen esta enfermedad en la provincia de La Rioja.<\/p>\n<p>La ley, aprobada el 4 de julio de 2024, tiene como objetivo garantizar el acceso integral a la detecci\u00f3n, diagn\u00f3stico, tratamiento, control y terapias de apoyo necesarias para abordar la enfermedad. Adem\u00e1s, establece que las pacientes tienen derecho a recibir informaci\u00f3n sobre su condici\u00f3n y las opciones terap\u00e9uticas disponibles.<\/p>\n<p>Ivana Ochoa, referente de <strong>Endohermanas Riojanas<\/strong>, dialog\u00f3 con <em>La Red<\/em> y expres\u00f3 su preocupaci\u00f3n ante la falta de cumplimiento de la normativa: <strong>\u00abEs lamentable que a\u00fan no est\u00e9 reglamentada. Actualmente somos 820 riojanas en toda la provincia y seguimos sin respuestas. Tenemos que viajar a C\u00f3rdoba o Buenos Aires para recibir tratamiento. Ya tenemos dos leyes aprobadas, la 10490 y la 10790, pero no se implementan.\u201d<\/strong><\/p>\n<p>Desde la agrupaci\u00f3n presentaron notas para solicitar acceso a cirug\u00edas en la provincia, pero a\u00fan no obtienen respuestas. Ochoa tambi\u00e9n denunci\u00f3 la falta de formaci\u00f3n m\u00e9dica sobre la enfermedad. <strong>\u00abEs el segundo a\u00f1o que intento organizar un taller con los m\u00e9dicos del Hospital de la Madre y el Ni\u00f1o, pero no hay inter\u00e9s en capacitarse sobre el tema. No logr\u00e9 reunirme con la directora del hospital.\u00bb<\/strong><\/p>\n<p>La referente destac\u00f3 la desinformaci\u00f3n y la falta de empat\u00eda a la hora de abordar la enfermedad: <strong>\u00abMuchos piensan que con sacar el \u00fatero se soluciona el problema, pero la endometriosis puede afectar cualquier parte del cuerpo. Adem\u00e1s, hay que considerar el impacto emocional que genera en las pacientes\u00bb.<\/strong><\/p>\n<p>Seg\u00fan la norma, la Autoridad de Aplicaci\u00f3n es el Ministerio de Salud P\u00fablica, quien arbitrar\u00e1 los medios necesarios para<br \/>\na) Establecer los lineamientos y el contenido de la campa\u00f1a de difusi\u00f3n y concientizaci\u00f3n sobre la Endometriosis.<br \/>\nb) Promover estudios cient\u00edficos, censos y protocolos para la detecci\u00f3n precoz y el tratamiento posterior de la Endometriosis, invitando a participar de su investigaci\u00f3n y desarrollo a instituciones cient\u00edficas, m\u00e9dicas y educativas.<br \/>\nc) Promover la difusi\u00f3n y actualizaci\u00f3n m\u00e9dica de los profesionales de las especialidades ginecol\u00f3gicas y obst\u00e9tricas.<br \/>\nd) Crear el Registro \u00danico de Endometriosis de la provincia de La Rioja con fines estad\u00edsticos e informaci\u00f3n de salud. Dicho Registro mantendr\u00e1 estricta confidencialidad y protecci\u00f3n de los datos recabados a trav\u00e9s de entidades p\u00fablicas, obras sociales y entidades de medicina privada referidas a la detecci\u00f3n de los casos.-<\/p>\n<p>&nbsp;<\/p>\n<p>&nbsp;<\/p>\n","protected":false},"excerpt":{"rendered":"<p>A casi un a\u00f1o de la sanci\u00f3n de la Ley de Endometriosis, la normativa sigue sin ser reglamentada,<\/p>\n","protected":false},"author":10,"featured_media":33079,"comment_status":"closed","ping_status":"open","sticky":false,"template":"","format":"standard","meta":{"footnotes":""},"categories":[24,100],"tags":[],"class_list":["post-59209","post","type-post","status-publish","format-standard","has-post-thumbnail","hentry","category-informacion-general","category-tapa"],"yoast_head":"<!-- This site is optimized with the Yoast SEO plugin v27.4 - https:\/\/yoast.com\/product\/yoast-seo-wordpress\/ -->\n<title>A casi un a\u00f1o de su sanci\u00f3n, denuncian que la Ley de Endometriosis no se cumple - LA RED 88.3 LA RIOJA<\/title>\n<meta name=\"robots\" content=\"index, follow, max-snippet:-1, max-image-preview:large, max-video-preview:-1\" \/>\n<link rel=\"canonical\" href=\"https:\/\/laredlarioja.com.ar\/sitio\/a-casi-un-ano-de-su-sancion-denuncian-que-la-ley-de-endometriosis-aun-no-esta-reglamentada\/\" \/>\n<meta property=\"og:locale\" content=\"es_ES\" \/>\n<meta property=\"og:type\" content=\"article\" \/>\n<meta property=\"og:title\" content=\"A casi un a\u00f1o de su sanci\u00f3n, denuncian que la Ley de Endometriosis no se cumple - LA RED 88.3 LA RIOJA\" \/>\n<meta property=\"og:description\" content=\"A casi un a\u00f1o de la sanci\u00f3n de la Ley de Endometriosis, la normativa sigue sin ser reglamentada,\" \/>\n<meta property=\"og:url\" content=\"https:\/\/laredlarioja.com.ar\/sitio\/a-casi-un-ano-de-su-sancion-denuncian-que-la-ley-de-endometriosis-aun-no-esta-reglamentada\/\" \/>\n<meta property=\"og:site_name\" content=\"LA RED 88.3 LA RIOJA\" \/>\n<meta property=\"article:publisher\" content=\"https:\/\/www.facebook.com\/lared.larioja\" \/>\n<meta property=\"article:published_time\" content=\"2025-03-17T12:26:56+00:00\" \/>\n<meta property=\"article:modified_time\" content=\"2025-03-18T13:55:22+00:00\" \/>\n<meta property=\"og:image\" content=\"https:\/\/laredlarioja.com.ar\/sitio\/wp-content\/uploads\/2023\/07\/345172346.jpeg\" \/>\n\t<meta property=\"og:image:width\" content=\"1152\" \/>\n\t<meta property=\"og:image:height\" content=\"864\" \/>\n\t<meta property=\"og:image:type\" content=\"image\/jpeg\" \/>\n<meta name=\"author\" content=\"La Red\" \/>\n<meta name=\"twitter:card\" content=\"summary_large_image\" \/>\n<meta name=\"twitter:creator\" content=\"@laredlarioja1\" \/>\n<meta name=\"twitter:site\" content=\"@laredlarioja1\" \/>\n<meta name=\"twitter:label1\" content=\"Escrito por\" \/>\n\t<meta name=\"twitter:data1\" content=\"La Red\" \/>\n\t<meta name=\"twitter:label2\" content=\"Tiempo de lectura\" \/>\n\t<meta name=\"twitter:data2\" content=\"3 minutos\" \/>\n<script type=\"application\/ld+json\" class=\"yoast-schema-graph\">{\"@context\":\"https:\\\/\\\/schema.org\",\"@graph\":[{\"@type\":\"Article\",\"@id\":\"https:\\\/\\\/laredlarioja.com.ar\\\/sitio\\\/a-casi-un-ano-de-su-sancion-denuncian-que-la-ley-de-endometriosis-aun-no-esta-reglamentada\\\/#article\",\"isPartOf\":{\"@id\":\"https:\\\/\\\/laredlarioja.com.ar\\\/sitio\\\/a-casi-un-ano-de-su-sancion-denuncian-que-la-ley-de-endometriosis-aun-no-esta-reglamentada\\\/\"},\"author\":{\"name\":\"La Red\",\"@id\":\"https:\\\/\\\/laredlarioja.com.ar\\\/sitio\\\/#\\\/schema\\\/person\\\/f1e213867beccedaaa4fb548d9259d9a\"},\"headline\":\"A casi un a\u00f1o de su sanci\u00f3n, denuncian que la Ley de Endometriosis no se cumple\",\"datePublished\":\"2025-03-17T12:26:56+00:00\",\"dateModified\":\"2025-03-18T13:55:22+00:00\",\"mainEntityOfPage\":{\"@id\":\"https:\\\/\\\/laredlarioja.com.ar\\\/sitio\\\/a-casi-un-ano-de-su-sancion-denuncian-que-la-ley-de-endometriosis-aun-no-esta-reglamentada\\\/\"},\"wordCount\":460,\"publisher\":{\"@id\":\"https:\\\/\\\/laredlarioja.com.ar\\\/sitio\\\/#organization\"},\"image\":{\"@id\":\"https:\\\/\\\/laredlarioja.com.ar\\\/sitio\\\/a-casi-un-ano-de-su-sancion-denuncian-que-la-ley-de-endometriosis-aun-no-esta-reglamentada\\\/#primaryimage\"},\"thumbnailUrl\":\"https:\\\/\\\/laredlarioja.com.ar\\\/sitio\\\/wp-content\\\/uploads\\\/2023\\\/07\\\/345172346.jpeg\",\"articleSection\":[\"Informaci\u00f3n General\",\"Tapa\"],\"inLanguage\":\"es\"},{\"@type\":\"WebPage\",\"@id\":\"https:\\\/\\\/laredlarioja.com.ar\\\/sitio\\\/a-casi-un-ano-de-su-sancion-denuncian-que-la-ley-de-endometriosis-aun-no-esta-reglamentada\\\/\",\"url\":\"https:\\\/\\\/laredlarioja.com.ar\\\/sitio\\\/a-casi-un-ano-de-su-sancion-denuncian-que-la-ley-de-endometriosis-aun-no-esta-reglamentada\\\/\",\"name\":\"A casi un a\u00f1o de su sanci\u00f3n, denuncian que la Ley de Endometriosis no se cumple - LA RED 88.3 LA RIOJA\",\"isPartOf\":{\"@id\":\"https:\\\/\\\/laredlarioja.com.ar\\\/sitio\\\/#website\"},\"primaryImageOfPage\":{\"@id\":\"https:\\\/\\\/laredlarioja.com.ar\\\/sitio\\\/a-casi-un-ano-de-su-sancion-denuncian-que-la-ley-de-endometriosis-aun-no-esta-reglamentada\\\/#primaryimage\"},\"image\":{\"@id\":\"https:\\\/\\\/laredlarioja.com.ar\\\/sitio\\\/a-casi-un-ano-de-su-sancion-denuncian-que-la-ley-de-endometriosis-aun-no-esta-reglamentada\\\/#primaryimage\"},\"thumbnailUrl\":\"https:\\\/\\\/laredlarioja.com.ar\\\/sitio\\\/wp-content\\\/uploads\\\/2023\\\/07\\\/345172346.jpeg\",\"datePublished\":\"2025-03-17T12:26:56+00:00\",\"dateModified\":\"2025-03-18T13:55:22+00:00\",\"breadcrumb\":{\"@id\":\"https:\\\/\\\/laredlarioja.com.ar\\\/sitio\\\/a-casi-un-ano-de-su-sancion-denuncian-que-la-ley-de-endometriosis-aun-no-esta-reglamentada\\\/#breadcrumb\"},\"inLanguage\":\"es\",\"potentialAction\":[{\"@type\":\"ReadAction\",\"target\":[\"https:\\\/\\\/laredlarioja.com.ar\\\/sitio\\\/a-casi-un-ano-de-su-sancion-denuncian-que-la-ley-de-endometriosis-aun-no-esta-reglamentada\\\/\"]}]},{\"@type\":\"ImageObject\",\"inLanguage\":\"es\",\"@id\":\"https:\\\/\\\/laredlarioja.com.ar\\\/sitio\\\/a-casi-un-ano-de-su-sancion-denuncian-que-la-ley-de-endometriosis-aun-no-esta-reglamentada\\\/#primaryimage\",\"url\":\"https:\\\/\\\/laredlarioja.com.ar\\\/sitio\\\/wp-content\\\/uploads\\\/2023\\\/07\\\/345172346.jpeg\",\"contentUrl\":\"https:\\\/\\\/laredlarioja.com.ar\\\/sitio\\\/wp-content\\\/uploads\\\/2023\\\/07\\\/345172346.jpeg\",\"width\":1152,\"height\":864},{\"@type\":\"BreadcrumbList\",\"@id\":\"https:\\\/\\\/laredlarioja.com.ar\\\/sitio\\\/a-casi-un-ano-de-su-sancion-denuncian-que-la-ley-de-endometriosis-aun-no-esta-reglamentada\\\/#breadcrumb\",\"itemListElement\":[{\"@type\":\"ListItem\",\"position\":1,\"name\":\"Portada\",\"item\":\"https:\\\/\\\/laredlarioja.com.ar\\\/sitio\\\/\"},{\"@type\":\"ListItem\",\"position\":2,\"name\":\"A casi un a\u00f1o de su sanci\u00f3n, denuncian que la Ley de Endometriosis no se cumple\"}]},{\"@type\":\"WebSite\",\"@id\":\"https:\\\/\\\/laredlarioja.com.ar\\\/sitio\\\/#website\",\"url\":\"https:\\\/\\\/laredlarioja.com.ar\\\/sitio\\\/\",\"name\":\"LA RED 88.3 LA RIOJA\",\"description\":\"Sitio de Noticias\",\"publisher\":{\"@id\":\"https:\\\/\\\/laredlarioja.com.ar\\\/sitio\\\/#organization\"},\"potentialAction\":[{\"@type\":\"SearchAction\",\"target\":{\"@type\":\"EntryPoint\",\"urlTemplate\":\"https:\\\/\\\/laredlarioja.com.ar\\\/sitio\\\/?s={search_term_string}\"},\"query-input\":{\"@type\":\"PropertyValueSpecification\",\"valueRequired\":true,\"valueName\":\"search_term_string\"}}],\"inLanguage\":\"es\"},{\"@type\":\"Organization\",\"@id\":\"https:\\\/\\\/laredlarioja.com.ar\\\/sitio\\\/#organization\",\"name\":\"LA RED 88.3 LA RIOJA\",\"url\":\"https:\\\/\\\/laredlarioja.com.ar\\\/sitio\\\/\",\"logo\":{\"@type\":\"ImageObject\",\"inLanguage\":\"es\",\"@id\":\"https:\\\/\\\/laredlarioja.com.ar\\\/sitio\\\/#\\\/schema\\\/logo\\\/image\\\/\",\"url\":\"https:\\\/\\\/laredlarioja.com.ar\\\/sitio\\\/wp-content\\\/uploads\\\/2025\\\/05\\\/LOGO-LA-RED.png\",\"contentUrl\":\"https:\\\/\\\/laredlarioja.com.ar\\\/sitio\\\/wp-content\\\/uploads\\\/2025\\\/05\\\/LOGO-LA-RED.png\",\"width\":193,\"height\":340,\"caption\":\"LA RED 88.3 LA RIOJA\"},\"image\":{\"@id\":\"https:\\\/\\\/laredlarioja.com.ar\\\/sitio\\\/#\\\/schema\\\/logo\\\/image\\\/\"},\"sameAs\":[\"https:\\\/\\\/www.facebook.com\\\/lared.larioja\",\"https:\\\/\\\/x.com\\\/laredlarioja1\",\"https:\\\/\\\/www.instagram.com\\\/lared_larioja\\\/\"]},{\"@type\":\"Person\",\"@id\":\"https:\\\/\\\/laredlarioja.com.ar\\\/sitio\\\/#\\\/schema\\\/person\\\/f1e213867beccedaaa4fb548d9259d9a\",\"name\":\"La Red\",\"url\":\"https:\\\/\\\/laredlarioja.com.ar\\\/sitio\\\/author\\\/lared\\\/\"}]}<\/script>\n<!-- \/ Yoast SEO plugin. -->","yoast_head_json":{"title":"A casi un a\u00f1o de su sanci\u00f3n, denuncian que la Ley de Endometriosis no se cumple - LA RED 88.3 LA RIOJA","robots":{"index":"index","follow":"follow","max-snippet":"max-snippet:-1","max-image-preview":"max-image-preview:large","max-video-preview":"max-video-preview:-1"},"canonical":"https:\/\/laredlarioja.com.ar\/sitio\/a-casi-un-ano-de-su-sancion-denuncian-que-la-ley-de-endometriosis-aun-no-esta-reglamentada\/","og_locale":"es_ES","og_type":"article","og_title":"A casi un a\u00f1o de su sanci\u00f3n, denuncian que la Ley de Endometriosis no se cumple - LA RED 88.3 LA RIOJA","og_description":"A casi un a\u00f1o de la sanci\u00f3n de la Ley de Endometriosis, la normativa sigue sin ser reglamentada,","og_url":"https:\/\/laredlarioja.com.ar\/sitio\/a-casi-un-ano-de-su-sancion-denuncian-que-la-ley-de-endometriosis-aun-no-esta-reglamentada\/","og_site_name":"LA RED 88.3 LA RIOJA","article_publisher":"https:\/\/www.facebook.com\/lared.larioja","article_published_time":"2025-03-17T12:26:56+00:00","article_modified_time":"2025-03-18T13:55:22+00:00","og_image":[{"width":1152,"height":864,"url":"https:\/\/laredlarioja.com.ar\/sitio\/wp-content\/uploads\/2023\/07\/345172346.jpeg","type":"image\/jpeg"}],"author":"La Red","twitter_card":"summary_large_image","twitter_creator":"@laredlarioja1","twitter_site":"@laredlarioja1","twitter_misc":{"Escrito por":"La Red","Tiempo de lectura":"3 minutos"},"schema":{"@context":"https:\/\/schema.org","@graph":[{"@type":"Article","@id":"https:\/\/laredlarioja.com.ar\/sitio\/a-casi-un-ano-de-su-sancion-denuncian-que-la-ley-de-endometriosis-aun-no-esta-reglamentada\/#article","isPartOf":{"@id":"https:\/\/laredlarioja.com.ar\/sitio\/a-casi-un-ano-de-su-sancion-denuncian-que-la-ley-de-endometriosis-aun-no-esta-reglamentada\/"},"author":{"name":"La Red","@id":"https:\/\/laredlarioja.com.ar\/sitio\/#\/schema\/person\/f1e213867beccedaaa4fb548d9259d9a"},"headline":"A casi un a\u00f1o de su sanci\u00f3n, denuncian que la Ley de Endometriosis no se cumple","datePublished":"2025-03-17T12:26:56+00:00","dateModified":"2025-03-18T13:55:22+00:00","mainEntityOfPage":{"@id":"https:\/\/laredlarioja.com.ar\/sitio\/a-casi-un-ano-de-su-sancion-denuncian-que-la-ley-de-endometriosis-aun-no-esta-reglamentada\/"},"wordCount":460,"publisher":{"@id":"https:\/\/laredlarioja.com.ar\/sitio\/#organization"},"image":{"@id":"https:\/\/laredlarioja.com.ar\/sitio\/a-casi-un-ano-de-su-sancion-denuncian-que-la-ley-de-endometriosis-aun-no-esta-reglamentada\/#primaryimage"},"thumbnailUrl":"https:\/\/laredlarioja.com.ar\/sitio\/wp-content\/uploads\/2023\/07\/345172346.jpeg","articleSection":["Informaci\u00f3n General","Tapa"],"inLanguage":"es"},{"@type":"WebPage","@id":"https:\/\/laredlarioja.com.ar\/sitio\/a-casi-un-ano-de-su-sancion-denuncian-que-la-ley-de-endometriosis-aun-no-esta-reglamentada\/","url":"https:\/\/laredlarioja.com.ar\/sitio\/a-casi-un-ano-de-su-sancion-denuncian-que-la-ley-de-endometriosis-aun-no-esta-reglamentada\/","name":"A casi un a\u00f1o de su sanci\u00f3n, denuncian que la Ley de Endometriosis no se cumple - LA RED 88.3 LA RIOJA","isPartOf":{"@id":"https:\/\/laredlarioja.com.ar\/sitio\/#website"},"primaryImageOfPage":{"@id":"https:\/\/laredlarioja.com.ar\/sitio\/a-casi-un-ano-de-su-sancion-denuncian-que-la-ley-de-endometriosis-aun-no-esta-reglamentada\/#primaryimage"},"image":{"@id":"https:\/\/laredlarioja.com.ar\/sitio\/a-casi-un-ano-de-su-sancion-denuncian-que-la-ley-de-endometriosis-aun-no-esta-reglamentada\/#primaryimage"},"thumbnailUrl":"https:\/\/laredlarioja.com.ar\/sitio\/wp-content\/uploads\/2023\/07\/345172346.jpeg","datePublished":"2025-03-17T12:26:56+00:00","dateModified":"2025-03-18T13:55:22+00:00","breadcrumb":{"@id":"https:\/\/laredlarioja.com.ar\/sitio\/a-casi-un-ano-de-su-sancion-denuncian-que-la-ley-de-endometriosis-aun-no-esta-reglamentada\/#breadcrumb"},"inLanguage":"es","potentialAction":[{"@type":"ReadAction","target":["https:\/\/laredlarioja.com.ar\/sitio\/a-casi-un-ano-de-su-sancion-denuncian-que-la-ley-de-endometriosis-aun-no-esta-reglamentada\/"]}]},{"@type":"ImageObject","inLanguage":"es","@id":"https:\/\/laredlarioja.com.ar\/sitio\/a-casi-un-ano-de-su-sancion-denuncian-que-la-ley-de-endometriosis-aun-no-esta-reglamentada\/#primaryimage","url":"https:\/\/laredlarioja.com.ar\/sitio\/wp-content\/uploads\/2023\/07\/345172346.jpeg","contentUrl":"https:\/\/laredlarioja.com.ar\/sitio\/wp-content\/uploads\/2023\/07\/345172346.jpeg","width":1152,"height":864},{"@type":"BreadcrumbList","@id":"https:\/\/laredlarioja.com.ar\/sitio\/a-casi-un-ano-de-su-sancion-denuncian-que-la-ley-de-endometriosis-aun-no-esta-reglamentada\/#breadcrumb","itemListElement":[{"@type":"ListItem","position":1,"name":"Portada","item":"https:\/\/laredlarioja.com.ar\/sitio\/"},{"@type":"ListItem","position":2,"name":"A casi un a\u00f1o de su sanci\u00f3n, denuncian que la Ley de Endometriosis no se cumple"}]},{"@type":"WebSite","@id":"https:\/\/laredlarioja.com.ar\/sitio\/#website","url":"https:\/\/laredlarioja.com.ar\/sitio\/","name":"LA RED 88.3 LA RIOJA","description":"Sitio de Noticias","publisher":{"@id":"https:\/\/laredlarioja.com.ar\/sitio\/#organization"},"potentialAction":[{"@type":"SearchAction","target":{"@type":"EntryPoint","urlTemplate":"https:\/\/laredlarioja.com.ar\/sitio\/?s={search_term_string}"},"query-input":{"@type":"PropertyValueSpecification","valueRequired":true,"valueName":"search_term_string"}}],"inLanguage":"es"},{"@type":"Organization","@id":"https:\/\/laredlarioja.com.ar\/sitio\/#organization","name":"LA RED 88.3 LA RIOJA","url":"https:\/\/laredlarioja.com.ar\/sitio\/","logo":{"@type":"ImageObject","inLanguage":"es","@id":"https:\/\/laredlarioja.com.ar\/sitio\/#\/schema\/logo\/image\/","url":"https:\/\/laredlarioja.com.ar\/sitio\/wp-content\/uploads\/2025\/05\/LOGO-LA-RED.png","contentUrl":"https:\/\/laredlarioja.com.ar\/sitio\/wp-content\/uploads\/2025\/05\/LOGO-LA-RED.png","width":193,"height":340,"caption":"LA RED 88.3 LA RIOJA"},"image":{"@id":"https:\/\/laredlarioja.com.ar\/sitio\/#\/schema\/logo\/image\/"},"sameAs":["https:\/\/www.facebook.com\/lared.larioja","https:\/\/x.com\/laredlarioja1","https:\/\/www.instagram.com\/lared_larioja\/"]},{"@type":"Person","@id":"https:\/\/laredlarioja.com.ar\/sitio\/#\/schema\/person\/f1e213867beccedaaa4fb548d9259d9a","name":"La Red","url":"https:\/\/laredlarioja.com.ar\/sitio\/author\/lared\/"}]}},"featured_image_urls":{"full":["https:\/\/laredlarioja.com.ar\/sitio\/wp-content\/uploads\/2023\/07\/345172346.jpeg",1152,864,false],"thumbnail":["https:\/\/laredlarioja.com.ar\/sitio\/wp-content\/uploads\/2023\/07\/345172346-150x150.jpeg",150,150,true],"medium":["https:\/\/laredlarioja.com.ar\/sitio\/wp-content\/uploads\/2023\/07\/345172346-300x225.jpeg",300,225,true],"medium_large":["https:\/\/laredlarioja.com.ar\/sitio\/wp-content\/uploads\/2023\/07\/345172346-768x576.jpeg",640,480,true],"large":["https:\/\/laredlarioja.com.ar\/sitio\/wp-content\/uploads\/2023\/07\/345172346-1024x768.jpeg",640,480,true],"1536x1536":["https:\/\/laredlarioja.com.ar\/sitio\/wp-content\/uploads\/2023\/07\/345172346.jpeg",1152,864,false],"2048x2048":["https:\/\/laredlarioja.com.ar\/sitio\/wp-content\/uploads\/2023\/07\/345172346.jpeg",1152,864,false],"cvmm-medium":["https:\/\/laredlarioja.com.ar\/sitio\/wp-content\/uploads\/2023\/07\/345172346-300x300.jpeg",300,300,true],"cvmm-medium-plus":["https:\/\/laredlarioja.com.ar\/sitio\/wp-content\/uploads\/2023\/07\/345172346-305x207.jpeg",305,207,true],"cvmm-portrait":["https:\/\/laredlarioja.com.ar\/sitio\/wp-content\/uploads\/2023\/07\/345172346-400x600.jpeg",400,600,true],"cvmm-medium-square":["https:\/\/laredlarioja.com.ar\/sitio\/wp-content\/uploads\/2023\/07\/345172346-600x600.jpeg",600,600,true],"cvmm-large":["https:\/\/laredlarioja.com.ar\/sitio\/wp-content\/uploads\/2023\/07\/345172346-1024x864.jpeg",1024,864,true],"cvmm-small":["https:\/\/laredlarioja.com.ar\/sitio\/wp-content\/uploads\/2023\/07\/345172346-130x95.jpeg",130,95,true],"morenews-large":["https:\/\/laredlarioja.com.ar\/sitio\/wp-content\/uploads\/2023\/07\/345172346-825x575.jpeg",825,575,true],"morenews-medium":["https:\/\/laredlarioja.com.ar\/sitio\/wp-content\/uploads\/2023\/07\/345172346-590x410.jpeg",590,410,true]},"author_info":{"display_name":"La Red","author_link":"https:\/\/laredlarioja.com.ar\/sitio\/author\/lared\/"},"category_info":"<a href=\"https:\/\/laredlarioja.com.ar\/sitio\/categorias\/informacion-general\/\" rel=\"category tag\">Informaci\u00f3n General<\/a> <a href=\"https:\/\/laredlarioja.com.ar\/sitio\/categorias\/tapa\/\" rel=\"category tag\">Tapa<\/a>","tag_info":"Tapa","comment_count":"0","blog_post_layout_featured_media_urls":{"thumbnail":["https:\/\/laredlarioja.com.ar\/sitio\/wp-content\/uploads\/2023\/07\/345172346-150x150.jpeg",150,150,true],"full":["https:\/\/laredlarioja.com.ar\/sitio\/wp-content\/uploads\/2023\/07\/345172346.jpeg",1152,864,false]},"categories_names":{"24":{"name":"Informaci\u00f3n General","link":"https:\/\/laredlarioja.com.ar\/sitio\/categorias\/informacion-general\/"},"100":{"name":"Tapa","link":"https:\/\/laredlarioja.com.ar\/sitio\/categorias\/tapa\/"}},"tags_names":[],"comments_number":"0","wpmagazine_modules_lite_featured_media_urls":{"thumbnail":["https:\/\/laredlarioja.com.ar\/sitio\/wp-content\/uploads\/2023\/07\/345172346-150x150.jpeg",150,150,true],"cvmm-medium":["https:\/\/laredlarioja.com.ar\/sitio\/wp-content\/uploads\/2023\/07\/345172346-300x300.jpeg",300,300,true],"cvmm-medium-plus":["https:\/\/laredlarioja.com.ar\/sitio\/wp-content\/uploads\/2023\/07\/345172346-305x207.jpeg",305,207,true],"cvmm-portrait":["https:\/\/laredlarioja.com.ar\/sitio\/wp-content\/uploads\/2023\/07\/345172346-400x600.jpeg",400,600,true],"cvmm-medium-square":["https:\/\/laredlarioja.com.ar\/sitio\/wp-content\/uploads\/2023\/07\/345172346-600x600.jpeg",600,600,true],"cvmm-large":["https:\/\/laredlarioja.com.ar\/sitio\/wp-content\/uploads\/2023\/07\/345172346-1024x864.jpeg",1024,864,true],"cvmm-small":["https:\/\/laredlarioja.com.ar\/sitio\/wp-content\/uploads\/2023\/07\/345172346-130x95.jpeg",130,95,true],"full":["https:\/\/laredlarioja.com.ar\/sitio\/wp-content\/uploads\/2023\/07\/345172346.jpeg",1152,864,false]},"_links":{"self":[{"href":"https:\/\/laredlarioja.com.ar\/sitio\/wp-json\/wp\/v2\/posts\/59209","targetHints":{"allow":["GET"]}}],"collection":[{"href":"https:\/\/laredlarioja.com.ar\/sitio\/wp-json\/wp\/v2\/posts"}],"about":[{"href":"https:\/\/laredlarioja.com.ar\/sitio\/wp-json\/wp\/v2\/types\/post"}],"author":[{"embeddable":true,"href":"https:\/\/laredlarioja.com.ar\/sitio\/wp-json\/wp\/v2\/users\/10"}],"replies":[{"embeddable":true,"href":"https:\/\/laredlarioja.com.ar\/sitio\/wp-json\/wp\/v2\/comments?post=59209"}],"version-history":[{"count":4,"href":"https:\/\/laredlarioja.com.ar\/sitio\/wp-json\/wp\/v2\/posts\/59209\/revisions"}],"predecessor-version":[{"id":59213,"href":"https:\/\/laredlarioja.com.ar\/sitio\/wp-json\/wp\/v2\/posts\/59209\/revisions\/59213"}],"wp:featuredmedia":[{"embeddable":true,"href":"https:\/\/laredlarioja.com.ar\/sitio\/wp-json\/wp\/v2\/media\/33079"}],"wp:attachment":[{"href":"https:\/\/laredlarioja.com.ar\/sitio\/wp-json\/wp\/v2\/media?parent=59209"}],"wp:term":[{"taxonomy":"category","embeddable":true,"href":"https:\/\/laredlarioja.com.ar\/sitio\/wp-json\/wp\/v2\/categories?post=59209"},{"taxonomy":"post_tag","embeddable":true,"href":"https:\/\/laredlarioja.com.ar\/sitio\/wp-json\/wp\/v2\/tags?post=59209"}],"curies":[{"name":"wp","href":"https:\/\/api.w.org\/{rel}","templated":true}]}}