{"id":59250,"date":"2025-03-18T00:05:24","date_gmt":"2025-03-18T00:05:24","guid":{"rendered":"https:\/\/laredlarioja.com.ar\/sitio\/?p=59250"},"modified":"2025-03-18T00:05:24","modified_gmt":"2025-03-18T00:05:24","slug":"quedo-inaugurada-la-actividad-escolar-en-patquia","status":"publish","type":"post","link":"https:\/\/laredlarioja.com.ar\/sitio\/quedo-inaugurada-la-actividad-escolar-en-patquia\/","title":{"rendered":"Qued\u00f3 inaugurada la actividad escolar en Patqu\u00eda"},"content":{"rendered":"<p>El gobernador Ricardo Quintela volvi\u00f3 este lunes Patquia para constatar la reparaci\u00f3n de la escuela N\u00b020 en su regreso a las aulas tras el temporal.<\/p>\n<p>En un emotivo acto, se dio por inaugurado el ciclo lectivo, en un establecimiento totalmente refaccionado luego que resultar\u00e1 afectado por el temporal que azot\u00f3 en la provincia en el mes de febrero. Durante su visita, el mandatario hizo entrega de kits escolares a los estudiantes y aire acondicionado a la comunidad educativa.<\/p>\n<p>En ese contexto el gobernador Ricardo Quintela expres\u00f3: \u201cMe siento muy orgulloso, muy contento y mi agradecimiento a todos. Primero a los que creyeron, a pesar de las dificultades por las cuales estamos atravesando en el pa\u00eds, y que repercuten en cada una de las provincias argentinas. A pesar de esa situaci\u00f3n creyeron y apostaron que esto se iba a realizar\u201d, indic\u00f3.<br \/>\nEl gobernador remarc\u00f3 a la comunidad que quedan muchos particulares por resolver con respecto a las viviendas afectadas, pero con la diputada nacional Gabriela Pedrali, a cargo del Plan Angelelli se va a ir dando una soluci\u00f3n definitiva a cada una de las familias.<br \/>\nPara finalizar, el gobernador se dirigi\u00f3 a los padres presentes agradeciendo la confianza que depositan en la instituci\u00f3n: \u201cUstedes que depositan su confianza, entregando el tesoro m\u00e1s preciado que tenemos cada uno de nosotros como padres, que son nuestros hijos. Los ponen en las manos de sus docentes, del cuerpo directivo y del personal de servicios comunitarios\u201d.<\/p>\n<p>A su turno, el ministro de Educaci\u00f3n, Ariel Mart\u00ednez, resalt\u00f3, \u201ccuando tenemos un peque\u00f1o tropez\u00f3n, lo mejor que nos puede pasar es levantarnos y seguir caminando. Agradezco a las familias por creer en las palabras y en especial al gobernado por alimentar la esperanza, los sue\u00f1os, las ilusiones, ac\u00e1 esta una sociedad que sigue creyendo que es importante un Estado presente, que es importante una pol\u00edtica de Estado y una construcci\u00f3n colectiva. Todos los que estamos ac\u00e1 estamos trabajando para consolidar este presente, pero fundamentalmente para que tengan un mejor futuro\u201d indic\u00f3 a los estudiantes y agradeci\u00f3 el compromiso y la vocaci\u00f3n de los docentes y a las familias por el acompa\u00f1amiento.<br \/>\nEn su discurso, el intendente del departamento Independencia, Claudio Akiki, agradeci\u00f3 el compromiso de todo el Gobierno de la provincia \u201cpor estar desde el momento cero, nos hemos sentido muy acompa\u00f1ados y eso demuestra que m\u00e1s que un Estado presente, es un Estado eficiente. Y es lo que cada riojano y cada riojana necesitamos\u201d dijo.<\/p>\n<p>Adem\u00e1s, el intendente tambi\u00e9n agradeci\u00f3 el recibimiento de kits escolares, \u201cgracias al esfuerzo que hace el gobierno para llegar con kits escolares paca cada uno de nuestros estudiantes, adem\u00e1s de una inversi\u00f3n, son decisiones de pol\u00edticas p\u00fablicas que toma nuestro gobernador\u201d. Y refiri\u00e9ndose a los alumnos, les dese\u00f3 un feliz inicio de ciclo lectivo, \u201ccuidemos la escuela, s\u00e9 del amor que ustedes tienen por esta instituci\u00f3n\u201d.<\/p>\n<p>En la oportunidad, la directora de la Escuela N\u00b020, Marisa de la Vega, record\u00f3, \u201cel mes de febrero marc\u00f3 un antes y un despu\u00e9s en nuestra instituci\u00f3n hemos sentido mucha angustia aquel martes 25 de febrero cuando nos acercarnos a nuestra escuela y ver en las condiciones que estaba nos llen\u00f3 de mucha tristeza. Y usted, gobernador me dijo, qu\u00e9date tranquila tu escuela quedar\u00e1 m\u00e1s bonita y as\u00ed fue\u201d.<\/p>\n<p>\u201cGracias gobernador por cumplir con su promesa, hoy tenemos una escuela pr\u00e1cticamente nueva, se tuvieron en cuenta todos los detalles, una empresa que trabaj\u00f3 con mucha responsabilidad y compromiso, nuestra escuela esta bella y esto es gracias al compromiso de nuestra autoridades\u201d.<\/p>\n","protected":false},"excerpt":{"rendered":"<p>El gobernador Ricardo Quintela volvi\u00f3 este lunes Patquia para constatar la reparaci\u00f3n de la escuela N\u00b020 en su<\/p>\n","protected":false},"author":7,"featured_media":59251,"comment_status":"closed","ping_status":"open","sticky":false,"template":"","format":"standard","meta":{"footnotes":""},"categories":[94],"tags":[],"class_list":["post-59250","post","type-post","status-publish","format-standard","has-post-thumbnail","hentry","category-locales"],"yoast_head":"<!-- This site is optimized with the Yoast SEO plugin v27.4 - https:\/\/yoast.com\/product\/yoast-seo-wordpress\/ -->\n<title>Qued\u00f3 inaugurada la actividad escolar en Patqu\u00eda - LA RED 88.3 LA RIOJA<\/title>\n<meta name=\"robots\" content=\"index, follow, max-snippet:-1, max-image-preview:large, max-video-preview:-1\" \/>\n<link rel=\"canonical\" href=\"https:\/\/laredlarioja.com.ar\/sitio\/quedo-inaugurada-la-actividad-escolar-en-patquia\/\" \/>\n<meta property=\"og:locale\" content=\"es_ES\" \/>\n<meta property=\"og:type\" content=\"article\" \/>\n<meta property=\"og:title\" content=\"Qued\u00f3 inaugurada la actividad escolar en Patqu\u00eda - LA RED 88.3 LA RIOJA\" \/>\n<meta property=\"og:description\" content=\"El gobernador Ricardo Quintela volvi\u00f3 este lunes Patquia para constatar la reparaci\u00f3n de la escuela N\u00b020 en su\" \/>\n<meta property=\"og:url\" content=\"https:\/\/laredlarioja.com.ar\/sitio\/quedo-inaugurada-la-actividad-escolar-en-patquia\/\" \/>\n<meta property=\"og:site_name\" content=\"LA RED 88.3 LA RIOJA\" \/>\n<meta property=\"article:publisher\" content=\"https:\/\/www.facebook.com\/lared.larioja\" \/>\n<meta property=\"article:published_time\" content=\"2025-03-18T00:05:24+00:00\" \/>\n<meta property=\"og:image\" content=\"https:\/\/laredlarioja.com.ar\/sitio\/wp-content\/uploads\/2025\/03\/patquia-1.jpg\" \/>\n\t<meta property=\"og:image:width\" content=\"1280\" \/>\n\t<meta property=\"og:image:height\" content=\"853\" \/>\n\t<meta property=\"og:image:type\" content=\"image\/jpeg\" \/>\n<meta name=\"author\" content=\"Anabella Soria\" \/>\n<meta name=\"twitter:card\" content=\"summary_large_image\" \/>\n<meta name=\"twitter:creator\" content=\"@laredlarioja1\" \/>\n<meta name=\"twitter:site\" content=\"@laredlarioja1\" \/>\n<meta name=\"twitter:label1\" content=\"Escrito por\" \/>\n\t<meta name=\"twitter:data1\" content=\"Anabella Soria\" \/>\n\t<meta name=\"twitter:label2\" content=\"Tiempo de lectura\" \/>\n\t<meta name=\"twitter:data2\" content=\"3 minutos\" \/>\n<script type=\"application\/ld+json\" class=\"yoast-schema-graph\">{\"@context\":\"https:\\\/\\\/schema.org\",\"@graph\":[{\"@type\":\"Article\",\"@id\":\"https:\\\/\\\/laredlarioja.com.ar\\\/sitio\\\/quedo-inaugurada-la-actividad-escolar-en-patquia\\\/#article\",\"isPartOf\":{\"@id\":\"https:\\\/\\\/laredlarioja.com.ar\\\/sitio\\\/quedo-inaugurada-la-actividad-escolar-en-patquia\\\/\"},\"author\":{\"name\":\"Anabella Soria\",\"@id\":\"https:\\\/\\\/laredlarioja.com.ar\\\/sitio\\\/#\\\/schema\\\/person\\\/31f88059d20c5cf06e974fd895aec56e\"},\"headline\":\"Qued\u00f3 inaugurada la actividad escolar en Patqu\u00eda\",\"datePublished\":\"2025-03-18T00:05:24+00:00\",\"mainEntityOfPage\":{\"@id\":\"https:\\\/\\\/laredlarioja.com.ar\\\/sitio\\\/quedo-inaugurada-la-actividad-escolar-en-patquia\\\/\"},\"wordCount\":622,\"publisher\":{\"@id\":\"https:\\\/\\\/laredlarioja.com.ar\\\/sitio\\\/#organization\"},\"image\":{\"@id\":\"https:\\\/\\\/laredlarioja.com.ar\\\/sitio\\\/quedo-inaugurada-la-actividad-escolar-en-patquia\\\/#primaryimage\"},\"thumbnailUrl\":\"https:\\\/\\\/laredlarioja.com.ar\\\/sitio\\\/wp-content\\\/uploads\\\/2025\\\/03\\\/patquia-1.jpg\",\"articleSection\":[\"Locales\"],\"inLanguage\":\"es\"},{\"@type\":\"WebPage\",\"@id\":\"https:\\\/\\\/laredlarioja.com.ar\\\/sitio\\\/quedo-inaugurada-la-actividad-escolar-en-patquia\\\/\",\"url\":\"https:\\\/\\\/laredlarioja.com.ar\\\/sitio\\\/quedo-inaugurada-la-actividad-escolar-en-patquia\\\/\",\"name\":\"Qued\u00f3 inaugurada la actividad escolar en Patqu\u00eda - LA RED 88.3 LA RIOJA\",\"isPartOf\":{\"@id\":\"https:\\\/\\\/laredlarioja.com.ar\\\/sitio\\\/#website\"},\"primaryImageOfPage\":{\"@id\":\"https:\\\/\\\/laredlarioja.com.ar\\\/sitio\\\/quedo-inaugurada-la-actividad-escolar-en-patquia\\\/#primaryimage\"},\"image\":{\"@id\":\"https:\\\/\\\/laredlarioja.com.ar\\\/sitio\\\/quedo-inaugurada-la-actividad-escolar-en-patquia\\\/#primaryimage\"},\"thumbnailUrl\":\"https:\\\/\\\/laredlarioja.com.ar\\\/sitio\\\/wp-content\\\/uploads\\\/2025\\\/03\\\/patquia-1.jpg\",\"datePublished\":\"2025-03-18T00:05:24+00:00\",\"breadcrumb\":{\"@id\":\"https:\\\/\\\/laredlarioja.com.ar\\\/sitio\\\/quedo-inaugurada-la-actividad-escolar-en-patquia\\\/#breadcrumb\"},\"inLanguage\":\"es\",\"potentialAction\":[{\"@type\":\"ReadAction\",\"target\":[\"https:\\\/\\\/laredlarioja.com.ar\\\/sitio\\\/quedo-inaugurada-la-actividad-escolar-en-patquia\\\/\"]}]},{\"@type\":\"ImageObject\",\"inLanguage\":\"es\",\"@id\":\"https:\\\/\\\/laredlarioja.com.ar\\\/sitio\\\/quedo-inaugurada-la-actividad-escolar-en-patquia\\\/#primaryimage\",\"url\":\"https:\\\/\\\/laredlarioja.com.ar\\\/sitio\\\/wp-content\\\/uploads\\\/2025\\\/03\\\/patquia-1.jpg\",\"contentUrl\":\"https:\\\/\\\/laredlarioja.com.ar\\\/sitio\\\/wp-content\\\/uploads\\\/2025\\\/03\\\/patquia-1.jpg\",\"width\":1280,\"height\":853},{\"@type\":\"BreadcrumbList\",\"@id\":\"https:\\\/\\\/laredlarioja.com.ar\\\/sitio\\\/quedo-inaugurada-la-actividad-escolar-en-patquia\\\/#breadcrumb\",\"itemListElement\":[{\"@type\":\"ListItem\",\"position\":1,\"name\":\"Portada\",\"item\":\"https:\\\/\\\/laredlarioja.com.ar\\\/sitio\\\/\"},{\"@type\":\"ListItem\",\"position\":2,\"name\":\"Qued\u00f3 inaugurada la actividad escolar en Patqu\u00eda\"}]},{\"@type\":\"WebSite\",\"@id\":\"https:\\\/\\\/laredlarioja.com.ar\\\/sitio\\\/#website\",\"url\":\"https:\\\/\\\/laredlarioja.com.ar\\\/sitio\\\/\",\"name\":\"LA RED 88.3 LA RIOJA\",\"description\":\"Sitio de Noticias\",\"publisher\":{\"@id\":\"https:\\\/\\\/laredlarioja.com.ar\\\/sitio\\\/#organization\"},\"potentialAction\":[{\"@type\":\"SearchAction\",\"target\":{\"@type\":\"EntryPoint\",\"urlTemplate\":\"https:\\\/\\\/laredlarioja.com.ar\\\/sitio\\\/?s={search_term_string}\"},\"query-input\":{\"@type\":\"PropertyValueSpecification\",\"valueRequired\":true,\"valueName\":\"search_term_string\"}}],\"inLanguage\":\"es\"},{\"@type\":\"Organization\",\"@id\":\"https:\\\/\\\/laredlarioja.com.ar\\\/sitio\\\/#organization\",\"name\":\"LA RED 88.3 LA RIOJA\",\"url\":\"https:\\\/\\\/laredlarioja.com.ar\\\/sitio\\\/\",\"logo\":{\"@type\":\"ImageObject\",\"inLanguage\":\"es\",\"@id\":\"https:\\\/\\\/laredlarioja.com.ar\\\/sitio\\\/#\\\/schema\\\/logo\\\/image\\\/\",\"url\":\"https:\\\/\\\/laredlarioja.com.ar\\\/sitio\\\/wp-content\\\/uploads\\\/2025\\\/05\\\/LOGO-LA-RED.png\",\"contentUrl\":\"https:\\\/\\\/laredlarioja.com.ar\\\/sitio\\\/wp-content\\\/uploads\\\/2025\\\/05\\\/LOGO-LA-RED.png\",\"width\":193,\"height\":340,\"caption\":\"LA RED 88.3 LA RIOJA\"},\"image\":{\"@id\":\"https:\\\/\\\/laredlarioja.com.ar\\\/sitio\\\/#\\\/schema\\\/logo\\\/image\\\/\"},\"sameAs\":[\"https:\\\/\\\/www.facebook.com\\\/lared.larioja\",\"https:\\\/\\\/x.com\\\/laredlarioja1\",\"https:\\\/\\\/www.instagram.com\\\/lared_larioja\\\/\"]},{\"@type\":\"Person\",\"@id\":\"https:\\\/\\\/laredlarioja.com.ar\\\/sitio\\\/#\\\/schema\\\/person\\\/31f88059d20c5cf06e974fd895aec56e\",\"name\":\"Anabella Soria\",\"url\":\"https:\\\/\\\/laredlarioja.com.ar\\\/sitio\\\/author\\\/asoria\\\/\"}]}<\/script>\n<!-- \/ Yoast SEO plugin. -->","yoast_head_json":{"title":"Qued\u00f3 inaugurada la actividad escolar en Patqu\u00eda - LA RED 88.3 LA RIOJA","robots":{"index":"index","follow":"follow","max-snippet":"max-snippet:-1","max-image-preview":"max-image-preview:large","max-video-preview":"max-video-preview:-1"},"canonical":"https:\/\/laredlarioja.com.ar\/sitio\/quedo-inaugurada-la-actividad-escolar-en-patquia\/","og_locale":"es_ES","og_type":"article","og_title":"Qued\u00f3 inaugurada la actividad escolar en Patqu\u00eda - LA RED 88.3 LA RIOJA","og_description":"El gobernador Ricardo Quintela volvi\u00f3 este lunes Patquia para constatar la reparaci\u00f3n de la escuela N\u00b020 en su","og_url":"https:\/\/laredlarioja.com.ar\/sitio\/quedo-inaugurada-la-actividad-escolar-en-patquia\/","og_site_name":"LA RED 88.3 LA RIOJA","article_publisher":"https:\/\/www.facebook.com\/lared.larioja","article_published_time":"2025-03-18T00:05:24+00:00","og_image":[{"width":1280,"height":853,"url":"https:\/\/laredlarioja.com.ar\/sitio\/wp-content\/uploads\/2025\/03\/patquia-1.jpg","type":"image\/jpeg"}],"author":"Anabella Soria","twitter_card":"summary_large_image","twitter_creator":"@laredlarioja1","twitter_site":"@laredlarioja1","twitter_misc":{"Escrito por":"Anabella Soria","Tiempo de lectura":"3 minutos"},"schema":{"@context":"https:\/\/schema.org","@graph":[{"@type":"Article","@id":"https:\/\/laredlarioja.com.ar\/sitio\/quedo-inaugurada-la-actividad-escolar-en-patquia\/#article","isPartOf":{"@id":"https:\/\/laredlarioja.com.ar\/sitio\/quedo-inaugurada-la-actividad-escolar-en-patquia\/"},"author":{"name":"Anabella Soria","@id":"https:\/\/laredlarioja.com.ar\/sitio\/#\/schema\/person\/31f88059d20c5cf06e974fd895aec56e"},"headline":"Qued\u00f3 inaugurada la actividad escolar en Patqu\u00eda","datePublished":"2025-03-18T00:05:24+00:00","mainEntityOfPage":{"@id":"https:\/\/laredlarioja.com.ar\/sitio\/quedo-inaugurada-la-actividad-escolar-en-patquia\/"},"wordCount":622,"publisher":{"@id":"https:\/\/laredlarioja.com.ar\/sitio\/#organization"},"image":{"@id":"https:\/\/laredlarioja.com.ar\/sitio\/quedo-inaugurada-la-actividad-escolar-en-patquia\/#primaryimage"},"thumbnailUrl":"https:\/\/laredlarioja.com.ar\/sitio\/wp-content\/uploads\/2025\/03\/patquia-1.jpg","articleSection":["Locales"],"inLanguage":"es"},{"@type":"WebPage","@id":"https:\/\/laredlarioja.com.ar\/sitio\/quedo-inaugurada-la-actividad-escolar-en-patquia\/","url":"https:\/\/laredlarioja.com.ar\/sitio\/quedo-inaugurada-la-actividad-escolar-en-patquia\/","name":"Qued\u00f3 inaugurada la actividad escolar en Patqu\u00eda - LA RED 88.3 LA RIOJA","isPartOf":{"@id":"https:\/\/laredlarioja.com.ar\/sitio\/#website"},"primaryImageOfPage":{"@id":"https:\/\/laredlarioja.com.ar\/sitio\/quedo-inaugurada-la-actividad-escolar-en-patquia\/#primaryimage"},"image":{"@id":"https:\/\/laredlarioja.com.ar\/sitio\/quedo-inaugurada-la-actividad-escolar-en-patquia\/#primaryimage"},"thumbnailUrl":"https:\/\/laredlarioja.com.ar\/sitio\/wp-content\/uploads\/2025\/03\/patquia-1.jpg","datePublished":"2025-03-18T00:05:24+00:00","breadcrumb":{"@id":"https:\/\/laredlarioja.com.ar\/sitio\/quedo-inaugurada-la-actividad-escolar-en-patquia\/#breadcrumb"},"inLanguage":"es","potentialAction":[{"@type":"ReadAction","target":["https:\/\/laredlarioja.com.ar\/sitio\/quedo-inaugurada-la-actividad-escolar-en-patquia\/"]}]},{"@type":"ImageObject","inLanguage":"es","@id":"https:\/\/laredlarioja.com.ar\/sitio\/quedo-inaugurada-la-actividad-escolar-en-patquia\/#primaryimage","url":"https:\/\/laredlarioja.com.ar\/sitio\/wp-content\/uploads\/2025\/03\/patquia-1.jpg","contentUrl":"https:\/\/laredlarioja.com.ar\/sitio\/wp-content\/uploads\/2025\/03\/patquia-1.jpg","width":1280,"height":853},{"@type":"BreadcrumbList","@id":"https:\/\/laredlarioja.com.ar\/sitio\/quedo-inaugurada-la-actividad-escolar-en-patquia\/#breadcrumb","itemListElement":[{"@type":"ListItem","position":1,"name":"Portada","item":"https:\/\/laredlarioja.com.ar\/sitio\/"},{"@type":"ListItem","position":2,"name":"Qued\u00f3 inaugurada la actividad escolar en Patqu\u00eda"}]},{"@type":"WebSite","@id":"https:\/\/laredlarioja.com.ar\/sitio\/#website","url":"https:\/\/laredlarioja.com.ar\/sitio\/","name":"LA RED 88.3 LA RIOJA","description":"Sitio de Noticias","publisher":{"@id":"https:\/\/laredlarioja.com.ar\/sitio\/#organization"},"potentialAction":[{"@type":"SearchAction","target":{"@type":"EntryPoint","urlTemplate":"https:\/\/laredlarioja.com.ar\/sitio\/?s={search_term_string}"},"query-input":{"@type":"PropertyValueSpecification","valueRequired":true,"valueName":"search_term_string"}}],"inLanguage":"es"},{"@type":"Organization","@id":"https:\/\/laredlarioja.com.ar\/sitio\/#organization","name":"LA RED 88.3 LA RIOJA","url":"https:\/\/laredlarioja.com.ar\/sitio\/","logo":{"@type":"ImageObject","inLanguage":"es","@id":"https:\/\/laredlarioja.com.ar\/sitio\/#\/schema\/logo\/image\/","url":"https:\/\/laredlarioja.com.ar\/sitio\/wp-content\/uploads\/2025\/05\/LOGO-LA-RED.png","contentUrl":"https:\/\/laredlarioja.com.ar\/sitio\/wp-content\/uploads\/2025\/05\/LOGO-LA-RED.png","width":193,"height":340,"caption":"LA RED 88.3 LA RIOJA"},"image":{"@id":"https:\/\/laredlarioja.com.ar\/sitio\/#\/schema\/logo\/image\/"},"sameAs":["https:\/\/www.facebook.com\/lared.larioja","https:\/\/x.com\/laredlarioja1","https:\/\/www.instagram.com\/lared_larioja\/"]},{"@type":"Person","@id":"https:\/\/laredlarioja.com.ar\/sitio\/#\/schema\/person\/31f88059d20c5cf06e974fd895aec56e","name":"Anabella Soria","url":"https:\/\/laredlarioja.com.ar\/sitio\/author\/asoria\/"}]}},"featured_image_urls":{"full":["https:\/\/laredlarioja.com.ar\/sitio\/wp-content\/uploads\/2025\/03\/patquia-1.jpg",1280,853,false],"thumbnail":["https:\/\/laredlarioja.com.ar\/sitio\/wp-content\/uploads\/2025\/03\/patquia-1-150x150.jpg",150,150,true],"medium":["https:\/\/laredlarioja.com.ar\/sitio\/wp-content\/uploads\/2025\/03\/patquia-1-300x200.jpg",300,200,true],"medium_large":["https:\/\/laredlarioja.com.ar\/sitio\/wp-content\/uploads\/2025\/03\/patquia-1-768x512.jpg",640,427,true],"large":["https:\/\/laredlarioja.com.ar\/sitio\/wp-content\/uploads\/2025\/03\/patquia-1-1024x682.jpg",640,426,true],"1536x1536":["https:\/\/laredlarioja.com.ar\/sitio\/wp-content\/uploads\/2025\/03\/patquia-1.jpg",1280,853,false],"2048x2048":["https:\/\/laredlarioja.com.ar\/sitio\/wp-content\/uploads\/2025\/03\/patquia-1.jpg",1280,853,false],"cvmm-medium":["https:\/\/laredlarioja.com.ar\/sitio\/wp-content\/uploads\/2025\/03\/patquia-1-300x300.jpg",300,300,true],"cvmm-medium-plus":["https:\/\/laredlarioja.com.ar\/sitio\/wp-content\/uploads\/2025\/03\/patquia-1-305x207.jpg",305,207,true],"cvmm-portrait":["https:\/\/laredlarioja.com.ar\/sitio\/wp-content\/uploads\/2025\/03\/patquia-1-400x600.jpg",400,600,true],"cvmm-medium-square":["https:\/\/laredlarioja.com.ar\/sitio\/wp-content\/uploads\/2025\/03\/patquia-1-600x600.jpg",600,600,true],"cvmm-large":["https:\/\/laredlarioja.com.ar\/sitio\/wp-content\/uploads\/2025\/03\/patquia-1-1024x853.jpg",1024,853,true],"cvmm-small":["https:\/\/laredlarioja.com.ar\/sitio\/wp-content\/uploads\/2025\/03\/patquia-1-130x95.jpg",130,95,true],"morenews-large":["https:\/\/laredlarioja.com.ar\/sitio\/wp-content\/uploads\/2025\/03\/patquia-1-825x575.jpg",825,575,true],"morenews-medium":["https:\/\/laredlarioja.com.ar\/sitio\/wp-content\/uploads\/2025\/03\/patquia-1-590x410.jpg",590,410,true]},"author_info":{"display_name":"Anabella Soria","author_link":"https:\/\/laredlarioja.com.ar\/sitio\/author\/asoria\/"},"category_info":"<a href=\"https:\/\/laredlarioja.com.ar\/sitio\/categorias\/locales\/\" rel=\"category tag\">Locales<\/a>","tag_info":"Locales","comment_count":"0","blog_post_layout_featured_media_urls":{"thumbnail":["https:\/\/laredlarioja.com.ar\/sitio\/wp-content\/uploads\/2025\/03\/patquia-1-150x150.jpg",150,150,true],"full":["https:\/\/laredlarioja.com.ar\/sitio\/wp-content\/uploads\/2025\/03\/patquia-1.jpg",1280,853,false]},"categories_names":{"94":{"name":"Locales","link":"https:\/\/laredlarioja.com.ar\/sitio\/categorias\/locales\/"}},"tags_names":[],"comments_number":"0","wpmagazine_modules_lite_featured_media_urls":{"thumbnail":["https:\/\/laredlarioja.com.ar\/sitio\/wp-content\/uploads\/2025\/03\/patquia-1-150x150.jpg",150,150,true],"cvmm-medium":["https:\/\/laredlarioja.com.ar\/sitio\/wp-content\/uploads\/2025\/03\/patquia-1-300x300.jpg",300,300,true],"cvmm-medium-plus":["https:\/\/laredlarioja.com.ar\/sitio\/wp-content\/uploads\/2025\/03\/patquia-1-305x207.jpg",305,207,true],"cvmm-portrait":["https:\/\/laredlarioja.com.ar\/sitio\/wp-content\/uploads\/2025\/03\/patquia-1-400x600.jpg",400,600,true],"cvmm-medium-square":["https:\/\/laredlarioja.com.ar\/sitio\/wp-content\/uploads\/2025\/03\/patquia-1-600x600.jpg",600,600,true],"cvmm-large":["https:\/\/laredlarioja.com.ar\/sitio\/wp-content\/uploads\/2025\/03\/patquia-1-1024x853.jpg",1024,853,true],"cvmm-small":["https:\/\/laredlarioja.com.ar\/sitio\/wp-content\/uploads\/2025\/03\/patquia-1-130x95.jpg",130,95,true],"full":["https:\/\/laredlarioja.com.ar\/sitio\/wp-content\/uploads\/2025\/03\/patquia-1.jpg",1280,853,false]},"_links":{"self":[{"href":"https:\/\/laredlarioja.com.ar\/sitio\/wp-json\/wp\/v2\/posts\/59250","targetHints":{"allow":["GET"]}}],"collection":[{"href":"https:\/\/laredlarioja.com.ar\/sitio\/wp-json\/wp\/v2\/posts"}],"about":[{"href":"https:\/\/laredlarioja.com.ar\/sitio\/wp-json\/wp\/v2\/types\/post"}],"author":[{"embeddable":true,"href":"https:\/\/laredlarioja.com.ar\/sitio\/wp-json\/wp\/v2\/users\/7"}],"replies":[{"embeddable":true,"href":"https:\/\/laredlarioja.com.ar\/sitio\/wp-json\/wp\/v2\/comments?post=59250"}],"version-history":[{"count":1,"href":"https:\/\/laredlarioja.com.ar\/sitio\/wp-json\/wp\/v2\/posts\/59250\/revisions"}],"predecessor-version":[{"id":59252,"href":"https:\/\/laredlarioja.com.ar\/sitio\/wp-json\/wp\/v2\/posts\/59250\/revisions\/59252"}],"wp:featuredmedia":[{"embeddable":true,"href":"https:\/\/laredlarioja.com.ar\/sitio\/wp-json\/wp\/v2\/media\/59251"}],"wp:attachment":[{"href":"https:\/\/laredlarioja.com.ar\/sitio\/wp-json\/wp\/v2\/media?parent=59250"}],"wp:term":[{"taxonomy":"category","embeddable":true,"href":"https:\/\/laredlarioja.com.ar\/sitio\/wp-json\/wp\/v2\/categories?post=59250"},{"taxonomy":"post_tag","embeddable":true,"href":"https:\/\/laredlarioja.com.ar\/sitio\/wp-json\/wp\/v2\/tags?post=59250"}],"curies":[{"name":"wp","href":"https:\/\/api.w.org\/{rel}","templated":true}]}}