{"id":59300,"date":"2025-03-18T22:28:04","date_gmt":"2025-03-18T22:28:04","guid":{"rendered":"https:\/\/laredlarioja.com.ar\/sitio\/?p=59300"},"modified":"2025-03-18T22:28:04","modified_gmt":"2025-03-18T22:28:04","slug":"putin-y-trump-acuerdan-suspender-ataques-en-ucrania-y-fomentar-el-dialogo-por-la-paz","status":"publish","type":"post","link":"https:\/\/laredlarioja.com.ar\/sitio\/putin-y-trump-acuerdan-suspender-ataques-en-ucrania-y-fomentar-el-dialogo-por-la-paz\/","title":{"rendered":"Putin y Trump acuerdan suspender ataques en Ucrania y fomentar el di\u00e1logo por la paz"},"content":{"rendered":"<p>En un significativo giro en las relaciones internacionales, el presidente ruso, Vlad\u00edmir Putin, y el mandatario estadounidense, Donald Trump, han acordado suspender los ataques contra la infraestructura energ\u00e9tica de Ucrania durante un per\u00edodo de 30 d\u00edas. Este acuerdo se enmarca en un contexto de creciente tensi\u00f3n y violencia en la regi\u00f3n, y busca abrir las puertas a negociaciones que podr\u00edan llevar a un alto el fuego duradero.<\/p>\n<p>Seg\u00fan un comunicado emitido por la Casa Blanca, ambos l\u00edderes sostuvieron una conversaci\u00f3n telef\u00f3nica que comenz\u00f3 a las 10:00 hora local estadounidense (14:00 GMT) y se extendi\u00f3 por m\u00e1s de 90 minutos. Durante esta llamada, se destac\u00f3 la importancia de concluir el conflicto con una paz duradera y mejorar las relaciones bilaterales entre Estados Unidos y Rusia. \u00abEl dinero y la sangre que Ucrania y Rusia han gastado en esta guerra se invertir\u00edan mejor en las necesidades de sus pueblos\u00bb, enfatiz\u00f3 el comunicado.<\/p>\n<p>Adem\u00e1s del acuerdo sobre los ataques, se anunci\u00f3 que comenzar\u00e1n \u00abde inmediato\u00bb negociaciones t\u00e9cnicas para establecer un alto el fuego mar\u00edtimo en el Mar Negro, lo que representa un paso crucial hacia la desescalada del conflicto. Esta iniciativa es vista como una oportunidad para avanzar hacia un cese total de hostilidades y construir un camino hacia la paz permanente.<\/p>\n<p>En otro desarrollo relacionado, se confirm\u00f3 que el mi\u00e9rcoles 19 de marzo tendr\u00e1 lugar un intercambio de prisioneros entre Rusia y Ucrania, donde cada pa\u00eds liberar\u00e1 a 175 prisioneros de guerra. El Kremlin tambi\u00e9n inform\u00f3 que como \u00abgesto de buena voluntad\u00bb, Rusia entregar\u00e1 a 23 militares ucranianos gravemente heridos que actualmente reciben tratamiento en hospitales rusos.<\/p>\n<p>La conversaci\u00f3n entre Putin y Trump tambi\u00e9n abord\u00f3 la situaci\u00f3n en Oriente Medio. Ambos l\u00edderes discutieron sobre la necesidad de prevenir conflictos en la regi\u00f3n y detener la proliferaci\u00f3n de armas estrat\u00e9gicas. En particular, coincidieron en que Ir\u00e1n nunca deber\u00eda estar en condiciones de amenazar a Israel.<\/p>\n<p>Desde Washington, se subray\u00f3 que una mejora en las relaciones bilaterales entre Estados Unidos y Rusia podr\u00eda ofrecer enormes ventajas econ\u00f3micas y estabilidad geopol\u00edtica, especialmente si se logra una paz efectiva en Ucrania. Trump hab\u00eda anticipado este di\u00e1logo durante el fin de semana mientras viajaba en el Air Force One, indicando que se hab\u00eda realizado \u00abmucho trabajo avanzado\u00bb en las negociaciones de paz con Ucrania.<\/p>\n<p>Este acuerdo representa no solo un posible alivio para Ucrania sino tambi\u00e9n una oportunidad para redefinir las din\u00e1micas del poder global. La comunidad internacional estar\u00e1 atenta a los pr\u00f3ximos pasos que tomen ambos l\u00edderes y al impacto que esto pueda tener en la estabilidad regional.<\/p>\n","protected":false},"excerpt":{"rendered":"<p>En un significativo giro en las relaciones internacionales, el presidente ruso, Vlad\u00edmir Putin, y el mandatario estadounidense, Donald<\/p>\n","protected":false},"author":13,"featured_media":59301,"comment_status":"closed","ping_status":"open","sticky":false,"template":"","format":"standard","meta":{"footnotes":""},"categories":[93],"tags":[84],"class_list":["post-59300","post","type-post","status-publish","format-standard","has-post-thumbnail","hentry","category-internacionales","tag-secundaria"],"yoast_head":"<!-- This site is optimized with the Yoast SEO plugin v27.4 - https:\/\/yoast.com\/product\/yoast-seo-wordpress\/ -->\n<title>Putin y Trump acuerdan suspender ataques en Ucrania y fomentar el di\u00e1logo por la paz - LA RED 88.3 LA RIOJA<\/title>\n<meta name=\"robots\" content=\"index, follow, max-snippet:-1, max-image-preview:large, max-video-preview:-1\" \/>\n<link rel=\"canonical\" href=\"https:\/\/laredlarioja.com.ar\/sitio\/putin-y-trump-acuerdan-suspender-ataques-en-ucrania-y-fomentar-el-dialogo-por-la-paz\/\" \/>\n<meta property=\"og:locale\" content=\"es_ES\" \/>\n<meta property=\"og:type\" content=\"article\" \/>\n<meta property=\"og:title\" content=\"Putin y Trump acuerdan suspender ataques en Ucrania y fomentar el di\u00e1logo por la paz - LA RED 88.3 LA RIOJA\" \/>\n<meta property=\"og:description\" content=\"En un significativo giro en las relaciones internacionales, el presidente ruso, Vlad\u00edmir Putin, y el mandatario estadounidense, Donald\" \/>\n<meta property=\"og:url\" content=\"https:\/\/laredlarioja.com.ar\/sitio\/putin-y-trump-acuerdan-suspender-ataques-en-ucrania-y-fomentar-el-dialogo-por-la-paz\/\" \/>\n<meta property=\"og:site_name\" content=\"LA RED 88.3 LA RIOJA\" \/>\n<meta property=\"article:publisher\" content=\"https:\/\/www.facebook.com\/lared.larioja\" \/>\n<meta property=\"article:published_time\" content=\"2025-03-18T22:28:04+00:00\" \/>\n<meta property=\"og:image\" content=\"https:\/\/laredlarioja.com.ar\/sitio\/wp-content\/uploads\/2025\/03\/720-12.webp\" \/>\n\t<meta property=\"og:image:width\" content=\"1280\" \/>\n\t<meta property=\"og:image:height\" content=\"671\" \/>\n\t<meta property=\"og:image:type\" content=\"image\/webp\" \/>\n<meta name=\"author\" content=\"Maria De La Vega\" \/>\n<meta name=\"twitter:card\" content=\"summary_large_image\" \/>\n<meta name=\"twitter:creator\" content=\"@laredlarioja1\" \/>\n<meta name=\"twitter:site\" content=\"@laredlarioja1\" \/>\n<meta name=\"twitter:label1\" content=\"Escrito por\" \/>\n\t<meta name=\"twitter:data1\" content=\"Maria De La Vega\" \/>\n\t<meta name=\"twitter:label2\" content=\"Tiempo de lectura\" \/>\n\t<meta name=\"twitter:data2\" content=\"3 minutos\" \/>\n<script type=\"application\/ld+json\" class=\"yoast-schema-graph\">{\"@context\":\"https:\\\/\\\/schema.org\",\"@graph\":[{\"@type\":\"Article\",\"@id\":\"https:\\\/\\\/laredlarioja.com.ar\\\/sitio\\\/putin-y-trump-acuerdan-suspender-ataques-en-ucrania-y-fomentar-el-dialogo-por-la-paz\\\/#article\",\"isPartOf\":{\"@id\":\"https:\\\/\\\/laredlarioja.com.ar\\\/sitio\\\/putin-y-trump-acuerdan-suspender-ataques-en-ucrania-y-fomentar-el-dialogo-por-la-paz\\\/\"},\"author\":{\"name\":\"Maria De La Vega\",\"@id\":\"https:\\\/\\\/laredlarioja.com.ar\\\/sitio\\\/#\\\/schema\\\/person\\\/8b98ebe852851a8bdc8acd6ec6918de9\"},\"headline\":\"Putin y Trump acuerdan suspender ataques en Ucrania y fomentar el di\u00e1logo por la paz\",\"datePublished\":\"2025-03-18T22:28:04+00:00\",\"mainEntityOfPage\":{\"@id\":\"https:\\\/\\\/laredlarioja.com.ar\\\/sitio\\\/putin-y-trump-acuerdan-suspender-ataques-en-ucrania-y-fomentar-el-dialogo-por-la-paz\\\/\"},\"wordCount\":470,\"publisher\":{\"@id\":\"https:\\\/\\\/laredlarioja.com.ar\\\/sitio\\\/#organization\"},\"image\":{\"@id\":\"https:\\\/\\\/laredlarioja.com.ar\\\/sitio\\\/putin-y-trump-acuerdan-suspender-ataques-en-ucrania-y-fomentar-el-dialogo-por-la-paz\\\/#primaryimage\"},\"thumbnailUrl\":\"https:\\\/\\\/laredlarioja.com.ar\\\/sitio\\\/wp-content\\\/uploads\\\/2025\\\/03\\\/720-12.webp\",\"keywords\":[\"Secundaria\"],\"articleSection\":[\"Internacionales\"],\"inLanguage\":\"es\"},{\"@type\":\"WebPage\",\"@id\":\"https:\\\/\\\/laredlarioja.com.ar\\\/sitio\\\/putin-y-trump-acuerdan-suspender-ataques-en-ucrania-y-fomentar-el-dialogo-por-la-paz\\\/\",\"url\":\"https:\\\/\\\/laredlarioja.com.ar\\\/sitio\\\/putin-y-trump-acuerdan-suspender-ataques-en-ucrania-y-fomentar-el-dialogo-por-la-paz\\\/\",\"name\":\"Putin y Trump acuerdan suspender ataques en Ucrania y fomentar el di\u00e1logo por la paz - LA RED 88.3 LA RIOJA\",\"isPartOf\":{\"@id\":\"https:\\\/\\\/laredlarioja.com.ar\\\/sitio\\\/#website\"},\"primaryImageOfPage\":{\"@id\":\"https:\\\/\\\/laredlarioja.com.ar\\\/sitio\\\/putin-y-trump-acuerdan-suspender-ataques-en-ucrania-y-fomentar-el-dialogo-por-la-paz\\\/#primaryimage\"},\"image\":{\"@id\":\"https:\\\/\\\/laredlarioja.com.ar\\\/sitio\\\/putin-y-trump-acuerdan-suspender-ataques-en-ucrania-y-fomentar-el-dialogo-por-la-paz\\\/#primaryimage\"},\"thumbnailUrl\":\"https:\\\/\\\/laredlarioja.com.ar\\\/sitio\\\/wp-content\\\/uploads\\\/2025\\\/03\\\/720-12.webp\",\"datePublished\":\"2025-03-18T22:28:04+00:00\",\"breadcrumb\":{\"@id\":\"https:\\\/\\\/laredlarioja.com.ar\\\/sitio\\\/putin-y-trump-acuerdan-suspender-ataques-en-ucrania-y-fomentar-el-dialogo-por-la-paz\\\/#breadcrumb\"},\"inLanguage\":\"es\",\"potentialAction\":[{\"@type\":\"ReadAction\",\"target\":[\"https:\\\/\\\/laredlarioja.com.ar\\\/sitio\\\/putin-y-trump-acuerdan-suspender-ataques-en-ucrania-y-fomentar-el-dialogo-por-la-paz\\\/\"]}]},{\"@type\":\"ImageObject\",\"inLanguage\":\"es\",\"@id\":\"https:\\\/\\\/laredlarioja.com.ar\\\/sitio\\\/putin-y-trump-acuerdan-suspender-ataques-en-ucrania-y-fomentar-el-dialogo-por-la-paz\\\/#primaryimage\",\"url\":\"https:\\\/\\\/laredlarioja.com.ar\\\/sitio\\\/wp-content\\\/uploads\\\/2025\\\/03\\\/720-12.webp\",\"contentUrl\":\"https:\\\/\\\/laredlarioja.com.ar\\\/sitio\\\/wp-content\\\/uploads\\\/2025\\\/03\\\/720-12.webp\",\"width\":1280,\"height\":671},{\"@type\":\"BreadcrumbList\",\"@id\":\"https:\\\/\\\/laredlarioja.com.ar\\\/sitio\\\/putin-y-trump-acuerdan-suspender-ataques-en-ucrania-y-fomentar-el-dialogo-por-la-paz\\\/#breadcrumb\",\"itemListElement\":[{\"@type\":\"ListItem\",\"position\":1,\"name\":\"Portada\",\"item\":\"https:\\\/\\\/laredlarioja.com.ar\\\/sitio\\\/\"},{\"@type\":\"ListItem\",\"position\":2,\"name\":\"Putin y Trump acuerdan suspender ataques en Ucrania y fomentar el di\u00e1logo por la paz\"}]},{\"@type\":\"WebSite\",\"@id\":\"https:\\\/\\\/laredlarioja.com.ar\\\/sitio\\\/#website\",\"url\":\"https:\\\/\\\/laredlarioja.com.ar\\\/sitio\\\/\",\"name\":\"LA RED 88.3 LA RIOJA\",\"description\":\"Sitio de Noticias\",\"publisher\":{\"@id\":\"https:\\\/\\\/laredlarioja.com.ar\\\/sitio\\\/#organization\"},\"potentialAction\":[{\"@type\":\"SearchAction\",\"target\":{\"@type\":\"EntryPoint\",\"urlTemplate\":\"https:\\\/\\\/laredlarioja.com.ar\\\/sitio\\\/?s={search_term_string}\"},\"query-input\":{\"@type\":\"PropertyValueSpecification\",\"valueRequired\":true,\"valueName\":\"search_term_string\"}}],\"inLanguage\":\"es\"},{\"@type\":\"Organization\",\"@id\":\"https:\\\/\\\/laredlarioja.com.ar\\\/sitio\\\/#organization\",\"name\":\"LA RED 88.3 LA RIOJA\",\"url\":\"https:\\\/\\\/laredlarioja.com.ar\\\/sitio\\\/\",\"logo\":{\"@type\":\"ImageObject\",\"inLanguage\":\"es\",\"@id\":\"https:\\\/\\\/laredlarioja.com.ar\\\/sitio\\\/#\\\/schema\\\/logo\\\/image\\\/\",\"url\":\"https:\\\/\\\/laredlarioja.com.ar\\\/sitio\\\/wp-content\\\/uploads\\\/2025\\\/05\\\/LOGO-LA-RED.png\",\"contentUrl\":\"https:\\\/\\\/laredlarioja.com.ar\\\/sitio\\\/wp-content\\\/uploads\\\/2025\\\/05\\\/LOGO-LA-RED.png\",\"width\":193,\"height\":340,\"caption\":\"LA RED 88.3 LA RIOJA\"},\"image\":{\"@id\":\"https:\\\/\\\/laredlarioja.com.ar\\\/sitio\\\/#\\\/schema\\\/logo\\\/image\\\/\"},\"sameAs\":[\"https:\\\/\\\/www.facebook.com\\\/lared.larioja\",\"https:\\\/\\\/x.com\\\/laredlarioja1\",\"https:\\\/\\\/www.instagram.com\\\/lared_larioja\\\/\"]},{\"@type\":\"Person\",\"@id\":\"https:\\\/\\\/laredlarioja.com.ar\\\/sitio\\\/#\\\/schema\\\/person\\\/8b98ebe852851a8bdc8acd6ec6918de9\",\"name\":\"Maria De La Vega\",\"sameAs\":[\"http:\\\/\\\/laredlarioja.com.ar\"],\"url\":\"https:\\\/\\\/laredlarioja.com.ar\\\/sitio\\\/author\\\/maru\\\/\"}]}<\/script>\n<!-- \/ Yoast SEO plugin. -->","yoast_head_json":{"title":"Putin y Trump acuerdan suspender ataques en Ucrania y fomentar el di\u00e1logo por la paz - LA RED 88.3 LA RIOJA","robots":{"index":"index","follow":"follow","max-snippet":"max-snippet:-1","max-image-preview":"max-image-preview:large","max-video-preview":"max-video-preview:-1"},"canonical":"https:\/\/laredlarioja.com.ar\/sitio\/putin-y-trump-acuerdan-suspender-ataques-en-ucrania-y-fomentar-el-dialogo-por-la-paz\/","og_locale":"es_ES","og_type":"article","og_title":"Putin y Trump acuerdan suspender ataques en Ucrania y fomentar el di\u00e1logo por la paz - LA RED 88.3 LA RIOJA","og_description":"En un significativo giro en las relaciones internacionales, el presidente ruso, Vlad\u00edmir Putin, y el mandatario estadounidense, Donald","og_url":"https:\/\/laredlarioja.com.ar\/sitio\/putin-y-trump-acuerdan-suspender-ataques-en-ucrania-y-fomentar-el-dialogo-por-la-paz\/","og_site_name":"LA RED 88.3 LA RIOJA","article_publisher":"https:\/\/www.facebook.com\/lared.larioja","article_published_time":"2025-03-18T22:28:04+00:00","og_image":[{"width":1280,"height":671,"url":"https:\/\/laredlarioja.com.ar\/sitio\/wp-content\/uploads\/2025\/03\/720-12.webp","type":"image\/webp"}],"author":"Maria De La Vega","twitter_card":"summary_large_image","twitter_creator":"@laredlarioja1","twitter_site":"@laredlarioja1","twitter_misc":{"Escrito por":"Maria De La Vega","Tiempo de lectura":"3 minutos"},"schema":{"@context":"https:\/\/schema.org","@graph":[{"@type":"Article","@id":"https:\/\/laredlarioja.com.ar\/sitio\/putin-y-trump-acuerdan-suspender-ataques-en-ucrania-y-fomentar-el-dialogo-por-la-paz\/#article","isPartOf":{"@id":"https:\/\/laredlarioja.com.ar\/sitio\/putin-y-trump-acuerdan-suspender-ataques-en-ucrania-y-fomentar-el-dialogo-por-la-paz\/"},"author":{"name":"Maria De La Vega","@id":"https:\/\/laredlarioja.com.ar\/sitio\/#\/schema\/person\/8b98ebe852851a8bdc8acd6ec6918de9"},"headline":"Putin y Trump acuerdan suspender ataques en Ucrania y fomentar el di\u00e1logo por la paz","datePublished":"2025-03-18T22:28:04+00:00","mainEntityOfPage":{"@id":"https:\/\/laredlarioja.com.ar\/sitio\/putin-y-trump-acuerdan-suspender-ataques-en-ucrania-y-fomentar-el-dialogo-por-la-paz\/"},"wordCount":470,"publisher":{"@id":"https:\/\/laredlarioja.com.ar\/sitio\/#organization"},"image":{"@id":"https:\/\/laredlarioja.com.ar\/sitio\/putin-y-trump-acuerdan-suspender-ataques-en-ucrania-y-fomentar-el-dialogo-por-la-paz\/#primaryimage"},"thumbnailUrl":"https:\/\/laredlarioja.com.ar\/sitio\/wp-content\/uploads\/2025\/03\/720-12.webp","keywords":["Secundaria"],"articleSection":["Internacionales"],"inLanguage":"es"},{"@type":"WebPage","@id":"https:\/\/laredlarioja.com.ar\/sitio\/putin-y-trump-acuerdan-suspender-ataques-en-ucrania-y-fomentar-el-dialogo-por-la-paz\/","url":"https:\/\/laredlarioja.com.ar\/sitio\/putin-y-trump-acuerdan-suspender-ataques-en-ucrania-y-fomentar-el-dialogo-por-la-paz\/","name":"Putin y Trump acuerdan suspender ataques en Ucrania y fomentar el di\u00e1logo por la paz - LA RED 88.3 LA RIOJA","isPartOf":{"@id":"https:\/\/laredlarioja.com.ar\/sitio\/#website"},"primaryImageOfPage":{"@id":"https:\/\/laredlarioja.com.ar\/sitio\/putin-y-trump-acuerdan-suspender-ataques-en-ucrania-y-fomentar-el-dialogo-por-la-paz\/#primaryimage"},"image":{"@id":"https:\/\/laredlarioja.com.ar\/sitio\/putin-y-trump-acuerdan-suspender-ataques-en-ucrania-y-fomentar-el-dialogo-por-la-paz\/#primaryimage"},"thumbnailUrl":"https:\/\/laredlarioja.com.ar\/sitio\/wp-content\/uploads\/2025\/03\/720-12.webp","datePublished":"2025-03-18T22:28:04+00:00","breadcrumb":{"@id":"https:\/\/laredlarioja.com.ar\/sitio\/putin-y-trump-acuerdan-suspender-ataques-en-ucrania-y-fomentar-el-dialogo-por-la-paz\/#breadcrumb"},"inLanguage":"es","potentialAction":[{"@type":"ReadAction","target":["https:\/\/laredlarioja.com.ar\/sitio\/putin-y-trump-acuerdan-suspender-ataques-en-ucrania-y-fomentar-el-dialogo-por-la-paz\/"]}]},{"@type":"ImageObject","inLanguage":"es","@id":"https:\/\/laredlarioja.com.ar\/sitio\/putin-y-trump-acuerdan-suspender-ataques-en-ucrania-y-fomentar-el-dialogo-por-la-paz\/#primaryimage","url":"https:\/\/laredlarioja.com.ar\/sitio\/wp-content\/uploads\/2025\/03\/720-12.webp","contentUrl":"https:\/\/laredlarioja.com.ar\/sitio\/wp-content\/uploads\/2025\/03\/720-12.webp","width":1280,"height":671},{"@type":"BreadcrumbList","@id":"https:\/\/laredlarioja.com.ar\/sitio\/putin-y-trump-acuerdan-suspender-ataques-en-ucrania-y-fomentar-el-dialogo-por-la-paz\/#breadcrumb","itemListElement":[{"@type":"ListItem","position":1,"name":"Portada","item":"https:\/\/laredlarioja.com.ar\/sitio\/"},{"@type":"ListItem","position":2,"name":"Putin y Trump acuerdan suspender ataques en Ucrania y fomentar el di\u00e1logo por la paz"}]},{"@type":"WebSite","@id":"https:\/\/laredlarioja.com.ar\/sitio\/#website","url":"https:\/\/laredlarioja.com.ar\/sitio\/","name":"LA RED 88.3 LA RIOJA","description":"Sitio de Noticias","publisher":{"@id":"https:\/\/laredlarioja.com.ar\/sitio\/#organization"},"potentialAction":[{"@type":"SearchAction","target":{"@type":"EntryPoint","urlTemplate":"https:\/\/laredlarioja.com.ar\/sitio\/?s={search_term_string}"},"query-input":{"@type":"PropertyValueSpecification","valueRequired":true,"valueName":"search_term_string"}}],"inLanguage":"es"},{"@type":"Organization","@id":"https:\/\/laredlarioja.com.ar\/sitio\/#organization","name":"LA RED 88.3 LA RIOJA","url":"https:\/\/laredlarioja.com.ar\/sitio\/","logo":{"@type":"ImageObject","inLanguage":"es","@id":"https:\/\/laredlarioja.com.ar\/sitio\/#\/schema\/logo\/image\/","url":"https:\/\/laredlarioja.com.ar\/sitio\/wp-content\/uploads\/2025\/05\/LOGO-LA-RED.png","contentUrl":"https:\/\/laredlarioja.com.ar\/sitio\/wp-content\/uploads\/2025\/05\/LOGO-LA-RED.png","width":193,"height":340,"caption":"LA RED 88.3 LA RIOJA"},"image":{"@id":"https:\/\/laredlarioja.com.ar\/sitio\/#\/schema\/logo\/image\/"},"sameAs":["https:\/\/www.facebook.com\/lared.larioja","https:\/\/x.com\/laredlarioja1","https:\/\/www.instagram.com\/lared_larioja\/"]},{"@type":"Person","@id":"https:\/\/laredlarioja.com.ar\/sitio\/#\/schema\/person\/8b98ebe852851a8bdc8acd6ec6918de9","name":"Maria De La Vega","sameAs":["http:\/\/laredlarioja.com.ar"],"url":"https:\/\/laredlarioja.com.ar\/sitio\/author\/maru\/"}]}},"featured_image_urls":{"full":["https:\/\/laredlarioja.com.ar\/sitio\/wp-content\/uploads\/2025\/03\/720-12.webp",1280,671,false],"thumbnail":["https:\/\/laredlarioja.com.ar\/sitio\/wp-content\/uploads\/2025\/03\/720-12-150x150.webp",150,150,true],"medium":["https:\/\/laredlarioja.com.ar\/sitio\/wp-content\/uploads\/2025\/03\/720-12-300x157.webp",300,157,true],"medium_large":["https:\/\/laredlarioja.com.ar\/sitio\/wp-content\/uploads\/2025\/03\/720-12-768x403.webp",640,336,true],"large":["https:\/\/laredlarioja.com.ar\/sitio\/wp-content\/uploads\/2025\/03\/720-12-1024x537.webp",640,336,true],"1536x1536":["https:\/\/laredlarioja.com.ar\/sitio\/wp-content\/uploads\/2025\/03\/720-12.webp",1280,671,false],"2048x2048":["https:\/\/laredlarioja.com.ar\/sitio\/wp-content\/uploads\/2025\/03\/720-12.webp",1280,671,false],"cvmm-medium":["https:\/\/laredlarioja.com.ar\/sitio\/wp-content\/uploads\/2025\/03\/720-12-300x300.webp",300,300,true],"cvmm-medium-plus":["https:\/\/laredlarioja.com.ar\/sitio\/wp-content\/uploads\/2025\/03\/720-12-305x207.webp",305,207,true],"cvmm-portrait":["https:\/\/laredlarioja.com.ar\/sitio\/wp-content\/uploads\/2025\/03\/720-12-400x600.webp",400,600,true],"cvmm-medium-square":["https:\/\/laredlarioja.com.ar\/sitio\/wp-content\/uploads\/2025\/03\/720-12-600x600.webp",600,600,true],"cvmm-large":["https:\/\/laredlarioja.com.ar\/sitio\/wp-content\/uploads\/2025\/03\/720-12-1024x671.webp",1024,671,true],"cvmm-small":["https:\/\/laredlarioja.com.ar\/sitio\/wp-content\/uploads\/2025\/03\/720-12-130x95.webp",130,95,true],"morenews-large":["https:\/\/laredlarioja.com.ar\/sitio\/wp-content\/uploads\/2025\/03\/720-12-825x575.webp",825,575,true],"morenews-medium":["https:\/\/laredlarioja.com.ar\/sitio\/wp-content\/uploads\/2025\/03\/720-12-590x410.webp",590,410,true]},"author_info":{"display_name":"Maria De La Vega","author_link":"https:\/\/laredlarioja.com.ar\/sitio\/author\/maru\/"},"category_info":"<a href=\"https:\/\/laredlarioja.com.ar\/sitio\/categorias\/internacionales\/\" rel=\"category tag\">Internacionales<\/a>","tag_info":"Internacionales","comment_count":"0","blog_post_layout_featured_media_urls":{"thumbnail":["https:\/\/laredlarioja.com.ar\/sitio\/wp-content\/uploads\/2025\/03\/720-12-150x150.webp",150,150,true],"full":["https:\/\/laredlarioja.com.ar\/sitio\/wp-content\/uploads\/2025\/03\/720-12.webp",1280,671,false]},"categories_names":{"93":{"name":"Internacionales","link":"https:\/\/laredlarioja.com.ar\/sitio\/categorias\/internacionales\/"}},"tags_names":{"84":{"name":"Secundaria","link":"https:\/\/laredlarioja.com.ar\/sitio\/etiquetas\/secundaria\/"}},"comments_number":"0","wpmagazine_modules_lite_featured_media_urls":{"thumbnail":["https:\/\/laredlarioja.com.ar\/sitio\/wp-content\/uploads\/2025\/03\/720-12-150x150.webp",150,150,true],"cvmm-medium":["https:\/\/laredlarioja.com.ar\/sitio\/wp-content\/uploads\/2025\/03\/720-12-300x300.webp",300,300,true],"cvmm-medium-plus":["https:\/\/laredlarioja.com.ar\/sitio\/wp-content\/uploads\/2025\/03\/720-12-305x207.webp",305,207,true],"cvmm-portrait":["https:\/\/laredlarioja.com.ar\/sitio\/wp-content\/uploads\/2025\/03\/720-12-400x600.webp",400,600,true],"cvmm-medium-square":["https:\/\/laredlarioja.com.ar\/sitio\/wp-content\/uploads\/2025\/03\/720-12-600x600.webp",600,600,true],"cvmm-large":["https:\/\/laredlarioja.com.ar\/sitio\/wp-content\/uploads\/2025\/03\/720-12-1024x671.webp",1024,671,true],"cvmm-small":["https:\/\/laredlarioja.com.ar\/sitio\/wp-content\/uploads\/2025\/03\/720-12-130x95.webp",130,95,true],"full":["https:\/\/laredlarioja.com.ar\/sitio\/wp-content\/uploads\/2025\/03\/720-12.webp",1280,671,false]},"_links":{"self":[{"href":"https:\/\/laredlarioja.com.ar\/sitio\/wp-json\/wp\/v2\/posts\/59300","targetHints":{"allow":["GET"]}}],"collection":[{"href":"https:\/\/laredlarioja.com.ar\/sitio\/wp-json\/wp\/v2\/posts"}],"about":[{"href":"https:\/\/laredlarioja.com.ar\/sitio\/wp-json\/wp\/v2\/types\/post"}],"author":[{"embeddable":true,"href":"https:\/\/laredlarioja.com.ar\/sitio\/wp-json\/wp\/v2\/users\/13"}],"replies":[{"embeddable":true,"href":"https:\/\/laredlarioja.com.ar\/sitio\/wp-json\/wp\/v2\/comments?post=59300"}],"version-history":[{"count":1,"href":"https:\/\/laredlarioja.com.ar\/sitio\/wp-json\/wp\/v2\/posts\/59300\/revisions"}],"predecessor-version":[{"id":59302,"href":"https:\/\/laredlarioja.com.ar\/sitio\/wp-json\/wp\/v2\/posts\/59300\/revisions\/59302"}],"wp:featuredmedia":[{"embeddable":true,"href":"https:\/\/laredlarioja.com.ar\/sitio\/wp-json\/wp\/v2\/media\/59301"}],"wp:attachment":[{"href":"https:\/\/laredlarioja.com.ar\/sitio\/wp-json\/wp\/v2\/media?parent=59300"}],"wp:term":[{"taxonomy":"category","embeddable":true,"href":"https:\/\/laredlarioja.com.ar\/sitio\/wp-json\/wp\/v2\/categories?post=59300"},{"taxonomy":"post_tag","embeddable":true,"href":"https:\/\/laredlarioja.com.ar\/sitio\/wp-json\/wp\/v2\/tags?post=59300"}],"curies":[{"name":"wp","href":"https:\/\/api.w.org\/{rel}","templated":true}]}}