{"id":60450,"date":"2025-04-14T22:39:19","date_gmt":"2025-04-14T22:39:19","guid":{"rendered":"https:\/\/laredlarioja.com.ar\/sitio\/?p=60450"},"modified":"2025-04-14T22:39:19","modified_gmt":"2025-04-14T22:39:19","slug":"la-camara-federal-de-casacion-confirmo-el-procesamiento-de-matias-duarte-arredondo-por-espionaje-ilegal","status":"publish","type":"post","link":"https:\/\/laredlarioja.com.ar\/sitio\/la-camara-federal-de-casacion-confirmo-el-procesamiento-de-matias-duarte-arredondo-por-espionaje-ilegal\/","title":{"rendered":"La C\u00e1mara Federal de Casaci\u00f3n confirm\u00f3 el procesamiento de Mat\u00edas Duarte Arredondo por espionaje ilegal"},"content":{"rendered":"<p>La C\u00e1mara Federal de Casaci\u00f3n Penal ha rechazado un recurso presentado por la defensa del subprefecto Mat\u00edas Horacio Duarte Arredondo, ex jefe de la Delegaci\u00f3n de Inteligencia Criminal de la Prefectura Naval Argentina, confirmando as\u00ed su procesamiento por realizar tareas de espionaje ilegal sobre jueces y fiscales durante la gesti\u00f3n del expresidente Mauricio Macri.<\/p>\n<p>La decisi\u00f3n fue tomada por la Sala II del m\u00e1ximo tribunal penal, compuesta por los jueces Alejandro Slokar, Guillermo J. Yacobucci y \u00c1ngela E. Ledesma, quienes declararon \u201cinadmisible\u201d el recurso interpuesto por la defensa oficial del funcionario. A pesar de su situaci\u00f3n legal, Duarte Arredondo sigue en actividad dentro de la fuerza de seguridad.<\/p>\n<p>Las acusaciones en contra de Duarte Arredondo son graves y se centran en su acceso no autorizado a la base de datos de la Direcci\u00f3n Nacional de Migraciones. Se le imputa haber utilizado su usuario oficial para obtener informaci\u00f3n sobre los movimientos migratorios de integrantes del Poder Judicial, lo que plantea serias preocupaciones sobre el abuso de poder y la violaci\u00f3n de los deberes que le corresponden como funcionario p\u00fablico.<\/p>\n<p>El procesamiento inicial fue dictado por el Juzgado Federal de Mar del Plata y posteriormente confirmado por la C\u00e1mara Federal de ese distrito. Los delitos que enfrenta incluyen abuso de autoridad y violaci\u00f3n de deberes como funcionario p\u00fablico, lo que podr\u00eda acarrear severas consecuencias legales para Duarte Arredondo.<\/p>\n<p>&nbsp;<\/p>\n","protected":false},"excerpt":{"rendered":"<p>La C\u00e1mara Federal de Casaci\u00f3n Penal ha rechazado un recurso presentado por la defensa del subprefecto Mat\u00edas Horacio<\/p>\n","protected":false},"author":13,"featured_media":60451,"comment_status":"closed","ping_status":"open","sticky":false,"template":"","format":"standard","meta":{"footnotes":""},"categories":[130],"tags":[84],"class_list":["post-60450","post","type-post","status-publish","format-standard","has-post-thumbnail","hentry","category-pais","tag-secundaria"],"yoast_head":"<!-- This site is optimized with the Yoast SEO plugin v27.4 - https:\/\/yoast.com\/product\/yoast-seo-wordpress\/ -->\n<title>La C\u00e1mara Federal de Casaci\u00f3n confirm\u00f3 el procesamiento de Mat\u00edas Duarte Arredondo por espionaje ilegal - LA RED 88.3 LA RIOJA<\/title>\n<meta name=\"robots\" content=\"index, follow, max-snippet:-1, max-image-preview:large, max-video-preview:-1\" \/>\n<link rel=\"canonical\" href=\"https:\/\/laredlarioja.com.ar\/sitio\/la-camara-federal-de-casacion-confirmo-el-procesamiento-de-matias-duarte-arredondo-por-espionaje-ilegal\/\" \/>\n<meta property=\"og:locale\" content=\"es_ES\" \/>\n<meta property=\"og:type\" content=\"article\" \/>\n<meta property=\"og:title\" content=\"La C\u00e1mara Federal de Casaci\u00f3n confirm\u00f3 el procesamiento de Mat\u00edas Duarte Arredondo por espionaje ilegal - LA RED 88.3 LA RIOJA\" \/>\n<meta property=\"og:description\" content=\"La C\u00e1mara Federal de Casaci\u00f3n Penal ha rechazado un recurso presentado por la defensa del subprefecto Mat\u00edas Horacio\" \/>\n<meta property=\"og:url\" content=\"https:\/\/laredlarioja.com.ar\/sitio\/la-camara-federal-de-casacion-confirmo-el-procesamiento-de-matias-duarte-arredondo-por-espionaje-ilegal\/\" \/>\n<meta property=\"og:site_name\" content=\"LA RED 88.3 LA RIOJA\" \/>\n<meta property=\"article:publisher\" content=\"https:\/\/www.facebook.com\/lared.larioja\" \/>\n<meta property=\"article:published_time\" content=\"2025-04-14T22:39:19+00:00\" \/>\n<meta property=\"og:image\" content=\"https:\/\/laredlarioja.com.ar\/sitio\/wp-content\/uploads\/2025\/04\/image1170x530cropped.jpg\" \/>\n\t<meta property=\"og:image:width\" content=\"1170\" \/>\n\t<meta property=\"og:image:height\" content=\"530\" \/>\n\t<meta property=\"og:image:type\" content=\"image\/jpeg\" \/>\n<meta name=\"author\" content=\"Maria De La Vega\" \/>\n<meta name=\"twitter:card\" content=\"summary_large_image\" \/>\n<meta name=\"twitter:creator\" content=\"@laredlarioja1\" \/>\n<meta name=\"twitter:site\" content=\"@laredlarioja1\" \/>\n<meta name=\"twitter:label1\" content=\"Escrito por\" \/>\n\t<meta name=\"twitter:data1\" content=\"Maria De La Vega\" \/>\n\t<meta name=\"twitter:label2\" content=\"Tiempo de lectura\" \/>\n\t<meta name=\"twitter:data2\" content=\"2 minutos\" \/>\n<script type=\"application\/ld+json\" class=\"yoast-schema-graph\">{\"@context\":\"https:\\\/\\\/schema.org\",\"@graph\":[{\"@type\":\"Article\",\"@id\":\"https:\\\/\\\/laredlarioja.com.ar\\\/sitio\\\/la-camara-federal-de-casacion-confirmo-el-procesamiento-de-matias-duarte-arredondo-por-espionaje-ilegal\\\/#article\",\"isPartOf\":{\"@id\":\"https:\\\/\\\/laredlarioja.com.ar\\\/sitio\\\/la-camara-federal-de-casacion-confirmo-el-procesamiento-de-matias-duarte-arredondo-por-espionaje-ilegal\\\/\"},\"author\":{\"name\":\"Maria De La Vega\",\"@id\":\"https:\\\/\\\/laredlarioja.com.ar\\\/sitio\\\/#\\\/schema\\\/person\\\/8b98ebe852851a8bdc8acd6ec6918de9\"},\"headline\":\"La C\u00e1mara Federal de Casaci\u00f3n confirm\u00f3 el procesamiento de Mat\u00edas Duarte Arredondo por espionaje ilegal\",\"datePublished\":\"2025-04-14T22:39:19+00:00\",\"mainEntityOfPage\":{\"@id\":\"https:\\\/\\\/laredlarioja.com.ar\\\/sitio\\\/la-camara-federal-de-casacion-confirmo-el-procesamiento-de-matias-duarte-arredondo-por-espionaje-ilegal\\\/\"},\"wordCount\":261,\"publisher\":{\"@id\":\"https:\\\/\\\/laredlarioja.com.ar\\\/sitio\\\/#organization\"},\"image\":{\"@id\":\"https:\\\/\\\/laredlarioja.com.ar\\\/sitio\\\/la-camara-federal-de-casacion-confirmo-el-procesamiento-de-matias-duarte-arredondo-por-espionaje-ilegal\\\/#primaryimage\"},\"thumbnailUrl\":\"https:\\\/\\\/laredlarioja.com.ar\\\/sitio\\\/wp-content\\\/uploads\\\/2025\\\/04\\\/image1170x530cropped.jpg\",\"keywords\":[\"Secundaria\"],\"articleSection\":[\"El pa\u00eds\"],\"inLanguage\":\"es\"},{\"@type\":\"WebPage\",\"@id\":\"https:\\\/\\\/laredlarioja.com.ar\\\/sitio\\\/la-camara-federal-de-casacion-confirmo-el-procesamiento-de-matias-duarte-arredondo-por-espionaje-ilegal\\\/\",\"url\":\"https:\\\/\\\/laredlarioja.com.ar\\\/sitio\\\/la-camara-federal-de-casacion-confirmo-el-procesamiento-de-matias-duarte-arredondo-por-espionaje-ilegal\\\/\",\"name\":\"La C\u00e1mara Federal de Casaci\u00f3n confirm\u00f3 el procesamiento de Mat\u00edas Duarte Arredondo por espionaje ilegal - LA RED 88.3 LA RIOJA\",\"isPartOf\":{\"@id\":\"https:\\\/\\\/laredlarioja.com.ar\\\/sitio\\\/#website\"},\"primaryImageOfPage\":{\"@id\":\"https:\\\/\\\/laredlarioja.com.ar\\\/sitio\\\/la-camara-federal-de-casacion-confirmo-el-procesamiento-de-matias-duarte-arredondo-por-espionaje-ilegal\\\/#primaryimage\"},\"image\":{\"@id\":\"https:\\\/\\\/laredlarioja.com.ar\\\/sitio\\\/la-camara-federal-de-casacion-confirmo-el-procesamiento-de-matias-duarte-arredondo-por-espionaje-ilegal\\\/#primaryimage\"},\"thumbnailUrl\":\"https:\\\/\\\/laredlarioja.com.ar\\\/sitio\\\/wp-content\\\/uploads\\\/2025\\\/04\\\/image1170x530cropped.jpg\",\"datePublished\":\"2025-04-14T22:39:19+00:00\",\"breadcrumb\":{\"@id\":\"https:\\\/\\\/laredlarioja.com.ar\\\/sitio\\\/la-camara-federal-de-casacion-confirmo-el-procesamiento-de-matias-duarte-arredondo-por-espionaje-ilegal\\\/#breadcrumb\"},\"inLanguage\":\"es\",\"potentialAction\":[{\"@type\":\"ReadAction\",\"target\":[\"https:\\\/\\\/laredlarioja.com.ar\\\/sitio\\\/la-camara-federal-de-casacion-confirmo-el-procesamiento-de-matias-duarte-arredondo-por-espionaje-ilegal\\\/\"]}]},{\"@type\":\"ImageObject\",\"inLanguage\":\"es\",\"@id\":\"https:\\\/\\\/laredlarioja.com.ar\\\/sitio\\\/la-camara-federal-de-casacion-confirmo-el-procesamiento-de-matias-duarte-arredondo-por-espionaje-ilegal\\\/#primaryimage\",\"url\":\"https:\\\/\\\/laredlarioja.com.ar\\\/sitio\\\/wp-content\\\/uploads\\\/2025\\\/04\\\/image1170x530cropped.jpg\",\"contentUrl\":\"https:\\\/\\\/laredlarioja.com.ar\\\/sitio\\\/wp-content\\\/uploads\\\/2025\\\/04\\\/image1170x530cropped.jpg\",\"width\":1170,\"height\":530},{\"@type\":\"BreadcrumbList\",\"@id\":\"https:\\\/\\\/laredlarioja.com.ar\\\/sitio\\\/la-camara-federal-de-casacion-confirmo-el-procesamiento-de-matias-duarte-arredondo-por-espionaje-ilegal\\\/#breadcrumb\",\"itemListElement\":[{\"@type\":\"ListItem\",\"position\":1,\"name\":\"Portada\",\"item\":\"https:\\\/\\\/laredlarioja.com.ar\\\/sitio\\\/\"},{\"@type\":\"ListItem\",\"position\":2,\"name\":\"La C\u00e1mara Federal de Casaci\u00f3n confirm\u00f3 el procesamiento de Mat\u00edas Duarte Arredondo por espionaje ilegal\"}]},{\"@type\":\"WebSite\",\"@id\":\"https:\\\/\\\/laredlarioja.com.ar\\\/sitio\\\/#website\",\"url\":\"https:\\\/\\\/laredlarioja.com.ar\\\/sitio\\\/\",\"name\":\"LA RED 88.3 LA RIOJA\",\"description\":\"Sitio de Noticias\",\"publisher\":{\"@id\":\"https:\\\/\\\/laredlarioja.com.ar\\\/sitio\\\/#organization\"},\"potentialAction\":[{\"@type\":\"SearchAction\",\"target\":{\"@type\":\"EntryPoint\",\"urlTemplate\":\"https:\\\/\\\/laredlarioja.com.ar\\\/sitio\\\/?s={search_term_string}\"},\"query-input\":{\"@type\":\"PropertyValueSpecification\",\"valueRequired\":true,\"valueName\":\"search_term_string\"}}],\"inLanguage\":\"es\"},{\"@type\":\"Organization\",\"@id\":\"https:\\\/\\\/laredlarioja.com.ar\\\/sitio\\\/#organization\",\"name\":\"LA RED 88.3 LA RIOJA\",\"url\":\"https:\\\/\\\/laredlarioja.com.ar\\\/sitio\\\/\",\"logo\":{\"@type\":\"ImageObject\",\"inLanguage\":\"es\",\"@id\":\"https:\\\/\\\/laredlarioja.com.ar\\\/sitio\\\/#\\\/schema\\\/logo\\\/image\\\/\",\"url\":\"https:\\\/\\\/laredlarioja.com.ar\\\/sitio\\\/wp-content\\\/uploads\\\/2025\\\/05\\\/LOGO-LA-RED.png\",\"contentUrl\":\"https:\\\/\\\/laredlarioja.com.ar\\\/sitio\\\/wp-content\\\/uploads\\\/2025\\\/05\\\/LOGO-LA-RED.png\",\"width\":193,\"height\":340,\"caption\":\"LA RED 88.3 LA RIOJA\"},\"image\":{\"@id\":\"https:\\\/\\\/laredlarioja.com.ar\\\/sitio\\\/#\\\/schema\\\/logo\\\/image\\\/\"},\"sameAs\":[\"https:\\\/\\\/www.facebook.com\\\/lared.larioja\",\"https:\\\/\\\/x.com\\\/laredlarioja1\",\"https:\\\/\\\/www.instagram.com\\\/lared_larioja\\\/\"]},{\"@type\":\"Person\",\"@id\":\"https:\\\/\\\/laredlarioja.com.ar\\\/sitio\\\/#\\\/schema\\\/person\\\/8b98ebe852851a8bdc8acd6ec6918de9\",\"name\":\"Maria De La Vega\",\"sameAs\":[\"http:\\\/\\\/laredlarioja.com.ar\"],\"url\":\"https:\\\/\\\/laredlarioja.com.ar\\\/sitio\\\/author\\\/maru\\\/\"}]}<\/script>\n<!-- \/ Yoast SEO plugin. -->","yoast_head_json":{"title":"La C\u00e1mara Federal de Casaci\u00f3n confirm\u00f3 el procesamiento de Mat\u00edas Duarte Arredondo por espionaje ilegal - LA RED 88.3 LA RIOJA","robots":{"index":"index","follow":"follow","max-snippet":"max-snippet:-1","max-image-preview":"max-image-preview:large","max-video-preview":"max-video-preview:-1"},"canonical":"https:\/\/laredlarioja.com.ar\/sitio\/la-camara-federal-de-casacion-confirmo-el-procesamiento-de-matias-duarte-arredondo-por-espionaje-ilegal\/","og_locale":"es_ES","og_type":"article","og_title":"La C\u00e1mara Federal de Casaci\u00f3n confirm\u00f3 el procesamiento de Mat\u00edas Duarte Arredondo por espionaje ilegal - LA RED 88.3 LA RIOJA","og_description":"La C\u00e1mara Federal de Casaci\u00f3n Penal ha rechazado un recurso presentado por la defensa del subprefecto Mat\u00edas Horacio","og_url":"https:\/\/laredlarioja.com.ar\/sitio\/la-camara-federal-de-casacion-confirmo-el-procesamiento-de-matias-duarte-arredondo-por-espionaje-ilegal\/","og_site_name":"LA RED 88.3 LA RIOJA","article_publisher":"https:\/\/www.facebook.com\/lared.larioja","article_published_time":"2025-04-14T22:39:19+00:00","og_image":[{"width":1170,"height":530,"url":"https:\/\/laredlarioja.com.ar\/sitio\/wp-content\/uploads\/2025\/04\/image1170x530cropped.jpg","type":"image\/jpeg"}],"author":"Maria De La Vega","twitter_card":"summary_large_image","twitter_creator":"@laredlarioja1","twitter_site":"@laredlarioja1","twitter_misc":{"Escrito por":"Maria De La Vega","Tiempo de lectura":"2 minutos"},"schema":{"@context":"https:\/\/schema.org","@graph":[{"@type":"Article","@id":"https:\/\/laredlarioja.com.ar\/sitio\/la-camara-federal-de-casacion-confirmo-el-procesamiento-de-matias-duarte-arredondo-por-espionaje-ilegal\/#article","isPartOf":{"@id":"https:\/\/laredlarioja.com.ar\/sitio\/la-camara-federal-de-casacion-confirmo-el-procesamiento-de-matias-duarte-arredondo-por-espionaje-ilegal\/"},"author":{"name":"Maria De La Vega","@id":"https:\/\/laredlarioja.com.ar\/sitio\/#\/schema\/person\/8b98ebe852851a8bdc8acd6ec6918de9"},"headline":"La C\u00e1mara Federal de Casaci\u00f3n confirm\u00f3 el procesamiento de Mat\u00edas Duarte Arredondo por espionaje ilegal","datePublished":"2025-04-14T22:39:19+00:00","mainEntityOfPage":{"@id":"https:\/\/laredlarioja.com.ar\/sitio\/la-camara-federal-de-casacion-confirmo-el-procesamiento-de-matias-duarte-arredondo-por-espionaje-ilegal\/"},"wordCount":261,"publisher":{"@id":"https:\/\/laredlarioja.com.ar\/sitio\/#organization"},"image":{"@id":"https:\/\/laredlarioja.com.ar\/sitio\/la-camara-federal-de-casacion-confirmo-el-procesamiento-de-matias-duarte-arredondo-por-espionaje-ilegal\/#primaryimage"},"thumbnailUrl":"https:\/\/laredlarioja.com.ar\/sitio\/wp-content\/uploads\/2025\/04\/image1170x530cropped.jpg","keywords":["Secundaria"],"articleSection":["El pa\u00eds"],"inLanguage":"es"},{"@type":"WebPage","@id":"https:\/\/laredlarioja.com.ar\/sitio\/la-camara-federal-de-casacion-confirmo-el-procesamiento-de-matias-duarte-arredondo-por-espionaje-ilegal\/","url":"https:\/\/laredlarioja.com.ar\/sitio\/la-camara-federal-de-casacion-confirmo-el-procesamiento-de-matias-duarte-arredondo-por-espionaje-ilegal\/","name":"La C\u00e1mara Federal de Casaci\u00f3n confirm\u00f3 el procesamiento de Mat\u00edas Duarte Arredondo por espionaje ilegal - LA RED 88.3 LA RIOJA","isPartOf":{"@id":"https:\/\/laredlarioja.com.ar\/sitio\/#website"},"primaryImageOfPage":{"@id":"https:\/\/laredlarioja.com.ar\/sitio\/la-camara-federal-de-casacion-confirmo-el-procesamiento-de-matias-duarte-arredondo-por-espionaje-ilegal\/#primaryimage"},"image":{"@id":"https:\/\/laredlarioja.com.ar\/sitio\/la-camara-federal-de-casacion-confirmo-el-procesamiento-de-matias-duarte-arredondo-por-espionaje-ilegal\/#primaryimage"},"thumbnailUrl":"https:\/\/laredlarioja.com.ar\/sitio\/wp-content\/uploads\/2025\/04\/image1170x530cropped.jpg","datePublished":"2025-04-14T22:39:19+00:00","breadcrumb":{"@id":"https:\/\/laredlarioja.com.ar\/sitio\/la-camara-federal-de-casacion-confirmo-el-procesamiento-de-matias-duarte-arredondo-por-espionaje-ilegal\/#breadcrumb"},"inLanguage":"es","potentialAction":[{"@type":"ReadAction","target":["https:\/\/laredlarioja.com.ar\/sitio\/la-camara-federal-de-casacion-confirmo-el-procesamiento-de-matias-duarte-arredondo-por-espionaje-ilegal\/"]}]},{"@type":"ImageObject","inLanguage":"es","@id":"https:\/\/laredlarioja.com.ar\/sitio\/la-camara-federal-de-casacion-confirmo-el-procesamiento-de-matias-duarte-arredondo-por-espionaje-ilegal\/#primaryimage","url":"https:\/\/laredlarioja.com.ar\/sitio\/wp-content\/uploads\/2025\/04\/image1170x530cropped.jpg","contentUrl":"https:\/\/laredlarioja.com.ar\/sitio\/wp-content\/uploads\/2025\/04\/image1170x530cropped.jpg","width":1170,"height":530},{"@type":"BreadcrumbList","@id":"https:\/\/laredlarioja.com.ar\/sitio\/la-camara-federal-de-casacion-confirmo-el-procesamiento-de-matias-duarte-arredondo-por-espionaje-ilegal\/#breadcrumb","itemListElement":[{"@type":"ListItem","position":1,"name":"Portada","item":"https:\/\/laredlarioja.com.ar\/sitio\/"},{"@type":"ListItem","position":2,"name":"La C\u00e1mara Federal de Casaci\u00f3n confirm\u00f3 el procesamiento de Mat\u00edas Duarte Arredondo por espionaje ilegal"}]},{"@type":"WebSite","@id":"https:\/\/laredlarioja.com.ar\/sitio\/#website","url":"https:\/\/laredlarioja.com.ar\/sitio\/","name":"LA RED 88.3 LA RIOJA","description":"Sitio de Noticias","publisher":{"@id":"https:\/\/laredlarioja.com.ar\/sitio\/#organization"},"potentialAction":[{"@type":"SearchAction","target":{"@type":"EntryPoint","urlTemplate":"https:\/\/laredlarioja.com.ar\/sitio\/?s={search_term_string}"},"query-input":{"@type":"PropertyValueSpecification","valueRequired":true,"valueName":"search_term_string"}}],"inLanguage":"es"},{"@type":"Organization","@id":"https:\/\/laredlarioja.com.ar\/sitio\/#organization","name":"LA RED 88.3 LA RIOJA","url":"https:\/\/laredlarioja.com.ar\/sitio\/","logo":{"@type":"ImageObject","inLanguage":"es","@id":"https:\/\/laredlarioja.com.ar\/sitio\/#\/schema\/logo\/image\/","url":"https:\/\/laredlarioja.com.ar\/sitio\/wp-content\/uploads\/2025\/05\/LOGO-LA-RED.png","contentUrl":"https:\/\/laredlarioja.com.ar\/sitio\/wp-content\/uploads\/2025\/05\/LOGO-LA-RED.png","width":193,"height":340,"caption":"LA RED 88.3 LA RIOJA"},"image":{"@id":"https:\/\/laredlarioja.com.ar\/sitio\/#\/schema\/logo\/image\/"},"sameAs":["https:\/\/www.facebook.com\/lared.larioja","https:\/\/x.com\/laredlarioja1","https:\/\/www.instagram.com\/lared_larioja\/"]},{"@type":"Person","@id":"https:\/\/laredlarioja.com.ar\/sitio\/#\/schema\/person\/8b98ebe852851a8bdc8acd6ec6918de9","name":"Maria De La Vega","sameAs":["http:\/\/laredlarioja.com.ar"],"url":"https:\/\/laredlarioja.com.ar\/sitio\/author\/maru\/"}]}},"featured_image_urls":{"full":["https:\/\/laredlarioja.com.ar\/sitio\/wp-content\/uploads\/2025\/04\/image1170x530cropped.jpg",1170,530,false],"thumbnail":["https:\/\/laredlarioja.com.ar\/sitio\/wp-content\/uploads\/2025\/04\/image1170x530cropped-150x150.jpg",150,150,true],"medium":["https:\/\/laredlarioja.com.ar\/sitio\/wp-content\/uploads\/2025\/04\/image1170x530cropped-300x136.jpg",300,136,true],"medium_large":["https:\/\/laredlarioja.com.ar\/sitio\/wp-content\/uploads\/2025\/04\/image1170x530cropped-768x348.jpg",640,290,true],"large":["https:\/\/laredlarioja.com.ar\/sitio\/wp-content\/uploads\/2025\/04\/image1170x530cropped-1024x464.jpg",640,290,true],"1536x1536":["https:\/\/laredlarioja.com.ar\/sitio\/wp-content\/uploads\/2025\/04\/image1170x530cropped.jpg",1170,530,false],"2048x2048":["https:\/\/laredlarioja.com.ar\/sitio\/wp-content\/uploads\/2025\/04\/image1170x530cropped.jpg",1170,530,false],"cvmm-medium":["https:\/\/laredlarioja.com.ar\/sitio\/wp-content\/uploads\/2025\/04\/image1170x530cropped-300x300.jpg",300,300,true],"cvmm-medium-plus":["https:\/\/laredlarioja.com.ar\/sitio\/wp-content\/uploads\/2025\/04\/image1170x530cropped-305x207.jpg",305,207,true],"cvmm-portrait":["https:\/\/laredlarioja.com.ar\/sitio\/wp-content\/uploads\/2025\/04\/image1170x530cropped-400x530.jpg",400,530,true],"cvmm-medium-square":["https:\/\/laredlarioja.com.ar\/sitio\/wp-content\/uploads\/2025\/04\/image1170x530cropped-600x530.jpg",600,530,true],"cvmm-large":["https:\/\/laredlarioja.com.ar\/sitio\/wp-content\/uploads\/2025\/04\/image1170x530cropped-1024x530.jpg",1024,530,true],"cvmm-small":["https:\/\/laredlarioja.com.ar\/sitio\/wp-content\/uploads\/2025\/04\/image1170x530cropped-130x95.jpg",130,95,true],"morenews-large":["https:\/\/laredlarioja.com.ar\/sitio\/wp-content\/uploads\/2025\/04\/image1170x530cropped-825x530.jpg",825,530,true],"morenews-medium":["https:\/\/laredlarioja.com.ar\/sitio\/wp-content\/uploads\/2025\/04\/image1170x530cropped-590x410.jpg",590,410,true]},"author_info":{"display_name":"Maria De La Vega","author_link":"https:\/\/laredlarioja.com.ar\/sitio\/author\/maru\/"},"category_info":"<a href=\"https:\/\/laredlarioja.com.ar\/sitio\/categorias\/pais\/\" rel=\"category tag\">El pa\u00eds<\/a>","tag_info":"El pa\u00eds","comment_count":"0","blog_post_layout_featured_media_urls":{"thumbnail":["https:\/\/laredlarioja.com.ar\/sitio\/wp-content\/uploads\/2025\/04\/image1170x530cropped-150x150.jpg",150,150,true],"full":["https:\/\/laredlarioja.com.ar\/sitio\/wp-content\/uploads\/2025\/04\/image1170x530cropped.jpg",1170,530,false]},"categories_names":{"130":{"name":"El pa\u00eds","link":"https:\/\/laredlarioja.com.ar\/sitio\/categorias\/pais\/"}},"tags_names":{"84":{"name":"Secundaria","link":"https:\/\/laredlarioja.com.ar\/sitio\/etiquetas\/secundaria\/"}},"comments_number":"0","wpmagazine_modules_lite_featured_media_urls":{"thumbnail":["https:\/\/laredlarioja.com.ar\/sitio\/wp-content\/uploads\/2025\/04\/image1170x530cropped-150x150.jpg",150,150,true],"cvmm-medium":["https:\/\/laredlarioja.com.ar\/sitio\/wp-content\/uploads\/2025\/04\/image1170x530cropped-300x300.jpg",300,300,true],"cvmm-medium-plus":["https:\/\/laredlarioja.com.ar\/sitio\/wp-content\/uploads\/2025\/04\/image1170x530cropped-305x207.jpg",305,207,true],"cvmm-portrait":["https:\/\/laredlarioja.com.ar\/sitio\/wp-content\/uploads\/2025\/04\/image1170x530cropped-400x530.jpg",400,530,true],"cvmm-medium-square":["https:\/\/laredlarioja.com.ar\/sitio\/wp-content\/uploads\/2025\/04\/image1170x530cropped-600x530.jpg",600,530,true],"cvmm-large":["https:\/\/laredlarioja.com.ar\/sitio\/wp-content\/uploads\/2025\/04\/image1170x530cropped-1024x530.jpg",1024,530,true],"cvmm-small":["https:\/\/laredlarioja.com.ar\/sitio\/wp-content\/uploads\/2025\/04\/image1170x530cropped-130x95.jpg",130,95,true],"full":["https:\/\/laredlarioja.com.ar\/sitio\/wp-content\/uploads\/2025\/04\/image1170x530cropped.jpg",1170,530,false]},"_links":{"self":[{"href":"https:\/\/laredlarioja.com.ar\/sitio\/wp-json\/wp\/v2\/posts\/60450","targetHints":{"allow":["GET"]}}],"collection":[{"href":"https:\/\/laredlarioja.com.ar\/sitio\/wp-json\/wp\/v2\/posts"}],"about":[{"href":"https:\/\/laredlarioja.com.ar\/sitio\/wp-json\/wp\/v2\/types\/post"}],"author":[{"embeddable":true,"href":"https:\/\/laredlarioja.com.ar\/sitio\/wp-json\/wp\/v2\/users\/13"}],"replies":[{"embeddable":true,"href":"https:\/\/laredlarioja.com.ar\/sitio\/wp-json\/wp\/v2\/comments?post=60450"}],"version-history":[{"count":1,"href":"https:\/\/laredlarioja.com.ar\/sitio\/wp-json\/wp\/v2\/posts\/60450\/revisions"}],"predecessor-version":[{"id":60452,"href":"https:\/\/laredlarioja.com.ar\/sitio\/wp-json\/wp\/v2\/posts\/60450\/revisions\/60452"}],"wp:featuredmedia":[{"embeddable":true,"href":"https:\/\/laredlarioja.com.ar\/sitio\/wp-json\/wp\/v2\/media\/60451"}],"wp:attachment":[{"href":"https:\/\/laredlarioja.com.ar\/sitio\/wp-json\/wp\/v2\/media?parent=60450"}],"wp:term":[{"taxonomy":"category","embeddable":true,"href":"https:\/\/laredlarioja.com.ar\/sitio\/wp-json\/wp\/v2\/categories?post=60450"},{"taxonomy":"post_tag","embeddable":true,"href":"https:\/\/laredlarioja.com.ar\/sitio\/wp-json\/wp\/v2\/tags?post=60450"}],"curies":[{"name":"wp","href":"https:\/\/api.w.org\/{rel}","templated":true}]}}