{"id":60563,"date":"2025-04-17T23:03:22","date_gmt":"2025-04-17T23:03:22","guid":{"rendered":"https:\/\/laredlarioja.com.ar\/sitio\/?p=60563"},"modified":"2025-04-18T12:44:40","modified_gmt":"2025-04-18T12:44:40","slug":"diputados-debatiran-la-proxima-semana-un-proyecto-para-bajar-la-edad-de-imputabilidad-a-14-anos","status":"publish","type":"post","link":"https:\/\/laredlarioja.com.ar\/sitio\/diputados-debatiran-la-proxima-semana-un-proyecto-para-bajar-la-edad-de-imputabilidad-a-14-anos\/","title":{"rendered":"Diputados debatir\u00e1n la pr\u00f3xima semana un proyecto para bajar la edad de imputabilidad a 14 a\u00f1os"},"content":{"rendered":"<p>El jefe de Gabinete, Guillermo Francos, pidi\u00f3 ayer a los legisladores que sancionen esa iniciativa que propone condenar por delitos graves a los menores.<\/p>\n<p>La C\u00e1mara de Diputados debatir\u00e1 el pr\u00f3ximo mi\u00e9rcoles en comisi\u00f3n un dictamen para bajar la edad de imputabilidad a los 14 a\u00f1os, con el fin de poder condenar a los menores que cometen delitos graves.<\/p>\n<p>El jefe de Gabinete, Guillermo Francos, solicit\u00f3 ayer que avancen con la sanci\u00f3n del proyecto para bajar de 16 a 13 a\u00f1os la edad de imputabilidad, aunque hay consenso para que se pueda establecer en 14 a\u00f1os, en sinton\u00eda con proyectos presentados por opositores y el PRO.<\/p>\n<p>Francos record\u00f3 que el Gobierno envi\u00f3 al Congreso de la Naci\u00f3n ese proyecto en junio del a\u00f1o pasado y se\u00f1al\u00f3 al defender esa propuesta que \u201cquien comete un delito de adulto, debe pagar una pena de adulto; por lo que proponemos bajar la edad de imputabilidad a 13 a\u00f1os\u201d.<\/p>\n<p>Tras ser suspendido la semana pasada por la sesi\u00f3n sobre el criptogate, la presidenta de la comisi\u00f3n de Legislaci\u00f3n, Laura Rodrigo Machado, convoc\u00f3 para el pr\u00f3ximo mi\u00e9rcoles a las 17.30 para deliberar en conjunto con las comisiones de Justicia, Familia y Presupuesto, que presiden Manuel Quintar (LLA), Roxana Reyes (UCR), y Jos\u00e9 Luis Espert (LLA), respectivamente.<\/p>\n<p>La intenci\u00f3n del oficialismo, PRO, la UCR y Encuentro Federal es firmar un dictamen que estar\u00e1 basado en el proyecto del Poder Ejecutivo y la docena de iniciativas impulsadas por legisladores de diferentes espacios pol\u00edticos.<\/p>\n<p>La baja de imputabilidad tambi\u00e9n es respaldada por los diputados que responden al jefe del Frente Renovador, Sergio Massa.<\/p>\n<p>La estrategia del oficialismo es tener el mi\u00e9rcoles firmado el despacho de mayor\u00eda para tratarlo en la primera quincena de mayo, informaron fuentes parlamentarias a la Agencia Noticias Argentinas.<\/p>\n<p>La iniciativa ya se debati\u00f3 en siete reuniones el a\u00f1o pasado y este a\u00f1o hubo dos reuniones, una el 12 de marzo y otra el 19 de marzo, previo a la sesi\u00f3n en la que se debati\u00f3 el acuerdo con el FMI.<\/p>\n<p>Fuentes legislativas precisaron a la Agencia Noticias Argentinas que, si bien el Gobierno quiere establecer la edad en 13 a\u00f1os para condenar a un menor que cometi\u00f3 un delito grave, el consenso que hoy existe es que se puede bajar la edad hasta los 14, como proponen, entre otros, el diputado massista Ramiro Guti\u00e9rrez.<\/p>\n<p>El proyecto del Gobierno establece que no se le podr\u00e1 imponer al menor una pena de reclusi\u00f3n perpetua y que ser\u00e1 el m\u00e1ximo de prisi\u00f3n de 20 a\u00f1os, a\u00fan si la escala penal fuera m\u00e1s elevada producto de la concurrencia real de varios hechos independientes.<\/p>\n","protected":false},"excerpt":{"rendered":"<p>El jefe de Gabinete, Guillermo Francos, pidi\u00f3 ayer a los legisladores que sancionen esa iniciativa que propone condenar<\/p>\n","protected":false},"author":7,"featured_media":60564,"comment_status":"closed","ping_status":"open","sticky":false,"template":"","format":"standard","meta":{"footnotes":""},"categories":[130,24],"tags":[92],"class_list":["post-60563","post","type-post","status-publish","format-standard","has-post-thumbnail","hentry","category-pais","category-informacion-general","tag-secundarias"],"yoast_head":"<!-- This site is optimized with the Yoast SEO plugin v27.4 - https:\/\/yoast.com\/product\/yoast-seo-wordpress\/ -->\n<title>Diputados debatir\u00e1n la pr\u00f3xima semana un proyecto para bajar la edad de imputabilidad a 14 a\u00f1os - LA RED 88.3 LA RIOJA<\/title>\n<meta name=\"robots\" content=\"index, follow, max-snippet:-1, max-image-preview:large, max-video-preview:-1\" \/>\n<link rel=\"canonical\" href=\"https:\/\/laredlarioja.com.ar\/sitio\/diputados-debatiran-la-proxima-semana-un-proyecto-para-bajar-la-edad-de-imputabilidad-a-14-anos\/\" \/>\n<meta property=\"og:locale\" content=\"es_ES\" \/>\n<meta property=\"og:type\" content=\"article\" \/>\n<meta property=\"og:title\" content=\"Diputados debatir\u00e1n la pr\u00f3xima semana un proyecto para bajar la edad de imputabilidad a 14 a\u00f1os - LA RED 88.3 LA RIOJA\" \/>\n<meta property=\"og:description\" content=\"El jefe de Gabinete, Guillermo Francos, pidi\u00f3 ayer a los legisladores que sancionen esa iniciativa que propone condenar\" \/>\n<meta property=\"og:url\" content=\"https:\/\/laredlarioja.com.ar\/sitio\/diputados-debatiran-la-proxima-semana-un-proyecto-para-bajar-la-edad-de-imputabilidad-a-14-anos\/\" \/>\n<meta property=\"og:site_name\" content=\"LA RED 88.3 LA RIOJA\" \/>\n<meta property=\"article:publisher\" content=\"https:\/\/www.facebook.com\/lared.larioja\" \/>\n<meta property=\"article:published_time\" content=\"2025-04-17T23:03:22+00:00\" \/>\n<meta property=\"article:modified_time\" content=\"2025-04-18T12:44:40+00:00\" \/>\n<meta property=\"og:image\" content=\"https:\/\/laredlarioja.com.ar\/sitio\/wp-content\/uploads\/2025\/04\/DIPUTADOS.webp\" \/>\n\t<meta property=\"og:image:width\" content=\"900\" \/>\n\t<meta property=\"og:image:height\" content=\"600\" \/>\n\t<meta property=\"og:image:type\" content=\"image\/webp\" \/>\n<meta name=\"author\" content=\"Anabella Soria\" \/>\n<meta name=\"twitter:card\" content=\"summary_large_image\" \/>\n<meta name=\"twitter:creator\" content=\"@laredlarioja1\" \/>\n<meta name=\"twitter:site\" content=\"@laredlarioja1\" \/>\n<meta name=\"twitter:label1\" content=\"Escrito por\" \/>\n\t<meta name=\"twitter:data1\" content=\"Anabella Soria\" \/>\n\t<meta name=\"twitter:label2\" content=\"Tiempo de lectura\" \/>\n\t<meta name=\"twitter:data2\" content=\"3 minutos\" \/>\n<script type=\"application\/ld+json\" class=\"yoast-schema-graph\">{\"@context\":\"https:\\\/\\\/schema.org\",\"@graph\":[{\"@type\":\"Article\",\"@id\":\"https:\\\/\\\/laredlarioja.com.ar\\\/sitio\\\/diputados-debatiran-la-proxima-semana-un-proyecto-para-bajar-la-edad-de-imputabilidad-a-14-anos\\\/#article\",\"isPartOf\":{\"@id\":\"https:\\\/\\\/laredlarioja.com.ar\\\/sitio\\\/diputados-debatiran-la-proxima-semana-un-proyecto-para-bajar-la-edad-de-imputabilidad-a-14-anos\\\/\"},\"author\":{\"name\":\"Anabella Soria\",\"@id\":\"https:\\\/\\\/laredlarioja.com.ar\\\/sitio\\\/#\\\/schema\\\/person\\\/31f88059d20c5cf06e974fd895aec56e\"},\"headline\":\"Diputados debatir\u00e1n la pr\u00f3xima semana un proyecto para bajar la edad de imputabilidad a 14 a\u00f1os\",\"datePublished\":\"2025-04-17T23:03:22+00:00\",\"dateModified\":\"2025-04-18T12:44:40+00:00\",\"mainEntityOfPage\":{\"@id\":\"https:\\\/\\\/laredlarioja.com.ar\\\/sitio\\\/diputados-debatiran-la-proxima-semana-un-proyecto-para-bajar-la-edad-de-imputabilidad-a-14-anos\\\/\"},\"wordCount\":476,\"publisher\":{\"@id\":\"https:\\\/\\\/laredlarioja.com.ar\\\/sitio\\\/#organization\"},\"image\":{\"@id\":\"https:\\\/\\\/laredlarioja.com.ar\\\/sitio\\\/diputados-debatiran-la-proxima-semana-un-proyecto-para-bajar-la-edad-de-imputabilidad-a-14-anos\\\/#primaryimage\"},\"thumbnailUrl\":\"https:\\\/\\\/laredlarioja.com.ar\\\/sitio\\\/wp-content\\\/uploads\\\/2025\\\/04\\\/DIPUTADOS.webp\",\"keywords\":[\"Secundarias\"],\"articleSection\":[\"El pa\u00eds\",\"Informaci\u00f3n General\"],\"inLanguage\":\"es\"},{\"@type\":\"WebPage\",\"@id\":\"https:\\\/\\\/laredlarioja.com.ar\\\/sitio\\\/diputados-debatiran-la-proxima-semana-un-proyecto-para-bajar-la-edad-de-imputabilidad-a-14-anos\\\/\",\"url\":\"https:\\\/\\\/laredlarioja.com.ar\\\/sitio\\\/diputados-debatiran-la-proxima-semana-un-proyecto-para-bajar-la-edad-de-imputabilidad-a-14-anos\\\/\",\"name\":\"Diputados debatir\u00e1n la pr\u00f3xima semana un proyecto para bajar la edad de imputabilidad a 14 a\u00f1os - LA RED 88.3 LA RIOJA\",\"isPartOf\":{\"@id\":\"https:\\\/\\\/laredlarioja.com.ar\\\/sitio\\\/#website\"},\"primaryImageOfPage\":{\"@id\":\"https:\\\/\\\/laredlarioja.com.ar\\\/sitio\\\/diputados-debatiran-la-proxima-semana-un-proyecto-para-bajar-la-edad-de-imputabilidad-a-14-anos\\\/#primaryimage\"},\"image\":{\"@id\":\"https:\\\/\\\/laredlarioja.com.ar\\\/sitio\\\/diputados-debatiran-la-proxima-semana-un-proyecto-para-bajar-la-edad-de-imputabilidad-a-14-anos\\\/#primaryimage\"},\"thumbnailUrl\":\"https:\\\/\\\/laredlarioja.com.ar\\\/sitio\\\/wp-content\\\/uploads\\\/2025\\\/04\\\/DIPUTADOS.webp\",\"datePublished\":\"2025-04-17T23:03:22+00:00\",\"dateModified\":\"2025-04-18T12:44:40+00:00\",\"breadcrumb\":{\"@id\":\"https:\\\/\\\/laredlarioja.com.ar\\\/sitio\\\/diputados-debatiran-la-proxima-semana-un-proyecto-para-bajar-la-edad-de-imputabilidad-a-14-anos\\\/#breadcrumb\"},\"inLanguage\":\"es\",\"potentialAction\":[{\"@type\":\"ReadAction\",\"target\":[\"https:\\\/\\\/laredlarioja.com.ar\\\/sitio\\\/diputados-debatiran-la-proxima-semana-un-proyecto-para-bajar-la-edad-de-imputabilidad-a-14-anos\\\/\"]}]},{\"@type\":\"ImageObject\",\"inLanguage\":\"es\",\"@id\":\"https:\\\/\\\/laredlarioja.com.ar\\\/sitio\\\/diputados-debatiran-la-proxima-semana-un-proyecto-para-bajar-la-edad-de-imputabilidad-a-14-anos\\\/#primaryimage\",\"url\":\"https:\\\/\\\/laredlarioja.com.ar\\\/sitio\\\/wp-content\\\/uploads\\\/2025\\\/04\\\/DIPUTADOS.webp\",\"contentUrl\":\"https:\\\/\\\/laredlarioja.com.ar\\\/sitio\\\/wp-content\\\/uploads\\\/2025\\\/04\\\/DIPUTADOS.webp\",\"width\":900,\"height\":600},{\"@type\":\"BreadcrumbList\",\"@id\":\"https:\\\/\\\/laredlarioja.com.ar\\\/sitio\\\/diputados-debatiran-la-proxima-semana-un-proyecto-para-bajar-la-edad-de-imputabilidad-a-14-anos\\\/#breadcrumb\",\"itemListElement\":[{\"@type\":\"ListItem\",\"position\":1,\"name\":\"Portada\",\"item\":\"https:\\\/\\\/laredlarioja.com.ar\\\/sitio\\\/\"},{\"@type\":\"ListItem\",\"position\":2,\"name\":\"Diputados debatir\u00e1n la pr\u00f3xima semana un proyecto para bajar la edad de imputabilidad a 14 a\u00f1os\"}]},{\"@type\":\"WebSite\",\"@id\":\"https:\\\/\\\/laredlarioja.com.ar\\\/sitio\\\/#website\",\"url\":\"https:\\\/\\\/laredlarioja.com.ar\\\/sitio\\\/\",\"name\":\"LA RED 88.3 LA RIOJA\",\"description\":\"Sitio de Noticias\",\"publisher\":{\"@id\":\"https:\\\/\\\/laredlarioja.com.ar\\\/sitio\\\/#organization\"},\"potentialAction\":[{\"@type\":\"SearchAction\",\"target\":{\"@type\":\"EntryPoint\",\"urlTemplate\":\"https:\\\/\\\/laredlarioja.com.ar\\\/sitio\\\/?s={search_term_string}\"},\"query-input\":{\"@type\":\"PropertyValueSpecification\",\"valueRequired\":true,\"valueName\":\"search_term_string\"}}],\"inLanguage\":\"es\"},{\"@type\":\"Organization\",\"@id\":\"https:\\\/\\\/laredlarioja.com.ar\\\/sitio\\\/#organization\",\"name\":\"LA RED 88.3 LA RIOJA\",\"url\":\"https:\\\/\\\/laredlarioja.com.ar\\\/sitio\\\/\",\"logo\":{\"@type\":\"ImageObject\",\"inLanguage\":\"es\",\"@id\":\"https:\\\/\\\/laredlarioja.com.ar\\\/sitio\\\/#\\\/schema\\\/logo\\\/image\\\/\",\"url\":\"https:\\\/\\\/laredlarioja.com.ar\\\/sitio\\\/wp-content\\\/uploads\\\/2025\\\/05\\\/LOGO-LA-RED.png\",\"contentUrl\":\"https:\\\/\\\/laredlarioja.com.ar\\\/sitio\\\/wp-content\\\/uploads\\\/2025\\\/05\\\/LOGO-LA-RED.png\",\"width\":193,\"height\":340,\"caption\":\"LA RED 88.3 LA RIOJA\"},\"image\":{\"@id\":\"https:\\\/\\\/laredlarioja.com.ar\\\/sitio\\\/#\\\/schema\\\/logo\\\/image\\\/\"},\"sameAs\":[\"https:\\\/\\\/www.facebook.com\\\/lared.larioja\",\"https:\\\/\\\/x.com\\\/laredlarioja1\",\"https:\\\/\\\/www.instagram.com\\\/lared_larioja\\\/\"]},{\"@type\":\"Person\",\"@id\":\"https:\\\/\\\/laredlarioja.com.ar\\\/sitio\\\/#\\\/schema\\\/person\\\/31f88059d20c5cf06e974fd895aec56e\",\"name\":\"Anabella Soria\",\"url\":\"https:\\\/\\\/laredlarioja.com.ar\\\/sitio\\\/author\\\/asoria\\\/\"}]}<\/script>\n<!-- \/ Yoast SEO plugin. -->","yoast_head_json":{"title":"Diputados debatir\u00e1n la pr\u00f3xima semana un proyecto para bajar la edad de imputabilidad a 14 a\u00f1os - LA RED 88.3 LA RIOJA","robots":{"index":"index","follow":"follow","max-snippet":"max-snippet:-1","max-image-preview":"max-image-preview:large","max-video-preview":"max-video-preview:-1"},"canonical":"https:\/\/laredlarioja.com.ar\/sitio\/diputados-debatiran-la-proxima-semana-un-proyecto-para-bajar-la-edad-de-imputabilidad-a-14-anos\/","og_locale":"es_ES","og_type":"article","og_title":"Diputados debatir\u00e1n la pr\u00f3xima semana un proyecto para bajar la edad de imputabilidad a 14 a\u00f1os - LA RED 88.3 LA RIOJA","og_description":"El jefe de Gabinete, Guillermo Francos, pidi\u00f3 ayer a los legisladores que sancionen esa iniciativa que propone condenar","og_url":"https:\/\/laredlarioja.com.ar\/sitio\/diputados-debatiran-la-proxima-semana-un-proyecto-para-bajar-la-edad-de-imputabilidad-a-14-anos\/","og_site_name":"LA RED 88.3 LA RIOJA","article_publisher":"https:\/\/www.facebook.com\/lared.larioja","article_published_time":"2025-04-17T23:03:22+00:00","article_modified_time":"2025-04-18T12:44:40+00:00","og_image":[{"width":900,"height":600,"url":"https:\/\/laredlarioja.com.ar\/sitio\/wp-content\/uploads\/2025\/04\/DIPUTADOS.webp","type":"image\/webp"}],"author":"Anabella Soria","twitter_card":"summary_large_image","twitter_creator":"@laredlarioja1","twitter_site":"@laredlarioja1","twitter_misc":{"Escrito por":"Anabella Soria","Tiempo de lectura":"3 minutos"},"schema":{"@context":"https:\/\/schema.org","@graph":[{"@type":"Article","@id":"https:\/\/laredlarioja.com.ar\/sitio\/diputados-debatiran-la-proxima-semana-un-proyecto-para-bajar-la-edad-de-imputabilidad-a-14-anos\/#article","isPartOf":{"@id":"https:\/\/laredlarioja.com.ar\/sitio\/diputados-debatiran-la-proxima-semana-un-proyecto-para-bajar-la-edad-de-imputabilidad-a-14-anos\/"},"author":{"name":"Anabella Soria","@id":"https:\/\/laredlarioja.com.ar\/sitio\/#\/schema\/person\/31f88059d20c5cf06e974fd895aec56e"},"headline":"Diputados debatir\u00e1n la pr\u00f3xima semana un proyecto para bajar la edad de imputabilidad a 14 a\u00f1os","datePublished":"2025-04-17T23:03:22+00:00","dateModified":"2025-04-18T12:44:40+00:00","mainEntityOfPage":{"@id":"https:\/\/laredlarioja.com.ar\/sitio\/diputados-debatiran-la-proxima-semana-un-proyecto-para-bajar-la-edad-de-imputabilidad-a-14-anos\/"},"wordCount":476,"publisher":{"@id":"https:\/\/laredlarioja.com.ar\/sitio\/#organization"},"image":{"@id":"https:\/\/laredlarioja.com.ar\/sitio\/diputados-debatiran-la-proxima-semana-un-proyecto-para-bajar-la-edad-de-imputabilidad-a-14-anos\/#primaryimage"},"thumbnailUrl":"https:\/\/laredlarioja.com.ar\/sitio\/wp-content\/uploads\/2025\/04\/DIPUTADOS.webp","keywords":["Secundarias"],"articleSection":["El pa\u00eds","Informaci\u00f3n General"],"inLanguage":"es"},{"@type":"WebPage","@id":"https:\/\/laredlarioja.com.ar\/sitio\/diputados-debatiran-la-proxima-semana-un-proyecto-para-bajar-la-edad-de-imputabilidad-a-14-anos\/","url":"https:\/\/laredlarioja.com.ar\/sitio\/diputados-debatiran-la-proxima-semana-un-proyecto-para-bajar-la-edad-de-imputabilidad-a-14-anos\/","name":"Diputados debatir\u00e1n la pr\u00f3xima semana un proyecto para bajar la edad de imputabilidad a 14 a\u00f1os - LA RED 88.3 LA RIOJA","isPartOf":{"@id":"https:\/\/laredlarioja.com.ar\/sitio\/#website"},"primaryImageOfPage":{"@id":"https:\/\/laredlarioja.com.ar\/sitio\/diputados-debatiran-la-proxima-semana-un-proyecto-para-bajar-la-edad-de-imputabilidad-a-14-anos\/#primaryimage"},"image":{"@id":"https:\/\/laredlarioja.com.ar\/sitio\/diputados-debatiran-la-proxima-semana-un-proyecto-para-bajar-la-edad-de-imputabilidad-a-14-anos\/#primaryimage"},"thumbnailUrl":"https:\/\/laredlarioja.com.ar\/sitio\/wp-content\/uploads\/2025\/04\/DIPUTADOS.webp","datePublished":"2025-04-17T23:03:22+00:00","dateModified":"2025-04-18T12:44:40+00:00","breadcrumb":{"@id":"https:\/\/laredlarioja.com.ar\/sitio\/diputados-debatiran-la-proxima-semana-un-proyecto-para-bajar-la-edad-de-imputabilidad-a-14-anos\/#breadcrumb"},"inLanguage":"es","potentialAction":[{"@type":"ReadAction","target":["https:\/\/laredlarioja.com.ar\/sitio\/diputados-debatiran-la-proxima-semana-un-proyecto-para-bajar-la-edad-de-imputabilidad-a-14-anos\/"]}]},{"@type":"ImageObject","inLanguage":"es","@id":"https:\/\/laredlarioja.com.ar\/sitio\/diputados-debatiran-la-proxima-semana-un-proyecto-para-bajar-la-edad-de-imputabilidad-a-14-anos\/#primaryimage","url":"https:\/\/laredlarioja.com.ar\/sitio\/wp-content\/uploads\/2025\/04\/DIPUTADOS.webp","contentUrl":"https:\/\/laredlarioja.com.ar\/sitio\/wp-content\/uploads\/2025\/04\/DIPUTADOS.webp","width":900,"height":600},{"@type":"BreadcrumbList","@id":"https:\/\/laredlarioja.com.ar\/sitio\/diputados-debatiran-la-proxima-semana-un-proyecto-para-bajar-la-edad-de-imputabilidad-a-14-anos\/#breadcrumb","itemListElement":[{"@type":"ListItem","position":1,"name":"Portada","item":"https:\/\/laredlarioja.com.ar\/sitio\/"},{"@type":"ListItem","position":2,"name":"Diputados debatir\u00e1n la pr\u00f3xima semana un proyecto para bajar la edad de imputabilidad a 14 a\u00f1os"}]},{"@type":"WebSite","@id":"https:\/\/laredlarioja.com.ar\/sitio\/#website","url":"https:\/\/laredlarioja.com.ar\/sitio\/","name":"LA RED 88.3 LA RIOJA","description":"Sitio de Noticias","publisher":{"@id":"https:\/\/laredlarioja.com.ar\/sitio\/#organization"},"potentialAction":[{"@type":"SearchAction","target":{"@type":"EntryPoint","urlTemplate":"https:\/\/laredlarioja.com.ar\/sitio\/?s={search_term_string}"},"query-input":{"@type":"PropertyValueSpecification","valueRequired":true,"valueName":"search_term_string"}}],"inLanguage":"es"},{"@type":"Organization","@id":"https:\/\/laredlarioja.com.ar\/sitio\/#organization","name":"LA RED 88.3 LA RIOJA","url":"https:\/\/laredlarioja.com.ar\/sitio\/","logo":{"@type":"ImageObject","inLanguage":"es","@id":"https:\/\/laredlarioja.com.ar\/sitio\/#\/schema\/logo\/image\/","url":"https:\/\/laredlarioja.com.ar\/sitio\/wp-content\/uploads\/2025\/05\/LOGO-LA-RED.png","contentUrl":"https:\/\/laredlarioja.com.ar\/sitio\/wp-content\/uploads\/2025\/05\/LOGO-LA-RED.png","width":193,"height":340,"caption":"LA RED 88.3 LA RIOJA"},"image":{"@id":"https:\/\/laredlarioja.com.ar\/sitio\/#\/schema\/logo\/image\/"},"sameAs":["https:\/\/www.facebook.com\/lared.larioja","https:\/\/x.com\/laredlarioja1","https:\/\/www.instagram.com\/lared_larioja\/"]},{"@type":"Person","@id":"https:\/\/laredlarioja.com.ar\/sitio\/#\/schema\/person\/31f88059d20c5cf06e974fd895aec56e","name":"Anabella Soria","url":"https:\/\/laredlarioja.com.ar\/sitio\/author\/asoria\/"}]}},"featured_image_urls":{"full":["https:\/\/laredlarioja.com.ar\/sitio\/wp-content\/uploads\/2025\/04\/DIPUTADOS.webp",900,600,false],"thumbnail":["https:\/\/laredlarioja.com.ar\/sitio\/wp-content\/uploads\/2025\/04\/DIPUTADOS-150x150.webp",150,150,true],"medium":["https:\/\/laredlarioja.com.ar\/sitio\/wp-content\/uploads\/2025\/04\/DIPUTADOS-300x200.webp",300,200,true],"medium_large":["https:\/\/laredlarioja.com.ar\/sitio\/wp-content\/uploads\/2025\/04\/DIPUTADOS-768x512.webp",640,427,true],"large":["https:\/\/laredlarioja.com.ar\/sitio\/wp-content\/uploads\/2025\/04\/DIPUTADOS.webp",640,427,false],"1536x1536":["https:\/\/laredlarioja.com.ar\/sitio\/wp-content\/uploads\/2025\/04\/DIPUTADOS.webp",900,600,false],"2048x2048":["https:\/\/laredlarioja.com.ar\/sitio\/wp-content\/uploads\/2025\/04\/DIPUTADOS.webp",900,600,false],"cvmm-medium":["https:\/\/laredlarioja.com.ar\/sitio\/wp-content\/uploads\/2025\/04\/DIPUTADOS-300x300.webp",300,300,true],"cvmm-medium-plus":["https:\/\/laredlarioja.com.ar\/sitio\/wp-content\/uploads\/2025\/04\/DIPUTADOS-305x207.webp",305,207,true],"cvmm-portrait":["https:\/\/laredlarioja.com.ar\/sitio\/wp-content\/uploads\/2025\/04\/DIPUTADOS-400x600.webp",400,600,true],"cvmm-medium-square":["https:\/\/laredlarioja.com.ar\/sitio\/wp-content\/uploads\/2025\/04\/DIPUTADOS-600x600.webp",600,600,true],"cvmm-large":["https:\/\/laredlarioja.com.ar\/sitio\/wp-content\/uploads\/2025\/04\/DIPUTADOS.webp",900,600,false],"cvmm-small":["https:\/\/laredlarioja.com.ar\/sitio\/wp-content\/uploads\/2025\/04\/DIPUTADOS-130x95.webp",130,95,true],"morenews-large":["https:\/\/laredlarioja.com.ar\/sitio\/wp-content\/uploads\/2025\/04\/DIPUTADOS-825x575.webp",825,575,true],"morenews-medium":["https:\/\/laredlarioja.com.ar\/sitio\/wp-content\/uploads\/2025\/04\/DIPUTADOS-590x410.webp",590,410,true]},"author_info":{"display_name":"Anabella Soria","author_link":"https:\/\/laredlarioja.com.ar\/sitio\/author\/asoria\/"},"category_info":"<a href=\"https:\/\/laredlarioja.com.ar\/sitio\/categorias\/pais\/\" rel=\"category tag\">El pa\u00eds<\/a> <a href=\"https:\/\/laredlarioja.com.ar\/sitio\/categorias\/informacion-general\/\" rel=\"category tag\">Informaci\u00f3n General<\/a>","tag_info":"Informaci\u00f3n General","comment_count":"0","blog_post_layout_featured_media_urls":{"thumbnail":["https:\/\/laredlarioja.com.ar\/sitio\/wp-content\/uploads\/2025\/04\/DIPUTADOS-150x150.webp",150,150,true],"full":["https:\/\/laredlarioja.com.ar\/sitio\/wp-content\/uploads\/2025\/04\/DIPUTADOS.webp",900,600,false]},"categories_names":{"130":{"name":"El pa\u00eds","link":"https:\/\/laredlarioja.com.ar\/sitio\/categorias\/pais\/"},"24":{"name":"Informaci\u00f3n General","link":"https:\/\/laredlarioja.com.ar\/sitio\/categorias\/informacion-general\/"}},"tags_names":{"92":{"name":"Secundarias","link":"https:\/\/laredlarioja.com.ar\/sitio\/etiquetas\/secundarias\/"}},"comments_number":"0","wpmagazine_modules_lite_featured_media_urls":{"thumbnail":["https:\/\/laredlarioja.com.ar\/sitio\/wp-content\/uploads\/2025\/04\/DIPUTADOS-150x150.webp",150,150,true],"cvmm-medium":["https:\/\/laredlarioja.com.ar\/sitio\/wp-content\/uploads\/2025\/04\/DIPUTADOS-300x300.webp",300,300,true],"cvmm-medium-plus":["https:\/\/laredlarioja.com.ar\/sitio\/wp-content\/uploads\/2025\/04\/DIPUTADOS-305x207.webp",305,207,true],"cvmm-portrait":["https:\/\/laredlarioja.com.ar\/sitio\/wp-content\/uploads\/2025\/04\/DIPUTADOS-400x600.webp",400,600,true],"cvmm-medium-square":["https:\/\/laredlarioja.com.ar\/sitio\/wp-content\/uploads\/2025\/04\/DIPUTADOS-600x600.webp",600,600,true],"cvmm-large":["https:\/\/laredlarioja.com.ar\/sitio\/wp-content\/uploads\/2025\/04\/DIPUTADOS.webp",900,600,false],"cvmm-small":["https:\/\/laredlarioja.com.ar\/sitio\/wp-content\/uploads\/2025\/04\/DIPUTADOS-130x95.webp",130,95,true],"full":["https:\/\/laredlarioja.com.ar\/sitio\/wp-content\/uploads\/2025\/04\/DIPUTADOS.webp",900,600,false]},"_links":{"self":[{"href":"https:\/\/laredlarioja.com.ar\/sitio\/wp-json\/wp\/v2\/posts\/60563","targetHints":{"allow":["GET"]}}],"collection":[{"href":"https:\/\/laredlarioja.com.ar\/sitio\/wp-json\/wp\/v2\/posts"}],"about":[{"href":"https:\/\/laredlarioja.com.ar\/sitio\/wp-json\/wp\/v2\/types\/post"}],"author":[{"embeddable":true,"href":"https:\/\/laredlarioja.com.ar\/sitio\/wp-json\/wp\/v2\/users\/7"}],"replies":[{"embeddable":true,"href":"https:\/\/laredlarioja.com.ar\/sitio\/wp-json\/wp\/v2\/comments?post=60563"}],"version-history":[{"count":1,"href":"https:\/\/laredlarioja.com.ar\/sitio\/wp-json\/wp\/v2\/posts\/60563\/revisions"}],"predecessor-version":[{"id":60565,"href":"https:\/\/laredlarioja.com.ar\/sitio\/wp-json\/wp\/v2\/posts\/60563\/revisions\/60565"}],"wp:featuredmedia":[{"embeddable":true,"href":"https:\/\/laredlarioja.com.ar\/sitio\/wp-json\/wp\/v2\/media\/60564"}],"wp:attachment":[{"href":"https:\/\/laredlarioja.com.ar\/sitio\/wp-json\/wp\/v2\/media?parent=60563"}],"wp:term":[{"taxonomy":"category","embeddable":true,"href":"https:\/\/laredlarioja.com.ar\/sitio\/wp-json\/wp\/v2\/categories?post=60563"},{"taxonomy":"post_tag","embeddable":true,"href":"https:\/\/laredlarioja.com.ar\/sitio\/wp-json\/wp\/v2\/tags?post=60563"}],"curies":[{"name":"wp","href":"https:\/\/api.w.org\/{rel}","templated":true}]}}