{"id":60659,"date":"2025-04-21T00:52:57","date_gmt":"2025-04-21T00:52:57","guid":{"rendered":"https:\/\/laredlarioja.com.ar\/sitio\/?p=60659"},"modified":"2025-04-21T00:52:57","modified_gmt":"2025-04-21T00:52:57","slug":"murio-hugo-orlando-loco-gatti-a-los-80-anos-adios-a-una-leyenda-del-futbol-argentino","status":"publish","type":"post","link":"https:\/\/laredlarioja.com.ar\/sitio\/murio-hugo-orlando-loco-gatti-a-los-80-anos-adios-a-una-leyenda-del-futbol-argentino\/","title":{"rendered":"Muri\u00f3 Hugo Orlando \u201cLoco\u201d Gatti a los 80 a\u00f1os: adi\u00f3s a una leyenda del f\u00fatbol argentino"},"content":{"rendered":"<p class=\"\" data-start=\"93\" data-end=\"432\">El exarquero Hugo Orlando \u201cLoco\u201d Gatti falleci\u00f3 este domingo a los 80 a\u00f1os, tras pasar dos meses internado en el Hospital Pirovano de la Ciudad de Buenos Aires por una neumon\u00eda. Su estado de salud se hab\u00eda agravado en las \u00faltimas semanas, y su familia tom\u00f3 la dif\u00edcil decisi\u00f3n de retirarle el respirador, ya que su cuadro era irreversible.<\/p>\n<p class=\"\" data-start=\"434\" data-end=\"903\">\u00cdcono del f\u00fatbol argentino y figura inolvidable bajo los tres palos, Gatti viv\u00eda entre Argentina y Espa\u00f1a, pa\u00eds donde desarroll\u00f3 parte de su vida tras retirarse. Este verano hab\u00eda regresado a la Argentina para instalarse temporalmente, pero sufri\u00f3 una ca\u00edda dom\u00e9stica que le provoc\u00f3 una fractura de cadera. Fue entonces cuando comenz\u00f3 un delicado proceso de internaci\u00f3n que se complic\u00f3 al contraer un virus hospitalario, derivando en una neumon\u00eda e insuficiencia renal.<\/p>\n<p class=\"\" data-start=\"905\" data-end=\"1172\">El \u201cLoco\u201d Gatti dej\u00f3 una huella imborrable tanto por su estilo exc\u00e9ntrico como por su talento en el arco. Supo ser protagonista con las camisetas de River, Gimnasia, Uni\u00f3n y, sobre todo, Boca Juniors, donde se consolid\u00f3 como uno de los m\u00e1ximos referentes de su \u00e9poca.<\/p>\n<p class=\"\" data-start=\"1174\" data-end=\"1438\">Con m\u00e1s de 760 partidos oficiales y r\u00e9cords a\u00fan vigentes, su legado va mucho m\u00e1s all\u00e1 de las estad\u00edsticas. Gatti fue un personaje que revolucion\u00f3 el puesto de arquero, anim\u00e1ndose a jugar adelantado, con los pies, y a encarar al rival con una actitud inconfundible.<\/p>\n","protected":false},"excerpt":{"rendered":"<p>El exarquero Hugo Orlando \u201cLoco\u201d Gatti falleci\u00f3 este domingo a los 80 a\u00f1os, tras pasar dos meses internado<\/p>\n","protected":false},"author":8,"featured_media":60660,"comment_status":"closed","ping_status":"open","sticky":false,"template":"","format":"standard","meta":{"footnotes":""},"categories":[26],"tags":[],"class_list":["post-60659","post","type-post","status-publish","format-standard","has-post-thumbnail","hentry","category-deportes"],"yoast_head":"<!-- This site is optimized with the Yoast SEO plugin v27.4 - https:\/\/yoast.com\/product\/yoast-seo-wordpress\/ -->\n<title>Muri\u00f3 Hugo Orlando \u201cLoco\u201d Gatti a los 80 a\u00f1os: adi\u00f3s a una leyenda del f\u00fatbol argentino - LA RED 88.3 LA RIOJA<\/title>\n<meta name=\"robots\" content=\"index, follow, max-snippet:-1, max-image-preview:large, max-video-preview:-1\" \/>\n<link rel=\"canonical\" href=\"https:\/\/laredlarioja.com.ar\/sitio\/murio-hugo-orlando-loco-gatti-a-los-80-anos-adios-a-una-leyenda-del-futbol-argentino\/\" \/>\n<meta property=\"og:locale\" content=\"es_ES\" \/>\n<meta property=\"og:type\" content=\"article\" \/>\n<meta property=\"og:title\" content=\"Muri\u00f3 Hugo Orlando \u201cLoco\u201d Gatti a los 80 a\u00f1os: adi\u00f3s a una leyenda del f\u00fatbol argentino - LA RED 88.3 LA RIOJA\" \/>\n<meta property=\"og:description\" content=\"El exarquero Hugo Orlando \u201cLoco\u201d Gatti falleci\u00f3 este domingo a los 80 a\u00f1os, tras pasar dos meses internado\" \/>\n<meta property=\"og:url\" content=\"https:\/\/laredlarioja.com.ar\/sitio\/murio-hugo-orlando-loco-gatti-a-los-80-anos-adios-a-una-leyenda-del-futbol-argentino\/\" \/>\n<meta property=\"og:site_name\" content=\"LA RED 88.3 LA RIOJA\" \/>\n<meta property=\"article:publisher\" content=\"https:\/\/www.facebook.com\/lared.larioja\" \/>\n<meta property=\"article:published_time\" content=\"2025-04-21T00:52:57+00:00\" \/>\n<meta property=\"og:image\" content=\"https:\/\/laredlarioja.com.ar\/sitio\/wp-content\/uploads\/2025\/04\/hugo-el-loco-gatti-2006904.jpg\" \/>\n\t<meta property=\"og:image:width\" content=\"950\" \/>\n\t<meta property=\"og:image:height\" content=\"534\" \/>\n\t<meta property=\"og:image:type\" content=\"image\/jpeg\" \/>\n<meta name=\"author\" content=\"Mart\u00edn Ruarte\" \/>\n<meta name=\"twitter:card\" content=\"summary_large_image\" \/>\n<meta name=\"twitter:creator\" content=\"@laredlarioja1\" \/>\n<meta name=\"twitter:site\" content=\"@laredlarioja1\" \/>\n<meta name=\"twitter:label1\" content=\"Escrito por\" \/>\n\t<meta name=\"twitter:data1\" content=\"Mart\u00edn Ruarte\" \/>\n\t<meta name=\"twitter:label2\" content=\"Tiempo de lectura\" \/>\n\t<meta name=\"twitter:data2\" content=\"2 minutos\" \/>\n<script type=\"application\/ld+json\" class=\"yoast-schema-graph\">{\"@context\":\"https:\\\/\\\/schema.org\",\"@graph\":[{\"@type\":\"Article\",\"@id\":\"https:\\\/\\\/laredlarioja.com.ar\\\/sitio\\\/murio-hugo-orlando-loco-gatti-a-los-80-anos-adios-a-una-leyenda-del-futbol-argentino\\\/#article\",\"isPartOf\":{\"@id\":\"https:\\\/\\\/laredlarioja.com.ar\\\/sitio\\\/murio-hugo-orlando-loco-gatti-a-los-80-anos-adios-a-una-leyenda-del-futbol-argentino\\\/\"},\"author\":{\"name\":\"Mart\u00edn Ruarte\",\"@id\":\"https:\\\/\\\/laredlarioja.com.ar\\\/sitio\\\/#\\\/schema\\\/person\\\/3b1600cc7f8fd3617dc50f96d3503489\"},\"headline\":\"Muri\u00f3 Hugo Orlando \u201cLoco\u201d Gatti a los 80 a\u00f1os: adi\u00f3s a una leyenda del f\u00fatbol argentino\",\"datePublished\":\"2025-04-21T00:52:57+00:00\",\"mainEntityOfPage\":{\"@id\":\"https:\\\/\\\/laredlarioja.com.ar\\\/sitio\\\/murio-hugo-orlando-loco-gatti-a-los-80-anos-adios-a-una-leyenda-del-futbol-argentino\\\/\"},\"wordCount\":261,\"publisher\":{\"@id\":\"https:\\\/\\\/laredlarioja.com.ar\\\/sitio\\\/#organization\"},\"image\":{\"@id\":\"https:\\\/\\\/laredlarioja.com.ar\\\/sitio\\\/murio-hugo-orlando-loco-gatti-a-los-80-anos-adios-a-una-leyenda-del-futbol-argentino\\\/#primaryimage\"},\"thumbnailUrl\":\"https:\\\/\\\/laredlarioja.com.ar\\\/sitio\\\/wp-content\\\/uploads\\\/2025\\\/04\\\/hugo-el-loco-gatti-2006904.jpg\",\"articleSection\":[\"Deportes\"],\"inLanguage\":\"es\"},{\"@type\":\"WebPage\",\"@id\":\"https:\\\/\\\/laredlarioja.com.ar\\\/sitio\\\/murio-hugo-orlando-loco-gatti-a-los-80-anos-adios-a-una-leyenda-del-futbol-argentino\\\/\",\"url\":\"https:\\\/\\\/laredlarioja.com.ar\\\/sitio\\\/murio-hugo-orlando-loco-gatti-a-los-80-anos-adios-a-una-leyenda-del-futbol-argentino\\\/\",\"name\":\"Muri\u00f3 Hugo Orlando \u201cLoco\u201d Gatti a los 80 a\u00f1os: adi\u00f3s a una leyenda del f\u00fatbol argentino - LA RED 88.3 LA RIOJA\",\"isPartOf\":{\"@id\":\"https:\\\/\\\/laredlarioja.com.ar\\\/sitio\\\/#website\"},\"primaryImageOfPage\":{\"@id\":\"https:\\\/\\\/laredlarioja.com.ar\\\/sitio\\\/murio-hugo-orlando-loco-gatti-a-los-80-anos-adios-a-una-leyenda-del-futbol-argentino\\\/#primaryimage\"},\"image\":{\"@id\":\"https:\\\/\\\/laredlarioja.com.ar\\\/sitio\\\/murio-hugo-orlando-loco-gatti-a-los-80-anos-adios-a-una-leyenda-del-futbol-argentino\\\/#primaryimage\"},\"thumbnailUrl\":\"https:\\\/\\\/laredlarioja.com.ar\\\/sitio\\\/wp-content\\\/uploads\\\/2025\\\/04\\\/hugo-el-loco-gatti-2006904.jpg\",\"datePublished\":\"2025-04-21T00:52:57+00:00\",\"breadcrumb\":{\"@id\":\"https:\\\/\\\/laredlarioja.com.ar\\\/sitio\\\/murio-hugo-orlando-loco-gatti-a-los-80-anos-adios-a-una-leyenda-del-futbol-argentino\\\/#breadcrumb\"},\"inLanguage\":\"es\",\"potentialAction\":[{\"@type\":\"ReadAction\",\"target\":[\"https:\\\/\\\/laredlarioja.com.ar\\\/sitio\\\/murio-hugo-orlando-loco-gatti-a-los-80-anos-adios-a-una-leyenda-del-futbol-argentino\\\/\"]}]},{\"@type\":\"ImageObject\",\"inLanguage\":\"es\",\"@id\":\"https:\\\/\\\/laredlarioja.com.ar\\\/sitio\\\/murio-hugo-orlando-loco-gatti-a-los-80-anos-adios-a-una-leyenda-del-futbol-argentino\\\/#primaryimage\",\"url\":\"https:\\\/\\\/laredlarioja.com.ar\\\/sitio\\\/wp-content\\\/uploads\\\/2025\\\/04\\\/hugo-el-loco-gatti-2006904.jpg\",\"contentUrl\":\"https:\\\/\\\/laredlarioja.com.ar\\\/sitio\\\/wp-content\\\/uploads\\\/2025\\\/04\\\/hugo-el-loco-gatti-2006904.jpg\",\"width\":950,\"height\":534},{\"@type\":\"BreadcrumbList\",\"@id\":\"https:\\\/\\\/laredlarioja.com.ar\\\/sitio\\\/murio-hugo-orlando-loco-gatti-a-los-80-anos-adios-a-una-leyenda-del-futbol-argentino\\\/#breadcrumb\",\"itemListElement\":[{\"@type\":\"ListItem\",\"position\":1,\"name\":\"Portada\",\"item\":\"https:\\\/\\\/laredlarioja.com.ar\\\/sitio\\\/\"},{\"@type\":\"ListItem\",\"position\":2,\"name\":\"Muri\u00f3 Hugo Orlando \u201cLoco\u201d Gatti a los 80 a\u00f1os: adi\u00f3s a una leyenda del f\u00fatbol argentino\"}]},{\"@type\":\"WebSite\",\"@id\":\"https:\\\/\\\/laredlarioja.com.ar\\\/sitio\\\/#website\",\"url\":\"https:\\\/\\\/laredlarioja.com.ar\\\/sitio\\\/\",\"name\":\"LA RED 88.3 LA RIOJA\",\"description\":\"Sitio de Noticias\",\"publisher\":{\"@id\":\"https:\\\/\\\/laredlarioja.com.ar\\\/sitio\\\/#organization\"},\"potentialAction\":[{\"@type\":\"SearchAction\",\"target\":{\"@type\":\"EntryPoint\",\"urlTemplate\":\"https:\\\/\\\/laredlarioja.com.ar\\\/sitio\\\/?s={search_term_string}\"},\"query-input\":{\"@type\":\"PropertyValueSpecification\",\"valueRequired\":true,\"valueName\":\"search_term_string\"}}],\"inLanguage\":\"es\"},{\"@type\":\"Organization\",\"@id\":\"https:\\\/\\\/laredlarioja.com.ar\\\/sitio\\\/#organization\",\"name\":\"LA RED 88.3 LA RIOJA\",\"url\":\"https:\\\/\\\/laredlarioja.com.ar\\\/sitio\\\/\",\"logo\":{\"@type\":\"ImageObject\",\"inLanguage\":\"es\",\"@id\":\"https:\\\/\\\/laredlarioja.com.ar\\\/sitio\\\/#\\\/schema\\\/logo\\\/image\\\/\",\"url\":\"https:\\\/\\\/laredlarioja.com.ar\\\/sitio\\\/wp-content\\\/uploads\\\/2025\\\/05\\\/LOGO-LA-RED.png\",\"contentUrl\":\"https:\\\/\\\/laredlarioja.com.ar\\\/sitio\\\/wp-content\\\/uploads\\\/2025\\\/05\\\/LOGO-LA-RED.png\",\"width\":193,\"height\":340,\"caption\":\"LA RED 88.3 LA RIOJA\"},\"image\":{\"@id\":\"https:\\\/\\\/laredlarioja.com.ar\\\/sitio\\\/#\\\/schema\\\/logo\\\/image\\\/\"},\"sameAs\":[\"https:\\\/\\\/www.facebook.com\\\/lared.larioja\",\"https:\\\/\\\/x.com\\\/laredlarioja1\",\"https:\\\/\\\/www.instagram.com\\\/lared_larioja\\\/\"]},{\"@type\":\"Person\",\"@id\":\"https:\\\/\\\/laredlarioja.com.ar\\\/sitio\\\/#\\\/schema\\\/person\\\/3b1600cc7f8fd3617dc50f96d3503489\",\"name\":\"Mart\u00edn Ruarte\",\"url\":\"https:\\\/\\\/laredlarioja.com.ar\\\/sitio\\\/author\\\/mruarte\\\/\"}]}<\/script>\n<!-- \/ Yoast SEO plugin. -->","yoast_head_json":{"title":"Muri\u00f3 Hugo Orlando \u201cLoco\u201d Gatti a los 80 a\u00f1os: adi\u00f3s a una leyenda del f\u00fatbol argentino - LA RED 88.3 LA RIOJA","robots":{"index":"index","follow":"follow","max-snippet":"max-snippet:-1","max-image-preview":"max-image-preview:large","max-video-preview":"max-video-preview:-1"},"canonical":"https:\/\/laredlarioja.com.ar\/sitio\/murio-hugo-orlando-loco-gatti-a-los-80-anos-adios-a-una-leyenda-del-futbol-argentino\/","og_locale":"es_ES","og_type":"article","og_title":"Muri\u00f3 Hugo Orlando \u201cLoco\u201d Gatti a los 80 a\u00f1os: adi\u00f3s a una leyenda del f\u00fatbol argentino - LA RED 88.3 LA RIOJA","og_description":"El exarquero Hugo Orlando \u201cLoco\u201d Gatti falleci\u00f3 este domingo a los 80 a\u00f1os, tras pasar dos meses internado","og_url":"https:\/\/laredlarioja.com.ar\/sitio\/murio-hugo-orlando-loco-gatti-a-los-80-anos-adios-a-una-leyenda-del-futbol-argentino\/","og_site_name":"LA RED 88.3 LA RIOJA","article_publisher":"https:\/\/www.facebook.com\/lared.larioja","article_published_time":"2025-04-21T00:52:57+00:00","og_image":[{"width":950,"height":534,"url":"https:\/\/laredlarioja.com.ar\/sitio\/wp-content\/uploads\/2025\/04\/hugo-el-loco-gatti-2006904.jpg","type":"image\/jpeg"}],"author":"Mart\u00edn Ruarte","twitter_card":"summary_large_image","twitter_creator":"@laredlarioja1","twitter_site":"@laredlarioja1","twitter_misc":{"Escrito por":"Mart\u00edn Ruarte","Tiempo de lectura":"2 minutos"},"schema":{"@context":"https:\/\/schema.org","@graph":[{"@type":"Article","@id":"https:\/\/laredlarioja.com.ar\/sitio\/murio-hugo-orlando-loco-gatti-a-los-80-anos-adios-a-una-leyenda-del-futbol-argentino\/#article","isPartOf":{"@id":"https:\/\/laredlarioja.com.ar\/sitio\/murio-hugo-orlando-loco-gatti-a-los-80-anos-adios-a-una-leyenda-del-futbol-argentino\/"},"author":{"name":"Mart\u00edn Ruarte","@id":"https:\/\/laredlarioja.com.ar\/sitio\/#\/schema\/person\/3b1600cc7f8fd3617dc50f96d3503489"},"headline":"Muri\u00f3 Hugo Orlando \u201cLoco\u201d Gatti a los 80 a\u00f1os: adi\u00f3s a una leyenda del f\u00fatbol argentino","datePublished":"2025-04-21T00:52:57+00:00","mainEntityOfPage":{"@id":"https:\/\/laredlarioja.com.ar\/sitio\/murio-hugo-orlando-loco-gatti-a-los-80-anos-adios-a-una-leyenda-del-futbol-argentino\/"},"wordCount":261,"publisher":{"@id":"https:\/\/laredlarioja.com.ar\/sitio\/#organization"},"image":{"@id":"https:\/\/laredlarioja.com.ar\/sitio\/murio-hugo-orlando-loco-gatti-a-los-80-anos-adios-a-una-leyenda-del-futbol-argentino\/#primaryimage"},"thumbnailUrl":"https:\/\/laredlarioja.com.ar\/sitio\/wp-content\/uploads\/2025\/04\/hugo-el-loco-gatti-2006904.jpg","articleSection":["Deportes"],"inLanguage":"es"},{"@type":"WebPage","@id":"https:\/\/laredlarioja.com.ar\/sitio\/murio-hugo-orlando-loco-gatti-a-los-80-anos-adios-a-una-leyenda-del-futbol-argentino\/","url":"https:\/\/laredlarioja.com.ar\/sitio\/murio-hugo-orlando-loco-gatti-a-los-80-anos-adios-a-una-leyenda-del-futbol-argentino\/","name":"Muri\u00f3 Hugo Orlando \u201cLoco\u201d Gatti a los 80 a\u00f1os: adi\u00f3s a una leyenda del f\u00fatbol argentino - LA RED 88.3 LA RIOJA","isPartOf":{"@id":"https:\/\/laredlarioja.com.ar\/sitio\/#website"},"primaryImageOfPage":{"@id":"https:\/\/laredlarioja.com.ar\/sitio\/murio-hugo-orlando-loco-gatti-a-los-80-anos-adios-a-una-leyenda-del-futbol-argentino\/#primaryimage"},"image":{"@id":"https:\/\/laredlarioja.com.ar\/sitio\/murio-hugo-orlando-loco-gatti-a-los-80-anos-adios-a-una-leyenda-del-futbol-argentino\/#primaryimage"},"thumbnailUrl":"https:\/\/laredlarioja.com.ar\/sitio\/wp-content\/uploads\/2025\/04\/hugo-el-loco-gatti-2006904.jpg","datePublished":"2025-04-21T00:52:57+00:00","breadcrumb":{"@id":"https:\/\/laredlarioja.com.ar\/sitio\/murio-hugo-orlando-loco-gatti-a-los-80-anos-adios-a-una-leyenda-del-futbol-argentino\/#breadcrumb"},"inLanguage":"es","potentialAction":[{"@type":"ReadAction","target":["https:\/\/laredlarioja.com.ar\/sitio\/murio-hugo-orlando-loco-gatti-a-los-80-anos-adios-a-una-leyenda-del-futbol-argentino\/"]}]},{"@type":"ImageObject","inLanguage":"es","@id":"https:\/\/laredlarioja.com.ar\/sitio\/murio-hugo-orlando-loco-gatti-a-los-80-anos-adios-a-una-leyenda-del-futbol-argentino\/#primaryimage","url":"https:\/\/laredlarioja.com.ar\/sitio\/wp-content\/uploads\/2025\/04\/hugo-el-loco-gatti-2006904.jpg","contentUrl":"https:\/\/laredlarioja.com.ar\/sitio\/wp-content\/uploads\/2025\/04\/hugo-el-loco-gatti-2006904.jpg","width":950,"height":534},{"@type":"BreadcrumbList","@id":"https:\/\/laredlarioja.com.ar\/sitio\/murio-hugo-orlando-loco-gatti-a-los-80-anos-adios-a-una-leyenda-del-futbol-argentino\/#breadcrumb","itemListElement":[{"@type":"ListItem","position":1,"name":"Portada","item":"https:\/\/laredlarioja.com.ar\/sitio\/"},{"@type":"ListItem","position":2,"name":"Muri\u00f3 Hugo Orlando \u201cLoco\u201d Gatti a los 80 a\u00f1os: adi\u00f3s a una leyenda del f\u00fatbol argentino"}]},{"@type":"WebSite","@id":"https:\/\/laredlarioja.com.ar\/sitio\/#website","url":"https:\/\/laredlarioja.com.ar\/sitio\/","name":"LA RED 88.3 LA RIOJA","description":"Sitio de Noticias","publisher":{"@id":"https:\/\/laredlarioja.com.ar\/sitio\/#organization"},"potentialAction":[{"@type":"SearchAction","target":{"@type":"EntryPoint","urlTemplate":"https:\/\/laredlarioja.com.ar\/sitio\/?s={search_term_string}"},"query-input":{"@type":"PropertyValueSpecification","valueRequired":true,"valueName":"search_term_string"}}],"inLanguage":"es"},{"@type":"Organization","@id":"https:\/\/laredlarioja.com.ar\/sitio\/#organization","name":"LA RED 88.3 LA RIOJA","url":"https:\/\/laredlarioja.com.ar\/sitio\/","logo":{"@type":"ImageObject","inLanguage":"es","@id":"https:\/\/laredlarioja.com.ar\/sitio\/#\/schema\/logo\/image\/","url":"https:\/\/laredlarioja.com.ar\/sitio\/wp-content\/uploads\/2025\/05\/LOGO-LA-RED.png","contentUrl":"https:\/\/laredlarioja.com.ar\/sitio\/wp-content\/uploads\/2025\/05\/LOGO-LA-RED.png","width":193,"height":340,"caption":"LA RED 88.3 LA RIOJA"},"image":{"@id":"https:\/\/laredlarioja.com.ar\/sitio\/#\/schema\/logo\/image\/"},"sameAs":["https:\/\/www.facebook.com\/lared.larioja","https:\/\/x.com\/laredlarioja1","https:\/\/www.instagram.com\/lared_larioja\/"]},{"@type":"Person","@id":"https:\/\/laredlarioja.com.ar\/sitio\/#\/schema\/person\/3b1600cc7f8fd3617dc50f96d3503489","name":"Mart\u00edn Ruarte","url":"https:\/\/laredlarioja.com.ar\/sitio\/author\/mruarte\/"}]}},"featured_image_urls":{"full":["https:\/\/laredlarioja.com.ar\/sitio\/wp-content\/uploads\/2025\/04\/hugo-el-loco-gatti-2006904.jpg",950,534,false],"thumbnail":["https:\/\/laredlarioja.com.ar\/sitio\/wp-content\/uploads\/2025\/04\/hugo-el-loco-gatti-2006904-150x150.jpg",150,150,true],"medium":["https:\/\/laredlarioja.com.ar\/sitio\/wp-content\/uploads\/2025\/04\/hugo-el-loco-gatti-2006904-300x169.jpg",300,169,true],"medium_large":["https:\/\/laredlarioja.com.ar\/sitio\/wp-content\/uploads\/2025\/04\/hugo-el-loco-gatti-2006904-768x432.jpg",640,360,true],"large":["https:\/\/laredlarioja.com.ar\/sitio\/wp-content\/uploads\/2025\/04\/hugo-el-loco-gatti-2006904.jpg",640,360,false],"1536x1536":["https:\/\/laredlarioja.com.ar\/sitio\/wp-content\/uploads\/2025\/04\/hugo-el-loco-gatti-2006904.jpg",950,534,false],"2048x2048":["https:\/\/laredlarioja.com.ar\/sitio\/wp-content\/uploads\/2025\/04\/hugo-el-loco-gatti-2006904.jpg",950,534,false],"cvmm-medium":["https:\/\/laredlarioja.com.ar\/sitio\/wp-content\/uploads\/2025\/04\/hugo-el-loco-gatti-2006904-300x300.jpg",300,300,true],"cvmm-medium-plus":["https:\/\/laredlarioja.com.ar\/sitio\/wp-content\/uploads\/2025\/04\/hugo-el-loco-gatti-2006904-305x207.jpg",305,207,true],"cvmm-portrait":["https:\/\/laredlarioja.com.ar\/sitio\/wp-content\/uploads\/2025\/04\/hugo-el-loco-gatti-2006904-400x534.jpg",400,534,true],"cvmm-medium-square":["https:\/\/laredlarioja.com.ar\/sitio\/wp-content\/uploads\/2025\/04\/hugo-el-loco-gatti-2006904-600x534.jpg",600,534,true],"cvmm-large":["https:\/\/laredlarioja.com.ar\/sitio\/wp-content\/uploads\/2025\/04\/hugo-el-loco-gatti-2006904.jpg",950,534,false],"cvmm-small":["https:\/\/laredlarioja.com.ar\/sitio\/wp-content\/uploads\/2025\/04\/hugo-el-loco-gatti-2006904-130x95.jpg",130,95,true],"morenews-large":["https:\/\/laredlarioja.com.ar\/sitio\/wp-content\/uploads\/2025\/04\/hugo-el-loco-gatti-2006904-825x534.jpg",825,534,true],"morenews-medium":["https:\/\/laredlarioja.com.ar\/sitio\/wp-content\/uploads\/2025\/04\/hugo-el-loco-gatti-2006904-590x410.jpg",590,410,true]},"author_info":{"display_name":"Mart\u00edn Ruarte","author_link":"https:\/\/laredlarioja.com.ar\/sitio\/author\/mruarte\/"},"category_info":"<a href=\"https:\/\/laredlarioja.com.ar\/sitio\/categorias\/deportes\/\" rel=\"category tag\">Deportes<\/a>","tag_info":"Deportes","comment_count":"0","blog_post_layout_featured_media_urls":{"thumbnail":["https:\/\/laredlarioja.com.ar\/sitio\/wp-content\/uploads\/2025\/04\/hugo-el-loco-gatti-2006904-150x150.jpg",150,150,true],"full":["https:\/\/laredlarioja.com.ar\/sitio\/wp-content\/uploads\/2025\/04\/hugo-el-loco-gatti-2006904.jpg",950,534,false]},"categories_names":{"26":{"name":"Deportes","link":"https:\/\/laredlarioja.com.ar\/sitio\/categorias\/deportes\/"}},"tags_names":[],"comments_number":"0","wpmagazine_modules_lite_featured_media_urls":{"thumbnail":["https:\/\/laredlarioja.com.ar\/sitio\/wp-content\/uploads\/2025\/04\/hugo-el-loco-gatti-2006904-150x150.jpg",150,150,true],"cvmm-medium":["https:\/\/laredlarioja.com.ar\/sitio\/wp-content\/uploads\/2025\/04\/hugo-el-loco-gatti-2006904-300x300.jpg",300,300,true],"cvmm-medium-plus":["https:\/\/laredlarioja.com.ar\/sitio\/wp-content\/uploads\/2025\/04\/hugo-el-loco-gatti-2006904-305x207.jpg",305,207,true],"cvmm-portrait":["https:\/\/laredlarioja.com.ar\/sitio\/wp-content\/uploads\/2025\/04\/hugo-el-loco-gatti-2006904-400x534.jpg",400,534,true],"cvmm-medium-square":["https:\/\/laredlarioja.com.ar\/sitio\/wp-content\/uploads\/2025\/04\/hugo-el-loco-gatti-2006904-600x534.jpg",600,534,true],"cvmm-large":["https:\/\/laredlarioja.com.ar\/sitio\/wp-content\/uploads\/2025\/04\/hugo-el-loco-gatti-2006904.jpg",950,534,false],"cvmm-small":["https:\/\/laredlarioja.com.ar\/sitio\/wp-content\/uploads\/2025\/04\/hugo-el-loco-gatti-2006904-130x95.jpg",130,95,true],"full":["https:\/\/laredlarioja.com.ar\/sitio\/wp-content\/uploads\/2025\/04\/hugo-el-loco-gatti-2006904.jpg",950,534,false]},"_links":{"self":[{"href":"https:\/\/laredlarioja.com.ar\/sitio\/wp-json\/wp\/v2\/posts\/60659","targetHints":{"allow":["GET"]}}],"collection":[{"href":"https:\/\/laredlarioja.com.ar\/sitio\/wp-json\/wp\/v2\/posts"}],"about":[{"href":"https:\/\/laredlarioja.com.ar\/sitio\/wp-json\/wp\/v2\/types\/post"}],"author":[{"embeddable":true,"href":"https:\/\/laredlarioja.com.ar\/sitio\/wp-json\/wp\/v2\/users\/8"}],"replies":[{"embeddable":true,"href":"https:\/\/laredlarioja.com.ar\/sitio\/wp-json\/wp\/v2\/comments?post=60659"}],"version-history":[{"count":1,"href":"https:\/\/laredlarioja.com.ar\/sitio\/wp-json\/wp\/v2\/posts\/60659\/revisions"}],"predecessor-version":[{"id":60661,"href":"https:\/\/laredlarioja.com.ar\/sitio\/wp-json\/wp\/v2\/posts\/60659\/revisions\/60661"}],"wp:featuredmedia":[{"embeddable":true,"href":"https:\/\/laredlarioja.com.ar\/sitio\/wp-json\/wp\/v2\/media\/60660"}],"wp:attachment":[{"href":"https:\/\/laredlarioja.com.ar\/sitio\/wp-json\/wp\/v2\/media?parent=60659"}],"wp:term":[{"taxonomy":"category","embeddable":true,"href":"https:\/\/laredlarioja.com.ar\/sitio\/wp-json\/wp\/v2\/categories?post=60659"},{"taxonomy":"post_tag","embeddable":true,"href":"https:\/\/laredlarioja.com.ar\/sitio\/wp-json\/wp\/v2\/tags?post=60659"}],"curies":[{"name":"wp","href":"https:\/\/api.w.org\/{rel}","templated":true}]}}