{"id":60667,"date":"2025-04-21T09:28:36","date_gmt":"2025-04-21T09:28:36","guid":{"rendered":"https:\/\/laredlarioja.com.ar\/sitio\/?p=60667"},"modified":"2025-04-21T11:36:24","modified_gmt":"2025-04-21T11:36:24","slug":"el-papa-francisco-y-su-relacion-con-la-rioja-admiracion-y-cercania-espiritual-con-enrique-angelelli","status":"publish","type":"post","link":"https:\/\/laredlarioja.com.ar\/sitio\/el-papa-francisco-y-su-relacion-con-la-rioja-admiracion-y-cercania-espiritual-con-enrique-angelelli\/","title":{"rendered":"El papa Francisco y su relaci\u00f3n con La Rioja: \u00abLa Rioja nos da m\u00e1rtires\u00bb"},"content":{"rendered":"<p>El Papa Francisco y su relaci\u00f3n con La Rioja estuvo profundamente marcada por su admiraci\u00f3n y cercan\u00eda espiritual con el beato Enrique Angelelli quien fue obispo de La Rioja y uno de los referentes m\u00e1s importantes de la iglesia en Argentina durante de las d\u00e9cadas de 1960 y 1970.<\/p>\n<p>Jorge Bergoglio, antes de ser Papa ya valoraba la figura de Angelelli asesinado en 1976 durante la dictadura militar. Como Papa impuls\u00f3 la beatificaci\u00f3n de Angelelli (2019), reconoci\u00e9ndolo como m\u00e1rtir de la Fe, ya que fue asesinado por odio a su labor profesional y compromiso con los pobres.<\/p>\n<p>Cabe destacar que La librer\u00eda Editrice Vaticana public\u00f3 el libro &#8216;Enrique \u00c1ngel Angelelli, en escucha de Dios y del Pueblo&#8217;, una obra que recoge las homil\u00edas del m\u00e1rtir y beato de La Rioja entre 1968 y 1976.<\/p>\n<p>En ese libro, el prefacio de la obra fue escrito por el Papa Francisco, quien record\u00f3 que \u201ccada hombre, cada mujer, cada creyente: todos somos un don del Se\u00f1or, un don muy precioso. Cada uno de nosotros es un don para todos y para toda la Iglesia, que se concreta en un contexto espec\u00edfico, en un tiempo, en un lugar muy espec\u00edfico\u201d.<\/p>\n<p>&nbsp;<\/p>\n<p><a href=\"https:\/\/laredlarioja.com.ar\/sitio\/wp-content\/uploads\/2025\/04\/WhatsApp-Image-2025-04-21-at-08.35.17.jpeg\"><img fetchpriority=\"high\" decoding=\"async\" class=\"wp-image-60698 size-full aligncenter\" src=\"https:\/\/laredlarioja.com.ar\/sitio\/wp-content\/uploads\/2025\/04\/WhatsApp-Image-2025-04-21-at-08.35.17.jpeg\" alt=\"\" width=\"621\" height=\"465\" srcset=\"https:\/\/laredlarioja.com.ar\/sitio\/wp-content\/uploads\/2025\/04\/WhatsApp-Image-2025-04-21-at-08.35.17.jpeg 621w, https:\/\/laredlarioja.com.ar\/sitio\/wp-content\/uploads\/2025\/04\/WhatsApp-Image-2025-04-21-at-08.35.17-300x225.jpeg 300w\" sizes=\"(max-width: 621px) 100vw, 621px\" \/><\/a><\/p>\n<p><strong>BEATIFICACI\u00d3N EN LA RIOJA<\/strong><\/p>\n<p>El Papa permiti\u00f3 que la ceremonia de beatificaci\u00f3n de Angelelli y otros m\u00e1rtires riojanos se realizara en La Rioja en 2019, la cual fue n gesto de reconocimiento a esa tierra como s\u00edmbolo de lucha y Fe.<\/p>\n<p>En un videomensaje enviado con motivo de la ceremonia de beatificaci\u00f3n Francisco dijo; \u00abAngelelli no fue un hombre solo. Fue parte de un pueblo, Fue parte de una historia. Y esa historia de La Rioja di\u00f3 m\u00e1rtires\u00bb.<\/p>\n<p>\u00abLa Rioja nos da m\u00e1rtires. Qu\u00e9 gracia para esta tierra, qu\u00e9 gracia para la Argentina !\u00bb<\/p>\n","protected":false},"excerpt":{"rendered":"<p>El Papa Francisco y su relaci\u00f3n con La Rioja estuvo profundamente marcada por su admiraci\u00f3n y cercan\u00eda espiritual<\/p>\n","protected":false},"author":7,"featured_media":60668,"comment_status":"closed","ping_status":"open","sticky":false,"template":"","format":"standard","meta":{"footnotes":""},"categories":[130],"tags":[84],"class_list":["post-60667","post","type-post","status-publish","format-standard","has-post-thumbnail","hentry","category-pais","tag-secundaria"],"yoast_head":"<!-- This site is optimized with the Yoast SEO plugin v27.4 - https:\/\/yoast.com\/product\/yoast-seo-wordpress\/ -->\n<title>El papa Francisco y su relaci\u00f3n con La Rioja: &quot;La Rioja nos da m\u00e1rtires&quot; - LA RED 88.3 LA RIOJA<\/title>\n<meta name=\"robots\" content=\"index, follow, max-snippet:-1, max-image-preview:large, max-video-preview:-1\" \/>\n<link rel=\"canonical\" href=\"https:\/\/laredlarioja.com.ar\/sitio\/el-papa-francisco-y-su-relacion-con-la-rioja-admiracion-y-cercania-espiritual-con-enrique-angelelli\/\" \/>\n<meta property=\"og:locale\" content=\"es_ES\" \/>\n<meta property=\"og:type\" content=\"article\" \/>\n<meta property=\"og:title\" content=\"El papa Francisco y su relaci\u00f3n con La Rioja: &quot;La Rioja nos da m\u00e1rtires&quot; - LA RED 88.3 LA RIOJA\" \/>\n<meta property=\"og:description\" content=\"El Papa Francisco y su relaci\u00f3n con La Rioja estuvo profundamente marcada por su admiraci\u00f3n y cercan\u00eda espiritual\" \/>\n<meta property=\"og:url\" content=\"https:\/\/laredlarioja.com.ar\/sitio\/el-papa-francisco-y-su-relacion-con-la-rioja-admiracion-y-cercania-espiritual-con-enrique-angelelli\/\" \/>\n<meta property=\"og:site_name\" content=\"LA RED 88.3 LA RIOJA\" \/>\n<meta property=\"article:publisher\" content=\"https:\/\/www.facebook.com\/lared.larioja\" \/>\n<meta property=\"article:published_time\" content=\"2025-04-21T09:28:36+00:00\" \/>\n<meta property=\"article:modified_time\" content=\"2025-04-21T11:36:24+00:00\" \/>\n<meta property=\"og:image\" content=\"https:\/\/laredlarioja.com.ar\/sitio\/wp-content\/uploads\/2025\/04\/angele.jpg\" \/>\n\t<meta property=\"og:image:width\" content=\"1564\" \/>\n\t<meta property=\"og:image:height\" content=\"1273\" \/>\n\t<meta property=\"og:image:type\" content=\"image\/jpeg\" \/>\n<meta name=\"author\" content=\"Anabella Soria\" \/>\n<meta name=\"twitter:card\" content=\"summary_large_image\" \/>\n<meta name=\"twitter:creator\" content=\"@laredlarioja1\" \/>\n<meta name=\"twitter:site\" content=\"@laredlarioja1\" \/>\n<meta name=\"twitter:label1\" content=\"Escrito por\" \/>\n\t<meta name=\"twitter:data1\" content=\"Anabella Soria\" \/>\n\t<meta name=\"twitter:label2\" content=\"Tiempo de lectura\" \/>\n\t<meta name=\"twitter:data2\" content=\"2 minutos\" \/>\n<script type=\"application\/ld+json\" class=\"yoast-schema-graph\">{\"@context\":\"https:\\\/\\\/schema.org\",\"@graph\":[{\"@type\":\"Article\",\"@id\":\"https:\\\/\\\/laredlarioja.com.ar\\\/sitio\\\/el-papa-francisco-y-su-relacion-con-la-rioja-admiracion-y-cercania-espiritual-con-enrique-angelelli\\\/#article\",\"isPartOf\":{\"@id\":\"https:\\\/\\\/laredlarioja.com.ar\\\/sitio\\\/el-papa-francisco-y-su-relacion-con-la-rioja-admiracion-y-cercania-espiritual-con-enrique-angelelli\\\/\"},\"author\":{\"name\":\"Anabella Soria\",\"@id\":\"https:\\\/\\\/laredlarioja.com.ar\\\/sitio\\\/#\\\/schema\\\/person\\\/31f88059d20c5cf06e974fd895aec56e\"},\"headline\":\"El papa Francisco y su relaci\u00f3n con La Rioja: \u00abLa Rioja nos da m\u00e1rtires\u00bb\",\"datePublished\":\"2025-04-21T09:28:36+00:00\",\"dateModified\":\"2025-04-21T11:36:24+00:00\",\"mainEntityOfPage\":{\"@id\":\"https:\\\/\\\/laredlarioja.com.ar\\\/sitio\\\/el-papa-francisco-y-su-relacion-con-la-rioja-admiracion-y-cercania-espiritual-con-enrique-angelelli\\\/\"},\"wordCount\":320,\"publisher\":{\"@id\":\"https:\\\/\\\/laredlarioja.com.ar\\\/sitio\\\/#organization\"},\"image\":{\"@id\":\"https:\\\/\\\/laredlarioja.com.ar\\\/sitio\\\/el-papa-francisco-y-su-relacion-con-la-rioja-admiracion-y-cercania-espiritual-con-enrique-angelelli\\\/#primaryimage\"},\"thumbnailUrl\":\"https:\\\/\\\/laredlarioja.com.ar\\\/sitio\\\/wp-content\\\/uploads\\\/2025\\\/04\\\/angele.jpg\",\"keywords\":[\"Secundaria\"],\"articleSection\":[\"El pa\u00eds\"],\"inLanguage\":\"es\"},{\"@type\":\"WebPage\",\"@id\":\"https:\\\/\\\/laredlarioja.com.ar\\\/sitio\\\/el-papa-francisco-y-su-relacion-con-la-rioja-admiracion-y-cercania-espiritual-con-enrique-angelelli\\\/\",\"url\":\"https:\\\/\\\/laredlarioja.com.ar\\\/sitio\\\/el-papa-francisco-y-su-relacion-con-la-rioja-admiracion-y-cercania-espiritual-con-enrique-angelelli\\\/\",\"name\":\"El papa Francisco y su relaci\u00f3n con La Rioja: \\\"La Rioja nos da m\u00e1rtires\\\" - LA RED 88.3 LA RIOJA\",\"isPartOf\":{\"@id\":\"https:\\\/\\\/laredlarioja.com.ar\\\/sitio\\\/#website\"},\"primaryImageOfPage\":{\"@id\":\"https:\\\/\\\/laredlarioja.com.ar\\\/sitio\\\/el-papa-francisco-y-su-relacion-con-la-rioja-admiracion-y-cercania-espiritual-con-enrique-angelelli\\\/#primaryimage\"},\"image\":{\"@id\":\"https:\\\/\\\/laredlarioja.com.ar\\\/sitio\\\/el-papa-francisco-y-su-relacion-con-la-rioja-admiracion-y-cercania-espiritual-con-enrique-angelelli\\\/#primaryimage\"},\"thumbnailUrl\":\"https:\\\/\\\/laredlarioja.com.ar\\\/sitio\\\/wp-content\\\/uploads\\\/2025\\\/04\\\/angele.jpg\",\"datePublished\":\"2025-04-21T09:28:36+00:00\",\"dateModified\":\"2025-04-21T11:36:24+00:00\",\"breadcrumb\":{\"@id\":\"https:\\\/\\\/laredlarioja.com.ar\\\/sitio\\\/el-papa-francisco-y-su-relacion-con-la-rioja-admiracion-y-cercania-espiritual-con-enrique-angelelli\\\/#breadcrumb\"},\"inLanguage\":\"es\",\"potentialAction\":[{\"@type\":\"ReadAction\",\"target\":[\"https:\\\/\\\/laredlarioja.com.ar\\\/sitio\\\/el-papa-francisco-y-su-relacion-con-la-rioja-admiracion-y-cercania-espiritual-con-enrique-angelelli\\\/\"]}]},{\"@type\":\"ImageObject\",\"inLanguage\":\"es\",\"@id\":\"https:\\\/\\\/laredlarioja.com.ar\\\/sitio\\\/el-papa-francisco-y-su-relacion-con-la-rioja-admiracion-y-cercania-espiritual-con-enrique-angelelli\\\/#primaryimage\",\"url\":\"https:\\\/\\\/laredlarioja.com.ar\\\/sitio\\\/wp-content\\\/uploads\\\/2025\\\/04\\\/angele.jpg\",\"contentUrl\":\"https:\\\/\\\/laredlarioja.com.ar\\\/sitio\\\/wp-content\\\/uploads\\\/2025\\\/04\\\/angele.jpg\",\"width\":1564,\"height\":1273},{\"@type\":\"BreadcrumbList\",\"@id\":\"https:\\\/\\\/laredlarioja.com.ar\\\/sitio\\\/el-papa-francisco-y-su-relacion-con-la-rioja-admiracion-y-cercania-espiritual-con-enrique-angelelli\\\/#breadcrumb\",\"itemListElement\":[{\"@type\":\"ListItem\",\"position\":1,\"name\":\"Portada\",\"item\":\"https:\\\/\\\/laredlarioja.com.ar\\\/sitio\\\/\"},{\"@type\":\"ListItem\",\"position\":2,\"name\":\"El papa Francisco y su relaci\u00f3n con La Rioja: \u00abLa Rioja nos da m\u00e1rtires\u00bb\"}]},{\"@type\":\"WebSite\",\"@id\":\"https:\\\/\\\/laredlarioja.com.ar\\\/sitio\\\/#website\",\"url\":\"https:\\\/\\\/laredlarioja.com.ar\\\/sitio\\\/\",\"name\":\"LA RED 88.3 LA RIOJA\",\"description\":\"Sitio de Noticias\",\"publisher\":{\"@id\":\"https:\\\/\\\/laredlarioja.com.ar\\\/sitio\\\/#organization\"},\"potentialAction\":[{\"@type\":\"SearchAction\",\"target\":{\"@type\":\"EntryPoint\",\"urlTemplate\":\"https:\\\/\\\/laredlarioja.com.ar\\\/sitio\\\/?s={search_term_string}\"},\"query-input\":{\"@type\":\"PropertyValueSpecification\",\"valueRequired\":true,\"valueName\":\"search_term_string\"}}],\"inLanguage\":\"es\"},{\"@type\":\"Organization\",\"@id\":\"https:\\\/\\\/laredlarioja.com.ar\\\/sitio\\\/#organization\",\"name\":\"LA RED 88.3 LA RIOJA\",\"url\":\"https:\\\/\\\/laredlarioja.com.ar\\\/sitio\\\/\",\"logo\":{\"@type\":\"ImageObject\",\"inLanguage\":\"es\",\"@id\":\"https:\\\/\\\/laredlarioja.com.ar\\\/sitio\\\/#\\\/schema\\\/logo\\\/image\\\/\",\"url\":\"https:\\\/\\\/laredlarioja.com.ar\\\/sitio\\\/wp-content\\\/uploads\\\/2025\\\/05\\\/LOGO-LA-RED.png\",\"contentUrl\":\"https:\\\/\\\/laredlarioja.com.ar\\\/sitio\\\/wp-content\\\/uploads\\\/2025\\\/05\\\/LOGO-LA-RED.png\",\"width\":193,\"height\":340,\"caption\":\"LA RED 88.3 LA RIOJA\"},\"image\":{\"@id\":\"https:\\\/\\\/laredlarioja.com.ar\\\/sitio\\\/#\\\/schema\\\/logo\\\/image\\\/\"},\"sameAs\":[\"https:\\\/\\\/www.facebook.com\\\/lared.larioja\",\"https:\\\/\\\/x.com\\\/laredlarioja1\",\"https:\\\/\\\/www.instagram.com\\\/lared_larioja\\\/\"]},{\"@type\":\"Person\",\"@id\":\"https:\\\/\\\/laredlarioja.com.ar\\\/sitio\\\/#\\\/schema\\\/person\\\/31f88059d20c5cf06e974fd895aec56e\",\"name\":\"Anabella Soria\",\"url\":\"https:\\\/\\\/laredlarioja.com.ar\\\/sitio\\\/author\\\/asoria\\\/\"}]}<\/script>\n<!-- \/ Yoast SEO plugin. -->","yoast_head_json":{"title":"El papa Francisco y su relaci\u00f3n con La Rioja: \"La Rioja nos da m\u00e1rtires\" - LA RED 88.3 LA RIOJA","robots":{"index":"index","follow":"follow","max-snippet":"max-snippet:-1","max-image-preview":"max-image-preview:large","max-video-preview":"max-video-preview:-1"},"canonical":"https:\/\/laredlarioja.com.ar\/sitio\/el-papa-francisco-y-su-relacion-con-la-rioja-admiracion-y-cercania-espiritual-con-enrique-angelelli\/","og_locale":"es_ES","og_type":"article","og_title":"El papa Francisco y su relaci\u00f3n con La Rioja: \"La Rioja nos da m\u00e1rtires\" - LA RED 88.3 LA RIOJA","og_description":"El Papa Francisco y su relaci\u00f3n con La Rioja estuvo profundamente marcada por su admiraci\u00f3n y cercan\u00eda espiritual","og_url":"https:\/\/laredlarioja.com.ar\/sitio\/el-papa-francisco-y-su-relacion-con-la-rioja-admiracion-y-cercania-espiritual-con-enrique-angelelli\/","og_site_name":"LA RED 88.3 LA RIOJA","article_publisher":"https:\/\/www.facebook.com\/lared.larioja","article_published_time":"2025-04-21T09:28:36+00:00","article_modified_time":"2025-04-21T11:36:24+00:00","og_image":[{"width":1564,"height":1273,"url":"https:\/\/laredlarioja.com.ar\/sitio\/wp-content\/uploads\/2025\/04\/angele.jpg","type":"image\/jpeg"}],"author":"Anabella Soria","twitter_card":"summary_large_image","twitter_creator":"@laredlarioja1","twitter_site":"@laredlarioja1","twitter_misc":{"Escrito por":"Anabella Soria","Tiempo de lectura":"2 minutos"},"schema":{"@context":"https:\/\/schema.org","@graph":[{"@type":"Article","@id":"https:\/\/laredlarioja.com.ar\/sitio\/el-papa-francisco-y-su-relacion-con-la-rioja-admiracion-y-cercania-espiritual-con-enrique-angelelli\/#article","isPartOf":{"@id":"https:\/\/laredlarioja.com.ar\/sitio\/el-papa-francisco-y-su-relacion-con-la-rioja-admiracion-y-cercania-espiritual-con-enrique-angelelli\/"},"author":{"name":"Anabella Soria","@id":"https:\/\/laredlarioja.com.ar\/sitio\/#\/schema\/person\/31f88059d20c5cf06e974fd895aec56e"},"headline":"El papa Francisco y su relaci\u00f3n con La Rioja: \u00abLa Rioja nos da m\u00e1rtires\u00bb","datePublished":"2025-04-21T09:28:36+00:00","dateModified":"2025-04-21T11:36:24+00:00","mainEntityOfPage":{"@id":"https:\/\/laredlarioja.com.ar\/sitio\/el-papa-francisco-y-su-relacion-con-la-rioja-admiracion-y-cercania-espiritual-con-enrique-angelelli\/"},"wordCount":320,"publisher":{"@id":"https:\/\/laredlarioja.com.ar\/sitio\/#organization"},"image":{"@id":"https:\/\/laredlarioja.com.ar\/sitio\/el-papa-francisco-y-su-relacion-con-la-rioja-admiracion-y-cercania-espiritual-con-enrique-angelelli\/#primaryimage"},"thumbnailUrl":"https:\/\/laredlarioja.com.ar\/sitio\/wp-content\/uploads\/2025\/04\/angele.jpg","keywords":["Secundaria"],"articleSection":["El pa\u00eds"],"inLanguage":"es"},{"@type":"WebPage","@id":"https:\/\/laredlarioja.com.ar\/sitio\/el-papa-francisco-y-su-relacion-con-la-rioja-admiracion-y-cercania-espiritual-con-enrique-angelelli\/","url":"https:\/\/laredlarioja.com.ar\/sitio\/el-papa-francisco-y-su-relacion-con-la-rioja-admiracion-y-cercania-espiritual-con-enrique-angelelli\/","name":"El papa Francisco y su relaci\u00f3n con La Rioja: \"La Rioja nos da m\u00e1rtires\" - LA RED 88.3 LA RIOJA","isPartOf":{"@id":"https:\/\/laredlarioja.com.ar\/sitio\/#website"},"primaryImageOfPage":{"@id":"https:\/\/laredlarioja.com.ar\/sitio\/el-papa-francisco-y-su-relacion-con-la-rioja-admiracion-y-cercania-espiritual-con-enrique-angelelli\/#primaryimage"},"image":{"@id":"https:\/\/laredlarioja.com.ar\/sitio\/el-papa-francisco-y-su-relacion-con-la-rioja-admiracion-y-cercania-espiritual-con-enrique-angelelli\/#primaryimage"},"thumbnailUrl":"https:\/\/laredlarioja.com.ar\/sitio\/wp-content\/uploads\/2025\/04\/angele.jpg","datePublished":"2025-04-21T09:28:36+00:00","dateModified":"2025-04-21T11:36:24+00:00","breadcrumb":{"@id":"https:\/\/laredlarioja.com.ar\/sitio\/el-papa-francisco-y-su-relacion-con-la-rioja-admiracion-y-cercania-espiritual-con-enrique-angelelli\/#breadcrumb"},"inLanguage":"es","potentialAction":[{"@type":"ReadAction","target":["https:\/\/laredlarioja.com.ar\/sitio\/el-papa-francisco-y-su-relacion-con-la-rioja-admiracion-y-cercania-espiritual-con-enrique-angelelli\/"]}]},{"@type":"ImageObject","inLanguage":"es","@id":"https:\/\/laredlarioja.com.ar\/sitio\/el-papa-francisco-y-su-relacion-con-la-rioja-admiracion-y-cercania-espiritual-con-enrique-angelelli\/#primaryimage","url":"https:\/\/laredlarioja.com.ar\/sitio\/wp-content\/uploads\/2025\/04\/angele.jpg","contentUrl":"https:\/\/laredlarioja.com.ar\/sitio\/wp-content\/uploads\/2025\/04\/angele.jpg","width":1564,"height":1273},{"@type":"BreadcrumbList","@id":"https:\/\/laredlarioja.com.ar\/sitio\/el-papa-francisco-y-su-relacion-con-la-rioja-admiracion-y-cercania-espiritual-con-enrique-angelelli\/#breadcrumb","itemListElement":[{"@type":"ListItem","position":1,"name":"Portada","item":"https:\/\/laredlarioja.com.ar\/sitio\/"},{"@type":"ListItem","position":2,"name":"El papa Francisco y su relaci\u00f3n con La Rioja: \u00abLa Rioja nos da m\u00e1rtires\u00bb"}]},{"@type":"WebSite","@id":"https:\/\/laredlarioja.com.ar\/sitio\/#website","url":"https:\/\/laredlarioja.com.ar\/sitio\/","name":"LA RED 88.3 LA RIOJA","description":"Sitio de Noticias","publisher":{"@id":"https:\/\/laredlarioja.com.ar\/sitio\/#organization"},"potentialAction":[{"@type":"SearchAction","target":{"@type":"EntryPoint","urlTemplate":"https:\/\/laredlarioja.com.ar\/sitio\/?s={search_term_string}"},"query-input":{"@type":"PropertyValueSpecification","valueRequired":true,"valueName":"search_term_string"}}],"inLanguage":"es"},{"@type":"Organization","@id":"https:\/\/laredlarioja.com.ar\/sitio\/#organization","name":"LA RED 88.3 LA RIOJA","url":"https:\/\/laredlarioja.com.ar\/sitio\/","logo":{"@type":"ImageObject","inLanguage":"es","@id":"https:\/\/laredlarioja.com.ar\/sitio\/#\/schema\/logo\/image\/","url":"https:\/\/laredlarioja.com.ar\/sitio\/wp-content\/uploads\/2025\/05\/LOGO-LA-RED.png","contentUrl":"https:\/\/laredlarioja.com.ar\/sitio\/wp-content\/uploads\/2025\/05\/LOGO-LA-RED.png","width":193,"height":340,"caption":"LA RED 88.3 LA RIOJA"},"image":{"@id":"https:\/\/laredlarioja.com.ar\/sitio\/#\/schema\/logo\/image\/"},"sameAs":["https:\/\/www.facebook.com\/lared.larioja","https:\/\/x.com\/laredlarioja1","https:\/\/www.instagram.com\/lared_larioja\/"]},{"@type":"Person","@id":"https:\/\/laredlarioja.com.ar\/sitio\/#\/schema\/person\/31f88059d20c5cf06e974fd895aec56e","name":"Anabella Soria","url":"https:\/\/laredlarioja.com.ar\/sitio\/author\/asoria\/"}]}},"featured_image_urls":{"full":["https:\/\/laredlarioja.com.ar\/sitio\/wp-content\/uploads\/2025\/04\/angele.jpg",1564,1273,false],"thumbnail":["https:\/\/laredlarioja.com.ar\/sitio\/wp-content\/uploads\/2025\/04\/angele-150x150.jpg",150,150,true],"medium":["https:\/\/laredlarioja.com.ar\/sitio\/wp-content\/uploads\/2025\/04\/angele-300x244.jpg",300,244,true],"medium_large":["https:\/\/laredlarioja.com.ar\/sitio\/wp-content\/uploads\/2025\/04\/angele-768x625.jpg",640,521,true],"large":["https:\/\/laredlarioja.com.ar\/sitio\/wp-content\/uploads\/2025\/04\/angele-1024x833.jpg",640,521,true],"1536x1536":["https:\/\/laredlarioja.com.ar\/sitio\/wp-content\/uploads\/2025\/04\/angele-1536x1250.jpg",1536,1250,true],"2048x2048":["https:\/\/laredlarioja.com.ar\/sitio\/wp-content\/uploads\/2025\/04\/angele.jpg",1564,1273,false],"cvmm-medium":["https:\/\/laredlarioja.com.ar\/sitio\/wp-content\/uploads\/2025\/04\/angele-300x300.jpg",300,300,true],"cvmm-medium-plus":["https:\/\/laredlarioja.com.ar\/sitio\/wp-content\/uploads\/2025\/04\/angele-305x207.jpg",305,207,true],"cvmm-portrait":["https:\/\/laredlarioja.com.ar\/sitio\/wp-content\/uploads\/2025\/04\/angele-400x600.jpg",400,600,true],"cvmm-medium-square":["https:\/\/laredlarioja.com.ar\/sitio\/wp-content\/uploads\/2025\/04\/angele-600x600.jpg",600,600,true],"cvmm-large":["https:\/\/laredlarioja.com.ar\/sitio\/wp-content\/uploads\/2025\/04\/angele-1024x1024.jpg",1024,1024,true],"cvmm-small":["https:\/\/laredlarioja.com.ar\/sitio\/wp-content\/uploads\/2025\/04\/angele-130x95.jpg",130,95,true],"morenews-large":["https:\/\/laredlarioja.com.ar\/sitio\/wp-content\/uploads\/2025\/04\/angele-825x575.jpg",825,575,true],"morenews-medium":["https:\/\/laredlarioja.com.ar\/sitio\/wp-content\/uploads\/2025\/04\/angele-590x410.jpg",590,410,true]},"author_info":{"display_name":"Anabella Soria","author_link":"https:\/\/laredlarioja.com.ar\/sitio\/author\/asoria\/"},"category_info":"<a href=\"https:\/\/laredlarioja.com.ar\/sitio\/categorias\/pais\/\" rel=\"category tag\">El pa\u00eds<\/a>","tag_info":"El pa\u00eds","comment_count":"0","blog_post_layout_featured_media_urls":{"thumbnail":["https:\/\/laredlarioja.com.ar\/sitio\/wp-content\/uploads\/2025\/04\/angele-150x150.jpg",150,150,true],"full":["https:\/\/laredlarioja.com.ar\/sitio\/wp-content\/uploads\/2025\/04\/angele.jpg",1564,1273,false]},"categories_names":{"130":{"name":"El pa\u00eds","link":"https:\/\/laredlarioja.com.ar\/sitio\/categorias\/pais\/"}},"tags_names":{"84":{"name":"Secundaria","link":"https:\/\/laredlarioja.com.ar\/sitio\/etiquetas\/secundaria\/"}},"comments_number":"0","wpmagazine_modules_lite_featured_media_urls":{"thumbnail":["https:\/\/laredlarioja.com.ar\/sitio\/wp-content\/uploads\/2025\/04\/angele-150x150.jpg",150,150,true],"cvmm-medium":["https:\/\/laredlarioja.com.ar\/sitio\/wp-content\/uploads\/2025\/04\/angele-300x300.jpg",300,300,true],"cvmm-medium-plus":["https:\/\/laredlarioja.com.ar\/sitio\/wp-content\/uploads\/2025\/04\/angele-305x207.jpg",305,207,true],"cvmm-portrait":["https:\/\/laredlarioja.com.ar\/sitio\/wp-content\/uploads\/2025\/04\/angele-400x600.jpg",400,600,true],"cvmm-medium-square":["https:\/\/laredlarioja.com.ar\/sitio\/wp-content\/uploads\/2025\/04\/angele-600x600.jpg",600,600,true],"cvmm-large":["https:\/\/laredlarioja.com.ar\/sitio\/wp-content\/uploads\/2025\/04\/angele-1024x1024.jpg",1024,1024,true],"cvmm-small":["https:\/\/laredlarioja.com.ar\/sitio\/wp-content\/uploads\/2025\/04\/angele-130x95.jpg",130,95,true],"full":["https:\/\/laredlarioja.com.ar\/sitio\/wp-content\/uploads\/2025\/04\/angele.jpg",1564,1273,false]},"_links":{"self":[{"href":"https:\/\/laredlarioja.com.ar\/sitio\/wp-json\/wp\/v2\/posts\/60667","targetHints":{"allow":["GET"]}}],"collection":[{"href":"https:\/\/laredlarioja.com.ar\/sitio\/wp-json\/wp\/v2\/posts"}],"about":[{"href":"https:\/\/laredlarioja.com.ar\/sitio\/wp-json\/wp\/v2\/types\/post"}],"author":[{"embeddable":true,"href":"https:\/\/laredlarioja.com.ar\/sitio\/wp-json\/wp\/v2\/users\/7"}],"replies":[{"embeddable":true,"href":"https:\/\/laredlarioja.com.ar\/sitio\/wp-json\/wp\/v2\/comments?post=60667"}],"version-history":[{"count":8,"href":"https:\/\/laredlarioja.com.ar\/sitio\/wp-json\/wp\/v2\/posts\/60667\/revisions"}],"predecessor-version":[{"id":60699,"href":"https:\/\/laredlarioja.com.ar\/sitio\/wp-json\/wp\/v2\/posts\/60667\/revisions\/60699"}],"wp:featuredmedia":[{"embeddable":true,"href":"https:\/\/laredlarioja.com.ar\/sitio\/wp-json\/wp\/v2\/media\/60668"}],"wp:attachment":[{"href":"https:\/\/laredlarioja.com.ar\/sitio\/wp-json\/wp\/v2\/media?parent=60667"}],"wp:term":[{"taxonomy":"category","embeddable":true,"href":"https:\/\/laredlarioja.com.ar\/sitio\/wp-json\/wp\/v2\/categories?post=60667"},{"taxonomy":"post_tag","embeddable":true,"href":"https:\/\/laredlarioja.com.ar\/sitio\/wp-json\/wp\/v2\/tags?post=60667"}],"curies":[{"name":"wp","href":"https:\/\/api.w.org\/{rel}","templated":true}]}}