{"id":60820,"date":"2025-04-23T14:56:49","date_gmt":"2025-04-23T14:56:49","guid":{"rendered":"https:\/\/laredlarioja.com.ar\/sitio\/?p=60820"},"modified":"2025-04-23T14:56:49","modified_gmt":"2025-04-23T14:56:49","slug":"venta-de-autos-en-abril-el-mercado-esta-tranquilo-pero-con-expectativas-positivas-a-largo-plazo","status":"publish","type":"post","link":"https:\/\/laredlarioja.com.ar\/sitio\/venta-de-autos-en-abril-el-mercado-esta-tranquilo-pero-con-expectativas-positivas-a-largo-plazo\/","title":{"rendered":"Venta de autos en abril: \u00abEl mercado est\u00e1 tranquilo, pero con expectativas positivas a largo plazo\u00bb"},"content":{"rendered":"<p class=\"\" data-start=\"105\" data-end=\"298\"><em data-start=\"105\" data-end=\"298\">Fernando Matesich, titular de Matesich Autos, analiz\u00f3 en di\u00e1logo con Radio La Red el impacto de la quita del cepo cambiario en el sector automotor y el comportamiento del mercado durante el mes de abril.<\/em><\/p>\n<p class=\"\" data-start=\"300\" data-end=\"621\">El empresario automotriz asegur\u00f3 que la quita del cepo a\u00fan no ha generado un impacto significativo en los precios ni en las listas de las concesionarias.<strong> \u201cHubo una marca que ajust\u00f3 los valores al alza, pero luego retrocedi\u00f3. Las dem\u00e1s est\u00e1n en modo conservador, esperando ver c\u00f3mo se comporta el d\u00f3lar\u201d,<\/strong> explic\u00f3 Matesich.<\/p>\n<p class=\"\" data-start=\"623\" data-end=\"1138\">Seg\u00fan el titular de la concesionaria, en otros momentos del pa\u00eds, las subas abruptas del d\u00f3lar sol\u00edan generar una reacci\u00f3n inmediata en el p\u00fablico, que aprovechaba las diferencias cambiarias para invertir en un veh\u00edculo. Sin embargo, el panorama actual es m\u00e1s calmo. <strong>\u201cCharlando con colegas coincidimos en que el mercado est\u00e1 bastante tranquilo, y m\u00e1s a\u00fan ahora, a la espera de novedades. Somos optimistas de que estos movimientos traer\u00e1n beneficios a largo plazo, pero hoy hay que manejarse con prudencia\u201d,<\/strong> coment\u00f3.<\/p>\n<p class=\"\" data-start=\"1140\" data-end=\"1475\">Uno de los factores positivos que destac\u00f3 Matesich es la baja en las tasas nominales anuales para financiamiento. <strong>\u201cVenimos de tasas del 120% y hoy estamos en el orden del 42 al 45%, lo cual es muy bueno para tomar una deuda a largo plazo\u201d,<\/strong> se\u00f1al\u00f3, incentivando a los potenciales compradores a considerar las l\u00edneas de cr\u00e9dito vigentes.<\/p>\n<p class=\"\" data-start=\"1477\" data-end=\"1829\">Adem\u00e1s, mencion\u00f3 un fen\u00f3meno que no se ve\u00eda hace a\u00f1os: la presencia visible de veh\u00edculos cero kil\u00f3metro en las calles con patente de papel. Esto se debe a la baja provisi\u00f3n de chapas met\u00e1licas en los registros del automotor. \u201cSe est\u00e1n entregando chapas provisorias que permiten circular por todo el pa\u00eds y pa\u00edses lim\u00edtrofes sin inconvenientes\u201d, aclar\u00f3.<\/p>\n<p class=\"\" data-start=\"1831\" data-end=\"2260\">Finalmente, Matesich invit\u00f3 a los interesados a acercarse a la concesionaria, ubicada en Av. Ortiz de Ocampo 2840, frente al Centro de Salud Faldeo del Velasco. El horario de atenci\u00f3n es de 9 a 13 y de 17:30 a 21:30 horas. \u201cTrabajamos con la l\u00ednea de veh\u00edculos 0km y usados, con un anticipo del 30% y financiaci\u00f3n hasta en 60 meses con Banco del Sol. Tambi\u00e9n pueden simular su cr\u00e9dito directamente en la concesionaria\u201d, concluy\u00f3.<\/p>\n","protected":false},"excerpt":{"rendered":"<p>Fernando Matesich, titular de Matesich Autos, analiz\u00f3 en di\u00e1logo con Radio La Red el impacto de la quita<\/p>\n","protected":false},"author":10,"featured_media":60821,"comment_status":"closed","ping_status":"open","sticky":false,"template":"","format":"standard","meta":{"footnotes":""},"categories":[24],"tags":[],"class_list":["post-60820","post","type-post","status-publish","format-standard","has-post-thumbnail","hentry","category-informacion-general"],"yoast_head":"<!-- This site is optimized with the Yoast SEO plugin v27.4 - https:\/\/yoast.com\/product\/yoast-seo-wordpress\/ -->\n<title>Venta de autos en abril: &quot;El mercado est\u00e1 tranquilo, pero con expectativas positivas a largo plazo&quot; - LA RED 88.3 LA RIOJA<\/title>\n<meta name=\"robots\" content=\"index, follow, max-snippet:-1, max-image-preview:large, max-video-preview:-1\" \/>\n<link rel=\"canonical\" href=\"https:\/\/laredlarioja.com.ar\/sitio\/venta-de-autos-en-abril-el-mercado-esta-tranquilo-pero-con-expectativas-positivas-a-largo-plazo\/\" \/>\n<meta property=\"og:locale\" content=\"es_ES\" \/>\n<meta property=\"og:type\" content=\"article\" \/>\n<meta property=\"og:title\" content=\"Venta de autos en abril: &quot;El mercado est\u00e1 tranquilo, pero con expectativas positivas a largo plazo&quot; - LA RED 88.3 LA RIOJA\" \/>\n<meta property=\"og:description\" content=\"Fernando Matesich, titular de Matesich Autos, analiz\u00f3 en di\u00e1logo con Radio La Red el impacto de la quita\" \/>\n<meta property=\"og:url\" content=\"https:\/\/laredlarioja.com.ar\/sitio\/venta-de-autos-en-abril-el-mercado-esta-tranquilo-pero-con-expectativas-positivas-a-largo-plazo\/\" \/>\n<meta property=\"og:site_name\" content=\"LA RED 88.3 LA RIOJA\" \/>\n<meta property=\"article:publisher\" content=\"https:\/\/www.facebook.com\/lared.larioja\" \/>\n<meta property=\"article:published_time\" content=\"2025-04-23T14:56:49+00:00\" \/>\n<meta property=\"og:image\" content=\"https:\/\/laredlarioja.com.ar\/sitio\/wp-content\/uploads\/2025\/04\/autos.jpg\" \/>\n\t<meta property=\"og:image:width\" content=\"700\" \/>\n\t<meta property=\"og:image:height\" content=\"400\" \/>\n\t<meta property=\"og:image:type\" content=\"image\/jpeg\" \/>\n<meta name=\"author\" content=\"La Red\" \/>\n<meta name=\"twitter:card\" content=\"summary_large_image\" \/>\n<meta name=\"twitter:creator\" content=\"@laredlarioja1\" \/>\n<meta name=\"twitter:site\" content=\"@laredlarioja1\" \/>\n<meta name=\"twitter:label1\" content=\"Escrito por\" \/>\n\t<meta name=\"twitter:data1\" content=\"La Red\" \/>\n\t<meta name=\"twitter:label2\" content=\"Tiempo de lectura\" \/>\n\t<meta name=\"twitter:data2\" content=\"2 minutos\" \/>\n<script type=\"application\/ld+json\" class=\"yoast-schema-graph\">{\"@context\":\"https:\\\/\\\/schema.org\",\"@graph\":[{\"@type\":\"Article\",\"@id\":\"https:\\\/\\\/laredlarioja.com.ar\\\/sitio\\\/venta-de-autos-en-abril-el-mercado-esta-tranquilo-pero-con-expectativas-positivas-a-largo-plazo\\\/#article\",\"isPartOf\":{\"@id\":\"https:\\\/\\\/laredlarioja.com.ar\\\/sitio\\\/venta-de-autos-en-abril-el-mercado-esta-tranquilo-pero-con-expectativas-positivas-a-largo-plazo\\\/\"},\"author\":{\"name\":\"La Red\",\"@id\":\"https:\\\/\\\/laredlarioja.com.ar\\\/sitio\\\/#\\\/schema\\\/person\\\/f1e213867beccedaaa4fb548d9259d9a\"},\"headline\":\"Venta de autos en abril: \u00abEl mercado est\u00e1 tranquilo, pero con expectativas positivas a largo plazo\u00bb\",\"datePublished\":\"2025-04-23T14:56:49+00:00\",\"mainEntityOfPage\":{\"@id\":\"https:\\\/\\\/laredlarioja.com.ar\\\/sitio\\\/venta-de-autos-en-abril-el-mercado-esta-tranquilo-pero-con-expectativas-positivas-a-largo-plazo\\\/\"},\"wordCount\":403,\"publisher\":{\"@id\":\"https:\\\/\\\/laredlarioja.com.ar\\\/sitio\\\/#organization\"},\"image\":{\"@id\":\"https:\\\/\\\/laredlarioja.com.ar\\\/sitio\\\/venta-de-autos-en-abril-el-mercado-esta-tranquilo-pero-con-expectativas-positivas-a-largo-plazo\\\/#primaryimage\"},\"thumbnailUrl\":\"https:\\\/\\\/laredlarioja.com.ar\\\/sitio\\\/wp-content\\\/uploads\\\/2025\\\/04\\\/autos.jpg\",\"articleSection\":[\"Informaci\u00f3n General\"],\"inLanguage\":\"es\"},{\"@type\":\"WebPage\",\"@id\":\"https:\\\/\\\/laredlarioja.com.ar\\\/sitio\\\/venta-de-autos-en-abril-el-mercado-esta-tranquilo-pero-con-expectativas-positivas-a-largo-plazo\\\/\",\"url\":\"https:\\\/\\\/laredlarioja.com.ar\\\/sitio\\\/venta-de-autos-en-abril-el-mercado-esta-tranquilo-pero-con-expectativas-positivas-a-largo-plazo\\\/\",\"name\":\"Venta de autos en abril: \\\"El mercado est\u00e1 tranquilo, pero con expectativas positivas a largo plazo\\\" - LA RED 88.3 LA RIOJA\",\"isPartOf\":{\"@id\":\"https:\\\/\\\/laredlarioja.com.ar\\\/sitio\\\/#website\"},\"primaryImageOfPage\":{\"@id\":\"https:\\\/\\\/laredlarioja.com.ar\\\/sitio\\\/venta-de-autos-en-abril-el-mercado-esta-tranquilo-pero-con-expectativas-positivas-a-largo-plazo\\\/#primaryimage\"},\"image\":{\"@id\":\"https:\\\/\\\/laredlarioja.com.ar\\\/sitio\\\/venta-de-autos-en-abril-el-mercado-esta-tranquilo-pero-con-expectativas-positivas-a-largo-plazo\\\/#primaryimage\"},\"thumbnailUrl\":\"https:\\\/\\\/laredlarioja.com.ar\\\/sitio\\\/wp-content\\\/uploads\\\/2025\\\/04\\\/autos.jpg\",\"datePublished\":\"2025-04-23T14:56:49+00:00\",\"breadcrumb\":{\"@id\":\"https:\\\/\\\/laredlarioja.com.ar\\\/sitio\\\/venta-de-autos-en-abril-el-mercado-esta-tranquilo-pero-con-expectativas-positivas-a-largo-plazo\\\/#breadcrumb\"},\"inLanguage\":\"es\",\"potentialAction\":[{\"@type\":\"ReadAction\",\"target\":[\"https:\\\/\\\/laredlarioja.com.ar\\\/sitio\\\/venta-de-autos-en-abril-el-mercado-esta-tranquilo-pero-con-expectativas-positivas-a-largo-plazo\\\/\"]}]},{\"@type\":\"ImageObject\",\"inLanguage\":\"es\",\"@id\":\"https:\\\/\\\/laredlarioja.com.ar\\\/sitio\\\/venta-de-autos-en-abril-el-mercado-esta-tranquilo-pero-con-expectativas-positivas-a-largo-plazo\\\/#primaryimage\",\"url\":\"https:\\\/\\\/laredlarioja.com.ar\\\/sitio\\\/wp-content\\\/uploads\\\/2025\\\/04\\\/autos.jpg\",\"contentUrl\":\"https:\\\/\\\/laredlarioja.com.ar\\\/sitio\\\/wp-content\\\/uploads\\\/2025\\\/04\\\/autos.jpg\",\"width\":700,\"height\":400},{\"@type\":\"BreadcrumbList\",\"@id\":\"https:\\\/\\\/laredlarioja.com.ar\\\/sitio\\\/venta-de-autos-en-abril-el-mercado-esta-tranquilo-pero-con-expectativas-positivas-a-largo-plazo\\\/#breadcrumb\",\"itemListElement\":[{\"@type\":\"ListItem\",\"position\":1,\"name\":\"Portada\",\"item\":\"https:\\\/\\\/laredlarioja.com.ar\\\/sitio\\\/\"},{\"@type\":\"ListItem\",\"position\":2,\"name\":\"Venta de autos en abril: \u00abEl mercado est\u00e1 tranquilo, pero con expectativas positivas a largo plazo\u00bb\"}]},{\"@type\":\"WebSite\",\"@id\":\"https:\\\/\\\/laredlarioja.com.ar\\\/sitio\\\/#website\",\"url\":\"https:\\\/\\\/laredlarioja.com.ar\\\/sitio\\\/\",\"name\":\"LA RED 88.3 LA RIOJA\",\"description\":\"Sitio de Noticias\",\"publisher\":{\"@id\":\"https:\\\/\\\/laredlarioja.com.ar\\\/sitio\\\/#organization\"},\"potentialAction\":[{\"@type\":\"SearchAction\",\"target\":{\"@type\":\"EntryPoint\",\"urlTemplate\":\"https:\\\/\\\/laredlarioja.com.ar\\\/sitio\\\/?s={search_term_string}\"},\"query-input\":{\"@type\":\"PropertyValueSpecification\",\"valueRequired\":true,\"valueName\":\"search_term_string\"}}],\"inLanguage\":\"es\"},{\"@type\":\"Organization\",\"@id\":\"https:\\\/\\\/laredlarioja.com.ar\\\/sitio\\\/#organization\",\"name\":\"LA RED 88.3 LA RIOJA\",\"url\":\"https:\\\/\\\/laredlarioja.com.ar\\\/sitio\\\/\",\"logo\":{\"@type\":\"ImageObject\",\"inLanguage\":\"es\",\"@id\":\"https:\\\/\\\/laredlarioja.com.ar\\\/sitio\\\/#\\\/schema\\\/logo\\\/image\\\/\",\"url\":\"https:\\\/\\\/laredlarioja.com.ar\\\/sitio\\\/wp-content\\\/uploads\\\/2025\\\/05\\\/LOGO-LA-RED.png\",\"contentUrl\":\"https:\\\/\\\/laredlarioja.com.ar\\\/sitio\\\/wp-content\\\/uploads\\\/2025\\\/05\\\/LOGO-LA-RED.png\",\"width\":193,\"height\":340,\"caption\":\"LA RED 88.3 LA RIOJA\"},\"image\":{\"@id\":\"https:\\\/\\\/laredlarioja.com.ar\\\/sitio\\\/#\\\/schema\\\/logo\\\/image\\\/\"},\"sameAs\":[\"https:\\\/\\\/www.facebook.com\\\/lared.larioja\",\"https:\\\/\\\/x.com\\\/laredlarioja1\",\"https:\\\/\\\/www.instagram.com\\\/lared_larioja\\\/\"]},{\"@type\":\"Person\",\"@id\":\"https:\\\/\\\/laredlarioja.com.ar\\\/sitio\\\/#\\\/schema\\\/person\\\/f1e213867beccedaaa4fb548d9259d9a\",\"name\":\"La Red\",\"url\":\"https:\\\/\\\/laredlarioja.com.ar\\\/sitio\\\/author\\\/lared\\\/\"}]}<\/script>\n<!-- \/ Yoast SEO plugin. -->","yoast_head_json":{"title":"Venta de autos en abril: \"El mercado est\u00e1 tranquilo, pero con expectativas positivas a largo plazo\" - LA RED 88.3 LA RIOJA","robots":{"index":"index","follow":"follow","max-snippet":"max-snippet:-1","max-image-preview":"max-image-preview:large","max-video-preview":"max-video-preview:-1"},"canonical":"https:\/\/laredlarioja.com.ar\/sitio\/venta-de-autos-en-abril-el-mercado-esta-tranquilo-pero-con-expectativas-positivas-a-largo-plazo\/","og_locale":"es_ES","og_type":"article","og_title":"Venta de autos en abril: \"El mercado est\u00e1 tranquilo, pero con expectativas positivas a largo plazo\" - LA RED 88.3 LA RIOJA","og_description":"Fernando Matesich, titular de Matesich Autos, analiz\u00f3 en di\u00e1logo con Radio La Red el impacto de la quita","og_url":"https:\/\/laredlarioja.com.ar\/sitio\/venta-de-autos-en-abril-el-mercado-esta-tranquilo-pero-con-expectativas-positivas-a-largo-plazo\/","og_site_name":"LA RED 88.3 LA RIOJA","article_publisher":"https:\/\/www.facebook.com\/lared.larioja","article_published_time":"2025-04-23T14:56:49+00:00","og_image":[{"width":700,"height":400,"url":"https:\/\/laredlarioja.com.ar\/sitio\/wp-content\/uploads\/2025\/04\/autos.jpg","type":"image\/jpeg"}],"author":"La Red","twitter_card":"summary_large_image","twitter_creator":"@laredlarioja1","twitter_site":"@laredlarioja1","twitter_misc":{"Escrito por":"La Red","Tiempo de lectura":"2 minutos"},"schema":{"@context":"https:\/\/schema.org","@graph":[{"@type":"Article","@id":"https:\/\/laredlarioja.com.ar\/sitio\/venta-de-autos-en-abril-el-mercado-esta-tranquilo-pero-con-expectativas-positivas-a-largo-plazo\/#article","isPartOf":{"@id":"https:\/\/laredlarioja.com.ar\/sitio\/venta-de-autos-en-abril-el-mercado-esta-tranquilo-pero-con-expectativas-positivas-a-largo-plazo\/"},"author":{"name":"La Red","@id":"https:\/\/laredlarioja.com.ar\/sitio\/#\/schema\/person\/f1e213867beccedaaa4fb548d9259d9a"},"headline":"Venta de autos en abril: \u00abEl mercado est\u00e1 tranquilo, pero con expectativas positivas a largo plazo\u00bb","datePublished":"2025-04-23T14:56:49+00:00","mainEntityOfPage":{"@id":"https:\/\/laredlarioja.com.ar\/sitio\/venta-de-autos-en-abril-el-mercado-esta-tranquilo-pero-con-expectativas-positivas-a-largo-plazo\/"},"wordCount":403,"publisher":{"@id":"https:\/\/laredlarioja.com.ar\/sitio\/#organization"},"image":{"@id":"https:\/\/laredlarioja.com.ar\/sitio\/venta-de-autos-en-abril-el-mercado-esta-tranquilo-pero-con-expectativas-positivas-a-largo-plazo\/#primaryimage"},"thumbnailUrl":"https:\/\/laredlarioja.com.ar\/sitio\/wp-content\/uploads\/2025\/04\/autos.jpg","articleSection":["Informaci\u00f3n General"],"inLanguage":"es"},{"@type":"WebPage","@id":"https:\/\/laredlarioja.com.ar\/sitio\/venta-de-autos-en-abril-el-mercado-esta-tranquilo-pero-con-expectativas-positivas-a-largo-plazo\/","url":"https:\/\/laredlarioja.com.ar\/sitio\/venta-de-autos-en-abril-el-mercado-esta-tranquilo-pero-con-expectativas-positivas-a-largo-plazo\/","name":"Venta de autos en abril: \"El mercado est\u00e1 tranquilo, pero con expectativas positivas a largo plazo\" - LA RED 88.3 LA RIOJA","isPartOf":{"@id":"https:\/\/laredlarioja.com.ar\/sitio\/#website"},"primaryImageOfPage":{"@id":"https:\/\/laredlarioja.com.ar\/sitio\/venta-de-autos-en-abril-el-mercado-esta-tranquilo-pero-con-expectativas-positivas-a-largo-plazo\/#primaryimage"},"image":{"@id":"https:\/\/laredlarioja.com.ar\/sitio\/venta-de-autos-en-abril-el-mercado-esta-tranquilo-pero-con-expectativas-positivas-a-largo-plazo\/#primaryimage"},"thumbnailUrl":"https:\/\/laredlarioja.com.ar\/sitio\/wp-content\/uploads\/2025\/04\/autos.jpg","datePublished":"2025-04-23T14:56:49+00:00","breadcrumb":{"@id":"https:\/\/laredlarioja.com.ar\/sitio\/venta-de-autos-en-abril-el-mercado-esta-tranquilo-pero-con-expectativas-positivas-a-largo-plazo\/#breadcrumb"},"inLanguage":"es","potentialAction":[{"@type":"ReadAction","target":["https:\/\/laredlarioja.com.ar\/sitio\/venta-de-autos-en-abril-el-mercado-esta-tranquilo-pero-con-expectativas-positivas-a-largo-plazo\/"]}]},{"@type":"ImageObject","inLanguage":"es","@id":"https:\/\/laredlarioja.com.ar\/sitio\/venta-de-autos-en-abril-el-mercado-esta-tranquilo-pero-con-expectativas-positivas-a-largo-plazo\/#primaryimage","url":"https:\/\/laredlarioja.com.ar\/sitio\/wp-content\/uploads\/2025\/04\/autos.jpg","contentUrl":"https:\/\/laredlarioja.com.ar\/sitio\/wp-content\/uploads\/2025\/04\/autos.jpg","width":700,"height":400},{"@type":"BreadcrumbList","@id":"https:\/\/laredlarioja.com.ar\/sitio\/venta-de-autos-en-abril-el-mercado-esta-tranquilo-pero-con-expectativas-positivas-a-largo-plazo\/#breadcrumb","itemListElement":[{"@type":"ListItem","position":1,"name":"Portada","item":"https:\/\/laredlarioja.com.ar\/sitio\/"},{"@type":"ListItem","position":2,"name":"Venta de autos en abril: \u00abEl mercado est\u00e1 tranquilo, pero con expectativas positivas a largo plazo\u00bb"}]},{"@type":"WebSite","@id":"https:\/\/laredlarioja.com.ar\/sitio\/#website","url":"https:\/\/laredlarioja.com.ar\/sitio\/","name":"LA RED 88.3 LA RIOJA","description":"Sitio de Noticias","publisher":{"@id":"https:\/\/laredlarioja.com.ar\/sitio\/#organization"},"potentialAction":[{"@type":"SearchAction","target":{"@type":"EntryPoint","urlTemplate":"https:\/\/laredlarioja.com.ar\/sitio\/?s={search_term_string}"},"query-input":{"@type":"PropertyValueSpecification","valueRequired":true,"valueName":"search_term_string"}}],"inLanguage":"es"},{"@type":"Organization","@id":"https:\/\/laredlarioja.com.ar\/sitio\/#organization","name":"LA RED 88.3 LA RIOJA","url":"https:\/\/laredlarioja.com.ar\/sitio\/","logo":{"@type":"ImageObject","inLanguage":"es","@id":"https:\/\/laredlarioja.com.ar\/sitio\/#\/schema\/logo\/image\/","url":"https:\/\/laredlarioja.com.ar\/sitio\/wp-content\/uploads\/2025\/05\/LOGO-LA-RED.png","contentUrl":"https:\/\/laredlarioja.com.ar\/sitio\/wp-content\/uploads\/2025\/05\/LOGO-LA-RED.png","width":193,"height":340,"caption":"LA RED 88.3 LA RIOJA"},"image":{"@id":"https:\/\/laredlarioja.com.ar\/sitio\/#\/schema\/logo\/image\/"},"sameAs":["https:\/\/www.facebook.com\/lared.larioja","https:\/\/x.com\/laredlarioja1","https:\/\/www.instagram.com\/lared_larioja\/"]},{"@type":"Person","@id":"https:\/\/laredlarioja.com.ar\/sitio\/#\/schema\/person\/f1e213867beccedaaa4fb548d9259d9a","name":"La Red","url":"https:\/\/laredlarioja.com.ar\/sitio\/author\/lared\/"}]}},"featured_image_urls":{"full":["https:\/\/laredlarioja.com.ar\/sitio\/wp-content\/uploads\/2025\/04\/autos.jpg",700,400,false],"thumbnail":["https:\/\/laredlarioja.com.ar\/sitio\/wp-content\/uploads\/2025\/04\/autos-150x150.jpg",150,150,true],"medium":["https:\/\/laredlarioja.com.ar\/sitio\/wp-content\/uploads\/2025\/04\/autos-300x171.jpg",300,171,true],"medium_large":["https:\/\/laredlarioja.com.ar\/sitio\/wp-content\/uploads\/2025\/04\/autos.jpg",640,366,false],"large":["https:\/\/laredlarioja.com.ar\/sitio\/wp-content\/uploads\/2025\/04\/autos.jpg",640,366,false],"1536x1536":["https:\/\/laredlarioja.com.ar\/sitio\/wp-content\/uploads\/2025\/04\/autos.jpg",700,400,false],"2048x2048":["https:\/\/laredlarioja.com.ar\/sitio\/wp-content\/uploads\/2025\/04\/autos.jpg",700,400,false],"cvmm-medium":["https:\/\/laredlarioja.com.ar\/sitio\/wp-content\/uploads\/2025\/04\/autos-300x300.jpg",300,300,true],"cvmm-medium-plus":["https:\/\/laredlarioja.com.ar\/sitio\/wp-content\/uploads\/2025\/04\/autos-305x207.jpg",305,207,true],"cvmm-portrait":["https:\/\/laredlarioja.com.ar\/sitio\/wp-content\/uploads\/2025\/04\/autos-400x400.jpg",400,400,true],"cvmm-medium-square":["https:\/\/laredlarioja.com.ar\/sitio\/wp-content\/uploads\/2025\/04\/autos-600x400.jpg",600,400,true],"cvmm-large":["https:\/\/laredlarioja.com.ar\/sitio\/wp-content\/uploads\/2025\/04\/autos.jpg",700,400,false],"cvmm-small":["https:\/\/laredlarioja.com.ar\/sitio\/wp-content\/uploads\/2025\/04\/autos-130x95.jpg",130,95,true],"morenews-large":["https:\/\/laredlarioja.com.ar\/sitio\/wp-content\/uploads\/2025\/04\/autos.jpg",700,400,false],"morenews-medium":["https:\/\/laredlarioja.com.ar\/sitio\/wp-content\/uploads\/2025\/04\/autos-590x400.jpg",590,400,true]},"author_info":{"display_name":"La Red","author_link":"https:\/\/laredlarioja.com.ar\/sitio\/author\/lared\/"},"category_info":"<a href=\"https:\/\/laredlarioja.com.ar\/sitio\/categorias\/informacion-general\/\" rel=\"category tag\">Informaci\u00f3n General<\/a>","tag_info":"Informaci\u00f3n General","comment_count":"0","blog_post_layout_featured_media_urls":{"thumbnail":["https:\/\/laredlarioja.com.ar\/sitio\/wp-content\/uploads\/2025\/04\/autos-150x150.jpg",150,150,true],"full":["https:\/\/laredlarioja.com.ar\/sitio\/wp-content\/uploads\/2025\/04\/autos.jpg",700,400,false]},"categories_names":{"24":{"name":"Informaci\u00f3n General","link":"https:\/\/laredlarioja.com.ar\/sitio\/categorias\/informacion-general\/"}},"tags_names":[],"comments_number":"0","wpmagazine_modules_lite_featured_media_urls":{"thumbnail":["https:\/\/laredlarioja.com.ar\/sitio\/wp-content\/uploads\/2025\/04\/autos-150x150.jpg",150,150,true],"cvmm-medium":["https:\/\/laredlarioja.com.ar\/sitio\/wp-content\/uploads\/2025\/04\/autos-300x300.jpg",300,300,true],"cvmm-medium-plus":["https:\/\/laredlarioja.com.ar\/sitio\/wp-content\/uploads\/2025\/04\/autos-305x207.jpg",305,207,true],"cvmm-portrait":["https:\/\/laredlarioja.com.ar\/sitio\/wp-content\/uploads\/2025\/04\/autos-400x400.jpg",400,400,true],"cvmm-medium-square":["https:\/\/laredlarioja.com.ar\/sitio\/wp-content\/uploads\/2025\/04\/autos-600x400.jpg",600,400,true],"cvmm-large":["https:\/\/laredlarioja.com.ar\/sitio\/wp-content\/uploads\/2025\/04\/autos.jpg",700,400,false],"cvmm-small":["https:\/\/laredlarioja.com.ar\/sitio\/wp-content\/uploads\/2025\/04\/autos-130x95.jpg",130,95,true],"full":["https:\/\/laredlarioja.com.ar\/sitio\/wp-content\/uploads\/2025\/04\/autos.jpg",700,400,false]},"_links":{"self":[{"href":"https:\/\/laredlarioja.com.ar\/sitio\/wp-json\/wp\/v2\/posts\/60820","targetHints":{"allow":["GET"]}}],"collection":[{"href":"https:\/\/laredlarioja.com.ar\/sitio\/wp-json\/wp\/v2\/posts"}],"about":[{"href":"https:\/\/laredlarioja.com.ar\/sitio\/wp-json\/wp\/v2\/types\/post"}],"author":[{"embeddable":true,"href":"https:\/\/laredlarioja.com.ar\/sitio\/wp-json\/wp\/v2\/users\/10"}],"replies":[{"embeddable":true,"href":"https:\/\/laredlarioja.com.ar\/sitio\/wp-json\/wp\/v2\/comments?post=60820"}],"version-history":[{"count":1,"href":"https:\/\/laredlarioja.com.ar\/sitio\/wp-json\/wp\/v2\/posts\/60820\/revisions"}],"predecessor-version":[{"id":60822,"href":"https:\/\/laredlarioja.com.ar\/sitio\/wp-json\/wp\/v2\/posts\/60820\/revisions\/60822"}],"wp:featuredmedia":[{"embeddable":true,"href":"https:\/\/laredlarioja.com.ar\/sitio\/wp-json\/wp\/v2\/media\/60821"}],"wp:attachment":[{"href":"https:\/\/laredlarioja.com.ar\/sitio\/wp-json\/wp\/v2\/media?parent=60820"}],"wp:term":[{"taxonomy":"category","embeddable":true,"href":"https:\/\/laredlarioja.com.ar\/sitio\/wp-json\/wp\/v2\/categories?post=60820"},{"taxonomy":"post_tag","embeddable":true,"href":"https:\/\/laredlarioja.com.ar\/sitio\/wp-json\/wp\/v2\/tags?post=60820"}],"curies":[{"name":"wp","href":"https:\/\/api.w.org\/{rel}","templated":true}]}}