{"id":60924,"date":"2025-04-25T15:14:32","date_gmt":"2025-04-25T15:14:32","guid":{"rendered":"https:\/\/laredlarioja.com.ar\/sitio\/?p=60924"},"modified":"2025-04-25T15:52:44","modified_gmt":"2025-04-25T15:52:44","slug":"la-fundacion-praolini-realiza-locro-solidario-el-1-de-mayo","status":"publish","type":"post","link":"https:\/\/laredlarioja.com.ar\/sitio\/la-fundacion-praolini-realiza-locro-solidario-el-1-de-mayo\/","title":{"rendered":"La Fundaci\u00f3n Praolini realiza su tradicional locro solidario del 1 de mayo"},"content":{"rendered":"<p>El pr\u00f3ximo 1 de mayo, la Fundaci\u00f3n Enrri Praolini realiza nuevamente el <strong>locro solidario en las instalaciones del Club Banco Rioja<\/strong>. La recaudaci\u00f3n servir\u00e1 para mejorar las instalaciones de la fundaci\u00f3n ubicada en La Aguadita de Vargas\u00a0 y solventar los gastos en alimentos. Carmen Cocha, presidenta de la fundaci\u00f3n, coment\u00f3 en <strong>Radio La Red que todos los d\u00edas tienen brindan el desayuno y el\u00a0 almuerzo a un grupo de 120 personas en tres horarios.\u00a0<\/strong><\/p>\n<p>\u201cA las 9 llegan los docentes para bridan apoyo escolar y los ni\u00f1os a desayunar. Luego puede tener alg\u00fan taller dictado por la Secretar\u00eda de Cultura. A las 11.30 almuerzan porque tienen que partir para ir a la escuela\u201d. Y, despu\u00e9s de las 12 almuerzan dos grupos m\u00e1s.<\/p>\n<p>Cocha coment\u00f3 que tres personas est\u00e1n a cargo de la cocina que fueron capacitadas y cuentan con el asesoramiento de una nutricionista \u201cpara poder organizar la dieta con todo lo que reciben\u201d. \u201cGracias a las empresas que nos donan tratamos de que la comida sea nutritiva y variada para que tenga todo lo que un ni\u00f1o necesita para crecer. Adem\u00e1s de las empresas cuentan con aporte de amigos de la fundaci\u00f3n.<\/p>\n<p>&nbsp;<\/p>\n<p><a href=\"https:\/\/laredlarioja.com.ar\/sitio\/wp-content\/uploads\/2025\/04\/WhatsApp-Image-2025-04-24-at-11.39.18.jpeg\"><img fetchpriority=\"high\" decoding=\"async\" class=\" wp-image-60931 aligncenter\" src=\"https:\/\/laredlarioja.com.ar\/sitio\/wp-content\/uploads\/2025\/04\/WhatsApp-Image-2025-04-24-at-11.39.18.jpeg\" alt=\"\" width=\"428\" height=\"761\" srcset=\"https:\/\/laredlarioja.com.ar\/sitio\/wp-content\/uploads\/2025\/04\/WhatsApp-Image-2025-04-24-at-11.39.18.jpeg 720w, https:\/\/laredlarioja.com.ar\/sitio\/wp-content\/uploads\/2025\/04\/WhatsApp-Image-2025-04-24-at-11.39.18-169x300.jpeg 169w, https:\/\/laredlarioja.com.ar\/sitio\/wp-content\/uploads\/2025\/04\/WhatsApp-Image-2025-04-24-at-11.39.18-576x1024.jpeg 576w\" sizes=\"(max-width: 428px) 100vw, 428px\" \/><\/a><\/p>\n","protected":false},"excerpt":{"rendered":"<p>El pr\u00f3ximo 1 de mayo, la Fundaci\u00f3n Enrri Praolini realiza nuevamente el locro solidario en las instalaciones del<\/p>\n","protected":false},"author":10,"featured_media":60933,"comment_status":"closed","ping_status":"open","sticky":false,"template":"","format":"standard","meta":{"footnotes":""},"categories":[24],"tags":[84],"class_list":["post-60924","post","type-post","status-publish","format-standard","has-post-thumbnail","hentry","category-informacion-general","tag-secundaria"],"yoast_head":"<!-- This site is optimized with the Yoast SEO plugin v27.4 - https:\/\/yoast.com\/product\/yoast-seo-wordpress\/ -->\n<title>La Fundaci\u00f3n Praolini realiza su tradicional locro solidario del 1 de mayo - LA RED 88.3 LA RIOJA<\/title>\n<meta name=\"robots\" content=\"index, follow, max-snippet:-1, max-image-preview:large, max-video-preview:-1\" \/>\n<link rel=\"canonical\" href=\"https:\/\/laredlarioja.com.ar\/sitio\/la-fundacion-praolini-realiza-locro-solidario-el-1-de-mayo\/\" \/>\n<meta property=\"og:locale\" content=\"es_ES\" \/>\n<meta property=\"og:type\" content=\"article\" \/>\n<meta property=\"og:title\" content=\"La Fundaci\u00f3n Praolini realiza su tradicional locro solidario del 1 de mayo - LA RED 88.3 LA RIOJA\" \/>\n<meta property=\"og:description\" content=\"El pr\u00f3ximo 1 de mayo, la Fundaci\u00f3n Enrri Praolini realiza nuevamente el locro solidario en las instalaciones del\" \/>\n<meta property=\"og:url\" content=\"https:\/\/laredlarioja.com.ar\/sitio\/la-fundacion-praolini-realiza-locro-solidario-el-1-de-mayo\/\" \/>\n<meta property=\"og:site_name\" content=\"LA RED 88.3 LA RIOJA\" \/>\n<meta property=\"article:publisher\" content=\"https:\/\/www.facebook.com\/lared.larioja\" \/>\n<meta property=\"article:published_time\" content=\"2025-04-25T15:14:32+00:00\" \/>\n<meta property=\"article:modified_time\" content=\"2025-04-25T15:52:44+00:00\" \/>\n<meta property=\"og:image\" content=\"https:\/\/laredlarioja.com.ar\/sitio\/wp-content\/uploads\/2025\/04\/b570b84d-1ef0-42af-b851-1c6c96d34c39-scaled-e1745594343980.jpeg\" \/>\n\t<meta property=\"og:image:width\" content=\"1900\" \/>\n\t<meta property=\"og:image:height\" content=\"1446\" \/>\n\t<meta property=\"og:image:type\" content=\"image\/jpeg\" \/>\n<meta name=\"author\" content=\"La Red\" \/>\n<meta name=\"twitter:card\" content=\"summary_large_image\" \/>\n<meta name=\"twitter:creator\" content=\"@laredlarioja1\" \/>\n<meta name=\"twitter:site\" content=\"@laredlarioja1\" \/>\n<meta name=\"twitter:label1\" content=\"Escrito por\" \/>\n\t<meta name=\"twitter:data1\" content=\"La Red\" \/>\n\t<meta name=\"twitter:label2\" content=\"Tiempo de lectura\" \/>\n\t<meta name=\"twitter:data2\" content=\"2 minutos\" \/>\n<script type=\"application\/ld+json\" class=\"yoast-schema-graph\">{\"@context\":\"https:\\\/\\\/schema.org\",\"@graph\":[{\"@type\":\"Article\",\"@id\":\"https:\\\/\\\/laredlarioja.com.ar\\\/sitio\\\/la-fundacion-praolini-realiza-locro-solidario-el-1-de-mayo\\\/#article\",\"isPartOf\":{\"@id\":\"https:\\\/\\\/laredlarioja.com.ar\\\/sitio\\\/la-fundacion-praolini-realiza-locro-solidario-el-1-de-mayo\\\/\"},\"author\":{\"name\":\"La Red\",\"@id\":\"https:\\\/\\\/laredlarioja.com.ar\\\/sitio\\\/#\\\/schema\\\/person\\\/f1e213867beccedaaa4fb548d9259d9a\"},\"headline\":\"La Fundaci\u00f3n Praolini realiza su tradicional locro solidario del 1 de mayo\",\"datePublished\":\"2025-04-25T15:14:32+00:00\",\"dateModified\":\"2025-04-25T15:52:44+00:00\",\"mainEntityOfPage\":{\"@id\":\"https:\\\/\\\/laredlarioja.com.ar\\\/sitio\\\/la-fundacion-praolini-realiza-locro-solidario-el-1-de-mayo\\\/\"},\"wordCount\":216,\"publisher\":{\"@id\":\"https:\\\/\\\/laredlarioja.com.ar\\\/sitio\\\/#organization\"},\"image\":{\"@id\":\"https:\\\/\\\/laredlarioja.com.ar\\\/sitio\\\/la-fundacion-praolini-realiza-locro-solidario-el-1-de-mayo\\\/#primaryimage\"},\"thumbnailUrl\":\"https:\\\/\\\/laredlarioja.com.ar\\\/sitio\\\/wp-content\\\/uploads\\\/2025\\\/04\\\/b570b84d-1ef0-42af-b851-1c6c96d34c39-scaled-e1745594343980.jpeg\",\"keywords\":[\"Secundaria\"],\"articleSection\":[\"Informaci\u00f3n General\"],\"inLanguage\":\"es\"},{\"@type\":\"WebPage\",\"@id\":\"https:\\\/\\\/laredlarioja.com.ar\\\/sitio\\\/la-fundacion-praolini-realiza-locro-solidario-el-1-de-mayo\\\/\",\"url\":\"https:\\\/\\\/laredlarioja.com.ar\\\/sitio\\\/la-fundacion-praolini-realiza-locro-solidario-el-1-de-mayo\\\/\",\"name\":\"La Fundaci\u00f3n Praolini realiza su tradicional locro solidario del 1 de mayo - LA RED 88.3 LA RIOJA\",\"isPartOf\":{\"@id\":\"https:\\\/\\\/laredlarioja.com.ar\\\/sitio\\\/#website\"},\"primaryImageOfPage\":{\"@id\":\"https:\\\/\\\/laredlarioja.com.ar\\\/sitio\\\/la-fundacion-praolini-realiza-locro-solidario-el-1-de-mayo\\\/#primaryimage\"},\"image\":{\"@id\":\"https:\\\/\\\/laredlarioja.com.ar\\\/sitio\\\/la-fundacion-praolini-realiza-locro-solidario-el-1-de-mayo\\\/#primaryimage\"},\"thumbnailUrl\":\"https:\\\/\\\/laredlarioja.com.ar\\\/sitio\\\/wp-content\\\/uploads\\\/2025\\\/04\\\/b570b84d-1ef0-42af-b851-1c6c96d34c39-scaled-e1745594343980.jpeg\",\"datePublished\":\"2025-04-25T15:14:32+00:00\",\"dateModified\":\"2025-04-25T15:52:44+00:00\",\"breadcrumb\":{\"@id\":\"https:\\\/\\\/laredlarioja.com.ar\\\/sitio\\\/la-fundacion-praolini-realiza-locro-solidario-el-1-de-mayo\\\/#breadcrumb\"},\"inLanguage\":\"es\",\"potentialAction\":[{\"@type\":\"ReadAction\",\"target\":[\"https:\\\/\\\/laredlarioja.com.ar\\\/sitio\\\/la-fundacion-praolini-realiza-locro-solidario-el-1-de-mayo\\\/\"]}]},{\"@type\":\"ImageObject\",\"inLanguage\":\"es\",\"@id\":\"https:\\\/\\\/laredlarioja.com.ar\\\/sitio\\\/la-fundacion-praolini-realiza-locro-solidario-el-1-de-mayo\\\/#primaryimage\",\"url\":\"https:\\\/\\\/laredlarioja.com.ar\\\/sitio\\\/wp-content\\\/uploads\\\/2025\\\/04\\\/b570b84d-1ef0-42af-b851-1c6c96d34c39-scaled-e1745594343980.jpeg\",\"contentUrl\":\"https:\\\/\\\/laredlarioja.com.ar\\\/sitio\\\/wp-content\\\/uploads\\\/2025\\\/04\\\/b570b84d-1ef0-42af-b851-1c6c96d34c39-scaled-e1745594343980.jpeg\",\"width\":1900,\"height\":1446},{\"@type\":\"BreadcrumbList\",\"@id\":\"https:\\\/\\\/laredlarioja.com.ar\\\/sitio\\\/la-fundacion-praolini-realiza-locro-solidario-el-1-de-mayo\\\/#breadcrumb\",\"itemListElement\":[{\"@type\":\"ListItem\",\"position\":1,\"name\":\"Portada\",\"item\":\"https:\\\/\\\/laredlarioja.com.ar\\\/sitio\\\/\"},{\"@type\":\"ListItem\",\"position\":2,\"name\":\"La Fundaci\u00f3n Praolini realiza su tradicional locro solidario del 1 de mayo\"}]},{\"@type\":\"WebSite\",\"@id\":\"https:\\\/\\\/laredlarioja.com.ar\\\/sitio\\\/#website\",\"url\":\"https:\\\/\\\/laredlarioja.com.ar\\\/sitio\\\/\",\"name\":\"LA RED 88.3 LA RIOJA\",\"description\":\"Sitio de Noticias\",\"publisher\":{\"@id\":\"https:\\\/\\\/laredlarioja.com.ar\\\/sitio\\\/#organization\"},\"potentialAction\":[{\"@type\":\"SearchAction\",\"target\":{\"@type\":\"EntryPoint\",\"urlTemplate\":\"https:\\\/\\\/laredlarioja.com.ar\\\/sitio\\\/?s={search_term_string}\"},\"query-input\":{\"@type\":\"PropertyValueSpecification\",\"valueRequired\":true,\"valueName\":\"search_term_string\"}}],\"inLanguage\":\"es\"},{\"@type\":\"Organization\",\"@id\":\"https:\\\/\\\/laredlarioja.com.ar\\\/sitio\\\/#organization\",\"name\":\"LA RED 88.3 LA RIOJA\",\"url\":\"https:\\\/\\\/laredlarioja.com.ar\\\/sitio\\\/\",\"logo\":{\"@type\":\"ImageObject\",\"inLanguage\":\"es\",\"@id\":\"https:\\\/\\\/laredlarioja.com.ar\\\/sitio\\\/#\\\/schema\\\/logo\\\/image\\\/\",\"url\":\"https:\\\/\\\/laredlarioja.com.ar\\\/sitio\\\/wp-content\\\/uploads\\\/2025\\\/05\\\/LOGO-LA-RED.png\",\"contentUrl\":\"https:\\\/\\\/laredlarioja.com.ar\\\/sitio\\\/wp-content\\\/uploads\\\/2025\\\/05\\\/LOGO-LA-RED.png\",\"width\":193,\"height\":340,\"caption\":\"LA RED 88.3 LA RIOJA\"},\"image\":{\"@id\":\"https:\\\/\\\/laredlarioja.com.ar\\\/sitio\\\/#\\\/schema\\\/logo\\\/image\\\/\"},\"sameAs\":[\"https:\\\/\\\/www.facebook.com\\\/lared.larioja\",\"https:\\\/\\\/x.com\\\/laredlarioja1\",\"https:\\\/\\\/www.instagram.com\\\/lared_larioja\\\/\"]},{\"@type\":\"Person\",\"@id\":\"https:\\\/\\\/laredlarioja.com.ar\\\/sitio\\\/#\\\/schema\\\/person\\\/f1e213867beccedaaa4fb548d9259d9a\",\"name\":\"La Red\",\"url\":\"https:\\\/\\\/laredlarioja.com.ar\\\/sitio\\\/author\\\/lared\\\/\"}]}<\/script>\n<!-- \/ Yoast SEO plugin. -->","yoast_head_json":{"title":"La Fundaci\u00f3n Praolini realiza su tradicional locro solidario del 1 de mayo - LA RED 88.3 LA RIOJA","robots":{"index":"index","follow":"follow","max-snippet":"max-snippet:-1","max-image-preview":"max-image-preview:large","max-video-preview":"max-video-preview:-1"},"canonical":"https:\/\/laredlarioja.com.ar\/sitio\/la-fundacion-praolini-realiza-locro-solidario-el-1-de-mayo\/","og_locale":"es_ES","og_type":"article","og_title":"La Fundaci\u00f3n Praolini realiza su tradicional locro solidario del 1 de mayo - LA RED 88.3 LA RIOJA","og_description":"El pr\u00f3ximo 1 de mayo, la Fundaci\u00f3n Enrri Praolini realiza nuevamente el locro solidario en las instalaciones del","og_url":"https:\/\/laredlarioja.com.ar\/sitio\/la-fundacion-praolini-realiza-locro-solidario-el-1-de-mayo\/","og_site_name":"LA RED 88.3 LA RIOJA","article_publisher":"https:\/\/www.facebook.com\/lared.larioja","article_published_time":"2025-04-25T15:14:32+00:00","article_modified_time":"2025-04-25T15:52:44+00:00","og_image":[{"width":1900,"height":1446,"url":"https:\/\/laredlarioja.com.ar\/sitio\/wp-content\/uploads\/2025\/04\/b570b84d-1ef0-42af-b851-1c6c96d34c39-scaled-e1745594343980.jpeg","type":"image\/jpeg"}],"author":"La Red","twitter_card":"summary_large_image","twitter_creator":"@laredlarioja1","twitter_site":"@laredlarioja1","twitter_misc":{"Escrito por":"La Red","Tiempo de lectura":"2 minutos"},"schema":{"@context":"https:\/\/schema.org","@graph":[{"@type":"Article","@id":"https:\/\/laredlarioja.com.ar\/sitio\/la-fundacion-praolini-realiza-locro-solidario-el-1-de-mayo\/#article","isPartOf":{"@id":"https:\/\/laredlarioja.com.ar\/sitio\/la-fundacion-praolini-realiza-locro-solidario-el-1-de-mayo\/"},"author":{"name":"La Red","@id":"https:\/\/laredlarioja.com.ar\/sitio\/#\/schema\/person\/f1e213867beccedaaa4fb548d9259d9a"},"headline":"La Fundaci\u00f3n Praolini realiza su tradicional locro solidario del 1 de mayo","datePublished":"2025-04-25T15:14:32+00:00","dateModified":"2025-04-25T15:52:44+00:00","mainEntityOfPage":{"@id":"https:\/\/laredlarioja.com.ar\/sitio\/la-fundacion-praolini-realiza-locro-solidario-el-1-de-mayo\/"},"wordCount":216,"publisher":{"@id":"https:\/\/laredlarioja.com.ar\/sitio\/#organization"},"image":{"@id":"https:\/\/laredlarioja.com.ar\/sitio\/la-fundacion-praolini-realiza-locro-solidario-el-1-de-mayo\/#primaryimage"},"thumbnailUrl":"https:\/\/laredlarioja.com.ar\/sitio\/wp-content\/uploads\/2025\/04\/b570b84d-1ef0-42af-b851-1c6c96d34c39-scaled-e1745594343980.jpeg","keywords":["Secundaria"],"articleSection":["Informaci\u00f3n General"],"inLanguage":"es"},{"@type":"WebPage","@id":"https:\/\/laredlarioja.com.ar\/sitio\/la-fundacion-praolini-realiza-locro-solidario-el-1-de-mayo\/","url":"https:\/\/laredlarioja.com.ar\/sitio\/la-fundacion-praolini-realiza-locro-solidario-el-1-de-mayo\/","name":"La Fundaci\u00f3n Praolini realiza su tradicional locro solidario del 1 de mayo - LA RED 88.3 LA RIOJA","isPartOf":{"@id":"https:\/\/laredlarioja.com.ar\/sitio\/#website"},"primaryImageOfPage":{"@id":"https:\/\/laredlarioja.com.ar\/sitio\/la-fundacion-praolini-realiza-locro-solidario-el-1-de-mayo\/#primaryimage"},"image":{"@id":"https:\/\/laredlarioja.com.ar\/sitio\/la-fundacion-praolini-realiza-locro-solidario-el-1-de-mayo\/#primaryimage"},"thumbnailUrl":"https:\/\/laredlarioja.com.ar\/sitio\/wp-content\/uploads\/2025\/04\/b570b84d-1ef0-42af-b851-1c6c96d34c39-scaled-e1745594343980.jpeg","datePublished":"2025-04-25T15:14:32+00:00","dateModified":"2025-04-25T15:52:44+00:00","breadcrumb":{"@id":"https:\/\/laredlarioja.com.ar\/sitio\/la-fundacion-praolini-realiza-locro-solidario-el-1-de-mayo\/#breadcrumb"},"inLanguage":"es","potentialAction":[{"@type":"ReadAction","target":["https:\/\/laredlarioja.com.ar\/sitio\/la-fundacion-praolini-realiza-locro-solidario-el-1-de-mayo\/"]}]},{"@type":"ImageObject","inLanguage":"es","@id":"https:\/\/laredlarioja.com.ar\/sitio\/la-fundacion-praolini-realiza-locro-solidario-el-1-de-mayo\/#primaryimage","url":"https:\/\/laredlarioja.com.ar\/sitio\/wp-content\/uploads\/2025\/04\/b570b84d-1ef0-42af-b851-1c6c96d34c39-scaled-e1745594343980.jpeg","contentUrl":"https:\/\/laredlarioja.com.ar\/sitio\/wp-content\/uploads\/2025\/04\/b570b84d-1ef0-42af-b851-1c6c96d34c39-scaled-e1745594343980.jpeg","width":1900,"height":1446},{"@type":"BreadcrumbList","@id":"https:\/\/laredlarioja.com.ar\/sitio\/la-fundacion-praolini-realiza-locro-solidario-el-1-de-mayo\/#breadcrumb","itemListElement":[{"@type":"ListItem","position":1,"name":"Portada","item":"https:\/\/laredlarioja.com.ar\/sitio\/"},{"@type":"ListItem","position":2,"name":"La Fundaci\u00f3n Praolini realiza su tradicional locro solidario del 1 de mayo"}]},{"@type":"WebSite","@id":"https:\/\/laredlarioja.com.ar\/sitio\/#website","url":"https:\/\/laredlarioja.com.ar\/sitio\/","name":"LA RED 88.3 LA RIOJA","description":"Sitio de Noticias","publisher":{"@id":"https:\/\/laredlarioja.com.ar\/sitio\/#organization"},"potentialAction":[{"@type":"SearchAction","target":{"@type":"EntryPoint","urlTemplate":"https:\/\/laredlarioja.com.ar\/sitio\/?s={search_term_string}"},"query-input":{"@type":"PropertyValueSpecification","valueRequired":true,"valueName":"search_term_string"}}],"inLanguage":"es"},{"@type":"Organization","@id":"https:\/\/laredlarioja.com.ar\/sitio\/#organization","name":"LA RED 88.3 LA RIOJA","url":"https:\/\/laredlarioja.com.ar\/sitio\/","logo":{"@type":"ImageObject","inLanguage":"es","@id":"https:\/\/laredlarioja.com.ar\/sitio\/#\/schema\/logo\/image\/","url":"https:\/\/laredlarioja.com.ar\/sitio\/wp-content\/uploads\/2025\/05\/LOGO-LA-RED.png","contentUrl":"https:\/\/laredlarioja.com.ar\/sitio\/wp-content\/uploads\/2025\/05\/LOGO-LA-RED.png","width":193,"height":340,"caption":"LA RED 88.3 LA RIOJA"},"image":{"@id":"https:\/\/laredlarioja.com.ar\/sitio\/#\/schema\/logo\/image\/"},"sameAs":["https:\/\/www.facebook.com\/lared.larioja","https:\/\/x.com\/laredlarioja1","https:\/\/www.instagram.com\/lared_larioja\/"]},{"@type":"Person","@id":"https:\/\/laredlarioja.com.ar\/sitio\/#\/schema\/person\/f1e213867beccedaaa4fb548d9259d9a","name":"La Red","url":"https:\/\/laredlarioja.com.ar\/sitio\/author\/lared\/"}]}},"featured_image_urls":{"full":["https:\/\/laredlarioja.com.ar\/sitio\/wp-content\/uploads\/2025\/04\/b570b84d-1ef0-42af-b851-1c6c96d34c39-scaled-e1745594343980.jpeg",1900,1446,false],"thumbnail":["https:\/\/laredlarioja.com.ar\/sitio\/wp-content\/uploads\/2025\/04\/b570b84d-1ef0-42af-b851-1c6c96d34c39-scaled-e1745594343980-150x150.jpeg",150,150,true],"medium":["https:\/\/laredlarioja.com.ar\/sitio\/wp-content\/uploads\/2025\/04\/b570b84d-1ef0-42af-b851-1c6c96d34c39-scaled-e1745594343980-300x228.jpeg",300,228,true],"medium_large":["https:\/\/laredlarioja.com.ar\/sitio\/wp-content\/uploads\/2025\/04\/b570b84d-1ef0-42af-b851-1c6c96d34c39-scaled-e1745594343980-768x584.jpeg",640,487,true],"large":["https:\/\/laredlarioja.com.ar\/sitio\/wp-content\/uploads\/2025\/04\/b570b84d-1ef0-42af-b851-1c6c96d34c39-scaled-e1745594343980-1024x779.jpeg",640,487,true],"1536x1536":["https:\/\/laredlarioja.com.ar\/sitio\/wp-content\/uploads\/2025\/04\/b570b84d-1ef0-42af-b851-1c6c96d34c39-scaled-e1745594343980-1536x1169.jpeg",1536,1169,true],"2048x2048":["https:\/\/laredlarioja.com.ar\/sitio\/wp-content\/uploads\/2025\/04\/b570b84d-1ef0-42af-b851-1c6c96d34c39-2048x1536.jpeg",2048,1536,true],"cvmm-medium":["https:\/\/laredlarioja.com.ar\/sitio\/wp-content\/uploads\/2025\/04\/b570b84d-1ef0-42af-b851-1c6c96d34c39-scaled-e1745594343980-300x300.jpeg",300,300,true],"cvmm-medium-plus":["https:\/\/laredlarioja.com.ar\/sitio\/wp-content\/uploads\/2025\/04\/b570b84d-1ef0-42af-b851-1c6c96d34c39-scaled-e1745594343980-305x207.jpeg",305,207,true],"cvmm-portrait":["https:\/\/laredlarioja.com.ar\/sitio\/wp-content\/uploads\/2025\/04\/b570b84d-1ef0-42af-b851-1c6c96d34c39-scaled-e1745594343980-400x600.jpeg",400,600,true],"cvmm-medium-square":["https:\/\/laredlarioja.com.ar\/sitio\/wp-content\/uploads\/2025\/04\/b570b84d-1ef0-42af-b851-1c6c96d34c39-scaled-e1745594343980-600x600.jpeg",600,600,true],"cvmm-large":["https:\/\/laredlarioja.com.ar\/sitio\/wp-content\/uploads\/2025\/04\/b570b84d-1ef0-42af-b851-1c6c96d34c39-scaled-e1745594343980-1024x1024.jpeg",1024,1024,true],"cvmm-small":["https:\/\/laredlarioja.com.ar\/sitio\/wp-content\/uploads\/2025\/04\/b570b84d-1ef0-42af-b851-1c6c96d34c39-scaled-e1745594343980-130x95.jpeg",130,95,true],"morenews-large":["https:\/\/laredlarioja.com.ar\/sitio\/wp-content\/uploads\/2025\/04\/b570b84d-1ef0-42af-b851-1c6c96d34c39-scaled-e1745594343980-825x575.jpeg",825,575,true],"morenews-medium":["https:\/\/laredlarioja.com.ar\/sitio\/wp-content\/uploads\/2025\/04\/b570b84d-1ef0-42af-b851-1c6c96d34c39-scaled-e1745594343980-590x410.jpeg",590,410,true]},"author_info":{"display_name":"La Red","author_link":"https:\/\/laredlarioja.com.ar\/sitio\/author\/lared\/"},"category_info":"<a href=\"https:\/\/laredlarioja.com.ar\/sitio\/categorias\/informacion-general\/\" rel=\"category tag\">Informaci\u00f3n General<\/a>","tag_info":"Informaci\u00f3n General","comment_count":"0","blog_post_layout_featured_media_urls":{"thumbnail":["https:\/\/laredlarioja.com.ar\/sitio\/wp-content\/uploads\/2025\/04\/b570b84d-1ef0-42af-b851-1c6c96d34c39-scaled-e1745594343980-150x150.jpeg",150,150,true],"full":["https:\/\/laredlarioja.com.ar\/sitio\/wp-content\/uploads\/2025\/04\/b570b84d-1ef0-42af-b851-1c6c96d34c39-scaled-e1745594343980.jpeg",1900,1446,false]},"categories_names":{"24":{"name":"Informaci\u00f3n General","link":"https:\/\/laredlarioja.com.ar\/sitio\/categorias\/informacion-general\/"}},"tags_names":{"84":{"name":"Secundaria","link":"https:\/\/laredlarioja.com.ar\/sitio\/etiquetas\/secundaria\/"}},"comments_number":"0","wpmagazine_modules_lite_featured_media_urls":{"thumbnail":["https:\/\/laredlarioja.com.ar\/sitio\/wp-content\/uploads\/2025\/04\/b570b84d-1ef0-42af-b851-1c6c96d34c39-scaled-e1745594343980-150x150.jpeg",150,150,true],"cvmm-medium":["https:\/\/laredlarioja.com.ar\/sitio\/wp-content\/uploads\/2025\/04\/b570b84d-1ef0-42af-b851-1c6c96d34c39-scaled-e1745594343980-300x300.jpeg",300,300,true],"cvmm-medium-plus":["https:\/\/laredlarioja.com.ar\/sitio\/wp-content\/uploads\/2025\/04\/b570b84d-1ef0-42af-b851-1c6c96d34c39-scaled-e1745594343980-305x207.jpeg",305,207,true],"cvmm-portrait":["https:\/\/laredlarioja.com.ar\/sitio\/wp-content\/uploads\/2025\/04\/b570b84d-1ef0-42af-b851-1c6c96d34c39-scaled-e1745594343980-400x600.jpeg",400,600,true],"cvmm-medium-square":["https:\/\/laredlarioja.com.ar\/sitio\/wp-content\/uploads\/2025\/04\/b570b84d-1ef0-42af-b851-1c6c96d34c39-scaled-e1745594343980-600x600.jpeg",600,600,true],"cvmm-large":["https:\/\/laredlarioja.com.ar\/sitio\/wp-content\/uploads\/2025\/04\/b570b84d-1ef0-42af-b851-1c6c96d34c39-scaled-e1745594343980-1024x1024.jpeg",1024,1024,true],"cvmm-small":["https:\/\/laredlarioja.com.ar\/sitio\/wp-content\/uploads\/2025\/04\/b570b84d-1ef0-42af-b851-1c6c96d34c39-scaled-e1745594343980-130x95.jpeg",130,95,true],"full":["https:\/\/laredlarioja.com.ar\/sitio\/wp-content\/uploads\/2025\/04\/b570b84d-1ef0-42af-b851-1c6c96d34c39-scaled-e1745594343980.jpeg",1900,1446,false]},"_links":{"self":[{"href":"https:\/\/laredlarioja.com.ar\/sitio\/wp-json\/wp\/v2\/posts\/60924","targetHints":{"allow":["GET"]}}],"collection":[{"href":"https:\/\/laredlarioja.com.ar\/sitio\/wp-json\/wp\/v2\/posts"}],"about":[{"href":"https:\/\/laredlarioja.com.ar\/sitio\/wp-json\/wp\/v2\/types\/post"}],"author":[{"embeddable":true,"href":"https:\/\/laredlarioja.com.ar\/sitio\/wp-json\/wp\/v2\/users\/10"}],"replies":[{"embeddable":true,"href":"https:\/\/laredlarioja.com.ar\/sitio\/wp-json\/wp\/v2\/comments?post=60924"}],"version-history":[{"count":4,"href":"https:\/\/laredlarioja.com.ar\/sitio\/wp-json\/wp\/v2\/posts\/60924\/revisions"}],"predecessor-version":[{"id":60937,"href":"https:\/\/laredlarioja.com.ar\/sitio\/wp-json\/wp\/v2\/posts\/60924\/revisions\/60937"}],"wp:featuredmedia":[{"embeddable":true,"href":"https:\/\/laredlarioja.com.ar\/sitio\/wp-json\/wp\/v2\/media\/60933"}],"wp:attachment":[{"href":"https:\/\/laredlarioja.com.ar\/sitio\/wp-json\/wp\/v2\/media?parent=60924"}],"wp:term":[{"taxonomy":"category","embeddable":true,"href":"https:\/\/laredlarioja.com.ar\/sitio\/wp-json\/wp\/v2\/categories?post=60924"},{"taxonomy":"post_tag","embeddable":true,"href":"https:\/\/laredlarioja.com.ar\/sitio\/wp-json\/wp\/v2\/tags?post=60924"}],"curies":[{"name":"wp","href":"https:\/\/api.w.org\/{rel}","templated":true}]}}