{"id":60945,"date":"2025-04-25T20:23:47","date_gmt":"2025-04-25T20:23:47","guid":{"rendered":"https:\/\/laredlarioja.com.ar\/sitio\/?p=60945"},"modified":"2025-04-27T20:43:23","modified_gmt":"2025-04-27T20:43:23","slug":"cerraron-el-feretro-del-papa-francisco-y-se-ultiman-los-preparativos-para-el-funeral-del-sabado","status":"publish","type":"post","link":"https:\/\/laredlarioja.com.ar\/sitio\/cerraron-el-feretro-del-papa-francisco-y-se-ultiman-los-preparativos-para-el-funeral-del-sabado\/","title":{"rendered":"Cerraron el f\u00e9retro del papa Francisco y se ultiman los preparativos para el funeral del s\u00e1bado"},"content":{"rendered":"<p class=\"\" data-start=\"101\" data-end=\"367\">Tras una conmovedora despedida de tres d\u00edas, el f\u00e9retro con los restos del papa Francisco fue cerrado este viernes por la noche en la Bas\u00edlica de San Pedro, en una ceremonia \u00edntima que marca el inicio de los preparativos para el funeral que se celebrar\u00e1 este s\u00e1bado.<\/p>\n<p class=\"\" data-start=\"369\" data-end=\"737\">Seg\u00fan inform\u00f3 la Oficina de Prensa del Vaticano, el \u201cRito de Clausura del F\u00e9retro del Romano Pont\u00edfice\u201d comenz\u00f3 a las 20:00 (hora local) en el Altar de la Confesi\u00f3n. La ceremonia fue presidida por el camarlengo Kevin Farrell, quien ley\u00f3 el <em data-start=\"609\" data-end=\"617\">Rogito<\/em>, un documento que resume el pontificado de Francisco y que fue colocado en el ata\u00fad junto a otros elementos simb\u00f3licos.<\/p>\n<p class=\"\" data-start=\"739\" data-end=\"1028\">El acto cont\u00f3 con la participaci\u00f3n de algunos familiares del papa argentino, Jorge Bergoglio, adem\u00e1s de representantes de la Oficina de Celebraciones Lit\u00fargicas. La clausura del f\u00e9retro se realiz\u00f3 conforme a lo establecido en el <em data-start=\"968\" data-end=\"1004\">Ordo Exsequiarum Romani Pontificis<\/em> y concluy\u00f3 a las 21:00.<\/p>\n<p class=\"\" data-start=\"1030\" data-end=\"1236\">Durante la noche, el Cap\u00edtulo de San Pedro mantendr\u00e1 una vigilia de oraci\u00f3n junto al cuerpo del pont\u00edfice, en la antesala de la Santa Misa que se oficiar\u00e1 este s\u00e1bado por la ma\u00f1ana en la Plaza de San Pedro.<\/p>\n<p class=\"\" data-start=\"1238\" data-end=\"1500\">La \u00faltima imagen p\u00fablica del papa Francisco fue transmitida por el canal oficial del Vaticano, donde se lo vio custodiado por la Guardia Suiza. Luego, las c\u00e1maras enfocaron el exterior de la bas\u00edlica, en se\u00f1al de respeto al momento \u00edntimo del cierre del f\u00e9retro.<\/p>\n<p class=\"\" data-start=\"1502\" data-end=\"1780\">Unos 250.000 fieles se acercaron a la Bas\u00edlica desde el mi\u00e9rcoles 23 de abril hasta la tarde del viernes, para dar su \u00faltimo adi\u00f3s al papa n\u00famero 266 de la historia de la Iglesia Cat\u00f3lica, quien lider\u00f3 el Vaticano desde marzo de 2013 tras la hist\u00f3rica renuncia de Benedicto XVI.<\/p>\n<p class=\"\" data-start=\"1782\" data-end=\"1860\">Fuente: Noticias Argentinas<\/p>\n","protected":false},"excerpt":{"rendered":"<p>Tras una conmovedora despedida de tres d\u00edas, el f\u00e9retro con los restos del papa Francisco fue cerrado este<\/p>\n","protected":false},"author":8,"featured_media":60946,"comment_status":"closed","ping_status":"open","sticky":false,"template":"","format":"standard","meta":{"footnotes":""},"categories":[93],"tags":[],"class_list":["post-60945","post","type-post","status-publish","format-standard","has-post-thumbnail","hentry","category-internacionales"],"yoast_head":"<!-- This site is optimized with the Yoast SEO plugin v27.4 - https:\/\/yoast.com\/product\/yoast-seo-wordpress\/ -->\n<title>Cerraron el f\u00e9retro del papa Francisco y se ultiman los preparativos para el funeral del s\u00e1bado - LA RED 88.3 LA RIOJA<\/title>\n<meta name=\"robots\" content=\"index, follow, max-snippet:-1, max-image-preview:large, max-video-preview:-1\" \/>\n<link rel=\"canonical\" href=\"https:\/\/laredlarioja.com.ar\/sitio\/cerraron-el-feretro-del-papa-francisco-y-se-ultiman-los-preparativos-para-el-funeral-del-sabado\/\" \/>\n<meta property=\"og:locale\" content=\"es_ES\" \/>\n<meta property=\"og:type\" content=\"article\" \/>\n<meta property=\"og:title\" content=\"Cerraron el f\u00e9retro del papa Francisco y se ultiman los preparativos para el funeral del s\u00e1bado - LA RED 88.3 LA RIOJA\" \/>\n<meta property=\"og:description\" content=\"Tras una conmovedora despedida de tres d\u00edas, el f\u00e9retro con los restos del papa Francisco fue cerrado este\" \/>\n<meta property=\"og:url\" content=\"https:\/\/laredlarioja.com.ar\/sitio\/cerraron-el-feretro-del-papa-francisco-y-se-ultiman-los-preparativos-para-el-funeral-del-sabado\/\" \/>\n<meta property=\"og:site_name\" content=\"LA RED 88.3 LA RIOJA\" \/>\n<meta property=\"article:publisher\" content=\"https:\/\/www.facebook.com\/lared.larioja\" \/>\n<meta property=\"article:published_time\" content=\"2025-04-25T20:23:47+00:00\" \/>\n<meta property=\"article:modified_time\" content=\"2025-04-27T20:43:23+00:00\" \/>\n<meta property=\"og:image\" content=\"https:\/\/laredlarioja.com.ar\/sitio\/wp-content\/uploads\/2025\/04\/UKzxfoEMS_2000x1500__2.jpg\" \/>\n\t<meta property=\"og:image:width\" content=\"1997\" \/>\n\t<meta property=\"og:image:height\" content=\"1500\" \/>\n\t<meta property=\"og:image:type\" content=\"image\/jpeg\" \/>\n<meta name=\"author\" content=\"Mart\u00edn Ruarte\" \/>\n<meta name=\"twitter:card\" content=\"summary_large_image\" \/>\n<meta name=\"twitter:creator\" content=\"@laredlarioja1\" \/>\n<meta name=\"twitter:site\" content=\"@laredlarioja1\" \/>\n<meta name=\"twitter:label1\" content=\"Escrito por\" \/>\n\t<meta name=\"twitter:data1\" content=\"Mart\u00edn Ruarte\" \/>\n\t<meta name=\"twitter:label2\" content=\"Tiempo de lectura\" \/>\n\t<meta name=\"twitter:data2\" content=\"2 minutos\" \/>\n<script type=\"application\/ld+json\" class=\"yoast-schema-graph\">{\"@context\":\"https:\\\/\\\/schema.org\",\"@graph\":[{\"@type\":\"Article\",\"@id\":\"https:\\\/\\\/laredlarioja.com.ar\\\/sitio\\\/cerraron-el-feretro-del-papa-francisco-y-se-ultiman-los-preparativos-para-el-funeral-del-sabado\\\/#article\",\"isPartOf\":{\"@id\":\"https:\\\/\\\/laredlarioja.com.ar\\\/sitio\\\/cerraron-el-feretro-del-papa-francisco-y-se-ultiman-los-preparativos-para-el-funeral-del-sabado\\\/\"},\"author\":{\"name\":\"Mart\u00edn Ruarte\",\"@id\":\"https:\\\/\\\/laredlarioja.com.ar\\\/sitio\\\/#\\\/schema\\\/person\\\/3b1600cc7f8fd3617dc50f96d3503489\"},\"headline\":\"Cerraron el f\u00e9retro del papa Francisco y se ultiman los preparativos para el funeral del s\u00e1bado\",\"datePublished\":\"2025-04-25T20:23:47+00:00\",\"dateModified\":\"2025-04-27T20:43:23+00:00\",\"mainEntityOfPage\":{\"@id\":\"https:\\\/\\\/laredlarioja.com.ar\\\/sitio\\\/cerraron-el-feretro-del-papa-francisco-y-se-ultiman-los-preparativos-para-el-funeral-del-sabado\\\/\"},\"wordCount\":331,\"publisher\":{\"@id\":\"https:\\\/\\\/laredlarioja.com.ar\\\/sitio\\\/#organization\"},\"image\":{\"@id\":\"https:\\\/\\\/laredlarioja.com.ar\\\/sitio\\\/cerraron-el-feretro-del-papa-francisco-y-se-ultiman-los-preparativos-para-el-funeral-del-sabado\\\/#primaryimage\"},\"thumbnailUrl\":\"https:\\\/\\\/laredlarioja.com.ar\\\/sitio\\\/wp-content\\\/uploads\\\/2025\\\/04\\\/UKzxfoEMS_2000x1500__2.jpg\",\"articleSection\":[\"Internacionales\"],\"inLanguage\":\"es\"},{\"@type\":\"WebPage\",\"@id\":\"https:\\\/\\\/laredlarioja.com.ar\\\/sitio\\\/cerraron-el-feretro-del-papa-francisco-y-se-ultiman-los-preparativos-para-el-funeral-del-sabado\\\/\",\"url\":\"https:\\\/\\\/laredlarioja.com.ar\\\/sitio\\\/cerraron-el-feretro-del-papa-francisco-y-se-ultiman-los-preparativos-para-el-funeral-del-sabado\\\/\",\"name\":\"Cerraron el f\u00e9retro del papa Francisco y se ultiman los preparativos para el funeral del s\u00e1bado - LA RED 88.3 LA RIOJA\",\"isPartOf\":{\"@id\":\"https:\\\/\\\/laredlarioja.com.ar\\\/sitio\\\/#website\"},\"primaryImageOfPage\":{\"@id\":\"https:\\\/\\\/laredlarioja.com.ar\\\/sitio\\\/cerraron-el-feretro-del-papa-francisco-y-se-ultiman-los-preparativos-para-el-funeral-del-sabado\\\/#primaryimage\"},\"image\":{\"@id\":\"https:\\\/\\\/laredlarioja.com.ar\\\/sitio\\\/cerraron-el-feretro-del-papa-francisco-y-se-ultiman-los-preparativos-para-el-funeral-del-sabado\\\/#primaryimage\"},\"thumbnailUrl\":\"https:\\\/\\\/laredlarioja.com.ar\\\/sitio\\\/wp-content\\\/uploads\\\/2025\\\/04\\\/UKzxfoEMS_2000x1500__2.jpg\",\"datePublished\":\"2025-04-25T20:23:47+00:00\",\"dateModified\":\"2025-04-27T20:43:23+00:00\",\"breadcrumb\":{\"@id\":\"https:\\\/\\\/laredlarioja.com.ar\\\/sitio\\\/cerraron-el-feretro-del-papa-francisco-y-se-ultiman-los-preparativos-para-el-funeral-del-sabado\\\/#breadcrumb\"},\"inLanguage\":\"es\",\"potentialAction\":[{\"@type\":\"ReadAction\",\"target\":[\"https:\\\/\\\/laredlarioja.com.ar\\\/sitio\\\/cerraron-el-feretro-del-papa-francisco-y-se-ultiman-los-preparativos-para-el-funeral-del-sabado\\\/\"]}]},{\"@type\":\"ImageObject\",\"inLanguage\":\"es\",\"@id\":\"https:\\\/\\\/laredlarioja.com.ar\\\/sitio\\\/cerraron-el-feretro-del-papa-francisco-y-se-ultiman-los-preparativos-para-el-funeral-del-sabado\\\/#primaryimage\",\"url\":\"https:\\\/\\\/laredlarioja.com.ar\\\/sitio\\\/wp-content\\\/uploads\\\/2025\\\/04\\\/UKzxfoEMS_2000x1500__2.jpg\",\"contentUrl\":\"https:\\\/\\\/laredlarioja.com.ar\\\/sitio\\\/wp-content\\\/uploads\\\/2025\\\/04\\\/UKzxfoEMS_2000x1500__2.jpg\",\"width\":1997,\"height\":1500},{\"@type\":\"BreadcrumbList\",\"@id\":\"https:\\\/\\\/laredlarioja.com.ar\\\/sitio\\\/cerraron-el-feretro-del-papa-francisco-y-se-ultiman-los-preparativos-para-el-funeral-del-sabado\\\/#breadcrumb\",\"itemListElement\":[{\"@type\":\"ListItem\",\"position\":1,\"name\":\"Portada\",\"item\":\"https:\\\/\\\/laredlarioja.com.ar\\\/sitio\\\/\"},{\"@type\":\"ListItem\",\"position\":2,\"name\":\"Cerraron el f\u00e9retro del papa Francisco y se ultiman los preparativos para el funeral del s\u00e1bado\"}]},{\"@type\":\"WebSite\",\"@id\":\"https:\\\/\\\/laredlarioja.com.ar\\\/sitio\\\/#website\",\"url\":\"https:\\\/\\\/laredlarioja.com.ar\\\/sitio\\\/\",\"name\":\"LA RED 88.3 LA RIOJA\",\"description\":\"Sitio de Noticias\",\"publisher\":{\"@id\":\"https:\\\/\\\/laredlarioja.com.ar\\\/sitio\\\/#organization\"},\"potentialAction\":[{\"@type\":\"SearchAction\",\"target\":{\"@type\":\"EntryPoint\",\"urlTemplate\":\"https:\\\/\\\/laredlarioja.com.ar\\\/sitio\\\/?s={search_term_string}\"},\"query-input\":{\"@type\":\"PropertyValueSpecification\",\"valueRequired\":true,\"valueName\":\"search_term_string\"}}],\"inLanguage\":\"es\"},{\"@type\":\"Organization\",\"@id\":\"https:\\\/\\\/laredlarioja.com.ar\\\/sitio\\\/#organization\",\"name\":\"LA RED 88.3 LA RIOJA\",\"url\":\"https:\\\/\\\/laredlarioja.com.ar\\\/sitio\\\/\",\"logo\":{\"@type\":\"ImageObject\",\"inLanguage\":\"es\",\"@id\":\"https:\\\/\\\/laredlarioja.com.ar\\\/sitio\\\/#\\\/schema\\\/logo\\\/image\\\/\",\"url\":\"https:\\\/\\\/laredlarioja.com.ar\\\/sitio\\\/wp-content\\\/uploads\\\/2025\\\/05\\\/LOGO-LA-RED.png\",\"contentUrl\":\"https:\\\/\\\/laredlarioja.com.ar\\\/sitio\\\/wp-content\\\/uploads\\\/2025\\\/05\\\/LOGO-LA-RED.png\",\"width\":193,\"height\":340,\"caption\":\"LA RED 88.3 LA RIOJA\"},\"image\":{\"@id\":\"https:\\\/\\\/laredlarioja.com.ar\\\/sitio\\\/#\\\/schema\\\/logo\\\/image\\\/\"},\"sameAs\":[\"https:\\\/\\\/www.facebook.com\\\/lared.larioja\",\"https:\\\/\\\/x.com\\\/laredlarioja1\",\"https:\\\/\\\/www.instagram.com\\\/lared_larioja\\\/\"]},{\"@type\":\"Person\",\"@id\":\"https:\\\/\\\/laredlarioja.com.ar\\\/sitio\\\/#\\\/schema\\\/person\\\/3b1600cc7f8fd3617dc50f96d3503489\",\"name\":\"Mart\u00edn Ruarte\",\"url\":\"https:\\\/\\\/laredlarioja.com.ar\\\/sitio\\\/author\\\/mruarte\\\/\"}]}<\/script>\n<!-- \/ Yoast SEO plugin. -->","yoast_head_json":{"title":"Cerraron el f\u00e9retro del papa Francisco y se ultiman los preparativos para el funeral del s\u00e1bado - LA RED 88.3 LA RIOJA","robots":{"index":"index","follow":"follow","max-snippet":"max-snippet:-1","max-image-preview":"max-image-preview:large","max-video-preview":"max-video-preview:-1"},"canonical":"https:\/\/laredlarioja.com.ar\/sitio\/cerraron-el-feretro-del-papa-francisco-y-se-ultiman-los-preparativos-para-el-funeral-del-sabado\/","og_locale":"es_ES","og_type":"article","og_title":"Cerraron el f\u00e9retro del papa Francisco y se ultiman los preparativos para el funeral del s\u00e1bado - LA RED 88.3 LA RIOJA","og_description":"Tras una conmovedora despedida de tres d\u00edas, el f\u00e9retro con los restos del papa Francisco fue cerrado este","og_url":"https:\/\/laredlarioja.com.ar\/sitio\/cerraron-el-feretro-del-papa-francisco-y-se-ultiman-los-preparativos-para-el-funeral-del-sabado\/","og_site_name":"LA RED 88.3 LA RIOJA","article_publisher":"https:\/\/www.facebook.com\/lared.larioja","article_published_time":"2025-04-25T20:23:47+00:00","article_modified_time":"2025-04-27T20:43:23+00:00","og_image":[{"width":1997,"height":1500,"url":"https:\/\/laredlarioja.com.ar\/sitio\/wp-content\/uploads\/2025\/04\/UKzxfoEMS_2000x1500__2.jpg","type":"image\/jpeg"}],"author":"Mart\u00edn Ruarte","twitter_card":"summary_large_image","twitter_creator":"@laredlarioja1","twitter_site":"@laredlarioja1","twitter_misc":{"Escrito por":"Mart\u00edn Ruarte","Tiempo de lectura":"2 minutos"},"schema":{"@context":"https:\/\/schema.org","@graph":[{"@type":"Article","@id":"https:\/\/laredlarioja.com.ar\/sitio\/cerraron-el-feretro-del-papa-francisco-y-se-ultiman-los-preparativos-para-el-funeral-del-sabado\/#article","isPartOf":{"@id":"https:\/\/laredlarioja.com.ar\/sitio\/cerraron-el-feretro-del-papa-francisco-y-se-ultiman-los-preparativos-para-el-funeral-del-sabado\/"},"author":{"name":"Mart\u00edn Ruarte","@id":"https:\/\/laredlarioja.com.ar\/sitio\/#\/schema\/person\/3b1600cc7f8fd3617dc50f96d3503489"},"headline":"Cerraron el f\u00e9retro del papa Francisco y se ultiman los preparativos para el funeral del s\u00e1bado","datePublished":"2025-04-25T20:23:47+00:00","dateModified":"2025-04-27T20:43:23+00:00","mainEntityOfPage":{"@id":"https:\/\/laredlarioja.com.ar\/sitio\/cerraron-el-feretro-del-papa-francisco-y-se-ultiman-los-preparativos-para-el-funeral-del-sabado\/"},"wordCount":331,"publisher":{"@id":"https:\/\/laredlarioja.com.ar\/sitio\/#organization"},"image":{"@id":"https:\/\/laredlarioja.com.ar\/sitio\/cerraron-el-feretro-del-papa-francisco-y-se-ultiman-los-preparativos-para-el-funeral-del-sabado\/#primaryimage"},"thumbnailUrl":"https:\/\/laredlarioja.com.ar\/sitio\/wp-content\/uploads\/2025\/04\/UKzxfoEMS_2000x1500__2.jpg","articleSection":["Internacionales"],"inLanguage":"es"},{"@type":"WebPage","@id":"https:\/\/laredlarioja.com.ar\/sitio\/cerraron-el-feretro-del-papa-francisco-y-se-ultiman-los-preparativos-para-el-funeral-del-sabado\/","url":"https:\/\/laredlarioja.com.ar\/sitio\/cerraron-el-feretro-del-papa-francisco-y-se-ultiman-los-preparativos-para-el-funeral-del-sabado\/","name":"Cerraron el f\u00e9retro del papa Francisco y se ultiman los preparativos para el funeral del s\u00e1bado - LA RED 88.3 LA RIOJA","isPartOf":{"@id":"https:\/\/laredlarioja.com.ar\/sitio\/#website"},"primaryImageOfPage":{"@id":"https:\/\/laredlarioja.com.ar\/sitio\/cerraron-el-feretro-del-papa-francisco-y-se-ultiman-los-preparativos-para-el-funeral-del-sabado\/#primaryimage"},"image":{"@id":"https:\/\/laredlarioja.com.ar\/sitio\/cerraron-el-feretro-del-papa-francisco-y-se-ultiman-los-preparativos-para-el-funeral-del-sabado\/#primaryimage"},"thumbnailUrl":"https:\/\/laredlarioja.com.ar\/sitio\/wp-content\/uploads\/2025\/04\/UKzxfoEMS_2000x1500__2.jpg","datePublished":"2025-04-25T20:23:47+00:00","dateModified":"2025-04-27T20:43:23+00:00","breadcrumb":{"@id":"https:\/\/laredlarioja.com.ar\/sitio\/cerraron-el-feretro-del-papa-francisco-y-se-ultiman-los-preparativos-para-el-funeral-del-sabado\/#breadcrumb"},"inLanguage":"es","potentialAction":[{"@type":"ReadAction","target":["https:\/\/laredlarioja.com.ar\/sitio\/cerraron-el-feretro-del-papa-francisco-y-se-ultiman-los-preparativos-para-el-funeral-del-sabado\/"]}]},{"@type":"ImageObject","inLanguage":"es","@id":"https:\/\/laredlarioja.com.ar\/sitio\/cerraron-el-feretro-del-papa-francisco-y-se-ultiman-los-preparativos-para-el-funeral-del-sabado\/#primaryimage","url":"https:\/\/laredlarioja.com.ar\/sitio\/wp-content\/uploads\/2025\/04\/UKzxfoEMS_2000x1500__2.jpg","contentUrl":"https:\/\/laredlarioja.com.ar\/sitio\/wp-content\/uploads\/2025\/04\/UKzxfoEMS_2000x1500__2.jpg","width":1997,"height":1500},{"@type":"BreadcrumbList","@id":"https:\/\/laredlarioja.com.ar\/sitio\/cerraron-el-feretro-del-papa-francisco-y-se-ultiman-los-preparativos-para-el-funeral-del-sabado\/#breadcrumb","itemListElement":[{"@type":"ListItem","position":1,"name":"Portada","item":"https:\/\/laredlarioja.com.ar\/sitio\/"},{"@type":"ListItem","position":2,"name":"Cerraron el f\u00e9retro del papa Francisco y se ultiman los preparativos para el funeral del s\u00e1bado"}]},{"@type":"WebSite","@id":"https:\/\/laredlarioja.com.ar\/sitio\/#website","url":"https:\/\/laredlarioja.com.ar\/sitio\/","name":"LA RED 88.3 LA RIOJA","description":"Sitio de Noticias","publisher":{"@id":"https:\/\/laredlarioja.com.ar\/sitio\/#organization"},"potentialAction":[{"@type":"SearchAction","target":{"@type":"EntryPoint","urlTemplate":"https:\/\/laredlarioja.com.ar\/sitio\/?s={search_term_string}"},"query-input":{"@type":"PropertyValueSpecification","valueRequired":true,"valueName":"search_term_string"}}],"inLanguage":"es"},{"@type":"Organization","@id":"https:\/\/laredlarioja.com.ar\/sitio\/#organization","name":"LA RED 88.3 LA RIOJA","url":"https:\/\/laredlarioja.com.ar\/sitio\/","logo":{"@type":"ImageObject","inLanguage":"es","@id":"https:\/\/laredlarioja.com.ar\/sitio\/#\/schema\/logo\/image\/","url":"https:\/\/laredlarioja.com.ar\/sitio\/wp-content\/uploads\/2025\/05\/LOGO-LA-RED.png","contentUrl":"https:\/\/laredlarioja.com.ar\/sitio\/wp-content\/uploads\/2025\/05\/LOGO-LA-RED.png","width":193,"height":340,"caption":"LA RED 88.3 LA RIOJA"},"image":{"@id":"https:\/\/laredlarioja.com.ar\/sitio\/#\/schema\/logo\/image\/"},"sameAs":["https:\/\/www.facebook.com\/lared.larioja","https:\/\/x.com\/laredlarioja1","https:\/\/www.instagram.com\/lared_larioja\/"]},{"@type":"Person","@id":"https:\/\/laredlarioja.com.ar\/sitio\/#\/schema\/person\/3b1600cc7f8fd3617dc50f96d3503489","name":"Mart\u00edn Ruarte","url":"https:\/\/laredlarioja.com.ar\/sitio\/author\/mruarte\/"}]}},"featured_image_urls":{"full":["https:\/\/laredlarioja.com.ar\/sitio\/wp-content\/uploads\/2025\/04\/UKzxfoEMS_2000x1500__2.jpg",1997,1500,false],"thumbnail":["https:\/\/laredlarioja.com.ar\/sitio\/wp-content\/uploads\/2025\/04\/UKzxfoEMS_2000x1500__2-150x150.jpg",150,150,true],"medium":["https:\/\/laredlarioja.com.ar\/sitio\/wp-content\/uploads\/2025\/04\/UKzxfoEMS_2000x1500__2-300x225.jpg",300,225,true],"medium_large":["https:\/\/laredlarioja.com.ar\/sitio\/wp-content\/uploads\/2025\/04\/UKzxfoEMS_2000x1500__2-768x577.jpg",640,481,true],"large":["https:\/\/laredlarioja.com.ar\/sitio\/wp-content\/uploads\/2025\/04\/UKzxfoEMS_2000x1500__2-1024x769.jpg",640,481,true],"1536x1536":["https:\/\/laredlarioja.com.ar\/sitio\/wp-content\/uploads\/2025\/04\/UKzxfoEMS_2000x1500__2-1536x1154.jpg",1536,1154,true],"2048x2048":["https:\/\/laredlarioja.com.ar\/sitio\/wp-content\/uploads\/2025\/04\/UKzxfoEMS_2000x1500__2.jpg",1997,1500,false],"cvmm-medium":["https:\/\/laredlarioja.com.ar\/sitio\/wp-content\/uploads\/2025\/04\/UKzxfoEMS_2000x1500__2-300x300.jpg",300,300,true],"cvmm-medium-plus":["https:\/\/laredlarioja.com.ar\/sitio\/wp-content\/uploads\/2025\/04\/UKzxfoEMS_2000x1500__2-305x207.jpg",305,207,true],"cvmm-portrait":["https:\/\/laredlarioja.com.ar\/sitio\/wp-content\/uploads\/2025\/04\/UKzxfoEMS_2000x1500__2-400x600.jpg",400,600,true],"cvmm-medium-square":["https:\/\/laredlarioja.com.ar\/sitio\/wp-content\/uploads\/2025\/04\/UKzxfoEMS_2000x1500__2-600x600.jpg",600,600,true],"cvmm-large":["https:\/\/laredlarioja.com.ar\/sitio\/wp-content\/uploads\/2025\/04\/UKzxfoEMS_2000x1500__2-1024x1024.jpg",1024,1024,true],"cvmm-small":["https:\/\/laredlarioja.com.ar\/sitio\/wp-content\/uploads\/2025\/04\/UKzxfoEMS_2000x1500__2-130x95.jpg",130,95,true],"morenews-large":["https:\/\/laredlarioja.com.ar\/sitio\/wp-content\/uploads\/2025\/04\/UKzxfoEMS_2000x1500__2-825x575.jpg",825,575,true],"morenews-medium":["https:\/\/laredlarioja.com.ar\/sitio\/wp-content\/uploads\/2025\/04\/UKzxfoEMS_2000x1500__2-590x410.jpg",590,410,true]},"author_info":{"display_name":"Mart\u00edn Ruarte","author_link":"https:\/\/laredlarioja.com.ar\/sitio\/author\/mruarte\/"},"category_info":"<a href=\"https:\/\/laredlarioja.com.ar\/sitio\/categorias\/internacionales\/\" rel=\"category tag\">Internacionales<\/a>","tag_info":"Internacionales","comment_count":"0","blog_post_layout_featured_media_urls":{"thumbnail":["https:\/\/laredlarioja.com.ar\/sitio\/wp-content\/uploads\/2025\/04\/UKzxfoEMS_2000x1500__2-150x150.jpg",150,150,true],"full":["https:\/\/laredlarioja.com.ar\/sitio\/wp-content\/uploads\/2025\/04\/UKzxfoEMS_2000x1500__2.jpg",1997,1500,false]},"categories_names":{"93":{"name":"Internacionales","link":"https:\/\/laredlarioja.com.ar\/sitio\/categorias\/internacionales\/"}},"tags_names":[],"comments_number":"0","wpmagazine_modules_lite_featured_media_urls":{"thumbnail":["https:\/\/laredlarioja.com.ar\/sitio\/wp-content\/uploads\/2025\/04\/UKzxfoEMS_2000x1500__2-150x150.jpg",150,150,true],"cvmm-medium":["https:\/\/laredlarioja.com.ar\/sitio\/wp-content\/uploads\/2025\/04\/UKzxfoEMS_2000x1500__2-300x300.jpg",300,300,true],"cvmm-medium-plus":["https:\/\/laredlarioja.com.ar\/sitio\/wp-content\/uploads\/2025\/04\/UKzxfoEMS_2000x1500__2-305x207.jpg",305,207,true],"cvmm-portrait":["https:\/\/laredlarioja.com.ar\/sitio\/wp-content\/uploads\/2025\/04\/UKzxfoEMS_2000x1500__2-400x600.jpg",400,600,true],"cvmm-medium-square":["https:\/\/laredlarioja.com.ar\/sitio\/wp-content\/uploads\/2025\/04\/UKzxfoEMS_2000x1500__2-600x600.jpg",600,600,true],"cvmm-large":["https:\/\/laredlarioja.com.ar\/sitio\/wp-content\/uploads\/2025\/04\/UKzxfoEMS_2000x1500__2-1024x1024.jpg",1024,1024,true],"cvmm-small":["https:\/\/laredlarioja.com.ar\/sitio\/wp-content\/uploads\/2025\/04\/UKzxfoEMS_2000x1500__2-130x95.jpg",130,95,true],"full":["https:\/\/laredlarioja.com.ar\/sitio\/wp-content\/uploads\/2025\/04\/UKzxfoEMS_2000x1500__2.jpg",1997,1500,false]},"_links":{"self":[{"href":"https:\/\/laredlarioja.com.ar\/sitio\/wp-json\/wp\/v2\/posts\/60945","targetHints":{"allow":["GET"]}}],"collection":[{"href":"https:\/\/laredlarioja.com.ar\/sitio\/wp-json\/wp\/v2\/posts"}],"about":[{"href":"https:\/\/laredlarioja.com.ar\/sitio\/wp-json\/wp\/v2\/types\/post"}],"author":[{"embeddable":true,"href":"https:\/\/laredlarioja.com.ar\/sitio\/wp-json\/wp\/v2\/users\/8"}],"replies":[{"embeddable":true,"href":"https:\/\/laredlarioja.com.ar\/sitio\/wp-json\/wp\/v2\/comments?post=60945"}],"version-history":[{"count":1,"href":"https:\/\/laredlarioja.com.ar\/sitio\/wp-json\/wp\/v2\/posts\/60945\/revisions"}],"predecessor-version":[{"id":60947,"href":"https:\/\/laredlarioja.com.ar\/sitio\/wp-json\/wp\/v2\/posts\/60945\/revisions\/60947"}],"wp:featuredmedia":[{"embeddable":true,"href":"https:\/\/laredlarioja.com.ar\/sitio\/wp-json\/wp\/v2\/media\/60946"}],"wp:attachment":[{"href":"https:\/\/laredlarioja.com.ar\/sitio\/wp-json\/wp\/v2\/media?parent=60945"}],"wp:term":[{"taxonomy":"category","embeddable":true,"href":"https:\/\/laredlarioja.com.ar\/sitio\/wp-json\/wp\/v2\/categories?post=60945"},{"taxonomy":"post_tag","embeddable":true,"href":"https:\/\/laredlarioja.com.ar\/sitio\/wp-json\/wp\/v2\/tags?post=60945"}],"curies":[{"name":"wp","href":"https:\/\/api.w.org\/{rel}","templated":true}]}}