{"id":61153,"date":"2025-04-30T12:19:07","date_gmt":"2025-04-30T12:19:07","guid":{"rendered":"https:\/\/laredlarioja.com.ar\/sitio\/?p=61153"},"modified":"2025-05-01T23:47:20","modified_gmt":"2025-05-01T23:47:20","slug":"el-centro-comercial-la-rioja-impulsa-cambios-legales-para-abrir-los-domingos","status":"publish","type":"post","link":"https:\/\/laredlarioja.com.ar\/sitio\/el-centro-comercial-la-rioja-impulsa-cambios-legales-para-abrir-los-domingos\/","title":{"rendered":"El Centro Comercial La Rioja impulsa cambios legales para abrir los domingos"},"content":{"rendered":"<p>El Centro Comercial busca la derogaci\u00f3n de la ley de descanso dominical para impulsar el comercio en La Rioja. Al respecto, Juan Keuli\u00e1n, director Ejecutivo, adelant\u00f3 que<strong> \u00abtrabajan para que se cancele esa Ley\u201d.<\/strong><\/p>\n<p>Keuli\u00e1n expres\u00f3 su intenci\u00f3n de impulsar la derogaci\u00f3n de la ley de descanso dominical, una normativa que data de hace\u00a0 a\u00f1os y que impide la apertura de comercios los domingos en la provincia. Con la medida buscan dinamizar la econom\u00eda local y facilitar las compras a la ciudan\u00eda.\u00a0\u00abEstamos trabajando para que se cancele esta ley que ya tiene muchos a\u00f1os. Una vez que logremos esto, podremos abrir los domingos de forma habitual\u00bb, expres\u00f3.<\/p>\n<p>La iniciativa surge ante la percepci\u00f3n de que la restricci\u00f3n dominical no beneficia ni a los comerciantes ni a los consumidores. \u00abAntes de la pandemia, los mercados estaban abiertos los domingos, y la gente quiere que se abran porque les facilita las compras semanales. Es un d\u00eda m\u00e1s tranquilo para comprar y mirar ofertas\u00bb, explic\u00f3.<\/p>\n<p>Adem\u00e1s el referente destac\u00f3 que La Rioja es una de las pocas provincias que a\u00fan mantienen esta restricci\u00f3n. \u00abLas dos provincias que no abren los domingos son La Pampa y La Rioja, y La Pampa es mucho m\u00e1s chica en habitantes\u00bb, indic\u00f3. \u00abEn fines de semana largos, cuando vienen turistas, deber\u00edamos tener los supermercados abiertos\u00bb, dijo.<\/p>\n<p>Asimismo Keuli\u00e1n asegur\u00f3 que se est\u00e1 finalizando el proyecto legal para presentarlo al gobierno nacional o a la C\u00e1mara de Diputados, buscando la derogaci\u00f3n de la ley. \u00abNo es un tema f\u00e1cil, hay que tener el tema legal en orden para no crear conflictos\u00bb, concluy\u00f3.<\/p>\n","protected":false},"excerpt":{"rendered":"<p>El Centro Comercial busca la derogaci\u00f3n de la ley de descanso dominical para impulsar el comercio en La<\/p>\n","protected":false},"author":7,"featured_media":52863,"comment_status":"closed","ping_status":"open","sticky":false,"template":"","format":"standard","meta":{"footnotes":""},"categories":[24],"tags":[84],"class_list":["post-61153","post","type-post","status-publish","format-standard","has-post-thumbnail","hentry","category-informacion-general","tag-secundaria"],"yoast_head":"<!-- This site is optimized with the Yoast SEO plugin v27.4 - https:\/\/yoast.com\/product\/yoast-seo-wordpress\/ -->\n<title>El Centro Comercial La Rioja impulsa cambios legales para abrir los domingos - LA RED 88.3 LA RIOJA<\/title>\n<meta name=\"robots\" content=\"index, follow, max-snippet:-1, max-image-preview:large, max-video-preview:-1\" \/>\n<link rel=\"canonical\" href=\"https:\/\/laredlarioja.com.ar\/sitio\/el-centro-comercial-la-rioja-impulsa-cambios-legales-para-abrir-los-domingos\/\" \/>\n<meta property=\"og:locale\" content=\"es_ES\" \/>\n<meta property=\"og:type\" content=\"article\" \/>\n<meta property=\"og:title\" content=\"El Centro Comercial La Rioja impulsa cambios legales para abrir los domingos - LA RED 88.3 LA RIOJA\" \/>\n<meta property=\"og:description\" content=\"El Centro Comercial busca la derogaci\u00f3n de la ley de descanso dominical para impulsar el comercio en La\" \/>\n<meta property=\"og:url\" content=\"https:\/\/laredlarioja.com.ar\/sitio\/el-centro-comercial-la-rioja-impulsa-cambios-legales-para-abrir-los-domingos\/\" \/>\n<meta property=\"og:site_name\" content=\"LA RED 88.3 LA RIOJA\" \/>\n<meta property=\"article:publisher\" content=\"https:\/\/www.facebook.com\/lared.larioja\" \/>\n<meta property=\"article:published_time\" content=\"2025-04-30T12:19:07+00:00\" \/>\n<meta property=\"article:modified_time\" content=\"2025-05-01T23:47:20+00:00\" \/>\n<meta property=\"og:image\" content=\"https:\/\/laredlarioja.com.ar\/sitio\/wp-content\/uploads\/2024\/10\/COMERCIOS-LA-RIOJA.jpeg\" \/>\n\t<meta property=\"og:image:width\" content=\"276\" \/>\n\t<meta property=\"og:image:height\" content=\"183\" \/>\n\t<meta property=\"og:image:type\" content=\"image\/jpeg\" \/>\n<meta name=\"author\" content=\"Anabella Soria\" \/>\n<meta name=\"twitter:card\" content=\"summary_large_image\" \/>\n<meta name=\"twitter:creator\" content=\"@laredlarioja1\" \/>\n<meta name=\"twitter:site\" content=\"@laredlarioja1\" \/>\n<meta name=\"twitter:label1\" content=\"Escrito por\" \/>\n\t<meta name=\"twitter:data1\" content=\"Anabella Soria\" \/>\n\t<meta name=\"twitter:label2\" content=\"Tiempo de lectura\" \/>\n\t<meta name=\"twitter:data2\" content=\"2 minutos\" \/>\n<script type=\"application\/ld+json\" class=\"yoast-schema-graph\">{\"@context\":\"https:\\\/\\\/schema.org\",\"@graph\":[{\"@type\":\"Article\",\"@id\":\"https:\\\/\\\/laredlarioja.com.ar\\\/sitio\\\/el-centro-comercial-la-rioja-impulsa-cambios-legales-para-abrir-los-domingos\\\/#article\",\"isPartOf\":{\"@id\":\"https:\\\/\\\/laredlarioja.com.ar\\\/sitio\\\/el-centro-comercial-la-rioja-impulsa-cambios-legales-para-abrir-los-domingos\\\/\"},\"author\":{\"name\":\"Anabella Soria\",\"@id\":\"https:\\\/\\\/laredlarioja.com.ar\\\/sitio\\\/#\\\/schema\\\/person\\\/31f88059d20c5cf06e974fd895aec56e\"},\"headline\":\"El Centro Comercial La Rioja impulsa cambios legales para abrir los domingos\",\"datePublished\":\"2025-04-30T12:19:07+00:00\",\"dateModified\":\"2025-05-01T23:47:20+00:00\",\"mainEntityOfPage\":{\"@id\":\"https:\\\/\\\/laredlarioja.com.ar\\\/sitio\\\/el-centro-comercial-la-rioja-impulsa-cambios-legales-para-abrir-los-domingos\\\/\"},\"wordCount\":298,\"publisher\":{\"@id\":\"https:\\\/\\\/laredlarioja.com.ar\\\/sitio\\\/#organization\"},\"image\":{\"@id\":\"https:\\\/\\\/laredlarioja.com.ar\\\/sitio\\\/el-centro-comercial-la-rioja-impulsa-cambios-legales-para-abrir-los-domingos\\\/#primaryimage\"},\"thumbnailUrl\":\"https:\\\/\\\/laredlarioja.com.ar\\\/sitio\\\/wp-content\\\/uploads\\\/2024\\\/10\\\/COMERCIOS-LA-RIOJA.jpeg\",\"keywords\":[\"Secundaria\"],\"articleSection\":[\"Informaci\u00f3n General\"],\"inLanguage\":\"es\"},{\"@type\":\"WebPage\",\"@id\":\"https:\\\/\\\/laredlarioja.com.ar\\\/sitio\\\/el-centro-comercial-la-rioja-impulsa-cambios-legales-para-abrir-los-domingos\\\/\",\"url\":\"https:\\\/\\\/laredlarioja.com.ar\\\/sitio\\\/el-centro-comercial-la-rioja-impulsa-cambios-legales-para-abrir-los-domingos\\\/\",\"name\":\"El Centro Comercial La Rioja impulsa cambios legales para abrir los domingos - LA RED 88.3 LA RIOJA\",\"isPartOf\":{\"@id\":\"https:\\\/\\\/laredlarioja.com.ar\\\/sitio\\\/#website\"},\"primaryImageOfPage\":{\"@id\":\"https:\\\/\\\/laredlarioja.com.ar\\\/sitio\\\/el-centro-comercial-la-rioja-impulsa-cambios-legales-para-abrir-los-domingos\\\/#primaryimage\"},\"image\":{\"@id\":\"https:\\\/\\\/laredlarioja.com.ar\\\/sitio\\\/el-centro-comercial-la-rioja-impulsa-cambios-legales-para-abrir-los-domingos\\\/#primaryimage\"},\"thumbnailUrl\":\"https:\\\/\\\/laredlarioja.com.ar\\\/sitio\\\/wp-content\\\/uploads\\\/2024\\\/10\\\/COMERCIOS-LA-RIOJA.jpeg\",\"datePublished\":\"2025-04-30T12:19:07+00:00\",\"dateModified\":\"2025-05-01T23:47:20+00:00\",\"breadcrumb\":{\"@id\":\"https:\\\/\\\/laredlarioja.com.ar\\\/sitio\\\/el-centro-comercial-la-rioja-impulsa-cambios-legales-para-abrir-los-domingos\\\/#breadcrumb\"},\"inLanguage\":\"es\",\"potentialAction\":[{\"@type\":\"ReadAction\",\"target\":[\"https:\\\/\\\/laredlarioja.com.ar\\\/sitio\\\/el-centro-comercial-la-rioja-impulsa-cambios-legales-para-abrir-los-domingos\\\/\"]}]},{\"@type\":\"ImageObject\",\"inLanguage\":\"es\",\"@id\":\"https:\\\/\\\/laredlarioja.com.ar\\\/sitio\\\/el-centro-comercial-la-rioja-impulsa-cambios-legales-para-abrir-los-domingos\\\/#primaryimage\",\"url\":\"https:\\\/\\\/laredlarioja.com.ar\\\/sitio\\\/wp-content\\\/uploads\\\/2024\\\/10\\\/COMERCIOS-LA-RIOJA.jpeg\",\"contentUrl\":\"https:\\\/\\\/laredlarioja.com.ar\\\/sitio\\\/wp-content\\\/uploads\\\/2024\\\/10\\\/COMERCIOS-LA-RIOJA.jpeg\",\"width\":276,\"height\":183},{\"@type\":\"BreadcrumbList\",\"@id\":\"https:\\\/\\\/laredlarioja.com.ar\\\/sitio\\\/el-centro-comercial-la-rioja-impulsa-cambios-legales-para-abrir-los-domingos\\\/#breadcrumb\",\"itemListElement\":[{\"@type\":\"ListItem\",\"position\":1,\"name\":\"Portada\",\"item\":\"https:\\\/\\\/laredlarioja.com.ar\\\/sitio\\\/\"},{\"@type\":\"ListItem\",\"position\":2,\"name\":\"El Centro Comercial La Rioja impulsa cambios legales para abrir los domingos\"}]},{\"@type\":\"WebSite\",\"@id\":\"https:\\\/\\\/laredlarioja.com.ar\\\/sitio\\\/#website\",\"url\":\"https:\\\/\\\/laredlarioja.com.ar\\\/sitio\\\/\",\"name\":\"LA RED 88.3 LA RIOJA\",\"description\":\"Sitio de Noticias\",\"publisher\":{\"@id\":\"https:\\\/\\\/laredlarioja.com.ar\\\/sitio\\\/#organization\"},\"potentialAction\":[{\"@type\":\"SearchAction\",\"target\":{\"@type\":\"EntryPoint\",\"urlTemplate\":\"https:\\\/\\\/laredlarioja.com.ar\\\/sitio\\\/?s={search_term_string}\"},\"query-input\":{\"@type\":\"PropertyValueSpecification\",\"valueRequired\":true,\"valueName\":\"search_term_string\"}}],\"inLanguage\":\"es\"},{\"@type\":\"Organization\",\"@id\":\"https:\\\/\\\/laredlarioja.com.ar\\\/sitio\\\/#organization\",\"name\":\"LA RED 88.3 LA RIOJA\",\"url\":\"https:\\\/\\\/laredlarioja.com.ar\\\/sitio\\\/\",\"logo\":{\"@type\":\"ImageObject\",\"inLanguage\":\"es\",\"@id\":\"https:\\\/\\\/laredlarioja.com.ar\\\/sitio\\\/#\\\/schema\\\/logo\\\/image\\\/\",\"url\":\"https:\\\/\\\/laredlarioja.com.ar\\\/sitio\\\/wp-content\\\/uploads\\\/2025\\\/05\\\/LOGO-LA-RED.png\",\"contentUrl\":\"https:\\\/\\\/laredlarioja.com.ar\\\/sitio\\\/wp-content\\\/uploads\\\/2025\\\/05\\\/LOGO-LA-RED.png\",\"width\":193,\"height\":340,\"caption\":\"LA RED 88.3 LA RIOJA\"},\"image\":{\"@id\":\"https:\\\/\\\/laredlarioja.com.ar\\\/sitio\\\/#\\\/schema\\\/logo\\\/image\\\/\"},\"sameAs\":[\"https:\\\/\\\/www.facebook.com\\\/lared.larioja\",\"https:\\\/\\\/x.com\\\/laredlarioja1\",\"https:\\\/\\\/www.instagram.com\\\/lared_larioja\\\/\"]},{\"@type\":\"Person\",\"@id\":\"https:\\\/\\\/laredlarioja.com.ar\\\/sitio\\\/#\\\/schema\\\/person\\\/31f88059d20c5cf06e974fd895aec56e\",\"name\":\"Anabella Soria\",\"url\":\"https:\\\/\\\/laredlarioja.com.ar\\\/sitio\\\/author\\\/asoria\\\/\"}]}<\/script>\n<!-- \/ Yoast SEO plugin. -->","yoast_head_json":{"title":"El Centro Comercial La Rioja impulsa cambios legales para abrir los domingos - LA RED 88.3 LA RIOJA","robots":{"index":"index","follow":"follow","max-snippet":"max-snippet:-1","max-image-preview":"max-image-preview:large","max-video-preview":"max-video-preview:-1"},"canonical":"https:\/\/laredlarioja.com.ar\/sitio\/el-centro-comercial-la-rioja-impulsa-cambios-legales-para-abrir-los-domingos\/","og_locale":"es_ES","og_type":"article","og_title":"El Centro Comercial La Rioja impulsa cambios legales para abrir los domingos - LA RED 88.3 LA RIOJA","og_description":"El Centro Comercial busca la derogaci\u00f3n de la ley de descanso dominical para impulsar el comercio en La","og_url":"https:\/\/laredlarioja.com.ar\/sitio\/el-centro-comercial-la-rioja-impulsa-cambios-legales-para-abrir-los-domingos\/","og_site_name":"LA RED 88.3 LA RIOJA","article_publisher":"https:\/\/www.facebook.com\/lared.larioja","article_published_time":"2025-04-30T12:19:07+00:00","article_modified_time":"2025-05-01T23:47:20+00:00","og_image":[{"width":276,"height":183,"url":"https:\/\/laredlarioja.com.ar\/sitio\/wp-content\/uploads\/2024\/10\/COMERCIOS-LA-RIOJA.jpeg","type":"image\/jpeg"}],"author":"Anabella Soria","twitter_card":"summary_large_image","twitter_creator":"@laredlarioja1","twitter_site":"@laredlarioja1","twitter_misc":{"Escrito por":"Anabella Soria","Tiempo de lectura":"2 minutos"},"schema":{"@context":"https:\/\/schema.org","@graph":[{"@type":"Article","@id":"https:\/\/laredlarioja.com.ar\/sitio\/el-centro-comercial-la-rioja-impulsa-cambios-legales-para-abrir-los-domingos\/#article","isPartOf":{"@id":"https:\/\/laredlarioja.com.ar\/sitio\/el-centro-comercial-la-rioja-impulsa-cambios-legales-para-abrir-los-domingos\/"},"author":{"name":"Anabella Soria","@id":"https:\/\/laredlarioja.com.ar\/sitio\/#\/schema\/person\/31f88059d20c5cf06e974fd895aec56e"},"headline":"El Centro Comercial La Rioja impulsa cambios legales para abrir los domingos","datePublished":"2025-04-30T12:19:07+00:00","dateModified":"2025-05-01T23:47:20+00:00","mainEntityOfPage":{"@id":"https:\/\/laredlarioja.com.ar\/sitio\/el-centro-comercial-la-rioja-impulsa-cambios-legales-para-abrir-los-domingos\/"},"wordCount":298,"publisher":{"@id":"https:\/\/laredlarioja.com.ar\/sitio\/#organization"},"image":{"@id":"https:\/\/laredlarioja.com.ar\/sitio\/el-centro-comercial-la-rioja-impulsa-cambios-legales-para-abrir-los-domingos\/#primaryimage"},"thumbnailUrl":"https:\/\/laredlarioja.com.ar\/sitio\/wp-content\/uploads\/2024\/10\/COMERCIOS-LA-RIOJA.jpeg","keywords":["Secundaria"],"articleSection":["Informaci\u00f3n General"],"inLanguage":"es"},{"@type":"WebPage","@id":"https:\/\/laredlarioja.com.ar\/sitio\/el-centro-comercial-la-rioja-impulsa-cambios-legales-para-abrir-los-domingos\/","url":"https:\/\/laredlarioja.com.ar\/sitio\/el-centro-comercial-la-rioja-impulsa-cambios-legales-para-abrir-los-domingos\/","name":"El Centro Comercial La Rioja impulsa cambios legales para abrir los domingos - LA RED 88.3 LA RIOJA","isPartOf":{"@id":"https:\/\/laredlarioja.com.ar\/sitio\/#website"},"primaryImageOfPage":{"@id":"https:\/\/laredlarioja.com.ar\/sitio\/el-centro-comercial-la-rioja-impulsa-cambios-legales-para-abrir-los-domingos\/#primaryimage"},"image":{"@id":"https:\/\/laredlarioja.com.ar\/sitio\/el-centro-comercial-la-rioja-impulsa-cambios-legales-para-abrir-los-domingos\/#primaryimage"},"thumbnailUrl":"https:\/\/laredlarioja.com.ar\/sitio\/wp-content\/uploads\/2024\/10\/COMERCIOS-LA-RIOJA.jpeg","datePublished":"2025-04-30T12:19:07+00:00","dateModified":"2025-05-01T23:47:20+00:00","breadcrumb":{"@id":"https:\/\/laredlarioja.com.ar\/sitio\/el-centro-comercial-la-rioja-impulsa-cambios-legales-para-abrir-los-domingos\/#breadcrumb"},"inLanguage":"es","potentialAction":[{"@type":"ReadAction","target":["https:\/\/laredlarioja.com.ar\/sitio\/el-centro-comercial-la-rioja-impulsa-cambios-legales-para-abrir-los-domingos\/"]}]},{"@type":"ImageObject","inLanguage":"es","@id":"https:\/\/laredlarioja.com.ar\/sitio\/el-centro-comercial-la-rioja-impulsa-cambios-legales-para-abrir-los-domingos\/#primaryimage","url":"https:\/\/laredlarioja.com.ar\/sitio\/wp-content\/uploads\/2024\/10\/COMERCIOS-LA-RIOJA.jpeg","contentUrl":"https:\/\/laredlarioja.com.ar\/sitio\/wp-content\/uploads\/2024\/10\/COMERCIOS-LA-RIOJA.jpeg","width":276,"height":183},{"@type":"BreadcrumbList","@id":"https:\/\/laredlarioja.com.ar\/sitio\/el-centro-comercial-la-rioja-impulsa-cambios-legales-para-abrir-los-domingos\/#breadcrumb","itemListElement":[{"@type":"ListItem","position":1,"name":"Portada","item":"https:\/\/laredlarioja.com.ar\/sitio\/"},{"@type":"ListItem","position":2,"name":"El Centro Comercial La Rioja impulsa cambios legales para abrir los domingos"}]},{"@type":"WebSite","@id":"https:\/\/laredlarioja.com.ar\/sitio\/#website","url":"https:\/\/laredlarioja.com.ar\/sitio\/","name":"LA RED 88.3 LA RIOJA","description":"Sitio de Noticias","publisher":{"@id":"https:\/\/laredlarioja.com.ar\/sitio\/#organization"},"potentialAction":[{"@type":"SearchAction","target":{"@type":"EntryPoint","urlTemplate":"https:\/\/laredlarioja.com.ar\/sitio\/?s={search_term_string}"},"query-input":{"@type":"PropertyValueSpecification","valueRequired":true,"valueName":"search_term_string"}}],"inLanguage":"es"},{"@type":"Organization","@id":"https:\/\/laredlarioja.com.ar\/sitio\/#organization","name":"LA RED 88.3 LA RIOJA","url":"https:\/\/laredlarioja.com.ar\/sitio\/","logo":{"@type":"ImageObject","inLanguage":"es","@id":"https:\/\/laredlarioja.com.ar\/sitio\/#\/schema\/logo\/image\/","url":"https:\/\/laredlarioja.com.ar\/sitio\/wp-content\/uploads\/2025\/05\/LOGO-LA-RED.png","contentUrl":"https:\/\/laredlarioja.com.ar\/sitio\/wp-content\/uploads\/2025\/05\/LOGO-LA-RED.png","width":193,"height":340,"caption":"LA RED 88.3 LA RIOJA"},"image":{"@id":"https:\/\/laredlarioja.com.ar\/sitio\/#\/schema\/logo\/image\/"},"sameAs":["https:\/\/www.facebook.com\/lared.larioja","https:\/\/x.com\/laredlarioja1","https:\/\/www.instagram.com\/lared_larioja\/"]},{"@type":"Person","@id":"https:\/\/laredlarioja.com.ar\/sitio\/#\/schema\/person\/31f88059d20c5cf06e974fd895aec56e","name":"Anabella Soria","url":"https:\/\/laredlarioja.com.ar\/sitio\/author\/asoria\/"}]}},"featured_image_urls":{"full":["https:\/\/laredlarioja.com.ar\/sitio\/wp-content\/uploads\/2024\/10\/COMERCIOS-LA-RIOJA.jpeg",276,183,false],"thumbnail":["https:\/\/laredlarioja.com.ar\/sitio\/wp-content\/uploads\/2024\/10\/COMERCIOS-LA-RIOJA-150x150.jpeg",150,150,true],"medium":["https:\/\/laredlarioja.com.ar\/sitio\/wp-content\/uploads\/2024\/10\/COMERCIOS-LA-RIOJA.jpeg",276,183,false],"medium_large":["https:\/\/laredlarioja.com.ar\/sitio\/wp-content\/uploads\/2024\/10\/COMERCIOS-LA-RIOJA.jpeg",276,183,false],"large":["https:\/\/laredlarioja.com.ar\/sitio\/wp-content\/uploads\/2024\/10\/COMERCIOS-LA-RIOJA.jpeg",276,183,false],"1536x1536":["https:\/\/laredlarioja.com.ar\/sitio\/wp-content\/uploads\/2024\/10\/COMERCIOS-LA-RIOJA.jpeg",276,183,false],"2048x2048":["https:\/\/laredlarioja.com.ar\/sitio\/wp-content\/uploads\/2024\/10\/COMERCIOS-LA-RIOJA.jpeg",276,183,false],"cvmm-medium":["https:\/\/laredlarioja.com.ar\/sitio\/wp-content\/uploads\/2024\/10\/COMERCIOS-LA-RIOJA.jpeg",276,183,false],"cvmm-medium-plus":["https:\/\/laredlarioja.com.ar\/sitio\/wp-content\/uploads\/2024\/10\/COMERCIOS-LA-RIOJA.jpeg",276,183,false],"cvmm-portrait":["https:\/\/laredlarioja.com.ar\/sitio\/wp-content\/uploads\/2024\/10\/COMERCIOS-LA-RIOJA.jpeg",276,183,false],"cvmm-medium-square":["https:\/\/laredlarioja.com.ar\/sitio\/wp-content\/uploads\/2024\/10\/COMERCIOS-LA-RIOJA.jpeg",276,183,false],"cvmm-large":["https:\/\/laredlarioja.com.ar\/sitio\/wp-content\/uploads\/2024\/10\/COMERCIOS-LA-RIOJA.jpeg",276,183,false],"cvmm-small":["https:\/\/laredlarioja.com.ar\/sitio\/wp-content\/uploads\/2024\/10\/COMERCIOS-LA-RIOJA-130x95.jpeg",130,95,true],"morenews-large":["https:\/\/laredlarioja.com.ar\/sitio\/wp-content\/uploads\/2024\/10\/COMERCIOS-LA-RIOJA.jpeg",276,183,false],"morenews-medium":["https:\/\/laredlarioja.com.ar\/sitio\/wp-content\/uploads\/2024\/10\/COMERCIOS-LA-RIOJA.jpeg",276,183,false]},"author_info":{"display_name":"Anabella Soria","author_link":"https:\/\/laredlarioja.com.ar\/sitio\/author\/asoria\/"},"category_info":"<a href=\"https:\/\/laredlarioja.com.ar\/sitio\/categorias\/informacion-general\/\" rel=\"category tag\">Informaci\u00f3n General<\/a>","tag_info":"Informaci\u00f3n General","comment_count":"0","blog_post_layout_featured_media_urls":{"thumbnail":["https:\/\/laredlarioja.com.ar\/sitio\/wp-content\/uploads\/2024\/10\/COMERCIOS-LA-RIOJA-150x150.jpeg",150,150,true],"full":["https:\/\/laredlarioja.com.ar\/sitio\/wp-content\/uploads\/2024\/10\/COMERCIOS-LA-RIOJA.jpeg",276,183,false]},"categories_names":{"24":{"name":"Informaci\u00f3n General","link":"https:\/\/laredlarioja.com.ar\/sitio\/categorias\/informacion-general\/"}},"tags_names":{"84":{"name":"Secundaria","link":"https:\/\/laredlarioja.com.ar\/sitio\/etiquetas\/secundaria\/"}},"comments_number":"0","wpmagazine_modules_lite_featured_media_urls":{"thumbnail":["https:\/\/laredlarioja.com.ar\/sitio\/wp-content\/uploads\/2024\/10\/COMERCIOS-LA-RIOJA-150x150.jpeg",150,150,true],"cvmm-medium":["https:\/\/laredlarioja.com.ar\/sitio\/wp-content\/uploads\/2024\/10\/COMERCIOS-LA-RIOJA.jpeg",276,183,false],"cvmm-medium-plus":["https:\/\/laredlarioja.com.ar\/sitio\/wp-content\/uploads\/2024\/10\/COMERCIOS-LA-RIOJA.jpeg",276,183,false],"cvmm-portrait":["https:\/\/laredlarioja.com.ar\/sitio\/wp-content\/uploads\/2024\/10\/COMERCIOS-LA-RIOJA.jpeg",276,183,false],"cvmm-medium-square":["https:\/\/laredlarioja.com.ar\/sitio\/wp-content\/uploads\/2024\/10\/COMERCIOS-LA-RIOJA.jpeg",276,183,false],"cvmm-large":["https:\/\/laredlarioja.com.ar\/sitio\/wp-content\/uploads\/2024\/10\/COMERCIOS-LA-RIOJA.jpeg",276,183,false],"cvmm-small":["https:\/\/laredlarioja.com.ar\/sitio\/wp-content\/uploads\/2024\/10\/COMERCIOS-LA-RIOJA-130x95.jpeg",130,95,true],"full":["https:\/\/laredlarioja.com.ar\/sitio\/wp-content\/uploads\/2024\/10\/COMERCIOS-LA-RIOJA.jpeg",276,183,false]},"_links":{"self":[{"href":"https:\/\/laredlarioja.com.ar\/sitio\/wp-json\/wp\/v2\/posts\/61153","targetHints":{"allow":["GET"]}}],"collection":[{"href":"https:\/\/laredlarioja.com.ar\/sitio\/wp-json\/wp\/v2\/posts"}],"about":[{"href":"https:\/\/laredlarioja.com.ar\/sitio\/wp-json\/wp\/v2\/types\/post"}],"author":[{"embeddable":true,"href":"https:\/\/laredlarioja.com.ar\/sitio\/wp-json\/wp\/v2\/users\/7"}],"replies":[{"embeddable":true,"href":"https:\/\/laredlarioja.com.ar\/sitio\/wp-json\/wp\/v2\/comments?post=61153"}],"version-history":[{"count":6,"href":"https:\/\/laredlarioja.com.ar\/sitio\/wp-json\/wp\/v2\/posts\/61153\/revisions"}],"predecessor-version":[{"id":61160,"href":"https:\/\/laredlarioja.com.ar\/sitio\/wp-json\/wp\/v2\/posts\/61153\/revisions\/61160"}],"wp:featuredmedia":[{"embeddable":true,"href":"https:\/\/laredlarioja.com.ar\/sitio\/wp-json\/wp\/v2\/media\/52863"}],"wp:attachment":[{"href":"https:\/\/laredlarioja.com.ar\/sitio\/wp-json\/wp\/v2\/media?parent=61153"}],"wp:term":[{"taxonomy":"category","embeddable":true,"href":"https:\/\/laredlarioja.com.ar\/sitio\/wp-json\/wp\/v2\/categories?post=61153"},{"taxonomy":"post_tag","embeddable":true,"href":"https:\/\/laredlarioja.com.ar\/sitio\/wp-json\/wp\/v2\/tags?post=61153"}],"curies":[{"name":"wp","href":"https:\/\/api.w.org\/{rel}","templated":true}]}}