{"id":61176,"date":"2025-04-30T21:01:40","date_gmt":"2025-04-30T21:01:40","guid":{"rendered":"https:\/\/laredlarioja.com.ar\/sitio\/?p=61176"},"modified":"2025-04-30T22:16:48","modified_gmt":"2025-04-30T22:16:48","slug":"piden-la-inhibicion-del-juez-jalil-en-una-causa-de-violencia-de-genero","status":"publish","type":"post","link":"https:\/\/laredlarioja.com.ar\/sitio\/piden-la-inhibicion-del-juez-jalil-en-una-causa-de-violencia-de-genero\/","title":{"rendered":"Piden la inhibici\u00f3n del juez Jalil en una causa de violencia de g\u00e9nero"},"content":{"rendered":"<p>Pamela Paez, una joven que denunci\u00f3 a su ex pareja por violencia de g\u00e9nero, pone nuevamente bajo la lupa al sistema judicial en La Rioja. La causa, que involucra a <strong>Diego Arga\u00f1araz \u2014actualmente imputado por homicidio calificado en grado de tentativa en un contexto de violencia de g\u00e9nero\u2014<\/strong> revel\u00f3 una serie de maniobras judiciales cuestionables que podr\u00edan poner en riesgo la integridad de la v\u00edctima y el proceso de b\u00fasqueda de justicia.<br \/>\nArga\u00f1araz estuvo detenido, pero durante la feria judicial recibi\u00f3 el beneficio de prisi\u00f3n domiciliaria, otorgado por el juez Jalil Lagaza, en base a un certificado m\u00e9dico que, seg\u00fan denunci\u00f3 la defensa de Pamela, habr\u00eda sido irregular y posiblemente falso. El documento fue firmado por el Dr. Cobos, un m\u00e9dico cl\u00ednico contratado por la defensa del acusado, quien diagnostic\u00f3 depresi\u00f3n, ansiedad y dificultades para permanecer de pie, sugiriendo la necesidad del arresto domiciliario.<\/p>\n<p>El abogado de la v\u00edctima, Sergio G\u00f3mez, dialog\u00f3 con<strong> La Red<\/strong> y expres\u00f3 su preocupaci\u00f3n por las maniobras judiciales: \u201cTraen un certificado en plena feria judicial, el \u00faltimo d\u00eda, y el juez Jalil le otorga la domiciliaria. Nos enteramos a las 17:00hs cuando la feria ya hab\u00eda terminado. Reci\u00e9n el lunes pudimos presentar un recurso de nulidad\u201d, afirm\u00f3.<br \/>\nLa jueza titular de la causa, que ya hab\u00eda retomado funciones tras la feria, solicit\u00f3 un nuevo peritaje m\u00e9dico. El informe del forense oficial concluy\u00f3 que Arga\u00f1araz no presentaba ninguna condici\u00f3n que justificara la prisi\u00f3n domiciliaria, y el beneficio fue revocado.<br \/>\nSin embargo, la situaci\u00f3n escal\u00f3. La defensa del acusado apel\u00f3 la decisi\u00f3n, y ante la sospecha de falsificaci\u00f3n ideol\u00f3gica, el equipo legal de Pamela present\u00f3 una denuncia penal contra el Dr. Cobos, as\u00ed como contra los abogados de la defensa, Marcelo y Florencia Ocampo, por el presunto delito de estafa procesal: \u201c<strong>Nunca puede un m\u00e9dico cl\u00ednico diagnosticar una enfermedad mental como depresi\u00f3n o ansiedad. Eso corresponde a un psiquiatra o psic\u00f3logo\u201d, aclar\u00f3\u00a0 G\u00f3mez.<\/strong><\/p>\n<p>\u201cAlguien confeccion\u00f3 un certificado tratando de faltar a la verdad, y eso es grave. Adem\u00e1s, quienes usaron ese certificado para favorecer la situaci\u00f3n del acusado tambi\u00e9n incurrieron en un delito\u201d. La causa por falsificaci\u00f3n y estafa procesal qued\u00f3 nuevamente bajo la \u00f3rbita del juez Jalil Lagaza, lo que ha encendido las alarmas en el entorno de la v\u00edctima.<strong> \u201cYo ya ped\u00ed la inhibici\u00f3n del juez. No puede seguir interviniendo en este proceso. Hay un retardo evidente de justicia y eso impide el descubrimiento de la verdad. Si no se inhibe, voy a presentar una recusaci\u00f3n con toda la prueba. No me voy a quedar quieto\u201d,<\/strong> advirti\u00f3 G\u00f3mez.<br \/>\n\u201cEsto no solo impide el acceso a la justicia, tambi\u00e9n socava la confianza de la sociedad en sus instituciones. No se puede permitir\u201d, concluy\u00f3 el letrado.<\/p>\n","protected":false},"excerpt":{"rendered":"<p>Pamela Paez, una joven que denunci\u00f3 a su ex pareja por violencia de g\u00e9nero, pone nuevamente bajo la<\/p>\n","protected":false},"author":10,"featured_media":38552,"comment_status":"closed","ping_status":"open","sticky":false,"template":"","format":"standard","meta":{"footnotes":""},"categories":[24,100],"tags":[],"class_list":["post-61176","post","type-post","status-publish","format-standard","has-post-thumbnail","hentry","category-informacion-general","category-tapa"],"yoast_head":"<!-- This site is optimized with the Yoast SEO plugin v27.4 - https:\/\/yoast.com\/product\/yoast-seo-wordpress\/ -->\n<title>Piden la inhibici\u00f3n del juez Jalil en una causa de violencia de g\u00e9nero - LA RED 88.3 LA RIOJA<\/title>\n<meta name=\"robots\" content=\"index, follow, max-snippet:-1, max-image-preview:large, max-video-preview:-1\" \/>\n<link rel=\"canonical\" href=\"https:\/\/laredlarioja.com.ar\/sitio\/piden-la-inhibicion-del-juez-jalil-en-una-causa-de-violencia-de-genero\/\" \/>\n<meta property=\"og:locale\" content=\"es_ES\" \/>\n<meta property=\"og:type\" content=\"article\" \/>\n<meta property=\"og:title\" content=\"Piden la inhibici\u00f3n del juez Jalil en una causa de violencia de g\u00e9nero - LA RED 88.3 LA RIOJA\" \/>\n<meta property=\"og:description\" content=\"Pamela Paez, una joven que denunci\u00f3 a su ex pareja por violencia de g\u00e9nero, pone nuevamente bajo la\" \/>\n<meta property=\"og:url\" content=\"https:\/\/laredlarioja.com.ar\/sitio\/piden-la-inhibicion-del-juez-jalil-en-una-causa-de-violencia-de-genero\/\" \/>\n<meta property=\"og:site_name\" content=\"LA RED 88.3 LA RIOJA\" \/>\n<meta property=\"article:publisher\" content=\"https:\/\/www.facebook.com\/lared.larioja\" \/>\n<meta property=\"article:published_time\" content=\"2025-04-30T21:01:40+00:00\" \/>\n<meta property=\"article:modified_time\" content=\"2025-04-30T22:16:48+00:00\" \/>\n<meta property=\"og:image\" content=\"https:\/\/laredlarioja.com.ar\/sitio\/wp-content\/uploads\/2023\/11\/dd8b78f6-ffe3-4fb5-9b01-c2f2ad566bac.jpeg\" \/>\n\t<meta property=\"og:image:width\" content=\"912\" \/>\n\t<meta property=\"og:image:height\" content=\"644\" \/>\n\t<meta property=\"og:image:type\" content=\"image\/jpeg\" \/>\n<meta name=\"author\" content=\"La Red\" \/>\n<meta name=\"twitter:card\" content=\"summary_large_image\" \/>\n<meta name=\"twitter:creator\" content=\"@laredlarioja1\" \/>\n<meta name=\"twitter:site\" content=\"@laredlarioja1\" \/>\n<meta name=\"twitter:label1\" content=\"Escrito por\" \/>\n\t<meta name=\"twitter:data1\" content=\"La Red\" \/>\n\t<meta name=\"twitter:label2\" content=\"Tiempo de lectura\" \/>\n\t<meta name=\"twitter:data2\" content=\"3 minutos\" \/>\n<script type=\"application\/ld+json\" class=\"yoast-schema-graph\">{\"@context\":\"https:\\\/\\\/schema.org\",\"@graph\":[{\"@type\":\"Article\",\"@id\":\"https:\\\/\\\/laredlarioja.com.ar\\\/sitio\\\/piden-la-inhibicion-del-juez-jalil-en-una-causa-de-violencia-de-genero\\\/#article\",\"isPartOf\":{\"@id\":\"https:\\\/\\\/laredlarioja.com.ar\\\/sitio\\\/piden-la-inhibicion-del-juez-jalil-en-una-causa-de-violencia-de-genero\\\/\"},\"author\":{\"name\":\"La Red\",\"@id\":\"https:\\\/\\\/laredlarioja.com.ar\\\/sitio\\\/#\\\/schema\\\/person\\\/f1e213867beccedaaa4fb548d9259d9a\"},\"headline\":\"Piden la inhibici\u00f3n del juez Jalil en una causa de violencia de g\u00e9nero\",\"datePublished\":\"2025-04-30T21:01:40+00:00\",\"dateModified\":\"2025-04-30T22:16:48+00:00\",\"mainEntityOfPage\":{\"@id\":\"https:\\\/\\\/laredlarioja.com.ar\\\/sitio\\\/piden-la-inhibicion-del-juez-jalil-en-una-causa-de-violencia-de-genero\\\/\"},\"wordCount\":507,\"publisher\":{\"@id\":\"https:\\\/\\\/laredlarioja.com.ar\\\/sitio\\\/#organization\"},\"image\":{\"@id\":\"https:\\\/\\\/laredlarioja.com.ar\\\/sitio\\\/piden-la-inhibicion-del-juez-jalil-en-una-causa-de-violencia-de-genero\\\/#primaryimage\"},\"thumbnailUrl\":\"https:\\\/\\\/laredlarioja.com.ar\\\/sitio\\\/wp-content\\\/uploads\\\/2023\\\/11\\\/dd8b78f6-ffe3-4fb5-9b01-c2f2ad566bac.jpeg\",\"articleSection\":[\"Informaci\u00f3n General\",\"Tapa\"],\"inLanguage\":\"es\"},{\"@type\":\"WebPage\",\"@id\":\"https:\\\/\\\/laredlarioja.com.ar\\\/sitio\\\/piden-la-inhibicion-del-juez-jalil-en-una-causa-de-violencia-de-genero\\\/\",\"url\":\"https:\\\/\\\/laredlarioja.com.ar\\\/sitio\\\/piden-la-inhibicion-del-juez-jalil-en-una-causa-de-violencia-de-genero\\\/\",\"name\":\"Piden la inhibici\u00f3n del juez Jalil en una causa de violencia de g\u00e9nero - LA RED 88.3 LA RIOJA\",\"isPartOf\":{\"@id\":\"https:\\\/\\\/laredlarioja.com.ar\\\/sitio\\\/#website\"},\"primaryImageOfPage\":{\"@id\":\"https:\\\/\\\/laredlarioja.com.ar\\\/sitio\\\/piden-la-inhibicion-del-juez-jalil-en-una-causa-de-violencia-de-genero\\\/#primaryimage\"},\"image\":{\"@id\":\"https:\\\/\\\/laredlarioja.com.ar\\\/sitio\\\/piden-la-inhibicion-del-juez-jalil-en-una-causa-de-violencia-de-genero\\\/#primaryimage\"},\"thumbnailUrl\":\"https:\\\/\\\/laredlarioja.com.ar\\\/sitio\\\/wp-content\\\/uploads\\\/2023\\\/11\\\/dd8b78f6-ffe3-4fb5-9b01-c2f2ad566bac.jpeg\",\"datePublished\":\"2025-04-30T21:01:40+00:00\",\"dateModified\":\"2025-04-30T22:16:48+00:00\",\"breadcrumb\":{\"@id\":\"https:\\\/\\\/laredlarioja.com.ar\\\/sitio\\\/piden-la-inhibicion-del-juez-jalil-en-una-causa-de-violencia-de-genero\\\/#breadcrumb\"},\"inLanguage\":\"es\",\"potentialAction\":[{\"@type\":\"ReadAction\",\"target\":[\"https:\\\/\\\/laredlarioja.com.ar\\\/sitio\\\/piden-la-inhibicion-del-juez-jalil-en-una-causa-de-violencia-de-genero\\\/\"]}]},{\"@type\":\"ImageObject\",\"inLanguage\":\"es\",\"@id\":\"https:\\\/\\\/laredlarioja.com.ar\\\/sitio\\\/piden-la-inhibicion-del-juez-jalil-en-una-causa-de-violencia-de-genero\\\/#primaryimage\",\"url\":\"https:\\\/\\\/laredlarioja.com.ar\\\/sitio\\\/wp-content\\\/uploads\\\/2023\\\/11\\\/dd8b78f6-ffe3-4fb5-9b01-c2f2ad566bac.jpeg\",\"contentUrl\":\"https:\\\/\\\/laredlarioja.com.ar\\\/sitio\\\/wp-content\\\/uploads\\\/2023\\\/11\\\/dd8b78f6-ffe3-4fb5-9b01-c2f2ad566bac.jpeg\",\"width\":912,\"height\":644},{\"@type\":\"BreadcrumbList\",\"@id\":\"https:\\\/\\\/laredlarioja.com.ar\\\/sitio\\\/piden-la-inhibicion-del-juez-jalil-en-una-causa-de-violencia-de-genero\\\/#breadcrumb\",\"itemListElement\":[{\"@type\":\"ListItem\",\"position\":1,\"name\":\"Portada\",\"item\":\"https:\\\/\\\/laredlarioja.com.ar\\\/sitio\\\/\"},{\"@type\":\"ListItem\",\"position\":2,\"name\":\"Piden la inhibici\u00f3n del juez Jalil en una causa de violencia de g\u00e9nero\"}]},{\"@type\":\"WebSite\",\"@id\":\"https:\\\/\\\/laredlarioja.com.ar\\\/sitio\\\/#website\",\"url\":\"https:\\\/\\\/laredlarioja.com.ar\\\/sitio\\\/\",\"name\":\"LA RED 88.3 LA RIOJA\",\"description\":\"Sitio de Noticias\",\"publisher\":{\"@id\":\"https:\\\/\\\/laredlarioja.com.ar\\\/sitio\\\/#organization\"},\"potentialAction\":[{\"@type\":\"SearchAction\",\"target\":{\"@type\":\"EntryPoint\",\"urlTemplate\":\"https:\\\/\\\/laredlarioja.com.ar\\\/sitio\\\/?s={search_term_string}\"},\"query-input\":{\"@type\":\"PropertyValueSpecification\",\"valueRequired\":true,\"valueName\":\"search_term_string\"}}],\"inLanguage\":\"es\"},{\"@type\":\"Organization\",\"@id\":\"https:\\\/\\\/laredlarioja.com.ar\\\/sitio\\\/#organization\",\"name\":\"LA RED 88.3 LA RIOJA\",\"url\":\"https:\\\/\\\/laredlarioja.com.ar\\\/sitio\\\/\",\"logo\":{\"@type\":\"ImageObject\",\"inLanguage\":\"es\",\"@id\":\"https:\\\/\\\/laredlarioja.com.ar\\\/sitio\\\/#\\\/schema\\\/logo\\\/image\\\/\",\"url\":\"https:\\\/\\\/laredlarioja.com.ar\\\/sitio\\\/wp-content\\\/uploads\\\/2025\\\/05\\\/LOGO-LA-RED.png\",\"contentUrl\":\"https:\\\/\\\/laredlarioja.com.ar\\\/sitio\\\/wp-content\\\/uploads\\\/2025\\\/05\\\/LOGO-LA-RED.png\",\"width\":193,\"height\":340,\"caption\":\"LA RED 88.3 LA RIOJA\"},\"image\":{\"@id\":\"https:\\\/\\\/laredlarioja.com.ar\\\/sitio\\\/#\\\/schema\\\/logo\\\/image\\\/\"},\"sameAs\":[\"https:\\\/\\\/www.facebook.com\\\/lared.larioja\",\"https:\\\/\\\/x.com\\\/laredlarioja1\",\"https:\\\/\\\/www.instagram.com\\\/lared_larioja\\\/\"]},{\"@type\":\"Person\",\"@id\":\"https:\\\/\\\/laredlarioja.com.ar\\\/sitio\\\/#\\\/schema\\\/person\\\/f1e213867beccedaaa4fb548d9259d9a\",\"name\":\"La Red\",\"url\":\"https:\\\/\\\/laredlarioja.com.ar\\\/sitio\\\/author\\\/lared\\\/\"}]}<\/script>\n<!-- \/ Yoast SEO plugin. -->","yoast_head_json":{"title":"Piden la inhibici\u00f3n del juez Jalil en una causa de violencia de g\u00e9nero - LA RED 88.3 LA RIOJA","robots":{"index":"index","follow":"follow","max-snippet":"max-snippet:-1","max-image-preview":"max-image-preview:large","max-video-preview":"max-video-preview:-1"},"canonical":"https:\/\/laredlarioja.com.ar\/sitio\/piden-la-inhibicion-del-juez-jalil-en-una-causa-de-violencia-de-genero\/","og_locale":"es_ES","og_type":"article","og_title":"Piden la inhibici\u00f3n del juez Jalil en una causa de violencia de g\u00e9nero - LA RED 88.3 LA RIOJA","og_description":"Pamela Paez, una joven que denunci\u00f3 a su ex pareja por violencia de g\u00e9nero, pone nuevamente bajo la","og_url":"https:\/\/laredlarioja.com.ar\/sitio\/piden-la-inhibicion-del-juez-jalil-en-una-causa-de-violencia-de-genero\/","og_site_name":"LA RED 88.3 LA RIOJA","article_publisher":"https:\/\/www.facebook.com\/lared.larioja","article_published_time":"2025-04-30T21:01:40+00:00","article_modified_time":"2025-04-30T22:16:48+00:00","og_image":[{"width":912,"height":644,"url":"https:\/\/laredlarioja.com.ar\/sitio\/wp-content\/uploads\/2023\/11\/dd8b78f6-ffe3-4fb5-9b01-c2f2ad566bac.jpeg","type":"image\/jpeg"}],"author":"La Red","twitter_card":"summary_large_image","twitter_creator":"@laredlarioja1","twitter_site":"@laredlarioja1","twitter_misc":{"Escrito por":"La Red","Tiempo de lectura":"3 minutos"},"schema":{"@context":"https:\/\/schema.org","@graph":[{"@type":"Article","@id":"https:\/\/laredlarioja.com.ar\/sitio\/piden-la-inhibicion-del-juez-jalil-en-una-causa-de-violencia-de-genero\/#article","isPartOf":{"@id":"https:\/\/laredlarioja.com.ar\/sitio\/piden-la-inhibicion-del-juez-jalil-en-una-causa-de-violencia-de-genero\/"},"author":{"name":"La Red","@id":"https:\/\/laredlarioja.com.ar\/sitio\/#\/schema\/person\/f1e213867beccedaaa4fb548d9259d9a"},"headline":"Piden la inhibici\u00f3n del juez Jalil en una causa de violencia de g\u00e9nero","datePublished":"2025-04-30T21:01:40+00:00","dateModified":"2025-04-30T22:16:48+00:00","mainEntityOfPage":{"@id":"https:\/\/laredlarioja.com.ar\/sitio\/piden-la-inhibicion-del-juez-jalil-en-una-causa-de-violencia-de-genero\/"},"wordCount":507,"publisher":{"@id":"https:\/\/laredlarioja.com.ar\/sitio\/#organization"},"image":{"@id":"https:\/\/laredlarioja.com.ar\/sitio\/piden-la-inhibicion-del-juez-jalil-en-una-causa-de-violencia-de-genero\/#primaryimage"},"thumbnailUrl":"https:\/\/laredlarioja.com.ar\/sitio\/wp-content\/uploads\/2023\/11\/dd8b78f6-ffe3-4fb5-9b01-c2f2ad566bac.jpeg","articleSection":["Informaci\u00f3n General","Tapa"],"inLanguage":"es"},{"@type":"WebPage","@id":"https:\/\/laredlarioja.com.ar\/sitio\/piden-la-inhibicion-del-juez-jalil-en-una-causa-de-violencia-de-genero\/","url":"https:\/\/laredlarioja.com.ar\/sitio\/piden-la-inhibicion-del-juez-jalil-en-una-causa-de-violencia-de-genero\/","name":"Piden la inhibici\u00f3n del juez Jalil en una causa de violencia de g\u00e9nero - LA RED 88.3 LA RIOJA","isPartOf":{"@id":"https:\/\/laredlarioja.com.ar\/sitio\/#website"},"primaryImageOfPage":{"@id":"https:\/\/laredlarioja.com.ar\/sitio\/piden-la-inhibicion-del-juez-jalil-en-una-causa-de-violencia-de-genero\/#primaryimage"},"image":{"@id":"https:\/\/laredlarioja.com.ar\/sitio\/piden-la-inhibicion-del-juez-jalil-en-una-causa-de-violencia-de-genero\/#primaryimage"},"thumbnailUrl":"https:\/\/laredlarioja.com.ar\/sitio\/wp-content\/uploads\/2023\/11\/dd8b78f6-ffe3-4fb5-9b01-c2f2ad566bac.jpeg","datePublished":"2025-04-30T21:01:40+00:00","dateModified":"2025-04-30T22:16:48+00:00","breadcrumb":{"@id":"https:\/\/laredlarioja.com.ar\/sitio\/piden-la-inhibicion-del-juez-jalil-en-una-causa-de-violencia-de-genero\/#breadcrumb"},"inLanguage":"es","potentialAction":[{"@type":"ReadAction","target":["https:\/\/laredlarioja.com.ar\/sitio\/piden-la-inhibicion-del-juez-jalil-en-una-causa-de-violencia-de-genero\/"]}]},{"@type":"ImageObject","inLanguage":"es","@id":"https:\/\/laredlarioja.com.ar\/sitio\/piden-la-inhibicion-del-juez-jalil-en-una-causa-de-violencia-de-genero\/#primaryimage","url":"https:\/\/laredlarioja.com.ar\/sitio\/wp-content\/uploads\/2023\/11\/dd8b78f6-ffe3-4fb5-9b01-c2f2ad566bac.jpeg","contentUrl":"https:\/\/laredlarioja.com.ar\/sitio\/wp-content\/uploads\/2023\/11\/dd8b78f6-ffe3-4fb5-9b01-c2f2ad566bac.jpeg","width":912,"height":644},{"@type":"BreadcrumbList","@id":"https:\/\/laredlarioja.com.ar\/sitio\/piden-la-inhibicion-del-juez-jalil-en-una-causa-de-violencia-de-genero\/#breadcrumb","itemListElement":[{"@type":"ListItem","position":1,"name":"Portada","item":"https:\/\/laredlarioja.com.ar\/sitio\/"},{"@type":"ListItem","position":2,"name":"Piden la inhibici\u00f3n del juez Jalil en una causa de violencia de g\u00e9nero"}]},{"@type":"WebSite","@id":"https:\/\/laredlarioja.com.ar\/sitio\/#website","url":"https:\/\/laredlarioja.com.ar\/sitio\/","name":"LA RED 88.3 LA RIOJA","description":"Sitio de Noticias","publisher":{"@id":"https:\/\/laredlarioja.com.ar\/sitio\/#organization"},"potentialAction":[{"@type":"SearchAction","target":{"@type":"EntryPoint","urlTemplate":"https:\/\/laredlarioja.com.ar\/sitio\/?s={search_term_string}"},"query-input":{"@type":"PropertyValueSpecification","valueRequired":true,"valueName":"search_term_string"}}],"inLanguage":"es"},{"@type":"Organization","@id":"https:\/\/laredlarioja.com.ar\/sitio\/#organization","name":"LA RED 88.3 LA RIOJA","url":"https:\/\/laredlarioja.com.ar\/sitio\/","logo":{"@type":"ImageObject","inLanguage":"es","@id":"https:\/\/laredlarioja.com.ar\/sitio\/#\/schema\/logo\/image\/","url":"https:\/\/laredlarioja.com.ar\/sitio\/wp-content\/uploads\/2025\/05\/LOGO-LA-RED.png","contentUrl":"https:\/\/laredlarioja.com.ar\/sitio\/wp-content\/uploads\/2025\/05\/LOGO-LA-RED.png","width":193,"height":340,"caption":"LA RED 88.3 LA RIOJA"},"image":{"@id":"https:\/\/laredlarioja.com.ar\/sitio\/#\/schema\/logo\/image\/"},"sameAs":["https:\/\/www.facebook.com\/lared.larioja","https:\/\/x.com\/laredlarioja1","https:\/\/www.instagram.com\/lared_larioja\/"]},{"@type":"Person","@id":"https:\/\/laredlarioja.com.ar\/sitio\/#\/schema\/person\/f1e213867beccedaaa4fb548d9259d9a","name":"La Red","url":"https:\/\/laredlarioja.com.ar\/sitio\/author\/lared\/"}]}},"featured_image_urls":{"full":["https:\/\/laredlarioja.com.ar\/sitio\/wp-content\/uploads\/2023\/11\/dd8b78f6-ffe3-4fb5-9b01-c2f2ad566bac.jpeg",912,644,false],"thumbnail":["https:\/\/laredlarioja.com.ar\/sitio\/wp-content\/uploads\/2023\/11\/dd8b78f6-ffe3-4fb5-9b01-c2f2ad566bac-150x150.jpeg",150,150,true],"medium":["https:\/\/laredlarioja.com.ar\/sitio\/wp-content\/uploads\/2023\/11\/dd8b78f6-ffe3-4fb5-9b01-c2f2ad566bac-300x212.jpeg",300,212,true],"medium_large":["https:\/\/laredlarioja.com.ar\/sitio\/wp-content\/uploads\/2023\/11\/dd8b78f6-ffe3-4fb5-9b01-c2f2ad566bac-768x542.jpeg",640,452,true],"large":["https:\/\/laredlarioja.com.ar\/sitio\/wp-content\/uploads\/2023\/11\/dd8b78f6-ffe3-4fb5-9b01-c2f2ad566bac.jpeg",640,452,false],"1536x1536":["https:\/\/laredlarioja.com.ar\/sitio\/wp-content\/uploads\/2023\/11\/dd8b78f6-ffe3-4fb5-9b01-c2f2ad566bac.jpeg",912,644,false],"2048x2048":["https:\/\/laredlarioja.com.ar\/sitio\/wp-content\/uploads\/2023\/11\/dd8b78f6-ffe3-4fb5-9b01-c2f2ad566bac.jpeg",912,644,false],"cvmm-medium":["https:\/\/laredlarioja.com.ar\/sitio\/wp-content\/uploads\/2023\/11\/dd8b78f6-ffe3-4fb5-9b01-c2f2ad566bac-300x300.jpeg",300,300,true],"cvmm-medium-plus":["https:\/\/laredlarioja.com.ar\/sitio\/wp-content\/uploads\/2023\/11\/dd8b78f6-ffe3-4fb5-9b01-c2f2ad566bac-305x207.jpeg",305,207,true],"cvmm-portrait":["https:\/\/laredlarioja.com.ar\/sitio\/wp-content\/uploads\/2023\/11\/dd8b78f6-ffe3-4fb5-9b01-c2f2ad566bac-400x600.jpeg",400,600,true],"cvmm-medium-square":["https:\/\/laredlarioja.com.ar\/sitio\/wp-content\/uploads\/2023\/11\/dd8b78f6-ffe3-4fb5-9b01-c2f2ad566bac-600x600.jpeg",600,600,true],"cvmm-large":["https:\/\/laredlarioja.com.ar\/sitio\/wp-content\/uploads\/2023\/11\/dd8b78f6-ffe3-4fb5-9b01-c2f2ad566bac.jpeg",912,644,false],"cvmm-small":["https:\/\/laredlarioja.com.ar\/sitio\/wp-content\/uploads\/2023\/11\/dd8b78f6-ffe3-4fb5-9b01-c2f2ad566bac-130x95.jpeg",130,95,true],"morenews-large":["https:\/\/laredlarioja.com.ar\/sitio\/wp-content\/uploads\/2023\/11\/dd8b78f6-ffe3-4fb5-9b01-c2f2ad566bac-825x575.jpeg",825,575,true],"morenews-medium":["https:\/\/laredlarioja.com.ar\/sitio\/wp-content\/uploads\/2023\/11\/dd8b78f6-ffe3-4fb5-9b01-c2f2ad566bac-590x410.jpeg",590,410,true]},"author_info":{"display_name":"La Red","author_link":"https:\/\/laredlarioja.com.ar\/sitio\/author\/lared\/"},"category_info":"<a href=\"https:\/\/laredlarioja.com.ar\/sitio\/categorias\/informacion-general\/\" rel=\"category tag\">Informaci\u00f3n General<\/a> <a href=\"https:\/\/laredlarioja.com.ar\/sitio\/categorias\/tapa\/\" rel=\"category tag\">Tapa<\/a>","tag_info":"Tapa","comment_count":"0","blog_post_layout_featured_media_urls":{"thumbnail":["https:\/\/laredlarioja.com.ar\/sitio\/wp-content\/uploads\/2023\/11\/dd8b78f6-ffe3-4fb5-9b01-c2f2ad566bac-150x150.jpeg",150,150,true],"full":["https:\/\/laredlarioja.com.ar\/sitio\/wp-content\/uploads\/2023\/11\/dd8b78f6-ffe3-4fb5-9b01-c2f2ad566bac.jpeg",912,644,false]},"categories_names":{"24":{"name":"Informaci\u00f3n General","link":"https:\/\/laredlarioja.com.ar\/sitio\/categorias\/informacion-general\/"},"100":{"name":"Tapa","link":"https:\/\/laredlarioja.com.ar\/sitio\/categorias\/tapa\/"}},"tags_names":[],"comments_number":"0","wpmagazine_modules_lite_featured_media_urls":{"thumbnail":["https:\/\/laredlarioja.com.ar\/sitio\/wp-content\/uploads\/2023\/11\/dd8b78f6-ffe3-4fb5-9b01-c2f2ad566bac-150x150.jpeg",150,150,true],"cvmm-medium":["https:\/\/laredlarioja.com.ar\/sitio\/wp-content\/uploads\/2023\/11\/dd8b78f6-ffe3-4fb5-9b01-c2f2ad566bac-300x300.jpeg",300,300,true],"cvmm-medium-plus":["https:\/\/laredlarioja.com.ar\/sitio\/wp-content\/uploads\/2023\/11\/dd8b78f6-ffe3-4fb5-9b01-c2f2ad566bac-305x207.jpeg",305,207,true],"cvmm-portrait":["https:\/\/laredlarioja.com.ar\/sitio\/wp-content\/uploads\/2023\/11\/dd8b78f6-ffe3-4fb5-9b01-c2f2ad566bac-400x600.jpeg",400,600,true],"cvmm-medium-square":["https:\/\/laredlarioja.com.ar\/sitio\/wp-content\/uploads\/2023\/11\/dd8b78f6-ffe3-4fb5-9b01-c2f2ad566bac-600x600.jpeg",600,600,true],"cvmm-large":["https:\/\/laredlarioja.com.ar\/sitio\/wp-content\/uploads\/2023\/11\/dd8b78f6-ffe3-4fb5-9b01-c2f2ad566bac.jpeg",912,644,false],"cvmm-small":["https:\/\/laredlarioja.com.ar\/sitio\/wp-content\/uploads\/2023\/11\/dd8b78f6-ffe3-4fb5-9b01-c2f2ad566bac-130x95.jpeg",130,95,true],"full":["https:\/\/laredlarioja.com.ar\/sitio\/wp-content\/uploads\/2023\/11\/dd8b78f6-ffe3-4fb5-9b01-c2f2ad566bac.jpeg",912,644,false]},"_links":{"self":[{"href":"https:\/\/laredlarioja.com.ar\/sitio\/wp-json\/wp\/v2\/posts\/61176","targetHints":{"allow":["GET"]}}],"collection":[{"href":"https:\/\/laredlarioja.com.ar\/sitio\/wp-json\/wp\/v2\/posts"}],"about":[{"href":"https:\/\/laredlarioja.com.ar\/sitio\/wp-json\/wp\/v2\/types\/post"}],"author":[{"embeddable":true,"href":"https:\/\/laredlarioja.com.ar\/sitio\/wp-json\/wp\/v2\/users\/10"}],"replies":[{"embeddable":true,"href":"https:\/\/laredlarioja.com.ar\/sitio\/wp-json\/wp\/v2\/comments?post=61176"}],"version-history":[{"count":3,"href":"https:\/\/laredlarioja.com.ar\/sitio\/wp-json\/wp\/v2\/posts\/61176\/revisions"}],"predecessor-version":[{"id":61188,"href":"https:\/\/laredlarioja.com.ar\/sitio\/wp-json\/wp\/v2\/posts\/61176\/revisions\/61188"}],"wp:featuredmedia":[{"embeddable":true,"href":"https:\/\/laredlarioja.com.ar\/sitio\/wp-json\/wp\/v2\/media\/38552"}],"wp:attachment":[{"href":"https:\/\/laredlarioja.com.ar\/sitio\/wp-json\/wp\/v2\/media?parent=61176"}],"wp:term":[{"taxonomy":"category","embeddable":true,"href":"https:\/\/laredlarioja.com.ar\/sitio\/wp-json\/wp\/v2\/categories?post=61176"},{"taxonomy":"post_tag","embeddable":true,"href":"https:\/\/laredlarioja.com.ar\/sitio\/wp-json\/wp\/v2\/tags?post=61176"}],"curies":[{"name":"wp","href":"https:\/\/api.w.org\/{rel}","templated":true}]}}