{"id":61262,"date":"2025-05-02T14:28:13","date_gmt":"2025-05-02T14:28:13","guid":{"rendered":"https:\/\/laredlarioja.com.ar\/sitio\/?p=61262"},"modified":"2025-05-04T14:14:40","modified_gmt":"2025-05-04T14:14:40","slug":"el-proximo-viernes-inicia-el-juicio-por-el-femicidio-de-claudia-vega","status":"publish","type":"post","link":"https:\/\/laredlarioja.com.ar\/sitio\/el-proximo-viernes-inicia-el-juicio-por-el-femicidio-de-claudia-vega\/","title":{"rendered":"Comienza el juicio por el femicidio de Claudia Vega asesinada por su pareja"},"content":{"rendered":"<p>Sergio G\u00f3mez, abogado querellante, confirm\u00f3 que el 9 de mayo iniciar\u00e1 el juicio por el femicidio de Claudia Vega, la mujer de 51 a\u00f1os, que fue atacada brutalmente por su pareja, Pablo Zen\u00f3n Vera, en julio de 2022. \u201cCreo que tenemos pruebas contundentes para que se de la prisi\u00f3n perpetua\u201d, dijo. Pablo Zen\u00f3n Vera est\u00e1 procesado por homicidio doblemente calificado, agravado en el contexto de violencia de g\u00e9nero y por relaci\u00f3n preexistente.<\/p>\n<p>\u201cZenon est\u00e1 acusado de homicidio calificado [femicidio y la \u00fanica pena para este caso es la prisi\u00f3n perpetua. Nosotros vamos con mucha fe y esperanza y entendemos que la prueba es contundente y s\u00f3lida que permita reconstruir hist\u00f3ricamente lo que sucedi\u00f3\u201d. \u201cTenemos testigos directos en el momento que Claudia sali\u00f3 del domicilio en busca de ayuda, con la lesi\u00f3n y ella mismo dijo quien la agredi\u00f3. Entendemos que vamos a demostrar que el hecho sucedi\u00f3 de esta manera\u201d, resalt\u00f3 el letrado.<\/p>\n<p>En di\u00e1logo con La RED, G\u00f3mez indic\u00f3 que \u00abel 9 de mayo dar\u00e1 inicio del debate en el cual est\u00e1 imputado el se\u00f1or Pablo Zenon Vera quien es la ex pareja y el principal acusado del femicidio de Clauda Vega. Este hecho sucedi\u00f3 en el barrio Futura en junio 2022 cuando Pablo apu\u00f1al\u00f3 en la zona del cuello de Claudia y producto de esa lesi\u00f3n qued\u00f3 internada 10 d\u00edas en coma inducida, fallece como consecuencia directa del brutal ataque de su ex pareja\u00bb.<\/p>\n<div>\n<div class=\"row-content--sidebar--gutter--marginBottom first-row flex-on-mobile\">\n<div class=\"content\">\n<article class=\"article-full section\">\n<div class=\"section-2-col article-main-content\">\n<div class=\"col 2-col\">\n<div class=\"article-main-content article-text \">\n<p>La Jueza de Violencia de G\u00e9nero y Protecci\u00f3n Integral de Menores<b> determin\u00f3, en abril del 2023,\u00a0 procesar a Claudio Zen\u00f3n Vera por el femicidio de Claudia Vega<\/b> que trabajaba en la Legislatura Provincial. Fue atacada por su entonces pareja con un cuchillo en el cuello que le provocaron heridas de gravedad. Luego de estar internada 10 d\u00edas en el hospital Enrique Vera Barros, muri\u00f3. Su pareja que tambi\u00e9n presentaba heridas en el momento que lleg\u00f3 la polic\u00eda a su vivienda. En ese momento, el abogado G\u00f3mez, \u00a0explic\u00f3 que en la investigaci\u00f3n se pudo acreditar que Vera era una persona\u00a0<b>\u201ccontroladora, celosa y la persegu\u00eda\u201d<\/b>. Seg\u00fan el letrado, la mujer hab\u00eda ido hasta el domicilio ubicado en barrio El Futuro a terminar con la relaci\u00f3n y devolverle regalos y fue atacada.<\/p>\n<p>&nbsp;<\/p>\n<\/div>\n<\/div>\n<\/div>\n<\/article>\n<div class=\"section\">\n<div class=\"section-2-col margin-bottom flex-on-mobile\">\n<div class=\"col 2-col\">\n<div class=\"newsletter theme--grupooctubrenl\"><\/div>\n<\/div>\n<\/div>\n<\/div>\n<div class=\"section-2-col margin-bottom no-print flex-on-mobile user-menu-wrapper\"><\/div>\n<div class=\"section\">\n<div class=\"section-2-col margin-bottom flex-on-mobile\">\n<div class=\"col 2-col talk-responsive\">\n<div class=\"talk-wrapper\"><\/div>\n<\/div>\n<\/div>\n<\/div>\n<\/div>\n<div class=\"sidebar no-print\">\n<div class=\"sidebar-section is-sticky\">\n<div id=\"ad-slot-bigbox1\" class=\"ad-slot ad-slot-bigbox\" data-adtype=\"bigbox\" data-google-query-id=\"CMT1luyAhY0DFZ2JYQYdOYgX9g\">\n<div id=\"google_ads_iframe_\/349353471\/p12\/nota_bigbox1_0__container__\"><\/div>\n<\/div>\n<\/div>\n<\/div>\n<\/div>\n<div class=\"row-content\">\n<div class=\"row-content--sidebar--gutter\">\n<div class=\"section hide-on-mobile\">\n<div class=\"section-2-col\">\n<div class=\"col 1-col\"><\/div>\n<div class=\"col 2-col\">\n<div class=\"banner\">\n<div id=\"ad-slot-billboard3\" class=\"ad-slot ad-slot-billboard\" data-adtype=\"billboard\" data-google-query-id=\"CMX1luyAhY0DFZ2JYQYdOYgX9g\"><\/div>\n<\/div>\n<\/div>\n<\/div>\n<\/div>\n<\/div>\n<\/div>\n<div id=\"regions-wrapper\" class=\"row-content\">\n<div class=\"articles-features-bar section-portada flag no-print\">\n<div class=\"articles-features-bar--inner section-2-col flex-on-mobile sections-articles-gap\">\n<div class=\"col 2-col\">\n<div class=\"articles-features-bar-list sections-wrapper\">\n<article class=\"article-item article-item--teaser-vertical \">\n<div class=\"tarticle-item__content-footer-wrapper gutter-small\">\n<div class=\"article-item__content\">\n<div class=\"article-item__footer\"><\/div>\n<\/div>\n<\/div>\n<\/article>\n<\/div>\n<\/div>\n<\/div>\n<\/div>\n<\/div>\n<div class=\"footer black-bg\">\n<div id=\"footer-wrapper\">\n<div id=\"footer\" class=\"footer-content row\">\n<div class=\"wrapper\">\n<div class=\"row\">\n<div class=\"large-12 column logos\"><\/div>\n<div class=\"columns large-4 medium-4 contact-links\"><\/div>\n<\/div>\n<\/div>\n<\/div>\n<\/div>\n<\/div>\n<\/div>\n<p>&nbsp;<\/p>\n<div id=\"ad-slot-adhesion\" class=\"ad-slot-adhesion adzone-fast-slot ad-slot\" data-adtype=\"adhesion\" data-google-query-id=\"CMb1luyAhY0DFZ2JYQYdOYgX9g\"><\/div>\n<p>&nbsp;<\/p>\n","protected":false},"excerpt":{"rendered":"<p>Sergio G\u00f3mez, abogado querellante, confirm\u00f3 que el 9 de mayo iniciar\u00e1 el juicio por el femicidio de Claudia<\/p>\n","protected":false},"author":7,"featured_media":38552,"comment_status":"closed","ping_status":"open","sticky":false,"template":"","format":"standard","meta":{"footnotes":""},"categories":[24],"tags":[84],"class_list":["post-61262","post","type-post","status-publish","format-standard","has-post-thumbnail","hentry","category-informacion-general","tag-secundaria"],"yoast_head":"<!-- This site is optimized with the Yoast SEO plugin v27.4 - https:\/\/yoast.com\/product\/yoast-seo-wordpress\/ -->\n<title>Comienza el juicio por el femicidio de Claudia Vega asesinada por su pareja - LA RED 88.3 LA RIOJA<\/title>\n<meta name=\"robots\" content=\"index, follow, max-snippet:-1, max-image-preview:large, max-video-preview:-1\" \/>\n<link rel=\"canonical\" href=\"https:\/\/laredlarioja.com.ar\/sitio\/el-proximo-viernes-inicia-el-juicio-por-el-femicidio-de-claudia-vega\/\" \/>\n<meta property=\"og:locale\" content=\"es_ES\" \/>\n<meta property=\"og:type\" content=\"article\" \/>\n<meta property=\"og:title\" content=\"Comienza el juicio por el femicidio de Claudia Vega asesinada por su pareja - LA RED 88.3 LA RIOJA\" \/>\n<meta property=\"og:description\" content=\"Sergio G\u00f3mez, abogado querellante, confirm\u00f3 que el 9 de mayo iniciar\u00e1 el juicio por el femicidio de Claudia\" \/>\n<meta property=\"og:url\" content=\"https:\/\/laredlarioja.com.ar\/sitio\/el-proximo-viernes-inicia-el-juicio-por-el-femicidio-de-claudia-vega\/\" \/>\n<meta property=\"og:site_name\" content=\"LA RED 88.3 LA RIOJA\" \/>\n<meta property=\"article:publisher\" content=\"https:\/\/www.facebook.com\/lared.larioja\" \/>\n<meta property=\"article:published_time\" content=\"2025-05-02T14:28:13+00:00\" \/>\n<meta property=\"article:modified_time\" content=\"2025-05-04T14:14:40+00:00\" \/>\n<meta property=\"og:image\" content=\"https:\/\/laredlarioja.com.ar\/sitio\/wp-content\/uploads\/2023\/11\/dd8b78f6-ffe3-4fb5-9b01-c2f2ad566bac.jpeg\" \/>\n\t<meta property=\"og:image:width\" content=\"912\" \/>\n\t<meta property=\"og:image:height\" content=\"644\" \/>\n\t<meta property=\"og:image:type\" content=\"image\/jpeg\" \/>\n<meta name=\"author\" content=\"Anabella Soria\" \/>\n<meta name=\"twitter:card\" content=\"summary_large_image\" \/>\n<meta name=\"twitter:creator\" content=\"@laredlarioja1\" \/>\n<meta name=\"twitter:site\" content=\"@laredlarioja1\" \/>\n<meta name=\"twitter:label1\" content=\"Escrito por\" \/>\n\t<meta name=\"twitter:data1\" content=\"Anabella Soria\" \/>\n\t<meta name=\"twitter:label2\" content=\"Tiempo de lectura\" \/>\n\t<meta name=\"twitter:data2\" content=\"2 minutos\" \/>\n<script type=\"application\/ld+json\" class=\"yoast-schema-graph\">{\"@context\":\"https:\\\/\\\/schema.org\",\"@graph\":[{\"@type\":\"Article\",\"@id\":\"https:\\\/\\\/laredlarioja.com.ar\\\/sitio\\\/el-proximo-viernes-inicia-el-juicio-por-el-femicidio-de-claudia-vega\\\/#article\",\"isPartOf\":{\"@id\":\"https:\\\/\\\/laredlarioja.com.ar\\\/sitio\\\/el-proximo-viernes-inicia-el-juicio-por-el-femicidio-de-claudia-vega\\\/\"},\"author\":{\"name\":\"Anabella Soria\",\"@id\":\"https:\\\/\\\/laredlarioja.com.ar\\\/sitio\\\/#\\\/schema\\\/person\\\/31f88059d20c5cf06e974fd895aec56e\"},\"headline\":\"Comienza el juicio por el femicidio de Claudia Vega asesinada por su pareja\",\"datePublished\":\"2025-05-02T14:28:13+00:00\",\"dateModified\":\"2025-05-04T14:14:40+00:00\",\"mainEntityOfPage\":{\"@id\":\"https:\\\/\\\/laredlarioja.com.ar\\\/sitio\\\/el-proximo-viernes-inicia-el-juicio-por-el-femicidio-de-claudia-vega\\\/\"},\"wordCount\":403,\"publisher\":{\"@id\":\"https:\\\/\\\/laredlarioja.com.ar\\\/sitio\\\/#organization\"},\"image\":{\"@id\":\"https:\\\/\\\/laredlarioja.com.ar\\\/sitio\\\/el-proximo-viernes-inicia-el-juicio-por-el-femicidio-de-claudia-vega\\\/#primaryimage\"},\"thumbnailUrl\":\"https:\\\/\\\/laredlarioja.com.ar\\\/sitio\\\/wp-content\\\/uploads\\\/2023\\\/11\\\/dd8b78f6-ffe3-4fb5-9b01-c2f2ad566bac.jpeg\",\"keywords\":[\"Secundaria\"],\"articleSection\":[\"Informaci\u00f3n General\"],\"inLanguage\":\"es\"},{\"@type\":\"WebPage\",\"@id\":\"https:\\\/\\\/laredlarioja.com.ar\\\/sitio\\\/el-proximo-viernes-inicia-el-juicio-por-el-femicidio-de-claudia-vega\\\/\",\"url\":\"https:\\\/\\\/laredlarioja.com.ar\\\/sitio\\\/el-proximo-viernes-inicia-el-juicio-por-el-femicidio-de-claudia-vega\\\/\",\"name\":\"Comienza el juicio por el femicidio de Claudia Vega asesinada por su pareja - LA RED 88.3 LA RIOJA\",\"isPartOf\":{\"@id\":\"https:\\\/\\\/laredlarioja.com.ar\\\/sitio\\\/#website\"},\"primaryImageOfPage\":{\"@id\":\"https:\\\/\\\/laredlarioja.com.ar\\\/sitio\\\/el-proximo-viernes-inicia-el-juicio-por-el-femicidio-de-claudia-vega\\\/#primaryimage\"},\"image\":{\"@id\":\"https:\\\/\\\/laredlarioja.com.ar\\\/sitio\\\/el-proximo-viernes-inicia-el-juicio-por-el-femicidio-de-claudia-vega\\\/#primaryimage\"},\"thumbnailUrl\":\"https:\\\/\\\/laredlarioja.com.ar\\\/sitio\\\/wp-content\\\/uploads\\\/2023\\\/11\\\/dd8b78f6-ffe3-4fb5-9b01-c2f2ad566bac.jpeg\",\"datePublished\":\"2025-05-02T14:28:13+00:00\",\"dateModified\":\"2025-05-04T14:14:40+00:00\",\"breadcrumb\":{\"@id\":\"https:\\\/\\\/laredlarioja.com.ar\\\/sitio\\\/el-proximo-viernes-inicia-el-juicio-por-el-femicidio-de-claudia-vega\\\/#breadcrumb\"},\"inLanguage\":\"es\",\"potentialAction\":[{\"@type\":\"ReadAction\",\"target\":[\"https:\\\/\\\/laredlarioja.com.ar\\\/sitio\\\/el-proximo-viernes-inicia-el-juicio-por-el-femicidio-de-claudia-vega\\\/\"]}]},{\"@type\":\"ImageObject\",\"inLanguage\":\"es\",\"@id\":\"https:\\\/\\\/laredlarioja.com.ar\\\/sitio\\\/el-proximo-viernes-inicia-el-juicio-por-el-femicidio-de-claudia-vega\\\/#primaryimage\",\"url\":\"https:\\\/\\\/laredlarioja.com.ar\\\/sitio\\\/wp-content\\\/uploads\\\/2023\\\/11\\\/dd8b78f6-ffe3-4fb5-9b01-c2f2ad566bac.jpeg\",\"contentUrl\":\"https:\\\/\\\/laredlarioja.com.ar\\\/sitio\\\/wp-content\\\/uploads\\\/2023\\\/11\\\/dd8b78f6-ffe3-4fb5-9b01-c2f2ad566bac.jpeg\",\"width\":912,\"height\":644},{\"@type\":\"BreadcrumbList\",\"@id\":\"https:\\\/\\\/laredlarioja.com.ar\\\/sitio\\\/el-proximo-viernes-inicia-el-juicio-por-el-femicidio-de-claudia-vega\\\/#breadcrumb\",\"itemListElement\":[{\"@type\":\"ListItem\",\"position\":1,\"name\":\"Portada\",\"item\":\"https:\\\/\\\/laredlarioja.com.ar\\\/sitio\\\/\"},{\"@type\":\"ListItem\",\"position\":2,\"name\":\"Comienza el juicio por el femicidio de Claudia Vega asesinada por su pareja\"}]},{\"@type\":\"WebSite\",\"@id\":\"https:\\\/\\\/laredlarioja.com.ar\\\/sitio\\\/#website\",\"url\":\"https:\\\/\\\/laredlarioja.com.ar\\\/sitio\\\/\",\"name\":\"LA RED 88.3 LA RIOJA\",\"description\":\"Sitio de Noticias\",\"publisher\":{\"@id\":\"https:\\\/\\\/laredlarioja.com.ar\\\/sitio\\\/#organization\"},\"potentialAction\":[{\"@type\":\"SearchAction\",\"target\":{\"@type\":\"EntryPoint\",\"urlTemplate\":\"https:\\\/\\\/laredlarioja.com.ar\\\/sitio\\\/?s={search_term_string}\"},\"query-input\":{\"@type\":\"PropertyValueSpecification\",\"valueRequired\":true,\"valueName\":\"search_term_string\"}}],\"inLanguage\":\"es\"},{\"@type\":\"Organization\",\"@id\":\"https:\\\/\\\/laredlarioja.com.ar\\\/sitio\\\/#organization\",\"name\":\"LA RED 88.3 LA RIOJA\",\"url\":\"https:\\\/\\\/laredlarioja.com.ar\\\/sitio\\\/\",\"logo\":{\"@type\":\"ImageObject\",\"inLanguage\":\"es\",\"@id\":\"https:\\\/\\\/laredlarioja.com.ar\\\/sitio\\\/#\\\/schema\\\/logo\\\/image\\\/\",\"url\":\"https:\\\/\\\/laredlarioja.com.ar\\\/sitio\\\/wp-content\\\/uploads\\\/2025\\\/05\\\/LOGO-LA-RED.png\",\"contentUrl\":\"https:\\\/\\\/laredlarioja.com.ar\\\/sitio\\\/wp-content\\\/uploads\\\/2025\\\/05\\\/LOGO-LA-RED.png\",\"width\":193,\"height\":340,\"caption\":\"LA RED 88.3 LA RIOJA\"},\"image\":{\"@id\":\"https:\\\/\\\/laredlarioja.com.ar\\\/sitio\\\/#\\\/schema\\\/logo\\\/image\\\/\"},\"sameAs\":[\"https:\\\/\\\/www.facebook.com\\\/lared.larioja\",\"https:\\\/\\\/x.com\\\/laredlarioja1\",\"https:\\\/\\\/www.instagram.com\\\/lared_larioja\\\/\"]},{\"@type\":\"Person\",\"@id\":\"https:\\\/\\\/laredlarioja.com.ar\\\/sitio\\\/#\\\/schema\\\/person\\\/31f88059d20c5cf06e974fd895aec56e\",\"name\":\"Anabella Soria\",\"url\":\"https:\\\/\\\/laredlarioja.com.ar\\\/sitio\\\/author\\\/asoria\\\/\"}]}<\/script>\n<!-- \/ Yoast SEO plugin. -->","yoast_head_json":{"title":"Comienza el juicio por el femicidio de Claudia Vega asesinada por su pareja - LA RED 88.3 LA RIOJA","robots":{"index":"index","follow":"follow","max-snippet":"max-snippet:-1","max-image-preview":"max-image-preview:large","max-video-preview":"max-video-preview:-1"},"canonical":"https:\/\/laredlarioja.com.ar\/sitio\/el-proximo-viernes-inicia-el-juicio-por-el-femicidio-de-claudia-vega\/","og_locale":"es_ES","og_type":"article","og_title":"Comienza el juicio por el femicidio de Claudia Vega asesinada por su pareja - LA RED 88.3 LA RIOJA","og_description":"Sergio G\u00f3mez, abogado querellante, confirm\u00f3 que el 9 de mayo iniciar\u00e1 el juicio por el femicidio de Claudia","og_url":"https:\/\/laredlarioja.com.ar\/sitio\/el-proximo-viernes-inicia-el-juicio-por-el-femicidio-de-claudia-vega\/","og_site_name":"LA RED 88.3 LA RIOJA","article_publisher":"https:\/\/www.facebook.com\/lared.larioja","article_published_time":"2025-05-02T14:28:13+00:00","article_modified_time":"2025-05-04T14:14:40+00:00","og_image":[{"width":912,"height":644,"url":"https:\/\/laredlarioja.com.ar\/sitio\/wp-content\/uploads\/2023\/11\/dd8b78f6-ffe3-4fb5-9b01-c2f2ad566bac.jpeg","type":"image\/jpeg"}],"author":"Anabella Soria","twitter_card":"summary_large_image","twitter_creator":"@laredlarioja1","twitter_site":"@laredlarioja1","twitter_misc":{"Escrito por":"Anabella Soria","Tiempo de lectura":"2 minutos"},"schema":{"@context":"https:\/\/schema.org","@graph":[{"@type":"Article","@id":"https:\/\/laredlarioja.com.ar\/sitio\/el-proximo-viernes-inicia-el-juicio-por-el-femicidio-de-claudia-vega\/#article","isPartOf":{"@id":"https:\/\/laredlarioja.com.ar\/sitio\/el-proximo-viernes-inicia-el-juicio-por-el-femicidio-de-claudia-vega\/"},"author":{"name":"Anabella Soria","@id":"https:\/\/laredlarioja.com.ar\/sitio\/#\/schema\/person\/31f88059d20c5cf06e974fd895aec56e"},"headline":"Comienza el juicio por el femicidio de Claudia Vega asesinada por su pareja","datePublished":"2025-05-02T14:28:13+00:00","dateModified":"2025-05-04T14:14:40+00:00","mainEntityOfPage":{"@id":"https:\/\/laredlarioja.com.ar\/sitio\/el-proximo-viernes-inicia-el-juicio-por-el-femicidio-de-claudia-vega\/"},"wordCount":403,"publisher":{"@id":"https:\/\/laredlarioja.com.ar\/sitio\/#organization"},"image":{"@id":"https:\/\/laredlarioja.com.ar\/sitio\/el-proximo-viernes-inicia-el-juicio-por-el-femicidio-de-claudia-vega\/#primaryimage"},"thumbnailUrl":"https:\/\/laredlarioja.com.ar\/sitio\/wp-content\/uploads\/2023\/11\/dd8b78f6-ffe3-4fb5-9b01-c2f2ad566bac.jpeg","keywords":["Secundaria"],"articleSection":["Informaci\u00f3n General"],"inLanguage":"es"},{"@type":"WebPage","@id":"https:\/\/laredlarioja.com.ar\/sitio\/el-proximo-viernes-inicia-el-juicio-por-el-femicidio-de-claudia-vega\/","url":"https:\/\/laredlarioja.com.ar\/sitio\/el-proximo-viernes-inicia-el-juicio-por-el-femicidio-de-claudia-vega\/","name":"Comienza el juicio por el femicidio de Claudia Vega asesinada por su pareja - LA RED 88.3 LA RIOJA","isPartOf":{"@id":"https:\/\/laredlarioja.com.ar\/sitio\/#website"},"primaryImageOfPage":{"@id":"https:\/\/laredlarioja.com.ar\/sitio\/el-proximo-viernes-inicia-el-juicio-por-el-femicidio-de-claudia-vega\/#primaryimage"},"image":{"@id":"https:\/\/laredlarioja.com.ar\/sitio\/el-proximo-viernes-inicia-el-juicio-por-el-femicidio-de-claudia-vega\/#primaryimage"},"thumbnailUrl":"https:\/\/laredlarioja.com.ar\/sitio\/wp-content\/uploads\/2023\/11\/dd8b78f6-ffe3-4fb5-9b01-c2f2ad566bac.jpeg","datePublished":"2025-05-02T14:28:13+00:00","dateModified":"2025-05-04T14:14:40+00:00","breadcrumb":{"@id":"https:\/\/laredlarioja.com.ar\/sitio\/el-proximo-viernes-inicia-el-juicio-por-el-femicidio-de-claudia-vega\/#breadcrumb"},"inLanguage":"es","potentialAction":[{"@type":"ReadAction","target":["https:\/\/laredlarioja.com.ar\/sitio\/el-proximo-viernes-inicia-el-juicio-por-el-femicidio-de-claudia-vega\/"]}]},{"@type":"ImageObject","inLanguage":"es","@id":"https:\/\/laredlarioja.com.ar\/sitio\/el-proximo-viernes-inicia-el-juicio-por-el-femicidio-de-claudia-vega\/#primaryimage","url":"https:\/\/laredlarioja.com.ar\/sitio\/wp-content\/uploads\/2023\/11\/dd8b78f6-ffe3-4fb5-9b01-c2f2ad566bac.jpeg","contentUrl":"https:\/\/laredlarioja.com.ar\/sitio\/wp-content\/uploads\/2023\/11\/dd8b78f6-ffe3-4fb5-9b01-c2f2ad566bac.jpeg","width":912,"height":644},{"@type":"BreadcrumbList","@id":"https:\/\/laredlarioja.com.ar\/sitio\/el-proximo-viernes-inicia-el-juicio-por-el-femicidio-de-claudia-vega\/#breadcrumb","itemListElement":[{"@type":"ListItem","position":1,"name":"Portada","item":"https:\/\/laredlarioja.com.ar\/sitio\/"},{"@type":"ListItem","position":2,"name":"Comienza el juicio por el femicidio de Claudia Vega asesinada por su pareja"}]},{"@type":"WebSite","@id":"https:\/\/laredlarioja.com.ar\/sitio\/#website","url":"https:\/\/laredlarioja.com.ar\/sitio\/","name":"LA RED 88.3 LA RIOJA","description":"Sitio de Noticias","publisher":{"@id":"https:\/\/laredlarioja.com.ar\/sitio\/#organization"},"potentialAction":[{"@type":"SearchAction","target":{"@type":"EntryPoint","urlTemplate":"https:\/\/laredlarioja.com.ar\/sitio\/?s={search_term_string}"},"query-input":{"@type":"PropertyValueSpecification","valueRequired":true,"valueName":"search_term_string"}}],"inLanguage":"es"},{"@type":"Organization","@id":"https:\/\/laredlarioja.com.ar\/sitio\/#organization","name":"LA RED 88.3 LA RIOJA","url":"https:\/\/laredlarioja.com.ar\/sitio\/","logo":{"@type":"ImageObject","inLanguage":"es","@id":"https:\/\/laredlarioja.com.ar\/sitio\/#\/schema\/logo\/image\/","url":"https:\/\/laredlarioja.com.ar\/sitio\/wp-content\/uploads\/2025\/05\/LOGO-LA-RED.png","contentUrl":"https:\/\/laredlarioja.com.ar\/sitio\/wp-content\/uploads\/2025\/05\/LOGO-LA-RED.png","width":193,"height":340,"caption":"LA RED 88.3 LA RIOJA"},"image":{"@id":"https:\/\/laredlarioja.com.ar\/sitio\/#\/schema\/logo\/image\/"},"sameAs":["https:\/\/www.facebook.com\/lared.larioja","https:\/\/x.com\/laredlarioja1","https:\/\/www.instagram.com\/lared_larioja\/"]},{"@type":"Person","@id":"https:\/\/laredlarioja.com.ar\/sitio\/#\/schema\/person\/31f88059d20c5cf06e974fd895aec56e","name":"Anabella Soria","url":"https:\/\/laredlarioja.com.ar\/sitio\/author\/asoria\/"}]}},"featured_image_urls":{"full":["https:\/\/laredlarioja.com.ar\/sitio\/wp-content\/uploads\/2023\/11\/dd8b78f6-ffe3-4fb5-9b01-c2f2ad566bac.jpeg",912,644,false],"thumbnail":["https:\/\/laredlarioja.com.ar\/sitio\/wp-content\/uploads\/2023\/11\/dd8b78f6-ffe3-4fb5-9b01-c2f2ad566bac-150x150.jpeg",150,150,true],"medium":["https:\/\/laredlarioja.com.ar\/sitio\/wp-content\/uploads\/2023\/11\/dd8b78f6-ffe3-4fb5-9b01-c2f2ad566bac-300x212.jpeg",300,212,true],"medium_large":["https:\/\/laredlarioja.com.ar\/sitio\/wp-content\/uploads\/2023\/11\/dd8b78f6-ffe3-4fb5-9b01-c2f2ad566bac-768x542.jpeg",640,452,true],"large":["https:\/\/laredlarioja.com.ar\/sitio\/wp-content\/uploads\/2023\/11\/dd8b78f6-ffe3-4fb5-9b01-c2f2ad566bac.jpeg",640,452,false],"1536x1536":["https:\/\/laredlarioja.com.ar\/sitio\/wp-content\/uploads\/2023\/11\/dd8b78f6-ffe3-4fb5-9b01-c2f2ad566bac.jpeg",912,644,false],"2048x2048":["https:\/\/laredlarioja.com.ar\/sitio\/wp-content\/uploads\/2023\/11\/dd8b78f6-ffe3-4fb5-9b01-c2f2ad566bac.jpeg",912,644,false],"cvmm-medium":["https:\/\/laredlarioja.com.ar\/sitio\/wp-content\/uploads\/2023\/11\/dd8b78f6-ffe3-4fb5-9b01-c2f2ad566bac-300x300.jpeg",300,300,true],"cvmm-medium-plus":["https:\/\/laredlarioja.com.ar\/sitio\/wp-content\/uploads\/2023\/11\/dd8b78f6-ffe3-4fb5-9b01-c2f2ad566bac-305x207.jpeg",305,207,true],"cvmm-portrait":["https:\/\/laredlarioja.com.ar\/sitio\/wp-content\/uploads\/2023\/11\/dd8b78f6-ffe3-4fb5-9b01-c2f2ad566bac-400x600.jpeg",400,600,true],"cvmm-medium-square":["https:\/\/laredlarioja.com.ar\/sitio\/wp-content\/uploads\/2023\/11\/dd8b78f6-ffe3-4fb5-9b01-c2f2ad566bac-600x600.jpeg",600,600,true],"cvmm-large":["https:\/\/laredlarioja.com.ar\/sitio\/wp-content\/uploads\/2023\/11\/dd8b78f6-ffe3-4fb5-9b01-c2f2ad566bac.jpeg",912,644,false],"cvmm-small":["https:\/\/laredlarioja.com.ar\/sitio\/wp-content\/uploads\/2023\/11\/dd8b78f6-ffe3-4fb5-9b01-c2f2ad566bac-130x95.jpeg",130,95,true],"morenews-large":["https:\/\/laredlarioja.com.ar\/sitio\/wp-content\/uploads\/2023\/11\/dd8b78f6-ffe3-4fb5-9b01-c2f2ad566bac-825x575.jpeg",825,575,true],"morenews-medium":["https:\/\/laredlarioja.com.ar\/sitio\/wp-content\/uploads\/2023\/11\/dd8b78f6-ffe3-4fb5-9b01-c2f2ad566bac-590x410.jpeg",590,410,true]},"author_info":{"display_name":"Anabella Soria","author_link":"https:\/\/laredlarioja.com.ar\/sitio\/author\/asoria\/"},"category_info":"<a href=\"https:\/\/laredlarioja.com.ar\/sitio\/categorias\/informacion-general\/\" rel=\"category tag\">Informaci\u00f3n General<\/a>","tag_info":"Informaci\u00f3n General","comment_count":"0","blog_post_layout_featured_media_urls":{"thumbnail":["https:\/\/laredlarioja.com.ar\/sitio\/wp-content\/uploads\/2023\/11\/dd8b78f6-ffe3-4fb5-9b01-c2f2ad566bac-150x150.jpeg",150,150,true],"full":["https:\/\/laredlarioja.com.ar\/sitio\/wp-content\/uploads\/2023\/11\/dd8b78f6-ffe3-4fb5-9b01-c2f2ad566bac.jpeg",912,644,false]},"categories_names":{"24":{"name":"Informaci\u00f3n General","link":"https:\/\/laredlarioja.com.ar\/sitio\/categorias\/informacion-general\/"}},"tags_names":{"84":{"name":"Secundaria","link":"https:\/\/laredlarioja.com.ar\/sitio\/etiquetas\/secundaria\/"}},"comments_number":"0","wpmagazine_modules_lite_featured_media_urls":{"thumbnail":["https:\/\/laredlarioja.com.ar\/sitio\/wp-content\/uploads\/2023\/11\/dd8b78f6-ffe3-4fb5-9b01-c2f2ad566bac-150x150.jpeg",150,150,true],"cvmm-medium":["https:\/\/laredlarioja.com.ar\/sitio\/wp-content\/uploads\/2023\/11\/dd8b78f6-ffe3-4fb5-9b01-c2f2ad566bac-300x300.jpeg",300,300,true],"cvmm-medium-plus":["https:\/\/laredlarioja.com.ar\/sitio\/wp-content\/uploads\/2023\/11\/dd8b78f6-ffe3-4fb5-9b01-c2f2ad566bac-305x207.jpeg",305,207,true],"cvmm-portrait":["https:\/\/laredlarioja.com.ar\/sitio\/wp-content\/uploads\/2023\/11\/dd8b78f6-ffe3-4fb5-9b01-c2f2ad566bac-400x600.jpeg",400,600,true],"cvmm-medium-square":["https:\/\/laredlarioja.com.ar\/sitio\/wp-content\/uploads\/2023\/11\/dd8b78f6-ffe3-4fb5-9b01-c2f2ad566bac-600x600.jpeg",600,600,true],"cvmm-large":["https:\/\/laredlarioja.com.ar\/sitio\/wp-content\/uploads\/2023\/11\/dd8b78f6-ffe3-4fb5-9b01-c2f2ad566bac.jpeg",912,644,false],"cvmm-small":["https:\/\/laredlarioja.com.ar\/sitio\/wp-content\/uploads\/2023\/11\/dd8b78f6-ffe3-4fb5-9b01-c2f2ad566bac-130x95.jpeg",130,95,true],"full":["https:\/\/laredlarioja.com.ar\/sitio\/wp-content\/uploads\/2023\/11\/dd8b78f6-ffe3-4fb5-9b01-c2f2ad566bac.jpeg",912,644,false]},"_links":{"self":[{"href":"https:\/\/laredlarioja.com.ar\/sitio\/wp-json\/wp\/v2\/posts\/61262","targetHints":{"allow":["GET"]}}],"collection":[{"href":"https:\/\/laredlarioja.com.ar\/sitio\/wp-json\/wp\/v2\/posts"}],"about":[{"href":"https:\/\/laredlarioja.com.ar\/sitio\/wp-json\/wp\/v2\/types\/post"}],"author":[{"embeddable":true,"href":"https:\/\/laredlarioja.com.ar\/sitio\/wp-json\/wp\/v2\/users\/7"}],"replies":[{"embeddable":true,"href":"https:\/\/laredlarioja.com.ar\/sitio\/wp-json\/wp\/v2\/comments?post=61262"}],"version-history":[{"count":8,"href":"https:\/\/laredlarioja.com.ar\/sitio\/wp-json\/wp\/v2\/posts\/61262\/revisions"}],"predecessor-version":[{"id":61275,"href":"https:\/\/laredlarioja.com.ar\/sitio\/wp-json\/wp\/v2\/posts\/61262\/revisions\/61275"}],"wp:featuredmedia":[{"embeddable":true,"href":"https:\/\/laredlarioja.com.ar\/sitio\/wp-json\/wp\/v2\/media\/38552"}],"wp:attachment":[{"href":"https:\/\/laredlarioja.com.ar\/sitio\/wp-json\/wp\/v2\/media?parent=61262"}],"wp:term":[{"taxonomy":"category","embeddable":true,"href":"https:\/\/laredlarioja.com.ar\/sitio\/wp-json\/wp\/v2\/categories?post=61262"},{"taxonomy":"post_tag","embeddable":true,"href":"https:\/\/laredlarioja.com.ar\/sitio\/wp-json\/wp\/v2\/tags?post=61262"}],"curies":[{"name":"wp","href":"https:\/\/api.w.org\/{rel}","templated":true}]}}