{"id":61292,"date":"2025-05-03T14:10:16","date_gmt":"2025-05-03T14:10:16","guid":{"rendered":"https:\/\/laredlarioja.com.ar\/sitio\/?p=61292"},"modified":"2025-05-03T14:10:16","modified_gmt":"2025-05-03T14:10:16","slug":"boca-visita-a-tigre-en-busca-del-primer-puesto-de-la-zona-a","status":"publish","type":"post","link":"https:\/\/laredlarioja.com.ar\/sitio\/boca-visita-a-tigre-en-busca-del-primer-puesto-de-la-zona-a\/","title":{"rendered":"Boca visita a Tigre en busca del primer puesto de la Zona A"},"content":{"rendered":"<p class=\"\" data-start=\"179\" data-end=\"476\">Este domingo, Boca Juniors visitar\u00e1 a Tigre por la 16\u00aa fecha del Torneo Apertura de la Liga Profesional de F\u00fatbol, con la misi\u00f3n de lograr una victoria que le asegure el liderazgo en la Zona A. El encuentro se disputar\u00e1 a las 18:00 en el estadio Jos\u00e9 Dellagiovanna, con arbitraje de Facundo Tello.<\/p>\n<p class=\"\" data-start=\"478\" data-end=\"774\">El equipo llega atravesando una semana convulsionada tras la renuncia de Fernando Gago como director t\u00e9cnico, luego de la derrota por 2-1 frente a River en el Supercl\u00e1sico. En su lugar, Mariano Herr\u00f3n asumi\u00f3 interinamente la conducci\u00f3n del plantel, cargo que mantendr\u00e1 hasta el cierre del torneo.<\/p>\n<p class=\"\" data-start=\"776\" data-end=\"1146\">A pesar del golpe an\u00edmico que signific\u00f3 la salida del entrenador y el traspi\u00e9 ante el eterno rival, Boca suma 32 puntos y depende de s\u00ed mismo: si vence a Tigre, se asegurar\u00e1 el primer lugar de la Zona A. Un empate no le alcanzar\u00e1, ya que igualar\u00eda en unidades con Argentinos Juniors, que cuenta con mejor diferencia de gol tras golear a Estudiantes en la \u00faltima jornada.<\/p>\n<p class=\"\" data-start=\"1148\" data-end=\"1355\">Entre las novedades del equipo titular que prepara Herr\u00f3n, destaca la inclusi\u00f3n de Alan Velasco en el ataque, quien buscar\u00e1 aprovechar la oportunidad luego de haber perdido protagonismo en los \u00faltimos meses.<\/p>\n","protected":false},"excerpt":{"rendered":"<p>Este domingo, Boca Juniors visitar\u00e1 a Tigre por la 16\u00aa fecha del Torneo Apertura de la Liga Profesional<\/p>\n","protected":false},"author":8,"featured_media":43045,"comment_status":"closed","ping_status":"open","sticky":false,"template":"","format":"standard","meta":{"footnotes":""},"categories":[26],"tags":[],"class_list":["post-61292","post","type-post","status-publish","format-standard","has-post-thumbnail","hentry","category-deportes"],"yoast_head":"<!-- This site is optimized with the Yoast SEO plugin v27.4 - https:\/\/yoast.com\/product\/yoast-seo-wordpress\/ -->\n<title>Boca visita a Tigre en busca del primer puesto de la Zona A - LA RED 88.3 LA RIOJA<\/title>\n<meta name=\"robots\" content=\"index, follow, max-snippet:-1, max-image-preview:large, max-video-preview:-1\" \/>\n<link rel=\"canonical\" href=\"https:\/\/laredlarioja.com.ar\/sitio\/boca-visita-a-tigre-en-busca-del-primer-puesto-de-la-zona-a\/\" \/>\n<meta property=\"og:locale\" content=\"es_ES\" \/>\n<meta property=\"og:type\" content=\"article\" \/>\n<meta property=\"og:title\" content=\"Boca visita a Tigre en busca del primer puesto de la Zona A - LA RED 88.3 LA RIOJA\" \/>\n<meta property=\"og:description\" content=\"Este domingo, Boca Juniors visitar\u00e1 a Tigre por la 16\u00aa fecha del Torneo Apertura de la Liga Profesional\" \/>\n<meta property=\"og:url\" content=\"https:\/\/laredlarioja.com.ar\/sitio\/boca-visita-a-tigre-en-busca-del-primer-puesto-de-la-zona-a\/\" \/>\n<meta property=\"og:site_name\" content=\"LA RED 88.3 LA RIOJA\" \/>\n<meta property=\"article:publisher\" content=\"https:\/\/www.facebook.com\/lared.larioja\" \/>\n<meta property=\"article:published_time\" content=\"2025-05-03T14:10:16+00:00\" \/>\n<meta property=\"og:image\" content=\"https:\/\/laredlarioja.com.ar\/sitio\/wp-content\/uploads\/2024\/03\/ge7fOgbj9_1290x760__1.jpg\" \/>\n\t<meta property=\"og:image:width\" content=\"1290\" \/>\n\t<meta property=\"og:image:height\" content=\"760\" \/>\n\t<meta property=\"og:image:type\" content=\"image\/jpeg\" \/>\n<meta name=\"author\" content=\"Mart\u00edn Ruarte\" \/>\n<meta name=\"twitter:card\" content=\"summary_large_image\" \/>\n<meta name=\"twitter:creator\" content=\"@laredlarioja1\" \/>\n<meta name=\"twitter:site\" content=\"@laredlarioja1\" \/>\n<meta name=\"twitter:label1\" content=\"Escrito por\" \/>\n\t<meta name=\"twitter:data1\" content=\"Mart\u00edn Ruarte\" \/>\n\t<meta name=\"twitter:label2\" content=\"Tiempo de lectura\" \/>\n\t<meta name=\"twitter:data2\" content=\"2 minutos\" \/>\n<script type=\"application\/ld+json\" class=\"yoast-schema-graph\">{\"@context\":\"https:\\\/\\\/schema.org\",\"@graph\":[{\"@type\":\"Article\",\"@id\":\"https:\\\/\\\/laredlarioja.com.ar\\\/sitio\\\/boca-visita-a-tigre-en-busca-del-primer-puesto-de-la-zona-a\\\/#article\",\"isPartOf\":{\"@id\":\"https:\\\/\\\/laredlarioja.com.ar\\\/sitio\\\/boca-visita-a-tigre-en-busca-del-primer-puesto-de-la-zona-a\\\/\"},\"author\":{\"name\":\"Mart\u00edn Ruarte\",\"@id\":\"https:\\\/\\\/laredlarioja.com.ar\\\/sitio\\\/#\\\/schema\\\/person\\\/3b1600cc7f8fd3617dc50f96d3503489\"},\"headline\":\"Boca visita a Tigre en busca del primer puesto de la Zona A\",\"datePublished\":\"2025-05-03T14:10:16+00:00\",\"mainEntityOfPage\":{\"@id\":\"https:\\\/\\\/laredlarioja.com.ar\\\/sitio\\\/boca-visita-a-tigre-en-busca-del-primer-puesto-de-la-zona-a\\\/\"},\"wordCount\":220,\"publisher\":{\"@id\":\"https:\\\/\\\/laredlarioja.com.ar\\\/sitio\\\/#organization\"},\"image\":{\"@id\":\"https:\\\/\\\/laredlarioja.com.ar\\\/sitio\\\/boca-visita-a-tigre-en-busca-del-primer-puesto-de-la-zona-a\\\/#primaryimage\"},\"thumbnailUrl\":\"https:\\\/\\\/laredlarioja.com.ar\\\/sitio\\\/wp-content\\\/uploads\\\/2024\\\/03\\\/ge7fOgbj9_1290x760__1.jpg\",\"articleSection\":[\"Deportes\"],\"inLanguage\":\"es\"},{\"@type\":\"WebPage\",\"@id\":\"https:\\\/\\\/laredlarioja.com.ar\\\/sitio\\\/boca-visita-a-tigre-en-busca-del-primer-puesto-de-la-zona-a\\\/\",\"url\":\"https:\\\/\\\/laredlarioja.com.ar\\\/sitio\\\/boca-visita-a-tigre-en-busca-del-primer-puesto-de-la-zona-a\\\/\",\"name\":\"Boca visita a Tigre en busca del primer puesto de la Zona A - LA RED 88.3 LA RIOJA\",\"isPartOf\":{\"@id\":\"https:\\\/\\\/laredlarioja.com.ar\\\/sitio\\\/#website\"},\"primaryImageOfPage\":{\"@id\":\"https:\\\/\\\/laredlarioja.com.ar\\\/sitio\\\/boca-visita-a-tigre-en-busca-del-primer-puesto-de-la-zona-a\\\/#primaryimage\"},\"image\":{\"@id\":\"https:\\\/\\\/laredlarioja.com.ar\\\/sitio\\\/boca-visita-a-tigre-en-busca-del-primer-puesto-de-la-zona-a\\\/#primaryimage\"},\"thumbnailUrl\":\"https:\\\/\\\/laredlarioja.com.ar\\\/sitio\\\/wp-content\\\/uploads\\\/2024\\\/03\\\/ge7fOgbj9_1290x760__1.jpg\",\"datePublished\":\"2025-05-03T14:10:16+00:00\",\"breadcrumb\":{\"@id\":\"https:\\\/\\\/laredlarioja.com.ar\\\/sitio\\\/boca-visita-a-tigre-en-busca-del-primer-puesto-de-la-zona-a\\\/#breadcrumb\"},\"inLanguage\":\"es\",\"potentialAction\":[{\"@type\":\"ReadAction\",\"target\":[\"https:\\\/\\\/laredlarioja.com.ar\\\/sitio\\\/boca-visita-a-tigre-en-busca-del-primer-puesto-de-la-zona-a\\\/\"]}]},{\"@type\":\"ImageObject\",\"inLanguage\":\"es\",\"@id\":\"https:\\\/\\\/laredlarioja.com.ar\\\/sitio\\\/boca-visita-a-tigre-en-busca-del-primer-puesto-de-la-zona-a\\\/#primaryimage\",\"url\":\"https:\\\/\\\/laredlarioja.com.ar\\\/sitio\\\/wp-content\\\/uploads\\\/2024\\\/03\\\/ge7fOgbj9_1290x760__1.jpg\",\"contentUrl\":\"https:\\\/\\\/laredlarioja.com.ar\\\/sitio\\\/wp-content\\\/uploads\\\/2024\\\/03\\\/ge7fOgbj9_1290x760__1.jpg\",\"width\":1290,\"height\":760},{\"@type\":\"BreadcrumbList\",\"@id\":\"https:\\\/\\\/laredlarioja.com.ar\\\/sitio\\\/boca-visita-a-tigre-en-busca-del-primer-puesto-de-la-zona-a\\\/#breadcrumb\",\"itemListElement\":[{\"@type\":\"ListItem\",\"position\":1,\"name\":\"Portada\",\"item\":\"https:\\\/\\\/laredlarioja.com.ar\\\/sitio\\\/\"},{\"@type\":\"ListItem\",\"position\":2,\"name\":\"Boca visita a Tigre en busca del primer puesto de la Zona A\"}]},{\"@type\":\"WebSite\",\"@id\":\"https:\\\/\\\/laredlarioja.com.ar\\\/sitio\\\/#website\",\"url\":\"https:\\\/\\\/laredlarioja.com.ar\\\/sitio\\\/\",\"name\":\"LA RED 88.3 LA RIOJA\",\"description\":\"Sitio de Noticias\",\"publisher\":{\"@id\":\"https:\\\/\\\/laredlarioja.com.ar\\\/sitio\\\/#organization\"},\"potentialAction\":[{\"@type\":\"SearchAction\",\"target\":{\"@type\":\"EntryPoint\",\"urlTemplate\":\"https:\\\/\\\/laredlarioja.com.ar\\\/sitio\\\/?s={search_term_string}\"},\"query-input\":{\"@type\":\"PropertyValueSpecification\",\"valueRequired\":true,\"valueName\":\"search_term_string\"}}],\"inLanguage\":\"es\"},{\"@type\":\"Organization\",\"@id\":\"https:\\\/\\\/laredlarioja.com.ar\\\/sitio\\\/#organization\",\"name\":\"LA RED 88.3 LA RIOJA\",\"url\":\"https:\\\/\\\/laredlarioja.com.ar\\\/sitio\\\/\",\"logo\":{\"@type\":\"ImageObject\",\"inLanguage\":\"es\",\"@id\":\"https:\\\/\\\/laredlarioja.com.ar\\\/sitio\\\/#\\\/schema\\\/logo\\\/image\\\/\",\"url\":\"https:\\\/\\\/laredlarioja.com.ar\\\/sitio\\\/wp-content\\\/uploads\\\/2025\\\/05\\\/LOGO-LA-RED.png\",\"contentUrl\":\"https:\\\/\\\/laredlarioja.com.ar\\\/sitio\\\/wp-content\\\/uploads\\\/2025\\\/05\\\/LOGO-LA-RED.png\",\"width\":193,\"height\":340,\"caption\":\"LA RED 88.3 LA RIOJA\"},\"image\":{\"@id\":\"https:\\\/\\\/laredlarioja.com.ar\\\/sitio\\\/#\\\/schema\\\/logo\\\/image\\\/\"},\"sameAs\":[\"https:\\\/\\\/www.facebook.com\\\/lared.larioja\",\"https:\\\/\\\/x.com\\\/laredlarioja1\",\"https:\\\/\\\/www.instagram.com\\\/lared_larioja\\\/\"]},{\"@type\":\"Person\",\"@id\":\"https:\\\/\\\/laredlarioja.com.ar\\\/sitio\\\/#\\\/schema\\\/person\\\/3b1600cc7f8fd3617dc50f96d3503489\",\"name\":\"Mart\u00edn Ruarte\",\"url\":\"https:\\\/\\\/laredlarioja.com.ar\\\/sitio\\\/author\\\/mruarte\\\/\"}]}<\/script>\n<!-- \/ Yoast SEO plugin. -->","yoast_head_json":{"title":"Boca visita a Tigre en busca del primer puesto de la Zona A - LA RED 88.3 LA RIOJA","robots":{"index":"index","follow":"follow","max-snippet":"max-snippet:-1","max-image-preview":"max-image-preview:large","max-video-preview":"max-video-preview:-1"},"canonical":"https:\/\/laredlarioja.com.ar\/sitio\/boca-visita-a-tigre-en-busca-del-primer-puesto-de-la-zona-a\/","og_locale":"es_ES","og_type":"article","og_title":"Boca visita a Tigre en busca del primer puesto de la Zona A - LA RED 88.3 LA RIOJA","og_description":"Este domingo, Boca Juniors visitar\u00e1 a Tigre por la 16\u00aa fecha del Torneo Apertura de la Liga Profesional","og_url":"https:\/\/laredlarioja.com.ar\/sitio\/boca-visita-a-tigre-en-busca-del-primer-puesto-de-la-zona-a\/","og_site_name":"LA RED 88.3 LA RIOJA","article_publisher":"https:\/\/www.facebook.com\/lared.larioja","article_published_time":"2025-05-03T14:10:16+00:00","og_image":[{"width":1290,"height":760,"url":"https:\/\/laredlarioja.com.ar\/sitio\/wp-content\/uploads\/2024\/03\/ge7fOgbj9_1290x760__1.jpg","type":"image\/jpeg"}],"author":"Mart\u00edn Ruarte","twitter_card":"summary_large_image","twitter_creator":"@laredlarioja1","twitter_site":"@laredlarioja1","twitter_misc":{"Escrito por":"Mart\u00edn Ruarte","Tiempo de lectura":"2 minutos"},"schema":{"@context":"https:\/\/schema.org","@graph":[{"@type":"Article","@id":"https:\/\/laredlarioja.com.ar\/sitio\/boca-visita-a-tigre-en-busca-del-primer-puesto-de-la-zona-a\/#article","isPartOf":{"@id":"https:\/\/laredlarioja.com.ar\/sitio\/boca-visita-a-tigre-en-busca-del-primer-puesto-de-la-zona-a\/"},"author":{"name":"Mart\u00edn Ruarte","@id":"https:\/\/laredlarioja.com.ar\/sitio\/#\/schema\/person\/3b1600cc7f8fd3617dc50f96d3503489"},"headline":"Boca visita a Tigre en busca del primer puesto de la Zona A","datePublished":"2025-05-03T14:10:16+00:00","mainEntityOfPage":{"@id":"https:\/\/laredlarioja.com.ar\/sitio\/boca-visita-a-tigre-en-busca-del-primer-puesto-de-la-zona-a\/"},"wordCount":220,"publisher":{"@id":"https:\/\/laredlarioja.com.ar\/sitio\/#organization"},"image":{"@id":"https:\/\/laredlarioja.com.ar\/sitio\/boca-visita-a-tigre-en-busca-del-primer-puesto-de-la-zona-a\/#primaryimage"},"thumbnailUrl":"https:\/\/laredlarioja.com.ar\/sitio\/wp-content\/uploads\/2024\/03\/ge7fOgbj9_1290x760__1.jpg","articleSection":["Deportes"],"inLanguage":"es"},{"@type":"WebPage","@id":"https:\/\/laredlarioja.com.ar\/sitio\/boca-visita-a-tigre-en-busca-del-primer-puesto-de-la-zona-a\/","url":"https:\/\/laredlarioja.com.ar\/sitio\/boca-visita-a-tigre-en-busca-del-primer-puesto-de-la-zona-a\/","name":"Boca visita a Tigre en busca del primer puesto de la Zona A - LA RED 88.3 LA RIOJA","isPartOf":{"@id":"https:\/\/laredlarioja.com.ar\/sitio\/#website"},"primaryImageOfPage":{"@id":"https:\/\/laredlarioja.com.ar\/sitio\/boca-visita-a-tigre-en-busca-del-primer-puesto-de-la-zona-a\/#primaryimage"},"image":{"@id":"https:\/\/laredlarioja.com.ar\/sitio\/boca-visita-a-tigre-en-busca-del-primer-puesto-de-la-zona-a\/#primaryimage"},"thumbnailUrl":"https:\/\/laredlarioja.com.ar\/sitio\/wp-content\/uploads\/2024\/03\/ge7fOgbj9_1290x760__1.jpg","datePublished":"2025-05-03T14:10:16+00:00","breadcrumb":{"@id":"https:\/\/laredlarioja.com.ar\/sitio\/boca-visita-a-tigre-en-busca-del-primer-puesto-de-la-zona-a\/#breadcrumb"},"inLanguage":"es","potentialAction":[{"@type":"ReadAction","target":["https:\/\/laredlarioja.com.ar\/sitio\/boca-visita-a-tigre-en-busca-del-primer-puesto-de-la-zona-a\/"]}]},{"@type":"ImageObject","inLanguage":"es","@id":"https:\/\/laredlarioja.com.ar\/sitio\/boca-visita-a-tigre-en-busca-del-primer-puesto-de-la-zona-a\/#primaryimage","url":"https:\/\/laredlarioja.com.ar\/sitio\/wp-content\/uploads\/2024\/03\/ge7fOgbj9_1290x760__1.jpg","contentUrl":"https:\/\/laredlarioja.com.ar\/sitio\/wp-content\/uploads\/2024\/03\/ge7fOgbj9_1290x760__1.jpg","width":1290,"height":760},{"@type":"BreadcrumbList","@id":"https:\/\/laredlarioja.com.ar\/sitio\/boca-visita-a-tigre-en-busca-del-primer-puesto-de-la-zona-a\/#breadcrumb","itemListElement":[{"@type":"ListItem","position":1,"name":"Portada","item":"https:\/\/laredlarioja.com.ar\/sitio\/"},{"@type":"ListItem","position":2,"name":"Boca visita a Tigre en busca del primer puesto de la Zona A"}]},{"@type":"WebSite","@id":"https:\/\/laredlarioja.com.ar\/sitio\/#website","url":"https:\/\/laredlarioja.com.ar\/sitio\/","name":"LA RED 88.3 LA RIOJA","description":"Sitio de Noticias","publisher":{"@id":"https:\/\/laredlarioja.com.ar\/sitio\/#organization"},"potentialAction":[{"@type":"SearchAction","target":{"@type":"EntryPoint","urlTemplate":"https:\/\/laredlarioja.com.ar\/sitio\/?s={search_term_string}"},"query-input":{"@type":"PropertyValueSpecification","valueRequired":true,"valueName":"search_term_string"}}],"inLanguage":"es"},{"@type":"Organization","@id":"https:\/\/laredlarioja.com.ar\/sitio\/#organization","name":"LA RED 88.3 LA RIOJA","url":"https:\/\/laredlarioja.com.ar\/sitio\/","logo":{"@type":"ImageObject","inLanguage":"es","@id":"https:\/\/laredlarioja.com.ar\/sitio\/#\/schema\/logo\/image\/","url":"https:\/\/laredlarioja.com.ar\/sitio\/wp-content\/uploads\/2025\/05\/LOGO-LA-RED.png","contentUrl":"https:\/\/laredlarioja.com.ar\/sitio\/wp-content\/uploads\/2025\/05\/LOGO-LA-RED.png","width":193,"height":340,"caption":"LA RED 88.3 LA RIOJA"},"image":{"@id":"https:\/\/laredlarioja.com.ar\/sitio\/#\/schema\/logo\/image\/"},"sameAs":["https:\/\/www.facebook.com\/lared.larioja","https:\/\/x.com\/laredlarioja1","https:\/\/www.instagram.com\/lared_larioja\/"]},{"@type":"Person","@id":"https:\/\/laredlarioja.com.ar\/sitio\/#\/schema\/person\/3b1600cc7f8fd3617dc50f96d3503489","name":"Mart\u00edn Ruarte","url":"https:\/\/laredlarioja.com.ar\/sitio\/author\/mruarte\/"}]}},"featured_image_urls":{"full":["https:\/\/laredlarioja.com.ar\/sitio\/wp-content\/uploads\/2024\/03\/ge7fOgbj9_1290x760__1.jpg",1290,760,false],"thumbnail":["https:\/\/laredlarioja.com.ar\/sitio\/wp-content\/uploads\/2024\/03\/ge7fOgbj9_1290x760__1-150x150.jpg",150,150,true],"medium":["https:\/\/laredlarioja.com.ar\/sitio\/wp-content\/uploads\/2024\/03\/ge7fOgbj9_1290x760__1-300x177.jpg",300,177,true],"medium_large":["https:\/\/laredlarioja.com.ar\/sitio\/wp-content\/uploads\/2024\/03\/ge7fOgbj9_1290x760__1-768x452.jpg",640,377,true],"large":["https:\/\/laredlarioja.com.ar\/sitio\/wp-content\/uploads\/2024\/03\/ge7fOgbj9_1290x760__1-1024x603.jpg",640,377,true],"1536x1536":["https:\/\/laredlarioja.com.ar\/sitio\/wp-content\/uploads\/2024\/03\/ge7fOgbj9_1290x760__1.jpg",1290,760,false],"2048x2048":["https:\/\/laredlarioja.com.ar\/sitio\/wp-content\/uploads\/2024\/03\/ge7fOgbj9_1290x760__1.jpg",1290,760,false],"cvmm-medium":["https:\/\/laredlarioja.com.ar\/sitio\/wp-content\/uploads\/2024\/03\/ge7fOgbj9_1290x760__1-300x300.jpg",300,300,true],"cvmm-medium-plus":["https:\/\/laredlarioja.com.ar\/sitio\/wp-content\/uploads\/2024\/03\/ge7fOgbj9_1290x760__1-305x207.jpg",305,207,true],"cvmm-portrait":["https:\/\/laredlarioja.com.ar\/sitio\/wp-content\/uploads\/2024\/03\/ge7fOgbj9_1290x760__1-400x600.jpg",400,600,true],"cvmm-medium-square":["https:\/\/laredlarioja.com.ar\/sitio\/wp-content\/uploads\/2024\/03\/ge7fOgbj9_1290x760__1-600x600.jpg",600,600,true],"cvmm-large":["https:\/\/laredlarioja.com.ar\/sitio\/wp-content\/uploads\/2024\/03\/ge7fOgbj9_1290x760__1-1024x760.jpg",1024,760,true],"cvmm-small":["https:\/\/laredlarioja.com.ar\/sitio\/wp-content\/uploads\/2024\/03\/ge7fOgbj9_1290x760__1-130x95.jpg",130,95,true],"morenews-large":["https:\/\/laredlarioja.com.ar\/sitio\/wp-content\/uploads\/2024\/03\/ge7fOgbj9_1290x760__1-825x575.jpg",825,575,true],"morenews-medium":["https:\/\/laredlarioja.com.ar\/sitio\/wp-content\/uploads\/2024\/03\/ge7fOgbj9_1290x760__1-590x410.jpg",590,410,true]},"author_info":{"display_name":"Mart\u00edn Ruarte","author_link":"https:\/\/laredlarioja.com.ar\/sitio\/author\/mruarte\/"},"category_info":"<a href=\"https:\/\/laredlarioja.com.ar\/sitio\/categorias\/deportes\/\" rel=\"category tag\">Deportes<\/a>","tag_info":"Deportes","comment_count":"0","blog_post_layout_featured_media_urls":{"thumbnail":["https:\/\/laredlarioja.com.ar\/sitio\/wp-content\/uploads\/2024\/03\/ge7fOgbj9_1290x760__1-150x150.jpg",150,150,true],"full":["https:\/\/laredlarioja.com.ar\/sitio\/wp-content\/uploads\/2024\/03\/ge7fOgbj9_1290x760__1.jpg",1290,760,false]},"categories_names":{"26":{"name":"Deportes","link":"https:\/\/laredlarioja.com.ar\/sitio\/categorias\/deportes\/"}},"tags_names":[],"comments_number":"0","wpmagazine_modules_lite_featured_media_urls":{"thumbnail":["https:\/\/laredlarioja.com.ar\/sitio\/wp-content\/uploads\/2024\/03\/ge7fOgbj9_1290x760__1-150x150.jpg",150,150,true],"cvmm-medium":["https:\/\/laredlarioja.com.ar\/sitio\/wp-content\/uploads\/2024\/03\/ge7fOgbj9_1290x760__1-300x300.jpg",300,300,true],"cvmm-medium-plus":["https:\/\/laredlarioja.com.ar\/sitio\/wp-content\/uploads\/2024\/03\/ge7fOgbj9_1290x760__1-305x207.jpg",305,207,true],"cvmm-portrait":["https:\/\/laredlarioja.com.ar\/sitio\/wp-content\/uploads\/2024\/03\/ge7fOgbj9_1290x760__1-400x600.jpg",400,600,true],"cvmm-medium-square":["https:\/\/laredlarioja.com.ar\/sitio\/wp-content\/uploads\/2024\/03\/ge7fOgbj9_1290x760__1-600x600.jpg",600,600,true],"cvmm-large":["https:\/\/laredlarioja.com.ar\/sitio\/wp-content\/uploads\/2024\/03\/ge7fOgbj9_1290x760__1-1024x760.jpg",1024,760,true],"cvmm-small":["https:\/\/laredlarioja.com.ar\/sitio\/wp-content\/uploads\/2024\/03\/ge7fOgbj9_1290x760__1-130x95.jpg",130,95,true],"full":["https:\/\/laredlarioja.com.ar\/sitio\/wp-content\/uploads\/2024\/03\/ge7fOgbj9_1290x760__1.jpg",1290,760,false]},"_links":{"self":[{"href":"https:\/\/laredlarioja.com.ar\/sitio\/wp-json\/wp\/v2\/posts\/61292","targetHints":{"allow":["GET"]}}],"collection":[{"href":"https:\/\/laredlarioja.com.ar\/sitio\/wp-json\/wp\/v2\/posts"}],"about":[{"href":"https:\/\/laredlarioja.com.ar\/sitio\/wp-json\/wp\/v2\/types\/post"}],"author":[{"embeddable":true,"href":"https:\/\/laredlarioja.com.ar\/sitio\/wp-json\/wp\/v2\/users\/8"}],"replies":[{"embeddable":true,"href":"https:\/\/laredlarioja.com.ar\/sitio\/wp-json\/wp\/v2\/comments?post=61292"}],"version-history":[{"count":1,"href":"https:\/\/laredlarioja.com.ar\/sitio\/wp-json\/wp\/v2\/posts\/61292\/revisions"}],"predecessor-version":[{"id":61293,"href":"https:\/\/laredlarioja.com.ar\/sitio\/wp-json\/wp\/v2\/posts\/61292\/revisions\/61293"}],"wp:featuredmedia":[{"embeddable":true,"href":"https:\/\/laredlarioja.com.ar\/sitio\/wp-json\/wp\/v2\/media\/43045"}],"wp:attachment":[{"href":"https:\/\/laredlarioja.com.ar\/sitio\/wp-json\/wp\/v2\/media?parent=61292"}],"wp:term":[{"taxonomy":"category","embeddable":true,"href":"https:\/\/laredlarioja.com.ar\/sitio\/wp-json\/wp\/v2\/categories?post=61292"},{"taxonomy":"post_tag","embeddable":true,"href":"https:\/\/laredlarioja.com.ar\/sitio\/wp-json\/wp\/v2\/tags?post=61292"}],"curies":[{"name":"wp","href":"https:\/\/api.w.org\/{rel}","templated":true}]}}