{"id":61295,"date":"2025-05-03T20:14:15","date_gmt":"2025-05-03T20:14:15","guid":{"rendered":"https:\/\/laredlarioja.com.ar\/sitio\/?p=61295"},"modified":"2025-05-05T13:14:09","modified_gmt":"2025-05-05T13:14:09","slug":"piden-perpetua-para-el-femicida-de-claudia-vega-nadie-nos-va-a-devolver-a-mama","status":"publish","type":"post","link":"https:\/\/laredlarioja.com.ar\/sitio\/piden-perpetua-para-el-femicida-de-claudia-vega-nadie-nos-va-a-devolver-a-mama\/","title":{"rendered":"Piden perpetua para el femicida de Claudia Vega: \u201cNadie nos va a devolver a mam\u00e1\u201d"},"content":{"rendered":"<p>Jesica Beatriz Vega,\u00a0 hija de Claudia Vega, en di\u00e1logo con La Red confirm\u00f3 que el pr\u00f3ximo 9 de mayo comenzar\u00e1 el juicio por el femicidio de su madre,\u00a0 ocurrido hace tres a\u00f1os. <strong>\u201cEstamos esperando con ansiedad esa fecha. Despu\u00e9s de tanto tiempo, queremos que empiece y que todo se d\u00e9 como lo venimos esperando. M\u00e1s all\u00e1 de que se haga justicia, a nuestra mam\u00e1 ya no la vamos a volver a ver, y ese dolor no se va nunca\u201d, expres\u00f3 conmovida.<\/strong><\/p>\n<p>En di\u00e1logo con La Red, Jesica destac\u00f3 la labor del abogado Sergio G\u00f3mez, que representa a la familia. \u201cEs muy humano y nos mantiene informados de todo. Le agradecemos eternamente\u201d, se\u00f1al\u00f3.<\/p>\n<p><a href=\"https:\/\/laredlarioja.com.ar\/sitio\/wp-content\/uploads\/2025\/05\/claudia-1.jpg\"><img fetchpriority=\"high\" decoding=\"async\" class=\"wp-image-61298 size-full aligncenter\" src=\"https:\/\/laredlarioja.com.ar\/sitio\/wp-content\/uploads\/2025\/05\/claudia-1.jpg\" alt=\"\" width=\"720\" height=\"717\" srcset=\"https:\/\/laredlarioja.com.ar\/sitio\/wp-content\/uploads\/2025\/05\/claudia-1.jpg 720w, https:\/\/laredlarioja.com.ar\/sitio\/wp-content\/uploads\/2025\/05\/claudia-1-300x300.jpg 300w, https:\/\/laredlarioja.com.ar\/sitio\/wp-content\/uploads\/2025\/05\/claudia-1-150x150.jpg 150w\" sizes=\"(max-width: 720px) 100vw, 720px\" \/><\/a><\/p>\n<p>Sobre el d\u00eda del crimen, Jesica relat\u00f3 que no hab\u00eda estado con su madre. \u201cEse d\u00eda la invitamos a pasar el d\u00eda en casa con mi hijo, pero nos dijo que no pod\u00eda porque ten\u00eda un compromiso. Solo nos mensajeamos; quer\u00eda que viniera a comer, pero respondi\u00f3 que ten\u00eda un asado con alguien muy especial.\u201d<\/p>\n<p>Horas despu\u00e9s, recibi\u00f3 un mensaje de su hermano alert\u00e1ndola de un problema. <strong>\u201cMe pidi\u00f3 que intentara comunicarme con mam\u00e1. La llam\u00e9 varias veces, pero no contestaba. Luego habl\u00e9 con su mejor amiga, Delia, que tampoco sab\u00eda d\u00f3nde estaba.<\/strong> M\u00e1s tarde, mi hermano me llam\u00f3 y me dijo que a mam\u00e1 la hab\u00edan acuchillado. Fui directo al hospital, donde estaba ingresando a cirug\u00eda de urgencia. Las heridas eran muy profundas.\u201d<\/p>\n<p>Jesica confirm\u00f3 que conoc\u00edan al acusado, Zennon Vera. <strong>\u201cLo conoc\u00edamos, pero mam\u00e1 nunca lo present\u00f3 formalmente. Sab\u00edamos que estaban en pareja porque la pasaba a buscar o se iban juntos, pero nunca particip\u00f3 de reuniones familiares.\u201d<\/strong><\/p>\n<p>\u201cMi mam\u00e1 viv\u00eda con mi hermano. Nunca confirm\u00f3 esa relaci\u00f3n, pero sab\u00edamos que exist\u00eda. Ahora, lo \u00fanico que pedimos es prisi\u00f3n perpetua para \u00e9l. Nada va a devolvernos a mam\u00e1, pero queremos la tranquilidad de que no vuelva a hacerle da\u00f1o a nadie m\u00e1s. \u00c9l mat\u00f3 a nuestra madre.\u201d<\/p>\n<p>La familia se mantiene unida y agradecida por el apoyo social. <strong>\u201cMi mam\u00e1 era muy alegre y presente, por eso su ausencia duele tanto. Mi hijo y el nieto que viv\u00eda con ella la extra\u00f1an. Tuvo que ir al psic\u00f3logo. Mam\u00e1 era pura alegr\u00eda, siempre sacaba una sonrisa a donde iba.\u201d<\/strong><\/p>\n<p>Al cerrar, Jesica dej\u00f3 un mensaje claro: <strong>\u201cQueremos hacer eco de esto. La gente se est\u00e1 despertando y queremos que no haya m\u00e1s casos as\u00ed. Somos mujeres y nadie es due\u00f1o de nuestras vidas. Si \u00e9l le quit\u00f3 la vida a mi madre, debe pagar.\u201d<\/strong><\/p>\n","protected":false},"excerpt":{"rendered":"<p>Jesica Beatriz Vega,\u00a0 hija de Claudia Vega, en di\u00e1logo con La Red confirm\u00f3 que el pr\u00f3ximo 9 de<\/p>\n","protected":false},"author":7,"featured_media":61302,"comment_status":"closed","ping_status":"open","sticky":false,"template":"","format":"standard","meta":{"footnotes":""},"categories":[24],"tags":[132],"class_list":["post-61295","post","type-post","status-publish","format-standard","has-post-thumbnail","hentry","category-informacion-general","tag-secundairas"],"yoast_head":"<!-- This site is optimized with the Yoast SEO plugin v27.4 - https:\/\/yoast.com\/product\/yoast-seo-wordpress\/ -->\n<title>Piden perpetua para el femicida de Claudia Vega: \u201cNadie nos va a devolver a mam\u00e1\u201d - LA RED 88.3 LA RIOJA<\/title>\n<meta name=\"robots\" content=\"index, follow, max-snippet:-1, max-image-preview:large, max-video-preview:-1\" \/>\n<link rel=\"canonical\" href=\"https:\/\/laredlarioja.com.ar\/sitio\/piden-perpetua-para-el-femicida-de-claudia-vega-nadie-nos-va-a-devolver-a-mama\/\" \/>\n<meta property=\"og:locale\" content=\"es_ES\" \/>\n<meta property=\"og:type\" content=\"article\" \/>\n<meta property=\"og:title\" content=\"Piden perpetua para el femicida de Claudia Vega: \u201cNadie nos va a devolver a mam\u00e1\u201d - LA RED 88.3 LA RIOJA\" \/>\n<meta property=\"og:description\" content=\"Jesica Beatriz Vega,\u00a0 hija de Claudia Vega, en di\u00e1logo con La Red confirm\u00f3 que el pr\u00f3ximo 9 de\" \/>\n<meta property=\"og:url\" content=\"https:\/\/laredlarioja.com.ar\/sitio\/piden-perpetua-para-el-femicida-de-claudia-vega-nadie-nos-va-a-devolver-a-mama\/\" \/>\n<meta property=\"og:site_name\" content=\"LA RED 88.3 LA RIOJA\" \/>\n<meta property=\"article:publisher\" content=\"https:\/\/www.facebook.com\/lared.larioja\" \/>\n<meta property=\"article:published_time\" content=\"2025-05-03T20:14:15+00:00\" \/>\n<meta property=\"article:modified_time\" content=\"2025-05-05T13:14:09+00:00\" \/>\n<meta property=\"og:image\" content=\"https:\/\/laredlarioja.com.ar\/sitio\/wp-content\/uploads\/2025\/05\/c985ec63-671d-4658-9d99-837d06a62b74.jpg\" \/>\n\t<meta property=\"og:image:width\" content=\"1080\" \/>\n\t<meta property=\"og:image:height\" content=\"1010\" \/>\n\t<meta property=\"og:image:type\" content=\"image\/jpeg\" \/>\n<meta name=\"author\" content=\"Anabella Soria\" \/>\n<meta name=\"twitter:card\" content=\"summary_large_image\" \/>\n<meta name=\"twitter:creator\" content=\"@laredlarioja1\" \/>\n<meta name=\"twitter:site\" content=\"@laredlarioja1\" \/>\n<meta name=\"twitter:label1\" content=\"Escrito por\" \/>\n\t<meta name=\"twitter:data1\" content=\"Anabella Soria\" \/>\n\t<meta name=\"twitter:label2\" content=\"Tiempo de lectura\" \/>\n\t<meta name=\"twitter:data2\" content=\"3 minutos\" \/>\n<script type=\"application\/ld+json\" class=\"yoast-schema-graph\">{\"@context\":\"https:\\\/\\\/schema.org\",\"@graph\":[{\"@type\":\"Article\",\"@id\":\"https:\\\/\\\/laredlarioja.com.ar\\\/sitio\\\/piden-perpetua-para-el-femicida-de-claudia-vega-nadie-nos-va-a-devolver-a-mama\\\/#article\",\"isPartOf\":{\"@id\":\"https:\\\/\\\/laredlarioja.com.ar\\\/sitio\\\/piden-perpetua-para-el-femicida-de-claudia-vega-nadie-nos-va-a-devolver-a-mama\\\/\"},\"author\":{\"name\":\"Anabella Soria\",\"@id\":\"https:\\\/\\\/laredlarioja.com.ar\\\/sitio\\\/#\\\/schema\\\/person\\\/31f88059d20c5cf06e974fd895aec56e\"},\"headline\":\"Piden perpetua para el femicida de Claudia Vega: \u201cNadie nos va a devolver a mam\u00e1\u201d\",\"datePublished\":\"2025-05-03T20:14:15+00:00\",\"dateModified\":\"2025-05-05T13:14:09+00:00\",\"mainEntityOfPage\":{\"@id\":\"https:\\\/\\\/laredlarioja.com.ar\\\/sitio\\\/piden-perpetua-para-el-femicida-de-claudia-vega-nadie-nos-va-a-devolver-a-mama\\\/\"},\"wordCount\":470,\"publisher\":{\"@id\":\"https:\\\/\\\/laredlarioja.com.ar\\\/sitio\\\/#organization\"},\"image\":{\"@id\":\"https:\\\/\\\/laredlarioja.com.ar\\\/sitio\\\/piden-perpetua-para-el-femicida-de-claudia-vega-nadie-nos-va-a-devolver-a-mama\\\/#primaryimage\"},\"thumbnailUrl\":\"https:\\\/\\\/laredlarioja.com.ar\\\/sitio\\\/wp-content\\\/uploads\\\/2025\\\/05\\\/c985ec63-671d-4658-9d99-837d06a62b74.jpg\",\"keywords\":[\"Secundairas\"],\"articleSection\":[\"Informaci\u00f3n General\"],\"inLanguage\":\"es\"},{\"@type\":\"WebPage\",\"@id\":\"https:\\\/\\\/laredlarioja.com.ar\\\/sitio\\\/piden-perpetua-para-el-femicida-de-claudia-vega-nadie-nos-va-a-devolver-a-mama\\\/\",\"url\":\"https:\\\/\\\/laredlarioja.com.ar\\\/sitio\\\/piden-perpetua-para-el-femicida-de-claudia-vega-nadie-nos-va-a-devolver-a-mama\\\/\",\"name\":\"Piden perpetua para el femicida de Claudia Vega: \u201cNadie nos va a devolver a mam\u00e1\u201d - LA RED 88.3 LA RIOJA\",\"isPartOf\":{\"@id\":\"https:\\\/\\\/laredlarioja.com.ar\\\/sitio\\\/#website\"},\"primaryImageOfPage\":{\"@id\":\"https:\\\/\\\/laredlarioja.com.ar\\\/sitio\\\/piden-perpetua-para-el-femicida-de-claudia-vega-nadie-nos-va-a-devolver-a-mama\\\/#primaryimage\"},\"image\":{\"@id\":\"https:\\\/\\\/laredlarioja.com.ar\\\/sitio\\\/piden-perpetua-para-el-femicida-de-claudia-vega-nadie-nos-va-a-devolver-a-mama\\\/#primaryimage\"},\"thumbnailUrl\":\"https:\\\/\\\/laredlarioja.com.ar\\\/sitio\\\/wp-content\\\/uploads\\\/2025\\\/05\\\/c985ec63-671d-4658-9d99-837d06a62b74.jpg\",\"datePublished\":\"2025-05-03T20:14:15+00:00\",\"dateModified\":\"2025-05-05T13:14:09+00:00\",\"breadcrumb\":{\"@id\":\"https:\\\/\\\/laredlarioja.com.ar\\\/sitio\\\/piden-perpetua-para-el-femicida-de-claudia-vega-nadie-nos-va-a-devolver-a-mama\\\/#breadcrumb\"},\"inLanguage\":\"es\",\"potentialAction\":[{\"@type\":\"ReadAction\",\"target\":[\"https:\\\/\\\/laredlarioja.com.ar\\\/sitio\\\/piden-perpetua-para-el-femicida-de-claudia-vega-nadie-nos-va-a-devolver-a-mama\\\/\"]}]},{\"@type\":\"ImageObject\",\"inLanguage\":\"es\",\"@id\":\"https:\\\/\\\/laredlarioja.com.ar\\\/sitio\\\/piden-perpetua-para-el-femicida-de-claudia-vega-nadie-nos-va-a-devolver-a-mama\\\/#primaryimage\",\"url\":\"https:\\\/\\\/laredlarioja.com.ar\\\/sitio\\\/wp-content\\\/uploads\\\/2025\\\/05\\\/c985ec63-671d-4658-9d99-837d06a62b74.jpg\",\"contentUrl\":\"https:\\\/\\\/laredlarioja.com.ar\\\/sitio\\\/wp-content\\\/uploads\\\/2025\\\/05\\\/c985ec63-671d-4658-9d99-837d06a62b74.jpg\",\"width\":1080,\"height\":1010},{\"@type\":\"BreadcrumbList\",\"@id\":\"https:\\\/\\\/laredlarioja.com.ar\\\/sitio\\\/piden-perpetua-para-el-femicida-de-claudia-vega-nadie-nos-va-a-devolver-a-mama\\\/#breadcrumb\",\"itemListElement\":[{\"@type\":\"ListItem\",\"position\":1,\"name\":\"Portada\",\"item\":\"https:\\\/\\\/laredlarioja.com.ar\\\/sitio\\\/\"},{\"@type\":\"ListItem\",\"position\":2,\"name\":\"Piden perpetua para el femicida de Claudia Vega: \u201cNadie nos va a devolver a mam\u00e1\u201d\"}]},{\"@type\":\"WebSite\",\"@id\":\"https:\\\/\\\/laredlarioja.com.ar\\\/sitio\\\/#website\",\"url\":\"https:\\\/\\\/laredlarioja.com.ar\\\/sitio\\\/\",\"name\":\"LA RED 88.3 LA RIOJA\",\"description\":\"Sitio de Noticias\",\"publisher\":{\"@id\":\"https:\\\/\\\/laredlarioja.com.ar\\\/sitio\\\/#organization\"},\"potentialAction\":[{\"@type\":\"SearchAction\",\"target\":{\"@type\":\"EntryPoint\",\"urlTemplate\":\"https:\\\/\\\/laredlarioja.com.ar\\\/sitio\\\/?s={search_term_string}\"},\"query-input\":{\"@type\":\"PropertyValueSpecification\",\"valueRequired\":true,\"valueName\":\"search_term_string\"}}],\"inLanguage\":\"es\"},{\"@type\":\"Organization\",\"@id\":\"https:\\\/\\\/laredlarioja.com.ar\\\/sitio\\\/#organization\",\"name\":\"LA RED 88.3 LA RIOJA\",\"url\":\"https:\\\/\\\/laredlarioja.com.ar\\\/sitio\\\/\",\"logo\":{\"@type\":\"ImageObject\",\"inLanguage\":\"es\",\"@id\":\"https:\\\/\\\/laredlarioja.com.ar\\\/sitio\\\/#\\\/schema\\\/logo\\\/image\\\/\",\"url\":\"https:\\\/\\\/laredlarioja.com.ar\\\/sitio\\\/wp-content\\\/uploads\\\/2025\\\/05\\\/LOGO-LA-RED.png\",\"contentUrl\":\"https:\\\/\\\/laredlarioja.com.ar\\\/sitio\\\/wp-content\\\/uploads\\\/2025\\\/05\\\/LOGO-LA-RED.png\",\"width\":193,\"height\":340,\"caption\":\"LA RED 88.3 LA RIOJA\"},\"image\":{\"@id\":\"https:\\\/\\\/laredlarioja.com.ar\\\/sitio\\\/#\\\/schema\\\/logo\\\/image\\\/\"},\"sameAs\":[\"https:\\\/\\\/www.facebook.com\\\/lared.larioja\",\"https:\\\/\\\/x.com\\\/laredlarioja1\",\"https:\\\/\\\/www.instagram.com\\\/lared_larioja\\\/\"]},{\"@type\":\"Person\",\"@id\":\"https:\\\/\\\/laredlarioja.com.ar\\\/sitio\\\/#\\\/schema\\\/person\\\/31f88059d20c5cf06e974fd895aec56e\",\"name\":\"Anabella Soria\",\"url\":\"https:\\\/\\\/laredlarioja.com.ar\\\/sitio\\\/author\\\/asoria\\\/\"}]}<\/script>\n<!-- \/ Yoast SEO plugin. -->","yoast_head_json":{"title":"Piden perpetua para el femicida de Claudia Vega: \u201cNadie nos va a devolver a mam\u00e1\u201d - LA RED 88.3 LA RIOJA","robots":{"index":"index","follow":"follow","max-snippet":"max-snippet:-1","max-image-preview":"max-image-preview:large","max-video-preview":"max-video-preview:-1"},"canonical":"https:\/\/laredlarioja.com.ar\/sitio\/piden-perpetua-para-el-femicida-de-claudia-vega-nadie-nos-va-a-devolver-a-mama\/","og_locale":"es_ES","og_type":"article","og_title":"Piden perpetua para el femicida de Claudia Vega: \u201cNadie nos va a devolver a mam\u00e1\u201d - LA RED 88.3 LA RIOJA","og_description":"Jesica Beatriz Vega,\u00a0 hija de Claudia Vega, en di\u00e1logo con La Red confirm\u00f3 que el pr\u00f3ximo 9 de","og_url":"https:\/\/laredlarioja.com.ar\/sitio\/piden-perpetua-para-el-femicida-de-claudia-vega-nadie-nos-va-a-devolver-a-mama\/","og_site_name":"LA RED 88.3 LA RIOJA","article_publisher":"https:\/\/www.facebook.com\/lared.larioja","article_published_time":"2025-05-03T20:14:15+00:00","article_modified_time":"2025-05-05T13:14:09+00:00","og_image":[{"width":1080,"height":1010,"url":"https:\/\/laredlarioja.com.ar\/sitio\/wp-content\/uploads\/2025\/05\/c985ec63-671d-4658-9d99-837d06a62b74.jpg","type":"image\/jpeg"}],"author":"Anabella Soria","twitter_card":"summary_large_image","twitter_creator":"@laredlarioja1","twitter_site":"@laredlarioja1","twitter_misc":{"Escrito por":"Anabella Soria","Tiempo de lectura":"3 minutos"},"schema":{"@context":"https:\/\/schema.org","@graph":[{"@type":"Article","@id":"https:\/\/laredlarioja.com.ar\/sitio\/piden-perpetua-para-el-femicida-de-claudia-vega-nadie-nos-va-a-devolver-a-mama\/#article","isPartOf":{"@id":"https:\/\/laredlarioja.com.ar\/sitio\/piden-perpetua-para-el-femicida-de-claudia-vega-nadie-nos-va-a-devolver-a-mama\/"},"author":{"name":"Anabella Soria","@id":"https:\/\/laredlarioja.com.ar\/sitio\/#\/schema\/person\/31f88059d20c5cf06e974fd895aec56e"},"headline":"Piden perpetua para el femicida de Claudia Vega: \u201cNadie nos va a devolver a mam\u00e1\u201d","datePublished":"2025-05-03T20:14:15+00:00","dateModified":"2025-05-05T13:14:09+00:00","mainEntityOfPage":{"@id":"https:\/\/laredlarioja.com.ar\/sitio\/piden-perpetua-para-el-femicida-de-claudia-vega-nadie-nos-va-a-devolver-a-mama\/"},"wordCount":470,"publisher":{"@id":"https:\/\/laredlarioja.com.ar\/sitio\/#organization"},"image":{"@id":"https:\/\/laredlarioja.com.ar\/sitio\/piden-perpetua-para-el-femicida-de-claudia-vega-nadie-nos-va-a-devolver-a-mama\/#primaryimage"},"thumbnailUrl":"https:\/\/laredlarioja.com.ar\/sitio\/wp-content\/uploads\/2025\/05\/c985ec63-671d-4658-9d99-837d06a62b74.jpg","keywords":["Secundairas"],"articleSection":["Informaci\u00f3n General"],"inLanguage":"es"},{"@type":"WebPage","@id":"https:\/\/laredlarioja.com.ar\/sitio\/piden-perpetua-para-el-femicida-de-claudia-vega-nadie-nos-va-a-devolver-a-mama\/","url":"https:\/\/laredlarioja.com.ar\/sitio\/piden-perpetua-para-el-femicida-de-claudia-vega-nadie-nos-va-a-devolver-a-mama\/","name":"Piden perpetua para el femicida de Claudia Vega: \u201cNadie nos va a devolver a mam\u00e1\u201d - LA RED 88.3 LA RIOJA","isPartOf":{"@id":"https:\/\/laredlarioja.com.ar\/sitio\/#website"},"primaryImageOfPage":{"@id":"https:\/\/laredlarioja.com.ar\/sitio\/piden-perpetua-para-el-femicida-de-claudia-vega-nadie-nos-va-a-devolver-a-mama\/#primaryimage"},"image":{"@id":"https:\/\/laredlarioja.com.ar\/sitio\/piden-perpetua-para-el-femicida-de-claudia-vega-nadie-nos-va-a-devolver-a-mama\/#primaryimage"},"thumbnailUrl":"https:\/\/laredlarioja.com.ar\/sitio\/wp-content\/uploads\/2025\/05\/c985ec63-671d-4658-9d99-837d06a62b74.jpg","datePublished":"2025-05-03T20:14:15+00:00","dateModified":"2025-05-05T13:14:09+00:00","breadcrumb":{"@id":"https:\/\/laredlarioja.com.ar\/sitio\/piden-perpetua-para-el-femicida-de-claudia-vega-nadie-nos-va-a-devolver-a-mama\/#breadcrumb"},"inLanguage":"es","potentialAction":[{"@type":"ReadAction","target":["https:\/\/laredlarioja.com.ar\/sitio\/piden-perpetua-para-el-femicida-de-claudia-vega-nadie-nos-va-a-devolver-a-mama\/"]}]},{"@type":"ImageObject","inLanguage":"es","@id":"https:\/\/laredlarioja.com.ar\/sitio\/piden-perpetua-para-el-femicida-de-claudia-vega-nadie-nos-va-a-devolver-a-mama\/#primaryimage","url":"https:\/\/laredlarioja.com.ar\/sitio\/wp-content\/uploads\/2025\/05\/c985ec63-671d-4658-9d99-837d06a62b74.jpg","contentUrl":"https:\/\/laredlarioja.com.ar\/sitio\/wp-content\/uploads\/2025\/05\/c985ec63-671d-4658-9d99-837d06a62b74.jpg","width":1080,"height":1010},{"@type":"BreadcrumbList","@id":"https:\/\/laredlarioja.com.ar\/sitio\/piden-perpetua-para-el-femicida-de-claudia-vega-nadie-nos-va-a-devolver-a-mama\/#breadcrumb","itemListElement":[{"@type":"ListItem","position":1,"name":"Portada","item":"https:\/\/laredlarioja.com.ar\/sitio\/"},{"@type":"ListItem","position":2,"name":"Piden perpetua para el femicida de Claudia Vega: \u201cNadie nos va a devolver a mam\u00e1\u201d"}]},{"@type":"WebSite","@id":"https:\/\/laredlarioja.com.ar\/sitio\/#website","url":"https:\/\/laredlarioja.com.ar\/sitio\/","name":"LA RED 88.3 LA RIOJA","description":"Sitio de Noticias","publisher":{"@id":"https:\/\/laredlarioja.com.ar\/sitio\/#organization"},"potentialAction":[{"@type":"SearchAction","target":{"@type":"EntryPoint","urlTemplate":"https:\/\/laredlarioja.com.ar\/sitio\/?s={search_term_string}"},"query-input":{"@type":"PropertyValueSpecification","valueRequired":true,"valueName":"search_term_string"}}],"inLanguage":"es"},{"@type":"Organization","@id":"https:\/\/laredlarioja.com.ar\/sitio\/#organization","name":"LA RED 88.3 LA RIOJA","url":"https:\/\/laredlarioja.com.ar\/sitio\/","logo":{"@type":"ImageObject","inLanguage":"es","@id":"https:\/\/laredlarioja.com.ar\/sitio\/#\/schema\/logo\/image\/","url":"https:\/\/laredlarioja.com.ar\/sitio\/wp-content\/uploads\/2025\/05\/LOGO-LA-RED.png","contentUrl":"https:\/\/laredlarioja.com.ar\/sitio\/wp-content\/uploads\/2025\/05\/LOGO-LA-RED.png","width":193,"height":340,"caption":"LA RED 88.3 LA RIOJA"},"image":{"@id":"https:\/\/laredlarioja.com.ar\/sitio\/#\/schema\/logo\/image\/"},"sameAs":["https:\/\/www.facebook.com\/lared.larioja","https:\/\/x.com\/laredlarioja1","https:\/\/www.instagram.com\/lared_larioja\/"]},{"@type":"Person","@id":"https:\/\/laredlarioja.com.ar\/sitio\/#\/schema\/person\/31f88059d20c5cf06e974fd895aec56e","name":"Anabella Soria","url":"https:\/\/laredlarioja.com.ar\/sitio\/author\/asoria\/"}]}},"featured_image_urls":{"full":["https:\/\/laredlarioja.com.ar\/sitio\/wp-content\/uploads\/2025\/05\/c985ec63-671d-4658-9d99-837d06a62b74.jpg",1080,1010,false],"thumbnail":["https:\/\/laredlarioja.com.ar\/sitio\/wp-content\/uploads\/2025\/05\/c985ec63-671d-4658-9d99-837d06a62b74-150x150.jpg",150,150,true],"medium":["https:\/\/laredlarioja.com.ar\/sitio\/wp-content\/uploads\/2025\/05\/c985ec63-671d-4658-9d99-837d06a62b74-300x281.jpg",300,281,true],"medium_large":["https:\/\/laredlarioja.com.ar\/sitio\/wp-content\/uploads\/2025\/05\/c985ec63-671d-4658-9d99-837d06a62b74-768x718.jpg",640,598,true],"large":["https:\/\/laredlarioja.com.ar\/sitio\/wp-content\/uploads\/2025\/05\/c985ec63-671d-4658-9d99-837d06a62b74-1024x958.jpg",640,599,true],"1536x1536":["https:\/\/laredlarioja.com.ar\/sitio\/wp-content\/uploads\/2025\/05\/c985ec63-671d-4658-9d99-837d06a62b74.jpg",1080,1010,false],"2048x2048":["https:\/\/laredlarioja.com.ar\/sitio\/wp-content\/uploads\/2025\/05\/c985ec63-671d-4658-9d99-837d06a62b74.jpg",1080,1010,false],"cvmm-medium":["https:\/\/laredlarioja.com.ar\/sitio\/wp-content\/uploads\/2025\/05\/c985ec63-671d-4658-9d99-837d06a62b74-300x300.jpg",300,300,true],"cvmm-medium-plus":["https:\/\/laredlarioja.com.ar\/sitio\/wp-content\/uploads\/2025\/05\/c985ec63-671d-4658-9d99-837d06a62b74-305x207.jpg",305,207,true],"cvmm-portrait":["https:\/\/laredlarioja.com.ar\/sitio\/wp-content\/uploads\/2025\/05\/c985ec63-671d-4658-9d99-837d06a62b74-400x600.jpg",400,600,true],"cvmm-medium-square":["https:\/\/laredlarioja.com.ar\/sitio\/wp-content\/uploads\/2025\/05\/c985ec63-671d-4658-9d99-837d06a62b74-600x600.jpg",600,600,true],"cvmm-large":["https:\/\/laredlarioja.com.ar\/sitio\/wp-content\/uploads\/2025\/05\/c985ec63-671d-4658-9d99-837d06a62b74-1024x1010.jpg",1024,1010,true],"cvmm-small":["https:\/\/laredlarioja.com.ar\/sitio\/wp-content\/uploads\/2025\/05\/c985ec63-671d-4658-9d99-837d06a62b74-130x95.jpg",130,95,true],"morenews-large":["https:\/\/laredlarioja.com.ar\/sitio\/wp-content\/uploads\/2025\/05\/c985ec63-671d-4658-9d99-837d06a62b74-825x575.jpg",825,575,true],"morenews-medium":["https:\/\/laredlarioja.com.ar\/sitio\/wp-content\/uploads\/2025\/05\/c985ec63-671d-4658-9d99-837d06a62b74-590x410.jpg",590,410,true]},"author_info":{"display_name":"Anabella Soria","author_link":"https:\/\/laredlarioja.com.ar\/sitio\/author\/asoria\/"},"category_info":"<a href=\"https:\/\/laredlarioja.com.ar\/sitio\/categorias\/informacion-general\/\" rel=\"category tag\">Informaci\u00f3n General<\/a>","tag_info":"Informaci\u00f3n General","comment_count":"0","blog_post_layout_featured_media_urls":{"thumbnail":["https:\/\/laredlarioja.com.ar\/sitio\/wp-content\/uploads\/2025\/05\/c985ec63-671d-4658-9d99-837d06a62b74-150x150.jpg",150,150,true],"full":["https:\/\/laredlarioja.com.ar\/sitio\/wp-content\/uploads\/2025\/05\/c985ec63-671d-4658-9d99-837d06a62b74.jpg",1080,1010,false]},"categories_names":{"24":{"name":"Informaci\u00f3n General","link":"https:\/\/laredlarioja.com.ar\/sitio\/categorias\/informacion-general\/"}},"tags_names":{"132":{"name":"Secundairas","link":"https:\/\/laredlarioja.com.ar\/sitio\/etiquetas\/secundairas\/"}},"comments_number":"0","wpmagazine_modules_lite_featured_media_urls":{"thumbnail":["https:\/\/laredlarioja.com.ar\/sitio\/wp-content\/uploads\/2025\/05\/c985ec63-671d-4658-9d99-837d06a62b74-150x150.jpg",150,150,true],"cvmm-medium":["https:\/\/laredlarioja.com.ar\/sitio\/wp-content\/uploads\/2025\/05\/c985ec63-671d-4658-9d99-837d06a62b74-300x300.jpg",300,300,true],"cvmm-medium-plus":["https:\/\/laredlarioja.com.ar\/sitio\/wp-content\/uploads\/2025\/05\/c985ec63-671d-4658-9d99-837d06a62b74-305x207.jpg",305,207,true],"cvmm-portrait":["https:\/\/laredlarioja.com.ar\/sitio\/wp-content\/uploads\/2025\/05\/c985ec63-671d-4658-9d99-837d06a62b74-400x600.jpg",400,600,true],"cvmm-medium-square":["https:\/\/laredlarioja.com.ar\/sitio\/wp-content\/uploads\/2025\/05\/c985ec63-671d-4658-9d99-837d06a62b74-600x600.jpg",600,600,true],"cvmm-large":["https:\/\/laredlarioja.com.ar\/sitio\/wp-content\/uploads\/2025\/05\/c985ec63-671d-4658-9d99-837d06a62b74-1024x1010.jpg",1024,1010,true],"cvmm-small":["https:\/\/laredlarioja.com.ar\/sitio\/wp-content\/uploads\/2025\/05\/c985ec63-671d-4658-9d99-837d06a62b74-130x95.jpg",130,95,true],"full":["https:\/\/laredlarioja.com.ar\/sitio\/wp-content\/uploads\/2025\/05\/c985ec63-671d-4658-9d99-837d06a62b74.jpg",1080,1010,false]},"_links":{"self":[{"href":"https:\/\/laredlarioja.com.ar\/sitio\/wp-json\/wp\/v2\/posts\/61295","targetHints":{"allow":["GET"]}}],"collection":[{"href":"https:\/\/laredlarioja.com.ar\/sitio\/wp-json\/wp\/v2\/posts"}],"about":[{"href":"https:\/\/laredlarioja.com.ar\/sitio\/wp-json\/wp\/v2\/types\/post"}],"author":[{"embeddable":true,"href":"https:\/\/laredlarioja.com.ar\/sitio\/wp-json\/wp\/v2\/users\/7"}],"replies":[{"embeddable":true,"href":"https:\/\/laredlarioja.com.ar\/sitio\/wp-json\/wp\/v2\/comments?post=61295"}],"version-history":[{"count":3,"href":"https:\/\/laredlarioja.com.ar\/sitio\/wp-json\/wp\/v2\/posts\/61295\/revisions"}],"predecessor-version":[{"id":61332,"href":"https:\/\/laredlarioja.com.ar\/sitio\/wp-json\/wp\/v2\/posts\/61295\/revisions\/61332"}],"wp:featuredmedia":[{"embeddable":true,"href":"https:\/\/laredlarioja.com.ar\/sitio\/wp-json\/wp\/v2\/media\/61302"}],"wp:attachment":[{"href":"https:\/\/laredlarioja.com.ar\/sitio\/wp-json\/wp\/v2\/media?parent=61295"}],"wp:term":[{"taxonomy":"category","embeddable":true,"href":"https:\/\/laredlarioja.com.ar\/sitio\/wp-json\/wp\/v2\/categories?post=61295"},{"taxonomy":"post_tag","embeddable":true,"href":"https:\/\/laredlarioja.com.ar\/sitio\/wp-json\/wp\/v2\/tags?post=61295"}],"curies":[{"name":"wp","href":"https:\/\/api.w.org\/{rel}","templated":true}]}}