{"id":61342,"date":"2025-05-04T16:47:02","date_gmt":"2025-05-04T16:47:02","guid":{"rendered":"https:\/\/laredlarioja.com.ar\/sitio\/?p=61342"},"modified":"2025-05-05T13:13:28","modified_gmt":"2025-05-05T13:13:28","slug":"famatina-un-hombre-de-56-anos-murio-en-un-vuelco-sobre-ruta-nacional-40","status":"publish","type":"post","link":"https:\/\/laredlarioja.com.ar\/sitio\/famatina-un-hombre-de-56-anos-murio-en-un-vuelco-sobre-ruta-nacional-40\/","title":{"rendered":"Famatina: un hombre de 56 a\u00f1os muri\u00f3 en un vuelco sobre Ruta Nacional 40"},"content":{"rendered":"<p>Un tr\u00e1gico accidente vial ocurri\u00f3 este viernes por la noche en el kil\u00f3metro 3906 de la Ruta Nacional N\u00b0 40, en el Departamento Famatina, donde un hombre de 56 a\u00f1os perdi\u00f3 la vida tras volcar con su veh\u00edculo.<\/p>\n<p>El siniestro fue reportado alrededor de las 21:30 horas, cuando un camionero alert\u00f3 al personal del Control Policial de Capay\u00e1n. De inmediato, se hizo presente en el lugar el Segundo Jefe de la Comisar\u00eda de Famatina, Subcomisario Julio Barrera, constatando el fallecimiento del conductor.<\/p>\n<p>La v\u00edctima fue identificada como Miguel Daniel Guzm\u00e1n, de 56 a\u00f1os, domiciliado en el barrio Los \u00c1lamos de la localidad de Pituil, en el mismo departamento. Guzm\u00e1n viajaba solo al momento del accidente, a bordo de un autom\u00f3vil Citro\u00ebn C3 Picasso blanco, patente MUX-141.<\/p>\n<p>Seg\u00fan el informe preliminar, el conductor se desplazaba en sentido sur-morte por la Ruta Nacional 40 cuando, por causas que a\u00fan se investigan, perdi\u00f3 el control del veh\u00edculo. El auto derrap\u00f3, impact\u00f3 contra un poste de cemento de una alcantarilla y volc\u00f3, quedando finalmente en un sector del campo, debajo de un \u00e1rbol.<\/p>\n","protected":false},"excerpt":{"rendered":"<p>Un tr\u00e1gico accidente vial ocurri\u00f3 este viernes por la noche en el kil\u00f3metro 3906 de la Ruta Nacional<\/p>\n","protected":false},"author":13,"featured_media":61343,"comment_status":"closed","ping_status":"open","sticky":false,"template":"","format":"standard","meta":{"footnotes":""},"categories":[24],"tags":[84],"class_list":["post-61342","post","type-post","status-publish","format-standard","has-post-thumbnail","hentry","category-informacion-general","tag-secundaria"],"yoast_head":"<!-- This site is optimized with the Yoast SEO plugin v27.4 - https:\/\/yoast.com\/product\/yoast-seo-wordpress\/ -->\n<title>Famatina: un hombre de 56 a\u00f1os muri\u00f3 en un vuelco sobre Ruta Nacional 40 - LA RED 88.3 LA RIOJA<\/title>\n<meta name=\"robots\" content=\"index, follow, max-snippet:-1, max-image-preview:large, max-video-preview:-1\" \/>\n<link rel=\"canonical\" href=\"https:\/\/laredlarioja.com.ar\/sitio\/famatina-un-hombre-de-56-anos-murio-en-un-vuelco-sobre-ruta-nacional-40\/\" \/>\n<meta property=\"og:locale\" content=\"es_ES\" \/>\n<meta property=\"og:type\" content=\"article\" \/>\n<meta property=\"og:title\" content=\"Famatina: un hombre de 56 a\u00f1os muri\u00f3 en un vuelco sobre Ruta Nacional 40 - LA RED 88.3 LA RIOJA\" \/>\n<meta property=\"og:description\" content=\"Un tr\u00e1gico accidente vial ocurri\u00f3 este viernes por la noche en el kil\u00f3metro 3906 de la Ruta Nacional\" \/>\n<meta property=\"og:url\" content=\"https:\/\/laredlarioja.com.ar\/sitio\/famatina-un-hombre-de-56-anos-murio-en-un-vuelco-sobre-ruta-nacional-40\/\" \/>\n<meta property=\"og:site_name\" content=\"LA RED 88.3 LA RIOJA\" \/>\n<meta property=\"article:publisher\" content=\"https:\/\/www.facebook.com\/lared.larioja\" \/>\n<meta property=\"article:published_time\" content=\"2025-05-04T16:47:02+00:00\" \/>\n<meta property=\"article:modified_time\" content=\"2025-05-05T13:13:28+00:00\" \/>\n<meta property=\"og:image\" content=\"https:\/\/laredlarioja.com.ar\/sitio\/wp-content\/uploads\/2025\/05\/WhatsApp-Image-2025-05-04-at-1.43.41-PM.jpg\" \/>\n\t<meta property=\"og:image:width\" content=\"723\" \/>\n\t<meta property=\"og:image:height\" content=\"617\" \/>\n\t<meta property=\"og:image:type\" content=\"image\/jpeg\" \/>\n<meta name=\"author\" content=\"Maria De La Vega\" \/>\n<meta name=\"twitter:card\" content=\"summary_large_image\" \/>\n<meta name=\"twitter:creator\" content=\"@laredlarioja1\" \/>\n<meta name=\"twitter:site\" content=\"@laredlarioja1\" \/>\n<meta name=\"twitter:label1\" content=\"Escrito por\" \/>\n\t<meta name=\"twitter:data1\" content=\"Maria De La Vega\" \/>\n\t<meta name=\"twitter:label2\" content=\"Tiempo de lectura\" \/>\n\t<meta name=\"twitter:data2\" content=\"2 minutos\" \/>\n<script type=\"application\/ld+json\" class=\"yoast-schema-graph\">{\"@context\":\"https:\\\/\\\/schema.org\",\"@graph\":[{\"@type\":\"Article\",\"@id\":\"https:\\\/\\\/laredlarioja.com.ar\\\/sitio\\\/famatina-un-hombre-de-56-anos-murio-en-un-vuelco-sobre-ruta-nacional-40\\\/#article\",\"isPartOf\":{\"@id\":\"https:\\\/\\\/laredlarioja.com.ar\\\/sitio\\\/famatina-un-hombre-de-56-anos-murio-en-un-vuelco-sobre-ruta-nacional-40\\\/\"},\"author\":{\"name\":\"Maria De La Vega\",\"@id\":\"https:\\\/\\\/laredlarioja.com.ar\\\/sitio\\\/#\\\/schema\\\/person\\\/8b98ebe852851a8bdc8acd6ec6918de9\"},\"headline\":\"Famatina: un hombre de 56 a\u00f1os muri\u00f3 en un vuelco sobre Ruta Nacional 40\",\"datePublished\":\"2025-05-04T16:47:02+00:00\",\"dateModified\":\"2025-05-05T13:13:28+00:00\",\"mainEntityOfPage\":{\"@id\":\"https:\\\/\\\/laredlarioja.com.ar\\\/sitio\\\/famatina-un-hombre-de-56-anos-murio-en-un-vuelco-sobre-ruta-nacional-40\\\/\"},\"wordCount\":201,\"publisher\":{\"@id\":\"https:\\\/\\\/laredlarioja.com.ar\\\/sitio\\\/#organization\"},\"image\":{\"@id\":\"https:\\\/\\\/laredlarioja.com.ar\\\/sitio\\\/famatina-un-hombre-de-56-anos-murio-en-un-vuelco-sobre-ruta-nacional-40\\\/#primaryimage\"},\"thumbnailUrl\":\"https:\\\/\\\/laredlarioja.com.ar\\\/sitio\\\/wp-content\\\/uploads\\\/2025\\\/05\\\/WhatsApp-Image-2025-05-04-at-1.43.41-PM.jpg\",\"keywords\":[\"Secundaria\"],\"articleSection\":[\"Informaci\u00f3n General\"],\"inLanguage\":\"es\"},{\"@type\":\"WebPage\",\"@id\":\"https:\\\/\\\/laredlarioja.com.ar\\\/sitio\\\/famatina-un-hombre-de-56-anos-murio-en-un-vuelco-sobre-ruta-nacional-40\\\/\",\"url\":\"https:\\\/\\\/laredlarioja.com.ar\\\/sitio\\\/famatina-un-hombre-de-56-anos-murio-en-un-vuelco-sobre-ruta-nacional-40\\\/\",\"name\":\"Famatina: un hombre de 56 a\u00f1os muri\u00f3 en un vuelco sobre Ruta Nacional 40 - LA RED 88.3 LA RIOJA\",\"isPartOf\":{\"@id\":\"https:\\\/\\\/laredlarioja.com.ar\\\/sitio\\\/#website\"},\"primaryImageOfPage\":{\"@id\":\"https:\\\/\\\/laredlarioja.com.ar\\\/sitio\\\/famatina-un-hombre-de-56-anos-murio-en-un-vuelco-sobre-ruta-nacional-40\\\/#primaryimage\"},\"image\":{\"@id\":\"https:\\\/\\\/laredlarioja.com.ar\\\/sitio\\\/famatina-un-hombre-de-56-anos-murio-en-un-vuelco-sobre-ruta-nacional-40\\\/#primaryimage\"},\"thumbnailUrl\":\"https:\\\/\\\/laredlarioja.com.ar\\\/sitio\\\/wp-content\\\/uploads\\\/2025\\\/05\\\/WhatsApp-Image-2025-05-04-at-1.43.41-PM.jpg\",\"datePublished\":\"2025-05-04T16:47:02+00:00\",\"dateModified\":\"2025-05-05T13:13:28+00:00\",\"breadcrumb\":{\"@id\":\"https:\\\/\\\/laredlarioja.com.ar\\\/sitio\\\/famatina-un-hombre-de-56-anos-murio-en-un-vuelco-sobre-ruta-nacional-40\\\/#breadcrumb\"},\"inLanguage\":\"es\",\"potentialAction\":[{\"@type\":\"ReadAction\",\"target\":[\"https:\\\/\\\/laredlarioja.com.ar\\\/sitio\\\/famatina-un-hombre-de-56-anos-murio-en-un-vuelco-sobre-ruta-nacional-40\\\/\"]}]},{\"@type\":\"ImageObject\",\"inLanguage\":\"es\",\"@id\":\"https:\\\/\\\/laredlarioja.com.ar\\\/sitio\\\/famatina-un-hombre-de-56-anos-murio-en-un-vuelco-sobre-ruta-nacional-40\\\/#primaryimage\",\"url\":\"https:\\\/\\\/laredlarioja.com.ar\\\/sitio\\\/wp-content\\\/uploads\\\/2025\\\/05\\\/WhatsApp-Image-2025-05-04-at-1.43.41-PM.jpg\",\"contentUrl\":\"https:\\\/\\\/laredlarioja.com.ar\\\/sitio\\\/wp-content\\\/uploads\\\/2025\\\/05\\\/WhatsApp-Image-2025-05-04-at-1.43.41-PM.jpg\",\"width\":723,\"height\":617},{\"@type\":\"BreadcrumbList\",\"@id\":\"https:\\\/\\\/laredlarioja.com.ar\\\/sitio\\\/famatina-un-hombre-de-56-anos-murio-en-un-vuelco-sobre-ruta-nacional-40\\\/#breadcrumb\",\"itemListElement\":[{\"@type\":\"ListItem\",\"position\":1,\"name\":\"Portada\",\"item\":\"https:\\\/\\\/laredlarioja.com.ar\\\/sitio\\\/\"},{\"@type\":\"ListItem\",\"position\":2,\"name\":\"Famatina: un hombre de 56 a\u00f1os muri\u00f3 en un vuelco sobre Ruta Nacional 40\"}]},{\"@type\":\"WebSite\",\"@id\":\"https:\\\/\\\/laredlarioja.com.ar\\\/sitio\\\/#website\",\"url\":\"https:\\\/\\\/laredlarioja.com.ar\\\/sitio\\\/\",\"name\":\"LA RED 88.3 LA RIOJA\",\"description\":\"Sitio de Noticias\",\"publisher\":{\"@id\":\"https:\\\/\\\/laredlarioja.com.ar\\\/sitio\\\/#organization\"},\"potentialAction\":[{\"@type\":\"SearchAction\",\"target\":{\"@type\":\"EntryPoint\",\"urlTemplate\":\"https:\\\/\\\/laredlarioja.com.ar\\\/sitio\\\/?s={search_term_string}\"},\"query-input\":{\"@type\":\"PropertyValueSpecification\",\"valueRequired\":true,\"valueName\":\"search_term_string\"}}],\"inLanguage\":\"es\"},{\"@type\":\"Organization\",\"@id\":\"https:\\\/\\\/laredlarioja.com.ar\\\/sitio\\\/#organization\",\"name\":\"LA RED 88.3 LA RIOJA\",\"url\":\"https:\\\/\\\/laredlarioja.com.ar\\\/sitio\\\/\",\"logo\":{\"@type\":\"ImageObject\",\"inLanguage\":\"es\",\"@id\":\"https:\\\/\\\/laredlarioja.com.ar\\\/sitio\\\/#\\\/schema\\\/logo\\\/image\\\/\",\"url\":\"https:\\\/\\\/laredlarioja.com.ar\\\/sitio\\\/wp-content\\\/uploads\\\/2025\\\/05\\\/LOGO-LA-RED.png\",\"contentUrl\":\"https:\\\/\\\/laredlarioja.com.ar\\\/sitio\\\/wp-content\\\/uploads\\\/2025\\\/05\\\/LOGO-LA-RED.png\",\"width\":193,\"height\":340,\"caption\":\"LA RED 88.3 LA RIOJA\"},\"image\":{\"@id\":\"https:\\\/\\\/laredlarioja.com.ar\\\/sitio\\\/#\\\/schema\\\/logo\\\/image\\\/\"},\"sameAs\":[\"https:\\\/\\\/www.facebook.com\\\/lared.larioja\",\"https:\\\/\\\/x.com\\\/laredlarioja1\",\"https:\\\/\\\/www.instagram.com\\\/lared_larioja\\\/\"]},{\"@type\":\"Person\",\"@id\":\"https:\\\/\\\/laredlarioja.com.ar\\\/sitio\\\/#\\\/schema\\\/person\\\/8b98ebe852851a8bdc8acd6ec6918de9\",\"name\":\"Maria De La Vega\",\"sameAs\":[\"http:\\\/\\\/laredlarioja.com.ar\"],\"url\":\"https:\\\/\\\/laredlarioja.com.ar\\\/sitio\\\/author\\\/maru\\\/\"}]}<\/script>\n<!-- \/ Yoast SEO plugin. -->","yoast_head_json":{"title":"Famatina: un hombre de 56 a\u00f1os muri\u00f3 en un vuelco sobre Ruta Nacional 40 - LA RED 88.3 LA RIOJA","robots":{"index":"index","follow":"follow","max-snippet":"max-snippet:-1","max-image-preview":"max-image-preview:large","max-video-preview":"max-video-preview:-1"},"canonical":"https:\/\/laredlarioja.com.ar\/sitio\/famatina-un-hombre-de-56-anos-murio-en-un-vuelco-sobre-ruta-nacional-40\/","og_locale":"es_ES","og_type":"article","og_title":"Famatina: un hombre de 56 a\u00f1os muri\u00f3 en un vuelco sobre Ruta Nacional 40 - LA RED 88.3 LA RIOJA","og_description":"Un tr\u00e1gico accidente vial ocurri\u00f3 este viernes por la noche en el kil\u00f3metro 3906 de la Ruta Nacional","og_url":"https:\/\/laredlarioja.com.ar\/sitio\/famatina-un-hombre-de-56-anos-murio-en-un-vuelco-sobre-ruta-nacional-40\/","og_site_name":"LA RED 88.3 LA RIOJA","article_publisher":"https:\/\/www.facebook.com\/lared.larioja","article_published_time":"2025-05-04T16:47:02+00:00","article_modified_time":"2025-05-05T13:13:28+00:00","og_image":[{"width":723,"height":617,"url":"https:\/\/laredlarioja.com.ar\/sitio\/wp-content\/uploads\/2025\/05\/WhatsApp-Image-2025-05-04-at-1.43.41-PM.jpg","type":"image\/jpeg"}],"author":"Maria De La Vega","twitter_card":"summary_large_image","twitter_creator":"@laredlarioja1","twitter_site":"@laredlarioja1","twitter_misc":{"Escrito por":"Maria De La Vega","Tiempo de lectura":"2 minutos"},"schema":{"@context":"https:\/\/schema.org","@graph":[{"@type":"Article","@id":"https:\/\/laredlarioja.com.ar\/sitio\/famatina-un-hombre-de-56-anos-murio-en-un-vuelco-sobre-ruta-nacional-40\/#article","isPartOf":{"@id":"https:\/\/laredlarioja.com.ar\/sitio\/famatina-un-hombre-de-56-anos-murio-en-un-vuelco-sobre-ruta-nacional-40\/"},"author":{"name":"Maria De La Vega","@id":"https:\/\/laredlarioja.com.ar\/sitio\/#\/schema\/person\/8b98ebe852851a8bdc8acd6ec6918de9"},"headline":"Famatina: un hombre de 56 a\u00f1os muri\u00f3 en un vuelco sobre Ruta Nacional 40","datePublished":"2025-05-04T16:47:02+00:00","dateModified":"2025-05-05T13:13:28+00:00","mainEntityOfPage":{"@id":"https:\/\/laredlarioja.com.ar\/sitio\/famatina-un-hombre-de-56-anos-murio-en-un-vuelco-sobre-ruta-nacional-40\/"},"wordCount":201,"publisher":{"@id":"https:\/\/laredlarioja.com.ar\/sitio\/#organization"},"image":{"@id":"https:\/\/laredlarioja.com.ar\/sitio\/famatina-un-hombre-de-56-anos-murio-en-un-vuelco-sobre-ruta-nacional-40\/#primaryimage"},"thumbnailUrl":"https:\/\/laredlarioja.com.ar\/sitio\/wp-content\/uploads\/2025\/05\/WhatsApp-Image-2025-05-04-at-1.43.41-PM.jpg","keywords":["Secundaria"],"articleSection":["Informaci\u00f3n General"],"inLanguage":"es"},{"@type":"WebPage","@id":"https:\/\/laredlarioja.com.ar\/sitio\/famatina-un-hombre-de-56-anos-murio-en-un-vuelco-sobre-ruta-nacional-40\/","url":"https:\/\/laredlarioja.com.ar\/sitio\/famatina-un-hombre-de-56-anos-murio-en-un-vuelco-sobre-ruta-nacional-40\/","name":"Famatina: un hombre de 56 a\u00f1os muri\u00f3 en un vuelco sobre Ruta Nacional 40 - LA RED 88.3 LA RIOJA","isPartOf":{"@id":"https:\/\/laredlarioja.com.ar\/sitio\/#website"},"primaryImageOfPage":{"@id":"https:\/\/laredlarioja.com.ar\/sitio\/famatina-un-hombre-de-56-anos-murio-en-un-vuelco-sobre-ruta-nacional-40\/#primaryimage"},"image":{"@id":"https:\/\/laredlarioja.com.ar\/sitio\/famatina-un-hombre-de-56-anos-murio-en-un-vuelco-sobre-ruta-nacional-40\/#primaryimage"},"thumbnailUrl":"https:\/\/laredlarioja.com.ar\/sitio\/wp-content\/uploads\/2025\/05\/WhatsApp-Image-2025-05-04-at-1.43.41-PM.jpg","datePublished":"2025-05-04T16:47:02+00:00","dateModified":"2025-05-05T13:13:28+00:00","breadcrumb":{"@id":"https:\/\/laredlarioja.com.ar\/sitio\/famatina-un-hombre-de-56-anos-murio-en-un-vuelco-sobre-ruta-nacional-40\/#breadcrumb"},"inLanguage":"es","potentialAction":[{"@type":"ReadAction","target":["https:\/\/laredlarioja.com.ar\/sitio\/famatina-un-hombre-de-56-anos-murio-en-un-vuelco-sobre-ruta-nacional-40\/"]}]},{"@type":"ImageObject","inLanguage":"es","@id":"https:\/\/laredlarioja.com.ar\/sitio\/famatina-un-hombre-de-56-anos-murio-en-un-vuelco-sobre-ruta-nacional-40\/#primaryimage","url":"https:\/\/laredlarioja.com.ar\/sitio\/wp-content\/uploads\/2025\/05\/WhatsApp-Image-2025-05-04-at-1.43.41-PM.jpg","contentUrl":"https:\/\/laredlarioja.com.ar\/sitio\/wp-content\/uploads\/2025\/05\/WhatsApp-Image-2025-05-04-at-1.43.41-PM.jpg","width":723,"height":617},{"@type":"BreadcrumbList","@id":"https:\/\/laredlarioja.com.ar\/sitio\/famatina-un-hombre-de-56-anos-murio-en-un-vuelco-sobre-ruta-nacional-40\/#breadcrumb","itemListElement":[{"@type":"ListItem","position":1,"name":"Portada","item":"https:\/\/laredlarioja.com.ar\/sitio\/"},{"@type":"ListItem","position":2,"name":"Famatina: un hombre de 56 a\u00f1os muri\u00f3 en un vuelco sobre Ruta Nacional 40"}]},{"@type":"WebSite","@id":"https:\/\/laredlarioja.com.ar\/sitio\/#website","url":"https:\/\/laredlarioja.com.ar\/sitio\/","name":"LA RED 88.3 LA RIOJA","description":"Sitio de Noticias","publisher":{"@id":"https:\/\/laredlarioja.com.ar\/sitio\/#organization"},"potentialAction":[{"@type":"SearchAction","target":{"@type":"EntryPoint","urlTemplate":"https:\/\/laredlarioja.com.ar\/sitio\/?s={search_term_string}"},"query-input":{"@type":"PropertyValueSpecification","valueRequired":true,"valueName":"search_term_string"}}],"inLanguage":"es"},{"@type":"Organization","@id":"https:\/\/laredlarioja.com.ar\/sitio\/#organization","name":"LA RED 88.3 LA RIOJA","url":"https:\/\/laredlarioja.com.ar\/sitio\/","logo":{"@type":"ImageObject","inLanguage":"es","@id":"https:\/\/laredlarioja.com.ar\/sitio\/#\/schema\/logo\/image\/","url":"https:\/\/laredlarioja.com.ar\/sitio\/wp-content\/uploads\/2025\/05\/LOGO-LA-RED.png","contentUrl":"https:\/\/laredlarioja.com.ar\/sitio\/wp-content\/uploads\/2025\/05\/LOGO-LA-RED.png","width":193,"height":340,"caption":"LA RED 88.3 LA RIOJA"},"image":{"@id":"https:\/\/laredlarioja.com.ar\/sitio\/#\/schema\/logo\/image\/"},"sameAs":["https:\/\/www.facebook.com\/lared.larioja","https:\/\/x.com\/laredlarioja1","https:\/\/www.instagram.com\/lared_larioja\/"]},{"@type":"Person","@id":"https:\/\/laredlarioja.com.ar\/sitio\/#\/schema\/person\/8b98ebe852851a8bdc8acd6ec6918de9","name":"Maria De La Vega","sameAs":["http:\/\/laredlarioja.com.ar"],"url":"https:\/\/laredlarioja.com.ar\/sitio\/author\/maru\/"}]}},"featured_image_urls":{"full":["https:\/\/laredlarioja.com.ar\/sitio\/wp-content\/uploads\/2025\/05\/WhatsApp-Image-2025-05-04-at-1.43.41-PM.jpg",723,617,false],"thumbnail":["https:\/\/laredlarioja.com.ar\/sitio\/wp-content\/uploads\/2025\/05\/WhatsApp-Image-2025-05-04-at-1.43.41-PM-150x150.jpg",150,150,true],"medium":["https:\/\/laredlarioja.com.ar\/sitio\/wp-content\/uploads\/2025\/05\/WhatsApp-Image-2025-05-04-at-1.43.41-PM-300x256.jpg",300,256,true],"medium_large":["https:\/\/laredlarioja.com.ar\/sitio\/wp-content\/uploads\/2025\/05\/WhatsApp-Image-2025-05-04-at-1.43.41-PM.jpg",640,546,false],"large":["https:\/\/laredlarioja.com.ar\/sitio\/wp-content\/uploads\/2025\/05\/WhatsApp-Image-2025-05-04-at-1.43.41-PM.jpg",640,546,false],"1536x1536":["https:\/\/laredlarioja.com.ar\/sitio\/wp-content\/uploads\/2025\/05\/WhatsApp-Image-2025-05-04-at-1.43.41-PM.jpg",723,617,false],"2048x2048":["https:\/\/laredlarioja.com.ar\/sitio\/wp-content\/uploads\/2025\/05\/WhatsApp-Image-2025-05-04-at-1.43.41-PM.jpg",723,617,false],"cvmm-medium":["https:\/\/laredlarioja.com.ar\/sitio\/wp-content\/uploads\/2025\/05\/WhatsApp-Image-2025-05-04-at-1.43.41-PM-300x300.jpg",300,300,true],"cvmm-medium-plus":["https:\/\/laredlarioja.com.ar\/sitio\/wp-content\/uploads\/2025\/05\/WhatsApp-Image-2025-05-04-at-1.43.41-PM-305x207.jpg",305,207,true],"cvmm-portrait":["https:\/\/laredlarioja.com.ar\/sitio\/wp-content\/uploads\/2025\/05\/WhatsApp-Image-2025-05-04-at-1.43.41-PM-400x600.jpg",400,600,true],"cvmm-medium-square":["https:\/\/laredlarioja.com.ar\/sitio\/wp-content\/uploads\/2025\/05\/WhatsApp-Image-2025-05-04-at-1.43.41-PM-600x600.jpg",600,600,true],"cvmm-large":["https:\/\/laredlarioja.com.ar\/sitio\/wp-content\/uploads\/2025\/05\/WhatsApp-Image-2025-05-04-at-1.43.41-PM.jpg",723,617,false],"cvmm-small":["https:\/\/laredlarioja.com.ar\/sitio\/wp-content\/uploads\/2025\/05\/WhatsApp-Image-2025-05-04-at-1.43.41-PM-130x95.jpg",130,95,true],"morenews-large":["https:\/\/laredlarioja.com.ar\/sitio\/wp-content\/uploads\/2025\/05\/WhatsApp-Image-2025-05-04-at-1.43.41-PM-723x575.jpg",723,575,true],"morenews-medium":["https:\/\/laredlarioja.com.ar\/sitio\/wp-content\/uploads\/2025\/05\/WhatsApp-Image-2025-05-04-at-1.43.41-PM-590x410.jpg",590,410,true]},"author_info":{"display_name":"Maria De La Vega","author_link":"https:\/\/laredlarioja.com.ar\/sitio\/author\/maru\/"},"category_info":"<a href=\"https:\/\/laredlarioja.com.ar\/sitio\/categorias\/informacion-general\/\" rel=\"category tag\">Informaci\u00f3n General<\/a>","tag_info":"Informaci\u00f3n General","comment_count":"0","blog_post_layout_featured_media_urls":{"thumbnail":["https:\/\/laredlarioja.com.ar\/sitio\/wp-content\/uploads\/2025\/05\/WhatsApp-Image-2025-05-04-at-1.43.41-PM-150x150.jpg",150,150,true],"full":["https:\/\/laredlarioja.com.ar\/sitio\/wp-content\/uploads\/2025\/05\/WhatsApp-Image-2025-05-04-at-1.43.41-PM.jpg",723,617,false]},"categories_names":{"24":{"name":"Informaci\u00f3n General","link":"https:\/\/laredlarioja.com.ar\/sitio\/categorias\/informacion-general\/"}},"tags_names":{"84":{"name":"Secundaria","link":"https:\/\/laredlarioja.com.ar\/sitio\/etiquetas\/secundaria\/"}},"comments_number":"0","wpmagazine_modules_lite_featured_media_urls":{"thumbnail":["https:\/\/laredlarioja.com.ar\/sitio\/wp-content\/uploads\/2025\/05\/WhatsApp-Image-2025-05-04-at-1.43.41-PM-150x150.jpg",150,150,true],"cvmm-medium":["https:\/\/laredlarioja.com.ar\/sitio\/wp-content\/uploads\/2025\/05\/WhatsApp-Image-2025-05-04-at-1.43.41-PM-300x300.jpg",300,300,true],"cvmm-medium-plus":["https:\/\/laredlarioja.com.ar\/sitio\/wp-content\/uploads\/2025\/05\/WhatsApp-Image-2025-05-04-at-1.43.41-PM-305x207.jpg",305,207,true],"cvmm-portrait":["https:\/\/laredlarioja.com.ar\/sitio\/wp-content\/uploads\/2025\/05\/WhatsApp-Image-2025-05-04-at-1.43.41-PM-400x600.jpg",400,600,true],"cvmm-medium-square":["https:\/\/laredlarioja.com.ar\/sitio\/wp-content\/uploads\/2025\/05\/WhatsApp-Image-2025-05-04-at-1.43.41-PM-600x600.jpg",600,600,true],"cvmm-large":["https:\/\/laredlarioja.com.ar\/sitio\/wp-content\/uploads\/2025\/05\/WhatsApp-Image-2025-05-04-at-1.43.41-PM.jpg",723,617,false],"cvmm-small":["https:\/\/laredlarioja.com.ar\/sitio\/wp-content\/uploads\/2025\/05\/WhatsApp-Image-2025-05-04-at-1.43.41-PM-130x95.jpg",130,95,true],"full":["https:\/\/laredlarioja.com.ar\/sitio\/wp-content\/uploads\/2025\/05\/WhatsApp-Image-2025-05-04-at-1.43.41-PM.jpg",723,617,false]},"_links":{"self":[{"href":"https:\/\/laredlarioja.com.ar\/sitio\/wp-json\/wp\/v2\/posts\/61342","targetHints":{"allow":["GET"]}}],"collection":[{"href":"https:\/\/laredlarioja.com.ar\/sitio\/wp-json\/wp\/v2\/posts"}],"about":[{"href":"https:\/\/laredlarioja.com.ar\/sitio\/wp-json\/wp\/v2\/types\/post"}],"author":[{"embeddable":true,"href":"https:\/\/laredlarioja.com.ar\/sitio\/wp-json\/wp\/v2\/users\/13"}],"replies":[{"embeddable":true,"href":"https:\/\/laredlarioja.com.ar\/sitio\/wp-json\/wp\/v2\/comments?post=61342"}],"version-history":[{"count":1,"href":"https:\/\/laredlarioja.com.ar\/sitio\/wp-json\/wp\/v2\/posts\/61342\/revisions"}],"predecessor-version":[{"id":61344,"href":"https:\/\/laredlarioja.com.ar\/sitio\/wp-json\/wp\/v2\/posts\/61342\/revisions\/61344"}],"wp:featuredmedia":[{"embeddable":true,"href":"https:\/\/laredlarioja.com.ar\/sitio\/wp-json\/wp\/v2\/media\/61343"}],"wp:attachment":[{"href":"https:\/\/laredlarioja.com.ar\/sitio\/wp-json\/wp\/v2\/media?parent=61342"}],"wp:term":[{"taxonomy":"category","embeddable":true,"href":"https:\/\/laredlarioja.com.ar\/sitio\/wp-json\/wp\/v2\/categories?post=61342"},{"taxonomy":"post_tag","embeddable":true,"href":"https:\/\/laredlarioja.com.ar\/sitio\/wp-json\/wp\/v2\/tags?post=61342"}],"curies":[{"name":"wp","href":"https:\/\/api.w.org\/{rel}","templated":true}]}}