{"id":61436,"date":"2025-05-06T03:15:53","date_gmt":"2025-05-06T03:15:53","guid":{"rendered":"https:\/\/laredlarioja.com.ar\/sitio\/?p=61436"},"modified":"2025-05-06T03:15:53","modified_gmt":"2025-05-06T03:15:53","slug":"franco-colapinto-debutaria-en-la-formula-1-con-alpine-en-el-gran-premio-de-imola","status":"publish","type":"post","link":"https:\/\/laredlarioja.com.ar\/sitio\/franco-colapinto-debutaria-en-la-formula-1-con-alpine-en-el-gran-premio-de-imola\/","title":{"rendered":"Franco Colapinto debutar\u00eda en la F\u00f3rmula 1 con Alpine en el Gran Premio de Imola"},"content":{"rendered":"<p class=\"\" data-start=\"180\" data-end=\"550\">El piloto argentino Franco Colapinto podr\u00eda tener su tan esperado debut en la F\u00f3rmula 1 en el pr\u00f3ximo Gran Premio de Imola, seg\u00fan revel\u00f3 el diario franc\u00e9s <em data-start=\"335\" data-end=\"345\">L\u2019\u00c9quipe<\/em>. La prestigiosa publicaci\u00f3n confirm\u00f3 que el oriundo de Pilar ocupar\u00eda el asiento de Alpine en reemplazo del australiano Jack Doohan, quien no logr\u00f3 sumar puntos en las primeras seis fechas del campeonato.<\/p>\n<p class=\"\" data-start=\"552\" data-end=\"1009\">La decisi\u00f3n, que ya hab\u00eda sido anticipada por el sitio <em data-start=\"607\" data-end=\"617\">The Race<\/em>, fue finalmente respaldada por <em data-start=\"649\" data-end=\"659\">L\u2019\u00c9quipe<\/em>, medio con estrecho acceso a fuentes internas de la escuder\u00eda. Desde su incorporaci\u00f3n como piloto reserva a comienzos de temporada, la posibilidad de que Colapinto disputara una carrera oficial estaba sobre la mesa, y cobr\u00f3 fuerza tras el flojo desempe\u00f1o de Doohan en el GP de Miami, donde abandon\u00f3 en la primera vuelta por un toque con Liam Lawson.<\/p>\n<p class=\"\" data-start=\"1011\" data-end=\"1423\">Fuentes cercanas a Alpine afirman que la figura de Doohan nunca convenci\u00f3 del todo a los dirigentes del equipo, quienes lo consideraban una soluci\u00f3n transitoria tras la sorpresiva salida de Esteban Ocon. En contraste, Colapinto ha generado expectativas no solo por sus buenos resultados previos \u2014incluido un paso s\u00f3lido por Williams en 2024\u2014 sino tambi\u00e9n por el impacto comercial que puede generar en Sudam\u00e9rica.<\/p>\n<p class=\"\" data-start=\"1425\" data-end=\"1701\">De hecho, uno de los patrocinadores argentinos habr\u00eda triplicado su inversi\u00f3n ante la inminente oficializaci\u00f3n del piloto como titular. Esta apuesta econ\u00f3mica, sumada al rendimiento del joven argentino, habr\u00eda sido clave en la decisi\u00f3n del equipo liderado por Flavio Briatore.<\/p>\n<p class=\"\" data-start=\"1703\" data-end=\"1917\">Con 18 carreras a\u00fan por disputarse y apenas siete puntos acumulados \u2014todos por parte del franc\u00e9s Pierre Gasly\u2014, Alpine busca un golpe de efecto que revitalice su presente deportivo. Colapinto podr\u00eda ser esa chispa.<\/p>\n","protected":false},"excerpt":{"rendered":"<p>El piloto argentino Franco Colapinto podr\u00eda tener su tan esperado debut en la F\u00f3rmula 1 en el pr\u00f3ximo<\/p>\n","protected":false},"author":8,"featured_media":54214,"comment_status":"closed","ping_status":"open","sticky":false,"template":"","format":"standard","meta":{"footnotes":""},"categories":[26],"tags":[],"class_list":["post-61436","post","type-post","status-publish","format-standard","has-post-thumbnail","hentry","category-deportes"],"yoast_head":"<!-- This site is optimized with the Yoast SEO plugin v27.4 - https:\/\/yoast.com\/product\/yoast-seo-wordpress\/ -->\n<title>Franco Colapinto debutar\u00eda en la F\u00f3rmula 1 con Alpine en el Gran Premio de Imola - LA RED 88.3 LA RIOJA<\/title>\n<meta name=\"robots\" content=\"index, follow, max-snippet:-1, max-image-preview:large, max-video-preview:-1\" \/>\n<link rel=\"canonical\" href=\"https:\/\/laredlarioja.com.ar\/sitio\/franco-colapinto-debutaria-en-la-formula-1-con-alpine-en-el-gran-premio-de-imola\/\" \/>\n<meta property=\"og:locale\" content=\"es_ES\" \/>\n<meta property=\"og:type\" content=\"article\" \/>\n<meta property=\"og:title\" content=\"Franco Colapinto debutar\u00eda en la F\u00f3rmula 1 con Alpine en el Gran Premio de Imola - LA RED 88.3 LA RIOJA\" \/>\n<meta property=\"og:description\" content=\"El piloto argentino Franco Colapinto podr\u00eda tener su tan esperado debut en la F\u00f3rmula 1 en el pr\u00f3ximo\" \/>\n<meta property=\"og:url\" content=\"https:\/\/laredlarioja.com.ar\/sitio\/franco-colapinto-debutaria-en-la-formula-1-con-alpine-en-el-gran-premio-de-imola\/\" \/>\n<meta property=\"og:site_name\" content=\"LA RED 88.3 LA RIOJA\" \/>\n<meta property=\"article:publisher\" content=\"https:\/\/www.facebook.com\/lared.larioja\" \/>\n<meta property=\"article:published_time\" content=\"2025-05-06T03:15:53+00:00\" \/>\n<meta property=\"og:image\" content=\"https:\/\/laredlarioja.com.ar\/sitio\/wp-content\/uploads\/2024\/11\/colapinto-1.webp\" \/>\n\t<meta property=\"og:image:width\" content=\"702\" \/>\n\t<meta property=\"og:image:height\" content=\"720\" \/>\n\t<meta property=\"og:image:type\" content=\"image\/webp\" \/>\n<meta name=\"author\" content=\"Mart\u00edn Ruarte\" \/>\n<meta name=\"twitter:card\" content=\"summary_large_image\" \/>\n<meta name=\"twitter:creator\" content=\"@laredlarioja1\" \/>\n<meta name=\"twitter:site\" content=\"@laredlarioja1\" \/>\n<meta name=\"twitter:label1\" content=\"Escrito por\" \/>\n\t<meta name=\"twitter:data1\" content=\"Mart\u00edn Ruarte\" \/>\n\t<meta name=\"twitter:label2\" content=\"Tiempo de lectura\" \/>\n\t<meta name=\"twitter:data2\" content=\"2 minutos\" \/>\n<script type=\"application\/ld+json\" class=\"yoast-schema-graph\">{\"@context\":\"https:\\\/\\\/schema.org\",\"@graph\":[{\"@type\":\"Article\",\"@id\":\"https:\\\/\\\/laredlarioja.com.ar\\\/sitio\\\/franco-colapinto-debutaria-en-la-formula-1-con-alpine-en-el-gran-premio-de-imola\\\/#article\",\"isPartOf\":{\"@id\":\"https:\\\/\\\/laredlarioja.com.ar\\\/sitio\\\/franco-colapinto-debutaria-en-la-formula-1-con-alpine-en-el-gran-premio-de-imola\\\/\"},\"author\":{\"name\":\"Mart\u00edn Ruarte\",\"@id\":\"https:\\\/\\\/laredlarioja.com.ar\\\/sitio\\\/#\\\/schema\\\/person\\\/3b1600cc7f8fd3617dc50f96d3503489\"},\"headline\":\"Franco Colapinto debutar\u00eda en la F\u00f3rmula 1 con Alpine en el Gran Premio de Imola\",\"datePublished\":\"2025-05-06T03:15:53+00:00\",\"mainEntityOfPage\":{\"@id\":\"https:\\\/\\\/laredlarioja.com.ar\\\/sitio\\\/franco-colapinto-debutaria-en-la-formula-1-con-alpine-en-el-gran-premio-de-imola\\\/\"},\"wordCount\":314,\"publisher\":{\"@id\":\"https:\\\/\\\/laredlarioja.com.ar\\\/sitio\\\/#organization\"},\"image\":{\"@id\":\"https:\\\/\\\/laredlarioja.com.ar\\\/sitio\\\/franco-colapinto-debutaria-en-la-formula-1-con-alpine-en-el-gran-premio-de-imola\\\/#primaryimage\"},\"thumbnailUrl\":\"https:\\\/\\\/laredlarioja.com.ar\\\/sitio\\\/wp-content\\\/uploads\\\/2024\\\/11\\\/colapinto-1.webp\",\"articleSection\":[\"Deportes\"],\"inLanguage\":\"es\"},{\"@type\":\"WebPage\",\"@id\":\"https:\\\/\\\/laredlarioja.com.ar\\\/sitio\\\/franco-colapinto-debutaria-en-la-formula-1-con-alpine-en-el-gran-premio-de-imola\\\/\",\"url\":\"https:\\\/\\\/laredlarioja.com.ar\\\/sitio\\\/franco-colapinto-debutaria-en-la-formula-1-con-alpine-en-el-gran-premio-de-imola\\\/\",\"name\":\"Franco Colapinto debutar\u00eda en la F\u00f3rmula 1 con Alpine en el Gran Premio de Imola - LA RED 88.3 LA RIOJA\",\"isPartOf\":{\"@id\":\"https:\\\/\\\/laredlarioja.com.ar\\\/sitio\\\/#website\"},\"primaryImageOfPage\":{\"@id\":\"https:\\\/\\\/laredlarioja.com.ar\\\/sitio\\\/franco-colapinto-debutaria-en-la-formula-1-con-alpine-en-el-gran-premio-de-imola\\\/#primaryimage\"},\"image\":{\"@id\":\"https:\\\/\\\/laredlarioja.com.ar\\\/sitio\\\/franco-colapinto-debutaria-en-la-formula-1-con-alpine-en-el-gran-premio-de-imola\\\/#primaryimage\"},\"thumbnailUrl\":\"https:\\\/\\\/laredlarioja.com.ar\\\/sitio\\\/wp-content\\\/uploads\\\/2024\\\/11\\\/colapinto-1.webp\",\"datePublished\":\"2025-05-06T03:15:53+00:00\",\"breadcrumb\":{\"@id\":\"https:\\\/\\\/laredlarioja.com.ar\\\/sitio\\\/franco-colapinto-debutaria-en-la-formula-1-con-alpine-en-el-gran-premio-de-imola\\\/#breadcrumb\"},\"inLanguage\":\"es\",\"potentialAction\":[{\"@type\":\"ReadAction\",\"target\":[\"https:\\\/\\\/laredlarioja.com.ar\\\/sitio\\\/franco-colapinto-debutaria-en-la-formula-1-con-alpine-en-el-gran-premio-de-imola\\\/\"]}]},{\"@type\":\"ImageObject\",\"inLanguage\":\"es\",\"@id\":\"https:\\\/\\\/laredlarioja.com.ar\\\/sitio\\\/franco-colapinto-debutaria-en-la-formula-1-con-alpine-en-el-gran-premio-de-imola\\\/#primaryimage\",\"url\":\"https:\\\/\\\/laredlarioja.com.ar\\\/sitio\\\/wp-content\\\/uploads\\\/2024\\\/11\\\/colapinto-1.webp\",\"contentUrl\":\"https:\\\/\\\/laredlarioja.com.ar\\\/sitio\\\/wp-content\\\/uploads\\\/2024\\\/11\\\/colapinto-1.webp\",\"width\":702,\"height\":720},{\"@type\":\"BreadcrumbList\",\"@id\":\"https:\\\/\\\/laredlarioja.com.ar\\\/sitio\\\/franco-colapinto-debutaria-en-la-formula-1-con-alpine-en-el-gran-premio-de-imola\\\/#breadcrumb\",\"itemListElement\":[{\"@type\":\"ListItem\",\"position\":1,\"name\":\"Portada\",\"item\":\"https:\\\/\\\/laredlarioja.com.ar\\\/sitio\\\/\"},{\"@type\":\"ListItem\",\"position\":2,\"name\":\"Franco Colapinto debutar\u00eda en la F\u00f3rmula 1 con Alpine en el Gran Premio de Imola\"}]},{\"@type\":\"WebSite\",\"@id\":\"https:\\\/\\\/laredlarioja.com.ar\\\/sitio\\\/#website\",\"url\":\"https:\\\/\\\/laredlarioja.com.ar\\\/sitio\\\/\",\"name\":\"LA RED 88.3 LA RIOJA\",\"description\":\"Sitio de Noticias\",\"publisher\":{\"@id\":\"https:\\\/\\\/laredlarioja.com.ar\\\/sitio\\\/#organization\"},\"potentialAction\":[{\"@type\":\"SearchAction\",\"target\":{\"@type\":\"EntryPoint\",\"urlTemplate\":\"https:\\\/\\\/laredlarioja.com.ar\\\/sitio\\\/?s={search_term_string}\"},\"query-input\":{\"@type\":\"PropertyValueSpecification\",\"valueRequired\":true,\"valueName\":\"search_term_string\"}}],\"inLanguage\":\"es\"},{\"@type\":\"Organization\",\"@id\":\"https:\\\/\\\/laredlarioja.com.ar\\\/sitio\\\/#organization\",\"name\":\"LA RED 88.3 LA RIOJA\",\"url\":\"https:\\\/\\\/laredlarioja.com.ar\\\/sitio\\\/\",\"logo\":{\"@type\":\"ImageObject\",\"inLanguage\":\"es\",\"@id\":\"https:\\\/\\\/laredlarioja.com.ar\\\/sitio\\\/#\\\/schema\\\/logo\\\/image\\\/\",\"url\":\"https:\\\/\\\/laredlarioja.com.ar\\\/sitio\\\/wp-content\\\/uploads\\\/2025\\\/05\\\/LOGO-LA-RED.png\",\"contentUrl\":\"https:\\\/\\\/laredlarioja.com.ar\\\/sitio\\\/wp-content\\\/uploads\\\/2025\\\/05\\\/LOGO-LA-RED.png\",\"width\":193,\"height\":340,\"caption\":\"LA RED 88.3 LA RIOJA\"},\"image\":{\"@id\":\"https:\\\/\\\/laredlarioja.com.ar\\\/sitio\\\/#\\\/schema\\\/logo\\\/image\\\/\"},\"sameAs\":[\"https:\\\/\\\/www.facebook.com\\\/lared.larioja\",\"https:\\\/\\\/x.com\\\/laredlarioja1\",\"https:\\\/\\\/www.instagram.com\\\/lared_larioja\\\/\"]},{\"@type\":\"Person\",\"@id\":\"https:\\\/\\\/laredlarioja.com.ar\\\/sitio\\\/#\\\/schema\\\/person\\\/3b1600cc7f8fd3617dc50f96d3503489\",\"name\":\"Mart\u00edn Ruarte\",\"url\":\"https:\\\/\\\/laredlarioja.com.ar\\\/sitio\\\/author\\\/mruarte\\\/\"}]}<\/script>\n<!-- \/ Yoast SEO plugin. -->","yoast_head_json":{"title":"Franco Colapinto debutar\u00eda en la F\u00f3rmula 1 con Alpine en el Gran Premio de Imola - LA RED 88.3 LA RIOJA","robots":{"index":"index","follow":"follow","max-snippet":"max-snippet:-1","max-image-preview":"max-image-preview:large","max-video-preview":"max-video-preview:-1"},"canonical":"https:\/\/laredlarioja.com.ar\/sitio\/franco-colapinto-debutaria-en-la-formula-1-con-alpine-en-el-gran-premio-de-imola\/","og_locale":"es_ES","og_type":"article","og_title":"Franco Colapinto debutar\u00eda en la F\u00f3rmula 1 con Alpine en el Gran Premio de Imola - LA RED 88.3 LA RIOJA","og_description":"El piloto argentino Franco Colapinto podr\u00eda tener su tan esperado debut en la F\u00f3rmula 1 en el pr\u00f3ximo","og_url":"https:\/\/laredlarioja.com.ar\/sitio\/franco-colapinto-debutaria-en-la-formula-1-con-alpine-en-el-gran-premio-de-imola\/","og_site_name":"LA RED 88.3 LA RIOJA","article_publisher":"https:\/\/www.facebook.com\/lared.larioja","article_published_time":"2025-05-06T03:15:53+00:00","og_image":[{"width":702,"height":720,"url":"https:\/\/laredlarioja.com.ar\/sitio\/wp-content\/uploads\/2024\/11\/colapinto-1.webp","type":"image\/webp"}],"author":"Mart\u00edn Ruarte","twitter_card":"summary_large_image","twitter_creator":"@laredlarioja1","twitter_site":"@laredlarioja1","twitter_misc":{"Escrito por":"Mart\u00edn Ruarte","Tiempo de lectura":"2 minutos"},"schema":{"@context":"https:\/\/schema.org","@graph":[{"@type":"Article","@id":"https:\/\/laredlarioja.com.ar\/sitio\/franco-colapinto-debutaria-en-la-formula-1-con-alpine-en-el-gran-premio-de-imola\/#article","isPartOf":{"@id":"https:\/\/laredlarioja.com.ar\/sitio\/franco-colapinto-debutaria-en-la-formula-1-con-alpine-en-el-gran-premio-de-imola\/"},"author":{"name":"Mart\u00edn Ruarte","@id":"https:\/\/laredlarioja.com.ar\/sitio\/#\/schema\/person\/3b1600cc7f8fd3617dc50f96d3503489"},"headline":"Franco Colapinto debutar\u00eda en la F\u00f3rmula 1 con Alpine en el Gran Premio de Imola","datePublished":"2025-05-06T03:15:53+00:00","mainEntityOfPage":{"@id":"https:\/\/laredlarioja.com.ar\/sitio\/franco-colapinto-debutaria-en-la-formula-1-con-alpine-en-el-gran-premio-de-imola\/"},"wordCount":314,"publisher":{"@id":"https:\/\/laredlarioja.com.ar\/sitio\/#organization"},"image":{"@id":"https:\/\/laredlarioja.com.ar\/sitio\/franco-colapinto-debutaria-en-la-formula-1-con-alpine-en-el-gran-premio-de-imola\/#primaryimage"},"thumbnailUrl":"https:\/\/laredlarioja.com.ar\/sitio\/wp-content\/uploads\/2024\/11\/colapinto-1.webp","articleSection":["Deportes"],"inLanguage":"es"},{"@type":"WebPage","@id":"https:\/\/laredlarioja.com.ar\/sitio\/franco-colapinto-debutaria-en-la-formula-1-con-alpine-en-el-gran-premio-de-imola\/","url":"https:\/\/laredlarioja.com.ar\/sitio\/franco-colapinto-debutaria-en-la-formula-1-con-alpine-en-el-gran-premio-de-imola\/","name":"Franco Colapinto debutar\u00eda en la F\u00f3rmula 1 con Alpine en el Gran Premio de Imola - LA RED 88.3 LA RIOJA","isPartOf":{"@id":"https:\/\/laredlarioja.com.ar\/sitio\/#website"},"primaryImageOfPage":{"@id":"https:\/\/laredlarioja.com.ar\/sitio\/franco-colapinto-debutaria-en-la-formula-1-con-alpine-en-el-gran-premio-de-imola\/#primaryimage"},"image":{"@id":"https:\/\/laredlarioja.com.ar\/sitio\/franco-colapinto-debutaria-en-la-formula-1-con-alpine-en-el-gran-premio-de-imola\/#primaryimage"},"thumbnailUrl":"https:\/\/laredlarioja.com.ar\/sitio\/wp-content\/uploads\/2024\/11\/colapinto-1.webp","datePublished":"2025-05-06T03:15:53+00:00","breadcrumb":{"@id":"https:\/\/laredlarioja.com.ar\/sitio\/franco-colapinto-debutaria-en-la-formula-1-con-alpine-en-el-gran-premio-de-imola\/#breadcrumb"},"inLanguage":"es","potentialAction":[{"@type":"ReadAction","target":["https:\/\/laredlarioja.com.ar\/sitio\/franco-colapinto-debutaria-en-la-formula-1-con-alpine-en-el-gran-premio-de-imola\/"]}]},{"@type":"ImageObject","inLanguage":"es","@id":"https:\/\/laredlarioja.com.ar\/sitio\/franco-colapinto-debutaria-en-la-formula-1-con-alpine-en-el-gran-premio-de-imola\/#primaryimage","url":"https:\/\/laredlarioja.com.ar\/sitio\/wp-content\/uploads\/2024\/11\/colapinto-1.webp","contentUrl":"https:\/\/laredlarioja.com.ar\/sitio\/wp-content\/uploads\/2024\/11\/colapinto-1.webp","width":702,"height":720},{"@type":"BreadcrumbList","@id":"https:\/\/laredlarioja.com.ar\/sitio\/franco-colapinto-debutaria-en-la-formula-1-con-alpine-en-el-gran-premio-de-imola\/#breadcrumb","itemListElement":[{"@type":"ListItem","position":1,"name":"Portada","item":"https:\/\/laredlarioja.com.ar\/sitio\/"},{"@type":"ListItem","position":2,"name":"Franco Colapinto debutar\u00eda en la F\u00f3rmula 1 con Alpine en el Gran Premio de Imola"}]},{"@type":"WebSite","@id":"https:\/\/laredlarioja.com.ar\/sitio\/#website","url":"https:\/\/laredlarioja.com.ar\/sitio\/","name":"LA RED 88.3 LA RIOJA","description":"Sitio de Noticias","publisher":{"@id":"https:\/\/laredlarioja.com.ar\/sitio\/#organization"},"potentialAction":[{"@type":"SearchAction","target":{"@type":"EntryPoint","urlTemplate":"https:\/\/laredlarioja.com.ar\/sitio\/?s={search_term_string}"},"query-input":{"@type":"PropertyValueSpecification","valueRequired":true,"valueName":"search_term_string"}}],"inLanguage":"es"},{"@type":"Organization","@id":"https:\/\/laredlarioja.com.ar\/sitio\/#organization","name":"LA RED 88.3 LA RIOJA","url":"https:\/\/laredlarioja.com.ar\/sitio\/","logo":{"@type":"ImageObject","inLanguage":"es","@id":"https:\/\/laredlarioja.com.ar\/sitio\/#\/schema\/logo\/image\/","url":"https:\/\/laredlarioja.com.ar\/sitio\/wp-content\/uploads\/2025\/05\/LOGO-LA-RED.png","contentUrl":"https:\/\/laredlarioja.com.ar\/sitio\/wp-content\/uploads\/2025\/05\/LOGO-LA-RED.png","width":193,"height":340,"caption":"LA RED 88.3 LA RIOJA"},"image":{"@id":"https:\/\/laredlarioja.com.ar\/sitio\/#\/schema\/logo\/image\/"},"sameAs":["https:\/\/www.facebook.com\/lared.larioja","https:\/\/x.com\/laredlarioja1","https:\/\/www.instagram.com\/lared_larioja\/"]},{"@type":"Person","@id":"https:\/\/laredlarioja.com.ar\/sitio\/#\/schema\/person\/3b1600cc7f8fd3617dc50f96d3503489","name":"Mart\u00edn Ruarte","url":"https:\/\/laredlarioja.com.ar\/sitio\/author\/mruarte\/"}]}},"featured_image_urls":{"full":["https:\/\/laredlarioja.com.ar\/sitio\/wp-content\/uploads\/2024\/11\/colapinto-1.webp",702,720,false],"thumbnail":["https:\/\/laredlarioja.com.ar\/sitio\/wp-content\/uploads\/2024\/11\/colapinto-1-150x150.webp",150,150,true],"medium":["https:\/\/laredlarioja.com.ar\/sitio\/wp-content\/uploads\/2024\/11\/colapinto-1-293x300.webp",293,300,true],"medium_large":["https:\/\/laredlarioja.com.ar\/sitio\/wp-content\/uploads\/2024\/11\/colapinto-1.webp",640,656,false],"large":["https:\/\/laredlarioja.com.ar\/sitio\/wp-content\/uploads\/2024\/11\/colapinto-1.webp",640,656,false],"1536x1536":["https:\/\/laredlarioja.com.ar\/sitio\/wp-content\/uploads\/2024\/11\/colapinto-1.webp",702,720,false],"2048x2048":["https:\/\/laredlarioja.com.ar\/sitio\/wp-content\/uploads\/2024\/11\/colapinto-1.webp",702,720,false],"cvmm-medium":["https:\/\/laredlarioja.com.ar\/sitio\/wp-content\/uploads\/2024\/11\/colapinto-1-300x300.webp",300,300,true],"cvmm-medium-plus":["https:\/\/laredlarioja.com.ar\/sitio\/wp-content\/uploads\/2024\/11\/colapinto-1-305x207.webp",305,207,true],"cvmm-portrait":["https:\/\/laredlarioja.com.ar\/sitio\/wp-content\/uploads\/2024\/11\/colapinto-1-400x600.webp",400,600,true],"cvmm-medium-square":["https:\/\/laredlarioja.com.ar\/sitio\/wp-content\/uploads\/2024\/11\/colapinto-1-600x600.webp",600,600,true],"cvmm-large":["https:\/\/laredlarioja.com.ar\/sitio\/wp-content\/uploads\/2024\/11\/colapinto-1.webp",702,720,false],"cvmm-small":["https:\/\/laredlarioja.com.ar\/sitio\/wp-content\/uploads\/2024\/11\/colapinto-1-130x95.webp",130,95,true],"morenews-large":["https:\/\/laredlarioja.com.ar\/sitio\/wp-content\/uploads\/2024\/11\/colapinto-1-702x575.webp",702,575,true],"morenews-medium":["https:\/\/laredlarioja.com.ar\/sitio\/wp-content\/uploads\/2024\/11\/colapinto-1-590x410.webp",590,410,true]},"author_info":{"display_name":"Mart\u00edn Ruarte","author_link":"https:\/\/laredlarioja.com.ar\/sitio\/author\/mruarte\/"},"category_info":"<a href=\"https:\/\/laredlarioja.com.ar\/sitio\/categorias\/deportes\/\" rel=\"category tag\">Deportes<\/a>","tag_info":"Deportes","comment_count":"0","blog_post_layout_featured_media_urls":{"thumbnail":["https:\/\/laredlarioja.com.ar\/sitio\/wp-content\/uploads\/2024\/11\/colapinto-1-150x150.webp",150,150,true],"full":["https:\/\/laredlarioja.com.ar\/sitio\/wp-content\/uploads\/2024\/11\/colapinto-1.webp",702,720,false]},"categories_names":{"26":{"name":"Deportes","link":"https:\/\/laredlarioja.com.ar\/sitio\/categorias\/deportes\/"}},"tags_names":[],"comments_number":"0","wpmagazine_modules_lite_featured_media_urls":{"thumbnail":["https:\/\/laredlarioja.com.ar\/sitio\/wp-content\/uploads\/2024\/11\/colapinto-1-150x150.webp",150,150,true],"cvmm-medium":["https:\/\/laredlarioja.com.ar\/sitio\/wp-content\/uploads\/2024\/11\/colapinto-1-300x300.webp",300,300,true],"cvmm-medium-plus":["https:\/\/laredlarioja.com.ar\/sitio\/wp-content\/uploads\/2024\/11\/colapinto-1-305x207.webp",305,207,true],"cvmm-portrait":["https:\/\/laredlarioja.com.ar\/sitio\/wp-content\/uploads\/2024\/11\/colapinto-1-400x600.webp",400,600,true],"cvmm-medium-square":["https:\/\/laredlarioja.com.ar\/sitio\/wp-content\/uploads\/2024\/11\/colapinto-1-600x600.webp",600,600,true],"cvmm-large":["https:\/\/laredlarioja.com.ar\/sitio\/wp-content\/uploads\/2024\/11\/colapinto-1.webp",702,720,false],"cvmm-small":["https:\/\/laredlarioja.com.ar\/sitio\/wp-content\/uploads\/2024\/11\/colapinto-1-130x95.webp",130,95,true],"full":["https:\/\/laredlarioja.com.ar\/sitio\/wp-content\/uploads\/2024\/11\/colapinto-1.webp",702,720,false]},"_links":{"self":[{"href":"https:\/\/laredlarioja.com.ar\/sitio\/wp-json\/wp\/v2\/posts\/61436","targetHints":{"allow":["GET"]}}],"collection":[{"href":"https:\/\/laredlarioja.com.ar\/sitio\/wp-json\/wp\/v2\/posts"}],"about":[{"href":"https:\/\/laredlarioja.com.ar\/sitio\/wp-json\/wp\/v2\/types\/post"}],"author":[{"embeddable":true,"href":"https:\/\/laredlarioja.com.ar\/sitio\/wp-json\/wp\/v2\/users\/8"}],"replies":[{"embeddable":true,"href":"https:\/\/laredlarioja.com.ar\/sitio\/wp-json\/wp\/v2\/comments?post=61436"}],"version-history":[{"count":1,"href":"https:\/\/laredlarioja.com.ar\/sitio\/wp-json\/wp\/v2\/posts\/61436\/revisions"}],"predecessor-version":[{"id":61437,"href":"https:\/\/laredlarioja.com.ar\/sitio\/wp-json\/wp\/v2\/posts\/61436\/revisions\/61437"}],"wp:featuredmedia":[{"embeddable":true,"href":"https:\/\/laredlarioja.com.ar\/sitio\/wp-json\/wp\/v2\/media\/54214"}],"wp:attachment":[{"href":"https:\/\/laredlarioja.com.ar\/sitio\/wp-json\/wp\/v2\/media?parent=61436"}],"wp:term":[{"taxonomy":"category","embeddable":true,"href":"https:\/\/laredlarioja.com.ar\/sitio\/wp-json\/wp\/v2\/categories?post=61436"},{"taxonomy":"post_tag","embeddable":true,"href":"https:\/\/laredlarioja.com.ar\/sitio\/wp-json\/wp\/v2\/tags?post=61436"}],"curies":[{"name":"wp","href":"https:\/\/api.w.org\/{rel}","templated":true}]}}