{"id":61611,"date":"2025-05-08T23:05:07","date_gmt":"2025-05-08T23:05:07","guid":{"rendered":"https:\/\/laredlarioja.com.ar\/sitio\/?p=61611"},"modified":"2025-05-08T23:05:07","modified_gmt":"2025-05-08T23:05:07","slug":"quintela-celebro-la-eleccion-del-papa-leon-xiv-y-destaco-su-esperanza-en-una-guia-basada-en-la-justicia-social","status":"publish","type":"post","link":"https:\/\/laredlarioja.com.ar\/sitio\/quintela-celebro-la-eleccion-del-papa-leon-xiv-y-destaco-su-esperanza-en-una-guia-basada-en-la-justicia-social\/","title":{"rendered":"Quintela celebr\u00f3 la elecci\u00f3n del Papa Le\u00f3n XIV y destac\u00f3 su esperanza en una gu\u00eda basada en la justicia social"},"content":{"rendered":"<p>El gobernador de La Rioja, Ricardo Quintela, se sum\u00f3 a los saludos oficiales tras la proclamaci\u00f3n del nuevo Sumo Pont\u00edfice, Le\u00f3n XIV, quien suceder\u00e1 a Francisco al frente de la Iglesia Cat\u00f3lica. Desde su cuenta oficial de X, el mandatario riojano expres\u00f3 un mensaje cargado de fe, respeto y compromiso con los valores humanistas que seg\u00fan manifest\u00f3 deber\u00edan guiar el nuevo papado.<\/p>\n<p><strong>\u201cDesde La Rioja, tierra de fe y esperanza, celebramos con profundo respeto y alegr\u00eda la elecci\u00f3n del nuevo Santo Padre, Le\u00f3n XIV\u201d,<\/strong> public\u00f3 Quintela en sus redes sociales.<\/p>\n<p>En su mensaje, el gobernador tambi\u00e9n traz\u00f3 un paralelismo hist\u00f3rico con el \u00faltimo pont\u00edfice que llev\u00f3 ese nombre, Le\u00f3n XIII, recordado por su enc\u00edclica Rerum Novarum, publicada en 1891, donde se introdujo el concepto de justicia social en el pensamiento doctrinal de la Iglesia.<\/p>\n<p><strong>\u201cDeseamos que Le\u00f3n XIV siga sus pasos para guiar al mundo hacia la consolidaci\u00f3n de los valores humanos trascendentales: la paz, la solidaridad y la justicia social de todos los pueblos del mundo\u201d<\/strong>, agreg\u00f3 Quintela, haciendo hincapi\u00e9 en la necesidad de un liderazgo espiritual que abrace las causas sociales globales.<\/p>\n<blockquote class=\"twitter-tweet\" data-width=\"550\" data-dnt=\"true\">\n<p lang=\"es\" dir=\"ltr\">Desde La Rioja, tierra de fe y esperanza, celebramos con profundo respeto y alegr\u00eda la elecci\u00f3n del nuevo Santo Padre, Le\u00f3n XIV. <\/p>\n<p>El papa Le\u00f3n XIII, el \u00faltimo en llevar ese nombre, introdujo en 1891 el concepto de Justicia Social en la enciclica Rerum Novarum.<\/p>\n<p>Deseamos que Leon\u2026 <a href=\"https:\/\/t.co\/q52KaPoYnd\">pic.twitter.com\/q52KaPoYnd<\/a><\/p>\n<p>&mdash; Ricardo Quintela (@QuintelaRicardo) <a href=\"https:\/\/twitter.com\/QuintelaRicardo\/status\/1920545052977238137?ref_src=twsrc%5Etfw\">May 8, 2025<\/a><\/p><\/blockquote>\n<p><script async src=\"https:\/\/platform.twitter.com\/widgets.js\" charset=\"utf-8\"><\/script><\/p>\n<p>&nbsp;<\/p>\n","protected":false},"excerpt":{"rendered":"<p>El gobernador de La Rioja, Ricardo Quintela, se sum\u00f3 a los saludos oficiales tras la proclamaci\u00f3n del nuevo<\/p>\n","protected":false},"author":13,"featured_media":38613,"comment_status":"closed","ping_status":"open","sticky":false,"template":"","format":"standard","meta":{"footnotes":""},"categories":[130],"tags":[84],"class_list":["post-61611","post","type-post","status-publish","format-standard","has-post-thumbnail","hentry","category-pais","tag-secundaria"],"yoast_head":"<!-- This site is optimized with the Yoast SEO plugin v27.4 - https:\/\/yoast.com\/product\/yoast-seo-wordpress\/ -->\n<title>Quintela celebr\u00f3 la elecci\u00f3n del Papa Le\u00f3n XIV y destac\u00f3 su esperanza en una gu\u00eda basada en la justicia social - LA RED 88.3 LA RIOJA<\/title>\n<meta name=\"robots\" content=\"index, follow, max-snippet:-1, max-image-preview:large, max-video-preview:-1\" \/>\n<link rel=\"canonical\" href=\"https:\/\/laredlarioja.com.ar\/sitio\/quintela-celebro-la-eleccion-del-papa-leon-xiv-y-destaco-su-esperanza-en-una-guia-basada-en-la-justicia-social\/\" \/>\n<meta property=\"og:locale\" content=\"es_ES\" \/>\n<meta property=\"og:type\" content=\"article\" \/>\n<meta property=\"og:title\" content=\"Quintela celebr\u00f3 la elecci\u00f3n del Papa Le\u00f3n XIV y destac\u00f3 su esperanza en una gu\u00eda basada en la justicia social - LA RED 88.3 LA RIOJA\" \/>\n<meta property=\"og:description\" content=\"El gobernador de La Rioja, Ricardo Quintela, se sum\u00f3 a los saludos oficiales tras la proclamaci\u00f3n del nuevo\" \/>\n<meta property=\"og:url\" content=\"https:\/\/laredlarioja.com.ar\/sitio\/quintela-celebro-la-eleccion-del-papa-leon-xiv-y-destaco-su-esperanza-en-una-guia-basada-en-la-justicia-social\/\" \/>\n<meta property=\"og:site_name\" content=\"LA RED 88.3 LA RIOJA\" \/>\n<meta property=\"article:publisher\" content=\"https:\/\/www.facebook.com\/lared.larioja\" \/>\n<meta property=\"article:published_time\" content=\"2025-05-08T23:05:07+00:00\" \/>\n<meta property=\"og:image\" content=\"https:\/\/laredlarioja.com.ar\/sitio\/wp-content\/uploads\/2023\/11\/Quintela.jpeg\" \/>\n\t<meta property=\"og:image:width\" content=\"839\" \/>\n\t<meta property=\"og:image:height\" content=\"655\" \/>\n\t<meta property=\"og:image:type\" content=\"image\/jpeg\" \/>\n<meta name=\"author\" content=\"Maria De La Vega\" \/>\n<meta name=\"twitter:card\" content=\"summary_large_image\" \/>\n<meta name=\"twitter:creator\" content=\"@laredlarioja1\" \/>\n<meta name=\"twitter:site\" content=\"@laredlarioja1\" \/>\n<meta name=\"twitter:label1\" content=\"Escrito por\" \/>\n\t<meta name=\"twitter:data1\" content=\"Maria De La Vega\" \/>\n\t<meta name=\"twitter:label2\" content=\"Tiempo de lectura\" \/>\n\t<meta name=\"twitter:data2\" content=\"2 minutos\" \/>\n<script type=\"application\/ld+json\" class=\"yoast-schema-graph\">{\"@context\":\"https:\\\/\\\/schema.org\",\"@graph\":[{\"@type\":\"Article\",\"@id\":\"https:\\\/\\\/laredlarioja.com.ar\\\/sitio\\\/quintela-celebro-la-eleccion-del-papa-leon-xiv-y-destaco-su-esperanza-en-una-guia-basada-en-la-justicia-social\\\/#article\",\"isPartOf\":{\"@id\":\"https:\\\/\\\/laredlarioja.com.ar\\\/sitio\\\/quintela-celebro-la-eleccion-del-papa-leon-xiv-y-destaco-su-esperanza-en-una-guia-basada-en-la-justicia-social\\\/\"},\"author\":{\"name\":\"Maria De La Vega\",\"@id\":\"https:\\\/\\\/laredlarioja.com.ar\\\/sitio\\\/#\\\/schema\\\/person\\\/8b98ebe852851a8bdc8acd6ec6918de9\"},\"headline\":\"Quintela celebr\u00f3 la elecci\u00f3n del Papa Le\u00f3n XIV y destac\u00f3 su esperanza en una gu\u00eda basada en la justicia social\",\"datePublished\":\"2025-05-08T23:05:07+00:00\",\"mainEntityOfPage\":{\"@id\":\"https:\\\/\\\/laredlarioja.com.ar\\\/sitio\\\/quintela-celebro-la-eleccion-del-papa-leon-xiv-y-destaco-su-esperanza-en-una-guia-basada-en-la-justicia-social\\\/\"},\"wordCount\":228,\"publisher\":{\"@id\":\"https:\\\/\\\/laredlarioja.com.ar\\\/sitio\\\/#organization\"},\"image\":{\"@id\":\"https:\\\/\\\/laredlarioja.com.ar\\\/sitio\\\/quintela-celebro-la-eleccion-del-papa-leon-xiv-y-destaco-su-esperanza-en-una-guia-basada-en-la-justicia-social\\\/#primaryimage\"},\"thumbnailUrl\":\"https:\\\/\\\/laredlarioja.com.ar\\\/sitio\\\/wp-content\\\/uploads\\\/2023\\\/11\\\/Quintela.jpeg\",\"keywords\":[\"Secundaria\"],\"articleSection\":[\"El pa\u00eds\"],\"inLanguage\":\"es\"},{\"@type\":\"WebPage\",\"@id\":\"https:\\\/\\\/laredlarioja.com.ar\\\/sitio\\\/quintela-celebro-la-eleccion-del-papa-leon-xiv-y-destaco-su-esperanza-en-una-guia-basada-en-la-justicia-social\\\/\",\"url\":\"https:\\\/\\\/laredlarioja.com.ar\\\/sitio\\\/quintela-celebro-la-eleccion-del-papa-leon-xiv-y-destaco-su-esperanza-en-una-guia-basada-en-la-justicia-social\\\/\",\"name\":\"Quintela celebr\u00f3 la elecci\u00f3n del Papa Le\u00f3n XIV y destac\u00f3 su esperanza en una gu\u00eda basada en la justicia social - LA RED 88.3 LA RIOJA\",\"isPartOf\":{\"@id\":\"https:\\\/\\\/laredlarioja.com.ar\\\/sitio\\\/#website\"},\"primaryImageOfPage\":{\"@id\":\"https:\\\/\\\/laredlarioja.com.ar\\\/sitio\\\/quintela-celebro-la-eleccion-del-papa-leon-xiv-y-destaco-su-esperanza-en-una-guia-basada-en-la-justicia-social\\\/#primaryimage\"},\"image\":{\"@id\":\"https:\\\/\\\/laredlarioja.com.ar\\\/sitio\\\/quintela-celebro-la-eleccion-del-papa-leon-xiv-y-destaco-su-esperanza-en-una-guia-basada-en-la-justicia-social\\\/#primaryimage\"},\"thumbnailUrl\":\"https:\\\/\\\/laredlarioja.com.ar\\\/sitio\\\/wp-content\\\/uploads\\\/2023\\\/11\\\/Quintela.jpeg\",\"datePublished\":\"2025-05-08T23:05:07+00:00\",\"breadcrumb\":{\"@id\":\"https:\\\/\\\/laredlarioja.com.ar\\\/sitio\\\/quintela-celebro-la-eleccion-del-papa-leon-xiv-y-destaco-su-esperanza-en-una-guia-basada-en-la-justicia-social\\\/#breadcrumb\"},\"inLanguage\":\"es\",\"potentialAction\":[{\"@type\":\"ReadAction\",\"target\":[\"https:\\\/\\\/laredlarioja.com.ar\\\/sitio\\\/quintela-celebro-la-eleccion-del-papa-leon-xiv-y-destaco-su-esperanza-en-una-guia-basada-en-la-justicia-social\\\/\"]}]},{\"@type\":\"ImageObject\",\"inLanguage\":\"es\",\"@id\":\"https:\\\/\\\/laredlarioja.com.ar\\\/sitio\\\/quintela-celebro-la-eleccion-del-papa-leon-xiv-y-destaco-su-esperanza-en-una-guia-basada-en-la-justicia-social\\\/#primaryimage\",\"url\":\"https:\\\/\\\/laredlarioja.com.ar\\\/sitio\\\/wp-content\\\/uploads\\\/2023\\\/11\\\/Quintela.jpeg\",\"contentUrl\":\"https:\\\/\\\/laredlarioja.com.ar\\\/sitio\\\/wp-content\\\/uploads\\\/2023\\\/11\\\/Quintela.jpeg\",\"width\":839,\"height\":655},{\"@type\":\"BreadcrumbList\",\"@id\":\"https:\\\/\\\/laredlarioja.com.ar\\\/sitio\\\/quintela-celebro-la-eleccion-del-papa-leon-xiv-y-destaco-su-esperanza-en-una-guia-basada-en-la-justicia-social\\\/#breadcrumb\",\"itemListElement\":[{\"@type\":\"ListItem\",\"position\":1,\"name\":\"Portada\",\"item\":\"https:\\\/\\\/laredlarioja.com.ar\\\/sitio\\\/\"},{\"@type\":\"ListItem\",\"position\":2,\"name\":\"Quintela celebr\u00f3 la elecci\u00f3n del Papa Le\u00f3n XIV y destac\u00f3 su esperanza en una gu\u00eda basada en la justicia social\"}]},{\"@type\":\"WebSite\",\"@id\":\"https:\\\/\\\/laredlarioja.com.ar\\\/sitio\\\/#website\",\"url\":\"https:\\\/\\\/laredlarioja.com.ar\\\/sitio\\\/\",\"name\":\"LA RED 88.3 LA RIOJA\",\"description\":\"Sitio de Noticias\",\"publisher\":{\"@id\":\"https:\\\/\\\/laredlarioja.com.ar\\\/sitio\\\/#organization\"},\"potentialAction\":[{\"@type\":\"SearchAction\",\"target\":{\"@type\":\"EntryPoint\",\"urlTemplate\":\"https:\\\/\\\/laredlarioja.com.ar\\\/sitio\\\/?s={search_term_string}\"},\"query-input\":{\"@type\":\"PropertyValueSpecification\",\"valueRequired\":true,\"valueName\":\"search_term_string\"}}],\"inLanguage\":\"es\"},{\"@type\":\"Organization\",\"@id\":\"https:\\\/\\\/laredlarioja.com.ar\\\/sitio\\\/#organization\",\"name\":\"LA RED 88.3 LA RIOJA\",\"url\":\"https:\\\/\\\/laredlarioja.com.ar\\\/sitio\\\/\",\"logo\":{\"@type\":\"ImageObject\",\"inLanguage\":\"es\",\"@id\":\"https:\\\/\\\/laredlarioja.com.ar\\\/sitio\\\/#\\\/schema\\\/logo\\\/image\\\/\",\"url\":\"https:\\\/\\\/laredlarioja.com.ar\\\/sitio\\\/wp-content\\\/uploads\\\/2025\\\/05\\\/LOGO-LA-RED.png\",\"contentUrl\":\"https:\\\/\\\/laredlarioja.com.ar\\\/sitio\\\/wp-content\\\/uploads\\\/2025\\\/05\\\/LOGO-LA-RED.png\",\"width\":193,\"height\":340,\"caption\":\"LA RED 88.3 LA RIOJA\"},\"image\":{\"@id\":\"https:\\\/\\\/laredlarioja.com.ar\\\/sitio\\\/#\\\/schema\\\/logo\\\/image\\\/\"},\"sameAs\":[\"https:\\\/\\\/www.facebook.com\\\/lared.larioja\",\"https:\\\/\\\/x.com\\\/laredlarioja1\",\"https:\\\/\\\/www.instagram.com\\\/lared_larioja\\\/\"]},{\"@type\":\"Person\",\"@id\":\"https:\\\/\\\/laredlarioja.com.ar\\\/sitio\\\/#\\\/schema\\\/person\\\/8b98ebe852851a8bdc8acd6ec6918de9\",\"name\":\"Maria De La Vega\",\"sameAs\":[\"http:\\\/\\\/laredlarioja.com.ar\"],\"url\":\"https:\\\/\\\/laredlarioja.com.ar\\\/sitio\\\/author\\\/maru\\\/\"}]}<\/script>\n<!-- \/ Yoast SEO plugin. -->","yoast_head_json":{"title":"Quintela celebr\u00f3 la elecci\u00f3n del Papa Le\u00f3n XIV y destac\u00f3 su esperanza en una gu\u00eda basada en la justicia social - LA RED 88.3 LA RIOJA","robots":{"index":"index","follow":"follow","max-snippet":"max-snippet:-1","max-image-preview":"max-image-preview:large","max-video-preview":"max-video-preview:-1"},"canonical":"https:\/\/laredlarioja.com.ar\/sitio\/quintela-celebro-la-eleccion-del-papa-leon-xiv-y-destaco-su-esperanza-en-una-guia-basada-en-la-justicia-social\/","og_locale":"es_ES","og_type":"article","og_title":"Quintela celebr\u00f3 la elecci\u00f3n del Papa Le\u00f3n XIV y destac\u00f3 su esperanza en una gu\u00eda basada en la justicia social - LA RED 88.3 LA RIOJA","og_description":"El gobernador de La Rioja, Ricardo Quintela, se sum\u00f3 a los saludos oficiales tras la proclamaci\u00f3n del nuevo","og_url":"https:\/\/laredlarioja.com.ar\/sitio\/quintela-celebro-la-eleccion-del-papa-leon-xiv-y-destaco-su-esperanza-en-una-guia-basada-en-la-justicia-social\/","og_site_name":"LA RED 88.3 LA RIOJA","article_publisher":"https:\/\/www.facebook.com\/lared.larioja","article_published_time":"2025-05-08T23:05:07+00:00","og_image":[{"width":839,"height":655,"url":"https:\/\/laredlarioja.com.ar\/sitio\/wp-content\/uploads\/2023\/11\/Quintela.jpeg","type":"image\/jpeg"}],"author":"Maria De La Vega","twitter_card":"summary_large_image","twitter_creator":"@laredlarioja1","twitter_site":"@laredlarioja1","twitter_misc":{"Escrito por":"Maria De La Vega","Tiempo de lectura":"2 minutos"},"schema":{"@context":"https:\/\/schema.org","@graph":[{"@type":"Article","@id":"https:\/\/laredlarioja.com.ar\/sitio\/quintela-celebro-la-eleccion-del-papa-leon-xiv-y-destaco-su-esperanza-en-una-guia-basada-en-la-justicia-social\/#article","isPartOf":{"@id":"https:\/\/laredlarioja.com.ar\/sitio\/quintela-celebro-la-eleccion-del-papa-leon-xiv-y-destaco-su-esperanza-en-una-guia-basada-en-la-justicia-social\/"},"author":{"name":"Maria De La Vega","@id":"https:\/\/laredlarioja.com.ar\/sitio\/#\/schema\/person\/8b98ebe852851a8bdc8acd6ec6918de9"},"headline":"Quintela celebr\u00f3 la elecci\u00f3n del Papa Le\u00f3n XIV y destac\u00f3 su esperanza en una gu\u00eda basada en la justicia social","datePublished":"2025-05-08T23:05:07+00:00","mainEntityOfPage":{"@id":"https:\/\/laredlarioja.com.ar\/sitio\/quintela-celebro-la-eleccion-del-papa-leon-xiv-y-destaco-su-esperanza-en-una-guia-basada-en-la-justicia-social\/"},"wordCount":228,"publisher":{"@id":"https:\/\/laredlarioja.com.ar\/sitio\/#organization"},"image":{"@id":"https:\/\/laredlarioja.com.ar\/sitio\/quintela-celebro-la-eleccion-del-papa-leon-xiv-y-destaco-su-esperanza-en-una-guia-basada-en-la-justicia-social\/#primaryimage"},"thumbnailUrl":"https:\/\/laredlarioja.com.ar\/sitio\/wp-content\/uploads\/2023\/11\/Quintela.jpeg","keywords":["Secundaria"],"articleSection":["El pa\u00eds"],"inLanguage":"es"},{"@type":"WebPage","@id":"https:\/\/laredlarioja.com.ar\/sitio\/quintela-celebro-la-eleccion-del-papa-leon-xiv-y-destaco-su-esperanza-en-una-guia-basada-en-la-justicia-social\/","url":"https:\/\/laredlarioja.com.ar\/sitio\/quintela-celebro-la-eleccion-del-papa-leon-xiv-y-destaco-su-esperanza-en-una-guia-basada-en-la-justicia-social\/","name":"Quintela celebr\u00f3 la elecci\u00f3n del Papa Le\u00f3n XIV y destac\u00f3 su esperanza en una gu\u00eda basada en la justicia social - LA RED 88.3 LA RIOJA","isPartOf":{"@id":"https:\/\/laredlarioja.com.ar\/sitio\/#website"},"primaryImageOfPage":{"@id":"https:\/\/laredlarioja.com.ar\/sitio\/quintela-celebro-la-eleccion-del-papa-leon-xiv-y-destaco-su-esperanza-en-una-guia-basada-en-la-justicia-social\/#primaryimage"},"image":{"@id":"https:\/\/laredlarioja.com.ar\/sitio\/quintela-celebro-la-eleccion-del-papa-leon-xiv-y-destaco-su-esperanza-en-una-guia-basada-en-la-justicia-social\/#primaryimage"},"thumbnailUrl":"https:\/\/laredlarioja.com.ar\/sitio\/wp-content\/uploads\/2023\/11\/Quintela.jpeg","datePublished":"2025-05-08T23:05:07+00:00","breadcrumb":{"@id":"https:\/\/laredlarioja.com.ar\/sitio\/quintela-celebro-la-eleccion-del-papa-leon-xiv-y-destaco-su-esperanza-en-una-guia-basada-en-la-justicia-social\/#breadcrumb"},"inLanguage":"es","potentialAction":[{"@type":"ReadAction","target":["https:\/\/laredlarioja.com.ar\/sitio\/quintela-celebro-la-eleccion-del-papa-leon-xiv-y-destaco-su-esperanza-en-una-guia-basada-en-la-justicia-social\/"]}]},{"@type":"ImageObject","inLanguage":"es","@id":"https:\/\/laredlarioja.com.ar\/sitio\/quintela-celebro-la-eleccion-del-papa-leon-xiv-y-destaco-su-esperanza-en-una-guia-basada-en-la-justicia-social\/#primaryimage","url":"https:\/\/laredlarioja.com.ar\/sitio\/wp-content\/uploads\/2023\/11\/Quintela.jpeg","contentUrl":"https:\/\/laredlarioja.com.ar\/sitio\/wp-content\/uploads\/2023\/11\/Quintela.jpeg","width":839,"height":655},{"@type":"BreadcrumbList","@id":"https:\/\/laredlarioja.com.ar\/sitio\/quintela-celebro-la-eleccion-del-papa-leon-xiv-y-destaco-su-esperanza-en-una-guia-basada-en-la-justicia-social\/#breadcrumb","itemListElement":[{"@type":"ListItem","position":1,"name":"Portada","item":"https:\/\/laredlarioja.com.ar\/sitio\/"},{"@type":"ListItem","position":2,"name":"Quintela celebr\u00f3 la elecci\u00f3n del Papa Le\u00f3n XIV y destac\u00f3 su esperanza en una gu\u00eda basada en la justicia social"}]},{"@type":"WebSite","@id":"https:\/\/laredlarioja.com.ar\/sitio\/#website","url":"https:\/\/laredlarioja.com.ar\/sitio\/","name":"LA RED 88.3 LA RIOJA","description":"Sitio de Noticias","publisher":{"@id":"https:\/\/laredlarioja.com.ar\/sitio\/#organization"},"potentialAction":[{"@type":"SearchAction","target":{"@type":"EntryPoint","urlTemplate":"https:\/\/laredlarioja.com.ar\/sitio\/?s={search_term_string}"},"query-input":{"@type":"PropertyValueSpecification","valueRequired":true,"valueName":"search_term_string"}}],"inLanguage":"es"},{"@type":"Organization","@id":"https:\/\/laredlarioja.com.ar\/sitio\/#organization","name":"LA RED 88.3 LA RIOJA","url":"https:\/\/laredlarioja.com.ar\/sitio\/","logo":{"@type":"ImageObject","inLanguage":"es","@id":"https:\/\/laredlarioja.com.ar\/sitio\/#\/schema\/logo\/image\/","url":"https:\/\/laredlarioja.com.ar\/sitio\/wp-content\/uploads\/2025\/05\/LOGO-LA-RED.png","contentUrl":"https:\/\/laredlarioja.com.ar\/sitio\/wp-content\/uploads\/2025\/05\/LOGO-LA-RED.png","width":193,"height":340,"caption":"LA RED 88.3 LA RIOJA"},"image":{"@id":"https:\/\/laredlarioja.com.ar\/sitio\/#\/schema\/logo\/image\/"},"sameAs":["https:\/\/www.facebook.com\/lared.larioja","https:\/\/x.com\/laredlarioja1","https:\/\/www.instagram.com\/lared_larioja\/"]},{"@type":"Person","@id":"https:\/\/laredlarioja.com.ar\/sitio\/#\/schema\/person\/8b98ebe852851a8bdc8acd6ec6918de9","name":"Maria De La Vega","sameAs":["http:\/\/laredlarioja.com.ar"],"url":"https:\/\/laredlarioja.com.ar\/sitio\/author\/maru\/"}]}},"featured_image_urls":{"full":["https:\/\/laredlarioja.com.ar\/sitio\/wp-content\/uploads\/2023\/11\/Quintela.jpeg",839,655,false],"thumbnail":["https:\/\/laredlarioja.com.ar\/sitio\/wp-content\/uploads\/2023\/11\/Quintela-150x150.jpeg",150,150,true],"medium":["https:\/\/laredlarioja.com.ar\/sitio\/wp-content\/uploads\/2023\/11\/Quintela-300x234.jpeg",300,234,true],"medium_large":["https:\/\/laredlarioja.com.ar\/sitio\/wp-content\/uploads\/2023\/11\/Quintela-768x600.jpeg",640,500,true],"large":["https:\/\/laredlarioja.com.ar\/sitio\/wp-content\/uploads\/2023\/11\/Quintela.jpeg",640,500,false],"1536x1536":["https:\/\/laredlarioja.com.ar\/sitio\/wp-content\/uploads\/2023\/11\/Quintela.jpeg",839,655,false],"2048x2048":["https:\/\/laredlarioja.com.ar\/sitio\/wp-content\/uploads\/2023\/11\/Quintela.jpeg",839,655,false],"cvmm-medium":["https:\/\/laredlarioja.com.ar\/sitio\/wp-content\/uploads\/2023\/11\/Quintela-300x300.jpeg",300,300,true],"cvmm-medium-plus":["https:\/\/laredlarioja.com.ar\/sitio\/wp-content\/uploads\/2023\/11\/Quintela-305x207.jpeg",305,207,true],"cvmm-portrait":["https:\/\/laredlarioja.com.ar\/sitio\/wp-content\/uploads\/2023\/11\/Quintela-400x600.jpeg",400,600,true],"cvmm-medium-square":["https:\/\/laredlarioja.com.ar\/sitio\/wp-content\/uploads\/2023\/11\/Quintela-600x600.jpeg",600,600,true],"cvmm-large":["https:\/\/laredlarioja.com.ar\/sitio\/wp-content\/uploads\/2023\/11\/Quintela.jpeg",839,655,false],"cvmm-small":["https:\/\/laredlarioja.com.ar\/sitio\/wp-content\/uploads\/2023\/11\/Quintela-130x95.jpeg",130,95,true],"morenews-large":["https:\/\/laredlarioja.com.ar\/sitio\/wp-content\/uploads\/2023\/11\/Quintela-825x575.jpeg",825,575,true],"morenews-medium":["https:\/\/laredlarioja.com.ar\/sitio\/wp-content\/uploads\/2023\/11\/Quintela-590x410.jpeg",590,410,true]},"author_info":{"display_name":"Maria De La Vega","author_link":"https:\/\/laredlarioja.com.ar\/sitio\/author\/maru\/"},"category_info":"<a href=\"https:\/\/laredlarioja.com.ar\/sitio\/categorias\/pais\/\" rel=\"category tag\">El pa\u00eds<\/a>","tag_info":"El pa\u00eds","comment_count":"0","blog_post_layout_featured_media_urls":{"thumbnail":["https:\/\/laredlarioja.com.ar\/sitio\/wp-content\/uploads\/2023\/11\/Quintela-150x150.jpeg",150,150,true],"full":["https:\/\/laredlarioja.com.ar\/sitio\/wp-content\/uploads\/2023\/11\/Quintela.jpeg",839,655,false]},"categories_names":{"130":{"name":"El pa\u00eds","link":"https:\/\/laredlarioja.com.ar\/sitio\/categorias\/pais\/"}},"tags_names":{"84":{"name":"Secundaria","link":"https:\/\/laredlarioja.com.ar\/sitio\/etiquetas\/secundaria\/"}},"comments_number":"0","wpmagazine_modules_lite_featured_media_urls":{"thumbnail":["https:\/\/laredlarioja.com.ar\/sitio\/wp-content\/uploads\/2023\/11\/Quintela-150x150.jpeg",150,150,true],"cvmm-medium":["https:\/\/laredlarioja.com.ar\/sitio\/wp-content\/uploads\/2023\/11\/Quintela-300x300.jpeg",300,300,true],"cvmm-medium-plus":["https:\/\/laredlarioja.com.ar\/sitio\/wp-content\/uploads\/2023\/11\/Quintela-305x207.jpeg",305,207,true],"cvmm-portrait":["https:\/\/laredlarioja.com.ar\/sitio\/wp-content\/uploads\/2023\/11\/Quintela-400x600.jpeg",400,600,true],"cvmm-medium-square":["https:\/\/laredlarioja.com.ar\/sitio\/wp-content\/uploads\/2023\/11\/Quintela-600x600.jpeg",600,600,true],"cvmm-large":["https:\/\/laredlarioja.com.ar\/sitio\/wp-content\/uploads\/2023\/11\/Quintela.jpeg",839,655,false],"cvmm-small":["https:\/\/laredlarioja.com.ar\/sitio\/wp-content\/uploads\/2023\/11\/Quintela-130x95.jpeg",130,95,true],"full":["https:\/\/laredlarioja.com.ar\/sitio\/wp-content\/uploads\/2023\/11\/Quintela.jpeg",839,655,false]},"_links":{"self":[{"href":"https:\/\/laredlarioja.com.ar\/sitio\/wp-json\/wp\/v2\/posts\/61611","targetHints":{"allow":["GET"]}}],"collection":[{"href":"https:\/\/laredlarioja.com.ar\/sitio\/wp-json\/wp\/v2\/posts"}],"about":[{"href":"https:\/\/laredlarioja.com.ar\/sitio\/wp-json\/wp\/v2\/types\/post"}],"author":[{"embeddable":true,"href":"https:\/\/laredlarioja.com.ar\/sitio\/wp-json\/wp\/v2\/users\/13"}],"replies":[{"embeddable":true,"href":"https:\/\/laredlarioja.com.ar\/sitio\/wp-json\/wp\/v2\/comments?post=61611"}],"version-history":[{"count":1,"href":"https:\/\/laredlarioja.com.ar\/sitio\/wp-json\/wp\/v2\/posts\/61611\/revisions"}],"predecessor-version":[{"id":61612,"href":"https:\/\/laredlarioja.com.ar\/sitio\/wp-json\/wp\/v2\/posts\/61611\/revisions\/61612"}],"wp:featuredmedia":[{"embeddable":true,"href":"https:\/\/laredlarioja.com.ar\/sitio\/wp-json\/wp\/v2\/media\/38613"}],"wp:attachment":[{"href":"https:\/\/laredlarioja.com.ar\/sitio\/wp-json\/wp\/v2\/media?parent=61611"}],"wp:term":[{"taxonomy":"category","embeddable":true,"href":"https:\/\/laredlarioja.com.ar\/sitio\/wp-json\/wp\/v2\/categories?post=61611"},{"taxonomy":"post_tag","embeddable":true,"href":"https:\/\/laredlarioja.com.ar\/sitio\/wp-json\/wp\/v2\/tags?post=61611"}],"curies":[{"name":"wp","href":"https:\/\/api.w.org\/{rel}","templated":true}]}}