{"id":61613,"date":"2025-05-08T23:19:54","date_gmt":"2025-05-08T23:19:54","guid":{"rendered":"https:\/\/laredlarioja.com.ar\/sitio\/?p=61613"},"modified":"2025-05-08T23:19:54","modified_gmt":"2025-05-08T23:19:54","slug":"donald-trump-felicito-al-papa-leon-xiv-es-un-honor-que-sea-el-primer-papa-estadounidense","status":"publish","type":"post","link":"https:\/\/laredlarioja.com.ar\/sitio\/donald-trump-felicito-al-papa-leon-xiv-es-un-honor-que-sea-el-primer-papa-estadounidense\/","title":{"rendered":"Donald Trump felicit\u00f3 al Papa Le\u00f3n XIV: \u201cEs un honor que sea el primer Papa estadounidense\u201d"},"content":{"rendered":"<p>&nbsp;<\/p>\n<p>El presidente de los Estados Unidos, Donald Trump, celebr\u00f3 con entusiasmo la elecci\u00f3n del cardenal Robert Prevost como nuevo Sumo Pont\u00edfice de la Iglesia Cat\u00f3lica, quien asumi\u00f3 el nombre de Le\u00f3n XIV. En declaraciones p\u00fablicas y a trav\u00e9s de su red social Truth Social, Trump expres\u00f3 su emoci\u00f3n por el hecho de que, por primera vez en la historia, un ciudadano estadounidense ocupa el trono de San Pedro.<\/p>\n<p>\u201cEs un honor que sea el primer Papa estadounidense\u201d, afirm\u00f3 el mandatario, destacando el impacto hist\u00f3rico de la designaci\u00f3n no solo para la Iglesia, sino tambi\u00e9n para el pueblo de Estados Unidos. En el mismo mensaje, Trump agreg\u00f3 que siente una \u201cgran emoci\u00f3n\u201d y un \u201chonor inmenso\u201d que, seg\u00fan dijo, se extiende a toda la naci\u00f3n.<\/p>\n<p>A trav\u00e9s de su plataforma digital, el presidente tambi\u00e9n anticip\u00f3 un posible encuentro con el nuevo pont\u00edfice: \u201c\u00a1Ser\u00e1 un momento muy significativo!\u201d, escribi\u00f3, sin dar m\u00e1s detalles sobre una eventual audiencia con Le\u00f3n XIV.<\/p>\n<p>La proclamaci\u00f3n del papa Le\u00f3n XIV \u2014nombre adoptado por Prevost Mart\u00ednez durante el c\u00f3nclave celebrado en la Capilla Sixtina\u2014 marca un hito en la historia moderna del Vaticano. La elecci\u00f3n fue recibida con gran atenci\u00f3n en todo el mundo, especialmente en Estados Unidos, donde numerosos l\u00edderes pol\u00edticos y religiosos manifestaron su apoyo y orgullo por el hist\u00f3rico nombramiento.<\/p>\n","protected":false},"excerpt":{"rendered":"<p>&nbsp; El presidente de los Estados Unidos, Donald Trump, celebr\u00f3 con entusiasmo la elecci\u00f3n del cardenal Robert Prevost<\/p>\n","protected":false},"author":13,"featured_media":54556,"comment_status":"closed","ping_status":"open","sticky":false,"template":"","format":"standard","meta":{"footnotes":""},"categories":[93],"tags":[84],"class_list":["post-61613","post","type-post","status-publish","format-standard","has-post-thumbnail","hentry","category-internacionales","tag-secundaria"],"yoast_head":"<!-- This site is optimized with the Yoast SEO plugin v27.4 - https:\/\/yoast.com\/product\/yoast-seo-wordpress\/ -->\n<title>Donald Trump felicit\u00f3 al Papa Le\u00f3n XIV: \u201cEs un honor que sea el primer Papa estadounidense\u201d - LA RED 88.3 LA RIOJA<\/title>\n<meta name=\"robots\" content=\"index, follow, max-snippet:-1, max-image-preview:large, max-video-preview:-1\" \/>\n<link rel=\"canonical\" href=\"https:\/\/laredlarioja.com.ar\/sitio\/donald-trump-felicito-al-papa-leon-xiv-es-un-honor-que-sea-el-primer-papa-estadounidense\/\" \/>\n<meta property=\"og:locale\" content=\"es_ES\" \/>\n<meta property=\"og:type\" content=\"article\" \/>\n<meta property=\"og:title\" content=\"Donald Trump felicit\u00f3 al Papa Le\u00f3n XIV: \u201cEs un honor que sea el primer Papa estadounidense\u201d - LA RED 88.3 LA RIOJA\" \/>\n<meta property=\"og:description\" content=\"&nbsp; El presidente de los Estados Unidos, Donald Trump, celebr\u00f3 con entusiasmo la elecci\u00f3n del cardenal Robert Prevost\" \/>\n<meta property=\"og:url\" content=\"https:\/\/laredlarioja.com.ar\/sitio\/donald-trump-felicito-al-papa-leon-xiv-es-un-honor-que-sea-el-primer-papa-estadounidense\/\" \/>\n<meta property=\"og:site_name\" content=\"LA RED 88.3 LA RIOJA\" \/>\n<meta property=\"article:publisher\" content=\"https:\/\/www.facebook.com\/lared.larioja\" \/>\n<meta property=\"article:published_time\" content=\"2025-05-08T23:19:54+00:00\" \/>\n<meta property=\"og:image\" content=\"https:\/\/laredlarioja.com.ar\/sitio\/wp-content\/uploads\/2024\/11\/trump.webp\" \/>\n\t<meta property=\"og:image:width\" content=\"1080\" \/>\n\t<meta property=\"og:image:height\" content=\"720\" \/>\n\t<meta property=\"og:image:type\" content=\"image\/webp\" \/>\n<meta name=\"author\" content=\"Maria De La Vega\" \/>\n<meta name=\"twitter:card\" content=\"summary_large_image\" \/>\n<meta name=\"twitter:creator\" content=\"@laredlarioja1\" \/>\n<meta name=\"twitter:site\" content=\"@laredlarioja1\" \/>\n<meta name=\"twitter:label1\" content=\"Escrito por\" \/>\n\t<meta name=\"twitter:data1\" content=\"Maria De La Vega\" \/>\n\t<meta name=\"twitter:label2\" content=\"Tiempo de lectura\" \/>\n\t<meta name=\"twitter:data2\" content=\"1 minuto\" \/>\n<script type=\"application\/ld+json\" class=\"yoast-schema-graph\">{\"@context\":\"https:\\\/\\\/schema.org\",\"@graph\":[{\"@type\":\"Article\",\"@id\":\"https:\\\/\\\/laredlarioja.com.ar\\\/sitio\\\/donald-trump-felicito-al-papa-leon-xiv-es-un-honor-que-sea-el-primer-papa-estadounidense\\\/#article\",\"isPartOf\":{\"@id\":\"https:\\\/\\\/laredlarioja.com.ar\\\/sitio\\\/donald-trump-felicito-al-papa-leon-xiv-es-un-honor-que-sea-el-primer-papa-estadounidense\\\/\"},\"author\":{\"name\":\"Maria De La Vega\",\"@id\":\"https:\\\/\\\/laredlarioja.com.ar\\\/sitio\\\/#\\\/schema\\\/person\\\/8b98ebe852851a8bdc8acd6ec6918de9\"},\"headline\":\"Donald Trump felicit\u00f3 al Papa Le\u00f3n XIV: \u201cEs un honor que sea el primer Papa estadounidense\u201d\",\"datePublished\":\"2025-05-08T23:19:54+00:00\",\"mainEntityOfPage\":{\"@id\":\"https:\\\/\\\/laredlarioja.com.ar\\\/sitio\\\/donald-trump-felicito-al-papa-leon-xiv-es-un-honor-que-sea-el-primer-papa-estadounidense\\\/\"},\"wordCount\":261,\"publisher\":{\"@id\":\"https:\\\/\\\/laredlarioja.com.ar\\\/sitio\\\/#organization\"},\"image\":{\"@id\":\"https:\\\/\\\/laredlarioja.com.ar\\\/sitio\\\/donald-trump-felicito-al-papa-leon-xiv-es-un-honor-que-sea-el-primer-papa-estadounidense\\\/#primaryimage\"},\"thumbnailUrl\":\"https:\\\/\\\/laredlarioja.com.ar\\\/sitio\\\/wp-content\\\/uploads\\\/2024\\\/11\\\/trump.webp\",\"keywords\":[\"Secundaria\"],\"articleSection\":[\"Internacionales\"],\"inLanguage\":\"es\"},{\"@type\":\"WebPage\",\"@id\":\"https:\\\/\\\/laredlarioja.com.ar\\\/sitio\\\/donald-trump-felicito-al-papa-leon-xiv-es-un-honor-que-sea-el-primer-papa-estadounidense\\\/\",\"url\":\"https:\\\/\\\/laredlarioja.com.ar\\\/sitio\\\/donald-trump-felicito-al-papa-leon-xiv-es-un-honor-que-sea-el-primer-papa-estadounidense\\\/\",\"name\":\"Donald Trump felicit\u00f3 al Papa Le\u00f3n XIV: \u201cEs un honor que sea el primer Papa estadounidense\u201d - LA RED 88.3 LA RIOJA\",\"isPartOf\":{\"@id\":\"https:\\\/\\\/laredlarioja.com.ar\\\/sitio\\\/#website\"},\"primaryImageOfPage\":{\"@id\":\"https:\\\/\\\/laredlarioja.com.ar\\\/sitio\\\/donald-trump-felicito-al-papa-leon-xiv-es-un-honor-que-sea-el-primer-papa-estadounidense\\\/#primaryimage\"},\"image\":{\"@id\":\"https:\\\/\\\/laredlarioja.com.ar\\\/sitio\\\/donald-trump-felicito-al-papa-leon-xiv-es-un-honor-que-sea-el-primer-papa-estadounidense\\\/#primaryimage\"},\"thumbnailUrl\":\"https:\\\/\\\/laredlarioja.com.ar\\\/sitio\\\/wp-content\\\/uploads\\\/2024\\\/11\\\/trump.webp\",\"datePublished\":\"2025-05-08T23:19:54+00:00\",\"breadcrumb\":{\"@id\":\"https:\\\/\\\/laredlarioja.com.ar\\\/sitio\\\/donald-trump-felicito-al-papa-leon-xiv-es-un-honor-que-sea-el-primer-papa-estadounidense\\\/#breadcrumb\"},\"inLanguage\":\"es\",\"potentialAction\":[{\"@type\":\"ReadAction\",\"target\":[\"https:\\\/\\\/laredlarioja.com.ar\\\/sitio\\\/donald-trump-felicito-al-papa-leon-xiv-es-un-honor-que-sea-el-primer-papa-estadounidense\\\/\"]}]},{\"@type\":\"ImageObject\",\"inLanguage\":\"es\",\"@id\":\"https:\\\/\\\/laredlarioja.com.ar\\\/sitio\\\/donald-trump-felicito-al-papa-leon-xiv-es-un-honor-que-sea-el-primer-papa-estadounidense\\\/#primaryimage\",\"url\":\"https:\\\/\\\/laredlarioja.com.ar\\\/sitio\\\/wp-content\\\/uploads\\\/2024\\\/11\\\/trump.webp\",\"contentUrl\":\"https:\\\/\\\/laredlarioja.com.ar\\\/sitio\\\/wp-content\\\/uploads\\\/2024\\\/11\\\/trump.webp\",\"width\":1080,\"height\":720},{\"@type\":\"BreadcrumbList\",\"@id\":\"https:\\\/\\\/laredlarioja.com.ar\\\/sitio\\\/donald-trump-felicito-al-papa-leon-xiv-es-un-honor-que-sea-el-primer-papa-estadounidense\\\/#breadcrumb\",\"itemListElement\":[{\"@type\":\"ListItem\",\"position\":1,\"name\":\"Portada\",\"item\":\"https:\\\/\\\/laredlarioja.com.ar\\\/sitio\\\/\"},{\"@type\":\"ListItem\",\"position\":2,\"name\":\"Donald Trump felicit\u00f3 al Papa Le\u00f3n XIV: \u201cEs un honor que sea el primer Papa estadounidense\u201d\"}]},{\"@type\":\"WebSite\",\"@id\":\"https:\\\/\\\/laredlarioja.com.ar\\\/sitio\\\/#website\",\"url\":\"https:\\\/\\\/laredlarioja.com.ar\\\/sitio\\\/\",\"name\":\"LA RED 88.3 LA RIOJA\",\"description\":\"Sitio de Noticias\",\"publisher\":{\"@id\":\"https:\\\/\\\/laredlarioja.com.ar\\\/sitio\\\/#organization\"},\"potentialAction\":[{\"@type\":\"SearchAction\",\"target\":{\"@type\":\"EntryPoint\",\"urlTemplate\":\"https:\\\/\\\/laredlarioja.com.ar\\\/sitio\\\/?s={search_term_string}\"},\"query-input\":{\"@type\":\"PropertyValueSpecification\",\"valueRequired\":true,\"valueName\":\"search_term_string\"}}],\"inLanguage\":\"es\"},{\"@type\":\"Organization\",\"@id\":\"https:\\\/\\\/laredlarioja.com.ar\\\/sitio\\\/#organization\",\"name\":\"LA RED 88.3 LA RIOJA\",\"url\":\"https:\\\/\\\/laredlarioja.com.ar\\\/sitio\\\/\",\"logo\":{\"@type\":\"ImageObject\",\"inLanguage\":\"es\",\"@id\":\"https:\\\/\\\/laredlarioja.com.ar\\\/sitio\\\/#\\\/schema\\\/logo\\\/image\\\/\",\"url\":\"https:\\\/\\\/laredlarioja.com.ar\\\/sitio\\\/wp-content\\\/uploads\\\/2025\\\/05\\\/LOGO-LA-RED.png\",\"contentUrl\":\"https:\\\/\\\/laredlarioja.com.ar\\\/sitio\\\/wp-content\\\/uploads\\\/2025\\\/05\\\/LOGO-LA-RED.png\",\"width\":193,\"height\":340,\"caption\":\"LA RED 88.3 LA RIOJA\"},\"image\":{\"@id\":\"https:\\\/\\\/laredlarioja.com.ar\\\/sitio\\\/#\\\/schema\\\/logo\\\/image\\\/\"},\"sameAs\":[\"https:\\\/\\\/www.facebook.com\\\/lared.larioja\",\"https:\\\/\\\/x.com\\\/laredlarioja1\",\"https:\\\/\\\/www.instagram.com\\\/lared_larioja\\\/\"]},{\"@type\":\"Person\",\"@id\":\"https:\\\/\\\/laredlarioja.com.ar\\\/sitio\\\/#\\\/schema\\\/person\\\/8b98ebe852851a8bdc8acd6ec6918de9\",\"name\":\"Maria De La Vega\",\"sameAs\":[\"http:\\\/\\\/laredlarioja.com.ar\"],\"url\":\"https:\\\/\\\/laredlarioja.com.ar\\\/sitio\\\/author\\\/maru\\\/\"}]}<\/script>\n<!-- \/ Yoast SEO plugin. -->","yoast_head_json":{"title":"Donald Trump felicit\u00f3 al Papa Le\u00f3n XIV: \u201cEs un honor que sea el primer Papa estadounidense\u201d - LA RED 88.3 LA RIOJA","robots":{"index":"index","follow":"follow","max-snippet":"max-snippet:-1","max-image-preview":"max-image-preview:large","max-video-preview":"max-video-preview:-1"},"canonical":"https:\/\/laredlarioja.com.ar\/sitio\/donald-trump-felicito-al-papa-leon-xiv-es-un-honor-que-sea-el-primer-papa-estadounidense\/","og_locale":"es_ES","og_type":"article","og_title":"Donald Trump felicit\u00f3 al Papa Le\u00f3n XIV: \u201cEs un honor que sea el primer Papa estadounidense\u201d - LA RED 88.3 LA RIOJA","og_description":"&nbsp; El presidente de los Estados Unidos, Donald Trump, celebr\u00f3 con entusiasmo la elecci\u00f3n del cardenal Robert Prevost","og_url":"https:\/\/laredlarioja.com.ar\/sitio\/donald-trump-felicito-al-papa-leon-xiv-es-un-honor-que-sea-el-primer-papa-estadounidense\/","og_site_name":"LA RED 88.3 LA RIOJA","article_publisher":"https:\/\/www.facebook.com\/lared.larioja","article_published_time":"2025-05-08T23:19:54+00:00","og_image":[{"width":1080,"height":720,"url":"https:\/\/laredlarioja.com.ar\/sitio\/wp-content\/uploads\/2024\/11\/trump.webp","type":"image\/webp"}],"author":"Maria De La Vega","twitter_card":"summary_large_image","twitter_creator":"@laredlarioja1","twitter_site":"@laredlarioja1","twitter_misc":{"Escrito por":"Maria De La Vega","Tiempo de lectura":"1 minuto"},"schema":{"@context":"https:\/\/schema.org","@graph":[{"@type":"Article","@id":"https:\/\/laredlarioja.com.ar\/sitio\/donald-trump-felicito-al-papa-leon-xiv-es-un-honor-que-sea-el-primer-papa-estadounidense\/#article","isPartOf":{"@id":"https:\/\/laredlarioja.com.ar\/sitio\/donald-trump-felicito-al-papa-leon-xiv-es-un-honor-que-sea-el-primer-papa-estadounidense\/"},"author":{"name":"Maria De La Vega","@id":"https:\/\/laredlarioja.com.ar\/sitio\/#\/schema\/person\/8b98ebe852851a8bdc8acd6ec6918de9"},"headline":"Donald Trump felicit\u00f3 al Papa Le\u00f3n XIV: \u201cEs un honor que sea el primer Papa estadounidense\u201d","datePublished":"2025-05-08T23:19:54+00:00","mainEntityOfPage":{"@id":"https:\/\/laredlarioja.com.ar\/sitio\/donald-trump-felicito-al-papa-leon-xiv-es-un-honor-que-sea-el-primer-papa-estadounidense\/"},"wordCount":261,"publisher":{"@id":"https:\/\/laredlarioja.com.ar\/sitio\/#organization"},"image":{"@id":"https:\/\/laredlarioja.com.ar\/sitio\/donald-trump-felicito-al-papa-leon-xiv-es-un-honor-que-sea-el-primer-papa-estadounidense\/#primaryimage"},"thumbnailUrl":"https:\/\/laredlarioja.com.ar\/sitio\/wp-content\/uploads\/2024\/11\/trump.webp","keywords":["Secundaria"],"articleSection":["Internacionales"],"inLanguage":"es"},{"@type":"WebPage","@id":"https:\/\/laredlarioja.com.ar\/sitio\/donald-trump-felicito-al-papa-leon-xiv-es-un-honor-que-sea-el-primer-papa-estadounidense\/","url":"https:\/\/laredlarioja.com.ar\/sitio\/donald-trump-felicito-al-papa-leon-xiv-es-un-honor-que-sea-el-primer-papa-estadounidense\/","name":"Donald Trump felicit\u00f3 al Papa Le\u00f3n XIV: \u201cEs un honor que sea el primer Papa estadounidense\u201d - LA RED 88.3 LA RIOJA","isPartOf":{"@id":"https:\/\/laredlarioja.com.ar\/sitio\/#website"},"primaryImageOfPage":{"@id":"https:\/\/laredlarioja.com.ar\/sitio\/donald-trump-felicito-al-papa-leon-xiv-es-un-honor-que-sea-el-primer-papa-estadounidense\/#primaryimage"},"image":{"@id":"https:\/\/laredlarioja.com.ar\/sitio\/donald-trump-felicito-al-papa-leon-xiv-es-un-honor-que-sea-el-primer-papa-estadounidense\/#primaryimage"},"thumbnailUrl":"https:\/\/laredlarioja.com.ar\/sitio\/wp-content\/uploads\/2024\/11\/trump.webp","datePublished":"2025-05-08T23:19:54+00:00","breadcrumb":{"@id":"https:\/\/laredlarioja.com.ar\/sitio\/donald-trump-felicito-al-papa-leon-xiv-es-un-honor-que-sea-el-primer-papa-estadounidense\/#breadcrumb"},"inLanguage":"es","potentialAction":[{"@type":"ReadAction","target":["https:\/\/laredlarioja.com.ar\/sitio\/donald-trump-felicito-al-papa-leon-xiv-es-un-honor-que-sea-el-primer-papa-estadounidense\/"]}]},{"@type":"ImageObject","inLanguage":"es","@id":"https:\/\/laredlarioja.com.ar\/sitio\/donald-trump-felicito-al-papa-leon-xiv-es-un-honor-que-sea-el-primer-papa-estadounidense\/#primaryimage","url":"https:\/\/laredlarioja.com.ar\/sitio\/wp-content\/uploads\/2024\/11\/trump.webp","contentUrl":"https:\/\/laredlarioja.com.ar\/sitio\/wp-content\/uploads\/2024\/11\/trump.webp","width":1080,"height":720},{"@type":"BreadcrumbList","@id":"https:\/\/laredlarioja.com.ar\/sitio\/donald-trump-felicito-al-papa-leon-xiv-es-un-honor-que-sea-el-primer-papa-estadounidense\/#breadcrumb","itemListElement":[{"@type":"ListItem","position":1,"name":"Portada","item":"https:\/\/laredlarioja.com.ar\/sitio\/"},{"@type":"ListItem","position":2,"name":"Donald Trump felicit\u00f3 al Papa Le\u00f3n XIV: \u201cEs un honor que sea el primer Papa estadounidense\u201d"}]},{"@type":"WebSite","@id":"https:\/\/laredlarioja.com.ar\/sitio\/#website","url":"https:\/\/laredlarioja.com.ar\/sitio\/","name":"LA RED 88.3 LA RIOJA","description":"Sitio de Noticias","publisher":{"@id":"https:\/\/laredlarioja.com.ar\/sitio\/#organization"},"potentialAction":[{"@type":"SearchAction","target":{"@type":"EntryPoint","urlTemplate":"https:\/\/laredlarioja.com.ar\/sitio\/?s={search_term_string}"},"query-input":{"@type":"PropertyValueSpecification","valueRequired":true,"valueName":"search_term_string"}}],"inLanguage":"es"},{"@type":"Organization","@id":"https:\/\/laredlarioja.com.ar\/sitio\/#organization","name":"LA RED 88.3 LA RIOJA","url":"https:\/\/laredlarioja.com.ar\/sitio\/","logo":{"@type":"ImageObject","inLanguage":"es","@id":"https:\/\/laredlarioja.com.ar\/sitio\/#\/schema\/logo\/image\/","url":"https:\/\/laredlarioja.com.ar\/sitio\/wp-content\/uploads\/2025\/05\/LOGO-LA-RED.png","contentUrl":"https:\/\/laredlarioja.com.ar\/sitio\/wp-content\/uploads\/2025\/05\/LOGO-LA-RED.png","width":193,"height":340,"caption":"LA RED 88.3 LA RIOJA"},"image":{"@id":"https:\/\/laredlarioja.com.ar\/sitio\/#\/schema\/logo\/image\/"},"sameAs":["https:\/\/www.facebook.com\/lared.larioja","https:\/\/x.com\/laredlarioja1","https:\/\/www.instagram.com\/lared_larioja\/"]},{"@type":"Person","@id":"https:\/\/laredlarioja.com.ar\/sitio\/#\/schema\/person\/8b98ebe852851a8bdc8acd6ec6918de9","name":"Maria De La Vega","sameAs":["http:\/\/laredlarioja.com.ar"],"url":"https:\/\/laredlarioja.com.ar\/sitio\/author\/maru\/"}]}},"featured_image_urls":{"full":["https:\/\/laredlarioja.com.ar\/sitio\/wp-content\/uploads\/2024\/11\/trump.webp",1080,720,false],"thumbnail":["https:\/\/laredlarioja.com.ar\/sitio\/wp-content\/uploads\/2024\/11\/trump-150x150.webp",150,150,true],"medium":["https:\/\/laredlarioja.com.ar\/sitio\/wp-content\/uploads\/2024\/11\/trump-300x200.webp",300,200,true],"medium_large":["https:\/\/laredlarioja.com.ar\/sitio\/wp-content\/uploads\/2024\/11\/trump-768x512.webp",640,427,true],"large":["https:\/\/laredlarioja.com.ar\/sitio\/wp-content\/uploads\/2024\/11\/trump-1024x683.webp",640,427,true],"1536x1536":["https:\/\/laredlarioja.com.ar\/sitio\/wp-content\/uploads\/2024\/11\/trump.webp",1080,720,false],"2048x2048":["https:\/\/laredlarioja.com.ar\/sitio\/wp-content\/uploads\/2024\/11\/trump.webp",1080,720,false],"cvmm-medium":["https:\/\/laredlarioja.com.ar\/sitio\/wp-content\/uploads\/2024\/11\/trump-300x300.webp",300,300,true],"cvmm-medium-plus":["https:\/\/laredlarioja.com.ar\/sitio\/wp-content\/uploads\/2024\/11\/trump-305x207.webp",305,207,true],"cvmm-portrait":["https:\/\/laredlarioja.com.ar\/sitio\/wp-content\/uploads\/2024\/11\/trump-400x600.webp",400,600,true],"cvmm-medium-square":["https:\/\/laredlarioja.com.ar\/sitio\/wp-content\/uploads\/2024\/11\/trump-600x600.webp",600,600,true],"cvmm-large":["https:\/\/laredlarioja.com.ar\/sitio\/wp-content\/uploads\/2024\/11\/trump-1024x720.webp",1024,720,true],"cvmm-small":["https:\/\/laredlarioja.com.ar\/sitio\/wp-content\/uploads\/2024\/11\/trump-130x95.webp",130,95,true],"morenews-large":["https:\/\/laredlarioja.com.ar\/sitio\/wp-content\/uploads\/2024\/11\/trump-825x575.webp",825,575,true],"morenews-medium":["https:\/\/laredlarioja.com.ar\/sitio\/wp-content\/uploads\/2024\/11\/trump-590x410.webp",590,410,true]},"author_info":{"display_name":"Maria De La Vega","author_link":"https:\/\/laredlarioja.com.ar\/sitio\/author\/maru\/"},"category_info":"<a href=\"https:\/\/laredlarioja.com.ar\/sitio\/categorias\/internacionales\/\" rel=\"category tag\">Internacionales<\/a>","tag_info":"Internacionales","comment_count":"0","blog_post_layout_featured_media_urls":{"thumbnail":["https:\/\/laredlarioja.com.ar\/sitio\/wp-content\/uploads\/2024\/11\/trump-150x150.webp",150,150,true],"full":["https:\/\/laredlarioja.com.ar\/sitio\/wp-content\/uploads\/2024\/11\/trump.webp",1080,720,false]},"categories_names":{"93":{"name":"Internacionales","link":"https:\/\/laredlarioja.com.ar\/sitio\/categorias\/internacionales\/"}},"tags_names":{"84":{"name":"Secundaria","link":"https:\/\/laredlarioja.com.ar\/sitio\/etiquetas\/secundaria\/"}},"comments_number":"0","wpmagazine_modules_lite_featured_media_urls":{"thumbnail":["https:\/\/laredlarioja.com.ar\/sitio\/wp-content\/uploads\/2024\/11\/trump-150x150.webp",150,150,true],"cvmm-medium":["https:\/\/laredlarioja.com.ar\/sitio\/wp-content\/uploads\/2024\/11\/trump-300x300.webp",300,300,true],"cvmm-medium-plus":["https:\/\/laredlarioja.com.ar\/sitio\/wp-content\/uploads\/2024\/11\/trump-305x207.webp",305,207,true],"cvmm-portrait":["https:\/\/laredlarioja.com.ar\/sitio\/wp-content\/uploads\/2024\/11\/trump-400x600.webp",400,600,true],"cvmm-medium-square":["https:\/\/laredlarioja.com.ar\/sitio\/wp-content\/uploads\/2024\/11\/trump-600x600.webp",600,600,true],"cvmm-large":["https:\/\/laredlarioja.com.ar\/sitio\/wp-content\/uploads\/2024\/11\/trump-1024x720.webp",1024,720,true],"cvmm-small":["https:\/\/laredlarioja.com.ar\/sitio\/wp-content\/uploads\/2024\/11\/trump-130x95.webp",130,95,true],"full":["https:\/\/laredlarioja.com.ar\/sitio\/wp-content\/uploads\/2024\/11\/trump.webp",1080,720,false]},"_links":{"self":[{"href":"https:\/\/laredlarioja.com.ar\/sitio\/wp-json\/wp\/v2\/posts\/61613","targetHints":{"allow":["GET"]}}],"collection":[{"href":"https:\/\/laredlarioja.com.ar\/sitio\/wp-json\/wp\/v2\/posts"}],"about":[{"href":"https:\/\/laredlarioja.com.ar\/sitio\/wp-json\/wp\/v2\/types\/post"}],"author":[{"embeddable":true,"href":"https:\/\/laredlarioja.com.ar\/sitio\/wp-json\/wp\/v2\/users\/13"}],"replies":[{"embeddable":true,"href":"https:\/\/laredlarioja.com.ar\/sitio\/wp-json\/wp\/v2\/comments?post=61613"}],"version-history":[{"count":1,"href":"https:\/\/laredlarioja.com.ar\/sitio\/wp-json\/wp\/v2\/posts\/61613\/revisions"}],"predecessor-version":[{"id":61614,"href":"https:\/\/laredlarioja.com.ar\/sitio\/wp-json\/wp\/v2\/posts\/61613\/revisions\/61614"}],"wp:featuredmedia":[{"embeddable":true,"href":"https:\/\/laredlarioja.com.ar\/sitio\/wp-json\/wp\/v2\/media\/54556"}],"wp:attachment":[{"href":"https:\/\/laredlarioja.com.ar\/sitio\/wp-json\/wp\/v2\/media?parent=61613"}],"wp:term":[{"taxonomy":"category","embeddable":true,"href":"https:\/\/laredlarioja.com.ar\/sitio\/wp-json\/wp\/v2\/categories?post=61613"},{"taxonomy":"post_tag","embeddable":true,"href":"https:\/\/laredlarioja.com.ar\/sitio\/wp-json\/wp\/v2\/tags?post=61613"}],"curies":[{"name":"wp","href":"https:\/\/api.w.org\/{rel}","templated":true}]}}