{"id":61796,"date":"2025-05-13T14:29:27","date_gmt":"2025-05-13T14:29:27","guid":{"rendered":"https:\/\/laredlarioja.com.ar\/sitio\/?p=61796"},"modified":"2025-05-13T15:23:13","modified_gmt":"2025-05-13T15:23:13","slug":"quintela-sobre-aumento-salarial-estamos-trabajando-en-eso","status":"publish","type":"post","link":"https:\/\/laredlarioja.com.ar\/sitio\/quintela-sobre-aumento-salarial-estamos-trabajando-en-eso\/","title":{"rendered":"Quintela sobre aumento salarial: \u00abEstamos trabajando en eso\u00bb"},"content":{"rendered":"<p>Durante la inauguraci\u00f3n de la nueva luminaria en la Avenida Homero Coronel Montes, en la zona sur de la Capital, el gobernador Ricardo Quintela expres\u00f3 su preocupaci\u00f3n por la situaci\u00f3n econ\u00f3mica de la Provincia y la falta de acompa\u00f1amiento del gobierno nacional.<\/p>\n<p>Consultado por posibles anuncios de aumentos salariales, sostuvo: <strong>\u201cEstamos trabajando en eso; los recursos son los mismos, no tenemos incremento de recursos. Estamos tratando de incrementar sin atosigar a los riojanos, de eficientizar.<\/strong> Que todos podamos hacer un peque\u00f1o aporte pagando nuestras contribuciones y pagando nuestros impuestos, a los efectos de que cuanto m\u00e1s abarquemos la base impositiva, m\u00e1s recursos vamos a tener para atender. B\u00e1sicamente, que la gente pueda tener, del sector p\u00fablico por lo menos, unos pesos en el bolsillo como para poder consumir y mover la econom\u00eda\u201d.<br \/>\nEn un mensaje a los vecinos, concluy\u00f3: \u201cQue tengan esperanza. Que, a pesar de las dificultades, vamos a trabajar para ayudar a nuestra gente de todos los departamentos, de todos los distritos, para que por lo menos la obra y los servicios b\u00e1sicos los puedan tener\u201d.<\/p>\n<p>Respecto de la relaci\u00f3n con el gobierno nacional, Quintela respondi\u00f3: \u201cNo es un problema de La Rioja \u00fanicamente. Con La Rioja se profundiza a\u00fan m\u00e1s porque a La Rioja le quitaron fondos extra que llegaban en compensaci\u00f3n del punto de coparticipaci\u00f3n que se le quit\u00f3 a la Provincia, como todos conocen. Bueno, entonces se agrava la situaci\u00f3n de la provincia, pero es una situaci\u00f3n de todas las provincias argentinas donde el Estado se ausent\u00f3 de los problemas de las distintas provincias\u201d. En ese sentido, Quintela cuestion\u00f3 el modelo que impulsa el presidente Javier Milei: \u201cCabe preguntarnos para qu\u00e9 est\u00e1 un Estado nacional, si no es para ayudar a desarrollar y hacer crecer a las 23 provincias argentinas. Bueno, el presidente piensa de una manera diferente. \u00c9l considera que el Estado se debe ausentar, que el Estado no debe participar donde existen problemas en la sociedad, que la sociedad se la tiene que resolver por s\u00ed sola. Y nosotros pensamos todo lo contrario: el Estado debe estar presente, de una manera eficiente, donde existen problemas y dificultades para que la sociedad resuelva cotidianamente los problemas que tiene\u201d.<\/p>\n<p>\u201c\u00c9l (Milei) lo plante\u00f3 claramente, desfinanciar a las provincias, dejar sin un peso a las provincias, que es dejar sin posibilidades y oportunidades para que otra gente pueda desarrollarse y pueda satisfacer sus expectativas y sus sue\u00f1os\u201d, expres\u00f3.<\/p>\n<p>Sobre la baja participaci\u00f3n electoral en otras provincias en las elecciones recientes, el mandatario provincial afirm\u00f3 que en La Rioja \u201cse va a trabajar para convocar a la mayor cantidad de ciudadanos posibles, que cumplan con su responsabilidad, su obligaci\u00f3n constitucional, pero fundamentalmente con el derecho de defender la noble tarea y el derecho constitucional de colocar un sufragio. Lo que decimos es que la gente debe hacerlo, y debe hacerlo de manera consciente, a partir de lo que creen que es mejor para su situaci\u00f3n, para su bienestar\u00bb.<br \/>\nEn este marco, se refiri\u00f3 al respaldo popular en otras provincias: \u201cQued\u00f3 demostrado que todos los gobernadores, por lo menos que se presentaron el d\u00eda de ayer, recibieron el apoyo de su sociedad. Gan\u00f3 en Salta el gobernador, gan\u00f3 en Jujuy el gobernador, gan\u00f3 en Chaco el gobernador y gan\u00f3 en San Luis el gobernador. Por lo tanto, los gobiernos que tienen nuestra filosof\u00eda, independientemente del partido al que pertenezcan, que est\u00e1n trabajando por la gente, para la gente y tratando de resolver los problemas de la sociedad, tienen el apoyo de la sociedad\u201d.<br \/>\nRespecto de la posibilidad de un desdoblamiento electoral en La Rioja, indic\u00f3: \u201c<strong>Todav\u00eda no sabemos. El 26 de octubre ser\u00e1n las nacionales. Lo que se debate, se discute, se analiza y se escucha la opini\u00f3n de todos los compa\u00f1eros para tratar de sacar una s\u00edntesis, es el tema de si desdoblamos o no desdoblamos\u201d.<\/strong><\/p>\n<p>&nbsp;<\/p>\n","protected":false},"excerpt":{"rendered":"<p>Durante la inauguraci\u00f3n de la nueva luminaria en la Avenida Homero Coronel Montes, en la zona sur de<\/p>\n","protected":false},"author":10,"featured_media":58949,"comment_status":"closed","ping_status":"open","sticky":false,"template":"","format":"standard","meta":{"footnotes":""},"categories":[23],"tags":[],"class_list":["post-61796","post","type-post","status-publish","format-standard","has-post-thumbnail","hentry","category-politica"],"yoast_head":"<!-- This site is optimized with the Yoast SEO plugin v27.4 - https:\/\/yoast.com\/product\/yoast-seo-wordpress\/ -->\n<title>Quintela sobre aumento salarial: &quot;Estamos trabajando en eso&quot; - LA RED 88.3 LA RIOJA<\/title>\n<meta name=\"robots\" content=\"index, follow, max-snippet:-1, max-image-preview:large, max-video-preview:-1\" \/>\n<link rel=\"canonical\" href=\"https:\/\/laredlarioja.com.ar\/sitio\/quintela-sobre-aumento-salarial-estamos-trabajando-en-eso\/\" \/>\n<meta property=\"og:locale\" content=\"es_ES\" \/>\n<meta property=\"og:type\" content=\"article\" \/>\n<meta property=\"og:title\" content=\"Quintela sobre aumento salarial: &quot;Estamos trabajando en eso&quot; - LA RED 88.3 LA RIOJA\" \/>\n<meta property=\"og:description\" content=\"Durante la inauguraci\u00f3n de la nueva luminaria en la Avenida Homero Coronel Montes, en la zona sur de\" \/>\n<meta property=\"og:url\" content=\"https:\/\/laredlarioja.com.ar\/sitio\/quintela-sobre-aumento-salarial-estamos-trabajando-en-eso\/\" \/>\n<meta property=\"og:site_name\" content=\"LA RED 88.3 LA RIOJA\" \/>\n<meta property=\"article:publisher\" content=\"https:\/\/www.facebook.com\/lared.larioja\" \/>\n<meta property=\"article:published_time\" content=\"2025-05-13T14:29:27+00:00\" \/>\n<meta property=\"article:modified_time\" content=\"2025-05-13T15:23:13+00:00\" \/>\n<meta property=\"og:image\" content=\"https:\/\/laredlarioja.com.ar\/sitio\/wp-content\/uploads\/2025\/03\/Quintela-sesion.jpg\" \/>\n\t<meta property=\"og:image:width\" content=\"567\" \/>\n\t<meta property=\"og:image:height\" content=\"323\" \/>\n\t<meta property=\"og:image:type\" content=\"image\/jpeg\" \/>\n<meta name=\"author\" content=\"La Red\" \/>\n<meta name=\"twitter:card\" content=\"summary_large_image\" \/>\n<meta name=\"twitter:creator\" content=\"@laredlarioja1\" \/>\n<meta name=\"twitter:site\" content=\"@laredlarioja1\" \/>\n<meta name=\"twitter:label1\" content=\"Escrito por\" \/>\n\t<meta name=\"twitter:data1\" content=\"La Red\" \/>\n\t<meta name=\"twitter:label2\" content=\"Tiempo de lectura\" \/>\n\t<meta name=\"twitter:data2\" content=\"4 minutos\" \/>\n<script type=\"application\/ld+json\" class=\"yoast-schema-graph\">{\"@context\":\"https:\\\/\\\/schema.org\",\"@graph\":[{\"@type\":\"Article\",\"@id\":\"https:\\\/\\\/laredlarioja.com.ar\\\/sitio\\\/quintela-sobre-aumento-salarial-estamos-trabajando-en-eso\\\/#article\",\"isPartOf\":{\"@id\":\"https:\\\/\\\/laredlarioja.com.ar\\\/sitio\\\/quintela-sobre-aumento-salarial-estamos-trabajando-en-eso\\\/\"},\"author\":{\"name\":\"La Red\",\"@id\":\"https:\\\/\\\/laredlarioja.com.ar\\\/sitio\\\/#\\\/schema\\\/person\\\/f1e213867beccedaaa4fb548d9259d9a\"},\"headline\":\"Quintela sobre aumento salarial: \u00abEstamos trabajando en eso\u00bb\",\"datePublished\":\"2025-05-13T14:29:27+00:00\",\"dateModified\":\"2025-05-13T15:23:13+00:00\",\"mainEntityOfPage\":{\"@id\":\"https:\\\/\\\/laredlarioja.com.ar\\\/sitio\\\/quintela-sobre-aumento-salarial-estamos-trabajando-en-eso\\\/\"},\"wordCount\":677,\"publisher\":{\"@id\":\"https:\\\/\\\/laredlarioja.com.ar\\\/sitio\\\/#organization\"},\"image\":{\"@id\":\"https:\\\/\\\/laredlarioja.com.ar\\\/sitio\\\/quintela-sobre-aumento-salarial-estamos-trabajando-en-eso\\\/#primaryimage\"},\"thumbnailUrl\":\"https:\\\/\\\/laredlarioja.com.ar\\\/sitio\\\/wp-content\\\/uploads\\\/2025\\\/03\\\/Quintela-sesion.jpg\",\"articleSection\":[\"Pol\u00edtica\"],\"inLanguage\":\"es\"},{\"@type\":\"WebPage\",\"@id\":\"https:\\\/\\\/laredlarioja.com.ar\\\/sitio\\\/quintela-sobre-aumento-salarial-estamos-trabajando-en-eso\\\/\",\"url\":\"https:\\\/\\\/laredlarioja.com.ar\\\/sitio\\\/quintela-sobre-aumento-salarial-estamos-trabajando-en-eso\\\/\",\"name\":\"Quintela sobre aumento salarial: \\\"Estamos trabajando en eso\\\" - LA RED 88.3 LA RIOJA\",\"isPartOf\":{\"@id\":\"https:\\\/\\\/laredlarioja.com.ar\\\/sitio\\\/#website\"},\"primaryImageOfPage\":{\"@id\":\"https:\\\/\\\/laredlarioja.com.ar\\\/sitio\\\/quintela-sobre-aumento-salarial-estamos-trabajando-en-eso\\\/#primaryimage\"},\"image\":{\"@id\":\"https:\\\/\\\/laredlarioja.com.ar\\\/sitio\\\/quintela-sobre-aumento-salarial-estamos-trabajando-en-eso\\\/#primaryimage\"},\"thumbnailUrl\":\"https:\\\/\\\/laredlarioja.com.ar\\\/sitio\\\/wp-content\\\/uploads\\\/2025\\\/03\\\/Quintela-sesion.jpg\",\"datePublished\":\"2025-05-13T14:29:27+00:00\",\"dateModified\":\"2025-05-13T15:23:13+00:00\",\"breadcrumb\":{\"@id\":\"https:\\\/\\\/laredlarioja.com.ar\\\/sitio\\\/quintela-sobre-aumento-salarial-estamos-trabajando-en-eso\\\/#breadcrumb\"},\"inLanguage\":\"es\",\"potentialAction\":[{\"@type\":\"ReadAction\",\"target\":[\"https:\\\/\\\/laredlarioja.com.ar\\\/sitio\\\/quintela-sobre-aumento-salarial-estamos-trabajando-en-eso\\\/\"]}]},{\"@type\":\"ImageObject\",\"inLanguage\":\"es\",\"@id\":\"https:\\\/\\\/laredlarioja.com.ar\\\/sitio\\\/quintela-sobre-aumento-salarial-estamos-trabajando-en-eso\\\/#primaryimage\",\"url\":\"https:\\\/\\\/laredlarioja.com.ar\\\/sitio\\\/wp-content\\\/uploads\\\/2025\\\/03\\\/Quintela-sesion.jpg\",\"contentUrl\":\"https:\\\/\\\/laredlarioja.com.ar\\\/sitio\\\/wp-content\\\/uploads\\\/2025\\\/03\\\/Quintela-sesion.jpg\",\"width\":567,\"height\":323},{\"@type\":\"BreadcrumbList\",\"@id\":\"https:\\\/\\\/laredlarioja.com.ar\\\/sitio\\\/quintela-sobre-aumento-salarial-estamos-trabajando-en-eso\\\/#breadcrumb\",\"itemListElement\":[{\"@type\":\"ListItem\",\"position\":1,\"name\":\"Portada\",\"item\":\"https:\\\/\\\/laredlarioja.com.ar\\\/sitio\\\/\"},{\"@type\":\"ListItem\",\"position\":2,\"name\":\"Quintela sobre aumento salarial: \u00abEstamos trabajando en eso\u00bb\"}]},{\"@type\":\"WebSite\",\"@id\":\"https:\\\/\\\/laredlarioja.com.ar\\\/sitio\\\/#website\",\"url\":\"https:\\\/\\\/laredlarioja.com.ar\\\/sitio\\\/\",\"name\":\"LA RED 88.3 LA RIOJA\",\"description\":\"Sitio de Noticias\",\"publisher\":{\"@id\":\"https:\\\/\\\/laredlarioja.com.ar\\\/sitio\\\/#organization\"},\"potentialAction\":[{\"@type\":\"SearchAction\",\"target\":{\"@type\":\"EntryPoint\",\"urlTemplate\":\"https:\\\/\\\/laredlarioja.com.ar\\\/sitio\\\/?s={search_term_string}\"},\"query-input\":{\"@type\":\"PropertyValueSpecification\",\"valueRequired\":true,\"valueName\":\"search_term_string\"}}],\"inLanguage\":\"es\"},{\"@type\":\"Organization\",\"@id\":\"https:\\\/\\\/laredlarioja.com.ar\\\/sitio\\\/#organization\",\"name\":\"LA RED 88.3 LA RIOJA\",\"url\":\"https:\\\/\\\/laredlarioja.com.ar\\\/sitio\\\/\",\"logo\":{\"@type\":\"ImageObject\",\"inLanguage\":\"es\",\"@id\":\"https:\\\/\\\/laredlarioja.com.ar\\\/sitio\\\/#\\\/schema\\\/logo\\\/image\\\/\",\"url\":\"https:\\\/\\\/laredlarioja.com.ar\\\/sitio\\\/wp-content\\\/uploads\\\/2025\\\/05\\\/LOGO-LA-RED.png\",\"contentUrl\":\"https:\\\/\\\/laredlarioja.com.ar\\\/sitio\\\/wp-content\\\/uploads\\\/2025\\\/05\\\/LOGO-LA-RED.png\",\"width\":193,\"height\":340,\"caption\":\"LA RED 88.3 LA RIOJA\"},\"image\":{\"@id\":\"https:\\\/\\\/laredlarioja.com.ar\\\/sitio\\\/#\\\/schema\\\/logo\\\/image\\\/\"},\"sameAs\":[\"https:\\\/\\\/www.facebook.com\\\/lared.larioja\",\"https:\\\/\\\/x.com\\\/laredlarioja1\",\"https:\\\/\\\/www.instagram.com\\\/lared_larioja\\\/\"]},{\"@type\":\"Person\",\"@id\":\"https:\\\/\\\/laredlarioja.com.ar\\\/sitio\\\/#\\\/schema\\\/person\\\/f1e213867beccedaaa4fb548d9259d9a\",\"name\":\"La Red\",\"url\":\"https:\\\/\\\/laredlarioja.com.ar\\\/sitio\\\/author\\\/lared\\\/\"}]}<\/script>\n<!-- \/ Yoast SEO plugin. -->","yoast_head_json":{"title":"Quintela sobre aumento salarial: \"Estamos trabajando en eso\" - LA RED 88.3 LA RIOJA","robots":{"index":"index","follow":"follow","max-snippet":"max-snippet:-1","max-image-preview":"max-image-preview:large","max-video-preview":"max-video-preview:-1"},"canonical":"https:\/\/laredlarioja.com.ar\/sitio\/quintela-sobre-aumento-salarial-estamos-trabajando-en-eso\/","og_locale":"es_ES","og_type":"article","og_title":"Quintela sobre aumento salarial: \"Estamos trabajando en eso\" - LA RED 88.3 LA RIOJA","og_description":"Durante la inauguraci\u00f3n de la nueva luminaria en la Avenida Homero Coronel Montes, en la zona sur de","og_url":"https:\/\/laredlarioja.com.ar\/sitio\/quintela-sobre-aumento-salarial-estamos-trabajando-en-eso\/","og_site_name":"LA RED 88.3 LA RIOJA","article_publisher":"https:\/\/www.facebook.com\/lared.larioja","article_published_time":"2025-05-13T14:29:27+00:00","article_modified_time":"2025-05-13T15:23:13+00:00","og_image":[{"width":567,"height":323,"url":"https:\/\/laredlarioja.com.ar\/sitio\/wp-content\/uploads\/2025\/03\/Quintela-sesion.jpg","type":"image\/jpeg"}],"author":"La Red","twitter_card":"summary_large_image","twitter_creator":"@laredlarioja1","twitter_site":"@laredlarioja1","twitter_misc":{"Escrito por":"La Red","Tiempo de lectura":"4 minutos"},"schema":{"@context":"https:\/\/schema.org","@graph":[{"@type":"Article","@id":"https:\/\/laredlarioja.com.ar\/sitio\/quintela-sobre-aumento-salarial-estamos-trabajando-en-eso\/#article","isPartOf":{"@id":"https:\/\/laredlarioja.com.ar\/sitio\/quintela-sobre-aumento-salarial-estamos-trabajando-en-eso\/"},"author":{"name":"La Red","@id":"https:\/\/laredlarioja.com.ar\/sitio\/#\/schema\/person\/f1e213867beccedaaa4fb548d9259d9a"},"headline":"Quintela sobre aumento salarial: \u00abEstamos trabajando en eso\u00bb","datePublished":"2025-05-13T14:29:27+00:00","dateModified":"2025-05-13T15:23:13+00:00","mainEntityOfPage":{"@id":"https:\/\/laredlarioja.com.ar\/sitio\/quintela-sobre-aumento-salarial-estamos-trabajando-en-eso\/"},"wordCount":677,"publisher":{"@id":"https:\/\/laredlarioja.com.ar\/sitio\/#organization"},"image":{"@id":"https:\/\/laredlarioja.com.ar\/sitio\/quintela-sobre-aumento-salarial-estamos-trabajando-en-eso\/#primaryimage"},"thumbnailUrl":"https:\/\/laredlarioja.com.ar\/sitio\/wp-content\/uploads\/2025\/03\/Quintela-sesion.jpg","articleSection":["Pol\u00edtica"],"inLanguage":"es"},{"@type":"WebPage","@id":"https:\/\/laredlarioja.com.ar\/sitio\/quintela-sobre-aumento-salarial-estamos-trabajando-en-eso\/","url":"https:\/\/laredlarioja.com.ar\/sitio\/quintela-sobre-aumento-salarial-estamos-trabajando-en-eso\/","name":"Quintela sobre aumento salarial: \"Estamos trabajando en eso\" - LA RED 88.3 LA RIOJA","isPartOf":{"@id":"https:\/\/laredlarioja.com.ar\/sitio\/#website"},"primaryImageOfPage":{"@id":"https:\/\/laredlarioja.com.ar\/sitio\/quintela-sobre-aumento-salarial-estamos-trabajando-en-eso\/#primaryimage"},"image":{"@id":"https:\/\/laredlarioja.com.ar\/sitio\/quintela-sobre-aumento-salarial-estamos-trabajando-en-eso\/#primaryimage"},"thumbnailUrl":"https:\/\/laredlarioja.com.ar\/sitio\/wp-content\/uploads\/2025\/03\/Quintela-sesion.jpg","datePublished":"2025-05-13T14:29:27+00:00","dateModified":"2025-05-13T15:23:13+00:00","breadcrumb":{"@id":"https:\/\/laredlarioja.com.ar\/sitio\/quintela-sobre-aumento-salarial-estamos-trabajando-en-eso\/#breadcrumb"},"inLanguage":"es","potentialAction":[{"@type":"ReadAction","target":["https:\/\/laredlarioja.com.ar\/sitio\/quintela-sobre-aumento-salarial-estamos-trabajando-en-eso\/"]}]},{"@type":"ImageObject","inLanguage":"es","@id":"https:\/\/laredlarioja.com.ar\/sitio\/quintela-sobre-aumento-salarial-estamos-trabajando-en-eso\/#primaryimage","url":"https:\/\/laredlarioja.com.ar\/sitio\/wp-content\/uploads\/2025\/03\/Quintela-sesion.jpg","contentUrl":"https:\/\/laredlarioja.com.ar\/sitio\/wp-content\/uploads\/2025\/03\/Quintela-sesion.jpg","width":567,"height":323},{"@type":"BreadcrumbList","@id":"https:\/\/laredlarioja.com.ar\/sitio\/quintela-sobre-aumento-salarial-estamos-trabajando-en-eso\/#breadcrumb","itemListElement":[{"@type":"ListItem","position":1,"name":"Portada","item":"https:\/\/laredlarioja.com.ar\/sitio\/"},{"@type":"ListItem","position":2,"name":"Quintela sobre aumento salarial: \u00abEstamos trabajando en eso\u00bb"}]},{"@type":"WebSite","@id":"https:\/\/laredlarioja.com.ar\/sitio\/#website","url":"https:\/\/laredlarioja.com.ar\/sitio\/","name":"LA RED 88.3 LA RIOJA","description":"Sitio de Noticias","publisher":{"@id":"https:\/\/laredlarioja.com.ar\/sitio\/#organization"},"potentialAction":[{"@type":"SearchAction","target":{"@type":"EntryPoint","urlTemplate":"https:\/\/laredlarioja.com.ar\/sitio\/?s={search_term_string}"},"query-input":{"@type":"PropertyValueSpecification","valueRequired":true,"valueName":"search_term_string"}}],"inLanguage":"es"},{"@type":"Organization","@id":"https:\/\/laredlarioja.com.ar\/sitio\/#organization","name":"LA RED 88.3 LA RIOJA","url":"https:\/\/laredlarioja.com.ar\/sitio\/","logo":{"@type":"ImageObject","inLanguage":"es","@id":"https:\/\/laredlarioja.com.ar\/sitio\/#\/schema\/logo\/image\/","url":"https:\/\/laredlarioja.com.ar\/sitio\/wp-content\/uploads\/2025\/05\/LOGO-LA-RED.png","contentUrl":"https:\/\/laredlarioja.com.ar\/sitio\/wp-content\/uploads\/2025\/05\/LOGO-LA-RED.png","width":193,"height":340,"caption":"LA RED 88.3 LA RIOJA"},"image":{"@id":"https:\/\/laredlarioja.com.ar\/sitio\/#\/schema\/logo\/image\/"},"sameAs":["https:\/\/www.facebook.com\/lared.larioja","https:\/\/x.com\/laredlarioja1","https:\/\/www.instagram.com\/lared_larioja\/"]},{"@type":"Person","@id":"https:\/\/laredlarioja.com.ar\/sitio\/#\/schema\/person\/f1e213867beccedaaa4fb548d9259d9a","name":"La Red","url":"https:\/\/laredlarioja.com.ar\/sitio\/author\/lared\/"}]}},"featured_image_urls":{"full":["https:\/\/laredlarioja.com.ar\/sitio\/wp-content\/uploads\/2025\/03\/Quintela-sesion.jpg",567,323,false],"thumbnail":["https:\/\/laredlarioja.com.ar\/sitio\/wp-content\/uploads\/2025\/03\/Quintela-sesion-150x150.jpg",150,150,true],"medium":["https:\/\/laredlarioja.com.ar\/sitio\/wp-content\/uploads\/2025\/03\/Quintela-sesion-300x171.jpg",300,171,true],"medium_large":["https:\/\/laredlarioja.com.ar\/sitio\/wp-content\/uploads\/2025\/03\/Quintela-sesion.jpg",567,323,false],"large":["https:\/\/laredlarioja.com.ar\/sitio\/wp-content\/uploads\/2025\/03\/Quintela-sesion.jpg",567,323,false],"1536x1536":["https:\/\/laredlarioja.com.ar\/sitio\/wp-content\/uploads\/2025\/03\/Quintela-sesion.jpg",567,323,false],"2048x2048":["https:\/\/laredlarioja.com.ar\/sitio\/wp-content\/uploads\/2025\/03\/Quintela-sesion.jpg",567,323,false],"cvmm-medium":["https:\/\/laredlarioja.com.ar\/sitio\/wp-content\/uploads\/2025\/03\/Quintela-sesion-300x300.jpg",300,300,true],"cvmm-medium-plus":["https:\/\/laredlarioja.com.ar\/sitio\/wp-content\/uploads\/2025\/03\/Quintela-sesion-305x207.jpg",305,207,true],"cvmm-portrait":["https:\/\/laredlarioja.com.ar\/sitio\/wp-content\/uploads\/2025\/03\/Quintela-sesion-400x323.jpg",400,323,true],"cvmm-medium-square":["https:\/\/laredlarioja.com.ar\/sitio\/wp-content\/uploads\/2025\/03\/Quintela-sesion.jpg",567,323,false],"cvmm-large":["https:\/\/laredlarioja.com.ar\/sitio\/wp-content\/uploads\/2025\/03\/Quintela-sesion.jpg",567,323,false],"cvmm-small":["https:\/\/laredlarioja.com.ar\/sitio\/wp-content\/uploads\/2025\/03\/Quintela-sesion-130x95.jpg",130,95,true],"morenews-large":["https:\/\/laredlarioja.com.ar\/sitio\/wp-content\/uploads\/2025\/03\/Quintela-sesion.jpg",567,323,false],"morenews-medium":["https:\/\/laredlarioja.com.ar\/sitio\/wp-content\/uploads\/2025\/03\/Quintela-sesion.jpg",567,323,false]},"author_info":{"display_name":"La Red","author_link":"https:\/\/laredlarioja.com.ar\/sitio\/author\/lared\/"},"category_info":"<a href=\"https:\/\/laredlarioja.com.ar\/sitio\/categorias\/politica\/\" rel=\"category tag\">Pol\u00edtica<\/a>","tag_info":"Pol\u00edtica","comment_count":"0","blog_post_layout_featured_media_urls":{"thumbnail":["https:\/\/laredlarioja.com.ar\/sitio\/wp-content\/uploads\/2025\/03\/Quintela-sesion-150x150.jpg",150,150,true],"full":["https:\/\/laredlarioja.com.ar\/sitio\/wp-content\/uploads\/2025\/03\/Quintela-sesion.jpg",567,323,false]},"categories_names":{"23":{"name":"Pol\u00edtica","link":"https:\/\/laredlarioja.com.ar\/sitio\/categorias\/politica\/"}},"tags_names":[],"comments_number":"0","wpmagazine_modules_lite_featured_media_urls":{"thumbnail":["https:\/\/laredlarioja.com.ar\/sitio\/wp-content\/uploads\/2025\/03\/Quintela-sesion-150x150.jpg",150,150,true],"cvmm-medium":["https:\/\/laredlarioja.com.ar\/sitio\/wp-content\/uploads\/2025\/03\/Quintela-sesion-300x300.jpg",300,300,true],"cvmm-medium-plus":["https:\/\/laredlarioja.com.ar\/sitio\/wp-content\/uploads\/2025\/03\/Quintela-sesion-305x207.jpg",305,207,true],"cvmm-portrait":["https:\/\/laredlarioja.com.ar\/sitio\/wp-content\/uploads\/2025\/03\/Quintela-sesion-400x323.jpg",400,323,true],"cvmm-medium-square":["https:\/\/laredlarioja.com.ar\/sitio\/wp-content\/uploads\/2025\/03\/Quintela-sesion.jpg",567,323,false],"cvmm-large":["https:\/\/laredlarioja.com.ar\/sitio\/wp-content\/uploads\/2025\/03\/Quintela-sesion.jpg",567,323,false],"cvmm-small":["https:\/\/laredlarioja.com.ar\/sitio\/wp-content\/uploads\/2025\/03\/Quintela-sesion-130x95.jpg",130,95,true],"full":["https:\/\/laredlarioja.com.ar\/sitio\/wp-content\/uploads\/2025\/03\/Quintela-sesion.jpg",567,323,false]},"_links":{"self":[{"href":"https:\/\/laredlarioja.com.ar\/sitio\/wp-json\/wp\/v2\/posts\/61796","targetHints":{"allow":["GET"]}}],"collection":[{"href":"https:\/\/laredlarioja.com.ar\/sitio\/wp-json\/wp\/v2\/posts"}],"about":[{"href":"https:\/\/laredlarioja.com.ar\/sitio\/wp-json\/wp\/v2\/types\/post"}],"author":[{"embeddable":true,"href":"https:\/\/laredlarioja.com.ar\/sitio\/wp-json\/wp\/v2\/users\/10"}],"replies":[{"embeddable":true,"href":"https:\/\/laredlarioja.com.ar\/sitio\/wp-json\/wp\/v2\/comments?post=61796"}],"version-history":[{"count":2,"href":"https:\/\/laredlarioja.com.ar\/sitio\/wp-json\/wp\/v2\/posts\/61796\/revisions"}],"predecessor-version":[{"id":61803,"href":"https:\/\/laredlarioja.com.ar\/sitio\/wp-json\/wp\/v2\/posts\/61796\/revisions\/61803"}],"wp:featuredmedia":[{"embeddable":true,"href":"https:\/\/laredlarioja.com.ar\/sitio\/wp-json\/wp\/v2\/media\/58949"}],"wp:attachment":[{"href":"https:\/\/laredlarioja.com.ar\/sitio\/wp-json\/wp\/v2\/media?parent=61796"}],"wp:term":[{"taxonomy":"category","embeddable":true,"href":"https:\/\/laredlarioja.com.ar\/sitio\/wp-json\/wp\/v2\/categories?post=61796"},{"taxonomy":"post_tag","embeddable":true,"href":"https:\/\/laredlarioja.com.ar\/sitio\/wp-json\/wp\/v2\/tags?post=61796"}],"curies":[{"name":"wp","href":"https:\/\/api.w.org\/{rel}","templated":true}]}}