{"id":61805,"date":"2025-05-13T15:06:36","date_gmt":"2025-05-13T15:06:36","guid":{"rendered":"https:\/\/laredlarioja.com.ar\/sitio\/?p=61805"},"modified":"2025-05-14T14:34:27","modified_gmt":"2025-05-14T14:34:27","slug":"miguel-zarate-ministro-de-seguridad-tenemos-tolerancia-cero-frente-al-desorden-social","status":"publish","type":"post","link":"https:\/\/laredlarioja.com.ar\/sitio\/miguel-zarate-ministro-de-seguridad-tenemos-tolerancia-cero-frente-al-desorden-social\/","title":{"rendered":"Miguel Z\u00e1rate, ministro de Seguridad: \u201cTenemos tolerancia cero frente al desorden social\u201d"},"content":{"rendered":"<p class=\"\" data-start=\"222\" data-end=\"580\">La reciente denuncia sobre peleas clandestinas en el barrio Emilio Bestani encendi\u00f3 las alarmas en La Rioja. Frente a la creciente preocupaci\u00f3n de los vecinos, el ministro de Seguridad, Miguel Z\u00e1rate, asegur\u00f3 en una entrevista con Radio La Red La Rioja que <strong>\u201cla instrucci\u00f3n a la Polic\u00eda fue clara: actuar con tolerancia cero ante cualquier hecho que altere el orden p\u00fablico\u201d.<\/strong><\/p>\n<p class=\"\" data-start=\"582\" data-end=\"1057\">Seg\u00fan explic\u00f3 el funcionario, el episodio no fue parte de una red delictiva estructurada, sino que comenz\u00f3 como una reuni\u00f3n privada, organizada por un joven que practicaba boxeo. Sin embargo, <strong>\u201cla cantidad de asistentes creci\u00f3 de forma desmedida y la actividad se traslad\u00f3 a la v\u00eda p\u00fablica, lo que gener\u00f3 un desorden evidente\u201d<\/strong>, detall\u00f3. La Justicia intervino, aunque no hall\u00f3 elementos para tipificar el hecho como delito penal, s\u00ed lo consider\u00f3 una infracci\u00f3n contravencional.<\/p>\n<p class=\"\" data-start=\"1059\" data-end=\"1525\">Respecto a la posibilidad de apuestas o consumo de drogas durante el evento, Z\u00e1rate fue categ\u00f3rico:<strong> \u201cNo se encontraron pruebas que indiquen la existencia de apuestas ni de sustancias il\u00edcitas, aunque no descartamos que estos espacios puedan ser utilizados para otras pr\u00e1cticas ilegales en el futuro\u201d<\/strong>. No obstante, el ministro tambi\u00e9n plante\u00f3 una mirada social: \u201c<strong>Hay j\u00f3venes que necesitan contenci\u00f3n, y quiz\u00e1s el deporte \u2014bien organizado\u2014 sea una alternativa v\u00e1lida\u201d.<\/strong><\/p>\n<p class=\"\" data-start=\"1527\" data-end=\"2026\">Al ser consultado sobre la situaci\u00f3n general de la seguridad p\u00fablica, Z\u00e1rate advirti\u00f3 sobre un deterioro del tejido social: <strong>\u201cVemos un proceso que lleva a\u00f1os, donde se han perdido h\u00e1bitos de respeto, de convivencia, de valores\u201d<\/strong>. En esa l\u00ednea, el Ministerio impulsa un programa de prevenci\u00f3n social del delito, que incluye intervenciones territoriales, trabajo con familias y j\u00f3venes, y una mirada interdisciplinaria: <strong>\u201cNo se trata solo de castigar, sino de entender el problema desde la ra\u00edz\u201d, afirm\u00f3.<\/strong><\/p>\n<p class=\"\" data-start=\"2028\" data-end=\"2560\">Sobre el narcotr\u00e1fico, Z\u00e1rate confirm\u00f3 que en operativos recientes se incautaron 31 y 54 kilos de droga que transitaban por La Rioja. \u201cLa informaci\u00f3n indica que ven\u00eda del norte, ingresaba por Salta y Jujuy, y ten\u00eda como destino final Mendoza. <strong>En nuestra provincia se la &#8216;enfriaba&#8217;, es decir, se la ocultaba temporalmente\u201d<\/strong>, explic\u00f3. Y subray\u00f3 la necesidad de mayor cooperaci\u00f3n interjurisdiccional: <strong>\u201cNo puede ser que se maneje informaci\u00f3n sensible sin compartirla con las provincias, que somos las que damos la cara en el territorio\u201d.<\/strong><\/p>\n<p class=\"\" data-start=\"2562\" data-end=\"2892\">En cuanto a los delitos callejeros, neg\u00f3 que haya un aumento preocupante. <strong>\u201cDesde el punto de vista estad\u00edstico, no hay un incremento significativo de arrebatos o robos\u201d<\/strong>, sostuvo. A pesar de ello, destac\u00f3 que se est\u00e1n mejorando los sistemas de informaci\u00f3n criminal para una respuesta m\u00e1s eficaz, mediante mapeos diarios de delitos.<\/p>\n<p class=\"\" data-start=\"2894\" data-end=\"3306\">Sobre los videos que circularon recientemente mostrando grupos de motociclistas en actitud intimidante, Z\u00e1rate aclar\u00f3 que se trata de <strong>material antiguo<\/strong>, aunque reconoci\u00f3 la gravedad del problema: \u201cReforzamos la instrucci\u00f3n de actuar de inmediato ante cualquier grupo que circule poniendo en riesgo la seguridad vial. Si hay infracciones graves, se secuestra el veh\u00edculo y se detiene al conductor, si corresponde\u201d.<\/p>\n","protected":false},"excerpt":{"rendered":"<p>La reciente denuncia sobre peleas clandestinas en el barrio Emilio Bestani encendi\u00f3 las alarmas en La Rioja. Frente<\/p>\n","protected":false},"author":10,"featured_media":46153,"comment_status":"closed","ping_status":"open","sticky":false,"template":"","format":"standard","meta":{"footnotes":""},"categories":[94],"tags":[],"class_list":["post-61805","post","type-post","status-publish","format-standard","has-post-thumbnail","hentry","category-locales"],"yoast_head":"<!-- This site is optimized with the Yoast SEO plugin v27.4 - https:\/\/yoast.com\/product\/yoast-seo-wordpress\/ -->\n<title>Miguel Z\u00e1rate, ministro de Seguridad: \u201cTenemos tolerancia cero frente al desorden social\u201d - LA RED 88.3 LA RIOJA<\/title>\n<meta name=\"robots\" content=\"index, follow, max-snippet:-1, max-image-preview:large, max-video-preview:-1\" \/>\n<link rel=\"canonical\" href=\"https:\/\/laredlarioja.com.ar\/sitio\/miguel-zarate-ministro-de-seguridad-tenemos-tolerancia-cero-frente-al-desorden-social\/\" \/>\n<meta property=\"og:locale\" content=\"es_ES\" \/>\n<meta property=\"og:type\" content=\"article\" \/>\n<meta property=\"og:title\" content=\"Miguel Z\u00e1rate, ministro de Seguridad: \u201cTenemos tolerancia cero frente al desorden social\u201d - LA RED 88.3 LA RIOJA\" \/>\n<meta property=\"og:description\" content=\"La reciente denuncia sobre peleas clandestinas en el barrio Emilio Bestani encendi\u00f3 las alarmas en La Rioja. Frente\" \/>\n<meta property=\"og:url\" content=\"https:\/\/laredlarioja.com.ar\/sitio\/miguel-zarate-ministro-de-seguridad-tenemos-tolerancia-cero-frente-al-desorden-social\/\" \/>\n<meta property=\"og:site_name\" content=\"LA RED 88.3 LA RIOJA\" \/>\n<meta property=\"article:publisher\" content=\"https:\/\/www.facebook.com\/lared.larioja\" \/>\n<meta property=\"article:published_time\" content=\"2025-05-13T15:06:36+00:00\" \/>\n<meta property=\"article:modified_time\" content=\"2025-05-14T14:34:27+00:00\" \/>\n<meta property=\"og:image\" content=\"https:\/\/laredlarioja.com.ar\/sitio\/wp-content\/uploads\/2024\/05\/ZARATE-MIINSTRO-SEGURIDAD.jpeg\" \/>\n\t<meta property=\"og:image:width\" content=\"1080\" \/>\n\t<meta property=\"og:image:height\" content=\"719\" \/>\n\t<meta property=\"og:image:type\" content=\"image\/jpeg\" \/>\n<meta name=\"author\" content=\"La Red\" \/>\n<meta name=\"twitter:card\" content=\"summary_large_image\" \/>\n<meta name=\"twitter:creator\" content=\"@laredlarioja1\" \/>\n<meta name=\"twitter:site\" content=\"@laredlarioja1\" \/>\n<meta name=\"twitter:label1\" content=\"Escrito por\" \/>\n\t<meta name=\"twitter:data1\" content=\"La Red\" \/>\n\t<meta name=\"twitter:label2\" content=\"Tiempo de lectura\" \/>\n\t<meta name=\"twitter:data2\" content=\"3 minutos\" \/>\n<script type=\"application\/ld+json\" class=\"yoast-schema-graph\">{\"@context\":\"https:\\\/\\\/schema.org\",\"@graph\":[{\"@type\":\"Article\",\"@id\":\"https:\\\/\\\/laredlarioja.com.ar\\\/sitio\\\/miguel-zarate-ministro-de-seguridad-tenemos-tolerancia-cero-frente-al-desorden-social\\\/#article\",\"isPartOf\":{\"@id\":\"https:\\\/\\\/laredlarioja.com.ar\\\/sitio\\\/miguel-zarate-ministro-de-seguridad-tenemos-tolerancia-cero-frente-al-desorden-social\\\/\"},\"author\":{\"name\":\"La Red\",\"@id\":\"https:\\\/\\\/laredlarioja.com.ar\\\/sitio\\\/#\\\/schema\\\/person\\\/f1e213867beccedaaa4fb548d9259d9a\"},\"headline\":\"Miguel Z\u00e1rate, ministro de Seguridad: \u201cTenemos tolerancia cero frente al desorden social\u201d\",\"datePublished\":\"2025-05-13T15:06:36+00:00\",\"dateModified\":\"2025-05-14T14:34:27+00:00\",\"mainEntityOfPage\":{\"@id\":\"https:\\\/\\\/laredlarioja.com.ar\\\/sitio\\\/miguel-zarate-ministro-de-seguridad-tenemos-tolerancia-cero-frente-al-desorden-social\\\/\"},\"wordCount\":531,\"publisher\":{\"@id\":\"https:\\\/\\\/laredlarioja.com.ar\\\/sitio\\\/#organization\"},\"image\":{\"@id\":\"https:\\\/\\\/laredlarioja.com.ar\\\/sitio\\\/miguel-zarate-ministro-de-seguridad-tenemos-tolerancia-cero-frente-al-desorden-social\\\/#primaryimage\"},\"thumbnailUrl\":\"https:\\\/\\\/laredlarioja.com.ar\\\/sitio\\\/wp-content\\\/uploads\\\/2024\\\/05\\\/ZARATE-MIINSTRO-SEGURIDAD.jpeg\",\"articleSection\":[\"Locales\"],\"inLanguage\":\"es\"},{\"@type\":\"WebPage\",\"@id\":\"https:\\\/\\\/laredlarioja.com.ar\\\/sitio\\\/miguel-zarate-ministro-de-seguridad-tenemos-tolerancia-cero-frente-al-desorden-social\\\/\",\"url\":\"https:\\\/\\\/laredlarioja.com.ar\\\/sitio\\\/miguel-zarate-ministro-de-seguridad-tenemos-tolerancia-cero-frente-al-desorden-social\\\/\",\"name\":\"Miguel Z\u00e1rate, ministro de Seguridad: \u201cTenemos tolerancia cero frente al desorden social\u201d - LA RED 88.3 LA RIOJA\",\"isPartOf\":{\"@id\":\"https:\\\/\\\/laredlarioja.com.ar\\\/sitio\\\/#website\"},\"primaryImageOfPage\":{\"@id\":\"https:\\\/\\\/laredlarioja.com.ar\\\/sitio\\\/miguel-zarate-ministro-de-seguridad-tenemos-tolerancia-cero-frente-al-desorden-social\\\/#primaryimage\"},\"image\":{\"@id\":\"https:\\\/\\\/laredlarioja.com.ar\\\/sitio\\\/miguel-zarate-ministro-de-seguridad-tenemos-tolerancia-cero-frente-al-desorden-social\\\/#primaryimage\"},\"thumbnailUrl\":\"https:\\\/\\\/laredlarioja.com.ar\\\/sitio\\\/wp-content\\\/uploads\\\/2024\\\/05\\\/ZARATE-MIINSTRO-SEGURIDAD.jpeg\",\"datePublished\":\"2025-05-13T15:06:36+00:00\",\"dateModified\":\"2025-05-14T14:34:27+00:00\",\"breadcrumb\":{\"@id\":\"https:\\\/\\\/laredlarioja.com.ar\\\/sitio\\\/miguel-zarate-ministro-de-seguridad-tenemos-tolerancia-cero-frente-al-desorden-social\\\/#breadcrumb\"},\"inLanguage\":\"es\",\"potentialAction\":[{\"@type\":\"ReadAction\",\"target\":[\"https:\\\/\\\/laredlarioja.com.ar\\\/sitio\\\/miguel-zarate-ministro-de-seguridad-tenemos-tolerancia-cero-frente-al-desorden-social\\\/\"]}]},{\"@type\":\"ImageObject\",\"inLanguage\":\"es\",\"@id\":\"https:\\\/\\\/laredlarioja.com.ar\\\/sitio\\\/miguel-zarate-ministro-de-seguridad-tenemos-tolerancia-cero-frente-al-desorden-social\\\/#primaryimage\",\"url\":\"https:\\\/\\\/laredlarioja.com.ar\\\/sitio\\\/wp-content\\\/uploads\\\/2024\\\/05\\\/ZARATE-MIINSTRO-SEGURIDAD.jpeg\",\"contentUrl\":\"https:\\\/\\\/laredlarioja.com.ar\\\/sitio\\\/wp-content\\\/uploads\\\/2024\\\/05\\\/ZARATE-MIINSTRO-SEGURIDAD.jpeg\",\"width\":1080,\"height\":719},{\"@type\":\"BreadcrumbList\",\"@id\":\"https:\\\/\\\/laredlarioja.com.ar\\\/sitio\\\/miguel-zarate-ministro-de-seguridad-tenemos-tolerancia-cero-frente-al-desorden-social\\\/#breadcrumb\",\"itemListElement\":[{\"@type\":\"ListItem\",\"position\":1,\"name\":\"Portada\",\"item\":\"https:\\\/\\\/laredlarioja.com.ar\\\/sitio\\\/\"},{\"@type\":\"ListItem\",\"position\":2,\"name\":\"Miguel Z\u00e1rate, ministro de Seguridad: \u201cTenemos tolerancia cero frente al desorden social\u201d\"}]},{\"@type\":\"WebSite\",\"@id\":\"https:\\\/\\\/laredlarioja.com.ar\\\/sitio\\\/#website\",\"url\":\"https:\\\/\\\/laredlarioja.com.ar\\\/sitio\\\/\",\"name\":\"LA RED 88.3 LA RIOJA\",\"description\":\"Sitio de Noticias\",\"publisher\":{\"@id\":\"https:\\\/\\\/laredlarioja.com.ar\\\/sitio\\\/#organization\"},\"potentialAction\":[{\"@type\":\"SearchAction\",\"target\":{\"@type\":\"EntryPoint\",\"urlTemplate\":\"https:\\\/\\\/laredlarioja.com.ar\\\/sitio\\\/?s={search_term_string}\"},\"query-input\":{\"@type\":\"PropertyValueSpecification\",\"valueRequired\":true,\"valueName\":\"search_term_string\"}}],\"inLanguage\":\"es\"},{\"@type\":\"Organization\",\"@id\":\"https:\\\/\\\/laredlarioja.com.ar\\\/sitio\\\/#organization\",\"name\":\"LA RED 88.3 LA RIOJA\",\"url\":\"https:\\\/\\\/laredlarioja.com.ar\\\/sitio\\\/\",\"logo\":{\"@type\":\"ImageObject\",\"inLanguage\":\"es\",\"@id\":\"https:\\\/\\\/laredlarioja.com.ar\\\/sitio\\\/#\\\/schema\\\/logo\\\/image\\\/\",\"url\":\"https:\\\/\\\/laredlarioja.com.ar\\\/sitio\\\/wp-content\\\/uploads\\\/2025\\\/05\\\/LOGO-LA-RED.png\",\"contentUrl\":\"https:\\\/\\\/laredlarioja.com.ar\\\/sitio\\\/wp-content\\\/uploads\\\/2025\\\/05\\\/LOGO-LA-RED.png\",\"width\":193,\"height\":340,\"caption\":\"LA RED 88.3 LA RIOJA\"},\"image\":{\"@id\":\"https:\\\/\\\/laredlarioja.com.ar\\\/sitio\\\/#\\\/schema\\\/logo\\\/image\\\/\"},\"sameAs\":[\"https:\\\/\\\/www.facebook.com\\\/lared.larioja\",\"https:\\\/\\\/x.com\\\/laredlarioja1\",\"https:\\\/\\\/www.instagram.com\\\/lared_larioja\\\/\"]},{\"@type\":\"Person\",\"@id\":\"https:\\\/\\\/laredlarioja.com.ar\\\/sitio\\\/#\\\/schema\\\/person\\\/f1e213867beccedaaa4fb548d9259d9a\",\"name\":\"La Red\",\"url\":\"https:\\\/\\\/laredlarioja.com.ar\\\/sitio\\\/author\\\/lared\\\/\"}]}<\/script>\n<!-- \/ Yoast SEO plugin. -->","yoast_head_json":{"title":"Miguel Z\u00e1rate, ministro de Seguridad: \u201cTenemos tolerancia cero frente al desorden social\u201d - LA RED 88.3 LA RIOJA","robots":{"index":"index","follow":"follow","max-snippet":"max-snippet:-1","max-image-preview":"max-image-preview:large","max-video-preview":"max-video-preview:-1"},"canonical":"https:\/\/laredlarioja.com.ar\/sitio\/miguel-zarate-ministro-de-seguridad-tenemos-tolerancia-cero-frente-al-desorden-social\/","og_locale":"es_ES","og_type":"article","og_title":"Miguel Z\u00e1rate, ministro de Seguridad: \u201cTenemos tolerancia cero frente al desorden social\u201d - LA RED 88.3 LA RIOJA","og_description":"La reciente denuncia sobre peleas clandestinas en el barrio Emilio Bestani encendi\u00f3 las alarmas en La Rioja. Frente","og_url":"https:\/\/laredlarioja.com.ar\/sitio\/miguel-zarate-ministro-de-seguridad-tenemos-tolerancia-cero-frente-al-desorden-social\/","og_site_name":"LA RED 88.3 LA RIOJA","article_publisher":"https:\/\/www.facebook.com\/lared.larioja","article_published_time":"2025-05-13T15:06:36+00:00","article_modified_time":"2025-05-14T14:34:27+00:00","og_image":[{"width":1080,"height":719,"url":"https:\/\/laredlarioja.com.ar\/sitio\/wp-content\/uploads\/2024\/05\/ZARATE-MIINSTRO-SEGURIDAD.jpeg","type":"image\/jpeg"}],"author":"La Red","twitter_card":"summary_large_image","twitter_creator":"@laredlarioja1","twitter_site":"@laredlarioja1","twitter_misc":{"Escrito por":"La Red","Tiempo de lectura":"3 minutos"},"schema":{"@context":"https:\/\/schema.org","@graph":[{"@type":"Article","@id":"https:\/\/laredlarioja.com.ar\/sitio\/miguel-zarate-ministro-de-seguridad-tenemos-tolerancia-cero-frente-al-desorden-social\/#article","isPartOf":{"@id":"https:\/\/laredlarioja.com.ar\/sitio\/miguel-zarate-ministro-de-seguridad-tenemos-tolerancia-cero-frente-al-desorden-social\/"},"author":{"name":"La Red","@id":"https:\/\/laredlarioja.com.ar\/sitio\/#\/schema\/person\/f1e213867beccedaaa4fb548d9259d9a"},"headline":"Miguel Z\u00e1rate, ministro de Seguridad: \u201cTenemos tolerancia cero frente al desorden social\u201d","datePublished":"2025-05-13T15:06:36+00:00","dateModified":"2025-05-14T14:34:27+00:00","mainEntityOfPage":{"@id":"https:\/\/laredlarioja.com.ar\/sitio\/miguel-zarate-ministro-de-seguridad-tenemos-tolerancia-cero-frente-al-desorden-social\/"},"wordCount":531,"publisher":{"@id":"https:\/\/laredlarioja.com.ar\/sitio\/#organization"},"image":{"@id":"https:\/\/laredlarioja.com.ar\/sitio\/miguel-zarate-ministro-de-seguridad-tenemos-tolerancia-cero-frente-al-desorden-social\/#primaryimage"},"thumbnailUrl":"https:\/\/laredlarioja.com.ar\/sitio\/wp-content\/uploads\/2024\/05\/ZARATE-MIINSTRO-SEGURIDAD.jpeg","articleSection":["Locales"],"inLanguage":"es"},{"@type":"WebPage","@id":"https:\/\/laredlarioja.com.ar\/sitio\/miguel-zarate-ministro-de-seguridad-tenemos-tolerancia-cero-frente-al-desorden-social\/","url":"https:\/\/laredlarioja.com.ar\/sitio\/miguel-zarate-ministro-de-seguridad-tenemos-tolerancia-cero-frente-al-desorden-social\/","name":"Miguel Z\u00e1rate, ministro de Seguridad: \u201cTenemos tolerancia cero frente al desorden social\u201d - LA RED 88.3 LA RIOJA","isPartOf":{"@id":"https:\/\/laredlarioja.com.ar\/sitio\/#website"},"primaryImageOfPage":{"@id":"https:\/\/laredlarioja.com.ar\/sitio\/miguel-zarate-ministro-de-seguridad-tenemos-tolerancia-cero-frente-al-desorden-social\/#primaryimage"},"image":{"@id":"https:\/\/laredlarioja.com.ar\/sitio\/miguel-zarate-ministro-de-seguridad-tenemos-tolerancia-cero-frente-al-desorden-social\/#primaryimage"},"thumbnailUrl":"https:\/\/laredlarioja.com.ar\/sitio\/wp-content\/uploads\/2024\/05\/ZARATE-MIINSTRO-SEGURIDAD.jpeg","datePublished":"2025-05-13T15:06:36+00:00","dateModified":"2025-05-14T14:34:27+00:00","breadcrumb":{"@id":"https:\/\/laredlarioja.com.ar\/sitio\/miguel-zarate-ministro-de-seguridad-tenemos-tolerancia-cero-frente-al-desorden-social\/#breadcrumb"},"inLanguage":"es","potentialAction":[{"@type":"ReadAction","target":["https:\/\/laredlarioja.com.ar\/sitio\/miguel-zarate-ministro-de-seguridad-tenemos-tolerancia-cero-frente-al-desorden-social\/"]}]},{"@type":"ImageObject","inLanguage":"es","@id":"https:\/\/laredlarioja.com.ar\/sitio\/miguel-zarate-ministro-de-seguridad-tenemos-tolerancia-cero-frente-al-desorden-social\/#primaryimage","url":"https:\/\/laredlarioja.com.ar\/sitio\/wp-content\/uploads\/2024\/05\/ZARATE-MIINSTRO-SEGURIDAD.jpeg","contentUrl":"https:\/\/laredlarioja.com.ar\/sitio\/wp-content\/uploads\/2024\/05\/ZARATE-MIINSTRO-SEGURIDAD.jpeg","width":1080,"height":719},{"@type":"BreadcrumbList","@id":"https:\/\/laredlarioja.com.ar\/sitio\/miguel-zarate-ministro-de-seguridad-tenemos-tolerancia-cero-frente-al-desorden-social\/#breadcrumb","itemListElement":[{"@type":"ListItem","position":1,"name":"Portada","item":"https:\/\/laredlarioja.com.ar\/sitio\/"},{"@type":"ListItem","position":2,"name":"Miguel Z\u00e1rate, ministro de Seguridad: \u201cTenemos tolerancia cero frente al desorden social\u201d"}]},{"@type":"WebSite","@id":"https:\/\/laredlarioja.com.ar\/sitio\/#website","url":"https:\/\/laredlarioja.com.ar\/sitio\/","name":"LA RED 88.3 LA RIOJA","description":"Sitio de Noticias","publisher":{"@id":"https:\/\/laredlarioja.com.ar\/sitio\/#organization"},"potentialAction":[{"@type":"SearchAction","target":{"@type":"EntryPoint","urlTemplate":"https:\/\/laredlarioja.com.ar\/sitio\/?s={search_term_string}"},"query-input":{"@type":"PropertyValueSpecification","valueRequired":true,"valueName":"search_term_string"}}],"inLanguage":"es"},{"@type":"Organization","@id":"https:\/\/laredlarioja.com.ar\/sitio\/#organization","name":"LA RED 88.3 LA RIOJA","url":"https:\/\/laredlarioja.com.ar\/sitio\/","logo":{"@type":"ImageObject","inLanguage":"es","@id":"https:\/\/laredlarioja.com.ar\/sitio\/#\/schema\/logo\/image\/","url":"https:\/\/laredlarioja.com.ar\/sitio\/wp-content\/uploads\/2025\/05\/LOGO-LA-RED.png","contentUrl":"https:\/\/laredlarioja.com.ar\/sitio\/wp-content\/uploads\/2025\/05\/LOGO-LA-RED.png","width":193,"height":340,"caption":"LA RED 88.3 LA RIOJA"},"image":{"@id":"https:\/\/laredlarioja.com.ar\/sitio\/#\/schema\/logo\/image\/"},"sameAs":["https:\/\/www.facebook.com\/lared.larioja","https:\/\/x.com\/laredlarioja1","https:\/\/www.instagram.com\/lared_larioja\/"]},{"@type":"Person","@id":"https:\/\/laredlarioja.com.ar\/sitio\/#\/schema\/person\/f1e213867beccedaaa4fb548d9259d9a","name":"La Red","url":"https:\/\/laredlarioja.com.ar\/sitio\/author\/lared\/"}]}},"featured_image_urls":{"full":["https:\/\/laredlarioja.com.ar\/sitio\/wp-content\/uploads\/2024\/05\/ZARATE-MIINSTRO-SEGURIDAD.jpeg",1080,719,false],"thumbnail":["https:\/\/laredlarioja.com.ar\/sitio\/wp-content\/uploads\/2024\/05\/ZARATE-MIINSTRO-SEGURIDAD-150x150.jpeg",150,150,true],"medium":["https:\/\/laredlarioja.com.ar\/sitio\/wp-content\/uploads\/2024\/05\/ZARATE-MIINSTRO-SEGURIDAD-300x200.jpeg",300,200,true],"medium_large":["https:\/\/laredlarioja.com.ar\/sitio\/wp-content\/uploads\/2024\/05\/ZARATE-MIINSTRO-SEGURIDAD-768x511.jpeg",640,426,true],"large":["https:\/\/laredlarioja.com.ar\/sitio\/wp-content\/uploads\/2024\/05\/ZARATE-MIINSTRO-SEGURIDAD-1024x682.jpeg",640,426,true],"1536x1536":["https:\/\/laredlarioja.com.ar\/sitio\/wp-content\/uploads\/2024\/05\/ZARATE-MIINSTRO-SEGURIDAD.jpeg",1080,719,false],"2048x2048":["https:\/\/laredlarioja.com.ar\/sitio\/wp-content\/uploads\/2024\/05\/ZARATE-MIINSTRO-SEGURIDAD.jpeg",1080,719,false],"cvmm-medium":["https:\/\/laredlarioja.com.ar\/sitio\/wp-content\/uploads\/2024\/05\/ZARATE-MIINSTRO-SEGURIDAD-300x300.jpeg",300,300,true],"cvmm-medium-plus":["https:\/\/laredlarioja.com.ar\/sitio\/wp-content\/uploads\/2024\/05\/ZARATE-MIINSTRO-SEGURIDAD-305x207.jpeg",305,207,true],"cvmm-portrait":["https:\/\/laredlarioja.com.ar\/sitio\/wp-content\/uploads\/2024\/05\/ZARATE-MIINSTRO-SEGURIDAD-400x600.jpeg",400,600,true],"cvmm-medium-square":["https:\/\/laredlarioja.com.ar\/sitio\/wp-content\/uploads\/2024\/05\/ZARATE-MIINSTRO-SEGURIDAD-600x600.jpeg",600,600,true],"cvmm-large":["https:\/\/laredlarioja.com.ar\/sitio\/wp-content\/uploads\/2024\/05\/ZARATE-MIINSTRO-SEGURIDAD-1024x719.jpeg",1024,719,true],"cvmm-small":["https:\/\/laredlarioja.com.ar\/sitio\/wp-content\/uploads\/2024\/05\/ZARATE-MIINSTRO-SEGURIDAD-130x95.jpeg",130,95,true],"morenews-large":["https:\/\/laredlarioja.com.ar\/sitio\/wp-content\/uploads\/2024\/05\/ZARATE-MIINSTRO-SEGURIDAD-825x575.jpeg",825,575,true],"morenews-medium":["https:\/\/laredlarioja.com.ar\/sitio\/wp-content\/uploads\/2024\/05\/ZARATE-MIINSTRO-SEGURIDAD-590x410.jpeg",590,410,true]},"author_info":{"display_name":"La Red","author_link":"https:\/\/laredlarioja.com.ar\/sitio\/author\/lared\/"},"category_info":"<a href=\"https:\/\/laredlarioja.com.ar\/sitio\/categorias\/locales\/\" rel=\"category tag\">Locales<\/a>","tag_info":"Locales","comment_count":"0","blog_post_layout_featured_media_urls":{"thumbnail":["https:\/\/laredlarioja.com.ar\/sitio\/wp-content\/uploads\/2024\/05\/ZARATE-MIINSTRO-SEGURIDAD-150x150.jpeg",150,150,true],"full":["https:\/\/laredlarioja.com.ar\/sitio\/wp-content\/uploads\/2024\/05\/ZARATE-MIINSTRO-SEGURIDAD.jpeg",1080,719,false]},"categories_names":{"94":{"name":"Locales","link":"https:\/\/laredlarioja.com.ar\/sitio\/categorias\/locales\/"}},"tags_names":[],"comments_number":"0","wpmagazine_modules_lite_featured_media_urls":{"thumbnail":["https:\/\/laredlarioja.com.ar\/sitio\/wp-content\/uploads\/2024\/05\/ZARATE-MIINSTRO-SEGURIDAD-150x150.jpeg",150,150,true],"cvmm-medium":["https:\/\/laredlarioja.com.ar\/sitio\/wp-content\/uploads\/2024\/05\/ZARATE-MIINSTRO-SEGURIDAD-300x300.jpeg",300,300,true],"cvmm-medium-plus":["https:\/\/laredlarioja.com.ar\/sitio\/wp-content\/uploads\/2024\/05\/ZARATE-MIINSTRO-SEGURIDAD-305x207.jpeg",305,207,true],"cvmm-portrait":["https:\/\/laredlarioja.com.ar\/sitio\/wp-content\/uploads\/2024\/05\/ZARATE-MIINSTRO-SEGURIDAD-400x600.jpeg",400,600,true],"cvmm-medium-square":["https:\/\/laredlarioja.com.ar\/sitio\/wp-content\/uploads\/2024\/05\/ZARATE-MIINSTRO-SEGURIDAD-600x600.jpeg",600,600,true],"cvmm-large":["https:\/\/laredlarioja.com.ar\/sitio\/wp-content\/uploads\/2024\/05\/ZARATE-MIINSTRO-SEGURIDAD-1024x719.jpeg",1024,719,true],"cvmm-small":["https:\/\/laredlarioja.com.ar\/sitio\/wp-content\/uploads\/2024\/05\/ZARATE-MIINSTRO-SEGURIDAD-130x95.jpeg",130,95,true],"full":["https:\/\/laredlarioja.com.ar\/sitio\/wp-content\/uploads\/2024\/05\/ZARATE-MIINSTRO-SEGURIDAD.jpeg",1080,719,false]},"_links":{"self":[{"href":"https:\/\/laredlarioja.com.ar\/sitio\/wp-json\/wp\/v2\/posts\/61805","targetHints":{"allow":["GET"]}}],"collection":[{"href":"https:\/\/laredlarioja.com.ar\/sitio\/wp-json\/wp\/v2\/posts"}],"about":[{"href":"https:\/\/laredlarioja.com.ar\/sitio\/wp-json\/wp\/v2\/types\/post"}],"author":[{"embeddable":true,"href":"https:\/\/laredlarioja.com.ar\/sitio\/wp-json\/wp\/v2\/users\/10"}],"replies":[{"embeddable":true,"href":"https:\/\/laredlarioja.com.ar\/sitio\/wp-json\/wp\/v2\/comments?post=61805"}],"version-history":[{"count":1,"href":"https:\/\/laredlarioja.com.ar\/sitio\/wp-json\/wp\/v2\/posts\/61805\/revisions"}],"predecessor-version":[{"id":61806,"href":"https:\/\/laredlarioja.com.ar\/sitio\/wp-json\/wp\/v2\/posts\/61805\/revisions\/61806"}],"wp:featuredmedia":[{"embeddable":true,"href":"https:\/\/laredlarioja.com.ar\/sitio\/wp-json\/wp\/v2\/media\/46153"}],"wp:attachment":[{"href":"https:\/\/laredlarioja.com.ar\/sitio\/wp-json\/wp\/v2\/media?parent=61805"}],"wp:term":[{"taxonomy":"category","embeddable":true,"href":"https:\/\/laredlarioja.com.ar\/sitio\/wp-json\/wp\/v2\/categories?post=61805"},{"taxonomy":"post_tag","embeddable":true,"href":"https:\/\/laredlarioja.com.ar\/sitio\/wp-json\/wp\/v2\/tags?post=61805"}],"curies":[{"name":"wp","href":"https:\/\/api.w.org\/{rel}","templated":true}]}}