{"id":61811,"date":"2025-05-13T21:09:01","date_gmt":"2025-05-13T21:09:01","guid":{"rendered":"https:\/\/laredlarioja.com.ar\/sitio\/?p=61811"},"modified":"2025-05-13T21:10:12","modified_gmt":"2025-05-13T21:10:12","slug":"ulapes-condenaron-a-6-anos-de-prision-a-un-hombre-por-abuso-sexual-de-una-adolescente","status":"publish","type":"post","link":"https:\/\/laredlarioja.com.ar\/sitio\/ulapes-condenaron-a-6-anos-de-prision-a-un-hombre-por-abuso-sexual-de-una-adolescente\/","title":{"rendered":"Ulapes: Condenaron a 6 a\u00f1os de prisi\u00f3n a un hombre por abuso sexual de una adolescente"},"content":{"rendered":"<p>Poe unanimidad la C\u00e1mara Penal de la Quinta Circunscripci\u00f3n con sede Chepes bajo la Presidencia de la jueza Dra Mar\u00eda Alejandra L\u00f3pez, y las vocales jueces Dra. Deolinda Tello y Dr. Juan C\u00e1ceres condenaron\u00a0 a 6 a\u00f1os de prisi\u00f3n efectiva al adolescente Dami\u00e1n Alexander Gonz\u00e1lez por el delito de abuso sexual con acceso carnal contra una adolescente de la localidad de Ulapes.<\/p>\n<p>La C\u00e1mara explic\u00f3 que esta es la segunda audiencia de debate por haber quedado desintegrado el primer tribunal en el a\u00f1o 2024, por cesar en sus funciones un juez transitorio que ten\u00eda a cargo la presidencia de dicho Tribunal; y ante el pedido del Ministerio P\u00fablico Fiscal se volvi\u00f3 a integrar un nuevo Tribunal, lo que fue consentido por la defensa del imputado.<\/p>\n<p>El hecho por el que se dict\u00f3 la condena tuvo lugar la madrugada del 2 de mayo de 2020. La v\u00edctima menor de edad lleg\u00f3 al domicilio de un conocido, ubicado en un barrio de un departamento San Mart\u00edn. En el lugar se encontraban el due\u00f1o de la casa y otros tres individuos consumiendo bebidas alcoh\u00f3licas en el exterior. La menor se uni\u00f3 brevemente al grupo.<\/p>\n<p>Posteriormente, uno de los presentes se retir\u00f3, quedando en la vivienda el due\u00f1o, otros dos hombres y la menor, quienes continuaron ingiriendo bebidas alcoh\u00f3licas. Debido a esto, la menor comenz\u00f3 a sentirse mal y solicit\u00f3 permiso para usar el ba\u00f1o al due\u00f1o de la casa, alrededor de las 5:00 de la madrugada. \u00c9l la acompa\u00f1\u00f3 hasta la puerta, y ella se dirigi\u00f3 sola al ba\u00f1o ya que conoc\u00eda su ubicaci\u00f3n. El due\u00f1o regres\u00f3 al exterior.<\/p>\n<p>En ese momento, el acusado aprovech\u00f3 la situaci\u00f3n e ingres\u00f3 al ba\u00f1o donde se encontraba la menor. La tom\u00f3 del brazo dici\u00e9ndole que se acercara. Ella le pidi\u00f3 que la soltara porque le dol\u00eda el brazo debido a un implante anticonceptivo. Acto seguido, la menor perdi\u00f3 el conocimiento, lo que fue aprovechado por este individuo para abusar sexualmente de ella, caus\u00e1ndole lesiones en el cuello y a nivel vaginal y anal producto de la penetraci\u00f3n no consentida.<\/p>\n<p>La v\u00edctima recuper\u00f3 el conocimiento y vio al agresor sobre ella, mordi\u00e9ndola. Intent\u00f3 gritarle a su amigo, el due\u00f1o de la casa, pero volvi\u00f3 a perder el conocimiento debido a su estado.<\/p>\n<p>Tras permanecer un breve lapso fuera de la casa, el due\u00f1o regres\u00f3 a su habitaci\u00f3n para cargar su tel\u00e9fono. Al dirigirse nuevamente al exterior, escuch\u00f3 que alguien lo llamaba desde el ba\u00f1o por su nombre. Intent\u00f3 abrir la puerta, pero no pudo porque el cuerpo de su amiga (la v\u00edctima) lo obstaculizaba al estar tirado en el suelo. Forz\u00f3 la entrada y observ\u00f3 a la menor boca abajo, sin pantal\u00f3n, con la ropa interior puesta y la remera levantada, junto a ella estaba el otro individuo con b\u00f3xer y sin pantal\u00f3n.<\/p>\n<p>El due\u00f1o le pregunt\u00f3 qu\u00e9 le hab\u00eda hecho a su amiga, a lo que este respondi\u00f3 negativamente, tomando su pantal\u00f3n y huyendo del lugar. Ante esta situaci\u00f3n, el due\u00f1o asisti\u00f3 a su amiga, la limpi\u00f3 ya que hab\u00eda vomitado debido a su estado de embriaguez, y luego la acost\u00f3 en una cama de la vivienda. All\u00ed, alcanz\u00f3 a escuchar que la menor le dec\u00eda que la hab\u00edan violado.<\/p>\n<p>Al recuperarse, la ni\u00f1a se levant\u00f3 de la cama alrededor de las 8:00 de la ma\u00f1ana, se visti\u00f3 con una prenda del due\u00f1o de la casa y se fue a su domicilio, donde al llegar le cont\u00f3 a su madre lo sucedido.<\/p>\n<p>En su voto, la jueza destac\u00f3 que, si bien la defensa cuestion\u00f3 la valoraci\u00f3n del testimonio de un \u00fanico testigo (amigo de la v\u00edctima), bajo las reglas de la sana cr\u00edtica racional, este tipo de testimonio puede ser suficiente para una condena, especialmente cuando se complementa con otros indicios. En este caso, la declaraci\u00f3n de la v\u00edctima fue valorada adecuadamente y se encuentra respaldada por testimonios coherentes de otros j\u00f3venes presentes en la reuni\u00f3n, as\u00ed como por la persistencia y coherencia del relato de la v\u00edctima a lo largo de la investigaci\u00f3n ante diferentes actores del proceso.<\/p>\n<p>Adem\u00e1s, la jueza valor\u00f3 la consistencia del testimonio de la madre de la v\u00edctima y las importantes pericias m\u00e9dicas forenses del M\u00e9dico Forense el Dr. Javier Carbel que confirmaron el acceso carnal no consentido. Las pericias psicol\u00f3gicas emitidas por los licenciados Blanco y Cabral que, descartaron la posibilidad de fabulaci\u00f3n por parte de la v\u00edctima, lo que llev\u00f3 a la jueza a la certeza del hecho denunciado por la fiscal\u00eda y a la comprobaci\u00f3n de la actuaci\u00f3n del imputado como \u00fanico agresor reconocido por la v\u00edctima.<\/p>\n<p>&nbsp;<\/p>\n","protected":false},"excerpt":{"rendered":"<p>Poe unanimidad la C\u00e1mara Penal de la Quinta Circunscripci\u00f3n con sede Chepes bajo la Presidencia de la jueza<\/p>\n","protected":false},"author":7,"featured_media":38643,"comment_status":"closed","ping_status":"open","sticky":false,"template":"","format":"standard","meta":{"footnotes":""},"categories":[91],"tags":[84],"class_list":["post-61811","post","type-post","status-publish","format-standard","has-post-thumbnail","hentry","category-judiciales","tag-secundaria"],"yoast_head":"<!-- This site is optimized with the Yoast SEO plugin v27.4 - https:\/\/yoast.com\/product\/yoast-seo-wordpress\/ -->\n<title>Ulapes: Condenaron a 6 a\u00f1os de prisi\u00f3n a un hombre por abuso sexual de una adolescente - LA RED 88.3 LA RIOJA<\/title>\n<meta name=\"robots\" content=\"index, follow, max-snippet:-1, max-image-preview:large, max-video-preview:-1\" \/>\n<link rel=\"canonical\" href=\"https:\/\/laredlarioja.com.ar\/sitio\/ulapes-condenaron-a-6-anos-de-prision-a-un-hombre-por-abuso-sexual-de-una-adolescente\/\" \/>\n<meta property=\"og:locale\" content=\"es_ES\" \/>\n<meta property=\"og:type\" content=\"article\" \/>\n<meta property=\"og:title\" content=\"Ulapes: Condenaron a 6 a\u00f1os de prisi\u00f3n a un hombre por abuso sexual de una adolescente - LA RED 88.3 LA RIOJA\" \/>\n<meta property=\"og:description\" content=\"Poe unanimidad la C\u00e1mara Penal de la Quinta Circunscripci\u00f3n con sede Chepes bajo la Presidencia de la jueza\" \/>\n<meta property=\"og:url\" content=\"https:\/\/laredlarioja.com.ar\/sitio\/ulapes-condenaron-a-6-anos-de-prision-a-un-hombre-por-abuso-sexual-de-una-adolescente\/\" \/>\n<meta property=\"og:site_name\" content=\"LA RED 88.3 LA RIOJA\" \/>\n<meta property=\"article:publisher\" content=\"https:\/\/www.facebook.com\/lared.larioja\" \/>\n<meta property=\"article:published_time\" content=\"2025-05-13T21:09:01+00:00\" \/>\n<meta property=\"article:modified_time\" content=\"2025-05-13T21:10:12+00:00\" \/>\n<meta property=\"og:image\" content=\"https:\/\/laredlarioja.com.ar\/sitio\/wp-content\/uploads\/2023\/11\/abuso-ninos-800x445-1-560x416-1.jpg\" \/>\n\t<meta property=\"og:image:width\" content=\"560\" \/>\n\t<meta property=\"og:image:height\" content=\"416\" \/>\n\t<meta property=\"og:image:type\" content=\"image\/jpeg\" \/>\n<meta name=\"author\" content=\"Anabella Soria\" \/>\n<meta name=\"twitter:card\" content=\"summary_large_image\" \/>\n<meta name=\"twitter:creator\" content=\"@laredlarioja1\" \/>\n<meta name=\"twitter:site\" content=\"@laredlarioja1\" \/>\n<meta name=\"twitter:label1\" content=\"Escrito por\" \/>\n\t<meta name=\"twitter:data1\" content=\"Anabella Soria\" \/>\n\t<meta name=\"twitter:label2\" content=\"Tiempo de lectura\" \/>\n\t<meta name=\"twitter:data2\" content=\"4 minutos\" \/>\n<script type=\"application\/ld+json\" class=\"yoast-schema-graph\">{\"@context\":\"https:\\\/\\\/schema.org\",\"@graph\":[{\"@type\":\"Article\",\"@id\":\"https:\\\/\\\/laredlarioja.com.ar\\\/sitio\\\/ulapes-condenaron-a-6-anos-de-prision-a-un-hombre-por-abuso-sexual-de-una-adolescente\\\/#article\",\"isPartOf\":{\"@id\":\"https:\\\/\\\/laredlarioja.com.ar\\\/sitio\\\/ulapes-condenaron-a-6-anos-de-prision-a-un-hombre-por-abuso-sexual-de-una-adolescente\\\/\"},\"author\":{\"name\":\"Anabella Soria\",\"@id\":\"https:\\\/\\\/laredlarioja.com.ar\\\/sitio\\\/#\\\/schema\\\/person\\\/31f88059d20c5cf06e974fd895aec56e\"},\"headline\":\"Ulapes: Condenaron a 6 a\u00f1os de prisi\u00f3n a un hombre por abuso sexual de una adolescente\",\"datePublished\":\"2025-05-13T21:09:01+00:00\",\"dateModified\":\"2025-05-13T21:10:12+00:00\",\"mainEntityOfPage\":{\"@id\":\"https:\\\/\\\/laredlarioja.com.ar\\\/sitio\\\/ulapes-condenaron-a-6-anos-de-prision-a-un-hombre-por-abuso-sexual-de-una-adolescente\\\/\"},\"wordCount\":844,\"publisher\":{\"@id\":\"https:\\\/\\\/laredlarioja.com.ar\\\/sitio\\\/#organization\"},\"image\":{\"@id\":\"https:\\\/\\\/laredlarioja.com.ar\\\/sitio\\\/ulapes-condenaron-a-6-anos-de-prision-a-un-hombre-por-abuso-sexual-de-una-adolescente\\\/#primaryimage\"},\"thumbnailUrl\":\"https:\\\/\\\/laredlarioja.com.ar\\\/sitio\\\/wp-content\\\/uploads\\\/2023\\\/11\\\/abuso-ninos-800x445-1-560x416-1.jpg\",\"keywords\":[\"Secundaria\"],\"articleSection\":[\"Judiciales\"],\"inLanguage\":\"es\"},{\"@type\":\"WebPage\",\"@id\":\"https:\\\/\\\/laredlarioja.com.ar\\\/sitio\\\/ulapes-condenaron-a-6-anos-de-prision-a-un-hombre-por-abuso-sexual-de-una-adolescente\\\/\",\"url\":\"https:\\\/\\\/laredlarioja.com.ar\\\/sitio\\\/ulapes-condenaron-a-6-anos-de-prision-a-un-hombre-por-abuso-sexual-de-una-adolescente\\\/\",\"name\":\"Ulapes: Condenaron a 6 a\u00f1os de prisi\u00f3n a un hombre por abuso sexual de una adolescente - LA RED 88.3 LA RIOJA\",\"isPartOf\":{\"@id\":\"https:\\\/\\\/laredlarioja.com.ar\\\/sitio\\\/#website\"},\"primaryImageOfPage\":{\"@id\":\"https:\\\/\\\/laredlarioja.com.ar\\\/sitio\\\/ulapes-condenaron-a-6-anos-de-prision-a-un-hombre-por-abuso-sexual-de-una-adolescente\\\/#primaryimage\"},\"image\":{\"@id\":\"https:\\\/\\\/laredlarioja.com.ar\\\/sitio\\\/ulapes-condenaron-a-6-anos-de-prision-a-un-hombre-por-abuso-sexual-de-una-adolescente\\\/#primaryimage\"},\"thumbnailUrl\":\"https:\\\/\\\/laredlarioja.com.ar\\\/sitio\\\/wp-content\\\/uploads\\\/2023\\\/11\\\/abuso-ninos-800x445-1-560x416-1.jpg\",\"datePublished\":\"2025-05-13T21:09:01+00:00\",\"dateModified\":\"2025-05-13T21:10:12+00:00\",\"breadcrumb\":{\"@id\":\"https:\\\/\\\/laredlarioja.com.ar\\\/sitio\\\/ulapes-condenaron-a-6-anos-de-prision-a-un-hombre-por-abuso-sexual-de-una-adolescente\\\/#breadcrumb\"},\"inLanguage\":\"es\",\"potentialAction\":[{\"@type\":\"ReadAction\",\"target\":[\"https:\\\/\\\/laredlarioja.com.ar\\\/sitio\\\/ulapes-condenaron-a-6-anos-de-prision-a-un-hombre-por-abuso-sexual-de-una-adolescente\\\/\"]}]},{\"@type\":\"ImageObject\",\"inLanguage\":\"es\",\"@id\":\"https:\\\/\\\/laredlarioja.com.ar\\\/sitio\\\/ulapes-condenaron-a-6-anos-de-prision-a-un-hombre-por-abuso-sexual-de-una-adolescente\\\/#primaryimage\",\"url\":\"https:\\\/\\\/laredlarioja.com.ar\\\/sitio\\\/wp-content\\\/uploads\\\/2023\\\/11\\\/abuso-ninos-800x445-1-560x416-1.jpg\",\"contentUrl\":\"https:\\\/\\\/laredlarioja.com.ar\\\/sitio\\\/wp-content\\\/uploads\\\/2023\\\/11\\\/abuso-ninos-800x445-1-560x416-1.jpg\",\"width\":560,\"height\":416},{\"@type\":\"BreadcrumbList\",\"@id\":\"https:\\\/\\\/laredlarioja.com.ar\\\/sitio\\\/ulapes-condenaron-a-6-anos-de-prision-a-un-hombre-por-abuso-sexual-de-una-adolescente\\\/#breadcrumb\",\"itemListElement\":[{\"@type\":\"ListItem\",\"position\":1,\"name\":\"Portada\",\"item\":\"https:\\\/\\\/laredlarioja.com.ar\\\/sitio\\\/\"},{\"@type\":\"ListItem\",\"position\":2,\"name\":\"Ulapes: Condenaron a 6 a\u00f1os de prisi\u00f3n a un hombre por abuso sexual de una adolescente\"}]},{\"@type\":\"WebSite\",\"@id\":\"https:\\\/\\\/laredlarioja.com.ar\\\/sitio\\\/#website\",\"url\":\"https:\\\/\\\/laredlarioja.com.ar\\\/sitio\\\/\",\"name\":\"LA RED 88.3 LA RIOJA\",\"description\":\"Sitio de Noticias\",\"publisher\":{\"@id\":\"https:\\\/\\\/laredlarioja.com.ar\\\/sitio\\\/#organization\"},\"potentialAction\":[{\"@type\":\"SearchAction\",\"target\":{\"@type\":\"EntryPoint\",\"urlTemplate\":\"https:\\\/\\\/laredlarioja.com.ar\\\/sitio\\\/?s={search_term_string}\"},\"query-input\":{\"@type\":\"PropertyValueSpecification\",\"valueRequired\":true,\"valueName\":\"search_term_string\"}}],\"inLanguage\":\"es\"},{\"@type\":\"Organization\",\"@id\":\"https:\\\/\\\/laredlarioja.com.ar\\\/sitio\\\/#organization\",\"name\":\"LA RED 88.3 LA RIOJA\",\"url\":\"https:\\\/\\\/laredlarioja.com.ar\\\/sitio\\\/\",\"logo\":{\"@type\":\"ImageObject\",\"inLanguage\":\"es\",\"@id\":\"https:\\\/\\\/laredlarioja.com.ar\\\/sitio\\\/#\\\/schema\\\/logo\\\/image\\\/\",\"url\":\"https:\\\/\\\/laredlarioja.com.ar\\\/sitio\\\/wp-content\\\/uploads\\\/2025\\\/05\\\/LOGO-LA-RED.png\",\"contentUrl\":\"https:\\\/\\\/laredlarioja.com.ar\\\/sitio\\\/wp-content\\\/uploads\\\/2025\\\/05\\\/LOGO-LA-RED.png\",\"width\":193,\"height\":340,\"caption\":\"LA RED 88.3 LA RIOJA\"},\"image\":{\"@id\":\"https:\\\/\\\/laredlarioja.com.ar\\\/sitio\\\/#\\\/schema\\\/logo\\\/image\\\/\"},\"sameAs\":[\"https:\\\/\\\/www.facebook.com\\\/lared.larioja\",\"https:\\\/\\\/x.com\\\/laredlarioja1\",\"https:\\\/\\\/www.instagram.com\\\/lared_larioja\\\/\"]},{\"@type\":\"Person\",\"@id\":\"https:\\\/\\\/laredlarioja.com.ar\\\/sitio\\\/#\\\/schema\\\/person\\\/31f88059d20c5cf06e974fd895aec56e\",\"name\":\"Anabella Soria\",\"url\":\"https:\\\/\\\/laredlarioja.com.ar\\\/sitio\\\/author\\\/asoria\\\/\"}]}<\/script>\n<!-- \/ Yoast SEO plugin. -->","yoast_head_json":{"title":"Ulapes: Condenaron a 6 a\u00f1os de prisi\u00f3n a un hombre por abuso sexual de una adolescente - LA RED 88.3 LA RIOJA","robots":{"index":"index","follow":"follow","max-snippet":"max-snippet:-1","max-image-preview":"max-image-preview:large","max-video-preview":"max-video-preview:-1"},"canonical":"https:\/\/laredlarioja.com.ar\/sitio\/ulapes-condenaron-a-6-anos-de-prision-a-un-hombre-por-abuso-sexual-de-una-adolescente\/","og_locale":"es_ES","og_type":"article","og_title":"Ulapes: Condenaron a 6 a\u00f1os de prisi\u00f3n a un hombre por abuso sexual de una adolescente - LA RED 88.3 LA RIOJA","og_description":"Poe unanimidad la C\u00e1mara Penal de la Quinta Circunscripci\u00f3n con sede Chepes bajo la Presidencia de la jueza","og_url":"https:\/\/laredlarioja.com.ar\/sitio\/ulapes-condenaron-a-6-anos-de-prision-a-un-hombre-por-abuso-sexual-de-una-adolescente\/","og_site_name":"LA RED 88.3 LA RIOJA","article_publisher":"https:\/\/www.facebook.com\/lared.larioja","article_published_time":"2025-05-13T21:09:01+00:00","article_modified_time":"2025-05-13T21:10:12+00:00","og_image":[{"width":560,"height":416,"url":"https:\/\/laredlarioja.com.ar\/sitio\/wp-content\/uploads\/2023\/11\/abuso-ninos-800x445-1-560x416-1.jpg","type":"image\/jpeg"}],"author":"Anabella Soria","twitter_card":"summary_large_image","twitter_creator":"@laredlarioja1","twitter_site":"@laredlarioja1","twitter_misc":{"Escrito por":"Anabella Soria","Tiempo de lectura":"4 minutos"},"schema":{"@context":"https:\/\/schema.org","@graph":[{"@type":"Article","@id":"https:\/\/laredlarioja.com.ar\/sitio\/ulapes-condenaron-a-6-anos-de-prision-a-un-hombre-por-abuso-sexual-de-una-adolescente\/#article","isPartOf":{"@id":"https:\/\/laredlarioja.com.ar\/sitio\/ulapes-condenaron-a-6-anos-de-prision-a-un-hombre-por-abuso-sexual-de-una-adolescente\/"},"author":{"name":"Anabella Soria","@id":"https:\/\/laredlarioja.com.ar\/sitio\/#\/schema\/person\/31f88059d20c5cf06e974fd895aec56e"},"headline":"Ulapes: Condenaron a 6 a\u00f1os de prisi\u00f3n a un hombre por abuso sexual de una adolescente","datePublished":"2025-05-13T21:09:01+00:00","dateModified":"2025-05-13T21:10:12+00:00","mainEntityOfPage":{"@id":"https:\/\/laredlarioja.com.ar\/sitio\/ulapes-condenaron-a-6-anos-de-prision-a-un-hombre-por-abuso-sexual-de-una-adolescente\/"},"wordCount":844,"publisher":{"@id":"https:\/\/laredlarioja.com.ar\/sitio\/#organization"},"image":{"@id":"https:\/\/laredlarioja.com.ar\/sitio\/ulapes-condenaron-a-6-anos-de-prision-a-un-hombre-por-abuso-sexual-de-una-adolescente\/#primaryimage"},"thumbnailUrl":"https:\/\/laredlarioja.com.ar\/sitio\/wp-content\/uploads\/2023\/11\/abuso-ninos-800x445-1-560x416-1.jpg","keywords":["Secundaria"],"articleSection":["Judiciales"],"inLanguage":"es"},{"@type":"WebPage","@id":"https:\/\/laredlarioja.com.ar\/sitio\/ulapes-condenaron-a-6-anos-de-prision-a-un-hombre-por-abuso-sexual-de-una-adolescente\/","url":"https:\/\/laredlarioja.com.ar\/sitio\/ulapes-condenaron-a-6-anos-de-prision-a-un-hombre-por-abuso-sexual-de-una-adolescente\/","name":"Ulapes: Condenaron a 6 a\u00f1os de prisi\u00f3n a un hombre por abuso sexual de una adolescente - LA RED 88.3 LA RIOJA","isPartOf":{"@id":"https:\/\/laredlarioja.com.ar\/sitio\/#website"},"primaryImageOfPage":{"@id":"https:\/\/laredlarioja.com.ar\/sitio\/ulapes-condenaron-a-6-anos-de-prision-a-un-hombre-por-abuso-sexual-de-una-adolescente\/#primaryimage"},"image":{"@id":"https:\/\/laredlarioja.com.ar\/sitio\/ulapes-condenaron-a-6-anos-de-prision-a-un-hombre-por-abuso-sexual-de-una-adolescente\/#primaryimage"},"thumbnailUrl":"https:\/\/laredlarioja.com.ar\/sitio\/wp-content\/uploads\/2023\/11\/abuso-ninos-800x445-1-560x416-1.jpg","datePublished":"2025-05-13T21:09:01+00:00","dateModified":"2025-05-13T21:10:12+00:00","breadcrumb":{"@id":"https:\/\/laredlarioja.com.ar\/sitio\/ulapes-condenaron-a-6-anos-de-prision-a-un-hombre-por-abuso-sexual-de-una-adolescente\/#breadcrumb"},"inLanguage":"es","potentialAction":[{"@type":"ReadAction","target":["https:\/\/laredlarioja.com.ar\/sitio\/ulapes-condenaron-a-6-anos-de-prision-a-un-hombre-por-abuso-sexual-de-una-adolescente\/"]}]},{"@type":"ImageObject","inLanguage":"es","@id":"https:\/\/laredlarioja.com.ar\/sitio\/ulapes-condenaron-a-6-anos-de-prision-a-un-hombre-por-abuso-sexual-de-una-adolescente\/#primaryimage","url":"https:\/\/laredlarioja.com.ar\/sitio\/wp-content\/uploads\/2023\/11\/abuso-ninos-800x445-1-560x416-1.jpg","contentUrl":"https:\/\/laredlarioja.com.ar\/sitio\/wp-content\/uploads\/2023\/11\/abuso-ninos-800x445-1-560x416-1.jpg","width":560,"height":416},{"@type":"BreadcrumbList","@id":"https:\/\/laredlarioja.com.ar\/sitio\/ulapes-condenaron-a-6-anos-de-prision-a-un-hombre-por-abuso-sexual-de-una-adolescente\/#breadcrumb","itemListElement":[{"@type":"ListItem","position":1,"name":"Portada","item":"https:\/\/laredlarioja.com.ar\/sitio\/"},{"@type":"ListItem","position":2,"name":"Ulapes: Condenaron a 6 a\u00f1os de prisi\u00f3n a un hombre por abuso sexual de una adolescente"}]},{"@type":"WebSite","@id":"https:\/\/laredlarioja.com.ar\/sitio\/#website","url":"https:\/\/laredlarioja.com.ar\/sitio\/","name":"LA RED 88.3 LA RIOJA","description":"Sitio de Noticias","publisher":{"@id":"https:\/\/laredlarioja.com.ar\/sitio\/#organization"},"potentialAction":[{"@type":"SearchAction","target":{"@type":"EntryPoint","urlTemplate":"https:\/\/laredlarioja.com.ar\/sitio\/?s={search_term_string}"},"query-input":{"@type":"PropertyValueSpecification","valueRequired":true,"valueName":"search_term_string"}}],"inLanguage":"es"},{"@type":"Organization","@id":"https:\/\/laredlarioja.com.ar\/sitio\/#organization","name":"LA RED 88.3 LA RIOJA","url":"https:\/\/laredlarioja.com.ar\/sitio\/","logo":{"@type":"ImageObject","inLanguage":"es","@id":"https:\/\/laredlarioja.com.ar\/sitio\/#\/schema\/logo\/image\/","url":"https:\/\/laredlarioja.com.ar\/sitio\/wp-content\/uploads\/2025\/05\/LOGO-LA-RED.png","contentUrl":"https:\/\/laredlarioja.com.ar\/sitio\/wp-content\/uploads\/2025\/05\/LOGO-LA-RED.png","width":193,"height":340,"caption":"LA RED 88.3 LA RIOJA"},"image":{"@id":"https:\/\/laredlarioja.com.ar\/sitio\/#\/schema\/logo\/image\/"},"sameAs":["https:\/\/www.facebook.com\/lared.larioja","https:\/\/x.com\/laredlarioja1","https:\/\/www.instagram.com\/lared_larioja\/"]},{"@type":"Person","@id":"https:\/\/laredlarioja.com.ar\/sitio\/#\/schema\/person\/31f88059d20c5cf06e974fd895aec56e","name":"Anabella Soria","url":"https:\/\/laredlarioja.com.ar\/sitio\/author\/asoria\/"}]}},"featured_image_urls":{"full":["https:\/\/laredlarioja.com.ar\/sitio\/wp-content\/uploads\/2023\/11\/abuso-ninos-800x445-1-560x416-1.jpg",560,416,false],"thumbnail":["https:\/\/laredlarioja.com.ar\/sitio\/wp-content\/uploads\/2023\/11\/abuso-ninos-800x445-1-560x416-1-150x150.jpg",150,150,true],"medium":["https:\/\/laredlarioja.com.ar\/sitio\/wp-content\/uploads\/2023\/11\/abuso-ninos-800x445-1-560x416-1-300x223.jpg",300,223,true],"medium_large":["https:\/\/laredlarioja.com.ar\/sitio\/wp-content\/uploads\/2023\/11\/abuso-ninos-800x445-1-560x416-1.jpg",560,416,false],"large":["https:\/\/laredlarioja.com.ar\/sitio\/wp-content\/uploads\/2023\/11\/abuso-ninos-800x445-1-560x416-1.jpg",560,416,false],"1536x1536":["https:\/\/laredlarioja.com.ar\/sitio\/wp-content\/uploads\/2023\/11\/abuso-ninos-800x445-1-560x416-1.jpg",560,416,false],"2048x2048":["https:\/\/laredlarioja.com.ar\/sitio\/wp-content\/uploads\/2023\/11\/abuso-ninos-800x445-1-560x416-1.jpg",560,416,false],"cvmm-medium":["https:\/\/laredlarioja.com.ar\/sitio\/wp-content\/uploads\/2023\/11\/abuso-ninos-800x445-1-560x416-1-300x300.jpg",300,300,true],"cvmm-medium-plus":["https:\/\/laredlarioja.com.ar\/sitio\/wp-content\/uploads\/2023\/11\/abuso-ninos-800x445-1-560x416-1-305x207.jpg",305,207,true],"cvmm-portrait":["https:\/\/laredlarioja.com.ar\/sitio\/wp-content\/uploads\/2023\/11\/abuso-ninos-800x445-1-560x416-1-400x416.jpg",400,416,true],"cvmm-medium-square":["https:\/\/laredlarioja.com.ar\/sitio\/wp-content\/uploads\/2023\/11\/abuso-ninos-800x445-1-560x416-1.jpg",560,416,false],"cvmm-large":["https:\/\/laredlarioja.com.ar\/sitio\/wp-content\/uploads\/2023\/11\/abuso-ninos-800x445-1-560x416-1.jpg",560,416,false],"cvmm-small":["https:\/\/laredlarioja.com.ar\/sitio\/wp-content\/uploads\/2023\/11\/abuso-ninos-800x445-1-560x416-1-130x95.jpg",130,95,true],"morenews-large":["https:\/\/laredlarioja.com.ar\/sitio\/wp-content\/uploads\/2023\/11\/abuso-ninos-800x445-1-560x416-1.jpg",560,416,false],"morenews-medium":["https:\/\/laredlarioja.com.ar\/sitio\/wp-content\/uploads\/2023\/11\/abuso-ninos-800x445-1-560x416-1-560x410.jpg",560,410,true]},"author_info":{"display_name":"Anabella Soria","author_link":"https:\/\/laredlarioja.com.ar\/sitio\/author\/asoria\/"},"category_info":"<a href=\"https:\/\/laredlarioja.com.ar\/sitio\/categorias\/judiciales\/\" rel=\"category tag\">Judiciales<\/a>","tag_info":"Judiciales","comment_count":"0","blog_post_layout_featured_media_urls":{"thumbnail":["https:\/\/laredlarioja.com.ar\/sitio\/wp-content\/uploads\/2023\/11\/abuso-ninos-800x445-1-560x416-1-150x150.jpg",150,150,true],"full":["https:\/\/laredlarioja.com.ar\/sitio\/wp-content\/uploads\/2023\/11\/abuso-ninos-800x445-1-560x416-1.jpg",560,416,false]},"categories_names":{"91":{"name":"Judiciales","link":"https:\/\/laredlarioja.com.ar\/sitio\/categorias\/judiciales\/"}},"tags_names":{"84":{"name":"Secundaria","link":"https:\/\/laredlarioja.com.ar\/sitio\/etiquetas\/secundaria\/"}},"comments_number":"0","wpmagazine_modules_lite_featured_media_urls":{"thumbnail":["https:\/\/laredlarioja.com.ar\/sitio\/wp-content\/uploads\/2023\/11\/abuso-ninos-800x445-1-560x416-1-150x150.jpg",150,150,true],"cvmm-medium":["https:\/\/laredlarioja.com.ar\/sitio\/wp-content\/uploads\/2023\/11\/abuso-ninos-800x445-1-560x416-1-300x300.jpg",300,300,true],"cvmm-medium-plus":["https:\/\/laredlarioja.com.ar\/sitio\/wp-content\/uploads\/2023\/11\/abuso-ninos-800x445-1-560x416-1-305x207.jpg",305,207,true],"cvmm-portrait":["https:\/\/laredlarioja.com.ar\/sitio\/wp-content\/uploads\/2023\/11\/abuso-ninos-800x445-1-560x416-1-400x416.jpg",400,416,true],"cvmm-medium-square":["https:\/\/laredlarioja.com.ar\/sitio\/wp-content\/uploads\/2023\/11\/abuso-ninos-800x445-1-560x416-1.jpg",560,416,false],"cvmm-large":["https:\/\/laredlarioja.com.ar\/sitio\/wp-content\/uploads\/2023\/11\/abuso-ninos-800x445-1-560x416-1.jpg",560,416,false],"cvmm-small":["https:\/\/laredlarioja.com.ar\/sitio\/wp-content\/uploads\/2023\/11\/abuso-ninos-800x445-1-560x416-1-130x95.jpg",130,95,true],"full":["https:\/\/laredlarioja.com.ar\/sitio\/wp-content\/uploads\/2023\/11\/abuso-ninos-800x445-1-560x416-1.jpg",560,416,false]},"_links":{"self":[{"href":"https:\/\/laredlarioja.com.ar\/sitio\/wp-json\/wp\/v2\/posts\/61811","targetHints":{"allow":["GET"]}}],"collection":[{"href":"https:\/\/laredlarioja.com.ar\/sitio\/wp-json\/wp\/v2\/posts"}],"about":[{"href":"https:\/\/laredlarioja.com.ar\/sitio\/wp-json\/wp\/v2\/types\/post"}],"author":[{"embeddable":true,"href":"https:\/\/laredlarioja.com.ar\/sitio\/wp-json\/wp\/v2\/users\/7"}],"replies":[{"embeddable":true,"href":"https:\/\/laredlarioja.com.ar\/sitio\/wp-json\/wp\/v2\/comments?post=61811"}],"version-history":[{"count":1,"href":"https:\/\/laredlarioja.com.ar\/sitio\/wp-json\/wp\/v2\/posts\/61811\/revisions"}],"predecessor-version":[{"id":61812,"href":"https:\/\/laredlarioja.com.ar\/sitio\/wp-json\/wp\/v2\/posts\/61811\/revisions\/61812"}],"wp:featuredmedia":[{"embeddable":true,"href":"https:\/\/laredlarioja.com.ar\/sitio\/wp-json\/wp\/v2\/media\/38643"}],"wp:attachment":[{"href":"https:\/\/laredlarioja.com.ar\/sitio\/wp-json\/wp\/v2\/media?parent=61811"}],"wp:term":[{"taxonomy":"category","embeddable":true,"href":"https:\/\/laredlarioja.com.ar\/sitio\/wp-json\/wp\/v2\/categories?post=61811"},{"taxonomy":"post_tag","embeddable":true,"href":"https:\/\/laredlarioja.com.ar\/sitio\/wp-json\/wp\/v2\/tags?post=61811"}],"curies":[{"name":"wp","href":"https:\/\/api.w.org\/{rel}","templated":true}]}}