{"id":62130,"date":"2025-05-20T21:36:38","date_gmt":"2025-05-20T21:36:38","guid":{"rendered":"https:\/\/laredlarioja.com.ar\/sitio\/?p=62130"},"modified":"2025-05-21T21:59:40","modified_gmt":"2025-05-21T21:59:40","slug":"la-rioja-registra-casos-evitables-por-el-sindrome-uremico-hemolitico","status":"publish","type":"post","link":"https:\/\/laredlarioja.com.ar\/sitio\/la-rioja-registra-casos-evitables-por-el-sindrome-uremico-hemolitico\/","title":{"rendered":"La Rioja registra casos evitables por el s\u00edndrome Ur\u00e9mico Hemol\u00edtico"},"content":{"rendered":"<p>El reconocido pediatra Salom\u00f3n Danon, (MP 885), encendi\u00f3 la alarma sobre el S\u00edndrome Ur\u00e9mico Hemol\u00edtico (SUH) en la provincia de La Rioja. Aunque la incidencia local es baja en comparaci\u00f3n con provincias como Buenos Aires, C\u00f3rdoba y Santa Fe, donde se concentra la mayor\u00eda de los casos a nivel nacional, Danon advierte que en La Rioja cada a\u00f1o se presentan uno o dos casos que podr\u00edan evitarse con prevenci\u00f3n y conciencia.<\/p>\n<p><strong>\u201cEl riesgo est\u00e1 presente. El problema es no detectar a tiempo y no aplicar las medidas preventivas b\u00e1sicas: buena cocci\u00f3n de los alimentos, higiene adecuada de manos y utensilios, y una correcta manipulaci\u00f3n de la carne cruda<\/strong>\u201d, enfatiz\u00f3 el especialista.<\/p>\n<p>Danon record\u00f3 que en Argentina existe una alta contaminaci\u00f3n del ganado vacuno con la bacteria Escherichia coli, principal causante del SUH. Por eso, uno de los focos de mayor riesgo es el consumo de carne picada.<\/p>\n<p>\u201cEl consejo de los pediatras es claro: la carne debe ser molida en el momento, a la vista del cliente. No debe estar en exhibici\u00f3n. Apenas sale de la heladera y entra en contacto con el ambiente, especialmente con nuestras altas temperaturas, comienza a alterarse y a representar un peligro\u201d, explic\u00f3.<\/p>\n<p>Tambi\u00e9n cuestion\u00f3 pr\u00e1cticas alimentarias extendidas en otras regiones: \u201cEn Buenos Aires, muchas veces se consume carne poco cocida, con el interior a\u00fan rojo. Esa costumbre es una de las razones por las que all\u00e1 los casos son mucho m\u00e1s numerosos que ac\u00e1\u201d.<\/p>\n<p>Para finalizar, Danon hizo un llamado a las familias: cocinar completamente la carne, extremar la limpieza en la cocina y evitar la contaminaci\u00f3n cruzada son pasos esenciales para proteger a los m\u00e1s chicos, principales v\u00edctimas del SUH.<\/p>\n","protected":false},"excerpt":{"rendered":"<p>El reconocido pediatra Salom\u00f3n Danon, (MP 885), encendi\u00f3 la alarma sobre el S\u00edndrome Ur\u00e9mico Hemol\u00edtico (SUH) en la<\/p>\n","protected":false},"author":7,"featured_media":62135,"comment_status":"closed","ping_status":"open","sticky":false,"template":"","format":"standard","meta":{"footnotes":""},"categories":[24],"tags":[],"class_list":["post-62130","post","type-post","status-publish","format-standard","has-post-thumbnail","hentry","category-informacion-general"],"yoast_head":"<!-- This site is optimized with the Yoast SEO plugin v27.4 - https:\/\/yoast.com\/product\/yoast-seo-wordpress\/ -->\n<title>La Rioja registra casos evitables por el s\u00edndrome Ur\u00e9mico Hemol\u00edtico - LA RED 88.3 LA RIOJA<\/title>\n<meta name=\"robots\" content=\"index, follow, max-snippet:-1, max-image-preview:large, max-video-preview:-1\" \/>\n<link rel=\"canonical\" href=\"https:\/\/laredlarioja.com.ar\/sitio\/la-rioja-registra-casos-evitables-por-el-sindrome-uremico-hemolitico\/\" \/>\n<meta property=\"og:locale\" content=\"es_ES\" \/>\n<meta property=\"og:type\" content=\"article\" \/>\n<meta property=\"og:title\" content=\"La Rioja registra casos evitables por el s\u00edndrome Ur\u00e9mico Hemol\u00edtico - LA RED 88.3 LA RIOJA\" \/>\n<meta property=\"og:description\" content=\"El reconocido pediatra Salom\u00f3n Danon, (MP 885), encendi\u00f3 la alarma sobre el S\u00edndrome Ur\u00e9mico Hemol\u00edtico (SUH) en la\" \/>\n<meta property=\"og:url\" content=\"https:\/\/laredlarioja.com.ar\/sitio\/la-rioja-registra-casos-evitables-por-el-sindrome-uremico-hemolitico\/\" \/>\n<meta property=\"og:site_name\" content=\"LA RED 88.3 LA RIOJA\" \/>\n<meta property=\"article:publisher\" content=\"https:\/\/www.facebook.com\/lared.larioja\" \/>\n<meta property=\"article:published_time\" content=\"2025-05-20T21:36:38+00:00\" \/>\n<meta property=\"article:modified_time\" content=\"2025-05-21T21:59:40+00:00\" \/>\n<meta property=\"og:image\" content=\"https:\/\/laredlarioja.com.ar\/sitio\/wp-content\/uploads\/2025\/05\/sindrome.jpg\" \/>\n\t<meta property=\"og:image:width\" content=\"1200\" \/>\n\t<meta property=\"og:image:height\" content=\"600\" \/>\n\t<meta property=\"og:image:type\" content=\"image\/jpeg\" \/>\n<meta name=\"author\" content=\"Anabella Soria\" \/>\n<meta name=\"twitter:card\" content=\"summary_large_image\" \/>\n<meta name=\"twitter:creator\" content=\"@laredlarioja1\" \/>\n<meta name=\"twitter:site\" content=\"@laredlarioja1\" \/>\n<meta name=\"twitter:label1\" content=\"Escrito por\" \/>\n\t<meta name=\"twitter:data1\" content=\"Anabella Soria\" \/>\n\t<meta name=\"twitter:label2\" content=\"Tiempo de lectura\" \/>\n\t<meta name=\"twitter:data2\" content=\"2 minutos\" \/>\n<script type=\"application\/ld+json\" class=\"yoast-schema-graph\">{\"@context\":\"https:\\\/\\\/schema.org\",\"@graph\":[{\"@type\":\"Article\",\"@id\":\"https:\\\/\\\/laredlarioja.com.ar\\\/sitio\\\/la-rioja-registra-casos-evitables-por-el-sindrome-uremico-hemolitico\\\/#article\",\"isPartOf\":{\"@id\":\"https:\\\/\\\/laredlarioja.com.ar\\\/sitio\\\/la-rioja-registra-casos-evitables-por-el-sindrome-uremico-hemolitico\\\/\"},\"author\":{\"name\":\"Anabella Soria\",\"@id\":\"https:\\\/\\\/laredlarioja.com.ar\\\/sitio\\\/#\\\/schema\\\/person\\\/31f88059d20c5cf06e974fd895aec56e\"},\"headline\":\"La Rioja registra casos evitables por el s\u00edndrome Ur\u00e9mico Hemol\u00edtico\",\"datePublished\":\"2025-05-20T21:36:38+00:00\",\"dateModified\":\"2025-05-21T21:59:40+00:00\",\"mainEntityOfPage\":{\"@id\":\"https:\\\/\\\/laredlarioja.com.ar\\\/sitio\\\/la-rioja-registra-casos-evitables-por-el-sindrome-uremico-hemolitico\\\/\"},\"wordCount\":311,\"publisher\":{\"@id\":\"https:\\\/\\\/laredlarioja.com.ar\\\/sitio\\\/#organization\"},\"image\":{\"@id\":\"https:\\\/\\\/laredlarioja.com.ar\\\/sitio\\\/la-rioja-registra-casos-evitables-por-el-sindrome-uremico-hemolitico\\\/#primaryimage\"},\"thumbnailUrl\":\"https:\\\/\\\/laredlarioja.com.ar\\\/sitio\\\/wp-content\\\/uploads\\\/2025\\\/05\\\/sindrome.jpg\",\"articleSection\":[\"Informaci\u00f3n General\"],\"inLanguage\":\"es\"},{\"@type\":\"WebPage\",\"@id\":\"https:\\\/\\\/laredlarioja.com.ar\\\/sitio\\\/la-rioja-registra-casos-evitables-por-el-sindrome-uremico-hemolitico\\\/\",\"url\":\"https:\\\/\\\/laredlarioja.com.ar\\\/sitio\\\/la-rioja-registra-casos-evitables-por-el-sindrome-uremico-hemolitico\\\/\",\"name\":\"La Rioja registra casos evitables por el s\u00edndrome Ur\u00e9mico Hemol\u00edtico - LA RED 88.3 LA RIOJA\",\"isPartOf\":{\"@id\":\"https:\\\/\\\/laredlarioja.com.ar\\\/sitio\\\/#website\"},\"primaryImageOfPage\":{\"@id\":\"https:\\\/\\\/laredlarioja.com.ar\\\/sitio\\\/la-rioja-registra-casos-evitables-por-el-sindrome-uremico-hemolitico\\\/#primaryimage\"},\"image\":{\"@id\":\"https:\\\/\\\/laredlarioja.com.ar\\\/sitio\\\/la-rioja-registra-casos-evitables-por-el-sindrome-uremico-hemolitico\\\/#primaryimage\"},\"thumbnailUrl\":\"https:\\\/\\\/laredlarioja.com.ar\\\/sitio\\\/wp-content\\\/uploads\\\/2025\\\/05\\\/sindrome.jpg\",\"datePublished\":\"2025-05-20T21:36:38+00:00\",\"dateModified\":\"2025-05-21T21:59:40+00:00\",\"breadcrumb\":{\"@id\":\"https:\\\/\\\/laredlarioja.com.ar\\\/sitio\\\/la-rioja-registra-casos-evitables-por-el-sindrome-uremico-hemolitico\\\/#breadcrumb\"},\"inLanguage\":\"es\",\"potentialAction\":[{\"@type\":\"ReadAction\",\"target\":[\"https:\\\/\\\/laredlarioja.com.ar\\\/sitio\\\/la-rioja-registra-casos-evitables-por-el-sindrome-uremico-hemolitico\\\/\"]}]},{\"@type\":\"ImageObject\",\"inLanguage\":\"es\",\"@id\":\"https:\\\/\\\/laredlarioja.com.ar\\\/sitio\\\/la-rioja-registra-casos-evitables-por-el-sindrome-uremico-hemolitico\\\/#primaryimage\",\"url\":\"https:\\\/\\\/laredlarioja.com.ar\\\/sitio\\\/wp-content\\\/uploads\\\/2025\\\/05\\\/sindrome.jpg\",\"contentUrl\":\"https:\\\/\\\/laredlarioja.com.ar\\\/sitio\\\/wp-content\\\/uploads\\\/2025\\\/05\\\/sindrome.jpg\",\"width\":1200,\"height\":600},{\"@type\":\"BreadcrumbList\",\"@id\":\"https:\\\/\\\/laredlarioja.com.ar\\\/sitio\\\/la-rioja-registra-casos-evitables-por-el-sindrome-uremico-hemolitico\\\/#breadcrumb\",\"itemListElement\":[{\"@type\":\"ListItem\",\"position\":1,\"name\":\"Portada\",\"item\":\"https:\\\/\\\/laredlarioja.com.ar\\\/sitio\\\/\"},{\"@type\":\"ListItem\",\"position\":2,\"name\":\"La Rioja registra casos evitables por el s\u00edndrome Ur\u00e9mico Hemol\u00edtico\"}]},{\"@type\":\"WebSite\",\"@id\":\"https:\\\/\\\/laredlarioja.com.ar\\\/sitio\\\/#website\",\"url\":\"https:\\\/\\\/laredlarioja.com.ar\\\/sitio\\\/\",\"name\":\"LA RED 88.3 LA RIOJA\",\"description\":\"Sitio de Noticias\",\"publisher\":{\"@id\":\"https:\\\/\\\/laredlarioja.com.ar\\\/sitio\\\/#organization\"},\"potentialAction\":[{\"@type\":\"SearchAction\",\"target\":{\"@type\":\"EntryPoint\",\"urlTemplate\":\"https:\\\/\\\/laredlarioja.com.ar\\\/sitio\\\/?s={search_term_string}\"},\"query-input\":{\"@type\":\"PropertyValueSpecification\",\"valueRequired\":true,\"valueName\":\"search_term_string\"}}],\"inLanguage\":\"es\"},{\"@type\":\"Organization\",\"@id\":\"https:\\\/\\\/laredlarioja.com.ar\\\/sitio\\\/#organization\",\"name\":\"LA RED 88.3 LA RIOJA\",\"url\":\"https:\\\/\\\/laredlarioja.com.ar\\\/sitio\\\/\",\"logo\":{\"@type\":\"ImageObject\",\"inLanguage\":\"es\",\"@id\":\"https:\\\/\\\/laredlarioja.com.ar\\\/sitio\\\/#\\\/schema\\\/logo\\\/image\\\/\",\"url\":\"https:\\\/\\\/laredlarioja.com.ar\\\/sitio\\\/wp-content\\\/uploads\\\/2025\\\/05\\\/LOGO-LA-RED.png\",\"contentUrl\":\"https:\\\/\\\/laredlarioja.com.ar\\\/sitio\\\/wp-content\\\/uploads\\\/2025\\\/05\\\/LOGO-LA-RED.png\",\"width\":193,\"height\":340,\"caption\":\"LA RED 88.3 LA RIOJA\"},\"image\":{\"@id\":\"https:\\\/\\\/laredlarioja.com.ar\\\/sitio\\\/#\\\/schema\\\/logo\\\/image\\\/\"},\"sameAs\":[\"https:\\\/\\\/www.facebook.com\\\/lared.larioja\",\"https:\\\/\\\/x.com\\\/laredlarioja1\",\"https:\\\/\\\/www.instagram.com\\\/lared_larioja\\\/\"]},{\"@type\":\"Person\",\"@id\":\"https:\\\/\\\/laredlarioja.com.ar\\\/sitio\\\/#\\\/schema\\\/person\\\/31f88059d20c5cf06e974fd895aec56e\",\"name\":\"Anabella Soria\",\"url\":\"https:\\\/\\\/laredlarioja.com.ar\\\/sitio\\\/author\\\/asoria\\\/\"}]}<\/script>\n<!-- \/ Yoast SEO plugin. -->","yoast_head_json":{"title":"La Rioja registra casos evitables por el s\u00edndrome Ur\u00e9mico Hemol\u00edtico - LA RED 88.3 LA RIOJA","robots":{"index":"index","follow":"follow","max-snippet":"max-snippet:-1","max-image-preview":"max-image-preview:large","max-video-preview":"max-video-preview:-1"},"canonical":"https:\/\/laredlarioja.com.ar\/sitio\/la-rioja-registra-casos-evitables-por-el-sindrome-uremico-hemolitico\/","og_locale":"es_ES","og_type":"article","og_title":"La Rioja registra casos evitables por el s\u00edndrome Ur\u00e9mico Hemol\u00edtico - LA RED 88.3 LA RIOJA","og_description":"El reconocido pediatra Salom\u00f3n Danon, (MP 885), encendi\u00f3 la alarma sobre el S\u00edndrome Ur\u00e9mico Hemol\u00edtico (SUH) en la","og_url":"https:\/\/laredlarioja.com.ar\/sitio\/la-rioja-registra-casos-evitables-por-el-sindrome-uremico-hemolitico\/","og_site_name":"LA RED 88.3 LA RIOJA","article_publisher":"https:\/\/www.facebook.com\/lared.larioja","article_published_time":"2025-05-20T21:36:38+00:00","article_modified_time":"2025-05-21T21:59:40+00:00","og_image":[{"width":1200,"height":600,"url":"https:\/\/laredlarioja.com.ar\/sitio\/wp-content\/uploads\/2025\/05\/sindrome.jpg","type":"image\/jpeg"}],"author":"Anabella Soria","twitter_card":"summary_large_image","twitter_creator":"@laredlarioja1","twitter_site":"@laredlarioja1","twitter_misc":{"Escrito por":"Anabella Soria","Tiempo de lectura":"2 minutos"},"schema":{"@context":"https:\/\/schema.org","@graph":[{"@type":"Article","@id":"https:\/\/laredlarioja.com.ar\/sitio\/la-rioja-registra-casos-evitables-por-el-sindrome-uremico-hemolitico\/#article","isPartOf":{"@id":"https:\/\/laredlarioja.com.ar\/sitio\/la-rioja-registra-casos-evitables-por-el-sindrome-uremico-hemolitico\/"},"author":{"name":"Anabella Soria","@id":"https:\/\/laredlarioja.com.ar\/sitio\/#\/schema\/person\/31f88059d20c5cf06e974fd895aec56e"},"headline":"La Rioja registra casos evitables por el s\u00edndrome Ur\u00e9mico Hemol\u00edtico","datePublished":"2025-05-20T21:36:38+00:00","dateModified":"2025-05-21T21:59:40+00:00","mainEntityOfPage":{"@id":"https:\/\/laredlarioja.com.ar\/sitio\/la-rioja-registra-casos-evitables-por-el-sindrome-uremico-hemolitico\/"},"wordCount":311,"publisher":{"@id":"https:\/\/laredlarioja.com.ar\/sitio\/#organization"},"image":{"@id":"https:\/\/laredlarioja.com.ar\/sitio\/la-rioja-registra-casos-evitables-por-el-sindrome-uremico-hemolitico\/#primaryimage"},"thumbnailUrl":"https:\/\/laredlarioja.com.ar\/sitio\/wp-content\/uploads\/2025\/05\/sindrome.jpg","articleSection":["Informaci\u00f3n General"],"inLanguage":"es"},{"@type":"WebPage","@id":"https:\/\/laredlarioja.com.ar\/sitio\/la-rioja-registra-casos-evitables-por-el-sindrome-uremico-hemolitico\/","url":"https:\/\/laredlarioja.com.ar\/sitio\/la-rioja-registra-casos-evitables-por-el-sindrome-uremico-hemolitico\/","name":"La Rioja registra casos evitables por el s\u00edndrome Ur\u00e9mico Hemol\u00edtico - LA RED 88.3 LA RIOJA","isPartOf":{"@id":"https:\/\/laredlarioja.com.ar\/sitio\/#website"},"primaryImageOfPage":{"@id":"https:\/\/laredlarioja.com.ar\/sitio\/la-rioja-registra-casos-evitables-por-el-sindrome-uremico-hemolitico\/#primaryimage"},"image":{"@id":"https:\/\/laredlarioja.com.ar\/sitio\/la-rioja-registra-casos-evitables-por-el-sindrome-uremico-hemolitico\/#primaryimage"},"thumbnailUrl":"https:\/\/laredlarioja.com.ar\/sitio\/wp-content\/uploads\/2025\/05\/sindrome.jpg","datePublished":"2025-05-20T21:36:38+00:00","dateModified":"2025-05-21T21:59:40+00:00","breadcrumb":{"@id":"https:\/\/laredlarioja.com.ar\/sitio\/la-rioja-registra-casos-evitables-por-el-sindrome-uremico-hemolitico\/#breadcrumb"},"inLanguage":"es","potentialAction":[{"@type":"ReadAction","target":["https:\/\/laredlarioja.com.ar\/sitio\/la-rioja-registra-casos-evitables-por-el-sindrome-uremico-hemolitico\/"]}]},{"@type":"ImageObject","inLanguage":"es","@id":"https:\/\/laredlarioja.com.ar\/sitio\/la-rioja-registra-casos-evitables-por-el-sindrome-uremico-hemolitico\/#primaryimage","url":"https:\/\/laredlarioja.com.ar\/sitio\/wp-content\/uploads\/2025\/05\/sindrome.jpg","contentUrl":"https:\/\/laredlarioja.com.ar\/sitio\/wp-content\/uploads\/2025\/05\/sindrome.jpg","width":1200,"height":600},{"@type":"BreadcrumbList","@id":"https:\/\/laredlarioja.com.ar\/sitio\/la-rioja-registra-casos-evitables-por-el-sindrome-uremico-hemolitico\/#breadcrumb","itemListElement":[{"@type":"ListItem","position":1,"name":"Portada","item":"https:\/\/laredlarioja.com.ar\/sitio\/"},{"@type":"ListItem","position":2,"name":"La Rioja registra casos evitables por el s\u00edndrome Ur\u00e9mico Hemol\u00edtico"}]},{"@type":"WebSite","@id":"https:\/\/laredlarioja.com.ar\/sitio\/#website","url":"https:\/\/laredlarioja.com.ar\/sitio\/","name":"LA RED 88.3 LA RIOJA","description":"Sitio de Noticias","publisher":{"@id":"https:\/\/laredlarioja.com.ar\/sitio\/#organization"},"potentialAction":[{"@type":"SearchAction","target":{"@type":"EntryPoint","urlTemplate":"https:\/\/laredlarioja.com.ar\/sitio\/?s={search_term_string}"},"query-input":{"@type":"PropertyValueSpecification","valueRequired":true,"valueName":"search_term_string"}}],"inLanguage":"es"},{"@type":"Organization","@id":"https:\/\/laredlarioja.com.ar\/sitio\/#organization","name":"LA RED 88.3 LA RIOJA","url":"https:\/\/laredlarioja.com.ar\/sitio\/","logo":{"@type":"ImageObject","inLanguage":"es","@id":"https:\/\/laredlarioja.com.ar\/sitio\/#\/schema\/logo\/image\/","url":"https:\/\/laredlarioja.com.ar\/sitio\/wp-content\/uploads\/2025\/05\/LOGO-LA-RED.png","contentUrl":"https:\/\/laredlarioja.com.ar\/sitio\/wp-content\/uploads\/2025\/05\/LOGO-LA-RED.png","width":193,"height":340,"caption":"LA RED 88.3 LA RIOJA"},"image":{"@id":"https:\/\/laredlarioja.com.ar\/sitio\/#\/schema\/logo\/image\/"},"sameAs":["https:\/\/www.facebook.com\/lared.larioja","https:\/\/x.com\/laredlarioja1","https:\/\/www.instagram.com\/lared_larioja\/"]},{"@type":"Person","@id":"https:\/\/laredlarioja.com.ar\/sitio\/#\/schema\/person\/31f88059d20c5cf06e974fd895aec56e","name":"Anabella Soria","url":"https:\/\/laredlarioja.com.ar\/sitio\/author\/asoria\/"}]}},"featured_image_urls":{"full":["https:\/\/laredlarioja.com.ar\/sitio\/wp-content\/uploads\/2025\/05\/sindrome.jpg",1200,600,false],"thumbnail":["https:\/\/laredlarioja.com.ar\/sitio\/wp-content\/uploads\/2025\/05\/sindrome-150x150.jpg",150,150,true],"medium":["https:\/\/laredlarioja.com.ar\/sitio\/wp-content\/uploads\/2025\/05\/sindrome-300x150.jpg",300,150,true],"medium_large":["https:\/\/laredlarioja.com.ar\/sitio\/wp-content\/uploads\/2025\/05\/sindrome-768x384.jpg",640,320,true],"large":["https:\/\/laredlarioja.com.ar\/sitio\/wp-content\/uploads\/2025\/05\/sindrome-1024x512.jpg",640,320,true],"1536x1536":["https:\/\/laredlarioja.com.ar\/sitio\/wp-content\/uploads\/2025\/05\/sindrome.jpg",1200,600,false],"2048x2048":["https:\/\/laredlarioja.com.ar\/sitio\/wp-content\/uploads\/2025\/05\/sindrome.jpg",1200,600,false],"cvmm-medium":["https:\/\/laredlarioja.com.ar\/sitio\/wp-content\/uploads\/2025\/05\/sindrome-300x300.jpg",300,300,true],"cvmm-medium-plus":["https:\/\/laredlarioja.com.ar\/sitio\/wp-content\/uploads\/2025\/05\/sindrome-305x207.jpg",305,207,true],"cvmm-portrait":["https:\/\/laredlarioja.com.ar\/sitio\/wp-content\/uploads\/2025\/05\/sindrome-400x600.jpg",400,600,true],"cvmm-medium-square":["https:\/\/laredlarioja.com.ar\/sitio\/wp-content\/uploads\/2025\/05\/sindrome-600x600.jpg",600,600,true],"cvmm-large":["https:\/\/laredlarioja.com.ar\/sitio\/wp-content\/uploads\/2025\/05\/sindrome-1024x600.jpg",1024,600,true],"cvmm-small":["https:\/\/laredlarioja.com.ar\/sitio\/wp-content\/uploads\/2025\/05\/sindrome-130x95.jpg",130,95,true],"morenews-large":["https:\/\/laredlarioja.com.ar\/sitio\/wp-content\/uploads\/2025\/05\/sindrome-825x575.jpg",825,575,true],"morenews-medium":["https:\/\/laredlarioja.com.ar\/sitio\/wp-content\/uploads\/2025\/05\/sindrome-590x410.jpg",590,410,true]},"author_info":{"display_name":"Anabella Soria","author_link":"https:\/\/laredlarioja.com.ar\/sitio\/author\/asoria\/"},"category_info":"<a href=\"https:\/\/laredlarioja.com.ar\/sitio\/categorias\/informacion-general\/\" rel=\"category tag\">Informaci\u00f3n General<\/a>","tag_info":"Informaci\u00f3n General","comment_count":"0","blog_post_layout_featured_media_urls":{"thumbnail":["https:\/\/laredlarioja.com.ar\/sitio\/wp-content\/uploads\/2025\/05\/sindrome-150x150.jpg",150,150,true],"full":["https:\/\/laredlarioja.com.ar\/sitio\/wp-content\/uploads\/2025\/05\/sindrome.jpg",1200,600,false]},"categories_names":{"24":{"name":"Informaci\u00f3n General","link":"https:\/\/laredlarioja.com.ar\/sitio\/categorias\/informacion-general\/"}},"tags_names":[],"comments_number":"0","wpmagazine_modules_lite_featured_media_urls":{"thumbnail":["https:\/\/laredlarioja.com.ar\/sitio\/wp-content\/uploads\/2025\/05\/sindrome-150x150.jpg",150,150,true],"cvmm-medium":["https:\/\/laredlarioja.com.ar\/sitio\/wp-content\/uploads\/2025\/05\/sindrome-300x300.jpg",300,300,true],"cvmm-medium-plus":["https:\/\/laredlarioja.com.ar\/sitio\/wp-content\/uploads\/2025\/05\/sindrome-305x207.jpg",305,207,true],"cvmm-portrait":["https:\/\/laredlarioja.com.ar\/sitio\/wp-content\/uploads\/2025\/05\/sindrome-400x600.jpg",400,600,true],"cvmm-medium-square":["https:\/\/laredlarioja.com.ar\/sitio\/wp-content\/uploads\/2025\/05\/sindrome-600x600.jpg",600,600,true],"cvmm-large":["https:\/\/laredlarioja.com.ar\/sitio\/wp-content\/uploads\/2025\/05\/sindrome-1024x600.jpg",1024,600,true],"cvmm-small":["https:\/\/laredlarioja.com.ar\/sitio\/wp-content\/uploads\/2025\/05\/sindrome-130x95.jpg",130,95,true],"full":["https:\/\/laredlarioja.com.ar\/sitio\/wp-content\/uploads\/2025\/05\/sindrome.jpg",1200,600,false]},"_links":{"self":[{"href":"https:\/\/laredlarioja.com.ar\/sitio\/wp-json\/wp\/v2\/posts\/62130","targetHints":{"allow":["GET"]}}],"collection":[{"href":"https:\/\/laredlarioja.com.ar\/sitio\/wp-json\/wp\/v2\/posts"}],"about":[{"href":"https:\/\/laredlarioja.com.ar\/sitio\/wp-json\/wp\/v2\/types\/post"}],"author":[{"embeddable":true,"href":"https:\/\/laredlarioja.com.ar\/sitio\/wp-json\/wp\/v2\/users\/7"}],"replies":[{"embeddable":true,"href":"https:\/\/laredlarioja.com.ar\/sitio\/wp-json\/wp\/v2\/comments?post=62130"}],"version-history":[{"count":3,"href":"https:\/\/laredlarioja.com.ar\/sitio\/wp-json\/wp\/v2\/posts\/62130\/revisions"}],"predecessor-version":[{"id":62161,"href":"https:\/\/laredlarioja.com.ar\/sitio\/wp-json\/wp\/v2\/posts\/62130\/revisions\/62161"}],"wp:featuredmedia":[{"embeddable":true,"href":"https:\/\/laredlarioja.com.ar\/sitio\/wp-json\/wp\/v2\/media\/62135"}],"wp:attachment":[{"href":"https:\/\/laredlarioja.com.ar\/sitio\/wp-json\/wp\/v2\/media?parent=62130"}],"wp:term":[{"taxonomy":"category","embeddable":true,"href":"https:\/\/laredlarioja.com.ar\/sitio\/wp-json\/wp\/v2\/categories?post=62130"},{"taxonomy":"post_tag","embeddable":true,"href":"https:\/\/laredlarioja.com.ar\/sitio\/wp-json\/wp\/v2\/tags?post=62130"}],"curies":[{"name":"wp","href":"https:\/\/api.w.org\/{rel}","templated":true}]}}